{"id":12565,"date":"2026-03-10T08:20:00","date_gmt":"2026-03-10T08:20:00","guid":{"rendered":"https:\/\/automotiverevista.pt\/?p=12565"},"modified":"2026-03-01T19:12:48","modified_gmt":"2026-03-01T19:12:48","slug":"valeo-mantem-europa-no-centro-do-investimento","status":"publish","type":"post","link":"https:\/\/automotiverevista.pt\/index.php\/2026\/03\/10\/valeo-mantem-europa-no-centro-do-investimento\/","title":{"rendered":"Valeo mant\u00e9m Europa no centro do investimento"},"content":{"rendered":"\n<p>A <a href=\"https:\/\/automotiverevista.pt\/index.php\/2025\/12\/23\/valeo-service-conquista-premio-remanufatura-de-pecas-2025\/\" id=\"https:\/\/automotiverevista.pt\/index.php\/2025\/12\/23\/valeo-service-conquista-premio-remanufatura-de-pecas-2025\/\">Valeo <\/a>tem em Bobigny, perto de Paris, um dos maiores centros de Investiga\u00e7\u00e3o e Desenvolvimento (I&amp;D) dedicados \u00e0 ilumina\u00e7\u00e3o para o primeiro equipamento autom\u00f3vel (OEM). Aqui, cerca de 480 colaboradores de 36 nacionalidades imaginam, concebem e desenvolvem as tecnologias de ilumina\u00e7\u00e3o dos modelos autom\u00f3veis que chegar\u00e3o ao mercado nos pr\u00f3ximos meses e anos.<\/p>\n\n\n\n<p>A equipa \u00e9 composta engenheiros especializados em \u00f3tica, qu\u00edmica, materiais, eletromagnetismo, prototipagem, simula\u00e7\u00e3o, ensaios e valida\u00e7\u00e3o. Atrav\u00e9s deles, a Valeo desenvolve sistemas de ilumina\u00e7\u00e3o, tanto exteriores como interiores, que melhoram a seguran\u00e7a rodovi\u00e1ria, o estilo, o desempenho, o conforto e a personaliza\u00e7\u00e3o dos autom\u00f3veis, enquanto reduzem o seu impacto ambiental.<\/p>\n\n\n\n<p>Sendo a Valeo a refer\u00eancia em ilumina\u00e7\u00e3o OEM no mundo, o centro de Bobigny faz parte de uma rede de 13 centros de investiga\u00e7\u00e3o e desenvolvimento em Fran\u00e7a, Espanha, It\u00e1lia, Pol\u00f3nia, Rom\u00e9nia, \u00cdndia, China, B\u00e9lgica, M\u00e9xico e EUA.<\/p>\n\n\n\n<div class=\"wp-block-columns is-layout-flex wp-container-core-columns-is-layout-9d6595d7 wp-block-columns-is-layout-flex\">\n<div class=\"wp-block-column is-layout-flow wp-block-column-is-layout-flow\" style=\"flex-basis:50%\">\n<figure class=\"wp-block-image size-large\"><img decoding=\"async\" width=\"1024\" height=\"682\" src=\"https:\/\/automotiverevista.pt\/wp-content\/uploads\/2026\/03\/33-2-1024x682.jpg\" alt=\"\" class=\"wp-image-12572\" srcset=\"https:\/\/automotiverevista.pt\/wp-content\/uploads\/2026\/03\/33-2-1024x682.jpg 1024w, https:\/\/automotiverevista.pt\/wp-content\/uploads\/2026\/03\/33-2-300x200.jpg 300w, https:\/\/automotiverevista.pt\/wp-content\/uploads\/2026\/03\/33-2-768x512.jpg 768w, https:\/\/automotiverevista.pt\/wp-content\/uploads\/2026\/03\/33-2-750x500.jpg 750w, https:\/\/automotiverevista.pt\/wp-content\/uploads\/2026\/03\/33-2-1140x760.jpg 1140w, https:\/\/automotiverevista.pt\/wp-content\/uploads\/2026\/03\/33-2.jpg 1400w\" sizes=\"(max-width: 1024px) 100vw, 1024px\" \/><\/figure>\n<\/div>\n\n\n\n<div class=\"wp-block-column is-layout-flow wp-block-column-is-layout-flow\" style=\"flex-basis:50%\">\n<figure class=\"wp-block-image size-large\"><img decoding=\"async\" width=\"1024\" height=\"682\" src=\"https:\/\/automotiverevista.pt\/wp-content\/uploads\/2026\/03\/22-1-1024x682.jpg\" alt=\"\" class=\"wp-image-12573\" srcset=\"https:\/\/automotiverevista.pt\/wp-content\/uploads\/2026\/03\/22-1-1024x682.jpg 1024w, https:\/\/automotiverevista.pt\/wp-content\/uploads\/2026\/03\/22-1-300x200.jpg 300w, https:\/\/automotiverevista.pt\/wp-content\/uploads\/2026\/03\/22-1-768x512.jpg 768w, https:\/\/automotiverevista.pt\/wp-content\/uploads\/2026\/03\/22-1-750x500.jpg 750w, https:\/\/automotiverevista.pt\/wp-content\/uploads\/2026\/03\/22-1-1140x760.jpg 1140w, https:\/\/automotiverevista.pt\/wp-content\/uploads\/2026\/03\/22-1.jpg 1400w\" sizes=\"(max-width: 1024px) 100vw, 1024px\" \/><\/figure>\n<\/div>\n<\/div>\n","protected":false},"excerpt":{"rendered":"<p>A Valeo tem em Bobigny, perto de Paris, um dos maiores centros de Investiga\u00e7\u00e3o e Desenvolvimento (I&amp;D) dedicados \u00e0 ilumina\u00e7\u00e3o para o primeiro equipamento autom\u00f3vel (OEM). Aqui, cerca de 480 colaboradores de 36 nacionalidades imaginam, concebem e desenvolvem as tecnologias de ilumina\u00e7\u00e3o dos modelos autom\u00f3veis que chegar\u00e3o ao mercado nos pr\u00f3ximos meses e anos. A [&hellip;]<\/p>\n","protected":false},"author":4,"featured_media":12567,"comment_status":"closed","ping_status":"open","sticky":false,"template":"","format":"standard","meta":{"jnews-multi-image_gallery":[],"jnews_single_post":{"format":"standard"},"jnews_primary_category":[],"footnotes":""},"categories":[21],"tags":[],"class_list":["post-12565","post","type-post","status-publish","format-standard","has-post-thumbnail","hentry","category-pos-venda"],"yoast_head":"<!-- This site is optimized with the Yoast SEO Premium plugin v27.2 (Yoast SEO v27.5) - https:\/\/yoast.com\/product\/yoast-seo-premium-wordpress\/ -->\n<title>Valeo mant\u00e9m Europa no centro do investimento - Revista Automotive<\/title>\n<meta name=\"description\" content=\"A Valeo tem em Bobigny, perto de Paris, um dos maiores centros de Investiga\u00e7\u00e3o e Desenvolvimento (I&amp;D) dedicados \u00e0 ilumina\u00e7\u00e3o para o primeiro\" \/>\n<meta name=\"robots\" content=\"index, follow, max-snippet:-1, max-image-preview:large, max-video-preview:-1\" \/>\n<link rel=\"canonical\" href=\"https:\/\/automotiverevista.pt\/index.php\/2026\/03\/10\/valeo-mantem-europa-no-centro-do-investimento\/\" \/>\n<meta property=\"og:locale\" content=\"pt_PT\" \/>\n<meta property=\"og:type\" content=\"article\" \/>\n<meta property=\"og:title\" content=\"Valeo mant\u00e9m Europa no centro do investimento\" \/>\n<meta property=\"og:description\" content=\"A Valeo tem em Bobigny, perto de Paris, um dos maiores centros de Investiga\u00e7\u00e3o e Desenvolvimento (I&amp;D) dedicados \u00e0 ilumina\u00e7\u00e3o para o primeiro\" \/>\n<meta property=\"og:url\" content=\"https:\/\/automotiverevista.pt\/index.php\/2026\/03\/10\/valeo-mantem-europa-no-centro-do-investimento\/\" \/>\n<meta property=\"og:site_name\" content=\"Revista Automotive\" \/>\n<meta property=\"article:published_time\" content=\"2026-03-10T08:20:00+00:00\" \/>\n<meta property=\"og:image\" content=\"https:\/\/automotiverevista.pt\/wp-content\/uploads\/2026\/03\/11.jpg\" \/>\n\t<meta property=\"og:image:width\" content=\"1400\" \/>\n\t<meta property=\"og:image:height\" content=\"933\" \/>\n\t<meta property=\"og:image:type\" content=\"image\/jpeg\" \/>\n<meta name=\"author\" content=\"Fatima Silva\" \/>\n<meta name=\"twitter:card\" content=\"summary_large_image\" \/>\n<meta name=\"twitter:label1\" content=\"Escrito por\" \/>\n\t<meta name=\"twitter:data1\" content=\"Fatima Silva\" \/>\n\t<meta name=\"twitter:label2\" content=\"Tempo estimado de leitura\" \/>\n\t<meta name=\"twitter:data2\" content=\"2 minutos\" \/>\n<script type=\"application\/ld+json\" class=\"yoast-schema-graph\">{\"@context\":\"https:\\\/\\\/schema.org\",\"@graph\":[{\"@type\":\"Article\",\"@id\":\"https:\\\/\\\/automotiverevista.pt\\\/index.php\\\/2026\\\/03\\\/10\\\/valeo-mantem-europa-no-centro-do-investimento\\\/#article\",\"isPartOf\":{\"@id\":\"https:\\\/\\\/automotiverevista.pt\\\/index.php\\\/2026\\\/03\\\/10\\\/valeo-mantem-europa-no-centro-do-investimento\\\/\"},\"author\":{\"name\":\"Fatima Silva\",\"@id\":\"https:\\\/\\\/automotiverevista.pt\\\/#\\\/schema\\\/person\\\/1e95eb12553b8edd256acb00fe6dad4b\"},\"headline\":\"Valeo mant\u00e9m Europa no centro do investimento\",\"datePublished\":\"2026-03-10T08:20:00+00:00\",\"mainEntityOfPage\":{\"@id\":\"https:\\\/\\\/automotiverevista.pt\\\/index.php\\\/2026\\\/03\\\/10\\\/valeo-mantem-europa-no-centro-do-investimento\\\/\"},\"wordCount\":172,\"publisher\":{\"@id\":\"https:\\\/\\\/automotiverevista.pt\\\/#organization\"},\"image\":{\"@id\":\"https:\\\/\\\/automotiverevista.pt\\\/index.php\\\/2026\\\/03\\\/10\\\/valeo-mantem-europa-no-centro-do-investimento\\\/#primaryimage\"},\"thumbnailUrl\":\"https:\\\/\\\/automotiverevista.pt\\\/wp-content\\\/uploads\\\/2026\\\/03\\\/11.jpg\",\"articleSection\":[\"P\u00f3s-Venda\"],\"inLanguage\":\"pt-PT\"},{\"@type\":\"WebPage\",\"@id\":\"https:\\\/\\\/automotiverevista.pt\\\/index.php\\\/2026\\\/03\\\/10\\\/valeo-mantem-europa-no-centro-do-investimento\\\/\",\"url\":\"https:\\\/\\\/automotiverevista.pt\\\/index.php\\\/2026\\\/03\\\/10\\\/valeo-mantem-europa-no-centro-do-investimento\\\/\",\"name\":\"Valeo mant\u00e9m Europa no centro do investimento - Revista Automotive\",\"isPartOf\":{\"@id\":\"https:\\\/\\\/automotiverevista.pt\\\/#website\"},\"primaryImageOfPage\":{\"@id\":\"https:\\\/\\\/automotiverevista.pt\\\/index.php\\\/2026\\\/03\\\/10\\\/valeo-mantem-europa-no-centro-do-investimento\\\/#primaryimage\"},\"image\":{\"@id\":\"https:\\\/\\\/automotiverevista.pt\\\/index.php\\\/2026\\\/03\\\/10\\\/valeo-mantem-europa-no-centro-do-investimento\\\/#primaryimage\"},\"thumbnailUrl\":\"https:\\\/\\\/automotiverevista.pt\\\/wp-content\\\/uploads\\\/2026\\\/03\\\/11.jpg\",\"datePublished\":\"2026-03-10T08:20:00+00:00\",\"description\":\"A Valeo tem em Bobigny, perto de Paris, um dos maiores centros de Investiga\u00e7\u00e3o e Desenvolvimento (I&D) dedicados \u00e0 ilumina\u00e7\u00e3o para o primeiro\",\"breadcrumb\":{\"@id\":\"https:\\\/\\\/automotiverevista.pt\\\/index.php\\\/2026\\\/03\\\/10\\\/valeo-mantem-europa-no-centro-do-investimento\\\/#breadcrumb\"},\"inLanguage\":\"pt-PT\",\"potentialAction\":[{\"@type\":\"ReadAction\",\"target\":[\"https:\\\/\\\/automotiverevista.pt\\\/index.php\\\/2026\\\/03\\\/10\\\/valeo-mantem-europa-no-centro-do-investimento\\\/\"]}]},{\"@type\":\"ImageObject\",\"inLanguage\":\"pt-PT\",\"@id\":\"https:\\\/\\\/automotiverevista.pt\\\/index.php\\\/2026\\\/03\\\/10\\\/valeo-mantem-europa-no-centro-do-investimento\\\/#primaryimage\",\"url\":\"https:\\\/\\\/automotiverevista.pt\\\/wp-content\\\/uploads\\\/2026\\\/03\\\/11.jpg\",\"contentUrl\":\"https:\\\/\\\/automotiverevista.pt\\\/wp-content\\\/uploads\\\/2026\\\/03\\\/11.jpg\",\"width\":1400,\"height\":933},{\"@type\":\"BreadcrumbList\",\"@id\":\"https:\\\/\\\/automotiverevista.pt\\\/index.php\\\/2026\\\/03\\\/10\\\/valeo-mantem-europa-no-centro-do-investimento\\\/#breadcrumb\",\"itemListElement\":[{\"@type\":\"ListItem\",\"position\":1,\"name\":\"Home\",\"item\":\"https:\\\/\\\/automotiverevista.pt\\\/\"},{\"@type\":\"ListItem\",\"position\":2,\"name\":\"Valeo mant\u00e9m Europa no centro do investimento\"}]},{\"@type\":\"WebSite\",\"@id\":\"https:\\\/\\\/automotiverevista.pt\\\/#website\",\"url\":\"https:\\\/\\\/automotiverevista.pt\\\/\",\"name\":\"Revista Automotive\",\"description\":\"Revista Automotive Portugal\",\"publisher\":{\"@id\":\"https:\\\/\\\/automotiverevista.pt\\\/#organization\"},\"potentialAction\":[{\"@type\":\"SearchAction\",\"target\":{\"@type\":\"EntryPoint\",\"urlTemplate\":\"https:\\\/\\\/automotiverevista.pt\\\/?s={search_term_string}\"},\"query-input\":{\"@type\":\"PropertyValueSpecification\",\"valueRequired\":true,\"valueName\":\"search_term_string\"}}],\"inLanguage\":\"pt-PT\"},{\"@type\":\"Organization\",\"@id\":\"https:\\\/\\\/automotiverevista.pt\\\/#organization\",\"name\":\"Revista Automotive Portugal\",\"url\":\"https:\\\/\\\/automotiverevista.pt\\\/\",\"logo\":{\"@type\":\"ImageObject\",\"inLanguage\":\"pt-PT\",\"@id\":\"https:\\\/\\\/automotiverevista.pt\\\/#\\\/schema\\\/logo\\\/image\\\/\",\"url\":\"https:\\\/\\\/automotiverevista.pt\\\/wp-content\\\/uploads\\\/2022\\\/07\\\/Logo-Automotive-2021_500-1.jpg\",\"contentUrl\":\"https:\\\/\\\/automotiverevista.pt\\\/wp-content\\\/uploads\\\/2022\\\/07\\\/Logo-Automotive-2021_500-1.jpg\",\"width\":500,\"height\":160,\"caption\":\"Revista Automotive Portugal\"},\"image\":{\"@id\":\"https:\\\/\\\/automotiverevista.pt\\\/#\\\/schema\\\/logo\\\/image\\\/\"},\"sameAs\":[\"https:\\\/\\\/linkedin.com\\\/in\\\/automotiverevista\"]},{\"@type\":\"Person\",\"@id\":\"https:\\\/\\\/automotiverevista.pt\\\/#\\\/schema\\\/person\\\/1e95eb12553b8edd256acb00fe6dad4b\",\"name\":\"Fatima Silva\",\"image\":{\"@type\":\"ImageObject\",\"inLanguage\":\"pt-PT\",\"@id\":\"https:\\\/\\\/secure.gravatar.com\\\/avatar\\\/4b4a955a9c1b66708ab0dd3bd6181ac1f650299d893bd337a28482f7f19c8511?s=96&d=mm&r=g\",\"url\":\"https:\\\/\\\/secure.gravatar.com\\\/avatar\\\/4b4a955a9c1b66708ab0dd3bd6181ac1f650299d893bd337a28482f7f19c8511?s=96&d=mm&r=g\",\"contentUrl\":\"https:\\\/\\\/secure.gravatar.com\\\/avatar\\\/4b4a955a9c1b66708ab0dd3bd6181ac1f650299d893bd337a28482f7f19c8511?s=96&d=mm&r=g\",\"caption\":\"Fatima Silva\"},\"url\":\"https:\\\/\\\/automotiverevista.pt\\\/index.php\\\/author\\\/fgasparsilva\\\/\"}]}<\/script>\n<!-- \/ Yoast SEO Premium plugin. -->","yoast_head_json":{"title":"Valeo mant\u00e9m Europa no centro do investimento - Revista Automotive","description":"A Valeo tem em Bobigny, perto de Paris, um dos maiores centros de Investiga\u00e7\u00e3o e Desenvolvimento (I&D) dedicados \u00e0 ilumina\u00e7\u00e3o para o primeiro","robots":{"index":"index","follow":"follow","max-snippet":"max-snippet:-1","max-image-preview":"max-image-preview:large","max-video-preview":"max-video-preview:-1"},"canonical":"https:\/\/automotiverevista.pt\/index.php\/2026\/03\/10\/valeo-mantem-europa-no-centro-do-investimento\/","og_locale":"pt_PT","og_type":"article","og_title":"Valeo mant\u00e9m Europa no centro do investimento","og_description":"A Valeo tem em Bobigny, perto de Paris, um dos maiores centros de Investiga\u00e7\u00e3o e Desenvolvimento (I&D) dedicados \u00e0 ilumina\u00e7\u00e3o para o primeiro","og_url":"https:\/\/automotiverevista.pt\/index.php\/2026\/03\/10\/valeo-mantem-europa-no-centro-do-investimento\/","og_site_name":"Revista Automotive","article_published_time":"2026-03-10T08:20:00+00:00","og_image":[{"width":1400,"height":933,"url":"https:\/\/automotiverevista.pt\/wp-content\/uploads\/2026\/03\/11.jpg","type":"image\/jpeg"}],"author":"Fatima Silva","twitter_card":"summary_large_image","twitter_misc":{"Escrito por":"Fatima Silva","Tempo estimado de leitura":"2 minutos"},"schema":{"@context":"https:\/\/schema.org","@graph":[{"@type":"Article","@id":"https:\/\/automotiverevista.pt\/index.php\/2026\/03\/10\/valeo-mantem-europa-no-centro-do-investimento\/#article","isPartOf":{"@id":"https:\/\/automotiverevista.pt\/index.php\/2026\/03\/10\/valeo-mantem-europa-no-centro-do-investimento\/"},"author":{"name":"Fatima Silva","@id":"https:\/\/automotiverevista.pt\/#\/schema\/person\/1e95eb12553b8edd256acb00fe6dad4b"},"headline":"Valeo mant\u00e9m Europa no centro do investimento","datePublished":"2026-03-10T08:20:00+00:00","mainEntityOfPage":{"@id":"https:\/\/automotiverevista.pt\/index.php\/2026\/03\/10\/valeo-mantem-europa-no-centro-do-investimento\/"},"wordCount":172,"publisher":{"@id":"https:\/\/automotiverevista.pt\/#organization"},"image":{"@id":"https:\/\/automotiverevista.pt\/index.php\/2026\/03\/10\/valeo-mantem-europa-no-centro-do-investimento\/#primaryimage"},"thumbnailUrl":"https:\/\/automotiverevista.pt\/wp-content\/uploads\/2026\/03\/11.jpg","articleSection":["P\u00f3s-Venda"],"inLanguage":"pt-PT"},{"@type":"WebPage","@id":"https:\/\/automotiverevista.pt\/index.php\/2026\/03\/10\/valeo-mantem-europa-no-centro-do-investimento\/","url":"https:\/\/automotiverevista.pt\/index.php\/2026\/03\/10\/valeo-mantem-europa-no-centro-do-investimento\/","name":"Valeo mant\u00e9m Europa no centro do investimento - Revista Automotive","isPartOf":{"@id":"https:\/\/automotiverevista.pt\/#website"},"primaryImageOfPage":{"@id":"https:\/\/automotiverevista.pt\/index.php\/2026\/03\/10\/valeo-mantem-europa-no-centro-do-investimento\/#primaryimage"},"image":{"@id":"https:\/\/automotiverevista.pt\/index.php\/2026\/03\/10\/valeo-mantem-europa-no-centro-do-investimento\/#primaryimage"},"thumbnailUrl":"https:\/\/automotiverevista.pt\/wp-content\/uploads\/2026\/03\/11.jpg","datePublished":"2026-03-10T08:20:00+00:00","description":"A Valeo tem em Bobigny, perto de Paris, um dos maiores centros de Investiga\u00e7\u00e3o e Desenvolvimento (I&D) dedicados \u00e0 ilumina\u00e7\u00e3o para o primeiro","breadcrumb":{"@id":"https:\/\/automotiverevista.pt\/index.php\/2026\/03\/10\/valeo-mantem-europa-no-centro-do-investimento\/#breadcrumb"},"inLanguage":"pt-PT","potentialAction":[{"@type":"ReadAction","target":["https:\/\/automotiverevista.pt\/index.php\/2026\/03\/10\/valeo-mantem-europa-no-centro-do-investimento\/"]}]},{"@type":"ImageObject","inLanguage":"pt-PT","@id":"https:\/\/automotiverevista.pt\/index.php\/2026\/03\/10\/valeo-mantem-europa-no-centro-do-investimento\/#primaryimage","url":"https:\/\/automotiverevista.pt\/wp-content\/uploads\/2026\/03\/11.jpg","contentUrl":"https:\/\/automotiverevista.pt\/wp-content\/uploads\/2026\/03\/11.jpg","width":1400,"height":933},{"@type":"BreadcrumbList","@id":"https:\/\/automotiverevista.pt\/index.php\/2026\/03\/10\/valeo-mantem-europa-no-centro-do-investimento\/#breadcrumb","itemListElement":[{"@type":"ListItem","position":1,"name":"Home","item":"https:\/\/automotiverevista.pt\/"},{"@type":"ListItem","position":2,"name":"Valeo mant\u00e9m Europa no centro do investimento"}]},{"@type":"WebSite","@id":"https:\/\/automotiverevista.pt\/#website","url":"https:\/\/automotiverevista.pt\/","name":"Revista Automotive","description":"Revista Automotive Portugal","publisher":{"@id":"https:\/\/automotiverevista.pt\/#organization"},"potentialAction":[{"@type":"SearchAction","target":{"@type":"EntryPoint","urlTemplate":"https:\/\/automotiverevista.pt\/?s={search_term_string}"},"query-input":{"@type":"PropertyValueSpecification","valueRequired":true,"valueName":"search_term_string"}}],"inLanguage":"pt-PT"},{"@type":"Organization","@id":"https:\/\/automotiverevista.pt\/#organization","name":"Revista Automotive Portugal","url":"https:\/\/automotiverevista.pt\/","logo":{"@type":"ImageObject","inLanguage":"pt-PT","@id":"https:\/\/automotiverevista.pt\/#\/schema\/logo\/image\/","url":"https:\/\/automotiverevista.pt\/wp-content\/uploads\/2022\/07\/Logo-Automotive-2021_500-1.jpg","contentUrl":"https:\/\/automotiverevista.pt\/wp-content\/uploads\/2022\/07\/Logo-Automotive-2021_500-1.jpg","width":500,"height":160,"caption":"Revista Automotive Portugal"},"image":{"@id":"https:\/\/automotiverevista.pt\/#\/schema\/logo\/image\/"},"sameAs":["https:\/\/linkedin.com\/in\/automotiverevista"]},{"@type":"Person","@id":"https:\/\/automotiverevista.pt\/#\/schema\/person\/1e95eb12553b8edd256acb00fe6dad4b","name":"Fatima Silva","image":{"@type":"ImageObject","inLanguage":"pt-PT","@id":"https:\/\/secure.gravatar.com\/avatar\/4b4a955a9c1b66708ab0dd3bd6181ac1f650299d893bd337a28482f7f19c8511?s=96&d=mm&r=g","url":"https:\/\/secure.gravatar.com\/avatar\/4b4a955a9c1b66708ab0dd3bd6181ac1f650299d893bd337a28482f7f19c8511?s=96&d=mm&r=g","contentUrl":"https:\/\/secure.gravatar.com\/avatar\/4b4a955a9c1b66708ab0dd3bd6181ac1f650299d893bd337a28482f7f19c8511?s=96&d=mm&r=g","caption":"Fatima Silva"},"url":"https:\/\/automotiverevista.pt\/index.php\/author\/fgasparsilva\/"}]}},"_links":{"self":[{"href":"https:\/\/automotiverevista.pt\/index.php\/wp-json\/wp\/v2\/posts\/12565","targetHints":{"allow":["GET"]}}],"collection":[{"href":"https:\/\/automotiverevista.pt\/index.php\/wp-json\/wp\/v2\/posts"}],"about":[{"href":"https:\/\/automotiverevista.pt\/index.php\/wp-json\/wp\/v2\/types\/post"}],"author":[{"embeddable":true,"href":"https:\/\/automotiverevista.pt\/index.php\/wp-json\/wp\/v2\/users\/4"}],"replies":[{"embeddable":true,"href":"https:\/\/automotiverevista.pt\/index.php\/wp-json\/wp\/v2\/comments?post=12565"}],"version-history":[{"count":2,"href":"https:\/\/automotiverevista.pt\/index.php\/wp-json\/wp\/v2\/posts\/12565\/revisions"}],"predecessor-version":[{"id":12574,"href":"https:\/\/automotiverevista.pt\/index.php\/wp-json\/wp\/v2\/posts\/12565\/revisions\/12574"}],"wp:featuredmedia":[{"embeddable":true,"href":"https:\/\/automotiverevista.pt\/index.php\/wp-json\/wp\/v2\/media\/12567"}],"wp:attachment":[{"href":"https:\/\/automotiverevista.pt\/index.php\/wp-json\/wp\/v2\/media?parent=12565"}],"wp:term":[{"taxonomy":"category","embeddable":true,"href":"https:\/\/automotiverevista.pt\/index.php\/wp-json\/wp\/v2\/categories?post=12565"},{"taxonomy":"post_tag","embeddable":true,"href":"https:\/\/automotiverevista.pt\/index.php\/wp-json\/wp\/v2\/tags?post=12565"}],"curies":[{"name":"wp","href":"https:\/\/api.w.org\/{rel}","templated":true}]}}