{"id":12566,"date":"2026-03-11T08:19:00","date_gmt":"2026-03-11T08:19:00","guid":{"rendered":"https:\/\/automotiverevista.pt\/?p=12566"},"modified":"2026-03-01T19:13:22","modified_gmt":"2026-03-01T19:13:22","slug":"tatra-modelo-phoenix-euro-6-com-configuracao-16x16","status":"publish","type":"post","link":"https:\/\/automotiverevista.pt\/index.php\/2026\/03\/11\/tatra-modelo-phoenix-euro-6-com-configuracao-16x16\/","title":{"rendered":"TATRA \u2013 modelo Phoenix Euro 6 com configura\u00e7\u00e3o 16&#215;16"},"content":{"rendered":"\n<p>Exemplo da sua capacidade t\u00e9cnica, a <a href=\"https:\/\/automotiverevista.pt\/index.php\/2025\/11\/27\/tatra-phoenix-euro-6-conquista-premio-camiao-do-ano-2026\/\" id=\"https:\/\/automotiverevista.pt\/index.php\/2025\/11\/27\/tatra-phoenix-euro-6-conquista-premio-camiao-do-ano-2026\/\">TATRA <\/a>produziu o seu modelo Phoenix numa configura\u00e7\u00e3o 16&#215;16, que leva ao limite as capacidades dos ve\u00edculos especiais pesados. O chassis com volante \u00e0 direita est\u00e1 atualmente a ser preparado para a instala\u00e7\u00e3o de uma plataforma a\u00e9rea Bronto Skylift Official e, posteriormente, ficar\u00e1 ao servi\u00e7o do cliente Quantum Comms, sediado no estado de Victoria, Austr\u00e1lia.<\/p>\n\n\n\n<p>O ve\u00edculo est\u00e1 equipado com oito eixos, sendo que os tr\u00eas primeiros e os dois \u00faltimos s\u00e3o direcionais. \u00c9 motorizado por um motor Paccar MX-13 de 390 kW, que cumpre a norma de emiss\u00f5es Euro 6, trabalhando em conjunto com uma moderna caixa de velocidades TraXon de 12 rela\u00e7\u00f5es.<\/p>\n\n\n\n<p>Este ve\u00edculo especial est\u00e1 equipado com pneus excecionalmente largos, de 445 mm, em todos os eixos, permitindo uma capacidade de carga at\u00e9 10 toneladas por eixo. Esta configura\u00e7\u00e3o torna o <a href=\"https:\/\/automotiverevista.pt\/index.php\/2025\/10\/08\/tatra-phoenix-euro-6-com-producao-em-serie-e-personalizada\/\" id=\"https:\/\/automotiverevista.pt\/index.php\/2025\/10\/08\/tatra-phoenix-euro-6-com-producao-em-serie-e-personalizada\/\">TATRA <\/a>Phoenix 16&#215;16 num ve\u00edculo verdadeiramente \u00fanico, concebido para condi\u00e7\u00f5es extremas e para as opera\u00e7\u00f5es mais exigentes.<\/p>\n\n\n<div class=\"wp-block-image\">\n<figure class=\"aligncenter size-large is-resized\"><img decoding=\"async\" width=\"1024\" height=\"608\" src=\"https:\/\/automotiverevista.pt\/wp-content\/uploads\/2026\/03\/1770884051798-1024x608.jpg\" alt=\"\" class=\"wp-image-12576\" style=\"width:898px;height:auto\" srcset=\"https:\/\/automotiverevista.pt\/wp-content\/uploads\/2026\/03\/1770884051798-1024x608.jpg 1024w, https:\/\/automotiverevista.pt\/wp-content\/uploads\/2026\/03\/1770884051798-300x178.jpg 300w, https:\/\/automotiverevista.pt\/wp-content\/uploads\/2026\/03\/1770884051798-768x456.jpg 768w, https:\/\/automotiverevista.pt\/wp-content\/uploads\/2026\/03\/1770884051798-750x445.jpg 750w, https:\/\/automotiverevista.pt\/wp-content\/uploads\/2026\/03\/1770884051798-1140x676.jpg 1140w, https:\/\/automotiverevista.pt\/wp-content\/uploads\/2026\/03\/1770884051798.jpg 1500w\" sizes=\"(max-width: 1024px) 100vw, 1024px\" \/><\/figure>\n<\/div>","protected":false},"excerpt":{"rendered":"<p>Exemplo da sua capacidade t\u00e9cnica, a TATRA produziu o seu modelo Phoenix numa configura\u00e7\u00e3o 16&#215;16, que leva ao limite as capacidades dos ve\u00edculos especiais pesados. O chassis com volante \u00e0 direita est\u00e1 atualmente a ser preparado para a instala\u00e7\u00e3o de uma plataforma a\u00e9rea Bronto Skylift Official e, posteriormente, ficar\u00e1 ao servi\u00e7o do cliente Quantum Comms, [&hellip;]<\/p>\n","protected":false},"author":4,"featured_media":12575,"comment_status":"closed","ping_status":"open","sticky":false,"template":"","format":"standard","meta":{"jnews-multi-image_gallery":[],"jnews_single_post":{"format":"standard"},"jnews_primary_category":[],"footnotes":""},"categories":[25],"tags":[],"class_list":["post-12566","post","type-post","status-publish","format-standard","has-post-thumbnail","hentry","category-pesados-e-maquinas"],"yoast_head":"<!-- This site is optimized with the Yoast SEO Premium plugin v27.5 (Yoast SEO v27.5) - https:\/\/yoast.com\/product\/yoast-seo-premium-wordpress\/ -->\n<title>TATRA \u2013 modelo Phoenix Euro 6 com configura\u00e7\u00e3o 16x16 - Revista Automotive<\/title>\n<meta name=\"description\" content=\"Exemplo da sua capacidade t\u00e9cnica, a TATRA produziu o seu modelo Phoenix numa configura\u00e7\u00e3o 16x16, que leva ao limite as capacidades dos ve\u00edcul\" \/>\n<meta name=\"robots\" content=\"index, follow, max-snippet:-1, max-image-preview:large, max-video-preview:-1\" \/>\n<link rel=\"canonical\" href=\"https:\/\/automotiverevista.pt\/index.php\/2026\/03\/11\/tatra-modelo-phoenix-euro-6-com-configuracao-16x16\/\" \/>\n<meta property=\"og:locale\" content=\"pt_PT\" \/>\n<meta property=\"og:type\" content=\"article\" \/>\n<meta property=\"og:title\" content=\"TATRA \u2013 modelo Phoenix Euro 6 com configura\u00e7\u00e3o 16x16\" \/>\n<meta property=\"og:description\" content=\"Exemplo da sua capacidade t\u00e9cnica, a TATRA produziu o seu modelo Phoenix numa configura\u00e7\u00e3o 16x16, que leva ao limite as capacidades dos ve\u00edcul\" \/>\n<meta property=\"og:url\" content=\"https:\/\/automotiverevista.pt\/index.php\/2026\/03\/11\/tatra-modelo-phoenix-euro-6-com-configuracao-16x16\/\" \/>\n<meta property=\"og:site_name\" content=\"Revista Automotive\" \/>\n<meta property=\"article:published_time\" content=\"2026-03-11T08:19:00+00:00\" \/>\n<meta property=\"og:image\" content=\"https:\/\/automotiverevista.pt\/wp-content\/uploads\/2026\/03\/99.jpg\" \/>\n\t<meta property=\"og:image:width\" content=\"1400\" \/>\n\t<meta property=\"og:image:height\" content=\"644\" \/>\n\t<meta property=\"og:image:type\" content=\"image\/jpeg\" \/>\n<meta name=\"author\" content=\"Fatima Silva\" \/>\n<meta name=\"twitter:card\" content=\"summary_large_image\" \/>\n<meta name=\"twitter:label1\" content=\"Escrito por\" \/>\n\t<meta name=\"twitter:data1\" content=\"Fatima Silva\" \/>\n\t<meta name=\"twitter:label2\" content=\"Tempo estimado de leitura\" \/>\n\t<meta name=\"twitter:data2\" content=\"2 minutos\" \/>\n<script type=\"application\/ld+json\" class=\"yoast-schema-graph\">{\"@context\":\"https:\\\/\\\/schema.org\",\"@graph\":[{\"@type\":\"Article\",\"@id\":\"https:\\\/\\\/automotiverevista.pt\\\/index.php\\\/2026\\\/03\\\/11\\\/tatra-modelo-phoenix-euro-6-com-configuracao-16x16\\\/#article\",\"isPartOf\":{\"@id\":\"https:\\\/\\\/automotiverevista.pt\\\/index.php\\\/2026\\\/03\\\/11\\\/tatra-modelo-phoenix-euro-6-com-configuracao-16x16\\\/\"},\"author\":{\"name\":\"Fatima Silva\",\"@id\":\"https:\\\/\\\/automotiverevista.pt\\\/#\\\/schema\\\/person\\\/1e95eb12553b8edd256acb00fe6dad4b\"},\"headline\":\"TATRA \u2013 modelo Phoenix Euro 6 com configura\u00e7\u00e3o 16&#215;16\",\"datePublished\":\"2026-03-11T08:19:00+00:00\",\"mainEntityOfPage\":{\"@id\":\"https:\\\/\\\/automotiverevista.pt\\\/index.php\\\/2026\\\/03\\\/11\\\/tatra-modelo-phoenix-euro-6-com-configuracao-16x16\\\/\"},\"wordCount\":175,\"publisher\":{\"@id\":\"https:\\\/\\\/automotiverevista.pt\\\/#organization\"},\"image\":{\"@id\":\"https:\\\/\\\/automotiverevista.pt\\\/index.php\\\/2026\\\/03\\\/11\\\/tatra-modelo-phoenix-euro-6-com-configuracao-16x16\\\/#primaryimage\"},\"thumbnailUrl\":\"https:\\\/\\\/automotiverevista.pt\\\/wp-content\\\/uploads\\\/2026\\\/03\\\/99.jpg\",\"articleSection\":[\"Pesados e M\u00e1quinas\"],\"inLanguage\":\"pt-PT\"},{\"@type\":\"WebPage\",\"@id\":\"https:\\\/\\\/automotiverevista.pt\\\/index.php\\\/2026\\\/03\\\/11\\\/tatra-modelo-phoenix-euro-6-com-configuracao-16x16\\\/\",\"url\":\"https:\\\/\\\/automotiverevista.pt\\\/index.php\\\/2026\\\/03\\\/11\\\/tatra-modelo-phoenix-euro-6-com-configuracao-16x16\\\/\",\"name\":\"TATRA \u2013 modelo Phoenix Euro 6 com configura\u00e7\u00e3o 16x16 - Revista Automotive\",\"isPartOf\":{\"@id\":\"https:\\\/\\\/automotiverevista.pt\\\/#website\"},\"primaryImageOfPage\":{\"@id\":\"https:\\\/\\\/automotiverevista.pt\\\/index.php\\\/2026\\\/03\\\/11\\\/tatra-modelo-phoenix-euro-6-com-configuracao-16x16\\\/#primaryimage\"},\"image\":{\"@id\":\"https:\\\/\\\/automotiverevista.pt\\\/index.php\\\/2026\\\/03\\\/11\\\/tatra-modelo-phoenix-euro-6-com-configuracao-16x16\\\/#primaryimage\"},\"thumbnailUrl\":\"https:\\\/\\\/automotiverevista.pt\\\/wp-content\\\/uploads\\\/2026\\\/03\\\/99.jpg\",\"datePublished\":\"2026-03-11T08:19:00+00:00\",\"description\":\"Exemplo da sua capacidade t\u00e9cnica, a TATRA produziu o seu modelo Phoenix numa configura\u00e7\u00e3o 16x16, que leva ao limite as capacidades dos ve\u00edcul\",\"breadcrumb\":{\"@id\":\"https:\\\/\\\/automotiverevista.pt\\\/index.php\\\/2026\\\/03\\\/11\\\/tatra-modelo-phoenix-euro-6-com-configuracao-16x16\\\/#breadcrumb\"},\"inLanguage\":\"pt-PT\",\"potentialAction\":[{\"@type\":\"ReadAction\",\"target\":[\"https:\\\/\\\/automotiverevista.pt\\\/index.php\\\/2026\\\/03\\\/11\\\/tatra-modelo-phoenix-euro-6-com-configuracao-16x16\\\/\"]}]},{\"@type\":\"ImageObject\",\"inLanguage\":\"pt-PT\",\"@id\":\"https:\\\/\\\/automotiverevista.pt\\\/index.php\\\/2026\\\/03\\\/11\\\/tatra-modelo-phoenix-euro-6-com-configuracao-16x16\\\/#primaryimage\",\"url\":\"https:\\\/\\\/automotiverevista.pt\\\/wp-content\\\/uploads\\\/2026\\\/03\\\/99.jpg\",\"contentUrl\":\"https:\\\/\\\/automotiverevista.pt\\\/wp-content\\\/uploads\\\/2026\\\/03\\\/99.jpg\",\"width\":1400,\"height\":644},{\"@type\":\"BreadcrumbList\",\"@id\":\"https:\\\/\\\/automotiverevista.pt\\\/index.php\\\/2026\\\/03\\\/11\\\/tatra-modelo-phoenix-euro-6-com-configuracao-16x16\\\/#breadcrumb\",\"itemListElement\":[{\"@type\":\"ListItem\",\"position\":1,\"name\":\"Home\",\"item\":\"https:\\\/\\\/automotiverevista.pt\\\/\"},{\"@type\":\"ListItem\",\"position\":2,\"name\":\"TATRA \u2013 modelo Phoenix Euro 6 com configura\u00e7\u00e3o 16&#215;16\"}]},{\"@type\":\"WebSite\",\"@id\":\"https:\\\/\\\/automotiverevista.pt\\\/#website\",\"url\":\"https:\\\/\\\/automotiverevista.pt\\\/\",\"name\":\"Revista Automotive\",\"description\":\"Revista Automotive Portugal\",\"publisher\":{\"@id\":\"https:\\\/\\\/automotiverevista.pt\\\/#organization\"},\"potentialAction\":[{\"@type\":\"SearchAction\",\"target\":{\"@type\":\"EntryPoint\",\"urlTemplate\":\"https:\\\/\\\/automotiverevista.pt\\\/?s={search_term_string}\"},\"query-input\":{\"@type\":\"PropertyValueSpecification\",\"valueRequired\":true,\"valueName\":\"search_term_string\"}}],\"inLanguage\":\"pt-PT\"},{\"@type\":\"Organization\",\"@id\":\"https:\\\/\\\/automotiverevista.pt\\\/#organization\",\"name\":\"Revista Automotive Portugal\",\"url\":\"https:\\\/\\\/automotiverevista.pt\\\/\",\"logo\":{\"@type\":\"ImageObject\",\"inLanguage\":\"pt-PT\",\"@id\":\"https:\\\/\\\/automotiverevista.pt\\\/#\\\/schema\\\/logo\\\/image\\\/\",\"url\":\"https:\\\/\\\/automotiverevista.pt\\\/wp-content\\\/uploads\\\/2022\\\/07\\\/Logo-Automotive-2021_500-1.jpg\",\"contentUrl\":\"https:\\\/\\\/automotiverevista.pt\\\/wp-content\\\/uploads\\\/2022\\\/07\\\/Logo-Automotive-2021_500-1.jpg\",\"width\":500,\"height\":160,\"caption\":\"Revista Automotive Portugal\"},\"image\":{\"@id\":\"https:\\\/\\\/automotiverevista.pt\\\/#\\\/schema\\\/logo\\\/image\\\/\"},\"sameAs\":[\"https:\\\/\\\/linkedin.com\\\/in\\\/automotiverevista\"]},{\"@type\":\"Person\",\"@id\":\"https:\\\/\\\/automotiverevista.pt\\\/#\\\/schema\\\/person\\\/1e95eb12553b8edd256acb00fe6dad4b\",\"name\":\"Fatima Silva\",\"image\":{\"@type\":\"ImageObject\",\"inLanguage\":\"pt-PT\",\"@id\":\"https:\\\/\\\/secure.gravatar.com\\\/avatar\\\/4b4a955a9c1b66708ab0dd3bd6181ac1f650299d893bd337a28482f7f19c8511?s=96&d=mm&r=g\",\"url\":\"https:\\\/\\\/secure.gravatar.com\\\/avatar\\\/4b4a955a9c1b66708ab0dd3bd6181ac1f650299d893bd337a28482f7f19c8511?s=96&d=mm&r=g\",\"contentUrl\":\"https:\\\/\\\/secure.gravatar.com\\\/avatar\\\/4b4a955a9c1b66708ab0dd3bd6181ac1f650299d893bd337a28482f7f19c8511?s=96&d=mm&r=g\",\"caption\":\"Fatima Silva\"},\"url\":\"https:\\\/\\\/automotiverevista.pt\\\/index.php\\\/author\\\/fgasparsilva\\\/\"}]}<\/script>\n<!-- \/ Yoast SEO Premium plugin. -->","yoast_head_json":{"title":"TATRA \u2013 modelo Phoenix Euro 6 com configura\u00e7\u00e3o 16x16 - Revista Automotive","description":"Exemplo da sua capacidade t\u00e9cnica, a TATRA produziu o seu modelo Phoenix numa configura\u00e7\u00e3o 16x16, que leva ao limite as capacidades dos ve\u00edcul","robots":{"index":"index","follow":"follow","max-snippet":"max-snippet:-1","max-image-preview":"max-image-preview:large","max-video-preview":"max-video-preview:-1"},"canonical":"https:\/\/automotiverevista.pt\/index.php\/2026\/03\/11\/tatra-modelo-phoenix-euro-6-com-configuracao-16x16\/","og_locale":"pt_PT","og_type":"article","og_title":"TATRA \u2013 modelo Phoenix Euro 6 com configura\u00e7\u00e3o 16x16","og_description":"Exemplo da sua capacidade t\u00e9cnica, a TATRA produziu o seu modelo Phoenix numa configura\u00e7\u00e3o 16x16, que leva ao limite as capacidades dos ve\u00edcul","og_url":"https:\/\/automotiverevista.pt\/index.php\/2026\/03\/11\/tatra-modelo-phoenix-euro-6-com-configuracao-16x16\/","og_site_name":"Revista Automotive","article_published_time":"2026-03-11T08:19:00+00:00","og_image":[{"width":1400,"height":644,"url":"https:\/\/automotiverevista.pt\/wp-content\/uploads\/2026\/03\/99.jpg","type":"image\/jpeg"}],"author":"Fatima Silva","twitter_card":"summary_large_image","twitter_misc":{"Escrito por":"Fatima Silva","Tempo estimado de leitura":"2 minutos"},"schema":{"@context":"https:\/\/schema.org","@graph":[{"@type":"Article","@id":"https:\/\/automotiverevista.pt\/index.php\/2026\/03\/11\/tatra-modelo-phoenix-euro-6-com-configuracao-16x16\/#article","isPartOf":{"@id":"https:\/\/automotiverevista.pt\/index.php\/2026\/03\/11\/tatra-modelo-phoenix-euro-6-com-configuracao-16x16\/"},"author":{"name":"Fatima Silva","@id":"https:\/\/automotiverevista.pt\/#\/schema\/person\/1e95eb12553b8edd256acb00fe6dad4b"},"headline":"TATRA \u2013 modelo Phoenix Euro 6 com configura\u00e7\u00e3o 16&#215;16","datePublished":"2026-03-11T08:19:00+00:00","mainEntityOfPage":{"@id":"https:\/\/automotiverevista.pt\/index.php\/2026\/03\/11\/tatra-modelo-phoenix-euro-6-com-configuracao-16x16\/"},"wordCount":175,"publisher":{"@id":"https:\/\/automotiverevista.pt\/#organization"},"image":{"@id":"https:\/\/automotiverevista.pt\/index.php\/2026\/03\/11\/tatra-modelo-phoenix-euro-6-com-configuracao-16x16\/#primaryimage"},"thumbnailUrl":"https:\/\/automotiverevista.pt\/wp-content\/uploads\/2026\/03\/99.jpg","articleSection":["Pesados e M\u00e1quinas"],"inLanguage":"pt-PT"},{"@type":"WebPage","@id":"https:\/\/automotiverevista.pt\/index.php\/2026\/03\/11\/tatra-modelo-phoenix-euro-6-com-configuracao-16x16\/","url":"https:\/\/automotiverevista.pt\/index.php\/2026\/03\/11\/tatra-modelo-phoenix-euro-6-com-configuracao-16x16\/","name":"TATRA \u2013 modelo Phoenix Euro 6 com configura\u00e7\u00e3o 16x16 - Revista Automotive","isPartOf":{"@id":"https:\/\/automotiverevista.pt\/#website"},"primaryImageOfPage":{"@id":"https:\/\/automotiverevista.pt\/index.php\/2026\/03\/11\/tatra-modelo-phoenix-euro-6-com-configuracao-16x16\/#primaryimage"},"image":{"@id":"https:\/\/automotiverevista.pt\/index.php\/2026\/03\/11\/tatra-modelo-phoenix-euro-6-com-configuracao-16x16\/#primaryimage"},"thumbnailUrl":"https:\/\/automotiverevista.pt\/wp-content\/uploads\/2026\/03\/99.jpg","datePublished":"2026-03-11T08:19:00+00:00","description":"Exemplo da sua capacidade t\u00e9cnica, a TATRA produziu o seu modelo Phoenix numa configura\u00e7\u00e3o 16x16, que leva ao limite as capacidades dos ve\u00edcul","breadcrumb":{"@id":"https:\/\/automotiverevista.pt\/index.php\/2026\/03\/11\/tatra-modelo-phoenix-euro-6-com-configuracao-16x16\/#breadcrumb"},"inLanguage":"pt-PT","potentialAction":[{"@type":"ReadAction","target":["https:\/\/automotiverevista.pt\/index.php\/2026\/03\/11\/tatra-modelo-phoenix-euro-6-com-configuracao-16x16\/"]}]},{"@type":"ImageObject","inLanguage":"pt-PT","@id":"https:\/\/automotiverevista.pt\/index.php\/2026\/03\/11\/tatra-modelo-phoenix-euro-6-com-configuracao-16x16\/#primaryimage","url":"https:\/\/automotiverevista.pt\/wp-content\/uploads\/2026\/03\/99.jpg","contentUrl":"https:\/\/automotiverevista.pt\/wp-content\/uploads\/2026\/03\/99.jpg","width":1400,"height":644},{"@type":"BreadcrumbList","@id":"https:\/\/automotiverevista.pt\/index.php\/2026\/03\/11\/tatra-modelo-phoenix-euro-6-com-configuracao-16x16\/#breadcrumb","itemListElement":[{"@type":"ListItem","position":1,"name":"Home","item":"https:\/\/automotiverevista.pt\/"},{"@type":"ListItem","position":2,"name":"TATRA \u2013 modelo Phoenix Euro 6 com configura\u00e7\u00e3o 16&#215;16"}]},{"@type":"WebSite","@id":"https:\/\/automotiverevista.pt\/#website","url":"https:\/\/automotiverevista.pt\/","name":"Revista Automotive","description":"Revista Automotive Portugal","publisher":{"@id":"https:\/\/automotiverevista.pt\/#organization"},"potentialAction":[{"@type":"SearchAction","target":{"@type":"EntryPoint","urlTemplate":"https:\/\/automotiverevista.pt\/?s={search_term_string}"},"query-input":{"@type":"PropertyValueSpecification","valueRequired":true,"valueName":"search_term_string"}}],"inLanguage":"pt-PT"},{"@type":"Organization","@id":"https:\/\/automotiverevista.pt\/#organization","name":"Revista Automotive Portugal","url":"https:\/\/automotiverevista.pt\/","logo":{"@type":"ImageObject","inLanguage":"pt-PT","@id":"https:\/\/automotiverevista.pt\/#\/schema\/logo\/image\/","url":"https:\/\/automotiverevista.pt\/wp-content\/uploads\/2022\/07\/Logo-Automotive-2021_500-1.jpg","contentUrl":"https:\/\/automotiverevista.pt\/wp-content\/uploads\/2022\/07\/Logo-Automotive-2021_500-1.jpg","width":500,"height":160,"caption":"Revista Automotive Portugal"},"image":{"@id":"https:\/\/automotiverevista.pt\/#\/schema\/logo\/image\/"},"sameAs":["https:\/\/linkedin.com\/in\/automotiverevista"]},{"@type":"Person","@id":"https:\/\/automotiverevista.pt\/#\/schema\/person\/1e95eb12553b8edd256acb00fe6dad4b","name":"Fatima Silva","image":{"@type":"ImageObject","inLanguage":"pt-PT","@id":"https:\/\/secure.gravatar.com\/avatar\/4b4a955a9c1b66708ab0dd3bd6181ac1f650299d893bd337a28482f7f19c8511?s=96&d=mm&r=g","url":"https:\/\/secure.gravatar.com\/avatar\/4b4a955a9c1b66708ab0dd3bd6181ac1f650299d893bd337a28482f7f19c8511?s=96&d=mm&r=g","contentUrl":"https:\/\/secure.gravatar.com\/avatar\/4b4a955a9c1b66708ab0dd3bd6181ac1f650299d893bd337a28482f7f19c8511?s=96&d=mm&r=g","caption":"Fatima Silva"},"url":"https:\/\/automotiverevista.pt\/index.php\/author\/fgasparsilva\/"}]}},"_links":{"self":[{"href":"https:\/\/automotiverevista.pt\/index.php\/wp-json\/wp\/v2\/posts\/12566","targetHints":{"allow":["GET"]}}],"collection":[{"href":"https:\/\/automotiverevista.pt\/index.php\/wp-json\/wp\/v2\/posts"}],"about":[{"href":"https:\/\/automotiverevista.pt\/index.php\/wp-json\/wp\/v2\/types\/post"}],"author":[{"embeddable":true,"href":"https:\/\/automotiverevista.pt\/index.php\/wp-json\/wp\/v2\/users\/4"}],"replies":[{"embeddable":true,"href":"https:\/\/automotiverevista.pt\/index.php\/wp-json\/wp\/v2\/comments?post=12566"}],"version-history":[{"count":1,"href":"https:\/\/automotiverevista.pt\/index.php\/wp-json\/wp\/v2\/posts\/12566\/revisions"}],"predecessor-version":[{"id":12577,"href":"https:\/\/automotiverevista.pt\/index.php\/wp-json\/wp\/v2\/posts\/12566\/revisions\/12577"}],"wp:featuredmedia":[{"embeddable":true,"href":"https:\/\/automotiverevista.pt\/index.php\/wp-json\/wp\/v2\/media\/12575"}],"wp:attachment":[{"href":"https:\/\/automotiverevista.pt\/index.php\/wp-json\/wp\/v2\/media?parent=12566"}],"wp:term":[{"taxonomy":"category","embeddable":true,"href":"https:\/\/automotiverevista.pt\/index.php\/wp-json\/wp\/v2\/categories?post=12566"},{"taxonomy":"post_tag","embeddable":true,"href":"https:\/\/automotiverevista.pt\/index.php\/wp-json\/wp\/v2\/tags?post=12566"}],"curies":[{"name":"wp","href":"https:\/\/api.w.org\/{rel}","templated":true}]}}