{"id":12609,"date":"2026-03-12T06:41:00","date_gmt":"2026-03-12T06:41:00","guid":{"rendered":"https:\/\/automotiverevista.pt\/?p=12609"},"modified":"2026-03-10T09:14:29","modified_gmt":"2026-03-10T09:14:29","slug":"a-vipal-borrachas-reforca-a-presenca-em-africa","status":"publish","type":"post","link":"https:\/\/automotiverevista.pt\/index.php\/2026\/03\/12\/a-vipal-borrachas-reforca-a-presenca-em-africa\/","title":{"rendered":"A\u00a0Vipal\u00a0Borrachas\u00a0refor\u00e7a a presen\u00e7a em \u00c1frica\u00a0"},"content":{"rendered":"\n<p>A Vipal refor\u00e7ou a sua colabora\u00e7\u00e3o estrat\u00e9gica com o Mandela&nbsp;Group, no&nbsp;Uganda, atrav\u00e9s de um evento t\u00e9cnico com a empresa renovadora de pneus City Tyres, que reuniu operadores de frotas e destacou a redu\u00e7\u00e3o dos custos operacionais por meio da tecnologia da Vipal na&nbsp;renova\u00e7\u00e3o de pneus.<\/p>\n\n\n\n<p>O evento reuniu cerca de 15 empresas convidadas, al\u00e9m de toda a equipa t\u00e9cnica e comercial da City Tyres. A programa\u00e7\u00e3o incluiu apresenta\u00e7\u00f5es t\u00e9cnicas destinadas a conscientizar sobre os benef\u00edcios da renova\u00e7\u00e3o de pneus, pr\u00e1ticas recomendadas de manuten\u00e7\u00e3o, maximiza\u00e7\u00e3o da efici\u00eancia operacional e redu\u00e7\u00e3o do LCPK (Lowest Cost per Kilometre \u2013 menor custo por quil\u00f3metro).<\/p>\n\n\n<div class=\"wp-block-image\">\n<figure class=\"alignleft size-large is-resized\"><img decoding=\"async\" width=\"1024\" height=\"576\" src=\"https:\/\/automotiverevista.pt\/wp-content\/uploads\/2026\/03\/Divulgacao-Vipal-1-1024x576.jpg\" alt=\"\" class=\"wp-image-12610\" style=\"width:462px;height:auto\" srcset=\"https:\/\/automotiverevista.pt\/wp-content\/uploads\/2026\/03\/Divulgacao-Vipal-1-1024x576.jpg 1024w, https:\/\/automotiverevista.pt\/wp-content\/uploads\/2026\/03\/Divulgacao-Vipal-1-300x169.jpg 300w, https:\/\/automotiverevista.pt\/wp-content\/uploads\/2026\/03\/Divulgacao-Vipal-1-768x432.jpg 768w, https:\/\/automotiverevista.pt\/wp-content\/uploads\/2026\/03\/Divulgacao-Vipal-1-1536x864.jpg 1536w, https:\/\/automotiverevista.pt\/wp-content\/uploads\/2026\/03\/Divulgacao-Vipal-1-2048x1152.jpg 2048w, https:\/\/automotiverevista.pt\/wp-content\/uploads\/2026\/03\/Divulgacao-Vipal-1-750x422.jpg 750w, https:\/\/automotiverevista.pt\/wp-content\/uploads\/2026\/03\/Divulgacao-Vipal-1-1140x641.jpg 1140w\" sizes=\"(max-width: 1024px) 100vw, 1024px\" \/><\/figure>\n<\/div>\n\n\n<p>Representando a Vipal, estiveram presentes Felipe Henzel, Diretor Comercial de Mercado Externo e Duas Rodas; Fabricio Nedeff, Gestor Comercial da Vipal na Europa, Oriente M\u00e9dio e \u00c1frica; e Alfonso Iba\u00f1ez, respons\u00e1vel Comercial da regi\u00e3o do Oriente M\u00e9dio e \u00c1frica.<\/p>\n\n\n\n<p>Evelyn Tabitha, Gestor de Vendas de Cami\u00f5es do Mandela Group, comentou que &#8220;foi um grande momento para n\u00f3s no Mandela Group e na City Tyres, pois permitiu-nos reconectar-nos com os nossos clientes e com o nosso parceiro estrat\u00e9gico, a Vipal do Brasil. Mantivemos conversas muito enriquecedoras sobre solu\u00e7\u00f5es para pneus, manuten\u00e7\u00e3o adequada, maximiza\u00e7\u00e3o da efici\u00eancia e rentabilidade, e sobre como garantir que os nossos clientes alcancem o menor custo por quil\u00f3metro (LCPK)\u201d<\/p>\n\n\n\n<p>Por sua vez, Fabr\u00edcio Nedeff destaca a relev\u00e2ncia estrat\u00e9gica da regi\u00e3o. &#8220;\u00c1frica \u00e9 um mercado com grande potencial de expans\u00e3o na renova\u00e7\u00e3o de pneus e a atua\u00e7\u00e3o conjunta com parceiros estrat\u00e9gicos s\u00f3lidos, como o Mandela Group, fortalece a nossa estrat\u00e9gia de longo prazo. O nosso objetivo \u00e9 contribuir continuamente com tecnologia, forma\u00e7\u00e3o e suporte t\u00e9cnico, para garantir que os clientes alcancem o menor custo por quil\u00f3metro com seguran\u00e7a e alto desempenho&#8221; referiu Fabr\u00edcio Nedeff.<\/p>\n\n\n<div class=\"wp-block-image\">\n<figure class=\"aligncenter size-large is-resized\"><img decoding=\"async\" width=\"1024\" height=\"576\" src=\"https:\/\/automotiverevista.pt\/wp-content\/uploads\/2026\/03\/hh-1024x576.jpg\" alt=\"\" class=\"wp-image-12612\" style=\"width:530px;height:auto\" srcset=\"https:\/\/automotiverevista.pt\/wp-content\/uploads\/2026\/03\/hh-1024x576.jpg 1024w, https:\/\/automotiverevista.pt\/wp-content\/uploads\/2026\/03\/hh-300x169.jpg 300w, https:\/\/automotiverevista.pt\/wp-content\/uploads\/2026\/03\/hh-768x432.jpg 768w, https:\/\/automotiverevista.pt\/wp-content\/uploads\/2026\/03\/hh-1536x864.jpg 1536w, https:\/\/automotiverevista.pt\/wp-content\/uploads\/2026\/03\/hh-750x422.jpg 750w, https:\/\/automotiverevista.pt\/wp-content\/uploads\/2026\/03\/hh-1140x641.jpg 1140w, https:\/\/automotiverevista.pt\/wp-content\/uploads\/2026\/03\/hh.jpg 2000w\" sizes=\"(max-width: 1024px) 100vw, 1024px\" \/><\/figure>\n<\/div>","protected":false},"excerpt":{"rendered":"<p>A Vipal refor\u00e7ou a sua colabora\u00e7\u00e3o estrat\u00e9gica com o Mandela&nbsp;Group, no&nbsp;Uganda, atrav\u00e9s de um evento t\u00e9cnico com a empresa renovadora de pneus City Tyres, que reuniu operadores de frotas e destacou a redu\u00e7\u00e3o dos custos operacionais por meio da tecnologia da Vipal na&nbsp;renova\u00e7\u00e3o de pneus. O evento reuniu cerca de 15 empresas convidadas, al\u00e9m de [&hellip;]<\/p>\n","protected":false},"author":4,"featured_media":12611,"comment_status":"closed","ping_status":"open","sticky":false,"template":"","format":"standard","meta":{"jnews-multi-image_gallery":[],"jnews_single_post":{"format":"standard"},"jnews_primary_category":[],"footnotes":""},"categories":[25,21],"tags":[],"class_list":["post-12609","post","type-post","status-publish","format-standard","has-post-thumbnail","hentry","category-pesados-e-maquinas","category-pos-venda"],"yoast_head":"<!-- This site is optimized with the Yoast SEO Premium plugin v27.5 (Yoast SEO v27.5) - https:\/\/yoast.com\/product\/yoast-seo-premium-wordpress\/ -->\n<title>A\u00a0Vipal\u00a0Borrachas\u00a0refor\u00e7a a presen\u00e7a em \u00c1frica\u00a0 - Revista Automotive<\/title>\n<meta name=\"description\" content=\"A Vipal refor\u00e7ou a sua colabora\u00e7\u00e3o estrat\u00e9gica com o Mandela\u00a0Group, no\u00a0Uganda, atrav\u00e9s de um evento t\u00e9cnico com a empresa renovadora de pneus\" \/>\n<meta name=\"robots\" content=\"index, follow, max-snippet:-1, max-image-preview:large, max-video-preview:-1\" \/>\n<link rel=\"canonical\" href=\"https:\/\/automotiverevista.pt\/index.php\/2026\/03\/12\/a-vipal-borrachas-reforca-a-presenca-em-africa\/\" \/>\n<meta property=\"og:locale\" content=\"pt_PT\" \/>\n<meta property=\"og:type\" content=\"article\" \/>\n<meta property=\"og:title\" content=\"A\u00a0Vipal\u00a0Borrachas\u00a0refor\u00e7a a presen\u00e7a em \u00c1frica\u00a0\" \/>\n<meta property=\"og:description\" content=\"A Vipal refor\u00e7ou a sua colabora\u00e7\u00e3o estrat\u00e9gica com o Mandela\u00a0Group, no\u00a0Uganda, atrav\u00e9s de um evento t\u00e9cnico com a empresa renovadora de pneus\" \/>\n<meta property=\"og:url\" content=\"https:\/\/automotiverevista.pt\/index.php\/2026\/03\/12\/a-vipal-borrachas-reforca-a-presenca-em-africa\/\" \/>\n<meta property=\"og:site_name\" content=\"Revista Automotive\" \/>\n<meta property=\"article:published_time\" content=\"2026-03-12T06:41:00+00:00\" \/>\n<meta property=\"og:image\" content=\"https:\/\/automotiverevista.pt\/wp-content\/uploads\/2026\/03\/image-3.png\" \/>\n\t<meta property=\"og:image:width\" content=\"1383\" \/>\n\t<meta property=\"og:image:height\" content=\"465\" \/>\n\t<meta property=\"og:image:type\" content=\"image\/png\" \/>\n<meta name=\"author\" content=\"Fatima Silva\" \/>\n<meta name=\"twitter:card\" content=\"summary_large_image\" \/>\n<meta name=\"twitter:label1\" content=\"Escrito por\" \/>\n\t<meta name=\"twitter:data1\" content=\"Fatima Silva\" \/>\n\t<meta name=\"twitter:label2\" content=\"Tempo estimado de leitura\" \/>\n\t<meta name=\"twitter:data2\" content=\"3 minutos\" \/>\n<script type=\"application\/ld+json\" class=\"yoast-schema-graph\">{\"@context\":\"https:\\\/\\\/schema.org\",\"@graph\":[{\"@type\":\"Article\",\"@id\":\"https:\\\/\\\/automotiverevista.pt\\\/index.php\\\/2026\\\/03\\\/12\\\/a-vipal-borrachas-reforca-a-presenca-em-africa\\\/#article\",\"isPartOf\":{\"@id\":\"https:\\\/\\\/automotiverevista.pt\\\/index.php\\\/2026\\\/03\\\/12\\\/a-vipal-borrachas-reforca-a-presenca-em-africa\\\/\"},\"author\":{\"name\":\"Fatima Silva\",\"@id\":\"https:\\\/\\\/automotiverevista.pt\\\/#\\\/schema\\\/person\\\/1e95eb12553b8edd256acb00fe6dad4b\"},\"headline\":\"A\u00a0Vipal\u00a0Borrachas\u00a0refor\u00e7a a presen\u00e7a em \u00c1frica\u00a0\",\"datePublished\":\"2026-03-12T06:41:00+00:00\",\"mainEntityOfPage\":{\"@id\":\"https:\\\/\\\/automotiverevista.pt\\\/index.php\\\/2026\\\/03\\\/12\\\/a-vipal-borrachas-reforca-a-presenca-em-africa\\\/\"},\"wordCount\":345,\"publisher\":{\"@id\":\"https:\\\/\\\/automotiverevista.pt\\\/#organization\"},\"image\":{\"@id\":\"https:\\\/\\\/automotiverevista.pt\\\/index.php\\\/2026\\\/03\\\/12\\\/a-vipal-borrachas-reforca-a-presenca-em-africa\\\/#primaryimage\"},\"thumbnailUrl\":\"https:\\\/\\\/automotiverevista.pt\\\/wp-content\\\/uploads\\\/2026\\\/03\\\/image-3.png\",\"articleSection\":[\"Pesados e M\u00e1quinas\",\"P\u00f3s-Venda\"],\"inLanguage\":\"pt-PT\"},{\"@type\":\"WebPage\",\"@id\":\"https:\\\/\\\/automotiverevista.pt\\\/index.php\\\/2026\\\/03\\\/12\\\/a-vipal-borrachas-reforca-a-presenca-em-africa\\\/\",\"url\":\"https:\\\/\\\/automotiverevista.pt\\\/index.php\\\/2026\\\/03\\\/12\\\/a-vipal-borrachas-reforca-a-presenca-em-africa\\\/\",\"name\":\"A\u00a0Vipal\u00a0Borrachas\u00a0refor\u00e7a a presen\u00e7a em \u00c1frica\u00a0 - Revista Automotive\",\"isPartOf\":{\"@id\":\"https:\\\/\\\/automotiverevista.pt\\\/#website\"},\"primaryImageOfPage\":{\"@id\":\"https:\\\/\\\/automotiverevista.pt\\\/index.php\\\/2026\\\/03\\\/12\\\/a-vipal-borrachas-reforca-a-presenca-em-africa\\\/#primaryimage\"},\"image\":{\"@id\":\"https:\\\/\\\/automotiverevista.pt\\\/index.php\\\/2026\\\/03\\\/12\\\/a-vipal-borrachas-reforca-a-presenca-em-africa\\\/#primaryimage\"},\"thumbnailUrl\":\"https:\\\/\\\/automotiverevista.pt\\\/wp-content\\\/uploads\\\/2026\\\/03\\\/image-3.png\",\"datePublished\":\"2026-03-12T06:41:00+00:00\",\"description\":\"A Vipal refor\u00e7ou a sua colabora\u00e7\u00e3o estrat\u00e9gica com o Mandela\u00a0Group, no\u00a0Uganda, atrav\u00e9s de um evento t\u00e9cnico com a empresa renovadora de pneus\",\"breadcrumb\":{\"@id\":\"https:\\\/\\\/automotiverevista.pt\\\/index.php\\\/2026\\\/03\\\/12\\\/a-vipal-borrachas-reforca-a-presenca-em-africa\\\/#breadcrumb\"},\"inLanguage\":\"pt-PT\",\"potentialAction\":[{\"@type\":\"ReadAction\",\"target\":[\"https:\\\/\\\/automotiverevista.pt\\\/index.php\\\/2026\\\/03\\\/12\\\/a-vipal-borrachas-reforca-a-presenca-em-africa\\\/\"]}]},{\"@type\":\"ImageObject\",\"inLanguage\":\"pt-PT\",\"@id\":\"https:\\\/\\\/automotiverevista.pt\\\/index.php\\\/2026\\\/03\\\/12\\\/a-vipal-borrachas-reforca-a-presenca-em-africa\\\/#primaryimage\",\"url\":\"https:\\\/\\\/automotiverevista.pt\\\/wp-content\\\/uploads\\\/2026\\\/03\\\/image-3.png\",\"contentUrl\":\"https:\\\/\\\/automotiverevista.pt\\\/wp-content\\\/uploads\\\/2026\\\/03\\\/image-3.png\",\"width\":1383,\"height\":465},{\"@type\":\"BreadcrumbList\",\"@id\":\"https:\\\/\\\/automotiverevista.pt\\\/index.php\\\/2026\\\/03\\\/12\\\/a-vipal-borrachas-reforca-a-presenca-em-africa\\\/#breadcrumb\",\"itemListElement\":[{\"@type\":\"ListItem\",\"position\":1,\"name\":\"Home\",\"item\":\"https:\\\/\\\/automotiverevista.pt\\\/\"},{\"@type\":\"ListItem\",\"position\":2,\"name\":\"A\u00a0Vipal\u00a0Borrachas\u00a0refor\u00e7a a presen\u00e7a em \u00c1frica\u00a0\"}]},{\"@type\":\"WebSite\",\"@id\":\"https:\\\/\\\/automotiverevista.pt\\\/#website\",\"url\":\"https:\\\/\\\/automotiverevista.pt\\\/\",\"name\":\"Revista Automotive\",\"description\":\"Revista Automotive Portugal\",\"publisher\":{\"@id\":\"https:\\\/\\\/automotiverevista.pt\\\/#organization\"},\"potentialAction\":[{\"@type\":\"SearchAction\",\"target\":{\"@type\":\"EntryPoint\",\"urlTemplate\":\"https:\\\/\\\/automotiverevista.pt\\\/?s={search_term_string}\"},\"query-input\":{\"@type\":\"PropertyValueSpecification\",\"valueRequired\":true,\"valueName\":\"search_term_string\"}}],\"inLanguage\":\"pt-PT\"},{\"@type\":\"Organization\",\"@id\":\"https:\\\/\\\/automotiverevista.pt\\\/#organization\",\"name\":\"Revista Automotive Portugal\",\"url\":\"https:\\\/\\\/automotiverevista.pt\\\/\",\"logo\":{\"@type\":\"ImageObject\",\"inLanguage\":\"pt-PT\",\"@id\":\"https:\\\/\\\/automotiverevista.pt\\\/#\\\/schema\\\/logo\\\/image\\\/\",\"url\":\"https:\\\/\\\/automotiverevista.pt\\\/wp-content\\\/uploads\\\/2022\\\/07\\\/Logo-Automotive-2021_500-1.jpg\",\"contentUrl\":\"https:\\\/\\\/automotiverevista.pt\\\/wp-content\\\/uploads\\\/2022\\\/07\\\/Logo-Automotive-2021_500-1.jpg\",\"width\":500,\"height\":160,\"caption\":\"Revista Automotive Portugal\"},\"image\":{\"@id\":\"https:\\\/\\\/automotiverevista.pt\\\/#\\\/schema\\\/logo\\\/image\\\/\"},\"sameAs\":[\"https:\\\/\\\/linkedin.com\\\/in\\\/automotiverevista\"]},{\"@type\":\"Person\",\"@id\":\"https:\\\/\\\/automotiverevista.pt\\\/#\\\/schema\\\/person\\\/1e95eb12553b8edd256acb00fe6dad4b\",\"name\":\"Fatima Silva\",\"image\":{\"@type\":\"ImageObject\",\"inLanguage\":\"pt-PT\",\"@id\":\"https:\\\/\\\/secure.gravatar.com\\\/avatar\\\/4b4a955a9c1b66708ab0dd3bd6181ac1f650299d893bd337a28482f7f19c8511?s=96&d=mm&r=g\",\"url\":\"https:\\\/\\\/secure.gravatar.com\\\/avatar\\\/4b4a955a9c1b66708ab0dd3bd6181ac1f650299d893bd337a28482f7f19c8511?s=96&d=mm&r=g\",\"contentUrl\":\"https:\\\/\\\/secure.gravatar.com\\\/avatar\\\/4b4a955a9c1b66708ab0dd3bd6181ac1f650299d893bd337a28482f7f19c8511?s=96&d=mm&r=g\",\"caption\":\"Fatima Silva\"},\"url\":\"https:\\\/\\\/automotiverevista.pt\\\/index.php\\\/author\\\/fgasparsilva\\\/\"}]}<\/script>\n<!-- \/ Yoast SEO Premium plugin. -->","yoast_head_json":{"title":"A\u00a0Vipal\u00a0Borrachas\u00a0refor\u00e7a a presen\u00e7a em \u00c1frica\u00a0 - Revista Automotive","description":"A Vipal refor\u00e7ou a sua colabora\u00e7\u00e3o estrat\u00e9gica com o Mandela\u00a0Group, no\u00a0Uganda, atrav\u00e9s de um evento t\u00e9cnico com a empresa renovadora de pneus","robots":{"index":"index","follow":"follow","max-snippet":"max-snippet:-1","max-image-preview":"max-image-preview:large","max-video-preview":"max-video-preview:-1"},"canonical":"https:\/\/automotiverevista.pt\/index.php\/2026\/03\/12\/a-vipal-borrachas-reforca-a-presenca-em-africa\/","og_locale":"pt_PT","og_type":"article","og_title":"A\u00a0Vipal\u00a0Borrachas\u00a0refor\u00e7a a presen\u00e7a em \u00c1frica\u00a0","og_description":"A Vipal refor\u00e7ou a sua colabora\u00e7\u00e3o estrat\u00e9gica com o Mandela\u00a0Group, no\u00a0Uganda, atrav\u00e9s de um evento t\u00e9cnico com a empresa renovadora de pneus","og_url":"https:\/\/automotiverevista.pt\/index.php\/2026\/03\/12\/a-vipal-borrachas-reforca-a-presenca-em-africa\/","og_site_name":"Revista Automotive","article_published_time":"2026-03-12T06:41:00+00:00","og_image":[{"width":1383,"height":465,"url":"https:\/\/automotiverevista.pt\/wp-content\/uploads\/2026\/03\/image-3.png","type":"image\/png"}],"author":"Fatima Silva","twitter_card":"summary_large_image","twitter_misc":{"Escrito por":"Fatima Silva","Tempo estimado de leitura":"3 minutos"},"schema":{"@context":"https:\/\/schema.org","@graph":[{"@type":"Article","@id":"https:\/\/automotiverevista.pt\/index.php\/2026\/03\/12\/a-vipal-borrachas-reforca-a-presenca-em-africa\/#article","isPartOf":{"@id":"https:\/\/automotiverevista.pt\/index.php\/2026\/03\/12\/a-vipal-borrachas-reforca-a-presenca-em-africa\/"},"author":{"name":"Fatima Silva","@id":"https:\/\/automotiverevista.pt\/#\/schema\/person\/1e95eb12553b8edd256acb00fe6dad4b"},"headline":"A\u00a0Vipal\u00a0Borrachas\u00a0refor\u00e7a a presen\u00e7a em \u00c1frica\u00a0","datePublished":"2026-03-12T06:41:00+00:00","mainEntityOfPage":{"@id":"https:\/\/automotiverevista.pt\/index.php\/2026\/03\/12\/a-vipal-borrachas-reforca-a-presenca-em-africa\/"},"wordCount":345,"publisher":{"@id":"https:\/\/automotiverevista.pt\/#organization"},"image":{"@id":"https:\/\/automotiverevista.pt\/index.php\/2026\/03\/12\/a-vipal-borrachas-reforca-a-presenca-em-africa\/#primaryimage"},"thumbnailUrl":"https:\/\/automotiverevista.pt\/wp-content\/uploads\/2026\/03\/image-3.png","articleSection":["Pesados e M\u00e1quinas","P\u00f3s-Venda"],"inLanguage":"pt-PT"},{"@type":"WebPage","@id":"https:\/\/automotiverevista.pt\/index.php\/2026\/03\/12\/a-vipal-borrachas-reforca-a-presenca-em-africa\/","url":"https:\/\/automotiverevista.pt\/index.php\/2026\/03\/12\/a-vipal-borrachas-reforca-a-presenca-em-africa\/","name":"A\u00a0Vipal\u00a0Borrachas\u00a0refor\u00e7a a presen\u00e7a em \u00c1frica\u00a0 - Revista Automotive","isPartOf":{"@id":"https:\/\/automotiverevista.pt\/#website"},"primaryImageOfPage":{"@id":"https:\/\/automotiverevista.pt\/index.php\/2026\/03\/12\/a-vipal-borrachas-reforca-a-presenca-em-africa\/#primaryimage"},"image":{"@id":"https:\/\/automotiverevista.pt\/index.php\/2026\/03\/12\/a-vipal-borrachas-reforca-a-presenca-em-africa\/#primaryimage"},"thumbnailUrl":"https:\/\/automotiverevista.pt\/wp-content\/uploads\/2026\/03\/image-3.png","datePublished":"2026-03-12T06:41:00+00:00","description":"A Vipal refor\u00e7ou a sua colabora\u00e7\u00e3o estrat\u00e9gica com o Mandela\u00a0Group, no\u00a0Uganda, atrav\u00e9s de um evento t\u00e9cnico com a empresa renovadora de pneus","breadcrumb":{"@id":"https:\/\/automotiverevista.pt\/index.php\/2026\/03\/12\/a-vipal-borrachas-reforca-a-presenca-em-africa\/#breadcrumb"},"inLanguage":"pt-PT","potentialAction":[{"@type":"ReadAction","target":["https:\/\/automotiverevista.pt\/index.php\/2026\/03\/12\/a-vipal-borrachas-reforca-a-presenca-em-africa\/"]}]},{"@type":"ImageObject","inLanguage":"pt-PT","@id":"https:\/\/automotiverevista.pt\/index.php\/2026\/03\/12\/a-vipal-borrachas-reforca-a-presenca-em-africa\/#primaryimage","url":"https:\/\/automotiverevista.pt\/wp-content\/uploads\/2026\/03\/image-3.png","contentUrl":"https:\/\/automotiverevista.pt\/wp-content\/uploads\/2026\/03\/image-3.png","width":1383,"height":465},{"@type":"BreadcrumbList","@id":"https:\/\/automotiverevista.pt\/index.php\/2026\/03\/12\/a-vipal-borrachas-reforca-a-presenca-em-africa\/#breadcrumb","itemListElement":[{"@type":"ListItem","position":1,"name":"Home","item":"https:\/\/automotiverevista.pt\/"},{"@type":"ListItem","position":2,"name":"A\u00a0Vipal\u00a0Borrachas\u00a0refor\u00e7a a presen\u00e7a em \u00c1frica\u00a0"}]},{"@type":"WebSite","@id":"https:\/\/automotiverevista.pt\/#website","url":"https:\/\/automotiverevista.pt\/","name":"Revista Automotive","description":"Revista Automotive Portugal","publisher":{"@id":"https:\/\/automotiverevista.pt\/#organization"},"potentialAction":[{"@type":"SearchAction","target":{"@type":"EntryPoint","urlTemplate":"https:\/\/automotiverevista.pt\/?s={search_term_string}"},"query-input":{"@type":"PropertyValueSpecification","valueRequired":true,"valueName":"search_term_string"}}],"inLanguage":"pt-PT"},{"@type":"Organization","@id":"https:\/\/automotiverevista.pt\/#organization","name":"Revista Automotive Portugal","url":"https:\/\/automotiverevista.pt\/","logo":{"@type":"ImageObject","inLanguage":"pt-PT","@id":"https:\/\/automotiverevista.pt\/#\/schema\/logo\/image\/","url":"https:\/\/automotiverevista.pt\/wp-content\/uploads\/2022\/07\/Logo-Automotive-2021_500-1.jpg","contentUrl":"https:\/\/automotiverevista.pt\/wp-content\/uploads\/2022\/07\/Logo-Automotive-2021_500-1.jpg","width":500,"height":160,"caption":"Revista Automotive Portugal"},"image":{"@id":"https:\/\/automotiverevista.pt\/#\/schema\/logo\/image\/"},"sameAs":["https:\/\/linkedin.com\/in\/automotiverevista"]},{"@type":"Person","@id":"https:\/\/automotiverevista.pt\/#\/schema\/person\/1e95eb12553b8edd256acb00fe6dad4b","name":"Fatima Silva","image":{"@type":"ImageObject","inLanguage":"pt-PT","@id":"https:\/\/secure.gravatar.com\/avatar\/4b4a955a9c1b66708ab0dd3bd6181ac1f650299d893bd337a28482f7f19c8511?s=96&d=mm&r=g","url":"https:\/\/secure.gravatar.com\/avatar\/4b4a955a9c1b66708ab0dd3bd6181ac1f650299d893bd337a28482f7f19c8511?s=96&d=mm&r=g","contentUrl":"https:\/\/secure.gravatar.com\/avatar\/4b4a955a9c1b66708ab0dd3bd6181ac1f650299d893bd337a28482f7f19c8511?s=96&d=mm&r=g","caption":"Fatima Silva"},"url":"https:\/\/automotiverevista.pt\/index.php\/author\/fgasparsilva\/"}]}},"_links":{"self":[{"href":"https:\/\/automotiverevista.pt\/index.php\/wp-json\/wp\/v2\/posts\/12609","targetHints":{"allow":["GET"]}}],"collection":[{"href":"https:\/\/automotiverevista.pt\/index.php\/wp-json\/wp\/v2\/posts"}],"about":[{"href":"https:\/\/automotiverevista.pt\/index.php\/wp-json\/wp\/v2\/types\/post"}],"author":[{"embeddable":true,"href":"https:\/\/automotiverevista.pt\/index.php\/wp-json\/wp\/v2\/users\/4"}],"replies":[{"embeddable":true,"href":"https:\/\/automotiverevista.pt\/index.php\/wp-json\/wp\/v2\/comments?post=12609"}],"version-history":[{"count":2,"href":"https:\/\/automotiverevista.pt\/index.php\/wp-json\/wp\/v2\/posts\/12609\/revisions"}],"predecessor-version":[{"id":12614,"href":"https:\/\/automotiverevista.pt\/index.php\/wp-json\/wp\/v2\/posts\/12609\/revisions\/12614"}],"wp:featuredmedia":[{"embeddable":true,"href":"https:\/\/automotiverevista.pt\/index.php\/wp-json\/wp\/v2\/media\/12611"}],"wp:attachment":[{"href":"https:\/\/automotiverevista.pt\/index.php\/wp-json\/wp\/v2\/media?parent=12609"}],"wp:term":[{"taxonomy":"category","embeddable":true,"href":"https:\/\/automotiverevista.pt\/index.php\/wp-json\/wp\/v2\/categories?post=12609"},{"taxonomy":"post_tag","embeddable":true,"href":"https:\/\/automotiverevista.pt\/index.php\/wp-json\/wp\/v2\/tags?post=12609"}],"curies":[{"name":"wp","href":"https:\/\/api.w.org\/{rel}","templated":true}]}}