{"id":12615,"date":"2026-03-11T09:11:37","date_gmt":"2026-03-11T09:11:37","guid":{"rendered":"https:\/\/automotiverevista.pt\/?p=12615"},"modified":"2026-03-10T09:12:36","modified_gmt":"2026-03-10T09:12:36","slug":"valpi-motor-moderniza-estrategia-no-setor-de-usados","status":"publish","type":"post","link":"https:\/\/automotiverevista.pt\/index.php\/2026\/03\/11\/valpi-motor-moderniza-estrategia-no-setor-de-usados\/","title":{"rendered":"Valpi Motor moderniza estrat\u00e9gia no setor de usados"},"content":{"rendered":"\n<p>A empresa pertencente ao <a href=\"https:\/\/automotiverevista.pt\/index.php\/2026\/02\/13\/grupo-valpi-completa-100-anos-com-mais-investimentos\/\" id=\"https:\/\/automotiverevista.pt\/index.php\/2026\/02\/13\/grupo-valpi-completa-100-anos-com-mais-investimentos\/\">Grupo Valpi<\/a>, mudou a sua identidade visual numa abordagem mais contempor\u00e2nea, desenvolvida n\u00e3o apenas para refletir o posicionamento atual da Valpi Motor, mas tamb\u00e9m para garantir maior alinhamento com os restantes log\u00f3tipos do Grupo Valpi, no contexto das comemora\u00e7\u00f5es dos seus 100 anos.<\/p>\n\n\n\n<p>A <a href=\"https:\/\/www.valpimotor.pt\/\" id=\"https:\/\/www.valpimotor.pt\/\">Valpi Motor <\/a>afirma-se como uma marca de confian\u00e7a no mercado de usados, distinguindo-se pela venda de viaturas pr\u00f3prias nacionais, com garantia e hist\u00f3rico de manuten\u00e7\u00e3o, assegurando transpar\u00eancia e seguran\u00e7a em cada aquisi\u00e7\u00e3o. Atualmente, disponibiliza mais de 600 viaturas em stock, refor\u00e7ando a sua capacidade de resposta \u00e0s necessidades dos clientes.<\/p>\n\n\n\n<p>Ao longo dos \u00faltimos anos, a Valpi Motor tem investido na melhoria da experi\u00eancia do cliente, aliando qualidade, proximidade e dinamismo em cada servi\u00e7o prestado. A nova identidade visual reflete esta evolu\u00e7\u00e3o, transmitindo modernidade, movimento e proximidade, mantendo os valores que sempre caracterizaram a marca.<\/p>\n\n\n<div class=\"wp-block-image\">\n<figure class=\"aligncenter size-full\"><img decoding=\"async\" width=\"410\" height=\"266\" src=\"https:\/\/automotiverevista.pt\/wp-content\/uploads\/2026\/03\/Capturar.jpg\" alt=\"\" class=\"wp-image-12617\" srcset=\"https:\/\/automotiverevista.pt\/wp-content\/uploads\/2026\/03\/Capturar.jpg 410w, https:\/\/automotiverevista.pt\/wp-content\/uploads\/2026\/03\/Capturar-300x195.jpg 300w\" sizes=\"(max-width: 410px) 100vw, 410px\" \/><\/figure>\n<\/div>","protected":false},"excerpt":{"rendered":"<p>A empresa pertencente ao Grupo Valpi, mudou a sua identidade visual numa abordagem mais contempor\u00e2nea, desenvolvida n\u00e3o apenas para refletir o posicionamento atual da Valpi Motor, mas tamb\u00e9m para garantir maior alinhamento com os restantes log\u00f3tipos do Grupo Valpi, no contexto das comemora\u00e7\u00f5es dos seus 100 anos. A Valpi Motor afirma-se como uma marca de [&hellip;]<\/p>\n","protected":false},"author":4,"featured_media":12619,"comment_status":"closed","ping_status":"open","sticky":false,"template":"","format":"standard","meta":{"jnews-multi-image_gallery":[],"jnews_single_post":{"format":"standard"},"jnews_primary_category":[],"footnotes":""},"categories":[23,21],"tags":[],"class_list":["post-12615","post","type-post","status-publish","format-standard","has-post-thumbnail","hentry","category-frotas","category-pos-venda"],"yoast_head":"<!-- This site is optimized with the Yoast SEO Premium plugin v27.5 (Yoast SEO v27.5) - https:\/\/yoast.com\/product\/yoast-seo-premium-wordpress\/ -->\n<title>Valpi Motor moderniza estrat\u00e9gia no setor de usados - Revista Automotive<\/title>\n<meta name=\"description\" content=\"A empresa pertencente ao Grupo Valpi, mudou a sua identidade visual numa abordagem mais contempor\u00e2nea, desenvolvida n\u00e3o apenas para refletir o\" \/>\n<meta name=\"robots\" content=\"index, follow, max-snippet:-1, max-image-preview:large, max-video-preview:-1\" \/>\n<link rel=\"canonical\" href=\"https:\/\/automotiverevista.pt\/index.php\/2026\/03\/11\/valpi-motor-moderniza-estrategia-no-setor-de-usados\/\" \/>\n<meta property=\"og:locale\" content=\"pt_PT\" \/>\n<meta property=\"og:type\" content=\"article\" \/>\n<meta property=\"og:title\" content=\"Valpi Motor moderniza estrat\u00e9gia no setor de usados\" \/>\n<meta property=\"og:description\" content=\"A empresa pertencente ao Grupo Valpi, mudou a sua identidade visual numa abordagem mais contempor\u00e2nea, desenvolvida n\u00e3o apenas para refletir o\" \/>\n<meta property=\"og:url\" content=\"https:\/\/automotiverevista.pt\/index.php\/2026\/03\/11\/valpi-motor-moderniza-estrategia-no-setor-de-usados\/\" \/>\n<meta property=\"og:site_name\" content=\"Revista Automotive\" \/>\n<meta property=\"article:published_time\" content=\"2026-03-11T09:11:37+00:00\" \/>\n<meta property=\"og:image\" content=\"https:\/\/automotiverevista.pt\/wp-content\/uploads\/2026\/03\/1-1.jpg\" \/>\n\t<meta property=\"og:image:width\" content=\"877\" \/>\n\t<meta property=\"og:image:height\" content=\"459\" \/>\n\t<meta property=\"og:image:type\" content=\"image\/jpeg\" \/>\n<meta name=\"author\" content=\"Fatima Silva\" \/>\n<meta name=\"twitter:card\" content=\"summary_large_image\" \/>\n<meta name=\"twitter:label1\" content=\"Escrito por\" \/>\n\t<meta name=\"twitter:data1\" content=\"Fatima Silva\" \/>\n\t<meta name=\"twitter:label2\" content=\"Tempo estimado de leitura\" \/>\n\t<meta name=\"twitter:data2\" content=\"2 minutos\" \/>\n<script type=\"application\/ld+json\" class=\"yoast-schema-graph\">{\"@context\":\"https:\\\/\\\/schema.org\",\"@graph\":[{\"@type\":\"Article\",\"@id\":\"https:\\\/\\\/automotiverevista.pt\\\/index.php\\\/2026\\\/03\\\/11\\\/valpi-motor-moderniza-estrategia-no-setor-de-usados\\\/#article\",\"isPartOf\":{\"@id\":\"https:\\\/\\\/automotiverevista.pt\\\/index.php\\\/2026\\\/03\\\/11\\\/valpi-motor-moderniza-estrategia-no-setor-de-usados\\\/\"},\"author\":{\"name\":\"Fatima Silva\",\"@id\":\"https:\\\/\\\/automotiverevista.pt\\\/#\\\/schema\\\/person\\\/1e95eb12553b8edd256acb00fe6dad4b\"},\"headline\":\"Valpi Motor moderniza estrat\u00e9gia no setor de usados\",\"datePublished\":\"2026-03-11T09:11:37+00:00\",\"mainEntityOfPage\":{\"@id\":\"https:\\\/\\\/automotiverevista.pt\\\/index.php\\\/2026\\\/03\\\/11\\\/valpi-motor-moderniza-estrategia-no-setor-de-usados\\\/\"},\"wordCount\":166,\"publisher\":{\"@id\":\"https:\\\/\\\/automotiverevista.pt\\\/#organization\"},\"image\":{\"@id\":\"https:\\\/\\\/automotiverevista.pt\\\/index.php\\\/2026\\\/03\\\/11\\\/valpi-motor-moderniza-estrategia-no-setor-de-usados\\\/#primaryimage\"},\"thumbnailUrl\":\"https:\\\/\\\/automotiverevista.pt\\\/wp-content\\\/uploads\\\/2026\\\/03\\\/1-1.jpg\",\"articleSection\":[\"Frotas\",\"P\u00f3s-Venda\"],\"inLanguage\":\"pt-PT\"},{\"@type\":\"WebPage\",\"@id\":\"https:\\\/\\\/automotiverevista.pt\\\/index.php\\\/2026\\\/03\\\/11\\\/valpi-motor-moderniza-estrategia-no-setor-de-usados\\\/\",\"url\":\"https:\\\/\\\/automotiverevista.pt\\\/index.php\\\/2026\\\/03\\\/11\\\/valpi-motor-moderniza-estrategia-no-setor-de-usados\\\/\",\"name\":\"Valpi Motor moderniza estrat\u00e9gia no setor de usados - Revista Automotive\",\"isPartOf\":{\"@id\":\"https:\\\/\\\/automotiverevista.pt\\\/#website\"},\"primaryImageOfPage\":{\"@id\":\"https:\\\/\\\/automotiverevista.pt\\\/index.php\\\/2026\\\/03\\\/11\\\/valpi-motor-moderniza-estrategia-no-setor-de-usados\\\/#primaryimage\"},\"image\":{\"@id\":\"https:\\\/\\\/automotiverevista.pt\\\/index.php\\\/2026\\\/03\\\/11\\\/valpi-motor-moderniza-estrategia-no-setor-de-usados\\\/#primaryimage\"},\"thumbnailUrl\":\"https:\\\/\\\/automotiverevista.pt\\\/wp-content\\\/uploads\\\/2026\\\/03\\\/1-1.jpg\",\"datePublished\":\"2026-03-11T09:11:37+00:00\",\"description\":\"A empresa pertencente ao Grupo Valpi, mudou a sua identidade visual numa abordagem mais contempor\u00e2nea, desenvolvida n\u00e3o apenas para refletir o\",\"breadcrumb\":{\"@id\":\"https:\\\/\\\/automotiverevista.pt\\\/index.php\\\/2026\\\/03\\\/11\\\/valpi-motor-moderniza-estrategia-no-setor-de-usados\\\/#breadcrumb\"},\"inLanguage\":\"pt-PT\",\"potentialAction\":[{\"@type\":\"ReadAction\",\"target\":[\"https:\\\/\\\/automotiverevista.pt\\\/index.php\\\/2026\\\/03\\\/11\\\/valpi-motor-moderniza-estrategia-no-setor-de-usados\\\/\"]}]},{\"@type\":\"ImageObject\",\"inLanguage\":\"pt-PT\",\"@id\":\"https:\\\/\\\/automotiverevista.pt\\\/index.php\\\/2026\\\/03\\\/11\\\/valpi-motor-moderniza-estrategia-no-setor-de-usados\\\/#primaryimage\",\"url\":\"https:\\\/\\\/automotiverevista.pt\\\/wp-content\\\/uploads\\\/2026\\\/03\\\/1-1.jpg\",\"contentUrl\":\"https:\\\/\\\/automotiverevista.pt\\\/wp-content\\\/uploads\\\/2026\\\/03\\\/1-1.jpg\",\"width\":877,\"height\":459},{\"@type\":\"BreadcrumbList\",\"@id\":\"https:\\\/\\\/automotiverevista.pt\\\/index.php\\\/2026\\\/03\\\/11\\\/valpi-motor-moderniza-estrategia-no-setor-de-usados\\\/#breadcrumb\",\"itemListElement\":[{\"@type\":\"ListItem\",\"position\":1,\"name\":\"Home\",\"item\":\"https:\\\/\\\/automotiverevista.pt\\\/\"},{\"@type\":\"ListItem\",\"position\":2,\"name\":\"Valpi Motor moderniza estrat\u00e9gia no setor de usados\"}]},{\"@type\":\"WebSite\",\"@id\":\"https:\\\/\\\/automotiverevista.pt\\\/#website\",\"url\":\"https:\\\/\\\/automotiverevista.pt\\\/\",\"name\":\"Revista Automotive\",\"description\":\"Revista Automotive Portugal\",\"publisher\":{\"@id\":\"https:\\\/\\\/automotiverevista.pt\\\/#organization\"},\"potentialAction\":[{\"@type\":\"SearchAction\",\"target\":{\"@type\":\"EntryPoint\",\"urlTemplate\":\"https:\\\/\\\/automotiverevista.pt\\\/?s={search_term_string}\"},\"query-input\":{\"@type\":\"PropertyValueSpecification\",\"valueRequired\":true,\"valueName\":\"search_term_string\"}}],\"inLanguage\":\"pt-PT\"},{\"@type\":\"Organization\",\"@id\":\"https:\\\/\\\/automotiverevista.pt\\\/#organization\",\"name\":\"Revista Automotive Portugal\",\"url\":\"https:\\\/\\\/automotiverevista.pt\\\/\",\"logo\":{\"@type\":\"ImageObject\",\"inLanguage\":\"pt-PT\",\"@id\":\"https:\\\/\\\/automotiverevista.pt\\\/#\\\/schema\\\/logo\\\/image\\\/\",\"url\":\"https:\\\/\\\/automotiverevista.pt\\\/wp-content\\\/uploads\\\/2022\\\/07\\\/Logo-Automotive-2021_500-1.jpg\",\"contentUrl\":\"https:\\\/\\\/automotiverevista.pt\\\/wp-content\\\/uploads\\\/2022\\\/07\\\/Logo-Automotive-2021_500-1.jpg\",\"width\":500,\"height\":160,\"caption\":\"Revista Automotive Portugal\"},\"image\":{\"@id\":\"https:\\\/\\\/automotiverevista.pt\\\/#\\\/schema\\\/logo\\\/image\\\/\"},\"sameAs\":[\"https:\\\/\\\/linkedin.com\\\/in\\\/automotiverevista\"]},{\"@type\":\"Person\",\"@id\":\"https:\\\/\\\/automotiverevista.pt\\\/#\\\/schema\\\/person\\\/1e95eb12553b8edd256acb00fe6dad4b\",\"name\":\"Fatima Silva\",\"image\":{\"@type\":\"ImageObject\",\"inLanguage\":\"pt-PT\",\"@id\":\"https:\\\/\\\/secure.gravatar.com\\\/avatar\\\/4b4a955a9c1b66708ab0dd3bd6181ac1f650299d893bd337a28482f7f19c8511?s=96&d=mm&r=g\",\"url\":\"https:\\\/\\\/secure.gravatar.com\\\/avatar\\\/4b4a955a9c1b66708ab0dd3bd6181ac1f650299d893bd337a28482f7f19c8511?s=96&d=mm&r=g\",\"contentUrl\":\"https:\\\/\\\/secure.gravatar.com\\\/avatar\\\/4b4a955a9c1b66708ab0dd3bd6181ac1f650299d893bd337a28482f7f19c8511?s=96&d=mm&r=g\",\"caption\":\"Fatima Silva\"},\"url\":\"https:\\\/\\\/automotiverevista.pt\\\/index.php\\\/author\\\/fgasparsilva\\\/\"}]}<\/script>\n<!-- \/ Yoast SEO Premium plugin. -->","yoast_head_json":{"title":"Valpi Motor moderniza estrat\u00e9gia no setor de usados - Revista Automotive","description":"A empresa pertencente ao Grupo Valpi, mudou a sua identidade visual numa abordagem mais contempor\u00e2nea, desenvolvida n\u00e3o apenas para refletir o","robots":{"index":"index","follow":"follow","max-snippet":"max-snippet:-1","max-image-preview":"max-image-preview:large","max-video-preview":"max-video-preview:-1"},"canonical":"https:\/\/automotiverevista.pt\/index.php\/2026\/03\/11\/valpi-motor-moderniza-estrategia-no-setor-de-usados\/","og_locale":"pt_PT","og_type":"article","og_title":"Valpi Motor moderniza estrat\u00e9gia no setor de usados","og_description":"A empresa pertencente ao Grupo Valpi, mudou a sua identidade visual numa abordagem mais contempor\u00e2nea, desenvolvida n\u00e3o apenas para refletir o","og_url":"https:\/\/automotiverevista.pt\/index.php\/2026\/03\/11\/valpi-motor-moderniza-estrategia-no-setor-de-usados\/","og_site_name":"Revista Automotive","article_published_time":"2026-03-11T09:11:37+00:00","og_image":[{"width":877,"height":459,"url":"https:\/\/automotiverevista.pt\/wp-content\/uploads\/2026\/03\/1-1.jpg","type":"image\/jpeg"}],"author":"Fatima Silva","twitter_card":"summary_large_image","twitter_misc":{"Escrito por":"Fatima Silva","Tempo estimado de leitura":"2 minutos"},"schema":{"@context":"https:\/\/schema.org","@graph":[{"@type":"Article","@id":"https:\/\/automotiverevista.pt\/index.php\/2026\/03\/11\/valpi-motor-moderniza-estrategia-no-setor-de-usados\/#article","isPartOf":{"@id":"https:\/\/automotiverevista.pt\/index.php\/2026\/03\/11\/valpi-motor-moderniza-estrategia-no-setor-de-usados\/"},"author":{"name":"Fatima Silva","@id":"https:\/\/automotiverevista.pt\/#\/schema\/person\/1e95eb12553b8edd256acb00fe6dad4b"},"headline":"Valpi Motor moderniza estrat\u00e9gia no setor de usados","datePublished":"2026-03-11T09:11:37+00:00","mainEntityOfPage":{"@id":"https:\/\/automotiverevista.pt\/index.php\/2026\/03\/11\/valpi-motor-moderniza-estrategia-no-setor-de-usados\/"},"wordCount":166,"publisher":{"@id":"https:\/\/automotiverevista.pt\/#organization"},"image":{"@id":"https:\/\/automotiverevista.pt\/index.php\/2026\/03\/11\/valpi-motor-moderniza-estrategia-no-setor-de-usados\/#primaryimage"},"thumbnailUrl":"https:\/\/automotiverevista.pt\/wp-content\/uploads\/2026\/03\/1-1.jpg","articleSection":["Frotas","P\u00f3s-Venda"],"inLanguage":"pt-PT"},{"@type":"WebPage","@id":"https:\/\/automotiverevista.pt\/index.php\/2026\/03\/11\/valpi-motor-moderniza-estrategia-no-setor-de-usados\/","url":"https:\/\/automotiverevista.pt\/index.php\/2026\/03\/11\/valpi-motor-moderniza-estrategia-no-setor-de-usados\/","name":"Valpi Motor moderniza estrat\u00e9gia no setor de usados - Revista Automotive","isPartOf":{"@id":"https:\/\/automotiverevista.pt\/#website"},"primaryImageOfPage":{"@id":"https:\/\/automotiverevista.pt\/index.php\/2026\/03\/11\/valpi-motor-moderniza-estrategia-no-setor-de-usados\/#primaryimage"},"image":{"@id":"https:\/\/automotiverevista.pt\/index.php\/2026\/03\/11\/valpi-motor-moderniza-estrategia-no-setor-de-usados\/#primaryimage"},"thumbnailUrl":"https:\/\/automotiverevista.pt\/wp-content\/uploads\/2026\/03\/1-1.jpg","datePublished":"2026-03-11T09:11:37+00:00","description":"A empresa pertencente ao Grupo Valpi, mudou a sua identidade visual numa abordagem mais contempor\u00e2nea, desenvolvida n\u00e3o apenas para refletir o","breadcrumb":{"@id":"https:\/\/automotiverevista.pt\/index.php\/2026\/03\/11\/valpi-motor-moderniza-estrategia-no-setor-de-usados\/#breadcrumb"},"inLanguage":"pt-PT","potentialAction":[{"@type":"ReadAction","target":["https:\/\/automotiverevista.pt\/index.php\/2026\/03\/11\/valpi-motor-moderniza-estrategia-no-setor-de-usados\/"]}]},{"@type":"ImageObject","inLanguage":"pt-PT","@id":"https:\/\/automotiverevista.pt\/index.php\/2026\/03\/11\/valpi-motor-moderniza-estrategia-no-setor-de-usados\/#primaryimage","url":"https:\/\/automotiverevista.pt\/wp-content\/uploads\/2026\/03\/1-1.jpg","contentUrl":"https:\/\/automotiverevista.pt\/wp-content\/uploads\/2026\/03\/1-1.jpg","width":877,"height":459},{"@type":"BreadcrumbList","@id":"https:\/\/automotiverevista.pt\/index.php\/2026\/03\/11\/valpi-motor-moderniza-estrategia-no-setor-de-usados\/#breadcrumb","itemListElement":[{"@type":"ListItem","position":1,"name":"Home","item":"https:\/\/automotiverevista.pt\/"},{"@type":"ListItem","position":2,"name":"Valpi Motor moderniza estrat\u00e9gia no setor de usados"}]},{"@type":"WebSite","@id":"https:\/\/automotiverevista.pt\/#website","url":"https:\/\/automotiverevista.pt\/","name":"Revista Automotive","description":"Revista Automotive Portugal","publisher":{"@id":"https:\/\/automotiverevista.pt\/#organization"},"potentialAction":[{"@type":"SearchAction","target":{"@type":"EntryPoint","urlTemplate":"https:\/\/automotiverevista.pt\/?s={search_term_string}"},"query-input":{"@type":"PropertyValueSpecification","valueRequired":true,"valueName":"search_term_string"}}],"inLanguage":"pt-PT"},{"@type":"Organization","@id":"https:\/\/automotiverevista.pt\/#organization","name":"Revista Automotive Portugal","url":"https:\/\/automotiverevista.pt\/","logo":{"@type":"ImageObject","inLanguage":"pt-PT","@id":"https:\/\/automotiverevista.pt\/#\/schema\/logo\/image\/","url":"https:\/\/automotiverevista.pt\/wp-content\/uploads\/2022\/07\/Logo-Automotive-2021_500-1.jpg","contentUrl":"https:\/\/automotiverevista.pt\/wp-content\/uploads\/2022\/07\/Logo-Automotive-2021_500-1.jpg","width":500,"height":160,"caption":"Revista Automotive Portugal"},"image":{"@id":"https:\/\/automotiverevista.pt\/#\/schema\/logo\/image\/"},"sameAs":["https:\/\/linkedin.com\/in\/automotiverevista"]},{"@type":"Person","@id":"https:\/\/automotiverevista.pt\/#\/schema\/person\/1e95eb12553b8edd256acb00fe6dad4b","name":"Fatima Silva","image":{"@type":"ImageObject","inLanguage":"pt-PT","@id":"https:\/\/secure.gravatar.com\/avatar\/4b4a955a9c1b66708ab0dd3bd6181ac1f650299d893bd337a28482f7f19c8511?s=96&d=mm&r=g","url":"https:\/\/secure.gravatar.com\/avatar\/4b4a955a9c1b66708ab0dd3bd6181ac1f650299d893bd337a28482f7f19c8511?s=96&d=mm&r=g","contentUrl":"https:\/\/secure.gravatar.com\/avatar\/4b4a955a9c1b66708ab0dd3bd6181ac1f650299d893bd337a28482f7f19c8511?s=96&d=mm&r=g","caption":"Fatima Silva"},"url":"https:\/\/automotiverevista.pt\/index.php\/author\/fgasparsilva\/"}]}},"_links":{"self":[{"href":"https:\/\/automotiverevista.pt\/index.php\/wp-json\/wp\/v2\/posts\/12615","targetHints":{"allow":["GET"]}}],"collection":[{"href":"https:\/\/automotiverevista.pt\/index.php\/wp-json\/wp\/v2\/posts"}],"about":[{"href":"https:\/\/automotiverevista.pt\/index.php\/wp-json\/wp\/v2\/types\/post"}],"author":[{"embeddable":true,"href":"https:\/\/automotiverevista.pt\/index.php\/wp-json\/wp\/v2\/users\/4"}],"replies":[{"embeddable":true,"href":"https:\/\/automotiverevista.pt\/index.php\/wp-json\/wp\/v2\/comments?post=12615"}],"version-history":[{"count":2,"href":"https:\/\/automotiverevista.pt\/index.php\/wp-json\/wp\/v2\/posts\/12615\/revisions"}],"predecessor-version":[{"id":12620,"href":"https:\/\/automotiverevista.pt\/index.php\/wp-json\/wp\/v2\/posts\/12615\/revisions\/12620"}],"wp:featuredmedia":[{"embeddable":true,"href":"https:\/\/automotiverevista.pt\/index.php\/wp-json\/wp\/v2\/media\/12619"}],"wp:attachment":[{"href":"https:\/\/automotiverevista.pt\/index.php\/wp-json\/wp\/v2\/media?parent=12615"}],"wp:term":[{"taxonomy":"category","embeddable":true,"href":"https:\/\/automotiverevista.pt\/index.php\/wp-json\/wp\/v2\/categories?post=12615"},{"taxonomy":"post_tag","embeddable":true,"href":"https:\/\/automotiverevista.pt\/index.php\/wp-json\/wp\/v2\/tags?post=12615"}],"curies":[{"name":"wp","href":"https:\/\/api.w.org\/{rel}","templated":true}]}}