{"id":12621,"date":"2026-03-15T06:23:00","date_gmt":"2026-03-15T06:23:00","guid":{"rendered":"https:\/\/automotiverevista.pt\/?p=12621"},"modified":"2026-03-10T09:15:57","modified_gmt":"2026-03-10T09:15:57","slug":"a-falken-passa-a-designar-se-dunlop","status":"publish","type":"post","link":"https:\/\/automotiverevista.pt\/index.php\/2026\/03\/15\/a-falken-passa-a-designar-se-dunlop\/","title":{"rendered":"A Falken passa a designar-se Dunlop"},"content":{"rendered":"\n<p>A Falken Tyre Europe GmbH opera agora sob o novo nome de Dunlop Tyre Europe GmbH. Esta mudan\u00e7a visa alargar a presen\u00e7a da marca Dunlop na Europa.<\/p>\n\n\n\n<p>\u201cA mudan\u00e7a de nome \u00e9 um marco significativo do qual nos podemos orgulhar muito. Refor\u00e7a a nossa identidade e demonstra que estamos prontos para dar os pr\u00f3ximos passos. A nossa s\u00f3lida heran\u00e7a como Falken \u00e9 e continuar\u00e1 a fazer parte do nosso sucesso, lan\u00e7ando as bases para o futuro da Dunlop na Europa\u201d, comentou em comunicado, Markus B\u00f6gner, Diretor Geral e Presidente da Dunlop Tyre Europe GmbH<\/p>\n\n\n\n<p>Em janeiro de 2025, a Sumitomo Rubber (dona da Falken) comprou \u00e0 Goodyear os direitos exclusivos da marca Dunlop para pneus de autom\u00f3veis na Europa, Am\u00e9rica do Norte e Oce\u00e2nia. Na nova estrutura, os pneus Dunlop passam a ocupar o segmento premium, enquanto os pneus Falken se mant\u00e9m como a op\u00e7\u00e3o interm\u00e9dia. Segundo a empresa, uma nova marca de baixo custo ser\u00e1 lan\u00e7ada ainda este ano.<\/p>\n\n\n\n<div class=\"wp-block-columns is-layout-flex wp-container-core-columns-is-layout-9d6595d7 wp-block-columns-is-layout-flex\">\n<div class=\"wp-block-column is-layout-flow wp-block-column-is-layout-flow\" style=\"flex-basis:50%\">\n<figure class=\"wp-block-image size-large is-resized\"><img decoding=\"async\" width=\"716\" height=\"1024\" src=\"https:\/\/automotiverevista.pt\/wp-content\/uploads\/2026\/03\/r-716x1024.jpg\" alt=\"\" class=\"wp-image-12627\" style=\"aspect-ratio:0.699233184526988;width:432px;height:auto\" srcset=\"https:\/\/automotiverevista.pt\/wp-content\/uploads\/2026\/03\/r-716x1024.jpg 716w, https:\/\/automotiverevista.pt\/wp-content\/uploads\/2026\/03\/r-210x300.jpg 210w, https:\/\/automotiverevista.pt\/wp-content\/uploads\/2026\/03\/r.jpg 720w\" sizes=\"(max-width: 716px) 100vw, 716px\" \/><\/figure>\n<\/div>\n\n\n\n<div class=\"wp-block-column is-layout-flow wp-block-column-is-layout-flow\" style=\"flex-basis:50%\">\n<figure class=\"wp-block-image size-full is-resized\"><img decoding=\"async\" width=\"640\" height=\"960\" src=\"https:\/\/automotiverevista.pt\/wp-content\/uploads\/2026\/03\/f.jpg\" alt=\"\" class=\"wp-image-12628\" style=\"width:403px;height:auto\" srcset=\"https:\/\/automotiverevista.pt\/wp-content\/uploads\/2026\/03\/f.jpg 640w, https:\/\/automotiverevista.pt\/wp-content\/uploads\/2026\/03\/f-200x300.jpg 200w\" sizes=\"(max-width: 640px) 100vw, 640px\" \/><\/figure>\n<\/div>\n<\/div>\n","protected":false},"excerpt":{"rendered":"<p>A Falken Tyre Europe GmbH opera agora sob o novo nome de Dunlop Tyre Europe GmbH. Esta mudan\u00e7a visa alargar a presen\u00e7a da marca Dunlop na Europa. \u201cA mudan\u00e7a de nome \u00e9 um marco significativo do qual nos podemos orgulhar muito. Refor\u00e7a a nossa identidade e demonstra que estamos prontos para dar os pr\u00f3ximos passos. [&hellip;]<\/p>\n","protected":false},"author":4,"featured_media":12626,"comment_status":"closed","ping_status":"open","sticky":false,"template":"","format":"standard","meta":{"jnews-multi-image_gallery":[],"jnews_single_post":{"format":"standard"},"jnews_primary_category":[],"footnotes":""},"categories":[21],"tags":[],"class_list":["post-12621","post","type-post","status-publish","format-standard","has-post-thumbnail","hentry","category-pos-venda"],"yoast_head":"<!-- This site is optimized with the Yoast SEO Premium plugin v27.5 (Yoast SEO v27.5) - https:\/\/yoast.com\/product\/yoast-seo-premium-wordpress\/ -->\n<title>A Falken passa a designar-se Dunlop - Revista Automotive<\/title>\n<meta name=\"description\" content=\"A Falken Tyre Europe GmbH opera agora sob o novo nome de Dunlop Tyre Europe GmbH. Esta mudan\u00e7a visa alargar a presen\u00e7a da marca Dunlop na Euro\" \/>\n<meta name=\"robots\" content=\"index, follow, max-snippet:-1, max-image-preview:large, max-video-preview:-1\" \/>\n<link rel=\"canonical\" href=\"https:\/\/automotiverevista.pt\/index.php\/2026\/03\/15\/a-falken-passa-a-designar-se-dunlop\/\" \/>\n<meta property=\"og:locale\" content=\"pt_PT\" \/>\n<meta property=\"og:type\" content=\"article\" \/>\n<meta property=\"og:title\" content=\"A Falken passa a designar-se Dunlop\" \/>\n<meta property=\"og:description\" content=\"A Falken Tyre Europe GmbH opera agora sob o novo nome de Dunlop Tyre Europe GmbH. Esta mudan\u00e7a visa alargar a presen\u00e7a da marca Dunlop na Euro\" \/>\n<meta property=\"og:url\" content=\"https:\/\/automotiverevista.pt\/index.php\/2026\/03\/15\/a-falken-passa-a-designar-se-dunlop\/\" \/>\n<meta property=\"og:site_name\" content=\"Revista Automotive\" \/>\n<meta property=\"article:published_time\" content=\"2026-03-15T06:23:00+00:00\" \/>\n<meta property=\"og:image\" content=\"https:\/\/automotiverevista.pt\/wp-content\/uploads\/2026\/03\/Dunlop.jpg\" \/>\n\t<meta property=\"og:image:width\" content=\"792\" \/>\n\t<meta property=\"og:image:height\" content=\"448\" \/>\n\t<meta property=\"og:image:type\" content=\"image\/jpeg\" \/>\n<meta name=\"author\" content=\"Fatima Silva\" \/>\n<meta name=\"twitter:card\" content=\"summary_large_image\" \/>\n<meta name=\"twitter:label1\" content=\"Escrito por\" \/>\n\t<meta name=\"twitter:data1\" content=\"Fatima Silva\" \/>\n\t<meta name=\"twitter:label2\" content=\"Tempo estimado de leitura\" \/>\n\t<meta name=\"twitter:data2\" content=\"2 minutos\" \/>\n<script type=\"application\/ld+json\" class=\"yoast-schema-graph\">{\"@context\":\"https:\\\/\\\/schema.org\",\"@graph\":[{\"@type\":\"Article\",\"@id\":\"https:\\\/\\\/automotiverevista.pt\\\/index.php\\\/2026\\\/03\\\/15\\\/a-falken-passa-a-designar-se-dunlop\\\/#article\",\"isPartOf\":{\"@id\":\"https:\\\/\\\/automotiverevista.pt\\\/index.php\\\/2026\\\/03\\\/15\\\/a-falken-passa-a-designar-se-dunlop\\\/\"},\"author\":{\"name\":\"Fatima Silva\",\"@id\":\"https:\\\/\\\/automotiverevista.pt\\\/#\\\/schema\\\/person\\\/1e95eb12553b8edd256acb00fe6dad4b\"},\"headline\":\"A Falken passa a designar-se Dunlop\",\"datePublished\":\"2026-03-15T06:23:00+00:00\",\"mainEntityOfPage\":{\"@id\":\"https:\\\/\\\/automotiverevista.pt\\\/index.php\\\/2026\\\/03\\\/15\\\/a-falken-passa-a-designar-se-dunlop\\\/\"},\"wordCount\":178,\"publisher\":{\"@id\":\"https:\\\/\\\/automotiverevista.pt\\\/#organization\"},\"image\":{\"@id\":\"https:\\\/\\\/automotiverevista.pt\\\/index.php\\\/2026\\\/03\\\/15\\\/a-falken-passa-a-designar-se-dunlop\\\/#primaryimage\"},\"thumbnailUrl\":\"https:\\\/\\\/automotiverevista.pt\\\/wp-content\\\/uploads\\\/2026\\\/03\\\/Dunlop.jpg\",\"articleSection\":[\"P\u00f3s-Venda\"],\"inLanguage\":\"pt-PT\"},{\"@type\":\"WebPage\",\"@id\":\"https:\\\/\\\/automotiverevista.pt\\\/index.php\\\/2026\\\/03\\\/15\\\/a-falken-passa-a-designar-se-dunlop\\\/\",\"url\":\"https:\\\/\\\/automotiverevista.pt\\\/index.php\\\/2026\\\/03\\\/15\\\/a-falken-passa-a-designar-se-dunlop\\\/\",\"name\":\"A Falken passa a designar-se Dunlop - Revista Automotive\",\"isPartOf\":{\"@id\":\"https:\\\/\\\/automotiverevista.pt\\\/#website\"},\"primaryImageOfPage\":{\"@id\":\"https:\\\/\\\/automotiverevista.pt\\\/index.php\\\/2026\\\/03\\\/15\\\/a-falken-passa-a-designar-se-dunlop\\\/#primaryimage\"},\"image\":{\"@id\":\"https:\\\/\\\/automotiverevista.pt\\\/index.php\\\/2026\\\/03\\\/15\\\/a-falken-passa-a-designar-se-dunlop\\\/#primaryimage\"},\"thumbnailUrl\":\"https:\\\/\\\/automotiverevista.pt\\\/wp-content\\\/uploads\\\/2026\\\/03\\\/Dunlop.jpg\",\"datePublished\":\"2026-03-15T06:23:00+00:00\",\"description\":\"A Falken Tyre Europe GmbH opera agora sob o novo nome de Dunlop Tyre Europe GmbH. Esta mudan\u00e7a visa alargar a presen\u00e7a da marca Dunlop na Euro\",\"breadcrumb\":{\"@id\":\"https:\\\/\\\/automotiverevista.pt\\\/index.php\\\/2026\\\/03\\\/15\\\/a-falken-passa-a-designar-se-dunlop\\\/#breadcrumb\"},\"inLanguage\":\"pt-PT\",\"potentialAction\":[{\"@type\":\"ReadAction\",\"target\":[\"https:\\\/\\\/automotiverevista.pt\\\/index.php\\\/2026\\\/03\\\/15\\\/a-falken-passa-a-designar-se-dunlop\\\/\"]}]},{\"@type\":\"ImageObject\",\"inLanguage\":\"pt-PT\",\"@id\":\"https:\\\/\\\/automotiverevista.pt\\\/index.php\\\/2026\\\/03\\\/15\\\/a-falken-passa-a-designar-se-dunlop\\\/#primaryimage\",\"url\":\"https:\\\/\\\/automotiverevista.pt\\\/wp-content\\\/uploads\\\/2026\\\/03\\\/Dunlop.jpg\",\"contentUrl\":\"https:\\\/\\\/automotiverevista.pt\\\/wp-content\\\/uploads\\\/2026\\\/03\\\/Dunlop.jpg\",\"width\":792,\"height\":448},{\"@type\":\"BreadcrumbList\",\"@id\":\"https:\\\/\\\/automotiverevista.pt\\\/index.php\\\/2026\\\/03\\\/15\\\/a-falken-passa-a-designar-se-dunlop\\\/#breadcrumb\",\"itemListElement\":[{\"@type\":\"ListItem\",\"position\":1,\"name\":\"Home\",\"item\":\"https:\\\/\\\/automotiverevista.pt\\\/\"},{\"@type\":\"ListItem\",\"position\":2,\"name\":\"A Falken passa a designar-se Dunlop\"}]},{\"@type\":\"WebSite\",\"@id\":\"https:\\\/\\\/automotiverevista.pt\\\/#website\",\"url\":\"https:\\\/\\\/automotiverevista.pt\\\/\",\"name\":\"Revista Automotive\",\"description\":\"Revista Automotive Portugal\",\"publisher\":{\"@id\":\"https:\\\/\\\/automotiverevista.pt\\\/#organization\"},\"potentialAction\":[{\"@type\":\"SearchAction\",\"target\":{\"@type\":\"EntryPoint\",\"urlTemplate\":\"https:\\\/\\\/automotiverevista.pt\\\/?s={search_term_string}\"},\"query-input\":{\"@type\":\"PropertyValueSpecification\",\"valueRequired\":true,\"valueName\":\"search_term_string\"}}],\"inLanguage\":\"pt-PT\"},{\"@type\":\"Organization\",\"@id\":\"https:\\\/\\\/automotiverevista.pt\\\/#organization\",\"name\":\"Revista Automotive Portugal\",\"url\":\"https:\\\/\\\/automotiverevista.pt\\\/\",\"logo\":{\"@type\":\"ImageObject\",\"inLanguage\":\"pt-PT\",\"@id\":\"https:\\\/\\\/automotiverevista.pt\\\/#\\\/schema\\\/logo\\\/image\\\/\",\"url\":\"https:\\\/\\\/automotiverevista.pt\\\/wp-content\\\/uploads\\\/2022\\\/07\\\/Logo-Automotive-2021_500-1.jpg\",\"contentUrl\":\"https:\\\/\\\/automotiverevista.pt\\\/wp-content\\\/uploads\\\/2022\\\/07\\\/Logo-Automotive-2021_500-1.jpg\",\"width\":500,\"height\":160,\"caption\":\"Revista Automotive Portugal\"},\"image\":{\"@id\":\"https:\\\/\\\/automotiverevista.pt\\\/#\\\/schema\\\/logo\\\/image\\\/\"},\"sameAs\":[\"https:\\\/\\\/linkedin.com\\\/in\\\/automotiverevista\"]},{\"@type\":\"Person\",\"@id\":\"https:\\\/\\\/automotiverevista.pt\\\/#\\\/schema\\\/person\\\/1e95eb12553b8edd256acb00fe6dad4b\",\"name\":\"Fatima Silva\",\"image\":{\"@type\":\"ImageObject\",\"inLanguage\":\"pt-PT\",\"@id\":\"https:\\\/\\\/secure.gravatar.com\\\/avatar\\\/4b4a955a9c1b66708ab0dd3bd6181ac1f650299d893bd337a28482f7f19c8511?s=96&d=mm&r=g\",\"url\":\"https:\\\/\\\/secure.gravatar.com\\\/avatar\\\/4b4a955a9c1b66708ab0dd3bd6181ac1f650299d893bd337a28482f7f19c8511?s=96&d=mm&r=g\",\"contentUrl\":\"https:\\\/\\\/secure.gravatar.com\\\/avatar\\\/4b4a955a9c1b66708ab0dd3bd6181ac1f650299d893bd337a28482f7f19c8511?s=96&d=mm&r=g\",\"caption\":\"Fatima Silva\"},\"url\":\"https:\\\/\\\/automotiverevista.pt\\\/index.php\\\/author\\\/fgasparsilva\\\/\"}]}<\/script>\n<!-- \/ Yoast SEO Premium plugin. -->","yoast_head_json":{"title":"A Falken passa a designar-se Dunlop - Revista Automotive","description":"A Falken Tyre Europe GmbH opera agora sob o novo nome de Dunlop Tyre Europe GmbH. Esta mudan\u00e7a visa alargar a presen\u00e7a da marca Dunlop na Euro","robots":{"index":"index","follow":"follow","max-snippet":"max-snippet:-1","max-image-preview":"max-image-preview:large","max-video-preview":"max-video-preview:-1"},"canonical":"https:\/\/automotiverevista.pt\/index.php\/2026\/03\/15\/a-falken-passa-a-designar-se-dunlop\/","og_locale":"pt_PT","og_type":"article","og_title":"A Falken passa a designar-se Dunlop","og_description":"A Falken Tyre Europe GmbH opera agora sob o novo nome de Dunlop Tyre Europe GmbH. Esta mudan\u00e7a visa alargar a presen\u00e7a da marca Dunlop na Euro","og_url":"https:\/\/automotiverevista.pt\/index.php\/2026\/03\/15\/a-falken-passa-a-designar-se-dunlop\/","og_site_name":"Revista Automotive","article_published_time":"2026-03-15T06:23:00+00:00","og_image":[{"width":792,"height":448,"url":"https:\/\/automotiverevista.pt\/wp-content\/uploads\/2026\/03\/Dunlop.jpg","type":"image\/jpeg"}],"author":"Fatima Silva","twitter_card":"summary_large_image","twitter_misc":{"Escrito por":"Fatima Silva","Tempo estimado de leitura":"2 minutos"},"schema":{"@context":"https:\/\/schema.org","@graph":[{"@type":"Article","@id":"https:\/\/automotiverevista.pt\/index.php\/2026\/03\/15\/a-falken-passa-a-designar-se-dunlop\/#article","isPartOf":{"@id":"https:\/\/automotiverevista.pt\/index.php\/2026\/03\/15\/a-falken-passa-a-designar-se-dunlop\/"},"author":{"name":"Fatima Silva","@id":"https:\/\/automotiverevista.pt\/#\/schema\/person\/1e95eb12553b8edd256acb00fe6dad4b"},"headline":"A Falken passa a designar-se Dunlop","datePublished":"2026-03-15T06:23:00+00:00","mainEntityOfPage":{"@id":"https:\/\/automotiverevista.pt\/index.php\/2026\/03\/15\/a-falken-passa-a-designar-se-dunlop\/"},"wordCount":178,"publisher":{"@id":"https:\/\/automotiverevista.pt\/#organization"},"image":{"@id":"https:\/\/automotiverevista.pt\/index.php\/2026\/03\/15\/a-falken-passa-a-designar-se-dunlop\/#primaryimage"},"thumbnailUrl":"https:\/\/automotiverevista.pt\/wp-content\/uploads\/2026\/03\/Dunlop.jpg","articleSection":["P\u00f3s-Venda"],"inLanguage":"pt-PT"},{"@type":"WebPage","@id":"https:\/\/automotiverevista.pt\/index.php\/2026\/03\/15\/a-falken-passa-a-designar-se-dunlop\/","url":"https:\/\/automotiverevista.pt\/index.php\/2026\/03\/15\/a-falken-passa-a-designar-se-dunlop\/","name":"A Falken passa a designar-se Dunlop - Revista Automotive","isPartOf":{"@id":"https:\/\/automotiverevista.pt\/#website"},"primaryImageOfPage":{"@id":"https:\/\/automotiverevista.pt\/index.php\/2026\/03\/15\/a-falken-passa-a-designar-se-dunlop\/#primaryimage"},"image":{"@id":"https:\/\/automotiverevista.pt\/index.php\/2026\/03\/15\/a-falken-passa-a-designar-se-dunlop\/#primaryimage"},"thumbnailUrl":"https:\/\/automotiverevista.pt\/wp-content\/uploads\/2026\/03\/Dunlop.jpg","datePublished":"2026-03-15T06:23:00+00:00","description":"A Falken Tyre Europe GmbH opera agora sob o novo nome de Dunlop Tyre Europe GmbH. Esta mudan\u00e7a visa alargar a presen\u00e7a da marca Dunlop na Euro","breadcrumb":{"@id":"https:\/\/automotiverevista.pt\/index.php\/2026\/03\/15\/a-falken-passa-a-designar-se-dunlop\/#breadcrumb"},"inLanguage":"pt-PT","potentialAction":[{"@type":"ReadAction","target":["https:\/\/automotiverevista.pt\/index.php\/2026\/03\/15\/a-falken-passa-a-designar-se-dunlop\/"]}]},{"@type":"ImageObject","inLanguage":"pt-PT","@id":"https:\/\/automotiverevista.pt\/index.php\/2026\/03\/15\/a-falken-passa-a-designar-se-dunlop\/#primaryimage","url":"https:\/\/automotiverevista.pt\/wp-content\/uploads\/2026\/03\/Dunlop.jpg","contentUrl":"https:\/\/automotiverevista.pt\/wp-content\/uploads\/2026\/03\/Dunlop.jpg","width":792,"height":448},{"@type":"BreadcrumbList","@id":"https:\/\/automotiverevista.pt\/index.php\/2026\/03\/15\/a-falken-passa-a-designar-se-dunlop\/#breadcrumb","itemListElement":[{"@type":"ListItem","position":1,"name":"Home","item":"https:\/\/automotiverevista.pt\/"},{"@type":"ListItem","position":2,"name":"A Falken passa a designar-se Dunlop"}]},{"@type":"WebSite","@id":"https:\/\/automotiverevista.pt\/#website","url":"https:\/\/automotiverevista.pt\/","name":"Revista Automotive","description":"Revista Automotive Portugal","publisher":{"@id":"https:\/\/automotiverevista.pt\/#organization"},"potentialAction":[{"@type":"SearchAction","target":{"@type":"EntryPoint","urlTemplate":"https:\/\/automotiverevista.pt\/?s={search_term_string}"},"query-input":{"@type":"PropertyValueSpecification","valueRequired":true,"valueName":"search_term_string"}}],"inLanguage":"pt-PT"},{"@type":"Organization","@id":"https:\/\/automotiverevista.pt\/#organization","name":"Revista Automotive Portugal","url":"https:\/\/automotiverevista.pt\/","logo":{"@type":"ImageObject","inLanguage":"pt-PT","@id":"https:\/\/automotiverevista.pt\/#\/schema\/logo\/image\/","url":"https:\/\/automotiverevista.pt\/wp-content\/uploads\/2022\/07\/Logo-Automotive-2021_500-1.jpg","contentUrl":"https:\/\/automotiverevista.pt\/wp-content\/uploads\/2022\/07\/Logo-Automotive-2021_500-1.jpg","width":500,"height":160,"caption":"Revista Automotive Portugal"},"image":{"@id":"https:\/\/automotiverevista.pt\/#\/schema\/logo\/image\/"},"sameAs":["https:\/\/linkedin.com\/in\/automotiverevista"]},{"@type":"Person","@id":"https:\/\/automotiverevista.pt\/#\/schema\/person\/1e95eb12553b8edd256acb00fe6dad4b","name":"Fatima Silva","image":{"@type":"ImageObject","inLanguage":"pt-PT","@id":"https:\/\/secure.gravatar.com\/avatar\/4b4a955a9c1b66708ab0dd3bd6181ac1f650299d893bd337a28482f7f19c8511?s=96&d=mm&r=g","url":"https:\/\/secure.gravatar.com\/avatar\/4b4a955a9c1b66708ab0dd3bd6181ac1f650299d893bd337a28482f7f19c8511?s=96&d=mm&r=g","contentUrl":"https:\/\/secure.gravatar.com\/avatar\/4b4a955a9c1b66708ab0dd3bd6181ac1f650299d893bd337a28482f7f19c8511?s=96&d=mm&r=g","caption":"Fatima Silva"},"url":"https:\/\/automotiverevista.pt\/index.php\/author\/fgasparsilva\/"}]}},"_links":{"self":[{"href":"https:\/\/automotiverevista.pt\/index.php\/wp-json\/wp\/v2\/posts\/12621","targetHints":{"allow":["GET"]}}],"collection":[{"href":"https:\/\/automotiverevista.pt\/index.php\/wp-json\/wp\/v2\/posts"}],"about":[{"href":"https:\/\/automotiverevista.pt\/index.php\/wp-json\/wp\/v2\/types\/post"}],"author":[{"embeddable":true,"href":"https:\/\/automotiverevista.pt\/index.php\/wp-json\/wp\/v2\/users\/4"}],"replies":[{"embeddable":true,"href":"https:\/\/automotiverevista.pt\/index.php\/wp-json\/wp\/v2\/comments?post=12621"}],"version-history":[{"count":3,"href":"https:\/\/automotiverevista.pt\/index.php\/wp-json\/wp\/v2\/posts\/12621\/revisions"}],"predecessor-version":[{"id":12630,"href":"https:\/\/automotiverevista.pt\/index.php\/wp-json\/wp\/v2\/posts\/12621\/revisions\/12630"}],"wp:featuredmedia":[{"embeddable":true,"href":"https:\/\/automotiverevista.pt\/index.php\/wp-json\/wp\/v2\/media\/12626"}],"wp:attachment":[{"href":"https:\/\/automotiverevista.pt\/index.php\/wp-json\/wp\/v2\/media?parent=12621"}],"wp:term":[{"taxonomy":"category","embeddable":true,"href":"https:\/\/automotiverevista.pt\/index.php\/wp-json\/wp\/v2\/categories?post=12621"},{"taxonomy":"post_tag","embeddable":true,"href":"https:\/\/automotiverevista.pt\/index.php\/wp-json\/wp\/v2\/tags?post=12621"}],"curies":[{"name":"wp","href":"https:\/\/api.w.org\/{rel}","templated":true}]}}