{"id":12635,"date":"2026-03-10T10:39:00","date_gmt":"2026-03-10T10:39:00","guid":{"rendered":"https:\/\/automotiverevista.pt\/?p=12635"},"modified":"2026-03-10T09:10:50","modified_gmt":"2026-03-10T09:10:50","slug":"michelin-primacy-5-energy-pneu-do-ano","status":"publish","type":"post","link":"https:\/\/automotiverevista.pt\/index.php\/2026\/03\/10\/michelin-primacy-5-energy-pneu-do-ano\/","title":{"rendered":"Michelin Primacy 5 energy &#8211; Pneu do Ano"},"content":{"rendered":"\n<p>A <a href=\"https:\/\/automotiverevista.pt\/index.php\/2026\/02\/05\/michelin-amplia-gama-de-pneus-para-gruas\/\" id=\"https:\/\/automotiverevista.pt\/index.php\/2026\/02\/05\/michelin-amplia-gama-de-pneus-para-gruas\/\">Michelin <\/a>recebeu v\u00e1rios pr\u00e9mios na Tire Technology Expo, a feira profissional mundial dedicada ao design, ao fabrico e \u00e0 inova\u00e7\u00e3o na ind\u00fastria do pneu, que teve lugar de 3 a 5 de mar\u00e7o de 2026 em Hannover, na Alemanha.<\/p>\n\n\n\n<p>O <a href=\"https:\/\/automotiverevista.pt\/index.php\/2026\/02\/25\/michelin-dinamiza-projeto-talent-campus\/\" id=\"https:\/\/automotiverevista.pt\/index.php\/2026\/02\/25\/michelin-dinamiza-projeto-talent-campus\/\">Michelin<em> <\/em><\/a><em>Primacy 5 energy <\/em>recebeu a distin\u00e7\u00e3o de <strong>Pneu do Ano<\/strong>. Mesmo antes do seu lan\u00e7amento, este pneu de ver\u00e3o j\u00e1 tinha sido selecionado por uma vintena das principais marcas de autom\u00f3veis do mundo, e equipar\u00e1 mais de cinquenta novos modelos atualmente em desenvolvimento.<\/p>\n\n\n\n<p>Este pneu de ver\u00e3o, com utiliza\u00e7\u00e3o em <a href=\"https:\/\/www.youtube.com\/c\/AutomotiveRevista\/videos\" id=\"https:\/\/www.youtube.com\/c\/AutomotiveRevista\/videos\">carros el\u00e9tricos<\/a>, tem a classifica\u00e7\u00e3o triplo A na etiquetagem europeia, pela sua ader\u00eancia sobre piso molhado, pela sua efici\u00eancia energ\u00e9tica, e pelo seu n\u00edvel de ru\u00eddo.<\/p>\n\n\n\n<p>O Michelin <em>Primacy 5 energy<\/em> chega ao mercado adicionando caracter\u00edsticas em termos de seguran\u00e7a, adapta\u00e7\u00e3o aos ve\u00edculos el\u00e9tricos, redu\u00e7\u00e3o de emiss\u00f5es, efici\u00eancia energ\u00e9tica, e sustentabilidade dos materiais utilizados.<\/p>\n\n\n<div class=\"wp-block-image\">\n<figure class=\"aligncenter size-large is-resized\"><img decoding=\"async\" width=\"975\" height=\"1024\" src=\"https:\/\/automotiverevista.pt\/wp-content\/uploads\/2026\/03\/MICHELIN-Primacy-5-energy_6_low-975x1024.jpg\" alt=\"\" class=\"wp-image-12637\" style=\"width:499px;height:auto\" srcset=\"https:\/\/automotiverevista.pt\/wp-content\/uploads\/2026\/03\/MICHELIN-Primacy-5-energy_6_low-975x1024.jpg 975w, https:\/\/automotiverevista.pt\/wp-content\/uploads\/2026\/03\/MICHELIN-Primacy-5-energy_6_low-286x300.jpg 286w, https:\/\/automotiverevista.pt\/wp-content\/uploads\/2026\/03\/MICHELIN-Primacy-5-energy_6_low-768x807.jpg 768w, https:\/\/automotiverevista.pt\/wp-content\/uploads\/2026\/03\/MICHELIN-Primacy-5-energy_6_low-750x788.jpg 750w, https:\/\/automotiverevista.pt\/wp-content\/uploads\/2026\/03\/MICHELIN-Primacy-5-energy_6_low-1140x1198.jpg 1140w, https:\/\/automotiverevista.pt\/wp-content\/uploads\/2026\/03\/MICHELIN-Primacy-5-energy_6_low.jpg 1400w\" sizes=\"(max-width: 975px) 100vw, 975px\" \/><\/figure>\n<\/div>","protected":false},"excerpt":{"rendered":"<p>A Michelin recebeu v\u00e1rios pr\u00e9mios na Tire Technology Expo, a feira profissional mundial dedicada ao design, ao fabrico e \u00e0 inova\u00e7\u00e3o na ind\u00fastria do pneu, que teve lugar de 3 a 5 de mar\u00e7o de 2026 em Hannover, na Alemanha. O Michelin Primacy 5 energy recebeu a distin\u00e7\u00e3o de Pneu do Ano. Mesmo antes do [&hellip;]<\/p>\n","protected":false},"author":4,"featured_media":12636,"comment_status":"closed","ping_status":"open","sticky":false,"template":"","format":"standard","meta":{"jnews-multi-image_gallery":[],"jnews_single_post":{"format":"standard"},"jnews_primary_category":[],"footnotes":""},"categories":[21],"tags":[],"class_list":["post-12635","post","type-post","status-publish","format-standard","has-post-thumbnail","hentry","category-pos-venda"],"yoast_head":"<!-- This site is optimized with the Yoast SEO Premium plugin v27.2 (Yoast SEO v27.5) - https:\/\/yoast.com\/product\/yoast-seo-premium-wordpress\/ -->\n<title>Michelin Primacy 5 energy - Pneu do Ano - Revista Automotive<\/title>\n<meta name=\"description\" content=\"A Michelin recebeu v\u00e1rios pr\u00e9mios na Tire Technology Expo, a feira profissional mundial dedicada ao design, ao fabrico e \u00e0 inova\u00e7\u00e3o na ind\u00fastr\" \/>\n<meta name=\"robots\" content=\"index, follow, max-snippet:-1, max-image-preview:large, max-video-preview:-1\" \/>\n<link rel=\"canonical\" href=\"https:\/\/automotiverevista.pt\/index.php\/2026\/03\/10\/michelin-primacy-5-energy-pneu-do-ano\/\" \/>\n<meta property=\"og:locale\" content=\"pt_PT\" \/>\n<meta property=\"og:type\" content=\"article\" \/>\n<meta property=\"og:title\" content=\"Michelin Primacy 5 energy - Pneu do Ano\" \/>\n<meta property=\"og:description\" content=\"A Michelin recebeu v\u00e1rios pr\u00e9mios na Tire Technology Expo, a feira profissional mundial dedicada ao design, ao fabrico e \u00e0 inova\u00e7\u00e3o na ind\u00fastr\" \/>\n<meta property=\"og:url\" content=\"https:\/\/automotiverevista.pt\/index.php\/2026\/03\/10\/michelin-primacy-5-energy-pneu-do-ano\/\" \/>\n<meta property=\"og:site_name\" content=\"Revista Automotive\" \/>\n<meta property=\"article:published_time\" content=\"2026-03-10T10:39:00+00:00\" \/>\n<meta property=\"og:image\" content=\"https:\/\/automotiverevista.pt\/wp-content\/uploads\/2026\/03\/MICHELIN-Primacy-5-energy_4_low.jpg\" \/>\n\t<meta property=\"og:image:width\" content=\"1400\" \/>\n\t<meta property=\"og:image:height\" content=\"934\" \/>\n\t<meta property=\"og:image:type\" content=\"image\/jpeg\" \/>\n<meta name=\"author\" content=\"Fatima Silva\" \/>\n<meta name=\"twitter:card\" content=\"summary_large_image\" \/>\n<meta name=\"twitter:label1\" content=\"Escrito por\" \/>\n\t<meta name=\"twitter:data1\" content=\"Fatima Silva\" \/>\n\t<meta name=\"twitter:label2\" content=\"Tempo estimado de leitura\" \/>\n\t<meta name=\"twitter:data2\" content=\"2 minutos\" \/>\n<script type=\"application\/ld+json\" class=\"yoast-schema-graph\">{\"@context\":\"https:\\\/\\\/schema.org\",\"@graph\":[{\"@type\":\"Article\",\"@id\":\"https:\\\/\\\/automotiverevista.pt\\\/index.php\\\/2026\\\/03\\\/10\\\/michelin-primacy-5-energy-pneu-do-ano\\\/#article\",\"isPartOf\":{\"@id\":\"https:\\\/\\\/automotiverevista.pt\\\/index.php\\\/2026\\\/03\\\/10\\\/michelin-primacy-5-energy-pneu-do-ano\\\/\"},\"author\":{\"name\":\"Fatima Silva\",\"@id\":\"https:\\\/\\\/automotiverevista.pt\\\/#\\\/schema\\\/person\\\/1e95eb12553b8edd256acb00fe6dad4b\"},\"headline\":\"Michelin Primacy 5 energy &#8211; Pneu do Ano\",\"datePublished\":\"2026-03-10T10:39:00+00:00\",\"mainEntityOfPage\":{\"@id\":\"https:\\\/\\\/automotiverevista.pt\\\/index.php\\\/2026\\\/03\\\/10\\\/michelin-primacy-5-energy-pneu-do-ano\\\/\"},\"wordCount\":174,\"publisher\":{\"@id\":\"https:\\\/\\\/automotiverevista.pt\\\/#organization\"},\"image\":{\"@id\":\"https:\\\/\\\/automotiverevista.pt\\\/index.php\\\/2026\\\/03\\\/10\\\/michelin-primacy-5-energy-pneu-do-ano\\\/#primaryimage\"},\"thumbnailUrl\":\"https:\\\/\\\/automotiverevista.pt\\\/wp-content\\\/uploads\\\/2026\\\/03\\\/MICHELIN-Primacy-5-energy_4_low.jpg\",\"articleSection\":[\"P\u00f3s-Venda\"],\"inLanguage\":\"pt-PT\"},{\"@type\":\"WebPage\",\"@id\":\"https:\\\/\\\/automotiverevista.pt\\\/index.php\\\/2026\\\/03\\\/10\\\/michelin-primacy-5-energy-pneu-do-ano\\\/\",\"url\":\"https:\\\/\\\/automotiverevista.pt\\\/index.php\\\/2026\\\/03\\\/10\\\/michelin-primacy-5-energy-pneu-do-ano\\\/\",\"name\":\"Michelin Primacy 5 energy - Pneu do Ano - Revista Automotive\",\"isPartOf\":{\"@id\":\"https:\\\/\\\/automotiverevista.pt\\\/#website\"},\"primaryImageOfPage\":{\"@id\":\"https:\\\/\\\/automotiverevista.pt\\\/index.php\\\/2026\\\/03\\\/10\\\/michelin-primacy-5-energy-pneu-do-ano\\\/#primaryimage\"},\"image\":{\"@id\":\"https:\\\/\\\/automotiverevista.pt\\\/index.php\\\/2026\\\/03\\\/10\\\/michelin-primacy-5-energy-pneu-do-ano\\\/#primaryimage\"},\"thumbnailUrl\":\"https:\\\/\\\/automotiverevista.pt\\\/wp-content\\\/uploads\\\/2026\\\/03\\\/MICHELIN-Primacy-5-energy_4_low.jpg\",\"datePublished\":\"2026-03-10T10:39:00+00:00\",\"description\":\"A Michelin recebeu v\u00e1rios pr\u00e9mios na Tire Technology Expo, a feira profissional mundial dedicada ao design, ao fabrico e \u00e0 inova\u00e7\u00e3o na ind\u00fastr\",\"breadcrumb\":{\"@id\":\"https:\\\/\\\/automotiverevista.pt\\\/index.php\\\/2026\\\/03\\\/10\\\/michelin-primacy-5-energy-pneu-do-ano\\\/#breadcrumb\"},\"inLanguage\":\"pt-PT\",\"potentialAction\":[{\"@type\":\"ReadAction\",\"target\":[\"https:\\\/\\\/automotiverevista.pt\\\/index.php\\\/2026\\\/03\\\/10\\\/michelin-primacy-5-energy-pneu-do-ano\\\/\"]}]},{\"@type\":\"ImageObject\",\"inLanguage\":\"pt-PT\",\"@id\":\"https:\\\/\\\/automotiverevista.pt\\\/index.php\\\/2026\\\/03\\\/10\\\/michelin-primacy-5-energy-pneu-do-ano\\\/#primaryimage\",\"url\":\"https:\\\/\\\/automotiverevista.pt\\\/wp-content\\\/uploads\\\/2026\\\/03\\\/MICHELIN-Primacy-5-energy_4_low.jpg\",\"contentUrl\":\"https:\\\/\\\/automotiverevista.pt\\\/wp-content\\\/uploads\\\/2026\\\/03\\\/MICHELIN-Primacy-5-energy_4_low.jpg\",\"width\":1400,\"height\":934},{\"@type\":\"BreadcrumbList\",\"@id\":\"https:\\\/\\\/automotiverevista.pt\\\/index.php\\\/2026\\\/03\\\/10\\\/michelin-primacy-5-energy-pneu-do-ano\\\/#breadcrumb\",\"itemListElement\":[{\"@type\":\"ListItem\",\"position\":1,\"name\":\"Home\",\"item\":\"https:\\\/\\\/automotiverevista.pt\\\/\"},{\"@type\":\"ListItem\",\"position\":2,\"name\":\"Michelin Primacy 5 energy &#8211; Pneu do Ano\"}]},{\"@type\":\"WebSite\",\"@id\":\"https:\\\/\\\/automotiverevista.pt\\\/#website\",\"url\":\"https:\\\/\\\/automotiverevista.pt\\\/\",\"name\":\"Revista Automotive\",\"description\":\"Revista Automotive Portugal\",\"publisher\":{\"@id\":\"https:\\\/\\\/automotiverevista.pt\\\/#organization\"},\"potentialAction\":[{\"@type\":\"SearchAction\",\"target\":{\"@type\":\"EntryPoint\",\"urlTemplate\":\"https:\\\/\\\/automotiverevista.pt\\\/?s={search_term_string}\"},\"query-input\":{\"@type\":\"PropertyValueSpecification\",\"valueRequired\":true,\"valueName\":\"search_term_string\"}}],\"inLanguage\":\"pt-PT\"},{\"@type\":\"Organization\",\"@id\":\"https:\\\/\\\/automotiverevista.pt\\\/#organization\",\"name\":\"Revista Automotive Portugal\",\"url\":\"https:\\\/\\\/automotiverevista.pt\\\/\",\"logo\":{\"@type\":\"ImageObject\",\"inLanguage\":\"pt-PT\",\"@id\":\"https:\\\/\\\/automotiverevista.pt\\\/#\\\/schema\\\/logo\\\/image\\\/\",\"url\":\"https:\\\/\\\/automotiverevista.pt\\\/wp-content\\\/uploads\\\/2022\\\/07\\\/Logo-Automotive-2021_500-1.jpg\",\"contentUrl\":\"https:\\\/\\\/automotiverevista.pt\\\/wp-content\\\/uploads\\\/2022\\\/07\\\/Logo-Automotive-2021_500-1.jpg\",\"width\":500,\"height\":160,\"caption\":\"Revista Automotive Portugal\"},\"image\":{\"@id\":\"https:\\\/\\\/automotiverevista.pt\\\/#\\\/schema\\\/logo\\\/image\\\/\"},\"sameAs\":[\"https:\\\/\\\/linkedin.com\\\/in\\\/automotiverevista\"]},{\"@type\":\"Person\",\"@id\":\"https:\\\/\\\/automotiverevista.pt\\\/#\\\/schema\\\/person\\\/1e95eb12553b8edd256acb00fe6dad4b\",\"name\":\"Fatima Silva\",\"image\":{\"@type\":\"ImageObject\",\"inLanguage\":\"pt-PT\",\"@id\":\"https:\\\/\\\/secure.gravatar.com\\\/avatar\\\/4b4a955a9c1b66708ab0dd3bd6181ac1f650299d893bd337a28482f7f19c8511?s=96&d=mm&r=g\",\"url\":\"https:\\\/\\\/secure.gravatar.com\\\/avatar\\\/4b4a955a9c1b66708ab0dd3bd6181ac1f650299d893bd337a28482f7f19c8511?s=96&d=mm&r=g\",\"contentUrl\":\"https:\\\/\\\/secure.gravatar.com\\\/avatar\\\/4b4a955a9c1b66708ab0dd3bd6181ac1f650299d893bd337a28482f7f19c8511?s=96&d=mm&r=g\",\"caption\":\"Fatima Silva\"},\"url\":\"https:\\\/\\\/automotiverevista.pt\\\/index.php\\\/author\\\/fgasparsilva\\\/\"}]}<\/script>\n<!-- \/ Yoast SEO Premium plugin. -->","yoast_head_json":{"title":"Michelin Primacy 5 energy - Pneu do Ano - Revista Automotive","description":"A Michelin recebeu v\u00e1rios pr\u00e9mios na Tire Technology Expo, a feira profissional mundial dedicada ao design, ao fabrico e \u00e0 inova\u00e7\u00e3o na ind\u00fastr","robots":{"index":"index","follow":"follow","max-snippet":"max-snippet:-1","max-image-preview":"max-image-preview:large","max-video-preview":"max-video-preview:-1"},"canonical":"https:\/\/automotiverevista.pt\/index.php\/2026\/03\/10\/michelin-primacy-5-energy-pneu-do-ano\/","og_locale":"pt_PT","og_type":"article","og_title":"Michelin Primacy 5 energy - Pneu do Ano","og_description":"A Michelin recebeu v\u00e1rios pr\u00e9mios na Tire Technology Expo, a feira profissional mundial dedicada ao design, ao fabrico e \u00e0 inova\u00e7\u00e3o na ind\u00fastr","og_url":"https:\/\/automotiverevista.pt\/index.php\/2026\/03\/10\/michelin-primacy-5-energy-pneu-do-ano\/","og_site_name":"Revista Automotive","article_published_time":"2026-03-10T10:39:00+00:00","og_image":[{"width":1400,"height":934,"url":"https:\/\/automotiverevista.pt\/wp-content\/uploads\/2026\/03\/MICHELIN-Primacy-5-energy_4_low.jpg","type":"image\/jpeg"}],"author":"Fatima Silva","twitter_card":"summary_large_image","twitter_misc":{"Escrito por":"Fatima Silva","Tempo estimado de leitura":"2 minutos"},"schema":{"@context":"https:\/\/schema.org","@graph":[{"@type":"Article","@id":"https:\/\/automotiverevista.pt\/index.php\/2026\/03\/10\/michelin-primacy-5-energy-pneu-do-ano\/#article","isPartOf":{"@id":"https:\/\/automotiverevista.pt\/index.php\/2026\/03\/10\/michelin-primacy-5-energy-pneu-do-ano\/"},"author":{"name":"Fatima Silva","@id":"https:\/\/automotiverevista.pt\/#\/schema\/person\/1e95eb12553b8edd256acb00fe6dad4b"},"headline":"Michelin Primacy 5 energy &#8211; Pneu do Ano","datePublished":"2026-03-10T10:39:00+00:00","mainEntityOfPage":{"@id":"https:\/\/automotiverevista.pt\/index.php\/2026\/03\/10\/michelin-primacy-5-energy-pneu-do-ano\/"},"wordCount":174,"publisher":{"@id":"https:\/\/automotiverevista.pt\/#organization"},"image":{"@id":"https:\/\/automotiverevista.pt\/index.php\/2026\/03\/10\/michelin-primacy-5-energy-pneu-do-ano\/#primaryimage"},"thumbnailUrl":"https:\/\/automotiverevista.pt\/wp-content\/uploads\/2026\/03\/MICHELIN-Primacy-5-energy_4_low.jpg","articleSection":["P\u00f3s-Venda"],"inLanguage":"pt-PT"},{"@type":"WebPage","@id":"https:\/\/automotiverevista.pt\/index.php\/2026\/03\/10\/michelin-primacy-5-energy-pneu-do-ano\/","url":"https:\/\/automotiverevista.pt\/index.php\/2026\/03\/10\/michelin-primacy-5-energy-pneu-do-ano\/","name":"Michelin Primacy 5 energy - Pneu do Ano - Revista Automotive","isPartOf":{"@id":"https:\/\/automotiverevista.pt\/#website"},"primaryImageOfPage":{"@id":"https:\/\/automotiverevista.pt\/index.php\/2026\/03\/10\/michelin-primacy-5-energy-pneu-do-ano\/#primaryimage"},"image":{"@id":"https:\/\/automotiverevista.pt\/index.php\/2026\/03\/10\/michelin-primacy-5-energy-pneu-do-ano\/#primaryimage"},"thumbnailUrl":"https:\/\/automotiverevista.pt\/wp-content\/uploads\/2026\/03\/MICHELIN-Primacy-5-energy_4_low.jpg","datePublished":"2026-03-10T10:39:00+00:00","description":"A Michelin recebeu v\u00e1rios pr\u00e9mios na Tire Technology Expo, a feira profissional mundial dedicada ao design, ao fabrico e \u00e0 inova\u00e7\u00e3o na ind\u00fastr","breadcrumb":{"@id":"https:\/\/automotiverevista.pt\/index.php\/2026\/03\/10\/michelin-primacy-5-energy-pneu-do-ano\/#breadcrumb"},"inLanguage":"pt-PT","potentialAction":[{"@type":"ReadAction","target":["https:\/\/automotiverevista.pt\/index.php\/2026\/03\/10\/michelin-primacy-5-energy-pneu-do-ano\/"]}]},{"@type":"ImageObject","inLanguage":"pt-PT","@id":"https:\/\/automotiverevista.pt\/index.php\/2026\/03\/10\/michelin-primacy-5-energy-pneu-do-ano\/#primaryimage","url":"https:\/\/automotiverevista.pt\/wp-content\/uploads\/2026\/03\/MICHELIN-Primacy-5-energy_4_low.jpg","contentUrl":"https:\/\/automotiverevista.pt\/wp-content\/uploads\/2026\/03\/MICHELIN-Primacy-5-energy_4_low.jpg","width":1400,"height":934},{"@type":"BreadcrumbList","@id":"https:\/\/automotiverevista.pt\/index.php\/2026\/03\/10\/michelin-primacy-5-energy-pneu-do-ano\/#breadcrumb","itemListElement":[{"@type":"ListItem","position":1,"name":"Home","item":"https:\/\/automotiverevista.pt\/"},{"@type":"ListItem","position":2,"name":"Michelin Primacy 5 energy &#8211; Pneu do Ano"}]},{"@type":"WebSite","@id":"https:\/\/automotiverevista.pt\/#website","url":"https:\/\/automotiverevista.pt\/","name":"Revista Automotive","description":"Revista Automotive Portugal","publisher":{"@id":"https:\/\/automotiverevista.pt\/#organization"},"potentialAction":[{"@type":"SearchAction","target":{"@type":"EntryPoint","urlTemplate":"https:\/\/automotiverevista.pt\/?s={search_term_string}"},"query-input":{"@type":"PropertyValueSpecification","valueRequired":true,"valueName":"search_term_string"}}],"inLanguage":"pt-PT"},{"@type":"Organization","@id":"https:\/\/automotiverevista.pt\/#organization","name":"Revista Automotive Portugal","url":"https:\/\/automotiverevista.pt\/","logo":{"@type":"ImageObject","inLanguage":"pt-PT","@id":"https:\/\/automotiverevista.pt\/#\/schema\/logo\/image\/","url":"https:\/\/automotiverevista.pt\/wp-content\/uploads\/2022\/07\/Logo-Automotive-2021_500-1.jpg","contentUrl":"https:\/\/automotiverevista.pt\/wp-content\/uploads\/2022\/07\/Logo-Automotive-2021_500-1.jpg","width":500,"height":160,"caption":"Revista Automotive Portugal"},"image":{"@id":"https:\/\/automotiverevista.pt\/#\/schema\/logo\/image\/"},"sameAs":["https:\/\/linkedin.com\/in\/automotiverevista"]},{"@type":"Person","@id":"https:\/\/automotiverevista.pt\/#\/schema\/person\/1e95eb12553b8edd256acb00fe6dad4b","name":"Fatima Silva","image":{"@type":"ImageObject","inLanguage":"pt-PT","@id":"https:\/\/secure.gravatar.com\/avatar\/4b4a955a9c1b66708ab0dd3bd6181ac1f650299d893bd337a28482f7f19c8511?s=96&d=mm&r=g","url":"https:\/\/secure.gravatar.com\/avatar\/4b4a955a9c1b66708ab0dd3bd6181ac1f650299d893bd337a28482f7f19c8511?s=96&d=mm&r=g","contentUrl":"https:\/\/secure.gravatar.com\/avatar\/4b4a955a9c1b66708ab0dd3bd6181ac1f650299d893bd337a28482f7f19c8511?s=96&d=mm&r=g","caption":"Fatima Silva"},"url":"https:\/\/automotiverevista.pt\/index.php\/author\/fgasparsilva\/"}]}},"_links":{"self":[{"href":"https:\/\/automotiverevista.pt\/index.php\/wp-json\/wp\/v2\/posts\/12635","targetHints":{"allow":["GET"]}}],"collection":[{"href":"https:\/\/automotiverevista.pt\/index.php\/wp-json\/wp\/v2\/posts"}],"about":[{"href":"https:\/\/automotiverevista.pt\/index.php\/wp-json\/wp\/v2\/types\/post"}],"author":[{"embeddable":true,"href":"https:\/\/automotiverevista.pt\/index.php\/wp-json\/wp\/v2\/users\/4"}],"replies":[{"embeddable":true,"href":"https:\/\/automotiverevista.pt\/index.php\/wp-json\/wp\/v2\/comments?post=12635"}],"version-history":[{"count":1,"href":"https:\/\/automotiverevista.pt\/index.php\/wp-json\/wp\/v2\/posts\/12635\/revisions"}],"predecessor-version":[{"id":12638,"href":"https:\/\/automotiverevista.pt\/index.php\/wp-json\/wp\/v2\/posts\/12635\/revisions\/12638"}],"wp:featuredmedia":[{"embeddable":true,"href":"https:\/\/automotiverevista.pt\/index.php\/wp-json\/wp\/v2\/media\/12636"}],"wp:attachment":[{"href":"https:\/\/automotiverevista.pt\/index.php\/wp-json\/wp\/v2\/media?parent=12635"}],"wp:term":[{"taxonomy":"category","embeddable":true,"href":"https:\/\/automotiverevista.pt\/index.php\/wp-json\/wp\/v2\/categories?post=12635"},{"taxonomy":"post_tag","embeddable":true,"href":"https:\/\/automotiverevista.pt\/index.php\/wp-json\/wp\/v2\/tags?post=12635"}],"curies":[{"name":"wp","href":"https:\/\/api.w.org\/{rel}","templated":true}]}}