{"id":12664,"date":"2026-03-12T15:37:37","date_gmt":"2026-03-12T15:37:37","guid":{"rendered":"https:\/\/automotiverevista.pt\/?p=12664"},"modified":"2026-03-10T09:14:16","modified_gmt":"2026-03-10T09:14:16","slug":"grupo-bosch-entre-reestruturacoes-e-perdas-o-dificil-momento","status":"publish","type":"post","link":"https:\/\/automotiverevista.pt\/index.php\/2026\/03\/12\/grupo-bosch-entre-reestruturacoes-e-perdas-o-dificil-momento\/","title":{"rendered":"Grupo Bosch entre reestrutura\u00e7\u00f5es e perdas: o dif\u00edcil momento"},"content":{"rendered":"\n<p>No grupo Bosch, o lucro em 2025 caiu quase para metade e as perspetivas para os pr\u00f3ximos anos s\u00e3o incertas. Os trabalhadores receiam pelos seus empregos: segundo a empresa, s\u00f3 na Alemanha dever\u00e3o ser eliminados mais de 20.000 postos de trabalho at\u00e9 2030. O n\u00famero total de trabalhadores que ser\u00e3o despedidos em todo o mundo ainda n\u00e3o foi revelado.<\/p>\n\n\n\n<p>O presidente executivo Stefan Hartung descreveu 2025 como um ano \u201cdif\u00edcil e, em parte, doloroso\u201d, e avisou que n\u00e3o pode prometer tranquilidade para 2026, j\u00e1 que as medidas anunciadas \u2014 sobretudo cortes profundos no setor autom\u00f3vel \u2014 ter\u00e3o de ser aplicadas.<\/p>\n\n\n\n<p>A Bosch tem vindo a aplicar uma pol\u00edtica de redu\u00e7\u00e3o de pessoal nos \u00faltimos dois anos, o que tem implicado em custos mais elevados para a empresa, nomeadamente com indemniza\u00e7\u00f5es e planos sociais. Em 2025 o seu lucro operacional caiu para 1,7 mil milh\u00f5es de euros, cerca de metade do valor do ano anterior.<\/p>\n\n\n<div class=\"wp-block-image\">\n<figure class=\"alignleft size-large is-resized\"><img decoding=\"async\" width=\"1024\" height=\"683\" src=\"https:\/\/automotiverevista.pt\/wp-content\/uploads\/2026\/03\/IMG_8598-1024x683.jpg\" alt=\"\" class=\"wp-image-12667\" style=\"aspect-ratio:1.499298508923619;width:523px;height:auto\" srcset=\"https:\/\/automotiverevista.pt\/wp-content\/uploads\/2026\/03\/IMG_8598-1024x683.jpg 1024w, https:\/\/automotiverevista.pt\/wp-content\/uploads\/2026\/03\/IMG_8598-300x200.jpg 300w, https:\/\/automotiverevista.pt\/wp-content\/uploads\/2026\/03\/IMG_8598-768x512.jpg 768w, https:\/\/automotiverevista.pt\/wp-content\/uploads\/2026\/03\/IMG_8598-750x500.jpg 750w, https:\/\/automotiverevista.pt\/wp-content\/uploads\/2026\/03\/IMG_8598-1140x760.jpg 1140w, https:\/\/automotiverevista.pt\/wp-content\/uploads\/2026\/03\/IMG_8598.jpg 1500w\" sizes=\"(max-width: 1024px) 100vw, 1024px\" \/><\/figure>\n<\/div>\n\n\n<p>A <a href=\"https:\/\/automotiverevista.pt\/index.php\/2025\/09\/09\/bosch-frotas-com-combustiveis-sinteticos-renovaveis\/\" id=\"https:\/\/automotiverevista.pt\/index.php\/2025\/09\/09\/bosch-frotas-com-combustiveis-sinteticos-renovaveis\/\">empresa <\/a>aponta a quebra nas vendas na China e efeitos cambiais desfavor\u00e1veis como causas da descida dos lucros. S\u00f3 a partir de 2027 s\u00e3o esperadas melhorias significativas, e apenas em alguns mercados. O setor autom\u00f3vel, o mais importante para a Bosch, continua sob forte press\u00e3o, onde a sua f\u00e1brica de Waiblingen (Alemanha) dever\u00e1 encerrar at\u00e9 2028, entre outras.<\/p>\n\n\n\n<p><strong>O resultado das decis\u00f5es<\/strong><\/p>\n\n\n\n<p>Segundo Stefan Reindl, a fraca procura na China, a ades\u00e3o lenta \u00e0 mobilidade el\u00e9trica na Europa e as tarifas impostas pelo Presidente Donald Trump agravaram a crise da ind\u00fastria autom\u00f3vel alem\u00e3 e dos seus fornecedores. O respons\u00e1vel n\u00e3o referiu nenhum erro na estrat\u00e9gia da Bosch ao longos dos anos \u2013 \u00e9 sempre mais f\u00e1cil apontar a culpa para situa\u00e7\u00f5es externas adversas.<\/p>\n\n\n\n<p>Facto \u00e9 que a Bosch recebeu v\u00e1rias ajudas europeias para a mobilidade el\u00e9trica e nos \u00faltimos sete anos verticalizou-se para os carros el\u00e9tricos, sabendo dos riscos que estava a correr. O mesmo com a China, onde instalou 34 f\u00e1bricas e 26 centros. Sobre Trump, tamb\u00e9m era algo que at\u00e9 o mais leigo em economia previa acontecer.<\/p>\n\n\n<div class=\"wp-block-image\">\n<figure class=\"alignright size-large is-resized\"><img decoding=\"async\" width=\"1024\" height=\"683\" src=\"https:\/\/automotiverevista.pt\/wp-content\/uploads\/2026\/03\/IMG_8620-1024x683.jpg\" alt=\"\" class=\"wp-image-12668\" style=\"width:483px;height:auto\" srcset=\"https:\/\/automotiverevista.pt\/wp-content\/uploads\/2026\/03\/IMG_8620-1024x683.jpg 1024w, https:\/\/automotiverevista.pt\/wp-content\/uploads\/2026\/03\/IMG_8620-300x200.jpg 300w, https:\/\/automotiverevista.pt\/wp-content\/uploads\/2026\/03\/IMG_8620-768x512.jpg 768w, https:\/\/automotiverevista.pt\/wp-content\/uploads\/2026\/03\/IMG_8620-750x500.jpg 750w, https:\/\/automotiverevista.pt\/wp-content\/uploads\/2026\/03\/IMG_8620-1140x760.jpg 1140w, https:\/\/automotiverevista.pt\/wp-content\/uploads\/2026\/03\/IMG_8620.jpg 1500w\" sizes=\"(max-width: 1024px) 100vw, 1024px\" \/><\/figure>\n<\/div>\n\n\n<p>Ao mesmo tempo que preconizava os carros el\u00e9tricos, a Bosch deixava \u201cesquecida\u201d a sua rede Bosch Car Service. As oficinas que quiseram preparar-se para repararem carros el\u00e9tricos, tiveram de faz\u00ea-lo praticamente por sua conta e risco. Abandonados tamb\u00e9m se t\u00eam sentido os que trabalham com a divis\u00e3o de p\u00f3s-venda da Bosch. Distribuidores, retalhistas e oficinas, t\u00eam relatado \u00e0 Revista Automotive um descaso total da empresa-m\u00e3e alem\u00e3, apesar de reconhecerem esfor\u00e7os da unidade da Bosch em Portugal.<\/p>\n\n\n\n<p>Para culminar, em 2025 a Bosch tornou o seu fundador, Robert Bosch, num <em>influencer<\/em> das redes sociais intitulando \u201co Influencer Automotive\u201d. A comunica\u00e7\u00e3o \u00e9 o reflexo do estado de uma empresa.<\/p>\n\n\n\n<p>H\u00e1 algo de profundamente desajustado para que Robert Bosch, cujo nome ficou associado a uma transforma\u00e7\u00e3o estrutural da ind\u00fastria mundial, estar a \u201cacotovelar-se\u201d no mesmo espa\u00e7o dos <em>influencers<\/em> digitais de relev\u00e2ncia duvidosa e protagonismo fugaz. Confundir impacto hist\u00f3rico com notoriedade instant\u00e2nea, \u00e9 o mesmo que tentar investir em intelig\u00eancia artificial e esperar que ela salve uma empresa global.<\/p>\n\n\n<div class=\"wp-block-image\">\n<figure class=\"aligncenter size-large is-resized\"><img decoding=\"async\" width=\"1500\" height=\"843\" src=\"https:\/\/automotiverevista.pt\/wp-content\/uploads\/2026\/03\/IMG_8643-edited.jpg\" alt=\"\" class=\"wp-image-12669\" style=\"width:825px;height:auto\" srcset=\"https:\/\/automotiverevista.pt\/wp-content\/uploads\/2026\/03\/IMG_8643-edited.jpg 1500w, https:\/\/automotiverevista.pt\/wp-content\/uploads\/2026\/03\/IMG_8643-edited-300x169.jpg 300w, https:\/\/automotiverevista.pt\/wp-content\/uploads\/2026\/03\/IMG_8643-edited-1024x575.jpg 1024w, https:\/\/automotiverevista.pt\/wp-content\/uploads\/2026\/03\/IMG_8643-edited-768x432.jpg 768w, https:\/\/automotiverevista.pt\/wp-content\/uploads\/2026\/03\/IMG_8643-edited-750x422.jpg 750w, https:\/\/automotiverevista.pt\/wp-content\/uploads\/2026\/03\/IMG_8643-edited-1140x641.jpg 1140w\" sizes=\"(max-width: 1500px) 100vw, 1500px\" \/><\/figure>\n<\/div>","protected":false},"excerpt":{"rendered":"<p>No grupo Bosch, o lucro em 2025 caiu quase para metade e as perspetivas para os pr\u00f3ximos anos s\u00e3o incertas. Os trabalhadores receiam pelos seus empregos: segundo a empresa, s\u00f3 na Alemanha dever\u00e3o ser eliminados mais de 20.000 postos de trabalho at\u00e9 2030. O n\u00famero total de trabalhadores que ser\u00e3o despedidos em todo o mundo [&hellip;]<\/p>\n","protected":false},"author":4,"featured_media":12666,"comment_status":"closed","ping_status":"open","sticky":false,"template":"","format":"standard","meta":{"jnews-multi-image_gallery":[],"jnews_single_post":{"format":"standard"},"jnews_primary_category":[],"footnotes":""},"categories":[21],"tags":[],"class_list":["post-12664","post","type-post","status-publish","format-standard","has-post-thumbnail","hentry","category-pos-venda"],"yoast_head":"<!-- This site is optimized with the Yoast SEO Premium plugin v27.5 (Yoast SEO v27.5) - https:\/\/yoast.com\/product\/yoast-seo-premium-wordpress\/ -->\n<title>Grupo Bosch entre reestrutura\u00e7\u00f5es e perdas: o dif\u00edcil momento - Revista Automotive<\/title>\n<meta name=\"description\" content=\"No grupo Bosch, o lucro em 2025 caiu quase para metade e as perspetivas para os pr\u00f3ximos anos s\u00e3o incertas. Os trabalhadores receiam pelos seu\" \/>\n<meta name=\"robots\" content=\"index, follow, max-snippet:-1, max-image-preview:large, max-video-preview:-1\" \/>\n<link rel=\"canonical\" href=\"https:\/\/automotiverevista.pt\/index.php\/2026\/03\/12\/grupo-bosch-entre-reestruturacoes-e-perdas-o-dificil-momento\/\" \/>\n<meta property=\"og:locale\" content=\"pt_PT\" \/>\n<meta property=\"og:type\" content=\"article\" \/>\n<meta property=\"og:title\" content=\"Grupo Bosch entre reestrutura\u00e7\u00f5es e perdas: o dif\u00edcil momento\" \/>\n<meta property=\"og:description\" content=\"No grupo Bosch, o lucro em 2025 caiu quase para metade e as perspetivas para os pr\u00f3ximos anos s\u00e3o incertas. Os trabalhadores receiam pelos seu\" \/>\n<meta property=\"og:url\" content=\"https:\/\/automotiverevista.pt\/index.php\/2026\/03\/12\/grupo-bosch-entre-reestruturacoes-e-perdas-o-dificil-momento\/\" \/>\n<meta property=\"og:site_name\" content=\"Revista Automotive\" \/>\n<meta property=\"article:published_time\" content=\"2026-03-12T15:37:37+00:00\" \/>\n<meta property=\"og:image\" content=\"https:\/\/automotiverevista.pt\/wp-content\/uploads\/2026\/03\/IMG_8513.jpg\" \/>\n\t<meta property=\"og:image:width\" content=\"1500\" \/>\n\t<meta property=\"og:image:height\" content=\"1000\" \/>\n\t<meta property=\"og:image:type\" content=\"image\/jpeg\" \/>\n<meta name=\"author\" content=\"Fatima Silva\" \/>\n<meta name=\"twitter:card\" content=\"summary_large_image\" \/>\n<meta name=\"twitter:label1\" content=\"Escrito por\" \/>\n\t<meta name=\"twitter:data1\" content=\"Fatima Silva\" \/>\n\t<meta name=\"twitter:label2\" content=\"Tempo estimado de leitura\" \/>\n\t<meta name=\"twitter:data2\" content=\"4 minutos\" \/>\n<script type=\"application\/ld+json\" class=\"yoast-schema-graph\">{\"@context\":\"https:\\\/\\\/schema.org\",\"@graph\":[{\"@type\":\"Article\",\"@id\":\"https:\\\/\\\/automotiverevista.pt\\\/index.php\\\/2026\\\/03\\\/12\\\/grupo-bosch-entre-reestruturacoes-e-perdas-o-dificil-momento\\\/#article\",\"isPartOf\":{\"@id\":\"https:\\\/\\\/automotiverevista.pt\\\/index.php\\\/2026\\\/03\\\/12\\\/grupo-bosch-entre-reestruturacoes-e-perdas-o-dificil-momento\\\/\"},\"author\":{\"name\":\"Fatima Silva\",\"@id\":\"https:\\\/\\\/automotiverevista.pt\\\/#\\\/schema\\\/person\\\/1e95eb12553b8edd256acb00fe6dad4b\"},\"headline\":\"Grupo Bosch entre reestrutura\u00e7\u00f5es e perdas: o dif\u00edcil momento\",\"datePublished\":\"2026-03-12T15:37:37+00:00\",\"mainEntityOfPage\":{\"@id\":\"https:\\\/\\\/automotiverevista.pt\\\/index.php\\\/2026\\\/03\\\/12\\\/grupo-bosch-entre-reestruturacoes-e-perdas-o-dificil-momento\\\/\"},\"wordCount\":541,\"publisher\":{\"@id\":\"https:\\\/\\\/automotiverevista.pt\\\/#organization\"},\"image\":{\"@id\":\"https:\\\/\\\/automotiverevista.pt\\\/index.php\\\/2026\\\/03\\\/12\\\/grupo-bosch-entre-reestruturacoes-e-perdas-o-dificil-momento\\\/#primaryimage\"},\"thumbnailUrl\":\"https:\\\/\\\/automotiverevista.pt\\\/wp-content\\\/uploads\\\/2026\\\/03\\\/IMG_8513.jpg\",\"articleSection\":[\"P\u00f3s-Venda\"],\"inLanguage\":\"pt-PT\"},{\"@type\":\"WebPage\",\"@id\":\"https:\\\/\\\/automotiverevista.pt\\\/index.php\\\/2026\\\/03\\\/12\\\/grupo-bosch-entre-reestruturacoes-e-perdas-o-dificil-momento\\\/\",\"url\":\"https:\\\/\\\/automotiverevista.pt\\\/index.php\\\/2026\\\/03\\\/12\\\/grupo-bosch-entre-reestruturacoes-e-perdas-o-dificil-momento\\\/\",\"name\":\"Grupo Bosch entre reestrutura\u00e7\u00f5es e perdas: o dif\u00edcil momento - Revista Automotive\",\"isPartOf\":{\"@id\":\"https:\\\/\\\/automotiverevista.pt\\\/#website\"},\"primaryImageOfPage\":{\"@id\":\"https:\\\/\\\/automotiverevista.pt\\\/index.php\\\/2026\\\/03\\\/12\\\/grupo-bosch-entre-reestruturacoes-e-perdas-o-dificil-momento\\\/#primaryimage\"},\"image\":{\"@id\":\"https:\\\/\\\/automotiverevista.pt\\\/index.php\\\/2026\\\/03\\\/12\\\/grupo-bosch-entre-reestruturacoes-e-perdas-o-dificil-momento\\\/#primaryimage\"},\"thumbnailUrl\":\"https:\\\/\\\/automotiverevista.pt\\\/wp-content\\\/uploads\\\/2026\\\/03\\\/IMG_8513.jpg\",\"datePublished\":\"2026-03-12T15:37:37+00:00\",\"description\":\"No grupo Bosch, o lucro em 2025 caiu quase para metade e as perspetivas para os pr\u00f3ximos anos s\u00e3o incertas. Os trabalhadores receiam pelos seu\",\"breadcrumb\":{\"@id\":\"https:\\\/\\\/automotiverevista.pt\\\/index.php\\\/2026\\\/03\\\/12\\\/grupo-bosch-entre-reestruturacoes-e-perdas-o-dificil-momento\\\/#breadcrumb\"},\"inLanguage\":\"pt-PT\",\"potentialAction\":[{\"@type\":\"ReadAction\",\"target\":[\"https:\\\/\\\/automotiverevista.pt\\\/index.php\\\/2026\\\/03\\\/12\\\/grupo-bosch-entre-reestruturacoes-e-perdas-o-dificil-momento\\\/\"]}]},{\"@type\":\"ImageObject\",\"inLanguage\":\"pt-PT\",\"@id\":\"https:\\\/\\\/automotiverevista.pt\\\/index.php\\\/2026\\\/03\\\/12\\\/grupo-bosch-entre-reestruturacoes-e-perdas-o-dificil-momento\\\/#primaryimage\",\"url\":\"https:\\\/\\\/automotiverevista.pt\\\/wp-content\\\/uploads\\\/2026\\\/03\\\/IMG_8513.jpg\",\"contentUrl\":\"https:\\\/\\\/automotiverevista.pt\\\/wp-content\\\/uploads\\\/2026\\\/03\\\/IMG_8513.jpg\",\"width\":1500,\"height\":1000},{\"@type\":\"BreadcrumbList\",\"@id\":\"https:\\\/\\\/automotiverevista.pt\\\/index.php\\\/2026\\\/03\\\/12\\\/grupo-bosch-entre-reestruturacoes-e-perdas-o-dificil-momento\\\/#breadcrumb\",\"itemListElement\":[{\"@type\":\"ListItem\",\"position\":1,\"name\":\"Home\",\"item\":\"https:\\\/\\\/automotiverevista.pt\\\/\"},{\"@type\":\"ListItem\",\"position\":2,\"name\":\"Grupo Bosch entre reestrutura\u00e7\u00f5es e perdas: o dif\u00edcil momento\"}]},{\"@type\":\"WebSite\",\"@id\":\"https:\\\/\\\/automotiverevista.pt\\\/#website\",\"url\":\"https:\\\/\\\/automotiverevista.pt\\\/\",\"name\":\"Revista Automotive\",\"description\":\"Revista Automotive Portugal\",\"publisher\":{\"@id\":\"https:\\\/\\\/automotiverevista.pt\\\/#organization\"},\"potentialAction\":[{\"@type\":\"SearchAction\",\"target\":{\"@type\":\"EntryPoint\",\"urlTemplate\":\"https:\\\/\\\/automotiverevista.pt\\\/?s={search_term_string}\"},\"query-input\":{\"@type\":\"PropertyValueSpecification\",\"valueRequired\":true,\"valueName\":\"search_term_string\"}}],\"inLanguage\":\"pt-PT\"},{\"@type\":\"Organization\",\"@id\":\"https:\\\/\\\/automotiverevista.pt\\\/#organization\",\"name\":\"Revista Automotive Portugal\",\"url\":\"https:\\\/\\\/automotiverevista.pt\\\/\",\"logo\":{\"@type\":\"ImageObject\",\"inLanguage\":\"pt-PT\",\"@id\":\"https:\\\/\\\/automotiverevista.pt\\\/#\\\/schema\\\/logo\\\/image\\\/\",\"url\":\"https:\\\/\\\/automotiverevista.pt\\\/wp-content\\\/uploads\\\/2022\\\/07\\\/Logo-Automotive-2021_500-1.jpg\",\"contentUrl\":\"https:\\\/\\\/automotiverevista.pt\\\/wp-content\\\/uploads\\\/2022\\\/07\\\/Logo-Automotive-2021_500-1.jpg\",\"width\":500,\"height\":160,\"caption\":\"Revista Automotive Portugal\"},\"image\":{\"@id\":\"https:\\\/\\\/automotiverevista.pt\\\/#\\\/schema\\\/logo\\\/image\\\/\"},\"sameAs\":[\"https:\\\/\\\/linkedin.com\\\/in\\\/automotiverevista\"]},{\"@type\":\"Person\",\"@id\":\"https:\\\/\\\/automotiverevista.pt\\\/#\\\/schema\\\/person\\\/1e95eb12553b8edd256acb00fe6dad4b\",\"name\":\"Fatima Silva\",\"image\":{\"@type\":\"ImageObject\",\"inLanguage\":\"pt-PT\",\"@id\":\"https:\\\/\\\/secure.gravatar.com\\\/avatar\\\/4b4a955a9c1b66708ab0dd3bd6181ac1f650299d893bd337a28482f7f19c8511?s=96&d=mm&r=g\",\"url\":\"https:\\\/\\\/secure.gravatar.com\\\/avatar\\\/4b4a955a9c1b66708ab0dd3bd6181ac1f650299d893bd337a28482f7f19c8511?s=96&d=mm&r=g\",\"contentUrl\":\"https:\\\/\\\/secure.gravatar.com\\\/avatar\\\/4b4a955a9c1b66708ab0dd3bd6181ac1f650299d893bd337a28482f7f19c8511?s=96&d=mm&r=g\",\"caption\":\"Fatima Silva\"},\"url\":\"https:\\\/\\\/automotiverevista.pt\\\/index.php\\\/author\\\/fgasparsilva\\\/\"}]}<\/script>\n<!-- \/ Yoast SEO Premium plugin. -->","yoast_head_json":{"title":"Grupo Bosch entre reestrutura\u00e7\u00f5es e perdas: o dif\u00edcil momento - Revista Automotive","description":"No grupo Bosch, o lucro em 2025 caiu quase para metade e as perspetivas para os pr\u00f3ximos anos s\u00e3o incertas. Os trabalhadores receiam pelos seu","robots":{"index":"index","follow":"follow","max-snippet":"max-snippet:-1","max-image-preview":"max-image-preview:large","max-video-preview":"max-video-preview:-1"},"canonical":"https:\/\/automotiverevista.pt\/index.php\/2026\/03\/12\/grupo-bosch-entre-reestruturacoes-e-perdas-o-dificil-momento\/","og_locale":"pt_PT","og_type":"article","og_title":"Grupo Bosch entre reestrutura\u00e7\u00f5es e perdas: o dif\u00edcil momento","og_description":"No grupo Bosch, o lucro em 2025 caiu quase para metade e as perspetivas para os pr\u00f3ximos anos s\u00e3o incertas. Os trabalhadores receiam pelos seu","og_url":"https:\/\/automotiverevista.pt\/index.php\/2026\/03\/12\/grupo-bosch-entre-reestruturacoes-e-perdas-o-dificil-momento\/","og_site_name":"Revista Automotive","article_published_time":"2026-03-12T15:37:37+00:00","og_image":[{"width":1500,"height":1000,"url":"https:\/\/automotiverevista.pt\/wp-content\/uploads\/2026\/03\/IMG_8513.jpg","type":"image\/jpeg"}],"author":"Fatima Silva","twitter_card":"summary_large_image","twitter_misc":{"Escrito por":"Fatima Silva","Tempo estimado de leitura":"4 minutos"},"schema":{"@context":"https:\/\/schema.org","@graph":[{"@type":"Article","@id":"https:\/\/automotiverevista.pt\/index.php\/2026\/03\/12\/grupo-bosch-entre-reestruturacoes-e-perdas-o-dificil-momento\/#article","isPartOf":{"@id":"https:\/\/automotiverevista.pt\/index.php\/2026\/03\/12\/grupo-bosch-entre-reestruturacoes-e-perdas-o-dificil-momento\/"},"author":{"name":"Fatima Silva","@id":"https:\/\/automotiverevista.pt\/#\/schema\/person\/1e95eb12553b8edd256acb00fe6dad4b"},"headline":"Grupo Bosch entre reestrutura\u00e7\u00f5es e perdas: o dif\u00edcil momento","datePublished":"2026-03-12T15:37:37+00:00","mainEntityOfPage":{"@id":"https:\/\/automotiverevista.pt\/index.php\/2026\/03\/12\/grupo-bosch-entre-reestruturacoes-e-perdas-o-dificil-momento\/"},"wordCount":541,"publisher":{"@id":"https:\/\/automotiverevista.pt\/#organization"},"image":{"@id":"https:\/\/automotiverevista.pt\/index.php\/2026\/03\/12\/grupo-bosch-entre-reestruturacoes-e-perdas-o-dificil-momento\/#primaryimage"},"thumbnailUrl":"https:\/\/automotiverevista.pt\/wp-content\/uploads\/2026\/03\/IMG_8513.jpg","articleSection":["P\u00f3s-Venda"],"inLanguage":"pt-PT"},{"@type":"WebPage","@id":"https:\/\/automotiverevista.pt\/index.php\/2026\/03\/12\/grupo-bosch-entre-reestruturacoes-e-perdas-o-dificil-momento\/","url":"https:\/\/automotiverevista.pt\/index.php\/2026\/03\/12\/grupo-bosch-entre-reestruturacoes-e-perdas-o-dificil-momento\/","name":"Grupo Bosch entre reestrutura\u00e7\u00f5es e perdas: o dif\u00edcil momento - Revista Automotive","isPartOf":{"@id":"https:\/\/automotiverevista.pt\/#website"},"primaryImageOfPage":{"@id":"https:\/\/automotiverevista.pt\/index.php\/2026\/03\/12\/grupo-bosch-entre-reestruturacoes-e-perdas-o-dificil-momento\/#primaryimage"},"image":{"@id":"https:\/\/automotiverevista.pt\/index.php\/2026\/03\/12\/grupo-bosch-entre-reestruturacoes-e-perdas-o-dificil-momento\/#primaryimage"},"thumbnailUrl":"https:\/\/automotiverevista.pt\/wp-content\/uploads\/2026\/03\/IMG_8513.jpg","datePublished":"2026-03-12T15:37:37+00:00","description":"No grupo Bosch, o lucro em 2025 caiu quase para metade e as perspetivas para os pr\u00f3ximos anos s\u00e3o incertas. Os trabalhadores receiam pelos seu","breadcrumb":{"@id":"https:\/\/automotiverevista.pt\/index.php\/2026\/03\/12\/grupo-bosch-entre-reestruturacoes-e-perdas-o-dificil-momento\/#breadcrumb"},"inLanguage":"pt-PT","potentialAction":[{"@type":"ReadAction","target":["https:\/\/automotiverevista.pt\/index.php\/2026\/03\/12\/grupo-bosch-entre-reestruturacoes-e-perdas-o-dificil-momento\/"]}]},{"@type":"ImageObject","inLanguage":"pt-PT","@id":"https:\/\/automotiverevista.pt\/index.php\/2026\/03\/12\/grupo-bosch-entre-reestruturacoes-e-perdas-o-dificil-momento\/#primaryimage","url":"https:\/\/automotiverevista.pt\/wp-content\/uploads\/2026\/03\/IMG_8513.jpg","contentUrl":"https:\/\/automotiverevista.pt\/wp-content\/uploads\/2026\/03\/IMG_8513.jpg","width":1500,"height":1000},{"@type":"BreadcrumbList","@id":"https:\/\/automotiverevista.pt\/index.php\/2026\/03\/12\/grupo-bosch-entre-reestruturacoes-e-perdas-o-dificil-momento\/#breadcrumb","itemListElement":[{"@type":"ListItem","position":1,"name":"Home","item":"https:\/\/automotiverevista.pt\/"},{"@type":"ListItem","position":2,"name":"Grupo Bosch entre reestrutura\u00e7\u00f5es e perdas: o dif\u00edcil momento"}]},{"@type":"WebSite","@id":"https:\/\/automotiverevista.pt\/#website","url":"https:\/\/automotiverevista.pt\/","name":"Revista Automotive","description":"Revista Automotive Portugal","publisher":{"@id":"https:\/\/automotiverevista.pt\/#organization"},"potentialAction":[{"@type":"SearchAction","target":{"@type":"EntryPoint","urlTemplate":"https:\/\/automotiverevista.pt\/?s={search_term_string}"},"query-input":{"@type":"PropertyValueSpecification","valueRequired":true,"valueName":"search_term_string"}}],"inLanguage":"pt-PT"},{"@type":"Organization","@id":"https:\/\/automotiverevista.pt\/#organization","name":"Revista Automotive Portugal","url":"https:\/\/automotiverevista.pt\/","logo":{"@type":"ImageObject","inLanguage":"pt-PT","@id":"https:\/\/automotiverevista.pt\/#\/schema\/logo\/image\/","url":"https:\/\/automotiverevista.pt\/wp-content\/uploads\/2022\/07\/Logo-Automotive-2021_500-1.jpg","contentUrl":"https:\/\/automotiverevista.pt\/wp-content\/uploads\/2022\/07\/Logo-Automotive-2021_500-1.jpg","width":500,"height":160,"caption":"Revista Automotive Portugal"},"image":{"@id":"https:\/\/automotiverevista.pt\/#\/schema\/logo\/image\/"},"sameAs":["https:\/\/linkedin.com\/in\/automotiverevista"]},{"@type":"Person","@id":"https:\/\/automotiverevista.pt\/#\/schema\/person\/1e95eb12553b8edd256acb00fe6dad4b","name":"Fatima Silva","image":{"@type":"ImageObject","inLanguage":"pt-PT","@id":"https:\/\/secure.gravatar.com\/avatar\/4b4a955a9c1b66708ab0dd3bd6181ac1f650299d893bd337a28482f7f19c8511?s=96&d=mm&r=g","url":"https:\/\/secure.gravatar.com\/avatar\/4b4a955a9c1b66708ab0dd3bd6181ac1f650299d893bd337a28482f7f19c8511?s=96&d=mm&r=g","contentUrl":"https:\/\/secure.gravatar.com\/avatar\/4b4a955a9c1b66708ab0dd3bd6181ac1f650299d893bd337a28482f7f19c8511?s=96&d=mm&r=g","caption":"Fatima Silva"},"url":"https:\/\/automotiverevista.pt\/index.php\/author\/fgasparsilva\/"}]}},"_links":{"self":[{"href":"https:\/\/automotiverevista.pt\/index.php\/wp-json\/wp\/v2\/posts\/12664","targetHints":{"allow":["GET"]}}],"collection":[{"href":"https:\/\/automotiverevista.pt\/index.php\/wp-json\/wp\/v2\/posts"}],"about":[{"href":"https:\/\/automotiverevista.pt\/index.php\/wp-json\/wp\/v2\/types\/post"}],"author":[{"embeddable":true,"href":"https:\/\/automotiverevista.pt\/index.php\/wp-json\/wp\/v2\/users\/4"}],"replies":[{"embeddable":true,"href":"https:\/\/automotiverevista.pt\/index.php\/wp-json\/wp\/v2\/comments?post=12664"}],"version-history":[{"count":1,"href":"https:\/\/automotiverevista.pt\/index.php\/wp-json\/wp\/v2\/posts\/12664\/revisions"}],"predecessor-version":[{"id":12670,"href":"https:\/\/automotiverevista.pt\/index.php\/wp-json\/wp\/v2\/posts\/12664\/revisions\/12670"}],"wp:featuredmedia":[{"embeddable":true,"href":"https:\/\/automotiverevista.pt\/index.php\/wp-json\/wp\/v2\/media\/12666"}],"wp:attachment":[{"href":"https:\/\/automotiverevista.pt\/index.php\/wp-json\/wp\/v2\/media?parent=12664"}],"wp:term":[{"taxonomy":"category","embeddable":true,"href":"https:\/\/automotiverevista.pt\/index.php\/wp-json\/wp\/v2\/categories?post=12664"},{"taxonomy":"post_tag","embeddable":true,"href":"https:\/\/automotiverevista.pt\/index.php\/wp-json\/wp\/v2\/tags?post=12664"}],"curies":[{"name":"wp","href":"https:\/\/api.w.org\/{rel}","templated":true}]}}