{"id":12671,"date":"2026-03-17T06:53:00","date_gmt":"2026-03-17T06:53:00","guid":{"rendered":"https:\/\/automotiverevista.pt\/?p=12671"},"modified":"2026-03-10T09:17:21","modified_gmt":"2026-03-10T09:17:21","slug":"dpd-portugal-investe-em-novos-servicos-e-frota-eletrica","status":"publish","type":"post","link":"https:\/\/automotiverevista.pt\/index.php\/2026\/03\/17\/dpd-portugal-investe-em-novos-servicos-e-frota-eletrica\/","title":{"rendered":"DPD Portugal investe em novos servi\u00e7os e frota el\u00e9trica"},"content":{"rendered":"\n<p>No seguimento dos investimentos realizados na sua nova sede localizada em Loures e de uma nova plataforma log\u00edstica em Leiria, a DPD Portugal tem igualmente mantido firme a sua pol\u00edtica de mobilidade sustent\u00e1vel da sua frota, atrav\u00e9s da incorpora\u00e7\u00e3o de novos furg\u00f5es 100% el\u00e9tricos, bem como na dinamiza\u00e7\u00e3o de uma estrutura pr\u00f3pria de carregadores el\u00e9tricos, nas suas plataformas.<\/p>\n\n\n<div class=\"wp-block-image\">\n<figure class=\"aligncenter size-large is-resized\"><img decoding=\"async\" width=\"1500\" height=\"843\" src=\"https:\/\/automotiverevista.pt\/wp-content\/uploads\/2026\/03\/IMG_6576-edited.jpg\" alt=\"\" class=\"wp-image-12675\" style=\"aspect-ratio:1.7793706846571444;width:690px;height:auto\" srcset=\"https:\/\/automotiverevista.pt\/wp-content\/uploads\/2026\/03\/IMG_6576-edited.jpg 1500w, https:\/\/automotiverevista.pt\/wp-content\/uploads\/2026\/03\/IMG_6576-edited-300x169.jpg 300w, https:\/\/automotiverevista.pt\/wp-content\/uploads\/2026\/03\/IMG_6576-edited-1024x575.jpg 1024w, https:\/\/automotiverevista.pt\/wp-content\/uploads\/2026\/03\/IMG_6576-edited-768x432.jpg 768w, https:\/\/automotiverevista.pt\/wp-content\/uploads\/2026\/03\/IMG_6576-edited-750x422.jpg 750w, https:\/\/automotiverevista.pt\/wp-content\/uploads\/2026\/03\/IMG_6576-edited-1140x641.jpg 1140w\" sizes=\"(max-width: 1500px) 100vw, 1500px\" \/><\/figure>\n<\/div>\n\n\n<p><strong>David Miguel Pereira<\/strong>, diretor Polo de Servi\u00e7os e Inova\u00e7\u00e3o e <strong>Carla Pereira<\/strong>, diretora de Marketing e Comunica\u00e7\u00e3o, ambos da DPD Portugal, em entrevista \u00e0 Revista Automotive, falaram sobre os novos servi\u00e7os implementados no nosso pa\u00eds e deram a conhecer as etapas que se seguem na renova\u00e7\u00e3o da frota pr\u00f3pria que, atualmente, \u00e9 considerada uma das maiores em n\u00famero de furg\u00f5es 100% el\u00e9tricos ao servi\u00e7o da distribui\u00e7\u00e3o em Portugal.<\/p>\n\n\n\n<p>\u201cEm termos de servi\u00e7os, a DPD Portugal continua a expandir a sua oferta para o cliente final, sobretudo atrav\u00e9s do <strong>Ship it Simple DPD.<\/strong> Em termos pr\u00e1ticos permite que qualquer pessoa que queira enviar uma encomenda n\u00e3o tenha de se deslocar para determinados s\u00edtios, ou ficar em filas de esta\u00e7\u00f5es de correspond\u00eancias, podendo acionar o envio da sua encomenda previamente atrav\u00e9s desta plataforma desenvolvida pela DPD, e assim efetuar a expedi\u00e7\u00e3o do seu artigo.<\/p>\n\n\n\n<p>No caso daquelas pessoas que realizam vendas online, onde o comprador n\u00e3o quer facultar a sua morada por raz\u00f5es de privacidade, este sistema \u00e9 mais c\u00e9lere e funcional. Tudo \u00e9 realizado atrav\u00e9s do nosso portal, de forma segura e expedita, com total confiabilidade, facilitando a vida de quem vende e quem compra. \u00c9 um servi\u00e7o que j\u00e1 est\u00e1 ativo h\u00e1 cerca de um ano, com um excelente n\u00edvel de ades\u00e3o dos nossos clientes, com resultados muito animadores e que tender\u00e3o a aumentar ao longo do tempo.<\/p>\n\n\n\n<p>O Ship it Simple da DPD tem uma mensagem igualmente simples, baseada numa comunica\u00e7\u00e3o objetiva: \u201cN\u00e3o tem morada, n\u00e3o tem problema\u201d. Procuramos, com esta plataforma, simplificar a vida dos nossos clientes e das pessoas que utilizam o com\u00e9rcio digital. Atrav\u00e9s de um processo bastante c\u00e9lere, com poucos passos de registo e mantendo a privacidade, o nosso cliente consegue enviar ou receber encomendas com pequenos volumes (at\u00e9 10 quilos), sem grandes burocracias, podendo igualmente utilizar os in\u00fameros pontos de recolha da rede DPD, espalhados por todo o pa\u00eds.<\/p>\n\n\n<div class=\"wp-block-image\">\n<figure class=\"aligncenter size-large is-resized\"><img decoding=\"async\" width=\"1024\" height=\"683\" src=\"https:\/\/automotiverevista.pt\/wp-content\/uploads\/2026\/03\/DPD_Fresh-1024x683.jpg\" alt=\"\" class=\"wp-image-12676\" style=\"width:765px;height:auto\" srcset=\"https:\/\/automotiverevista.pt\/wp-content\/uploads\/2026\/03\/DPD_Fresh-1024x683.jpg 1024w, https:\/\/automotiverevista.pt\/wp-content\/uploads\/2026\/03\/DPD_Fresh-300x200.jpg 300w, https:\/\/automotiverevista.pt\/wp-content\/uploads\/2026\/03\/DPD_Fresh-768x512.jpg 768w, https:\/\/automotiverevista.pt\/wp-content\/uploads\/2026\/03\/DPD_Fresh-750x500.jpg 750w, https:\/\/automotiverevista.pt\/wp-content\/uploads\/2026\/03\/DPD_Fresh-1140x760.jpg 1140w, https:\/\/automotiverevista.pt\/wp-content\/uploads\/2026\/03\/DPD_Fresh.jpg 1500w\" sizes=\"(max-width: 1024px) 100vw, 1024px\" \/><\/figure>\n<\/div>\n\n\n<p><strong>DPD Fresh<\/strong><\/p>\n\n\n\n<p>Outro dos servi\u00e7os que temos vindo a registar um aumento significativo \u00e9 o DPD Fresh, servi\u00e7o de entrega de produtos alimentares frescos em temperatura controlada da DPD Portugal que foi distinguido, pela primeira vez, com o Pr\u00e9mio Produto do Ano 2026, na categoria Servi\u00e7o de Entrega de Produtos Frescos ao Domic\u00edlio.<\/p>\n\n\n\n<p>\u00c9 um reconhecimento que muito nos orgulha, pois assenta na avalia\u00e7\u00e3o direta dos consumidores, tendo em conta crit\u00e9rios como inova\u00e7\u00e3o percebida, atratividade e inten\u00e7\u00e3o de compra.<\/p>\n\n\n\n<p>Trata-se de um servi\u00e7o diferenciador no mercado nacional, que garante uma distribui\u00e7\u00e3o eficiente e a seguran\u00e7a alimentar, assegurando uma entrega controlada, no decorrer do seu processo log\u00edstico. &nbsp;O DPD Fresh foi lan\u00e7ado em Portugal em 2023 (conforme artigo publicado na Automotive em novembro daquele ano), sendo desenvolvido para responder \u00e0 crescente procura por entregas ao domic\u00edlio de produtos alimentares frescos, garantindo o cumprimento rigoroso da cadeia de frio ao longo de todo o processo log\u00edstico.<\/p>\n\n\n<div class=\"wp-block-image\">\n<figure class=\"aligncenter size-large is-resized\"><img decoding=\"async\" width=\"1500\" height=\"843\" src=\"https:\/\/automotiverevista.pt\/wp-content\/uploads\/2026\/03\/IMG_6592-edited.jpg\" alt=\"\" class=\"wp-image-12683\" style=\"aspect-ratio:1.7793706846571444;width:614px;height:auto\" srcset=\"https:\/\/automotiverevista.pt\/wp-content\/uploads\/2026\/03\/IMG_6592-edited.jpg 1500w, https:\/\/automotiverevista.pt\/wp-content\/uploads\/2026\/03\/IMG_6592-edited-300x169.jpg 300w, https:\/\/automotiverevista.pt\/wp-content\/uploads\/2026\/03\/IMG_6592-edited-1024x575.jpg 1024w, https:\/\/automotiverevista.pt\/wp-content\/uploads\/2026\/03\/IMG_6592-edited-768x432.jpg 768w, https:\/\/automotiverevista.pt\/wp-content\/uploads\/2026\/03\/IMG_6592-edited-750x422.jpg 750w, https:\/\/automotiverevista.pt\/wp-content\/uploads\/2026\/03\/IMG_6592-edited-1140x641.jpg 1140w\" sizes=\"(max-width: 1500px) 100vw, 1500px\" \/><\/figure>\n<\/div>\n\n\n<p>Em apenas 2 anos, o DPD Fresh j\u00e1 est\u00e1 operacional em todo o territ\u00f3rio continental, com um servi\u00e7o dispon\u00edvel tanto para clientes profissionais (B2B) como para o consumidor final (B2C), garantindo entregas em ambiente de temperatura controlada entre os 0\u00baC e os 4\u00baC, at\u00e9 \u00e0 manh\u00e3 do dia \u00fatil seguinte ao da recolha. Com este nosso servi\u00e7o, o pequeno produtor nacional poder\u00e1 contar com uma distribui\u00e7\u00e3o da sua mercadoria para qualquer ponto do territ\u00f3rio continental, atrav\u00e9s da estrutura log\u00edstica da DPD, com temperatura controlada, seguran\u00e7a alimentar e celeridade na entrega.<\/p>\n\n\n\n<p>Com a introdu\u00e7\u00e3o da solu\u00e7\u00e3o DPD Fresh em Portugal, baix\u00e1mos significativamente o custo de transporte para o pequeno produtor, visto que elimin\u00e1mos determinadas embalagens para o acondicionamento de certas mercadorias ou produtos frescos (congelados e refrigerados). Valorizamos assim a economia nacional, com uma grande capilaridade de entrega.<\/p>\n\n\n\n<p>Temos uma frota dedicada e, pontualmente, recorremos a determinados parceiros log\u00edsticos com furg\u00f5es transformados e que asseguram a temperatura controlada no transporte desta tipologia de produto, dentro dos padr\u00f5es de qualidade da DPD.<\/p>\n\n\n<div class=\"wp-block-image\">\n<figure class=\"alignleft size-large is-resized\"><img decoding=\"async\" width=\"1024\" height=\"768\" src=\"https:\/\/automotiverevista.pt\/wp-content\/uploads\/2026\/03\/20250927_120927-1024x768.jpg\" alt=\"\" class=\"wp-image-12677\" style=\"width:435px;height:auto\" srcset=\"https:\/\/automotiverevista.pt\/wp-content\/uploads\/2026\/03\/20250927_120927-1024x768.jpg 1024w, https:\/\/automotiverevista.pt\/wp-content\/uploads\/2026\/03\/20250927_120927-300x225.jpg 300w, https:\/\/automotiverevista.pt\/wp-content\/uploads\/2026\/03\/20250927_120927-768x576.jpg 768w, https:\/\/automotiverevista.pt\/wp-content\/uploads\/2026\/03\/20250927_120927-750x563.jpg 750w, https:\/\/automotiverevista.pt\/wp-content\/uploads\/2026\/03\/20250927_120927-1140x855.jpg 1140w, https:\/\/automotiverevista.pt\/wp-content\/uploads\/2026\/03\/20250927_120927.jpg 1500w\" sizes=\"(max-width: 1024px) 100vw, 1024px\" \/><\/figure>\n<\/div>\n\n\n<p><strong>Frota mais el\u00e9trica<\/strong><\/p>\n\n\n\n<p>No tocante \u00e0 eletrifica\u00e7\u00e3o da nossa frota, processo que arrancou de forma mais ativa em Portugal nos anos de 2018\/2019 (inicialmente com cerca de 50 viaturas), podemos dizer que tem evolu\u00eddo de forma positiva. Atualmente, dispomos de 300 furg\u00f5es 100% el\u00e9tricos, e vamos ampliar a nossa frota el\u00e9trica com mais 20 unidades at\u00e9 meados de mar\u00e7o. Recentemente, lan\u00e7\u00e1mos ao mercado um caderno de encargos visando a incorpora\u00e7\u00e3o de mais 280 viaturas 100% el\u00e9tricas.<\/p>\n\n\n\n<p>Queremos acrescentar 105 novas viaturas com esta tipologia ainda este ano e 175 viaturas para 2027. Este caderno de encargos est\u00e1 aberto a todas as marcas e todas as locadoras de frotas. O processo ter\u00e1 uma componente que beneficiar\u00e1 os nossos parceiros log\u00edsticos, ou seja, ir\u00e1 igualmente tocar na frota subcontratada, o que possibilitar\u00e1 uma renova\u00e7\u00e3o da frota subcontratada e migra\u00e7\u00e3o para a motoriza\u00e7\u00e3o el\u00e9trica. Neste momento j\u00e1 contamos com cerca de 150 viaturas 100% el\u00e9tricas em utiliza\u00e7\u00e3o pelos nossos parceiros, viaturas compradas pela DPD. Atrav\u00e9s de protocolo de ced\u00eancia de utiliza\u00e7\u00e3o destas nossas viaturas, os nossos parceiros est\u00e3o a renovar as suas frotas com viaturas novas e el\u00e9tricas.&nbsp;&nbsp;<\/p>\n\n\n\n<p>Agora, com este novo caderno de encargos, iremos possibilitar que os nossos parceiros das frotas subcontratadas possam comprar estas viaturas 100% el\u00e9tricas, tendo como elemento central as negocia\u00e7\u00f5es e a capacidade empresarial da DPD, embora sem interven\u00e7\u00e3o direta, a n\u00e3o ser no modelo a ser escolhido, onde teremos uma palavra a dizer. O objetivo desta renova\u00e7\u00e3o da nossa frota pr\u00f3pria e tamb\u00e9m dos nossos parceiros, \u00e9 cumprir a meta de chegarmos ao final de 2027 com cerca de 60% da frota utiliz\u00e1vel nas nossas opera\u00e7\u00f5es log\u00edsticas em Portugal, com motoriza\u00e7\u00e3o 100% el\u00e9trica.<\/p>\n\n\n<div class=\"wp-block-image\">\n<figure class=\"alignleft size-large is-resized\"><img decoding=\"async\" width=\"1024\" height=\"683\" src=\"https:\/\/automotiverevista.pt\/wp-content\/uploads\/2026\/03\/IMG_6569-1024x683.jpg\" alt=\"\" class=\"wp-image-12678\" style=\"aspect-ratio:1.4992901088499764;width:499px;height:auto\" srcset=\"https:\/\/automotiverevista.pt\/wp-content\/uploads\/2026\/03\/IMG_6569-1024x683.jpg 1024w, https:\/\/automotiverevista.pt\/wp-content\/uploads\/2026\/03\/IMG_6569-300x200.jpg 300w, https:\/\/automotiverevista.pt\/wp-content\/uploads\/2026\/03\/IMG_6569-768x512.jpg 768w, https:\/\/automotiverevista.pt\/wp-content\/uploads\/2026\/03\/IMG_6569-750x500.jpg 750w, https:\/\/automotiverevista.pt\/wp-content\/uploads\/2026\/03\/IMG_6569-1140x760.jpg 1140w, https:\/\/automotiverevista.pt\/wp-content\/uploads\/2026\/03\/IMG_6569.jpg 1500w\" sizes=\"(max-width: 1024px) 100vw, 1024px\" \/><\/figure>\n<\/div>\n\n\n<p><strong>Condu\u00e7\u00e3o eficiente e HVO<\/strong><\/p>\n\n\n\n<p>Para o caderno de encargos, mantemos os requisitos para aquisi\u00e7\u00e3o de viaturas com capacidade de 11 a 14 mts3 e com um m\u00ednimo de 250 quil\u00f3metros de autonomia reais. Como novidade, queremos ter acesso \u00e0 telem\u00e1tica das viaturas, pois em conjunto com o nosso departamento de inform\u00e1tica, iremos desenvolver uma ferramenta para monitorizar todo o comportamento e consumos destas viaturas. J\u00e1 s\u00e3o muitas viaturas 100% el\u00e9tricas ao servi\u00e7o da frota da DPD e \u00e9 chegado o momento de termos um acompanhamento e monitoriza\u00e7\u00e3o conectado com os nossos servi\u00e7os inform\u00e1ticos.<\/p>\n\n\n\n<p>\u00c9 necess\u00e1rio termos uma monitora\u00e7\u00e3o eficiente e em tempo real do comportamento destas viaturas, evitando-se a interrup\u00e7\u00e3o de entregas por falta de carga nas baterias. No decorrer deste acompanhamento, queremos igualmente analisar estilos de condu\u00e7\u00e3o dos nossos motoristas e com eles, promover estilos de condu\u00e7\u00e3o energeticamente mais respons\u00e1veis, com menos sinistralidade, manuten\u00e7\u00e3o e igualmente seguros para todos os envolvidos no processo de carregamento, transporte e entrega das mercadorias que s\u00e3o confiadas \u00e0 DPD Portugal.<\/p>\n\n\n<div class=\"wp-block-image\">\n<figure class=\"alignright size-large is-resized\"><img decoding=\"async\" width=\"1024\" height=\"683\" src=\"https:\/\/automotiverevista.pt\/wp-content\/uploads\/2026\/03\/IMG_6563-1024x683.jpg\" alt=\"\" class=\"wp-image-12680\" style=\"aspect-ratio:1.4993078479395165;width:453px;height:auto\" srcset=\"https:\/\/automotiverevista.pt\/wp-content\/uploads\/2026\/03\/IMG_6563-1024x683.jpg 1024w, https:\/\/automotiverevista.pt\/wp-content\/uploads\/2026\/03\/IMG_6563-300x200.jpg 300w, https:\/\/automotiverevista.pt\/wp-content\/uploads\/2026\/03\/IMG_6563-768x512.jpg 768w, https:\/\/automotiverevista.pt\/wp-content\/uploads\/2026\/03\/IMG_6563-750x500.jpg 750w, https:\/\/automotiverevista.pt\/wp-content\/uploads\/2026\/03\/IMG_6563-1140x760.jpg 1140w, https:\/\/automotiverevista.pt\/wp-content\/uploads\/2026\/03\/IMG_6563.jpg 1500w\" sizes=\"(max-width: 1024px) 100vw, 1024px\" \/><\/figure>\n<\/div>\n\n\n<p>H\u00e1 cerca de 10 anos, quando a nossa frota era 100% a combust\u00e3o, esta monitoriza\u00e7\u00e3o permitiu adquirir um conhecimento \u00fanico para a gest\u00e3o eficiente das nossas viaturas e evolu\u00e7\u00e3o dos estilos de condu\u00e7\u00e3o dos nossos motoristas. Agora, com a eletrifica\u00e7\u00e3o da nossa frota, com diferentes marcas, queremos aplicar este mesmo modelo de acompanhamento para mantermos os n\u00edveis de efici\u00eancia em termos de mobilidade e seguran\u00e7a dos nossos motoristas.<\/p>\n\n\n\n<p>Atualmente e somente na nossa sede em Loures, j\u00e1 dispomos de cerca de 72 carregadores instalados e mais 50 carregadores pr\u00e9-instalados no parque de estacionamento dos nossos colaboradores. Assim, estamos preparados para darmos um novo salto no carregamento de viaturas el\u00e9tricas na nossa sede. O mesmo se passa nas nossas demais plataformas log\u00edsticas em Portugal, onde estamos a instalar carregadores el\u00e9tricos, como \u00e9 o caso recente da nova base da DPD em Leiria.<\/p>\n\n\n\n<p>Para assegurarmos o carregamento da nossa frota el\u00e9trica em situa\u00e7\u00f5es adversas (apag\u00e3o ou tempestades), as nossas principais plataformas em Portugal disp\u00f5em de geradores pr\u00f3prios, que nos garantem autonomia energ\u00e9tica das nossas viaturas 100% el\u00e9tricas e tamb\u00e9m das nossas atividades administrativas em geral. Isto \u00e9 fundamental para garantirmos um servi\u00e7o de entrega que j\u00e1 ronda os 2 milh\u00f5es de entregas mensais em Portugal.<\/p>\n\n\n\n<p>Ainda no tocante \u00e0 efici\u00eancia energ\u00e9tica da frota da DPD em Portugal, importa dizer que todas as nossas viaturas a combust\u00e3o em opera\u00e7\u00e3o em Faro, \u00c9vora, Vila Real, Torres Novas, Coimbra e Viseu, utilizam combust\u00edvel HVO da marca Repsol. Temos cerca de 100 viaturas que utilizam combust\u00edvel HVO. Tamb\u00e9m as frotas de cami\u00f5es dos nossos parceiros est\u00e3o a ser desafiados a utilizar os combust\u00edveis HVO. Apesar de ter um custo\/litro mais elevado, a utiliza\u00e7\u00e3o do HVO tamb\u00e9m conta para a redu\u00e7\u00e3o das emiss\u00f5es e efici\u00eancia energ\u00e9tica.<\/p>\n\n\n\n<p>Por \u00faltimo, ressaltar que j\u00e1 estamos a utilizar 2 cami\u00f5es equipados com mega trailer, em determinadas rotas realizadas \u00e0 noite em Portugal, atrav\u00e9s do nosso parceiro log\u00edstico de longo curso que \u00e9 a Chimba Transportes. Como novidade, em 2026, temos o desafio interno de arrancar com o projeto para aquisi\u00e7\u00e3o em implementa\u00e7\u00e3o de um cami\u00e3o 100% el\u00e9trico em Portugal\u201d, destacaram David Pereira e Carla Pereira.<\/p>\n\n\n<div class=\"wp-block-image\">\n<figure class=\"aligncenter size-large is-resized\"><img decoding=\"async\" width=\"1500\" height=\"844\" src=\"https:\/\/automotiverevista.pt\/wp-content\/uploads\/2026\/03\/IMG-20260213-WA0009-edited.jpg\" alt=\"\" class=\"wp-image-12681\" style=\"aspect-ratio:1.7772597470715077;width:860px;height:auto\" srcset=\"https:\/\/automotiverevista.pt\/wp-content\/uploads\/2026\/03\/IMG-20260213-WA0009-edited.jpg 1500w, https:\/\/automotiverevista.pt\/wp-content\/uploads\/2026\/03\/IMG-20260213-WA0009-edited-300x169.jpg 300w, https:\/\/automotiverevista.pt\/wp-content\/uploads\/2026\/03\/IMG-20260213-WA0009-edited-1024x576.jpg 1024w, https:\/\/automotiverevista.pt\/wp-content\/uploads\/2026\/03\/IMG-20260213-WA0009-edited-768x432.jpg 768w, https:\/\/automotiverevista.pt\/wp-content\/uploads\/2026\/03\/IMG-20260213-WA0009-edited-750x422.jpg 750w, https:\/\/automotiverevista.pt\/wp-content\/uploads\/2026\/03\/IMG-20260213-WA0009-edited-1140x641.jpg 1140w\" sizes=\"(max-width: 1500px) 100vw, 1500px\" \/><\/figure>\n<\/div>","protected":false},"excerpt":{"rendered":"<p>No seguimento dos investimentos realizados na sua nova sede localizada em Loures e de uma nova plataforma log\u00edstica em Leiria, a DPD Portugal tem igualmente mantido firme a sua pol\u00edtica de mobilidade sustent\u00e1vel da sua frota, atrav\u00e9s da incorpora\u00e7\u00e3o de novos furg\u00f5es 100% el\u00e9tricos, bem como na dinamiza\u00e7\u00e3o de uma estrutura pr\u00f3pria de carregadores el\u00e9tricos, [&hellip;]<\/p>\n","protected":false},"author":4,"featured_media":12673,"comment_status":"closed","ping_status":"open","sticky":false,"template":"","format":"standard","meta":{"jnews-multi-image_gallery":[],"jnews_single_post":{"format":"standard"},"jnews_primary_category":[],"footnotes":""},"categories":[23],"tags":[],"class_list":["post-12671","post","type-post","status-publish","format-standard","has-post-thumbnail","hentry","category-frotas"],"yoast_head":"<!-- This site is optimized with the Yoast SEO Premium plugin v27.5 (Yoast SEO v27.5) - https:\/\/yoast.com\/product\/yoast-seo-premium-wordpress\/ -->\n<title>DPD Portugal investe em novos servi\u00e7os e frota el\u00e9trica - Revista Automotive<\/title>\n<meta name=\"description\" content=\"No seguimento dos investimentos realizados na sua nova sede localizada em Loures e de uma nova plataforma log\u00edstica em Leiria, a DPD Portugal\" \/>\n<meta name=\"robots\" content=\"index, follow, max-snippet:-1, max-image-preview:large, max-video-preview:-1\" \/>\n<link rel=\"canonical\" href=\"https:\/\/automotiverevista.pt\/index.php\/2026\/03\/17\/dpd-portugal-investe-em-novos-servicos-e-frota-eletrica\/\" \/>\n<meta property=\"og:locale\" content=\"pt_PT\" \/>\n<meta property=\"og:type\" content=\"article\" \/>\n<meta property=\"og:title\" content=\"DPD Portugal investe em novos servi\u00e7os e frota el\u00e9trica\" \/>\n<meta property=\"og:description\" content=\"No seguimento dos investimentos realizados na sua nova sede localizada em Loures e de uma nova plataforma log\u00edstica em Leiria, a DPD Portugal\" \/>\n<meta property=\"og:url\" content=\"https:\/\/automotiverevista.pt\/index.php\/2026\/03\/17\/dpd-portugal-investe-em-novos-servicos-e-frota-eletrica\/\" \/>\n<meta property=\"og:site_name\" content=\"Revista Automotive\" \/>\n<meta property=\"article:published_time\" content=\"2026-03-17T06:53:00+00:00\" \/>\n<meta property=\"og:image\" content=\"https:\/\/automotiverevista.pt\/wp-content\/uploads\/2026\/03\/20250927_120901.jpg\" \/>\n\t<meta property=\"og:image:width\" content=\"1500\" \/>\n\t<meta property=\"og:image:height\" content=\"1125\" \/>\n\t<meta property=\"og:image:type\" content=\"image\/jpeg\" \/>\n<meta name=\"author\" content=\"Fatima Silva\" \/>\n<meta name=\"twitter:card\" content=\"summary_large_image\" \/>\n<meta name=\"twitter:label1\" content=\"Escrito por\" \/>\n\t<meta name=\"twitter:data1\" content=\"Fatima Silva\" \/>\n\t<meta name=\"twitter:label2\" content=\"Tempo estimado de leitura\" \/>\n\t<meta name=\"twitter:data2\" content=\"10 minutos\" \/>\n<script type=\"application\/ld+json\" class=\"yoast-schema-graph\">{\"@context\":\"https:\\\/\\\/schema.org\",\"@graph\":[{\"@type\":\"Article\",\"@id\":\"https:\\\/\\\/automotiverevista.pt\\\/index.php\\\/2026\\\/03\\\/17\\\/dpd-portugal-investe-em-novos-servicos-e-frota-eletrica\\\/#article\",\"isPartOf\":{\"@id\":\"https:\\\/\\\/automotiverevista.pt\\\/index.php\\\/2026\\\/03\\\/17\\\/dpd-portugal-investe-em-novos-servicos-e-frota-eletrica\\\/\"},\"author\":{\"name\":\"Fatima Silva\",\"@id\":\"https:\\\/\\\/automotiverevista.pt\\\/#\\\/schema\\\/person\\\/1e95eb12553b8edd256acb00fe6dad4b\"},\"headline\":\"DPD Portugal investe em novos servi\u00e7os e frota el\u00e9trica\",\"datePublished\":\"2026-03-17T06:53:00+00:00\",\"mainEntityOfPage\":{\"@id\":\"https:\\\/\\\/automotiverevista.pt\\\/index.php\\\/2026\\\/03\\\/17\\\/dpd-portugal-investe-em-novos-servicos-e-frota-eletrica\\\/\"},\"wordCount\":1635,\"publisher\":{\"@id\":\"https:\\\/\\\/automotiverevista.pt\\\/#organization\"},\"image\":{\"@id\":\"https:\\\/\\\/automotiverevista.pt\\\/index.php\\\/2026\\\/03\\\/17\\\/dpd-portugal-investe-em-novos-servicos-e-frota-eletrica\\\/#primaryimage\"},\"thumbnailUrl\":\"https:\\\/\\\/automotiverevista.pt\\\/wp-content\\\/uploads\\\/2026\\\/03\\\/20250927_120901.jpg\",\"articleSection\":[\"Frotas\"],\"inLanguage\":\"pt-PT\"},{\"@type\":\"WebPage\",\"@id\":\"https:\\\/\\\/automotiverevista.pt\\\/index.php\\\/2026\\\/03\\\/17\\\/dpd-portugal-investe-em-novos-servicos-e-frota-eletrica\\\/\",\"url\":\"https:\\\/\\\/automotiverevista.pt\\\/index.php\\\/2026\\\/03\\\/17\\\/dpd-portugal-investe-em-novos-servicos-e-frota-eletrica\\\/\",\"name\":\"DPD Portugal investe em novos servi\u00e7os e frota el\u00e9trica - Revista Automotive\",\"isPartOf\":{\"@id\":\"https:\\\/\\\/automotiverevista.pt\\\/#website\"},\"primaryImageOfPage\":{\"@id\":\"https:\\\/\\\/automotiverevista.pt\\\/index.php\\\/2026\\\/03\\\/17\\\/dpd-portugal-investe-em-novos-servicos-e-frota-eletrica\\\/#primaryimage\"},\"image\":{\"@id\":\"https:\\\/\\\/automotiverevista.pt\\\/index.php\\\/2026\\\/03\\\/17\\\/dpd-portugal-investe-em-novos-servicos-e-frota-eletrica\\\/#primaryimage\"},\"thumbnailUrl\":\"https:\\\/\\\/automotiverevista.pt\\\/wp-content\\\/uploads\\\/2026\\\/03\\\/20250927_120901.jpg\",\"datePublished\":\"2026-03-17T06:53:00+00:00\",\"description\":\"No seguimento dos investimentos realizados na sua nova sede localizada em Loures e de uma nova plataforma log\u00edstica em Leiria, a DPD Portugal\",\"breadcrumb\":{\"@id\":\"https:\\\/\\\/automotiverevista.pt\\\/index.php\\\/2026\\\/03\\\/17\\\/dpd-portugal-investe-em-novos-servicos-e-frota-eletrica\\\/#breadcrumb\"},\"inLanguage\":\"pt-PT\",\"potentialAction\":[{\"@type\":\"ReadAction\",\"target\":[\"https:\\\/\\\/automotiverevista.pt\\\/index.php\\\/2026\\\/03\\\/17\\\/dpd-portugal-investe-em-novos-servicos-e-frota-eletrica\\\/\"]}]},{\"@type\":\"ImageObject\",\"inLanguage\":\"pt-PT\",\"@id\":\"https:\\\/\\\/automotiverevista.pt\\\/index.php\\\/2026\\\/03\\\/17\\\/dpd-portugal-investe-em-novos-servicos-e-frota-eletrica\\\/#primaryimage\",\"url\":\"https:\\\/\\\/automotiverevista.pt\\\/wp-content\\\/uploads\\\/2026\\\/03\\\/20250927_120901.jpg\",\"contentUrl\":\"https:\\\/\\\/automotiverevista.pt\\\/wp-content\\\/uploads\\\/2026\\\/03\\\/20250927_120901.jpg\",\"width\":1500,\"height\":1125},{\"@type\":\"BreadcrumbList\",\"@id\":\"https:\\\/\\\/automotiverevista.pt\\\/index.php\\\/2026\\\/03\\\/17\\\/dpd-portugal-investe-em-novos-servicos-e-frota-eletrica\\\/#breadcrumb\",\"itemListElement\":[{\"@type\":\"ListItem\",\"position\":1,\"name\":\"Home\",\"item\":\"https:\\\/\\\/automotiverevista.pt\\\/\"},{\"@type\":\"ListItem\",\"position\":2,\"name\":\"DPD Portugal investe em novos servi\u00e7os e frota el\u00e9trica\"}]},{\"@type\":\"WebSite\",\"@id\":\"https:\\\/\\\/automotiverevista.pt\\\/#website\",\"url\":\"https:\\\/\\\/automotiverevista.pt\\\/\",\"name\":\"Revista Automotive\",\"description\":\"Revista Automotive Portugal\",\"publisher\":{\"@id\":\"https:\\\/\\\/automotiverevista.pt\\\/#organization\"},\"potentialAction\":[{\"@type\":\"SearchAction\",\"target\":{\"@type\":\"EntryPoint\",\"urlTemplate\":\"https:\\\/\\\/automotiverevista.pt\\\/?s={search_term_string}\"},\"query-input\":{\"@type\":\"PropertyValueSpecification\",\"valueRequired\":true,\"valueName\":\"search_term_string\"}}],\"inLanguage\":\"pt-PT\"},{\"@type\":\"Organization\",\"@id\":\"https:\\\/\\\/automotiverevista.pt\\\/#organization\",\"name\":\"Revista Automotive Portugal\",\"url\":\"https:\\\/\\\/automotiverevista.pt\\\/\",\"logo\":{\"@type\":\"ImageObject\",\"inLanguage\":\"pt-PT\",\"@id\":\"https:\\\/\\\/automotiverevista.pt\\\/#\\\/schema\\\/logo\\\/image\\\/\",\"url\":\"https:\\\/\\\/automotiverevista.pt\\\/wp-content\\\/uploads\\\/2022\\\/07\\\/Logo-Automotive-2021_500-1.jpg\",\"contentUrl\":\"https:\\\/\\\/automotiverevista.pt\\\/wp-content\\\/uploads\\\/2022\\\/07\\\/Logo-Automotive-2021_500-1.jpg\",\"width\":500,\"height\":160,\"caption\":\"Revista Automotive Portugal\"},\"image\":{\"@id\":\"https:\\\/\\\/automotiverevista.pt\\\/#\\\/schema\\\/logo\\\/image\\\/\"},\"sameAs\":[\"https:\\\/\\\/linkedin.com\\\/in\\\/automotiverevista\"]},{\"@type\":\"Person\",\"@id\":\"https:\\\/\\\/automotiverevista.pt\\\/#\\\/schema\\\/person\\\/1e95eb12553b8edd256acb00fe6dad4b\",\"name\":\"Fatima Silva\",\"image\":{\"@type\":\"ImageObject\",\"inLanguage\":\"pt-PT\",\"@id\":\"https:\\\/\\\/secure.gravatar.com\\\/avatar\\\/4b4a955a9c1b66708ab0dd3bd6181ac1f650299d893bd337a28482f7f19c8511?s=96&d=mm&r=g\",\"url\":\"https:\\\/\\\/secure.gravatar.com\\\/avatar\\\/4b4a955a9c1b66708ab0dd3bd6181ac1f650299d893bd337a28482f7f19c8511?s=96&d=mm&r=g\",\"contentUrl\":\"https:\\\/\\\/secure.gravatar.com\\\/avatar\\\/4b4a955a9c1b66708ab0dd3bd6181ac1f650299d893bd337a28482f7f19c8511?s=96&d=mm&r=g\",\"caption\":\"Fatima Silva\"},\"url\":\"https:\\\/\\\/automotiverevista.pt\\\/index.php\\\/author\\\/fgasparsilva\\\/\"}]}<\/script>\n<!-- \/ Yoast SEO Premium plugin. -->","yoast_head_json":{"title":"DPD Portugal investe em novos servi\u00e7os e frota el\u00e9trica - Revista Automotive","description":"No seguimento dos investimentos realizados na sua nova sede localizada em Loures e de uma nova plataforma log\u00edstica em Leiria, a DPD Portugal","robots":{"index":"index","follow":"follow","max-snippet":"max-snippet:-1","max-image-preview":"max-image-preview:large","max-video-preview":"max-video-preview:-1"},"canonical":"https:\/\/automotiverevista.pt\/index.php\/2026\/03\/17\/dpd-portugal-investe-em-novos-servicos-e-frota-eletrica\/","og_locale":"pt_PT","og_type":"article","og_title":"DPD Portugal investe em novos servi\u00e7os e frota el\u00e9trica","og_description":"No seguimento dos investimentos realizados na sua nova sede localizada em Loures e de uma nova plataforma log\u00edstica em Leiria, a DPD Portugal","og_url":"https:\/\/automotiverevista.pt\/index.php\/2026\/03\/17\/dpd-portugal-investe-em-novos-servicos-e-frota-eletrica\/","og_site_name":"Revista Automotive","article_published_time":"2026-03-17T06:53:00+00:00","og_image":[{"width":1500,"height":1125,"url":"https:\/\/automotiverevista.pt\/wp-content\/uploads\/2026\/03\/20250927_120901.jpg","type":"image\/jpeg"}],"author":"Fatima Silva","twitter_card":"summary_large_image","twitter_misc":{"Escrito por":"Fatima Silva","Tempo estimado de leitura":"10 minutos"},"schema":{"@context":"https:\/\/schema.org","@graph":[{"@type":"Article","@id":"https:\/\/automotiverevista.pt\/index.php\/2026\/03\/17\/dpd-portugal-investe-em-novos-servicos-e-frota-eletrica\/#article","isPartOf":{"@id":"https:\/\/automotiverevista.pt\/index.php\/2026\/03\/17\/dpd-portugal-investe-em-novos-servicos-e-frota-eletrica\/"},"author":{"name":"Fatima Silva","@id":"https:\/\/automotiverevista.pt\/#\/schema\/person\/1e95eb12553b8edd256acb00fe6dad4b"},"headline":"DPD Portugal investe em novos servi\u00e7os e frota el\u00e9trica","datePublished":"2026-03-17T06:53:00+00:00","mainEntityOfPage":{"@id":"https:\/\/automotiverevista.pt\/index.php\/2026\/03\/17\/dpd-portugal-investe-em-novos-servicos-e-frota-eletrica\/"},"wordCount":1635,"publisher":{"@id":"https:\/\/automotiverevista.pt\/#organization"},"image":{"@id":"https:\/\/automotiverevista.pt\/index.php\/2026\/03\/17\/dpd-portugal-investe-em-novos-servicos-e-frota-eletrica\/#primaryimage"},"thumbnailUrl":"https:\/\/automotiverevista.pt\/wp-content\/uploads\/2026\/03\/20250927_120901.jpg","articleSection":["Frotas"],"inLanguage":"pt-PT"},{"@type":"WebPage","@id":"https:\/\/automotiverevista.pt\/index.php\/2026\/03\/17\/dpd-portugal-investe-em-novos-servicos-e-frota-eletrica\/","url":"https:\/\/automotiverevista.pt\/index.php\/2026\/03\/17\/dpd-portugal-investe-em-novos-servicos-e-frota-eletrica\/","name":"DPD Portugal investe em novos servi\u00e7os e frota el\u00e9trica - Revista Automotive","isPartOf":{"@id":"https:\/\/automotiverevista.pt\/#website"},"primaryImageOfPage":{"@id":"https:\/\/automotiverevista.pt\/index.php\/2026\/03\/17\/dpd-portugal-investe-em-novos-servicos-e-frota-eletrica\/#primaryimage"},"image":{"@id":"https:\/\/automotiverevista.pt\/index.php\/2026\/03\/17\/dpd-portugal-investe-em-novos-servicos-e-frota-eletrica\/#primaryimage"},"thumbnailUrl":"https:\/\/automotiverevista.pt\/wp-content\/uploads\/2026\/03\/20250927_120901.jpg","datePublished":"2026-03-17T06:53:00+00:00","description":"No seguimento dos investimentos realizados na sua nova sede localizada em Loures e de uma nova plataforma log\u00edstica em Leiria, a DPD Portugal","breadcrumb":{"@id":"https:\/\/automotiverevista.pt\/index.php\/2026\/03\/17\/dpd-portugal-investe-em-novos-servicos-e-frota-eletrica\/#breadcrumb"},"inLanguage":"pt-PT","potentialAction":[{"@type":"ReadAction","target":["https:\/\/automotiverevista.pt\/index.php\/2026\/03\/17\/dpd-portugal-investe-em-novos-servicos-e-frota-eletrica\/"]}]},{"@type":"ImageObject","inLanguage":"pt-PT","@id":"https:\/\/automotiverevista.pt\/index.php\/2026\/03\/17\/dpd-portugal-investe-em-novos-servicos-e-frota-eletrica\/#primaryimage","url":"https:\/\/automotiverevista.pt\/wp-content\/uploads\/2026\/03\/20250927_120901.jpg","contentUrl":"https:\/\/automotiverevista.pt\/wp-content\/uploads\/2026\/03\/20250927_120901.jpg","width":1500,"height":1125},{"@type":"BreadcrumbList","@id":"https:\/\/automotiverevista.pt\/index.php\/2026\/03\/17\/dpd-portugal-investe-em-novos-servicos-e-frota-eletrica\/#breadcrumb","itemListElement":[{"@type":"ListItem","position":1,"name":"Home","item":"https:\/\/automotiverevista.pt\/"},{"@type":"ListItem","position":2,"name":"DPD Portugal investe em novos servi\u00e7os e frota el\u00e9trica"}]},{"@type":"WebSite","@id":"https:\/\/automotiverevista.pt\/#website","url":"https:\/\/automotiverevista.pt\/","name":"Revista Automotive","description":"Revista Automotive Portugal","publisher":{"@id":"https:\/\/automotiverevista.pt\/#organization"},"potentialAction":[{"@type":"SearchAction","target":{"@type":"EntryPoint","urlTemplate":"https:\/\/automotiverevista.pt\/?s={search_term_string}"},"query-input":{"@type":"PropertyValueSpecification","valueRequired":true,"valueName":"search_term_string"}}],"inLanguage":"pt-PT"},{"@type":"Organization","@id":"https:\/\/automotiverevista.pt\/#organization","name":"Revista Automotive Portugal","url":"https:\/\/automotiverevista.pt\/","logo":{"@type":"ImageObject","inLanguage":"pt-PT","@id":"https:\/\/automotiverevista.pt\/#\/schema\/logo\/image\/","url":"https:\/\/automotiverevista.pt\/wp-content\/uploads\/2022\/07\/Logo-Automotive-2021_500-1.jpg","contentUrl":"https:\/\/automotiverevista.pt\/wp-content\/uploads\/2022\/07\/Logo-Automotive-2021_500-1.jpg","width":500,"height":160,"caption":"Revista Automotive Portugal"},"image":{"@id":"https:\/\/automotiverevista.pt\/#\/schema\/logo\/image\/"},"sameAs":["https:\/\/linkedin.com\/in\/automotiverevista"]},{"@type":"Person","@id":"https:\/\/automotiverevista.pt\/#\/schema\/person\/1e95eb12553b8edd256acb00fe6dad4b","name":"Fatima Silva","image":{"@type":"ImageObject","inLanguage":"pt-PT","@id":"https:\/\/secure.gravatar.com\/avatar\/4b4a955a9c1b66708ab0dd3bd6181ac1f650299d893bd337a28482f7f19c8511?s=96&d=mm&r=g","url":"https:\/\/secure.gravatar.com\/avatar\/4b4a955a9c1b66708ab0dd3bd6181ac1f650299d893bd337a28482f7f19c8511?s=96&d=mm&r=g","contentUrl":"https:\/\/secure.gravatar.com\/avatar\/4b4a955a9c1b66708ab0dd3bd6181ac1f650299d893bd337a28482f7f19c8511?s=96&d=mm&r=g","caption":"Fatima Silva"},"url":"https:\/\/automotiverevista.pt\/index.php\/author\/fgasparsilva\/"}]}},"_links":{"self":[{"href":"https:\/\/automotiverevista.pt\/index.php\/wp-json\/wp\/v2\/posts\/12671","targetHints":{"allow":["GET"]}}],"collection":[{"href":"https:\/\/automotiverevista.pt\/index.php\/wp-json\/wp\/v2\/posts"}],"about":[{"href":"https:\/\/automotiverevista.pt\/index.php\/wp-json\/wp\/v2\/types\/post"}],"author":[{"embeddable":true,"href":"https:\/\/automotiverevista.pt\/index.php\/wp-json\/wp\/v2\/users\/4"}],"replies":[{"embeddable":true,"href":"https:\/\/automotiverevista.pt\/index.php\/wp-json\/wp\/v2\/comments?post=12671"}],"version-history":[{"count":2,"href":"https:\/\/automotiverevista.pt\/index.php\/wp-json\/wp\/v2\/posts\/12671\/revisions"}],"predecessor-version":[{"id":12685,"href":"https:\/\/automotiverevista.pt\/index.php\/wp-json\/wp\/v2\/posts\/12671\/revisions\/12685"}],"wp:featuredmedia":[{"embeddable":true,"href":"https:\/\/automotiverevista.pt\/index.php\/wp-json\/wp\/v2\/media\/12673"}],"wp:attachment":[{"href":"https:\/\/automotiverevista.pt\/index.php\/wp-json\/wp\/v2\/media?parent=12671"}],"wp:term":[{"taxonomy":"category","embeddable":true,"href":"https:\/\/automotiverevista.pt\/index.php\/wp-json\/wp\/v2\/categories?post=12671"},{"taxonomy":"post_tag","embeddable":true,"href":"https:\/\/automotiverevista.pt\/index.php\/wp-json\/wp\/v2\/tags?post=12671"}],"curies":[{"name":"wp","href":"https:\/\/api.w.org\/{rel}","templated":true}]}}