{"id":12892,"date":"2026-04-26T06:49:00","date_gmt":"2026-04-26T06:49:00","guid":{"rendered":"https:\/\/automotiverevista.pt\/?p=12892"},"modified":"2026-04-08T18:54:46","modified_gmt":"2026-04-08T18:54:46","slug":"a-garcia-proximidade-com-mais-servicos-oficinais","status":"publish","type":"post","link":"https:\/\/automotiverevista.pt\/index.php\/2026\/04\/26\/a-garcia-proximidade-com-mais-servicos-oficinais\/","title":{"rendered":"A. Garcia \u2013 proximidade com mais servi\u00e7os oficinais"},"content":{"rendered":"\n<p>Depois da abertura da sua filial em Mangualde, a empresa A. Garcia continua a expandir a sua din\u00e2mica nos servi\u00e7os de p\u00f3s-venda para ve\u00edculos pesados em geral, sendo hoje um exemplo nacional enquanto reparadora autorizada das marcas Mercedes-Benz Truck e IVECO, para o distrito da Guarda.<\/p>\n\n\n<div class=\"wp-block-image\">\n<figure class=\"alignleft size-large is-resized\"><img decoding=\"async\" width=\"745\" height=\"1024\" src=\"https:\/\/automotiverevista.pt\/wp-content\/uploads\/2026\/04\/20260302_164126-Copia-745x1024.jpg\" alt=\"\" class=\"wp-image-12894\" style=\"aspect-ratio:0.7275515681312783;width:418px;height:auto\" srcset=\"https:\/\/automotiverevista.pt\/wp-content\/uploads\/2026\/04\/20260302_164126-Copia-745x1024.jpg 745w, https:\/\/automotiverevista.pt\/wp-content\/uploads\/2026\/04\/20260302_164126-Copia-218x300.jpg 218w, https:\/\/automotiverevista.pt\/wp-content\/uploads\/2026\/04\/20260302_164126-Copia-768x1055.jpg 768w, https:\/\/automotiverevista.pt\/wp-content\/uploads\/2026\/04\/20260302_164126-Copia-750x1030.jpg 750w, https:\/\/automotiverevista.pt\/wp-content\/uploads\/2026\/04\/20260302_164126-Copia.jpg 819w\" sizes=\"(max-width: 745px) 100vw, 745px\" \/><\/figure>\n<\/div>\n\n\n<p>Com mais de 50 anos de uma vibrante hist\u00f3ria constru\u00edda a pulso no setor oficinal em Portugal, a empresa teve o seu reconhecimento p\u00fablico em 2023 quando foi distinguida com o <strong>Pr\u00e9mio Fleet &amp; Service Automotive <\/strong>na categoriaOficina Pesados. Atualmente, a A. Garcia continua a crescer e mantem uma firme gest\u00e3o familiar tendo a sua ger\u00eancia nas m\u00e3os dos irm\u00e3os Ant\u00f3nio Marques Garcia, Alda Rosa Garcia e <strong>Jos\u00e9 Garcia<\/strong>, que s\u00e3o filhos de Ant\u00f3nio Garcia, fundador da empresa.<\/p>\n\n\n\n<p>A Revista Automotive esteve na sede da empresa, localizada no Porto da Carne, distrito da Guarda, onde entrevistou <strong>Ant\u00f3nio Marques<\/strong> (foto), que aqui faz um balan\u00e7o das atividades e d\u00e1-nos a sua vis\u00e3o do setor da repara\u00e7\u00e3o de ve\u00edculos pesados, num contexto empresarial cada vez mais competitivo, desafiante e ao mesmo tempo fundamental para garantir a mobilidade das empresas de transportes rodovi\u00e1rios de mercadorias e de passageiros, em geral.<\/p>\n\n\n\n<p>\u201cEstamos muito pr\u00f3ximos de completar 60 anos de exist\u00eancia. Inici\u00e1mos as nossas atividades de uma forma muito modesta, com uma pequena oficina de repara\u00e7\u00e3o de cami\u00f5es e, com o passar dos anos, a empresa foi ganhando mercado e reputa\u00e7\u00e3o pela qualidade dos seus servi\u00e7os sendo que, h\u00e1 cerca de 20 anos, mud\u00e1mos para este amplo espa\u00e7o onde atualmente nos encontramos.<\/p>\n\n\n\n<p><strong>Frotas de longo curso<\/strong><\/p>\n\n\n\n<p>A nossa clientela \u00e9 maioritariamente formada por frotas de cami\u00f5es de longo curso, ou seja, empresas de transportes internacionais. Localmente, temos mais clientes da marca IVECO, sendo que tamb\u00e9m temos clientes desta marca na regi\u00e3o de Mangualde onde dispomos de uma filial, inaugurada h\u00e1 pouco mais de um ano, cujo respons\u00e1vel \u00e9 o meu filho Paulo Garcia.<\/p>\n\n\n\n<p>Desde os nossos prim\u00f3rdios a A. Garcia sempre se dedicou \u00e0 repara\u00e7\u00e3o de ve\u00edculos pesados e, no decorrer de seis d\u00e9cadas de atividades ininterruptas, mantemo-nos fi\u00e9is \u00e0s nossas origens e ao conceito de neg\u00f3cio criado pelo nosso pai, ou seja, a prestar servi\u00e7os unicamente enquanto oficina autorizada para cami\u00f5es, autocarros e furg\u00f5es das marcas Mercedes e IVECO.<\/p>\n\n\n\n<p>No princ\u00edpio, trabalh\u00e1vamos com cami\u00f5es e autocarros do fabricante espanhol PEGASO, que viria a ser adquirida pela marca IVECO com a qual mantemos uma hist\u00f3rica liga\u00e7\u00e3o enquanto reparador autorizado desde o ano de 2016. Relativamente \u00e0 marca Mercedes-Benz Trucks, somos reparadores autorizados e parceiros de neg\u00f3cio oficinal desde o in\u00edcio dos anos 1990.<\/p>\n\n\n\n<p>A nossa oficina conta com um amplo espa\u00e7o e disp\u00f5e de equipamentos para a realiza\u00e7\u00e3o de diversos servi\u00e7os de repara\u00e7\u00e3o, manuten\u00e7\u00e3o e assist\u00eancia mec\u00e2nica em geral, sobretudo de motor, caixas de velocidade, diferenciais e tamb\u00e9m na parte el\u00e9trica. Trabalhamos de acordo com elevados padr\u00f5es da Mercedes-Benz, utilizando pe\u00e7as de substitui\u00e7\u00e3o originais da marca. Pontualmente, e por solicita\u00e7\u00e3o e consentimento dos nossos clientes, utilizamos pe\u00e7as premium de qualidade equivalente.<\/p>\n\n\n\n<figure class=\"wp-block-image size-large\"><img decoding=\"async\" width=\"1500\" height=\"844\" src=\"https:\/\/automotiverevista.pt\/wp-content\/uploads\/2026\/04\/20260302_162928-edited.jpg\" alt=\"\" class=\"wp-image-12897\" srcset=\"https:\/\/automotiverevista.pt\/wp-content\/uploads\/2026\/04\/20260302_162928-edited.jpg 1500w, https:\/\/automotiverevista.pt\/wp-content\/uploads\/2026\/04\/20260302_162928-edited-300x169.jpg 300w, https:\/\/automotiverevista.pt\/wp-content\/uploads\/2026\/04\/20260302_162928-edited-1024x576.jpg 1024w, https:\/\/automotiverevista.pt\/wp-content\/uploads\/2026\/04\/20260302_162928-edited-768x432.jpg 768w, https:\/\/automotiverevista.pt\/wp-content\/uploads\/2026\/04\/20260302_162928-edited-750x422.jpg 750w, https:\/\/automotiverevista.pt\/wp-content\/uploads\/2026\/04\/20260302_162928-edited-1140x641.jpg 1140w\" sizes=\"(max-width: 1500px) 100vw, 1500px\" \/><\/figure>\n\n\n\n<p><strong>Forma\u00e7\u00e3o e assist\u00eancia t\u00e9cnica<\/strong><\/p>\n\n\n\n<p>Para al\u00e9m de cami\u00f5es e autocarros, tamb\u00e9m prestamos servi\u00e7os de repara\u00e7\u00e3o de semirreboques, numa l\u00f3gica de assist\u00eancia integrada para os nossos clientes de transportes internacional. Para responder \u00e0s novidades e constantes atualiza\u00e7\u00f5es dos ve\u00edculos pesados, disponibilizamos \u00e0 nossa equipa de colaboradores oficinais forma\u00e7\u00f5es t\u00e9cnicas, regularmente realizadas pelas marcas Mercedes e IVECO.<\/p>\n\n\n\n<p>Temos um servi\u00e7o de assist\u00eancia 24 horas com mec\u00e2nico e viatura (furg\u00e3o) pr\u00f3pria, equipada para dar apoio aos nossos clientes nas estradas em Portugal, contudo, estamos a ponderar incorporar mais um furg\u00e3o de assist\u00eancia em estrada, para dar suporte aos clientes da marca IVECO, ligados \u00e0 nossa filial em Mangualde.<\/p>\n\n\n\n<p>Em decorr\u00eancia da qualidade dos nossos servi\u00e7os e do bom historial da nossa empresa, somos frequentemente abordados por gestores de redes oficinais no sentido de aderimos a este conceito de oficina abandeirada, mas de momento n\u00e3o faz parte dos nossos planos aderirmos a este modelo de neg\u00f3cio at\u00e9 porque, e felizmente, j\u00e1 temos um bom volume de servi\u00e7os para a nossa estrutura que mont\u00e1mos aqui na Guarda.<\/p>\n\n\n<div class=\"wp-block-image\">\n<figure class=\"aligncenter size-large is-resized\"><img decoding=\"async\" width=\"1024\" height=\"768\" src=\"https:\/\/automotiverevista.pt\/wp-content\/uploads\/2026\/04\/20260302_165722-1024x768.jpg\" alt=\"\" class=\"wp-image-12898\" style=\"width:605px;height:auto\" srcset=\"https:\/\/automotiverevista.pt\/wp-content\/uploads\/2026\/04\/20260302_165722-1024x768.jpg 1024w, https:\/\/automotiverevista.pt\/wp-content\/uploads\/2026\/04\/20260302_165722-300x225.jpg 300w, https:\/\/automotiverevista.pt\/wp-content\/uploads\/2026\/04\/20260302_165722-768x576.jpg 768w, https:\/\/automotiverevista.pt\/wp-content\/uploads\/2026\/04\/20260302_165722-750x563.jpg 750w, https:\/\/automotiverevista.pt\/wp-content\/uploads\/2026\/04\/20260302_165722-1140x855.jpg 1140w, https:\/\/automotiverevista.pt\/wp-content\/uploads\/2026\/04\/20260302_165722.jpg 1500w\" sizes=\"(max-width: 1024px) 100vw, 1024px\" \/><\/figure>\n<\/div>\n\n\n<p>Atualmente contamos com uma equipa de 30 funcion\u00e1rios, incluindo a equipa da nossa filial em Mangualde. No entanto, notamos uma falta de m\u00e3o de obra qualificada para esta nossa tipologia de neg\u00f3cio, pois somos muito exigentes em termos de forma\u00e7\u00e3o profissional e de conhecimentos t\u00e9cnicos dos nossos colaboradores. Contudo, temos uma estrutura humana perfeitamente capaz de responder \u00e0s solicita\u00e7\u00f5es dos nossos clientes, sobretudo das marcas Mercedes e IVECO.<\/p>\n\n\n\n<p>Como estamos localizados numa importante rota de transporte internacional, somos muito procurados pelas empresas nacionais e at\u00e9 mesmo do estrangeiro, porque sabem que na A. Garcia ir\u00e3o sempre encontrar um servi\u00e7o oficinal multimarca de elevada qualidade e com a garantia das marcas que trabalhamos e com as quais somos parceiros de neg\u00f3cio desde h\u00e1 muitos anos\u201d, sublinhou Ant\u00f3nio Marques Garcia.<\/p>\n\n\n<div class=\"wp-block-image\">\n<figure class=\"aligncenter size-large is-resized\"><img decoding=\"async\" width=\"1024\" height=\"768\" src=\"https:\/\/automotiverevista.pt\/wp-content\/uploads\/2026\/04\/20260302_162004-1024x768.jpg\" alt=\"\" class=\"wp-image-12893\" style=\"width:969px;height:auto\" srcset=\"https:\/\/automotiverevista.pt\/wp-content\/uploads\/2026\/04\/20260302_162004-1024x768.jpg 1024w, https:\/\/automotiverevista.pt\/wp-content\/uploads\/2026\/04\/20260302_162004-300x225.jpg 300w, https:\/\/automotiverevista.pt\/wp-content\/uploads\/2026\/04\/20260302_162004-768x576.jpg 768w, https:\/\/automotiverevista.pt\/wp-content\/uploads\/2026\/04\/20260302_162004-750x563.jpg 750w, https:\/\/automotiverevista.pt\/wp-content\/uploads\/2026\/04\/20260302_162004-1140x855.jpg 1140w, https:\/\/automotiverevista.pt\/wp-content\/uploads\/2026\/04\/20260302_162004.jpg 1500w\" sizes=\"(max-width: 1024px) 100vw, 1024px\" \/><\/figure>\n<\/div>","protected":false},"excerpt":{"rendered":"<p>Depois da abertura da sua filial em Mangualde, a empresa A. Garcia continua a expandir a sua din\u00e2mica nos servi\u00e7os de p\u00f3s-venda para ve\u00edculos pesados em geral, sendo hoje um exemplo nacional enquanto reparadora autorizada das marcas Mercedes-Benz Truck e IVECO, para o distrito da Guarda. Com mais de 50 anos de uma vibrante hist\u00f3ria [&hellip;]<\/p>\n","protected":false},"author":4,"featured_media":12895,"comment_status":"closed","ping_status":"open","sticky":false,"template":"","format":"standard","meta":{"jnews-multi-image_gallery":[],"jnews_single_post":{"format":"standard"},"jnews_primary_category":[],"footnotes":""},"categories":[23,25],"tags":[],"class_list":["post-12892","post","type-post","status-publish","format-standard","has-post-thumbnail","hentry","category-frotas","category-pesados-e-maquinas"],"yoast_head":"<!-- This site is optimized with the Yoast SEO Premium plugin v27.2 (Yoast SEO v27.4) - https:\/\/yoast.com\/product\/yoast-seo-premium-wordpress\/ -->\n<title>A. Garcia \u2013 proximidade com mais servi\u00e7os oficinais - Revista Automotive<\/title>\n<meta name=\"description\" content=\"Depois da abertura da sua filial em Mangualde, a empresa A. Garcia continua a expandir a sua din\u00e2mica nos servi\u00e7os de p\u00f3s-venda para ve\u00edculos\" \/>\n<meta name=\"robots\" content=\"index, follow, max-snippet:-1, max-image-preview:large, max-video-preview:-1\" \/>\n<link rel=\"canonical\" href=\"https:\/\/automotiverevista.pt\/index.php\/2026\/04\/26\/a-garcia-proximidade-com-mais-servicos-oficinais\/\" \/>\n<meta property=\"og:locale\" content=\"pt_PT\" \/>\n<meta property=\"og:type\" content=\"article\" \/>\n<meta property=\"og:title\" content=\"A. Garcia \u2013 proximidade com mais servi\u00e7os oficinais\" \/>\n<meta property=\"og:description\" content=\"Depois da abertura da sua filial em Mangualde, a empresa A. Garcia continua a expandir a sua din\u00e2mica nos servi\u00e7os de p\u00f3s-venda para ve\u00edculos\" \/>\n<meta property=\"og:url\" content=\"https:\/\/automotiverevista.pt\/index.php\/2026\/04\/26\/a-garcia-proximidade-com-mais-servicos-oficinais\/\" \/>\n<meta property=\"og:site_name\" content=\"Revista Automotive\" \/>\n<meta property=\"article:published_time\" content=\"2026-04-26T06:49:00+00:00\" \/>\n<meta property=\"og:image\" content=\"https:\/\/automotiverevista.pt\/wp-content\/uploads\/2026\/04\/20260302_161007.jpg\" \/>\n\t<meta property=\"og:image:width\" content=\"1500\" \/>\n\t<meta property=\"og:image:height\" content=\"1125\" \/>\n\t<meta property=\"og:image:type\" content=\"image\/jpeg\" \/>\n<meta name=\"author\" content=\"Fatima Silva\" \/>\n<meta name=\"twitter:card\" content=\"summary_large_image\" \/>\n<meta name=\"twitter:label1\" content=\"Escrito por\" \/>\n\t<meta name=\"twitter:data1\" content=\"Fatima Silva\" \/>\n\t<meta name=\"twitter:label2\" content=\"Tempo estimado de leitura\" \/>\n\t<meta name=\"twitter:data2\" content=\"6 minutos\" \/>\n<script type=\"application\/ld+json\" class=\"yoast-schema-graph\">{\"@context\":\"https:\\\/\\\/schema.org\",\"@graph\":[{\"@type\":\"Article\",\"@id\":\"https:\\\/\\\/automotiverevista.pt\\\/index.php\\\/2026\\\/04\\\/26\\\/a-garcia-proximidade-com-mais-servicos-oficinais\\\/#article\",\"isPartOf\":{\"@id\":\"https:\\\/\\\/automotiverevista.pt\\\/index.php\\\/2026\\\/04\\\/26\\\/a-garcia-proximidade-com-mais-servicos-oficinais\\\/\"},\"author\":{\"name\":\"Fatima Silva\",\"@id\":\"https:\\\/\\\/automotiverevista.pt\\\/#\\\/schema\\\/person\\\/1e95eb12553b8edd256acb00fe6dad4b\"},\"headline\":\"A. Garcia \u2013 proximidade com mais servi\u00e7os oficinais\",\"datePublished\":\"2026-04-26T06:49:00+00:00\",\"mainEntityOfPage\":{\"@id\":\"https:\\\/\\\/automotiverevista.pt\\\/index.php\\\/2026\\\/04\\\/26\\\/a-garcia-proximidade-com-mais-servicos-oficinais\\\/\"},\"wordCount\":889,\"publisher\":{\"@id\":\"https:\\\/\\\/automotiverevista.pt\\\/#organization\"},\"image\":{\"@id\":\"https:\\\/\\\/automotiverevista.pt\\\/index.php\\\/2026\\\/04\\\/26\\\/a-garcia-proximidade-com-mais-servicos-oficinais\\\/#primaryimage\"},\"thumbnailUrl\":\"https:\\\/\\\/automotiverevista.pt\\\/wp-content\\\/uploads\\\/2026\\\/04\\\/20260302_161007.jpg\",\"articleSection\":[\"Frotas\",\"Pesados e M\u00e1quinas\"],\"inLanguage\":\"pt-PT\"},{\"@type\":\"WebPage\",\"@id\":\"https:\\\/\\\/automotiverevista.pt\\\/index.php\\\/2026\\\/04\\\/26\\\/a-garcia-proximidade-com-mais-servicos-oficinais\\\/\",\"url\":\"https:\\\/\\\/automotiverevista.pt\\\/index.php\\\/2026\\\/04\\\/26\\\/a-garcia-proximidade-com-mais-servicos-oficinais\\\/\",\"name\":\"A. Garcia \u2013 proximidade com mais servi\u00e7os oficinais - Revista Automotive\",\"isPartOf\":{\"@id\":\"https:\\\/\\\/automotiverevista.pt\\\/#website\"},\"primaryImageOfPage\":{\"@id\":\"https:\\\/\\\/automotiverevista.pt\\\/index.php\\\/2026\\\/04\\\/26\\\/a-garcia-proximidade-com-mais-servicos-oficinais\\\/#primaryimage\"},\"image\":{\"@id\":\"https:\\\/\\\/automotiverevista.pt\\\/index.php\\\/2026\\\/04\\\/26\\\/a-garcia-proximidade-com-mais-servicos-oficinais\\\/#primaryimage\"},\"thumbnailUrl\":\"https:\\\/\\\/automotiverevista.pt\\\/wp-content\\\/uploads\\\/2026\\\/04\\\/20260302_161007.jpg\",\"datePublished\":\"2026-04-26T06:49:00+00:00\",\"description\":\"Depois da abertura da sua filial em Mangualde, a empresa A. Garcia continua a expandir a sua din\u00e2mica nos servi\u00e7os de p\u00f3s-venda para ve\u00edculos\",\"breadcrumb\":{\"@id\":\"https:\\\/\\\/automotiverevista.pt\\\/index.php\\\/2026\\\/04\\\/26\\\/a-garcia-proximidade-com-mais-servicos-oficinais\\\/#breadcrumb\"},\"inLanguage\":\"pt-PT\",\"potentialAction\":[{\"@type\":\"ReadAction\",\"target\":[\"https:\\\/\\\/automotiverevista.pt\\\/index.php\\\/2026\\\/04\\\/26\\\/a-garcia-proximidade-com-mais-servicos-oficinais\\\/\"]}]},{\"@type\":\"ImageObject\",\"inLanguage\":\"pt-PT\",\"@id\":\"https:\\\/\\\/automotiverevista.pt\\\/index.php\\\/2026\\\/04\\\/26\\\/a-garcia-proximidade-com-mais-servicos-oficinais\\\/#primaryimage\",\"url\":\"https:\\\/\\\/automotiverevista.pt\\\/wp-content\\\/uploads\\\/2026\\\/04\\\/20260302_161007.jpg\",\"contentUrl\":\"https:\\\/\\\/automotiverevista.pt\\\/wp-content\\\/uploads\\\/2026\\\/04\\\/20260302_161007.jpg\",\"width\":1500,\"height\":1125},{\"@type\":\"BreadcrumbList\",\"@id\":\"https:\\\/\\\/automotiverevista.pt\\\/index.php\\\/2026\\\/04\\\/26\\\/a-garcia-proximidade-com-mais-servicos-oficinais\\\/#breadcrumb\",\"itemListElement\":[{\"@type\":\"ListItem\",\"position\":1,\"name\":\"Home\",\"item\":\"https:\\\/\\\/automotiverevista.pt\\\/\"},{\"@type\":\"ListItem\",\"position\":2,\"name\":\"A. Garcia \u2013 proximidade com mais servi\u00e7os oficinais\"}]},{\"@type\":\"WebSite\",\"@id\":\"https:\\\/\\\/automotiverevista.pt\\\/#website\",\"url\":\"https:\\\/\\\/automotiverevista.pt\\\/\",\"name\":\"Revista Automotive\",\"description\":\"Revista Automotive Portugal\",\"publisher\":{\"@id\":\"https:\\\/\\\/automotiverevista.pt\\\/#organization\"},\"potentialAction\":[{\"@type\":\"SearchAction\",\"target\":{\"@type\":\"EntryPoint\",\"urlTemplate\":\"https:\\\/\\\/automotiverevista.pt\\\/?s={search_term_string}\"},\"query-input\":{\"@type\":\"PropertyValueSpecification\",\"valueRequired\":true,\"valueName\":\"search_term_string\"}}],\"inLanguage\":\"pt-PT\"},{\"@type\":\"Organization\",\"@id\":\"https:\\\/\\\/automotiverevista.pt\\\/#organization\",\"name\":\"Revista Automotive Portugal\",\"url\":\"https:\\\/\\\/automotiverevista.pt\\\/\",\"logo\":{\"@type\":\"ImageObject\",\"inLanguage\":\"pt-PT\",\"@id\":\"https:\\\/\\\/automotiverevista.pt\\\/#\\\/schema\\\/logo\\\/image\\\/\",\"url\":\"https:\\\/\\\/automotiverevista.pt\\\/wp-content\\\/uploads\\\/2022\\\/07\\\/Logo-Automotive-2021_500-1.jpg\",\"contentUrl\":\"https:\\\/\\\/automotiverevista.pt\\\/wp-content\\\/uploads\\\/2022\\\/07\\\/Logo-Automotive-2021_500-1.jpg\",\"width\":500,\"height\":160,\"caption\":\"Revista Automotive Portugal\"},\"image\":{\"@id\":\"https:\\\/\\\/automotiverevista.pt\\\/#\\\/schema\\\/logo\\\/image\\\/\"},\"sameAs\":[\"https:\\\/\\\/linkedin.com\\\/in\\\/automotiverevista\"]},{\"@type\":\"Person\",\"@id\":\"https:\\\/\\\/automotiverevista.pt\\\/#\\\/schema\\\/person\\\/1e95eb12553b8edd256acb00fe6dad4b\",\"name\":\"Fatima Silva\",\"image\":{\"@type\":\"ImageObject\",\"inLanguage\":\"pt-PT\",\"@id\":\"https:\\\/\\\/secure.gravatar.com\\\/avatar\\\/4b4a955a9c1b66708ab0dd3bd6181ac1f650299d893bd337a28482f7f19c8511?s=96&d=mm&r=g\",\"url\":\"https:\\\/\\\/secure.gravatar.com\\\/avatar\\\/4b4a955a9c1b66708ab0dd3bd6181ac1f650299d893bd337a28482f7f19c8511?s=96&d=mm&r=g\",\"contentUrl\":\"https:\\\/\\\/secure.gravatar.com\\\/avatar\\\/4b4a955a9c1b66708ab0dd3bd6181ac1f650299d893bd337a28482f7f19c8511?s=96&d=mm&r=g\",\"caption\":\"Fatima Silva\"},\"url\":\"https:\\\/\\\/automotiverevista.pt\\\/index.php\\\/author\\\/fgasparsilva\\\/\"}]}<\/script>\n<!-- \/ Yoast SEO Premium plugin. -->","yoast_head_json":{"title":"A. Garcia \u2013 proximidade com mais servi\u00e7os oficinais - Revista Automotive","description":"Depois da abertura da sua filial em Mangualde, a empresa A. Garcia continua a expandir a sua din\u00e2mica nos servi\u00e7os de p\u00f3s-venda para ve\u00edculos","robots":{"index":"index","follow":"follow","max-snippet":"max-snippet:-1","max-image-preview":"max-image-preview:large","max-video-preview":"max-video-preview:-1"},"canonical":"https:\/\/automotiverevista.pt\/index.php\/2026\/04\/26\/a-garcia-proximidade-com-mais-servicos-oficinais\/","og_locale":"pt_PT","og_type":"article","og_title":"A. Garcia \u2013 proximidade com mais servi\u00e7os oficinais","og_description":"Depois da abertura da sua filial em Mangualde, a empresa A. Garcia continua a expandir a sua din\u00e2mica nos servi\u00e7os de p\u00f3s-venda para ve\u00edculos","og_url":"https:\/\/automotiverevista.pt\/index.php\/2026\/04\/26\/a-garcia-proximidade-com-mais-servicos-oficinais\/","og_site_name":"Revista Automotive","article_published_time":"2026-04-26T06:49:00+00:00","og_image":[{"width":1500,"height":1125,"url":"https:\/\/automotiverevista.pt\/wp-content\/uploads\/2026\/04\/20260302_161007.jpg","type":"image\/jpeg"}],"author":"Fatima Silva","twitter_card":"summary_large_image","twitter_misc":{"Escrito por":"Fatima Silva","Tempo estimado de leitura":"6 minutos"},"schema":{"@context":"https:\/\/schema.org","@graph":[{"@type":"Article","@id":"https:\/\/automotiverevista.pt\/index.php\/2026\/04\/26\/a-garcia-proximidade-com-mais-servicos-oficinais\/#article","isPartOf":{"@id":"https:\/\/automotiverevista.pt\/index.php\/2026\/04\/26\/a-garcia-proximidade-com-mais-servicos-oficinais\/"},"author":{"name":"Fatima Silva","@id":"https:\/\/automotiverevista.pt\/#\/schema\/person\/1e95eb12553b8edd256acb00fe6dad4b"},"headline":"A. Garcia \u2013 proximidade com mais servi\u00e7os oficinais","datePublished":"2026-04-26T06:49:00+00:00","mainEntityOfPage":{"@id":"https:\/\/automotiverevista.pt\/index.php\/2026\/04\/26\/a-garcia-proximidade-com-mais-servicos-oficinais\/"},"wordCount":889,"publisher":{"@id":"https:\/\/automotiverevista.pt\/#organization"},"image":{"@id":"https:\/\/automotiverevista.pt\/index.php\/2026\/04\/26\/a-garcia-proximidade-com-mais-servicos-oficinais\/#primaryimage"},"thumbnailUrl":"https:\/\/automotiverevista.pt\/wp-content\/uploads\/2026\/04\/20260302_161007.jpg","articleSection":["Frotas","Pesados e M\u00e1quinas"],"inLanguage":"pt-PT"},{"@type":"WebPage","@id":"https:\/\/automotiverevista.pt\/index.php\/2026\/04\/26\/a-garcia-proximidade-com-mais-servicos-oficinais\/","url":"https:\/\/automotiverevista.pt\/index.php\/2026\/04\/26\/a-garcia-proximidade-com-mais-servicos-oficinais\/","name":"A. Garcia \u2013 proximidade com mais servi\u00e7os oficinais - Revista Automotive","isPartOf":{"@id":"https:\/\/automotiverevista.pt\/#website"},"primaryImageOfPage":{"@id":"https:\/\/automotiverevista.pt\/index.php\/2026\/04\/26\/a-garcia-proximidade-com-mais-servicos-oficinais\/#primaryimage"},"image":{"@id":"https:\/\/automotiverevista.pt\/index.php\/2026\/04\/26\/a-garcia-proximidade-com-mais-servicos-oficinais\/#primaryimage"},"thumbnailUrl":"https:\/\/automotiverevista.pt\/wp-content\/uploads\/2026\/04\/20260302_161007.jpg","datePublished":"2026-04-26T06:49:00+00:00","description":"Depois da abertura da sua filial em Mangualde, a empresa A. Garcia continua a expandir a sua din\u00e2mica nos servi\u00e7os de p\u00f3s-venda para ve\u00edculos","breadcrumb":{"@id":"https:\/\/automotiverevista.pt\/index.php\/2026\/04\/26\/a-garcia-proximidade-com-mais-servicos-oficinais\/#breadcrumb"},"inLanguage":"pt-PT","potentialAction":[{"@type":"ReadAction","target":["https:\/\/automotiverevista.pt\/index.php\/2026\/04\/26\/a-garcia-proximidade-com-mais-servicos-oficinais\/"]}]},{"@type":"ImageObject","inLanguage":"pt-PT","@id":"https:\/\/automotiverevista.pt\/index.php\/2026\/04\/26\/a-garcia-proximidade-com-mais-servicos-oficinais\/#primaryimage","url":"https:\/\/automotiverevista.pt\/wp-content\/uploads\/2026\/04\/20260302_161007.jpg","contentUrl":"https:\/\/automotiverevista.pt\/wp-content\/uploads\/2026\/04\/20260302_161007.jpg","width":1500,"height":1125},{"@type":"BreadcrumbList","@id":"https:\/\/automotiverevista.pt\/index.php\/2026\/04\/26\/a-garcia-proximidade-com-mais-servicos-oficinais\/#breadcrumb","itemListElement":[{"@type":"ListItem","position":1,"name":"Home","item":"https:\/\/automotiverevista.pt\/"},{"@type":"ListItem","position":2,"name":"A. Garcia \u2013 proximidade com mais servi\u00e7os oficinais"}]},{"@type":"WebSite","@id":"https:\/\/automotiverevista.pt\/#website","url":"https:\/\/automotiverevista.pt\/","name":"Revista Automotive","description":"Revista Automotive Portugal","publisher":{"@id":"https:\/\/automotiverevista.pt\/#organization"},"potentialAction":[{"@type":"SearchAction","target":{"@type":"EntryPoint","urlTemplate":"https:\/\/automotiverevista.pt\/?s={search_term_string}"},"query-input":{"@type":"PropertyValueSpecification","valueRequired":true,"valueName":"search_term_string"}}],"inLanguage":"pt-PT"},{"@type":"Organization","@id":"https:\/\/automotiverevista.pt\/#organization","name":"Revista Automotive Portugal","url":"https:\/\/automotiverevista.pt\/","logo":{"@type":"ImageObject","inLanguage":"pt-PT","@id":"https:\/\/automotiverevista.pt\/#\/schema\/logo\/image\/","url":"https:\/\/automotiverevista.pt\/wp-content\/uploads\/2022\/07\/Logo-Automotive-2021_500-1.jpg","contentUrl":"https:\/\/automotiverevista.pt\/wp-content\/uploads\/2022\/07\/Logo-Automotive-2021_500-1.jpg","width":500,"height":160,"caption":"Revista Automotive Portugal"},"image":{"@id":"https:\/\/automotiverevista.pt\/#\/schema\/logo\/image\/"},"sameAs":["https:\/\/linkedin.com\/in\/automotiverevista"]},{"@type":"Person","@id":"https:\/\/automotiverevista.pt\/#\/schema\/person\/1e95eb12553b8edd256acb00fe6dad4b","name":"Fatima Silva","image":{"@type":"ImageObject","inLanguage":"pt-PT","@id":"https:\/\/secure.gravatar.com\/avatar\/4b4a955a9c1b66708ab0dd3bd6181ac1f650299d893bd337a28482f7f19c8511?s=96&d=mm&r=g","url":"https:\/\/secure.gravatar.com\/avatar\/4b4a955a9c1b66708ab0dd3bd6181ac1f650299d893bd337a28482f7f19c8511?s=96&d=mm&r=g","contentUrl":"https:\/\/secure.gravatar.com\/avatar\/4b4a955a9c1b66708ab0dd3bd6181ac1f650299d893bd337a28482f7f19c8511?s=96&d=mm&r=g","caption":"Fatima Silva"},"url":"https:\/\/automotiverevista.pt\/index.php\/author\/fgasparsilva\/"}]}},"_links":{"self":[{"href":"https:\/\/automotiverevista.pt\/index.php\/wp-json\/wp\/v2\/posts\/12892","targetHints":{"allow":["GET"]}}],"collection":[{"href":"https:\/\/automotiverevista.pt\/index.php\/wp-json\/wp\/v2\/posts"}],"about":[{"href":"https:\/\/automotiverevista.pt\/index.php\/wp-json\/wp\/v2\/types\/post"}],"author":[{"embeddable":true,"href":"https:\/\/automotiverevista.pt\/index.php\/wp-json\/wp\/v2\/users\/4"}],"replies":[{"embeddable":true,"href":"https:\/\/automotiverevista.pt\/index.php\/wp-json\/wp\/v2\/comments?post=12892"}],"version-history":[{"count":1,"href":"https:\/\/automotiverevista.pt\/index.php\/wp-json\/wp\/v2\/posts\/12892\/revisions"}],"predecessor-version":[{"id":12900,"href":"https:\/\/automotiverevista.pt\/index.php\/wp-json\/wp\/v2\/posts\/12892\/revisions\/12900"}],"wp:featuredmedia":[{"embeddable":true,"href":"https:\/\/automotiverevista.pt\/index.php\/wp-json\/wp\/v2\/media\/12895"}],"wp:attachment":[{"href":"https:\/\/automotiverevista.pt\/index.php\/wp-json\/wp\/v2\/media?parent=12892"}],"wp:term":[{"taxonomy":"category","embeddable":true,"href":"https:\/\/automotiverevista.pt\/index.php\/wp-json\/wp\/v2\/categories?post=12892"},{"taxonomy":"post_tag","embeddable":true,"href":"https:\/\/automotiverevista.pt\/index.php\/wp-json\/wp\/v2\/tags?post=12892"}],"curies":[{"name":"wp","href":"https:\/\/api.w.org\/{rel}","templated":true}]}}