{"id":13026,"date":"2026-04-27T06:38:00","date_gmt":"2026-04-27T06:38:00","guid":{"rendered":"https:\/\/automotiverevista.pt\/?p=13026"},"modified":"2026-04-08T18:55:03","modified_gmt":"2026-04-08T18:55:03","slug":"caterpillar-com-nova-pa-carregadora-compacta","status":"publish","type":"post","link":"https:\/\/automotiverevista.pt\/index.php\/2026\/04\/27\/caterpillar-com-nova-pa-carregadora-compacta\/","title":{"rendered":"Caterpillar com nova p\u00e1-carregadora compacta"},"content":{"rendered":"\n<p>Ideal para espa\u00e7os confinados onde m\u00e1quinas de maiores dimens\u00f5es n\u00e3o conseguem transitar, a nova p\u00e1 <a href=\"https:\/\/www.cat.com\/pt_BR\/products\/new\/equipment\/skid-steer-and-compact-track-loaders\/compact-track-loaders.html\" id=\"https:\/\/www.cat.com\/pt_BR\/products\/new\/equipment\/skid-steer-and-compact-track-loaders\/compact-track-loaders.html\">carregadora <\/a>compacta <strong>Cat TUL100<\/strong> da <a href=\"https:\/\/automotiverevista.pt\/index.php\/2025\/05\/23\/caterpillar-celebra-100-anos-com-foco-no-futuro\/\" id=\"https:\/\/automotiverevista.pt\/index.php\/2025\/05\/23\/caterpillar-celebra-100-anos-com-foco-no-futuro\/\">Caterpillar <\/a>apresentada na Conexpo 2026, destaca-se pela pot\u00eancia e versatilidade com fiabilidade e durabilidade comprovadas para este segmento de mercado em r\u00e1pido crescimento.<\/p>\n\n\n\n<p>A sua capacidade operacional nominal de 454 kg (1.000 lb) proporciona o desempenho necess\u00e1rio para grandes trabalhos, enquanto as op\u00e7\u00f5es de largura de rasto de 914 mm e 1067 mm, permitem que esta m\u00e1quina de alto desempenho trabalhe em espa\u00e7os reduzidos. Equipada com o motor turbo diesel Cat C1.1 de 24 cv (17,9 kW), a nova TUL100 conta com um sistema hidr\u00e1ulico robusto para um elevado desempenho.<\/p>\n\n\n<div class=\"wp-block-image\">\n<figure class=\"aligncenter size-large is-resized\"><img decoding=\"async\" width=\"1024\" height=\"163\" src=\"https:\/\/automotiverevista.pt\/wp-content\/uploads\/2026\/04\/Capturar-1-1024x163.jpg\" alt=\"\" class=\"wp-image-13028\" style=\"width:881px;height:auto\" srcset=\"https:\/\/automotiverevista.pt\/wp-content\/uploads\/2026\/04\/Capturar-1-1024x163.jpg 1024w, https:\/\/automotiverevista.pt\/wp-content\/uploads\/2026\/04\/Capturar-1-300x48.jpg 300w, https:\/\/automotiverevista.pt\/wp-content\/uploads\/2026\/04\/Capturar-1-768x122.jpg 768w, https:\/\/automotiverevista.pt\/wp-content\/uploads\/2026\/04\/Capturar-1-750x119.jpg 750w, https:\/\/automotiverevista.pt\/wp-content\/uploads\/2026\/04\/Capturar-1.jpg 1121w\" sizes=\"(max-width: 1024px) 100vw, 1024px\" \/><\/figure>\n<\/div>","protected":false},"excerpt":{"rendered":"<p>Ideal para espa\u00e7os confinados onde m\u00e1quinas de maiores dimens\u00f5es n\u00e3o conseguem transitar, a nova p\u00e1 carregadora compacta Cat TUL100 da Caterpillar apresentada na Conexpo 2026, destaca-se pela pot\u00eancia e versatilidade com fiabilidade e durabilidade comprovadas para este segmento de mercado em r\u00e1pido crescimento. A sua capacidade operacional nominal de 454 kg (1.000 lb) proporciona o [&hellip;]<\/p>\n","protected":false},"author":4,"featured_media":13027,"comment_status":"closed","ping_status":"open","sticky":false,"template":"","format":"standard","meta":{"jnews-multi-image_gallery":[],"jnews_single_post":{"format":"standard"},"jnews_primary_category":[],"footnotes":""},"categories":[25],"tags":[],"class_list":["post-13026","post","type-post","status-publish","format-standard","has-post-thumbnail","hentry","category-pesados-e-maquinas"],"yoast_head":"<!-- This site is optimized with the Yoast SEO Premium plugin v27.2 (Yoast SEO v27.4) - https:\/\/yoast.com\/product\/yoast-seo-premium-wordpress\/ -->\n<title>Caterpillar com nova p\u00e1-carregadora compacta - Revista Automotive<\/title>\n<meta name=\"description\" content=\"Ideal para espa\u00e7os confinados onde m\u00e1quinas de maiores dimens\u00f5es n\u00e3o conseguem transitar, a nova p\u00e1 carregadora compacta Cat TUL100 da Caterpi\" \/>\n<meta name=\"robots\" content=\"index, follow, max-snippet:-1, max-image-preview:large, max-video-preview:-1\" \/>\n<link rel=\"canonical\" href=\"https:\/\/automotiverevista.pt\/index.php\/2026\/04\/27\/caterpillar-com-nova-pa-carregadora-compacta\/\" \/>\n<meta property=\"og:locale\" content=\"pt_PT\" \/>\n<meta property=\"og:type\" content=\"article\" \/>\n<meta property=\"og:title\" content=\"Caterpillar com nova p\u00e1-carregadora compacta\" \/>\n<meta property=\"og:description\" content=\"Ideal para espa\u00e7os confinados onde m\u00e1quinas de maiores dimens\u00f5es n\u00e3o conseguem transitar, a nova p\u00e1 carregadora compacta Cat TUL100 da Caterpi\" \/>\n<meta property=\"og:url\" content=\"https:\/\/automotiverevista.pt\/index.php\/2026\/04\/27\/caterpillar-com-nova-pa-carregadora-compacta\/\" \/>\n<meta property=\"og:site_name\" content=\"Revista Automotive\" \/>\n<meta property=\"article:published_time\" content=\"2026-04-27T06:38:00+00:00\" \/>\n<meta property=\"og:image\" content=\"https:\/\/automotiverevista.pt\/wp-content\/uploads\/2026\/04\/CM20260225-62b19-c1a3d-1.jpg\" \/>\n\t<meta property=\"og:image:width\" content=\"1500\" \/>\n\t<meta property=\"og:image:height\" content=\"1000\" \/>\n\t<meta property=\"og:image:type\" content=\"image\/jpeg\" \/>\n<meta name=\"author\" content=\"Fatima Silva\" \/>\n<meta name=\"twitter:card\" content=\"summary_large_image\" \/>\n<meta name=\"twitter:label1\" content=\"Escrito por\" \/>\n\t<meta name=\"twitter:data1\" content=\"Fatima Silva\" \/>\n\t<meta name=\"twitter:label2\" content=\"Tempo estimado de leitura\" \/>\n\t<meta name=\"twitter:data2\" content=\"2 minutos\" \/>\n<script type=\"application\/ld+json\" class=\"yoast-schema-graph\">{\"@context\":\"https:\\\/\\\/schema.org\",\"@graph\":[{\"@type\":\"Article\",\"@id\":\"https:\\\/\\\/automotiverevista.pt\\\/index.php\\\/2026\\\/04\\\/27\\\/caterpillar-com-nova-pa-carregadora-compacta\\\/#article\",\"isPartOf\":{\"@id\":\"https:\\\/\\\/automotiverevista.pt\\\/index.php\\\/2026\\\/04\\\/27\\\/caterpillar-com-nova-pa-carregadora-compacta\\\/\"},\"author\":{\"name\":\"Fatima Silva\",\"@id\":\"https:\\\/\\\/automotiverevista.pt\\\/#\\\/schema\\\/person\\\/1e95eb12553b8edd256acb00fe6dad4b\"},\"headline\":\"Caterpillar com nova p\u00e1-carregadora compacta\",\"datePublished\":\"2026-04-27T06:38:00+00:00\",\"mainEntityOfPage\":{\"@id\":\"https:\\\/\\\/automotiverevista.pt\\\/index.php\\\/2026\\\/04\\\/27\\\/caterpillar-com-nova-pa-carregadora-compacta\\\/\"},\"wordCount\":120,\"publisher\":{\"@id\":\"https:\\\/\\\/automotiverevista.pt\\\/#organization\"},\"image\":{\"@id\":\"https:\\\/\\\/automotiverevista.pt\\\/index.php\\\/2026\\\/04\\\/27\\\/caterpillar-com-nova-pa-carregadora-compacta\\\/#primaryimage\"},\"thumbnailUrl\":\"https:\\\/\\\/automotiverevista.pt\\\/wp-content\\\/uploads\\\/2026\\\/04\\\/CM20260225-62b19-c1a3d-1.jpg\",\"articleSection\":[\"Pesados e M\u00e1quinas\"],\"inLanguage\":\"pt-PT\"},{\"@type\":\"WebPage\",\"@id\":\"https:\\\/\\\/automotiverevista.pt\\\/index.php\\\/2026\\\/04\\\/27\\\/caterpillar-com-nova-pa-carregadora-compacta\\\/\",\"url\":\"https:\\\/\\\/automotiverevista.pt\\\/index.php\\\/2026\\\/04\\\/27\\\/caterpillar-com-nova-pa-carregadora-compacta\\\/\",\"name\":\"Caterpillar com nova p\u00e1-carregadora compacta - Revista Automotive\",\"isPartOf\":{\"@id\":\"https:\\\/\\\/automotiverevista.pt\\\/#website\"},\"primaryImageOfPage\":{\"@id\":\"https:\\\/\\\/automotiverevista.pt\\\/index.php\\\/2026\\\/04\\\/27\\\/caterpillar-com-nova-pa-carregadora-compacta\\\/#primaryimage\"},\"image\":{\"@id\":\"https:\\\/\\\/automotiverevista.pt\\\/index.php\\\/2026\\\/04\\\/27\\\/caterpillar-com-nova-pa-carregadora-compacta\\\/#primaryimage\"},\"thumbnailUrl\":\"https:\\\/\\\/automotiverevista.pt\\\/wp-content\\\/uploads\\\/2026\\\/04\\\/CM20260225-62b19-c1a3d-1.jpg\",\"datePublished\":\"2026-04-27T06:38:00+00:00\",\"description\":\"Ideal para espa\u00e7os confinados onde m\u00e1quinas de maiores dimens\u00f5es n\u00e3o conseguem transitar, a nova p\u00e1 carregadora compacta Cat TUL100 da Caterpi\",\"breadcrumb\":{\"@id\":\"https:\\\/\\\/automotiverevista.pt\\\/index.php\\\/2026\\\/04\\\/27\\\/caterpillar-com-nova-pa-carregadora-compacta\\\/#breadcrumb\"},\"inLanguage\":\"pt-PT\",\"potentialAction\":[{\"@type\":\"ReadAction\",\"target\":[\"https:\\\/\\\/automotiverevista.pt\\\/index.php\\\/2026\\\/04\\\/27\\\/caterpillar-com-nova-pa-carregadora-compacta\\\/\"]}]},{\"@type\":\"ImageObject\",\"inLanguage\":\"pt-PT\",\"@id\":\"https:\\\/\\\/automotiverevista.pt\\\/index.php\\\/2026\\\/04\\\/27\\\/caterpillar-com-nova-pa-carregadora-compacta\\\/#primaryimage\",\"url\":\"https:\\\/\\\/automotiverevista.pt\\\/wp-content\\\/uploads\\\/2026\\\/04\\\/CM20260225-62b19-c1a3d-1.jpg\",\"contentUrl\":\"https:\\\/\\\/automotiverevista.pt\\\/wp-content\\\/uploads\\\/2026\\\/04\\\/CM20260225-62b19-c1a3d-1.jpg\",\"width\":1500,\"height\":1000},{\"@type\":\"BreadcrumbList\",\"@id\":\"https:\\\/\\\/automotiverevista.pt\\\/index.php\\\/2026\\\/04\\\/27\\\/caterpillar-com-nova-pa-carregadora-compacta\\\/#breadcrumb\",\"itemListElement\":[{\"@type\":\"ListItem\",\"position\":1,\"name\":\"Home\",\"item\":\"https:\\\/\\\/automotiverevista.pt\\\/\"},{\"@type\":\"ListItem\",\"position\":2,\"name\":\"Caterpillar com nova p\u00e1-carregadora compacta\"}]},{\"@type\":\"WebSite\",\"@id\":\"https:\\\/\\\/automotiverevista.pt\\\/#website\",\"url\":\"https:\\\/\\\/automotiverevista.pt\\\/\",\"name\":\"Revista Automotive\",\"description\":\"Revista Automotive Portugal\",\"publisher\":{\"@id\":\"https:\\\/\\\/automotiverevista.pt\\\/#organization\"},\"potentialAction\":[{\"@type\":\"SearchAction\",\"target\":{\"@type\":\"EntryPoint\",\"urlTemplate\":\"https:\\\/\\\/automotiverevista.pt\\\/?s={search_term_string}\"},\"query-input\":{\"@type\":\"PropertyValueSpecification\",\"valueRequired\":true,\"valueName\":\"search_term_string\"}}],\"inLanguage\":\"pt-PT\"},{\"@type\":\"Organization\",\"@id\":\"https:\\\/\\\/automotiverevista.pt\\\/#organization\",\"name\":\"Revista Automotive Portugal\",\"url\":\"https:\\\/\\\/automotiverevista.pt\\\/\",\"logo\":{\"@type\":\"ImageObject\",\"inLanguage\":\"pt-PT\",\"@id\":\"https:\\\/\\\/automotiverevista.pt\\\/#\\\/schema\\\/logo\\\/image\\\/\",\"url\":\"https:\\\/\\\/automotiverevista.pt\\\/wp-content\\\/uploads\\\/2022\\\/07\\\/Logo-Automotive-2021_500-1.jpg\",\"contentUrl\":\"https:\\\/\\\/automotiverevista.pt\\\/wp-content\\\/uploads\\\/2022\\\/07\\\/Logo-Automotive-2021_500-1.jpg\",\"width\":500,\"height\":160,\"caption\":\"Revista Automotive Portugal\"},\"image\":{\"@id\":\"https:\\\/\\\/automotiverevista.pt\\\/#\\\/schema\\\/logo\\\/image\\\/\"},\"sameAs\":[\"https:\\\/\\\/linkedin.com\\\/in\\\/automotiverevista\"]},{\"@type\":\"Person\",\"@id\":\"https:\\\/\\\/automotiverevista.pt\\\/#\\\/schema\\\/person\\\/1e95eb12553b8edd256acb00fe6dad4b\",\"name\":\"Fatima Silva\",\"image\":{\"@type\":\"ImageObject\",\"inLanguage\":\"pt-PT\",\"@id\":\"https:\\\/\\\/secure.gravatar.com\\\/avatar\\\/4b4a955a9c1b66708ab0dd3bd6181ac1f650299d893bd337a28482f7f19c8511?s=96&d=mm&r=g\",\"url\":\"https:\\\/\\\/secure.gravatar.com\\\/avatar\\\/4b4a955a9c1b66708ab0dd3bd6181ac1f650299d893bd337a28482f7f19c8511?s=96&d=mm&r=g\",\"contentUrl\":\"https:\\\/\\\/secure.gravatar.com\\\/avatar\\\/4b4a955a9c1b66708ab0dd3bd6181ac1f650299d893bd337a28482f7f19c8511?s=96&d=mm&r=g\",\"caption\":\"Fatima Silva\"},\"url\":\"https:\\\/\\\/automotiverevista.pt\\\/index.php\\\/author\\\/fgasparsilva\\\/\"}]}<\/script>\n<!-- \/ Yoast SEO Premium plugin. -->","yoast_head_json":{"title":"Caterpillar com nova p\u00e1-carregadora compacta - Revista Automotive","description":"Ideal para espa\u00e7os confinados onde m\u00e1quinas de maiores dimens\u00f5es n\u00e3o conseguem transitar, a nova p\u00e1 carregadora compacta Cat TUL100 da Caterpi","robots":{"index":"index","follow":"follow","max-snippet":"max-snippet:-1","max-image-preview":"max-image-preview:large","max-video-preview":"max-video-preview:-1"},"canonical":"https:\/\/automotiverevista.pt\/index.php\/2026\/04\/27\/caterpillar-com-nova-pa-carregadora-compacta\/","og_locale":"pt_PT","og_type":"article","og_title":"Caterpillar com nova p\u00e1-carregadora compacta","og_description":"Ideal para espa\u00e7os confinados onde m\u00e1quinas de maiores dimens\u00f5es n\u00e3o conseguem transitar, a nova p\u00e1 carregadora compacta Cat TUL100 da Caterpi","og_url":"https:\/\/automotiverevista.pt\/index.php\/2026\/04\/27\/caterpillar-com-nova-pa-carregadora-compacta\/","og_site_name":"Revista Automotive","article_published_time":"2026-04-27T06:38:00+00:00","og_image":[{"width":1500,"height":1000,"url":"https:\/\/automotiverevista.pt\/wp-content\/uploads\/2026\/04\/CM20260225-62b19-c1a3d-1.jpg","type":"image\/jpeg"}],"author":"Fatima Silva","twitter_card":"summary_large_image","twitter_misc":{"Escrito por":"Fatima Silva","Tempo estimado de leitura":"2 minutos"},"schema":{"@context":"https:\/\/schema.org","@graph":[{"@type":"Article","@id":"https:\/\/automotiverevista.pt\/index.php\/2026\/04\/27\/caterpillar-com-nova-pa-carregadora-compacta\/#article","isPartOf":{"@id":"https:\/\/automotiverevista.pt\/index.php\/2026\/04\/27\/caterpillar-com-nova-pa-carregadora-compacta\/"},"author":{"name":"Fatima Silva","@id":"https:\/\/automotiverevista.pt\/#\/schema\/person\/1e95eb12553b8edd256acb00fe6dad4b"},"headline":"Caterpillar com nova p\u00e1-carregadora compacta","datePublished":"2026-04-27T06:38:00+00:00","mainEntityOfPage":{"@id":"https:\/\/automotiverevista.pt\/index.php\/2026\/04\/27\/caterpillar-com-nova-pa-carregadora-compacta\/"},"wordCount":120,"publisher":{"@id":"https:\/\/automotiverevista.pt\/#organization"},"image":{"@id":"https:\/\/automotiverevista.pt\/index.php\/2026\/04\/27\/caterpillar-com-nova-pa-carregadora-compacta\/#primaryimage"},"thumbnailUrl":"https:\/\/automotiverevista.pt\/wp-content\/uploads\/2026\/04\/CM20260225-62b19-c1a3d-1.jpg","articleSection":["Pesados e M\u00e1quinas"],"inLanguage":"pt-PT"},{"@type":"WebPage","@id":"https:\/\/automotiverevista.pt\/index.php\/2026\/04\/27\/caterpillar-com-nova-pa-carregadora-compacta\/","url":"https:\/\/automotiverevista.pt\/index.php\/2026\/04\/27\/caterpillar-com-nova-pa-carregadora-compacta\/","name":"Caterpillar com nova p\u00e1-carregadora compacta - Revista Automotive","isPartOf":{"@id":"https:\/\/automotiverevista.pt\/#website"},"primaryImageOfPage":{"@id":"https:\/\/automotiverevista.pt\/index.php\/2026\/04\/27\/caterpillar-com-nova-pa-carregadora-compacta\/#primaryimage"},"image":{"@id":"https:\/\/automotiverevista.pt\/index.php\/2026\/04\/27\/caterpillar-com-nova-pa-carregadora-compacta\/#primaryimage"},"thumbnailUrl":"https:\/\/automotiverevista.pt\/wp-content\/uploads\/2026\/04\/CM20260225-62b19-c1a3d-1.jpg","datePublished":"2026-04-27T06:38:00+00:00","description":"Ideal para espa\u00e7os confinados onde m\u00e1quinas de maiores dimens\u00f5es n\u00e3o conseguem transitar, a nova p\u00e1 carregadora compacta Cat TUL100 da Caterpi","breadcrumb":{"@id":"https:\/\/automotiverevista.pt\/index.php\/2026\/04\/27\/caterpillar-com-nova-pa-carregadora-compacta\/#breadcrumb"},"inLanguage":"pt-PT","potentialAction":[{"@type":"ReadAction","target":["https:\/\/automotiverevista.pt\/index.php\/2026\/04\/27\/caterpillar-com-nova-pa-carregadora-compacta\/"]}]},{"@type":"ImageObject","inLanguage":"pt-PT","@id":"https:\/\/automotiverevista.pt\/index.php\/2026\/04\/27\/caterpillar-com-nova-pa-carregadora-compacta\/#primaryimage","url":"https:\/\/automotiverevista.pt\/wp-content\/uploads\/2026\/04\/CM20260225-62b19-c1a3d-1.jpg","contentUrl":"https:\/\/automotiverevista.pt\/wp-content\/uploads\/2026\/04\/CM20260225-62b19-c1a3d-1.jpg","width":1500,"height":1000},{"@type":"BreadcrumbList","@id":"https:\/\/automotiverevista.pt\/index.php\/2026\/04\/27\/caterpillar-com-nova-pa-carregadora-compacta\/#breadcrumb","itemListElement":[{"@type":"ListItem","position":1,"name":"Home","item":"https:\/\/automotiverevista.pt\/"},{"@type":"ListItem","position":2,"name":"Caterpillar com nova p\u00e1-carregadora compacta"}]},{"@type":"WebSite","@id":"https:\/\/automotiverevista.pt\/#website","url":"https:\/\/automotiverevista.pt\/","name":"Revista Automotive","description":"Revista Automotive Portugal","publisher":{"@id":"https:\/\/automotiverevista.pt\/#organization"},"potentialAction":[{"@type":"SearchAction","target":{"@type":"EntryPoint","urlTemplate":"https:\/\/automotiverevista.pt\/?s={search_term_string}"},"query-input":{"@type":"PropertyValueSpecification","valueRequired":true,"valueName":"search_term_string"}}],"inLanguage":"pt-PT"},{"@type":"Organization","@id":"https:\/\/automotiverevista.pt\/#organization","name":"Revista Automotive Portugal","url":"https:\/\/automotiverevista.pt\/","logo":{"@type":"ImageObject","inLanguage":"pt-PT","@id":"https:\/\/automotiverevista.pt\/#\/schema\/logo\/image\/","url":"https:\/\/automotiverevista.pt\/wp-content\/uploads\/2022\/07\/Logo-Automotive-2021_500-1.jpg","contentUrl":"https:\/\/automotiverevista.pt\/wp-content\/uploads\/2022\/07\/Logo-Automotive-2021_500-1.jpg","width":500,"height":160,"caption":"Revista Automotive Portugal"},"image":{"@id":"https:\/\/automotiverevista.pt\/#\/schema\/logo\/image\/"},"sameAs":["https:\/\/linkedin.com\/in\/automotiverevista"]},{"@type":"Person","@id":"https:\/\/automotiverevista.pt\/#\/schema\/person\/1e95eb12553b8edd256acb00fe6dad4b","name":"Fatima Silva","image":{"@type":"ImageObject","inLanguage":"pt-PT","@id":"https:\/\/secure.gravatar.com\/avatar\/4b4a955a9c1b66708ab0dd3bd6181ac1f650299d893bd337a28482f7f19c8511?s=96&d=mm&r=g","url":"https:\/\/secure.gravatar.com\/avatar\/4b4a955a9c1b66708ab0dd3bd6181ac1f650299d893bd337a28482f7f19c8511?s=96&d=mm&r=g","contentUrl":"https:\/\/secure.gravatar.com\/avatar\/4b4a955a9c1b66708ab0dd3bd6181ac1f650299d893bd337a28482f7f19c8511?s=96&d=mm&r=g","caption":"Fatima Silva"},"url":"https:\/\/automotiverevista.pt\/index.php\/author\/fgasparsilva\/"}]}},"_links":{"self":[{"href":"https:\/\/automotiverevista.pt\/index.php\/wp-json\/wp\/v2\/posts\/13026","targetHints":{"allow":["GET"]}}],"collection":[{"href":"https:\/\/automotiverevista.pt\/index.php\/wp-json\/wp\/v2\/posts"}],"about":[{"href":"https:\/\/automotiverevista.pt\/index.php\/wp-json\/wp\/v2\/types\/post"}],"author":[{"embeddable":true,"href":"https:\/\/automotiverevista.pt\/index.php\/wp-json\/wp\/v2\/users\/4"}],"replies":[{"embeddable":true,"href":"https:\/\/automotiverevista.pt\/index.php\/wp-json\/wp\/v2\/comments?post=13026"}],"version-history":[{"count":1,"href":"https:\/\/automotiverevista.pt\/index.php\/wp-json\/wp\/v2\/posts\/13026\/revisions"}],"predecessor-version":[{"id":13029,"href":"https:\/\/automotiverevista.pt\/index.php\/wp-json\/wp\/v2\/posts\/13026\/revisions\/13029"}],"wp:featuredmedia":[{"embeddable":true,"href":"https:\/\/automotiverevista.pt\/index.php\/wp-json\/wp\/v2\/media\/13027"}],"wp:attachment":[{"href":"https:\/\/automotiverevista.pt\/index.php\/wp-json\/wp\/v2\/media?parent=13026"}],"wp:term":[{"taxonomy":"category","embeddable":true,"href":"https:\/\/automotiverevista.pt\/index.php\/wp-json\/wp\/v2\/categories?post=13026"},{"taxonomy":"post_tag","embeddable":true,"href":"https:\/\/automotiverevista.pt\/index.php\/wp-json\/wp\/v2\/tags?post=13026"}],"curies":[{"name":"wp","href":"https:\/\/api.w.org\/{rel}","templated":true}]}}