{"id":13096,"date":"2026-04-28T06:59:00","date_gmt":"2026-04-28T06:59:00","guid":{"rendered":"https:\/\/automotiverevista.pt\/?p=13096"},"modified":"2026-04-27T20:01:14","modified_gmt":"2026-04-27T20:01:14","slug":"citroen-celebra-50-anos-do-2cv-spot-em-tons-laranja","status":"publish","type":"post","link":"https:\/\/automotiverevista.pt\/index.php\/2026\/04\/28\/citroen-celebra-50-anos-do-2cv-spot-em-tons-laranja\/","title":{"rendered":"Citroen celebra 50 anos do 2CV Spot em tons laranja"},"content":{"rendered":"\n<p>A hist\u00f3ria do 2 CV Spot come\u00e7a em 1974, no atelier do designer Serge Gevin, que apresentou \u00e0 Citro\u00ebn dois projetos com universos crom\u00e1ticos bem distintos. O primeiro com contrastes<a href=\"https:\/\/automotiverevista.pt\/index.php\/2025\/10\/27\/novo-citroen-c5-aircross-com-versao-para-frotas\/\"> sombreados e desportivos.<\/a> O segundo, aquele que acabaria por ser escolhido, prop\u00f4s um ambiente totalmente diferente: um 2 CV laranja com guarda-lamas brancos, cuja capota e pain\u00e9is das portas apresentam riscas laranja e brancas que lembram a lona de uma espregui\u00e7adeira \u00e0 beira-mar, transmitindo assim uma imagem alegre e estival.<\/p>\n\n\n<div class=\"wp-block-image\">\n<figure class=\"alignleft size-full is-resized\"><img decoding=\"async\" width=\"357\" height=\"448\" src=\"https:\/\/automotiverevista.pt\/wp-content\/uploads\/2026\/04\/Capturar-2.jpg\" alt=\"\" class=\"wp-image-13100\" style=\"aspect-ratio:0.7968811387470156;width:432px;height:auto\" srcset=\"https:\/\/automotiverevista.pt\/wp-content\/uploads\/2026\/04\/Capturar-2.jpg 357w, https:\/\/automotiverevista.pt\/wp-content\/uploads\/2026\/04\/Capturar-2-239x300.jpg 239w\" sizes=\"(max-width: 357px) 100vw, 357px\" \/><\/figure>\n<\/div>\n\n\n<p>Foram necess\u00e1rios quase dois anos para que a ideia ganhasse forma. Em janeiro de 1976, o prot\u00f3tipo definitivo \u00e9 fotografado na costa normanda, no porto de Honfleur, em pleno inverno. Uma escolha de cen\u00e1rio que garante a discri\u00e7\u00e3o, uma vez que poucos turistas est\u00e3o presentes nesta \u00e9poca do ano para reparar no <a href=\"https:\/\/www.youtube.com\/@AutomotiveRevista\/videos\">pequeno carro<\/a> laranja e branco estacionado em frente \u00e0 capitania. As pe\u00e7as espec\u00edficas foram validadas e a fabrica\u00e7\u00e3o programada na f\u00e1brica da Citro\u00ebn em Levallois, onde a produ\u00e7\u00e3o teve in\u00edcio no final de fevereiro de 1976.<\/p>\n\n\n\n<p>Quanto \u00e0 sua denomina\u00e7\u00e3o, o <a href=\"https:\/\/automotiverevista.pt\/index.php\/2024\/06\/21\/filinto-mota-90-anos-de-sucesso-ligados-a-citroen\/\">modelo esteve <\/a>muito perto de se chamar \u201cTransat\u201d, um termo idealizado por Micheline Gevin e perfeitamente coerente com o esp\u00edrito balnear do projeto. Como esse nome j\u00e1 estava registado em Fran\u00e7a, a Citro\u00ebn optou por substitu\u00ed-lo por \u201cSpot\u201d.<\/p>\n\n\n\n<p><strong>Uma estrela na cor laranja<\/strong><\/p>\n\n\n\n<p>O que mais impressiona no 2 CV Spot \u00e9 a coer\u00eancia da sua identidade. Cada detalhe foi pensado para formar um conjunto harmonioso: a carro\u00e7aria bicolor em Laranja T\u00e9n\u00e9r\u00e9 e Branco Meije, o toldo \u00e0s riscas laranja e branco fixado por cima dos bancos dianteiros, os pain\u00e9is das portas com o mesmo padr\u00e3o bicolor, as jantes em a\u00e7o inoxid\u00e1vel herdadas do Dyane e os estofos em tecido jersey Laranja V\u00e9nitien com bancos dianteiros separados. Em cada porta dianteira, um autocolante \u201cSpot\u201d completa o conjunto em branco sobre uma faixa laranja. O modelo tem como base um 2 CV 4, cujo motor de 435 cm\u00b3 lhe permite ultrapassar os 100 km\/h, com um consumo moderado de 5,4 litros, adequado ao uso quotidiano da \u00e9poca. O pre\u00e7o de venda \u00e9 de 13.600 francos.<\/p>\n\n\n\n<p>O lan\u00e7amento, a 10 de abril de 1976, esteve \u00e0 altura do evento. Pela primeira vez, a Citro\u00ebn organizou um concurso nacional de apresenta\u00e7\u00e3o em toda a sua rede, transformando o lan\u00e7amento de uma s\u00e9rie limitada num verdadeiro evento comercial. A resposta do p\u00fablico foi imediata e inequ\u00edvoca: as primeiras encomendas come\u00e7aram a chegar logo ap\u00f3s a abertura das portas, e o stock dispon\u00edvel esgotou-se em poucos dias.<\/p>\n\n\n\n<p>Cinquenta anos depois, o 2 CV Spot ser\u00e1 uma das estrelas da Nationale 2 CV 2026 em Villiers-sur-Loir (a ser realizado de 13 a 17 de maio), um grande encontro que reunir\u00e1 cerca de 3.000 modelos 2 CV, e ser\u00e1 destaque no cartaz do sal\u00e3o Epoqu&#8217;auto em Lyon (6 a 8 de novembro de 2026). Dois eventos que contam com a participa\u00e7\u00e3o da L\u2019Aventure Citro\u00ebn, a associa\u00e7\u00e3o respons\u00e1vel pela preserva\u00e7\u00e3o e valoriza\u00e7\u00e3o do patrim\u00f3nio Citro\u00ebn.<\/p>\n","protected":false},"excerpt":{"rendered":"<p>A hist\u00f3ria do 2 CV Spot come\u00e7a em 1974, no atelier do designer Serge Gevin, que apresentou \u00e0 Citro\u00ebn dois projetos com universos crom\u00e1ticos bem distintos. O primeiro com contrastes sombreados e desportivos. O segundo, aquele que acabaria por ser escolhido, prop\u00f4s um ambiente totalmente diferente: um 2 CV laranja com guarda-lamas brancos, cuja capota [&hellip;]<\/p>\n","protected":false},"author":4,"featured_media":13097,"comment_status":"closed","ping_status":"open","sticky":false,"template":"","format":"standard","meta":{"jnews-multi-image_gallery":[],"jnews_single_post":{"format":"standard"},"jnews_primary_category":[],"footnotes":""},"categories":[29,23],"tags":[],"class_list":["post-13096","post","type-post","status-publish","format-standard","has-post-thumbnail","hentry","category-eventos","category-frotas"],"yoast_head":"<!-- This site is optimized with the Yoast SEO Premium plugin v27.2 (Yoast SEO v27.5) - https:\/\/yoast.com\/product\/yoast-seo-premium-wordpress\/ -->\n<title>Citroen celebra 50 anos do 2CV Spot em tons laranja - Revista Automotive<\/title>\n<meta name=\"description\" content=\"A hist\u00f3ria do 2 CV Spot come\u00e7a em 1974, no atelier do designer Serge Gevin, que apresentou \u00e0 Citro\u00ebn dois projetos com universos crom\u00e1ticos d\" \/>\n<meta name=\"robots\" content=\"index, follow, max-snippet:-1, max-image-preview:large, max-video-preview:-1\" \/>\n<link rel=\"canonical\" href=\"https:\/\/automotiverevista.pt\/index.php\/2026\/04\/28\/citroen-celebra-50-anos-do-2cv-spot-em-tons-laranja\/\" \/>\n<meta property=\"og:locale\" content=\"pt_PT\" \/>\n<meta property=\"og:type\" content=\"article\" \/>\n<meta property=\"og:title\" content=\"Citroen celebra 50 anos do 2CV Spot em tons laranja\" \/>\n<meta property=\"og:description\" content=\"A hist\u00f3ria do 2 CV Spot come\u00e7a em 1974, no atelier do designer Serge Gevin, que apresentou \u00e0 Citro\u00ebn dois projetos com universos crom\u00e1ticos d\" \/>\n<meta property=\"og:url\" content=\"https:\/\/automotiverevista.pt\/index.php\/2026\/04\/28\/citroen-celebra-50-anos-do-2cv-spot-em-tons-laranja\/\" \/>\n<meta property=\"og:site_name\" content=\"Revista Automotive\" \/>\n<meta property=\"article:published_time\" content=\"2026-04-28T06:59:00+00:00\" \/>\n<meta property=\"og:image\" content=\"https:\/\/automotiverevista.pt\/wp-content\/uploads\/2026\/04\/Image8-scaled.jpg\" \/>\n\t<meta property=\"og:image:width\" content=\"2560\" \/>\n\t<meta property=\"og:image:height\" content=\"1709\" \/>\n\t<meta property=\"og:image:type\" content=\"image\/jpeg\" \/>\n<meta name=\"author\" content=\"Fatima Silva\" \/>\n<meta name=\"twitter:card\" content=\"summary_large_image\" \/>\n<meta name=\"twitter:label1\" content=\"Escrito por\" \/>\n\t<meta name=\"twitter:data1\" content=\"Fatima Silva\" \/>\n\t<meta name=\"twitter:label2\" content=\"Tempo estimado de leitura\" \/>\n\t<meta name=\"twitter:data2\" content=\"4 minutos\" \/>\n<script type=\"application\/ld+json\" class=\"yoast-schema-graph\">{\"@context\":\"https:\\\/\\\/schema.org\",\"@graph\":[{\"@type\":\"Article\",\"@id\":\"https:\\\/\\\/automotiverevista.pt\\\/index.php\\\/2026\\\/04\\\/28\\\/citroen-celebra-50-anos-do-2cv-spot-em-tons-laranja\\\/#article\",\"isPartOf\":{\"@id\":\"https:\\\/\\\/automotiverevista.pt\\\/index.php\\\/2026\\\/04\\\/28\\\/citroen-celebra-50-anos-do-2cv-spot-em-tons-laranja\\\/\"},\"author\":{\"name\":\"Fatima Silva\",\"@id\":\"https:\\\/\\\/automotiverevista.pt\\\/#\\\/schema\\\/person\\\/1e95eb12553b8edd256acb00fe6dad4b\"},\"headline\":\"Citroen celebra 50 anos do 2CV Spot em tons laranja\",\"datePublished\":\"2026-04-28T06:59:00+00:00\",\"mainEntityOfPage\":{\"@id\":\"https:\\\/\\\/automotiverevista.pt\\\/index.php\\\/2026\\\/04\\\/28\\\/citroen-celebra-50-anos-do-2cv-spot-em-tons-laranja\\\/\"},\"wordCount\":522,\"publisher\":{\"@id\":\"https:\\\/\\\/automotiverevista.pt\\\/#organization\"},\"image\":{\"@id\":\"https:\\\/\\\/automotiverevista.pt\\\/index.php\\\/2026\\\/04\\\/28\\\/citroen-celebra-50-anos-do-2cv-spot-em-tons-laranja\\\/#primaryimage\"},\"thumbnailUrl\":\"https:\\\/\\\/automotiverevista.pt\\\/wp-content\\\/uploads\\\/2026\\\/04\\\/Image8-scaled.jpg\",\"articleSection\":[\"Eventos\",\"Frotas\"],\"inLanguage\":\"pt-PT\"},{\"@type\":\"WebPage\",\"@id\":\"https:\\\/\\\/automotiverevista.pt\\\/index.php\\\/2026\\\/04\\\/28\\\/citroen-celebra-50-anos-do-2cv-spot-em-tons-laranja\\\/\",\"url\":\"https:\\\/\\\/automotiverevista.pt\\\/index.php\\\/2026\\\/04\\\/28\\\/citroen-celebra-50-anos-do-2cv-spot-em-tons-laranja\\\/\",\"name\":\"Citroen celebra 50 anos do 2CV Spot em tons laranja - Revista Automotive\",\"isPartOf\":{\"@id\":\"https:\\\/\\\/automotiverevista.pt\\\/#website\"},\"primaryImageOfPage\":{\"@id\":\"https:\\\/\\\/automotiverevista.pt\\\/index.php\\\/2026\\\/04\\\/28\\\/citroen-celebra-50-anos-do-2cv-spot-em-tons-laranja\\\/#primaryimage\"},\"image\":{\"@id\":\"https:\\\/\\\/automotiverevista.pt\\\/index.php\\\/2026\\\/04\\\/28\\\/citroen-celebra-50-anos-do-2cv-spot-em-tons-laranja\\\/#primaryimage\"},\"thumbnailUrl\":\"https:\\\/\\\/automotiverevista.pt\\\/wp-content\\\/uploads\\\/2026\\\/04\\\/Image8-scaled.jpg\",\"datePublished\":\"2026-04-28T06:59:00+00:00\",\"description\":\"A hist\u00f3ria do 2 CV Spot come\u00e7a em 1974, no atelier do designer Serge Gevin, que apresentou \u00e0 Citro\u00ebn dois projetos com universos crom\u00e1ticos d\",\"breadcrumb\":{\"@id\":\"https:\\\/\\\/automotiverevista.pt\\\/index.php\\\/2026\\\/04\\\/28\\\/citroen-celebra-50-anos-do-2cv-spot-em-tons-laranja\\\/#breadcrumb\"},\"inLanguage\":\"pt-PT\",\"potentialAction\":[{\"@type\":\"ReadAction\",\"target\":[\"https:\\\/\\\/automotiverevista.pt\\\/index.php\\\/2026\\\/04\\\/28\\\/citroen-celebra-50-anos-do-2cv-spot-em-tons-laranja\\\/\"]}]},{\"@type\":\"ImageObject\",\"inLanguage\":\"pt-PT\",\"@id\":\"https:\\\/\\\/automotiverevista.pt\\\/index.php\\\/2026\\\/04\\\/28\\\/citroen-celebra-50-anos-do-2cv-spot-em-tons-laranja\\\/#primaryimage\",\"url\":\"https:\\\/\\\/automotiverevista.pt\\\/wp-content\\\/uploads\\\/2026\\\/04\\\/Image8-scaled.jpg\",\"contentUrl\":\"https:\\\/\\\/automotiverevista.pt\\\/wp-content\\\/uploads\\\/2026\\\/04\\\/Image8-scaled.jpg\",\"width\":2560,\"height\":1709},{\"@type\":\"BreadcrumbList\",\"@id\":\"https:\\\/\\\/automotiverevista.pt\\\/index.php\\\/2026\\\/04\\\/28\\\/citroen-celebra-50-anos-do-2cv-spot-em-tons-laranja\\\/#breadcrumb\",\"itemListElement\":[{\"@type\":\"ListItem\",\"position\":1,\"name\":\"Home\",\"item\":\"https:\\\/\\\/automotiverevista.pt\\\/\"},{\"@type\":\"ListItem\",\"position\":2,\"name\":\"Citroen celebra 50 anos do 2CV Spot em tons laranja\"}]},{\"@type\":\"WebSite\",\"@id\":\"https:\\\/\\\/automotiverevista.pt\\\/#website\",\"url\":\"https:\\\/\\\/automotiverevista.pt\\\/\",\"name\":\"Revista Automotive\",\"description\":\"Revista Automotive Portugal\",\"publisher\":{\"@id\":\"https:\\\/\\\/automotiverevista.pt\\\/#organization\"},\"potentialAction\":[{\"@type\":\"SearchAction\",\"target\":{\"@type\":\"EntryPoint\",\"urlTemplate\":\"https:\\\/\\\/automotiverevista.pt\\\/?s={search_term_string}\"},\"query-input\":{\"@type\":\"PropertyValueSpecification\",\"valueRequired\":true,\"valueName\":\"search_term_string\"}}],\"inLanguage\":\"pt-PT\"},{\"@type\":\"Organization\",\"@id\":\"https:\\\/\\\/automotiverevista.pt\\\/#organization\",\"name\":\"Revista Automotive Portugal\",\"url\":\"https:\\\/\\\/automotiverevista.pt\\\/\",\"logo\":{\"@type\":\"ImageObject\",\"inLanguage\":\"pt-PT\",\"@id\":\"https:\\\/\\\/automotiverevista.pt\\\/#\\\/schema\\\/logo\\\/image\\\/\",\"url\":\"https:\\\/\\\/automotiverevista.pt\\\/wp-content\\\/uploads\\\/2022\\\/07\\\/Logo-Automotive-2021_500-1.jpg\",\"contentUrl\":\"https:\\\/\\\/automotiverevista.pt\\\/wp-content\\\/uploads\\\/2022\\\/07\\\/Logo-Automotive-2021_500-1.jpg\",\"width\":500,\"height\":160,\"caption\":\"Revista Automotive Portugal\"},\"image\":{\"@id\":\"https:\\\/\\\/automotiverevista.pt\\\/#\\\/schema\\\/logo\\\/image\\\/\"},\"sameAs\":[\"https:\\\/\\\/linkedin.com\\\/in\\\/automotiverevista\"]},{\"@type\":\"Person\",\"@id\":\"https:\\\/\\\/automotiverevista.pt\\\/#\\\/schema\\\/person\\\/1e95eb12553b8edd256acb00fe6dad4b\",\"name\":\"Fatima Silva\",\"image\":{\"@type\":\"ImageObject\",\"inLanguage\":\"pt-PT\",\"@id\":\"https:\\\/\\\/secure.gravatar.com\\\/avatar\\\/4b4a955a9c1b66708ab0dd3bd6181ac1f650299d893bd337a28482f7f19c8511?s=96&d=mm&r=g\",\"url\":\"https:\\\/\\\/secure.gravatar.com\\\/avatar\\\/4b4a955a9c1b66708ab0dd3bd6181ac1f650299d893bd337a28482f7f19c8511?s=96&d=mm&r=g\",\"contentUrl\":\"https:\\\/\\\/secure.gravatar.com\\\/avatar\\\/4b4a955a9c1b66708ab0dd3bd6181ac1f650299d893bd337a28482f7f19c8511?s=96&d=mm&r=g\",\"caption\":\"Fatima Silva\"},\"url\":\"https:\\\/\\\/automotiverevista.pt\\\/index.php\\\/author\\\/fgasparsilva\\\/\"}]}<\/script>\n<!-- \/ Yoast SEO Premium plugin. -->","yoast_head_json":{"title":"Citroen celebra 50 anos do 2CV Spot em tons laranja - Revista Automotive","description":"A hist\u00f3ria do 2 CV Spot come\u00e7a em 1974, no atelier do designer Serge Gevin, que apresentou \u00e0 Citro\u00ebn dois projetos com universos crom\u00e1ticos d","robots":{"index":"index","follow":"follow","max-snippet":"max-snippet:-1","max-image-preview":"max-image-preview:large","max-video-preview":"max-video-preview:-1"},"canonical":"https:\/\/automotiverevista.pt\/index.php\/2026\/04\/28\/citroen-celebra-50-anos-do-2cv-spot-em-tons-laranja\/","og_locale":"pt_PT","og_type":"article","og_title":"Citroen celebra 50 anos do 2CV Spot em tons laranja","og_description":"A hist\u00f3ria do 2 CV Spot come\u00e7a em 1974, no atelier do designer Serge Gevin, que apresentou \u00e0 Citro\u00ebn dois projetos com universos crom\u00e1ticos d","og_url":"https:\/\/automotiverevista.pt\/index.php\/2026\/04\/28\/citroen-celebra-50-anos-do-2cv-spot-em-tons-laranja\/","og_site_name":"Revista Automotive","article_published_time":"2026-04-28T06:59:00+00:00","og_image":[{"width":2560,"height":1709,"url":"https:\/\/automotiverevista.pt\/wp-content\/uploads\/2026\/04\/Image8-scaled.jpg","type":"image\/jpeg"}],"author":"Fatima Silva","twitter_card":"summary_large_image","twitter_misc":{"Escrito por":"Fatima Silva","Tempo estimado de leitura":"4 minutos"},"schema":{"@context":"https:\/\/schema.org","@graph":[{"@type":"Article","@id":"https:\/\/automotiverevista.pt\/index.php\/2026\/04\/28\/citroen-celebra-50-anos-do-2cv-spot-em-tons-laranja\/#article","isPartOf":{"@id":"https:\/\/automotiverevista.pt\/index.php\/2026\/04\/28\/citroen-celebra-50-anos-do-2cv-spot-em-tons-laranja\/"},"author":{"name":"Fatima Silva","@id":"https:\/\/automotiverevista.pt\/#\/schema\/person\/1e95eb12553b8edd256acb00fe6dad4b"},"headline":"Citroen celebra 50 anos do 2CV Spot em tons laranja","datePublished":"2026-04-28T06:59:00+00:00","mainEntityOfPage":{"@id":"https:\/\/automotiverevista.pt\/index.php\/2026\/04\/28\/citroen-celebra-50-anos-do-2cv-spot-em-tons-laranja\/"},"wordCount":522,"publisher":{"@id":"https:\/\/automotiverevista.pt\/#organization"},"image":{"@id":"https:\/\/automotiverevista.pt\/index.php\/2026\/04\/28\/citroen-celebra-50-anos-do-2cv-spot-em-tons-laranja\/#primaryimage"},"thumbnailUrl":"https:\/\/automotiverevista.pt\/wp-content\/uploads\/2026\/04\/Image8-scaled.jpg","articleSection":["Eventos","Frotas"],"inLanguage":"pt-PT"},{"@type":"WebPage","@id":"https:\/\/automotiverevista.pt\/index.php\/2026\/04\/28\/citroen-celebra-50-anos-do-2cv-spot-em-tons-laranja\/","url":"https:\/\/automotiverevista.pt\/index.php\/2026\/04\/28\/citroen-celebra-50-anos-do-2cv-spot-em-tons-laranja\/","name":"Citroen celebra 50 anos do 2CV Spot em tons laranja - Revista Automotive","isPartOf":{"@id":"https:\/\/automotiverevista.pt\/#website"},"primaryImageOfPage":{"@id":"https:\/\/automotiverevista.pt\/index.php\/2026\/04\/28\/citroen-celebra-50-anos-do-2cv-spot-em-tons-laranja\/#primaryimage"},"image":{"@id":"https:\/\/automotiverevista.pt\/index.php\/2026\/04\/28\/citroen-celebra-50-anos-do-2cv-spot-em-tons-laranja\/#primaryimage"},"thumbnailUrl":"https:\/\/automotiverevista.pt\/wp-content\/uploads\/2026\/04\/Image8-scaled.jpg","datePublished":"2026-04-28T06:59:00+00:00","description":"A hist\u00f3ria do 2 CV Spot come\u00e7a em 1974, no atelier do designer Serge Gevin, que apresentou \u00e0 Citro\u00ebn dois projetos com universos crom\u00e1ticos d","breadcrumb":{"@id":"https:\/\/automotiverevista.pt\/index.php\/2026\/04\/28\/citroen-celebra-50-anos-do-2cv-spot-em-tons-laranja\/#breadcrumb"},"inLanguage":"pt-PT","potentialAction":[{"@type":"ReadAction","target":["https:\/\/automotiverevista.pt\/index.php\/2026\/04\/28\/citroen-celebra-50-anos-do-2cv-spot-em-tons-laranja\/"]}]},{"@type":"ImageObject","inLanguage":"pt-PT","@id":"https:\/\/automotiverevista.pt\/index.php\/2026\/04\/28\/citroen-celebra-50-anos-do-2cv-spot-em-tons-laranja\/#primaryimage","url":"https:\/\/automotiverevista.pt\/wp-content\/uploads\/2026\/04\/Image8-scaled.jpg","contentUrl":"https:\/\/automotiverevista.pt\/wp-content\/uploads\/2026\/04\/Image8-scaled.jpg","width":2560,"height":1709},{"@type":"BreadcrumbList","@id":"https:\/\/automotiverevista.pt\/index.php\/2026\/04\/28\/citroen-celebra-50-anos-do-2cv-spot-em-tons-laranja\/#breadcrumb","itemListElement":[{"@type":"ListItem","position":1,"name":"Home","item":"https:\/\/automotiverevista.pt\/"},{"@type":"ListItem","position":2,"name":"Citroen celebra 50 anos do 2CV Spot em tons laranja"}]},{"@type":"WebSite","@id":"https:\/\/automotiverevista.pt\/#website","url":"https:\/\/automotiverevista.pt\/","name":"Revista Automotive","description":"Revista Automotive Portugal","publisher":{"@id":"https:\/\/automotiverevista.pt\/#organization"},"potentialAction":[{"@type":"SearchAction","target":{"@type":"EntryPoint","urlTemplate":"https:\/\/automotiverevista.pt\/?s={search_term_string}"},"query-input":{"@type":"PropertyValueSpecification","valueRequired":true,"valueName":"search_term_string"}}],"inLanguage":"pt-PT"},{"@type":"Organization","@id":"https:\/\/automotiverevista.pt\/#organization","name":"Revista Automotive Portugal","url":"https:\/\/automotiverevista.pt\/","logo":{"@type":"ImageObject","inLanguage":"pt-PT","@id":"https:\/\/automotiverevista.pt\/#\/schema\/logo\/image\/","url":"https:\/\/automotiverevista.pt\/wp-content\/uploads\/2022\/07\/Logo-Automotive-2021_500-1.jpg","contentUrl":"https:\/\/automotiverevista.pt\/wp-content\/uploads\/2022\/07\/Logo-Automotive-2021_500-1.jpg","width":500,"height":160,"caption":"Revista Automotive Portugal"},"image":{"@id":"https:\/\/automotiverevista.pt\/#\/schema\/logo\/image\/"},"sameAs":["https:\/\/linkedin.com\/in\/automotiverevista"]},{"@type":"Person","@id":"https:\/\/automotiverevista.pt\/#\/schema\/person\/1e95eb12553b8edd256acb00fe6dad4b","name":"Fatima Silva","image":{"@type":"ImageObject","inLanguage":"pt-PT","@id":"https:\/\/secure.gravatar.com\/avatar\/4b4a955a9c1b66708ab0dd3bd6181ac1f650299d893bd337a28482f7f19c8511?s=96&d=mm&r=g","url":"https:\/\/secure.gravatar.com\/avatar\/4b4a955a9c1b66708ab0dd3bd6181ac1f650299d893bd337a28482f7f19c8511?s=96&d=mm&r=g","contentUrl":"https:\/\/secure.gravatar.com\/avatar\/4b4a955a9c1b66708ab0dd3bd6181ac1f650299d893bd337a28482f7f19c8511?s=96&d=mm&r=g","caption":"Fatima Silva"},"url":"https:\/\/automotiverevista.pt\/index.php\/author\/fgasparsilva\/"}]}},"_links":{"self":[{"href":"https:\/\/automotiverevista.pt\/index.php\/wp-json\/wp\/v2\/posts\/13096","targetHints":{"allow":["GET"]}}],"collection":[{"href":"https:\/\/automotiverevista.pt\/index.php\/wp-json\/wp\/v2\/posts"}],"about":[{"href":"https:\/\/automotiverevista.pt\/index.php\/wp-json\/wp\/v2\/types\/post"}],"author":[{"embeddable":true,"href":"https:\/\/automotiverevista.pt\/index.php\/wp-json\/wp\/v2\/users\/4"}],"replies":[{"embeddable":true,"href":"https:\/\/automotiverevista.pt\/index.php\/wp-json\/wp\/v2\/comments?post=13096"}],"version-history":[{"count":3,"href":"https:\/\/automotiverevista.pt\/index.php\/wp-json\/wp\/v2\/posts\/13096\/revisions"}],"predecessor-version":[{"id":13103,"href":"https:\/\/automotiverevista.pt\/index.php\/wp-json\/wp\/v2\/posts\/13096\/revisions\/13103"}],"wp:featuredmedia":[{"embeddable":true,"href":"https:\/\/automotiverevista.pt\/index.php\/wp-json\/wp\/v2\/media\/13097"}],"wp:attachment":[{"href":"https:\/\/automotiverevista.pt\/index.php\/wp-json\/wp\/v2\/media?parent=13096"}],"wp:term":[{"taxonomy":"category","embeddable":true,"href":"https:\/\/automotiverevista.pt\/index.php\/wp-json\/wp\/v2\/categories?post=13096"},{"taxonomy":"post_tag","embeddable":true,"href":"https:\/\/automotiverevista.pt\/index.php\/wp-json\/wp\/v2\/tags?post=13096"}],"curies":[{"name":"wp","href":"https:\/\/api.w.org\/{rel}","templated":true}]}}