{"id":13112,"date":"2026-04-30T08:00:00","date_gmt":"2026-04-30T08:00:00","guid":{"rendered":"https:\/\/automotiverevista.pt\/?p=13112"},"modified":"2026-04-28T20:29:06","modified_gmt":"2026-04-28T20:29:06","slug":"vipal-borrachas-novidades-no-the-tire-cologne-2026","status":"publish","type":"post","link":"https:\/\/automotiverevista.pt\/index.php\/2026\/04\/30\/vipal-borrachas-novidades-no-the-tire-cologne-2026\/","title":{"rendered":"Vipal Borrachas: novidades no The Tire Cologne 2026"},"content":{"rendered":"\n<p>Com o estatuto de um dos maiores fabricantes de borracha do mundo e uma refer\u00eancia na renova\u00e7\u00e3o de pneus, a Vipal Borrachas confirmou a sua participa\u00e7\u00e3o no sal\u00e3o The Tire Cologne 2026, evento internacionais do setor dos pneus, a ser realizado de 9 a 11 de junho, na cidade de Col\u00f3nia, na Alemanha.&nbsp; Na edi\u00e7\u00e3o deste ano, a empresa ter\u00e1 como produtos de destaque os pisos Vipal DV-UMe, VL170A e VT570.<\/p>\n\n\n\n<p>Com foco na consolida\u00e7\u00e3o da Vipal no continente europeu, a participa\u00e7\u00e3o no sal\u00e3o refor\u00e7a a trajet\u00f3ria da empresa ao longo de duas d\u00e9cadas de atua\u00e7\u00e3o na Europa, per\u00edodo em que estruturou a sua presen\u00e7a com atendimento, stock pr\u00f3prio e local, bem como suporte t\u00e9cnico especializado para clientes da regi\u00e3o EMEA (Europa, M\u00e9dio Oriente e \u00c1frica).&nbsp;<\/p>\n\n\n\n<p>\u201cO sal\u00e3o The Tire Cologne \u00e9 uma oportunidade para estarmos perto dos nossos clientes e parceiros estrat\u00e9gicos. Temos expectativas muito positivas, fruto de 20 anos de trabalho na Europa. Ao longo destas duas d\u00e9cadas, consolid\u00e1mos uma opera\u00e7\u00e3o robusta na regi\u00e3o, com um servi\u00e7o de proximidade, stock local e solu\u00e7\u00f5es adaptadas \u00e0s exig\u00eancias de um mercado altamente competitivo, destacou <strong>Felipe Henzel<\/strong>, diretor comercial para o mercado externo da Vipal<\/p>\n\n\n\n<p>Entre os produtos de destaque do stand, estar\u00e3o tr\u00eas pneus renovados com pisos Vipal (DV-UMe, VL170A e VT570), produtos que j\u00e1 apresentam uma forte aceita\u00e7\u00e3o no mercado europeu, especialmente na Alemanha, evidenciando o cumprimento das solu\u00e7\u00f5es da empresa com as exig\u00eancias operacionais da regi\u00e3o.<\/p>\n\n\n<div class=\"wp-block-image\">\n<figure class=\"aligncenter size-full\"><img decoding=\"async\" width=\"535\" height=\"161\" src=\"https:\/\/automotiverevista.pt\/wp-content\/uploads\/2026\/04\/Capturar-3.jpg\" alt=\"\" class=\"wp-image-13114\" srcset=\"https:\/\/automotiverevista.pt\/wp-content\/uploads\/2026\/04\/Capturar-3.jpg 535w, https:\/\/automotiverevista.pt\/wp-content\/uploads\/2026\/04\/Capturar-3-300x90.jpg 300w\" sizes=\"(max-width: 535px) 100vw, 535px\" \/><\/figure>\n<\/div>","protected":false},"excerpt":{"rendered":"<p>Com o estatuto de um dos maiores fabricantes de borracha do mundo e uma refer\u00eancia na renova\u00e7\u00e3o de pneus, a Vipal Borrachas confirmou a sua participa\u00e7\u00e3o no sal\u00e3o The Tire Cologne 2026, evento internacionais do setor dos pneus, a ser realizado de 9 a 11 de junho, na cidade de Col\u00f3nia, na Alemanha.&nbsp; Na edi\u00e7\u00e3o [&hellip;]<\/p>\n","protected":false},"author":4,"featured_media":13113,"comment_status":"closed","ping_status":"open","sticky":false,"template":"","format":"standard","meta":{"jnews-multi-image_gallery":[],"jnews_single_post":{"format":"standard"},"jnews_primary_category":[],"footnotes":""},"categories":[29,21],"tags":[],"class_list":["post-13112","post","type-post","status-publish","format-standard","has-post-thumbnail","hentry","category-eventos","category-pos-venda"],"yoast_head":"<!-- This site is optimized with the Yoast SEO Premium plugin v27.2 (Yoast SEO v27.5) - https:\/\/yoast.com\/product\/yoast-seo-premium-wordpress\/ -->\n<title>Vipal Borrachas: novidades no The Tire Cologne 2026 - Revista Automotive<\/title>\n<meta name=\"description\" content=\"Com o estatuto de um dos maiores fabricantes de borracha do mundo e uma refer\u00eancia na renova\u00e7\u00e3o de pneus, a Vipal Borrachas confirmou a sua p\" \/>\n<meta name=\"robots\" content=\"index, follow, max-snippet:-1, max-image-preview:large, max-video-preview:-1\" \/>\n<link rel=\"canonical\" href=\"https:\/\/automotiverevista.pt\/index.php\/2026\/04\/30\/vipal-borrachas-novidades-no-the-tire-cologne-2026\/\" \/>\n<meta property=\"og:locale\" content=\"pt_PT\" \/>\n<meta property=\"og:type\" content=\"article\" \/>\n<meta property=\"og:title\" content=\"Vipal Borrachas: novidades no The Tire Cologne 2026\" \/>\n<meta property=\"og:description\" content=\"Com o estatuto de um dos maiores fabricantes de borracha do mundo e uma refer\u00eancia na renova\u00e7\u00e3o de pneus, a Vipal Borrachas confirmou a sua p\" \/>\n<meta property=\"og:url\" content=\"https:\/\/automotiverevista.pt\/index.php\/2026\/04\/30\/vipal-borrachas-novidades-no-the-tire-cologne-2026\/\" \/>\n<meta property=\"og:site_name\" content=\"Revista Automotive\" \/>\n<meta property=\"article:published_time\" content=\"2026-04-30T08:00:00+00:00\" \/>\n<meta property=\"og:image\" content=\"https:\/\/automotiverevista.pt\/wp-content\/uploads\/2026\/04\/1-5.jpg\" \/>\n\t<meta property=\"og:image:width\" content=\"1400\" \/>\n\t<meta property=\"og:image:height\" content=\"1045\" \/>\n\t<meta property=\"og:image:type\" content=\"image\/jpeg\" \/>\n<meta name=\"author\" content=\"Fatima Silva\" \/>\n<meta name=\"twitter:card\" content=\"summary_large_image\" \/>\n<meta name=\"twitter:label1\" content=\"Escrito por\" \/>\n\t<meta name=\"twitter:data1\" content=\"Fatima Silva\" \/>\n\t<meta name=\"twitter:label2\" content=\"Tempo estimado de leitura\" \/>\n\t<meta name=\"twitter:data2\" content=\"2 minutos\" \/>\n<script type=\"application\/ld+json\" class=\"yoast-schema-graph\">{\"@context\":\"https:\\\/\\\/schema.org\",\"@graph\":[{\"@type\":\"Article\",\"@id\":\"https:\\\/\\\/automotiverevista.pt\\\/index.php\\\/2026\\\/04\\\/30\\\/vipal-borrachas-novidades-no-the-tire-cologne-2026\\\/#article\",\"isPartOf\":{\"@id\":\"https:\\\/\\\/automotiverevista.pt\\\/index.php\\\/2026\\\/04\\\/30\\\/vipal-borrachas-novidades-no-the-tire-cologne-2026\\\/\"},\"author\":{\"name\":\"Fatima Silva\",\"@id\":\"https:\\\/\\\/automotiverevista.pt\\\/#\\\/schema\\\/person\\\/1e95eb12553b8edd256acb00fe6dad4b\"},\"headline\":\"Vipal Borrachas: novidades no The Tire Cologne 2026\",\"datePublished\":\"2026-04-30T08:00:00+00:00\",\"mainEntityOfPage\":{\"@id\":\"https:\\\/\\\/automotiverevista.pt\\\/index.php\\\/2026\\\/04\\\/30\\\/vipal-borrachas-novidades-no-the-tire-cologne-2026\\\/\"},\"wordCount\":278,\"publisher\":{\"@id\":\"https:\\\/\\\/automotiverevista.pt\\\/#organization\"},\"image\":{\"@id\":\"https:\\\/\\\/automotiverevista.pt\\\/index.php\\\/2026\\\/04\\\/30\\\/vipal-borrachas-novidades-no-the-tire-cologne-2026\\\/#primaryimage\"},\"thumbnailUrl\":\"https:\\\/\\\/automotiverevista.pt\\\/wp-content\\\/uploads\\\/2026\\\/04\\\/1-5.jpg\",\"articleSection\":[\"Eventos\",\"P\u00f3s-Venda\"],\"inLanguage\":\"pt-PT\"},{\"@type\":\"WebPage\",\"@id\":\"https:\\\/\\\/automotiverevista.pt\\\/index.php\\\/2026\\\/04\\\/30\\\/vipal-borrachas-novidades-no-the-tire-cologne-2026\\\/\",\"url\":\"https:\\\/\\\/automotiverevista.pt\\\/index.php\\\/2026\\\/04\\\/30\\\/vipal-borrachas-novidades-no-the-tire-cologne-2026\\\/\",\"name\":\"Vipal Borrachas: novidades no The Tire Cologne 2026 - Revista Automotive\",\"isPartOf\":{\"@id\":\"https:\\\/\\\/automotiverevista.pt\\\/#website\"},\"primaryImageOfPage\":{\"@id\":\"https:\\\/\\\/automotiverevista.pt\\\/index.php\\\/2026\\\/04\\\/30\\\/vipal-borrachas-novidades-no-the-tire-cologne-2026\\\/#primaryimage\"},\"image\":{\"@id\":\"https:\\\/\\\/automotiverevista.pt\\\/index.php\\\/2026\\\/04\\\/30\\\/vipal-borrachas-novidades-no-the-tire-cologne-2026\\\/#primaryimage\"},\"thumbnailUrl\":\"https:\\\/\\\/automotiverevista.pt\\\/wp-content\\\/uploads\\\/2026\\\/04\\\/1-5.jpg\",\"datePublished\":\"2026-04-30T08:00:00+00:00\",\"description\":\"Com o estatuto de um dos maiores fabricantes de borracha do mundo e uma refer\u00eancia na renova\u00e7\u00e3o de pneus, a Vipal Borrachas confirmou a sua p\",\"breadcrumb\":{\"@id\":\"https:\\\/\\\/automotiverevista.pt\\\/index.php\\\/2026\\\/04\\\/30\\\/vipal-borrachas-novidades-no-the-tire-cologne-2026\\\/#breadcrumb\"},\"inLanguage\":\"pt-PT\",\"potentialAction\":[{\"@type\":\"ReadAction\",\"target\":[\"https:\\\/\\\/automotiverevista.pt\\\/index.php\\\/2026\\\/04\\\/30\\\/vipal-borrachas-novidades-no-the-tire-cologne-2026\\\/\"]}]},{\"@type\":\"ImageObject\",\"inLanguage\":\"pt-PT\",\"@id\":\"https:\\\/\\\/automotiverevista.pt\\\/index.php\\\/2026\\\/04\\\/30\\\/vipal-borrachas-novidades-no-the-tire-cologne-2026\\\/#primaryimage\",\"url\":\"https:\\\/\\\/automotiverevista.pt\\\/wp-content\\\/uploads\\\/2026\\\/04\\\/1-5.jpg\",\"contentUrl\":\"https:\\\/\\\/automotiverevista.pt\\\/wp-content\\\/uploads\\\/2026\\\/04\\\/1-5.jpg\",\"width\":1400,\"height\":1045},{\"@type\":\"BreadcrumbList\",\"@id\":\"https:\\\/\\\/automotiverevista.pt\\\/index.php\\\/2026\\\/04\\\/30\\\/vipal-borrachas-novidades-no-the-tire-cologne-2026\\\/#breadcrumb\",\"itemListElement\":[{\"@type\":\"ListItem\",\"position\":1,\"name\":\"Home\",\"item\":\"https:\\\/\\\/automotiverevista.pt\\\/\"},{\"@type\":\"ListItem\",\"position\":2,\"name\":\"Vipal Borrachas: novidades no The Tire Cologne 2026\"}]},{\"@type\":\"WebSite\",\"@id\":\"https:\\\/\\\/automotiverevista.pt\\\/#website\",\"url\":\"https:\\\/\\\/automotiverevista.pt\\\/\",\"name\":\"Revista Automotive\",\"description\":\"Revista Automotive Portugal\",\"publisher\":{\"@id\":\"https:\\\/\\\/automotiverevista.pt\\\/#organization\"},\"potentialAction\":[{\"@type\":\"SearchAction\",\"target\":{\"@type\":\"EntryPoint\",\"urlTemplate\":\"https:\\\/\\\/automotiverevista.pt\\\/?s={search_term_string}\"},\"query-input\":{\"@type\":\"PropertyValueSpecification\",\"valueRequired\":true,\"valueName\":\"search_term_string\"}}],\"inLanguage\":\"pt-PT\"},{\"@type\":\"Organization\",\"@id\":\"https:\\\/\\\/automotiverevista.pt\\\/#organization\",\"name\":\"Revista Automotive Portugal\",\"url\":\"https:\\\/\\\/automotiverevista.pt\\\/\",\"logo\":{\"@type\":\"ImageObject\",\"inLanguage\":\"pt-PT\",\"@id\":\"https:\\\/\\\/automotiverevista.pt\\\/#\\\/schema\\\/logo\\\/image\\\/\",\"url\":\"https:\\\/\\\/automotiverevista.pt\\\/wp-content\\\/uploads\\\/2022\\\/07\\\/Logo-Automotive-2021_500-1.jpg\",\"contentUrl\":\"https:\\\/\\\/automotiverevista.pt\\\/wp-content\\\/uploads\\\/2022\\\/07\\\/Logo-Automotive-2021_500-1.jpg\",\"width\":500,\"height\":160,\"caption\":\"Revista Automotive Portugal\"},\"image\":{\"@id\":\"https:\\\/\\\/automotiverevista.pt\\\/#\\\/schema\\\/logo\\\/image\\\/\"},\"sameAs\":[\"https:\\\/\\\/linkedin.com\\\/in\\\/automotiverevista\"]},{\"@type\":\"Person\",\"@id\":\"https:\\\/\\\/automotiverevista.pt\\\/#\\\/schema\\\/person\\\/1e95eb12553b8edd256acb00fe6dad4b\",\"name\":\"Fatima Silva\",\"image\":{\"@type\":\"ImageObject\",\"inLanguage\":\"pt-PT\",\"@id\":\"https:\\\/\\\/secure.gravatar.com\\\/avatar\\\/4b4a955a9c1b66708ab0dd3bd6181ac1f650299d893bd337a28482f7f19c8511?s=96&d=mm&r=g\",\"url\":\"https:\\\/\\\/secure.gravatar.com\\\/avatar\\\/4b4a955a9c1b66708ab0dd3bd6181ac1f650299d893bd337a28482f7f19c8511?s=96&d=mm&r=g\",\"contentUrl\":\"https:\\\/\\\/secure.gravatar.com\\\/avatar\\\/4b4a955a9c1b66708ab0dd3bd6181ac1f650299d893bd337a28482f7f19c8511?s=96&d=mm&r=g\",\"caption\":\"Fatima Silva\"},\"url\":\"https:\\\/\\\/automotiverevista.pt\\\/index.php\\\/author\\\/fgasparsilva\\\/\"}]}<\/script>\n<!-- \/ Yoast SEO Premium plugin. -->","yoast_head_json":{"title":"Vipal Borrachas: novidades no The Tire Cologne 2026 - Revista Automotive","description":"Com o estatuto de um dos maiores fabricantes de borracha do mundo e uma refer\u00eancia na renova\u00e7\u00e3o de pneus, a Vipal Borrachas confirmou a sua p","robots":{"index":"index","follow":"follow","max-snippet":"max-snippet:-1","max-image-preview":"max-image-preview:large","max-video-preview":"max-video-preview:-1"},"canonical":"https:\/\/automotiverevista.pt\/index.php\/2026\/04\/30\/vipal-borrachas-novidades-no-the-tire-cologne-2026\/","og_locale":"pt_PT","og_type":"article","og_title":"Vipal Borrachas: novidades no The Tire Cologne 2026","og_description":"Com o estatuto de um dos maiores fabricantes de borracha do mundo e uma refer\u00eancia na renova\u00e7\u00e3o de pneus, a Vipal Borrachas confirmou a sua p","og_url":"https:\/\/automotiverevista.pt\/index.php\/2026\/04\/30\/vipal-borrachas-novidades-no-the-tire-cologne-2026\/","og_site_name":"Revista Automotive","article_published_time":"2026-04-30T08:00:00+00:00","og_image":[{"width":1400,"height":1045,"url":"https:\/\/automotiverevista.pt\/wp-content\/uploads\/2026\/04\/1-5.jpg","type":"image\/jpeg"}],"author":"Fatima Silva","twitter_card":"summary_large_image","twitter_misc":{"Escrito por":"Fatima Silva","Tempo estimado de leitura":"2 minutos"},"schema":{"@context":"https:\/\/schema.org","@graph":[{"@type":"Article","@id":"https:\/\/automotiverevista.pt\/index.php\/2026\/04\/30\/vipal-borrachas-novidades-no-the-tire-cologne-2026\/#article","isPartOf":{"@id":"https:\/\/automotiverevista.pt\/index.php\/2026\/04\/30\/vipal-borrachas-novidades-no-the-tire-cologne-2026\/"},"author":{"name":"Fatima Silva","@id":"https:\/\/automotiverevista.pt\/#\/schema\/person\/1e95eb12553b8edd256acb00fe6dad4b"},"headline":"Vipal Borrachas: novidades no The Tire Cologne 2026","datePublished":"2026-04-30T08:00:00+00:00","mainEntityOfPage":{"@id":"https:\/\/automotiverevista.pt\/index.php\/2026\/04\/30\/vipal-borrachas-novidades-no-the-tire-cologne-2026\/"},"wordCount":278,"publisher":{"@id":"https:\/\/automotiverevista.pt\/#organization"},"image":{"@id":"https:\/\/automotiverevista.pt\/index.php\/2026\/04\/30\/vipal-borrachas-novidades-no-the-tire-cologne-2026\/#primaryimage"},"thumbnailUrl":"https:\/\/automotiverevista.pt\/wp-content\/uploads\/2026\/04\/1-5.jpg","articleSection":["Eventos","P\u00f3s-Venda"],"inLanguage":"pt-PT"},{"@type":"WebPage","@id":"https:\/\/automotiverevista.pt\/index.php\/2026\/04\/30\/vipal-borrachas-novidades-no-the-tire-cologne-2026\/","url":"https:\/\/automotiverevista.pt\/index.php\/2026\/04\/30\/vipal-borrachas-novidades-no-the-tire-cologne-2026\/","name":"Vipal Borrachas: novidades no The Tire Cologne 2026 - Revista Automotive","isPartOf":{"@id":"https:\/\/automotiverevista.pt\/#website"},"primaryImageOfPage":{"@id":"https:\/\/automotiverevista.pt\/index.php\/2026\/04\/30\/vipal-borrachas-novidades-no-the-tire-cologne-2026\/#primaryimage"},"image":{"@id":"https:\/\/automotiverevista.pt\/index.php\/2026\/04\/30\/vipal-borrachas-novidades-no-the-tire-cologne-2026\/#primaryimage"},"thumbnailUrl":"https:\/\/automotiverevista.pt\/wp-content\/uploads\/2026\/04\/1-5.jpg","datePublished":"2026-04-30T08:00:00+00:00","description":"Com o estatuto de um dos maiores fabricantes de borracha do mundo e uma refer\u00eancia na renova\u00e7\u00e3o de pneus, a Vipal Borrachas confirmou a sua p","breadcrumb":{"@id":"https:\/\/automotiverevista.pt\/index.php\/2026\/04\/30\/vipal-borrachas-novidades-no-the-tire-cologne-2026\/#breadcrumb"},"inLanguage":"pt-PT","potentialAction":[{"@type":"ReadAction","target":["https:\/\/automotiverevista.pt\/index.php\/2026\/04\/30\/vipal-borrachas-novidades-no-the-tire-cologne-2026\/"]}]},{"@type":"ImageObject","inLanguage":"pt-PT","@id":"https:\/\/automotiverevista.pt\/index.php\/2026\/04\/30\/vipal-borrachas-novidades-no-the-tire-cologne-2026\/#primaryimage","url":"https:\/\/automotiverevista.pt\/wp-content\/uploads\/2026\/04\/1-5.jpg","contentUrl":"https:\/\/automotiverevista.pt\/wp-content\/uploads\/2026\/04\/1-5.jpg","width":1400,"height":1045},{"@type":"BreadcrumbList","@id":"https:\/\/automotiverevista.pt\/index.php\/2026\/04\/30\/vipal-borrachas-novidades-no-the-tire-cologne-2026\/#breadcrumb","itemListElement":[{"@type":"ListItem","position":1,"name":"Home","item":"https:\/\/automotiverevista.pt\/"},{"@type":"ListItem","position":2,"name":"Vipal Borrachas: novidades no The Tire Cologne 2026"}]},{"@type":"WebSite","@id":"https:\/\/automotiverevista.pt\/#website","url":"https:\/\/automotiverevista.pt\/","name":"Revista Automotive","description":"Revista Automotive Portugal","publisher":{"@id":"https:\/\/automotiverevista.pt\/#organization"},"potentialAction":[{"@type":"SearchAction","target":{"@type":"EntryPoint","urlTemplate":"https:\/\/automotiverevista.pt\/?s={search_term_string}"},"query-input":{"@type":"PropertyValueSpecification","valueRequired":true,"valueName":"search_term_string"}}],"inLanguage":"pt-PT"},{"@type":"Organization","@id":"https:\/\/automotiverevista.pt\/#organization","name":"Revista Automotive Portugal","url":"https:\/\/automotiverevista.pt\/","logo":{"@type":"ImageObject","inLanguage":"pt-PT","@id":"https:\/\/automotiverevista.pt\/#\/schema\/logo\/image\/","url":"https:\/\/automotiverevista.pt\/wp-content\/uploads\/2022\/07\/Logo-Automotive-2021_500-1.jpg","contentUrl":"https:\/\/automotiverevista.pt\/wp-content\/uploads\/2022\/07\/Logo-Automotive-2021_500-1.jpg","width":500,"height":160,"caption":"Revista Automotive Portugal"},"image":{"@id":"https:\/\/automotiverevista.pt\/#\/schema\/logo\/image\/"},"sameAs":["https:\/\/linkedin.com\/in\/automotiverevista"]},{"@type":"Person","@id":"https:\/\/automotiverevista.pt\/#\/schema\/person\/1e95eb12553b8edd256acb00fe6dad4b","name":"Fatima Silva","image":{"@type":"ImageObject","inLanguage":"pt-PT","@id":"https:\/\/secure.gravatar.com\/avatar\/4b4a955a9c1b66708ab0dd3bd6181ac1f650299d893bd337a28482f7f19c8511?s=96&d=mm&r=g","url":"https:\/\/secure.gravatar.com\/avatar\/4b4a955a9c1b66708ab0dd3bd6181ac1f650299d893bd337a28482f7f19c8511?s=96&d=mm&r=g","contentUrl":"https:\/\/secure.gravatar.com\/avatar\/4b4a955a9c1b66708ab0dd3bd6181ac1f650299d893bd337a28482f7f19c8511?s=96&d=mm&r=g","caption":"Fatima Silva"},"url":"https:\/\/automotiverevista.pt\/index.php\/author\/fgasparsilva\/"}]}},"_links":{"self":[{"href":"https:\/\/automotiverevista.pt\/index.php\/wp-json\/wp\/v2\/posts\/13112","targetHints":{"allow":["GET"]}}],"collection":[{"href":"https:\/\/automotiverevista.pt\/index.php\/wp-json\/wp\/v2\/posts"}],"about":[{"href":"https:\/\/automotiverevista.pt\/index.php\/wp-json\/wp\/v2\/types\/post"}],"author":[{"embeddable":true,"href":"https:\/\/automotiverevista.pt\/index.php\/wp-json\/wp\/v2\/users\/4"}],"replies":[{"embeddable":true,"href":"https:\/\/automotiverevista.pt\/index.php\/wp-json\/wp\/v2\/comments?post=13112"}],"version-history":[{"count":1,"href":"https:\/\/automotiverevista.pt\/index.php\/wp-json\/wp\/v2\/posts\/13112\/revisions"}],"predecessor-version":[{"id":13115,"href":"https:\/\/automotiverevista.pt\/index.php\/wp-json\/wp\/v2\/posts\/13112\/revisions\/13115"}],"wp:featuredmedia":[{"embeddable":true,"href":"https:\/\/automotiverevista.pt\/index.php\/wp-json\/wp\/v2\/media\/13113"}],"wp:attachment":[{"href":"https:\/\/automotiverevista.pt\/index.php\/wp-json\/wp\/v2\/media?parent=13112"}],"wp:term":[{"taxonomy":"category","embeddable":true,"href":"https:\/\/automotiverevista.pt\/index.php\/wp-json\/wp\/v2\/categories?post=13112"},{"taxonomy":"post_tag","embeddable":true,"href":"https:\/\/automotiverevista.pt\/index.php\/wp-json\/wp\/v2\/tags?post=13112"}],"curies":[{"name":"wp","href":"https:\/\/api.w.org\/{rel}","templated":true}]}}