{"id":13138,"date":"2026-04-30T13:36:24","date_gmt":"2026-04-30T13:36:24","guid":{"rendered":"https:\/\/automotiverevista.pt\/?p=13138"},"modified":"2026-04-30T13:38:36","modified_gmt":"2026-04-30T13:38:36","slug":"toyota-proace-max-100-eletrico-em-teste-real-na-dpd","status":"publish","type":"post","link":"https:\/\/automotiverevista.pt\/index.php\/2026\/04\/30\/toyota-proace-max-100-eletrico-em-teste-real-na-dpd\/","title":{"rendered":"Toyota Proace MAX 100% el\u00e9trico em teste real na DPD"},"content":{"rendered":"\n<p>Conforme temos vindo a divulgar, a DPD Portugal tem mantido firme a sua<a href=\"https:\/\/automotiverevista.pt\/index.php\/2026\/03\/17\/dpd-portugal-investe-em-novos-servicos-e-frota-eletrica\/\"> pol\u00edtica de mobilidade sustent\u00e1ve<\/a>l da sua frota, atrav\u00e9s da incorpora\u00e7\u00e3o de novos furg\u00f5es 100% el\u00e9tricos, bem como na dinamiza\u00e7\u00e3o de uma estrutura pr\u00f3pria de carregadores el\u00e9tricos, nas suas diversas plataformas em territ\u00f3rio nacional.<\/p>\n\n\n\n<p>No seguimento dessa din\u00e2mica, a Revista Automotive desafiou a DPD a realizar um ensaio em condi\u00e7\u00f5es reais de utiliza\u00e7\u00e3o da <strong>Toyota Proace <a href=\"https:\/\/youtu.be\/dUvp9jxJzW4?si=uv54Vjyb3JPSeaJY\">MAX BEV 100% el\u00e9trica<\/a><\/strong>, modelo que faz parte da gama de ve\u00edculos comerciais da marca Toyota, e que foi distinguida com o<a href=\"https:\/\/automotiverevista.pt\/index.php\/premios-fleetservice-2025\/\"> <strong>Pr\u00e9mio Frota<\/strong> <strong>de 2025<\/strong><\/a>, na 9\u00aa edi\u00e7\u00e3o dos <a href=\"https:\/\/automotiverevista.pt\/index.php\/premios-fleetservice-2025\/\">Pr\u00e9mios Fleet &amp; Service.<\/a><\/p>\n\n\n\n<p>Desafio aceite pela DPD Portugal, coube ao profissional e motorista da empresa <strong>Luis Tehmurasp <\/strong>(foto), a realizar este ensaio, utilizando o furg\u00e3o numa manh\u00e3 de trabalho na regi\u00e3o de Lisboa, sendo acompanhado, no trajeto, pela Revista Automotive.<\/p>\n\n\n\n<figure class=\"wp-block-image size-large is-resized\"><img decoding=\"async\" width=\"1024\" height=\"683\" src=\"https:\/\/automotiverevista.pt\/wp-content\/uploads\/2026\/04\/IMG_6984-1-1024x683.jpg\" alt=\"\" class=\"wp-image-13144\" style=\"aspect-ratio:1.4999892146077354;width:488px;height:auto\" srcset=\"https:\/\/automotiverevista.pt\/wp-content\/uploads\/2026\/04\/IMG_6984-1-1024x683.jpg 1024w, https:\/\/automotiverevista.pt\/wp-content\/uploads\/2026\/04\/IMG_6984-1-300x200.jpg 300w, https:\/\/automotiverevista.pt\/wp-content\/uploads\/2026\/04\/IMG_6984-1-768x512.jpg 768w, https:\/\/automotiverevista.pt\/wp-content\/uploads\/2026\/04\/IMG_6984-1-750x500.jpg 750w, https:\/\/automotiverevista.pt\/wp-content\/uploads\/2026\/04\/IMG_6984-1-1140x760.jpg 1140w, https:\/\/automotiverevista.pt\/wp-content\/uploads\/2026\/04\/IMG_6984-1.jpg 1500w\" sizes=\"(max-width: 1024px) 100vw, 1024px\" \/><\/figure>\n\n\n\n<p><strong>Carregar e entregar<\/strong><\/p>\n\n\n\n<p>O ensaio come\u00e7ou pelas 7h da manh\u00e3 na plataforma log\u00edstica da DPD Portugal em Loures, sede da empresa, atrav\u00e9s do carregamento do furg\u00e3o com as diversas encomendas, estando o Toyota com a bateria a 100%, indicando uma autonomia de 420km.<\/p>\n\n\n\n<p>Neste primeiro contacto com este modelo, Luis Tehmurasp conta-nos que \u201cesta <a href=\"https:\/\/youtu.be\/dUvp9jxJzW4?si=uv54Vjyb3JPSeaJY\">Proace Max <\/a>em termos de capacidade de carga \u00e9 muito semelhante aos outros furg\u00f5es el\u00e9tricos que temos na frota da DPD. O \u00fanico cuidado a ter \u00e9 n\u00e3o encostar demasiado no cais de carga para que n\u00e3o se danifiquem as portas traseiras\u201d<\/p>\n\n\n\n<figure class=\"wp-block-image size-large is-resized\"><img decoding=\"async\" width=\"1024\" height=\"683\" src=\"https:\/\/automotiverevista.pt\/wp-content\/uploads\/2026\/04\/IMG_7002-1-1024x683.jpg\" alt=\"\" class=\"wp-image-13145\" style=\"aspect-ratio:1.4999892146077354;width:502px;height:auto\" srcset=\"https:\/\/automotiverevista.pt\/wp-content\/uploads\/2026\/04\/IMG_7002-1-1024x683.jpg 1024w, https:\/\/automotiverevista.pt\/wp-content\/uploads\/2026\/04\/IMG_7002-1-300x200.jpg 300w, https:\/\/automotiverevista.pt\/wp-content\/uploads\/2026\/04\/IMG_7002-1-768x512.jpg 768w, https:\/\/automotiverevista.pt\/wp-content\/uploads\/2026\/04\/IMG_7002-1-750x500.jpg 750w, https:\/\/automotiverevista.pt\/wp-content\/uploads\/2026\/04\/IMG_7002-1-1140x760.jpg 1140w, https:\/\/automotiverevista.pt\/wp-content\/uploads\/2026\/04\/IMG_7002-1.jpg 1500w\" sizes=\"(max-width: 1024px) 100vw, 1024px\" \/><\/figure>\n\n\n\n<p>Depois de carregada e preenchidos todos os crit\u00e9rios de seguran\u00e7a, sa\u00edmos de Loures rumo ao primeiro local de entrega, no centro de Lisboa. Percorridos os primeiros quil\u00f3metros ao volante do furg\u00e3o <a href=\"https:\/\/youtu.be\/40h5wR3-eHE?si=Wuu5o6BLzhKTuC9r\">Proace<\/a>, Luis Tehmurasp refere-nos que \u201cgostei logo da brecagem deste Toyota, algo muito importante para efetuarmos as manobras e para conseguirmos tanto circular como estacionar o furg\u00e3o em espa\u00e7os apertados, t\u00edpicos de uma cidade como Lisboa.<\/p>\n\n\n\n<figure class=\"wp-block-image size-large is-resized\"><img decoding=\"async\" width=\"1024\" height=\"768\" src=\"https:\/\/automotiverevista.pt\/wp-content\/uploads\/2026\/04\/20260317_094431-1024x768.jpg\" alt=\"\" class=\"wp-image-13151\" style=\"aspect-ratio:1.3333205506768417;width:610px;height:auto\" srcset=\"https:\/\/automotiverevista.pt\/wp-content\/uploads\/2026\/04\/20260317_094431-1024x768.jpg 1024w, https:\/\/automotiverevista.pt\/wp-content\/uploads\/2026\/04\/20260317_094431-300x225.jpg 300w, https:\/\/automotiverevista.pt\/wp-content\/uploads\/2026\/04\/20260317_094431-768x576.jpg 768w, https:\/\/automotiverevista.pt\/wp-content\/uploads\/2026\/04\/20260317_094431-750x563.jpg 750w, https:\/\/automotiverevista.pt\/wp-content\/uploads\/2026\/04\/20260317_094431-1140x855.jpg 1140w, https:\/\/automotiverevista.pt\/wp-content\/uploads\/2026\/04\/20260317_094431.jpg 1500w\" sizes=\"(max-width: 1024px) 100vw, 1024px\" \/><\/figure>\n\n\n\n<p>Outro aspeto que aprecio \u00e9 que todos os puxadores terem um bot\u00e3o para destrancar a porta, ou seja, n\u00e3o tenho de faz\u00ea-lo atrav\u00e9s do comando da chave. Isto diminui muito o n\u00famero de movimentos di\u00e1rios que tenho de executar, para trancar ou destrancar as portas, principalmente as do compartimento de carga.<\/p>\n\n\n\n<figure class=\"wp-block-image size-large is-resized\"><img decoding=\"async\" width=\"1024\" height=\"768\" src=\"https:\/\/automotiverevista.pt\/wp-content\/uploads\/2026\/04\/20260317_141501-1024x768.jpg\" alt=\"\" class=\"wp-image-13146\" style=\"aspect-ratio:1.3333205506768417;width:532px;height:auto\" srcset=\"https:\/\/automotiverevista.pt\/wp-content\/uploads\/2026\/04\/20260317_141501-1024x768.jpg 1024w, https:\/\/automotiverevista.pt\/wp-content\/uploads\/2026\/04\/20260317_141501-300x225.jpg 300w, https:\/\/automotiverevista.pt\/wp-content\/uploads\/2026\/04\/20260317_141501-768x576.jpg 768w, https:\/\/automotiverevista.pt\/wp-content\/uploads\/2026\/04\/20260317_141501-750x563.jpg 750w, https:\/\/automotiverevista.pt\/wp-content\/uploads\/2026\/04\/20260317_141501-1140x855.jpg 1140w, https:\/\/automotiverevista.pt\/wp-content\/uploads\/2026\/04\/20260317_141501.jpg 1500w\" sizes=\"(max-width: 1024px) 100vw, 1024px\" \/><\/figure>\n\n\n\n<p>Relativamente ao interior do furg\u00e3o, considero-o espa\u00e7oso e se tiver de levar mais ocupantes, estes ir\u00e3o dispor de bom espa\u00e7o para a posi\u00e7\u00e3o das pernas, tendo em conta que o tablier n\u00e3o tem a sali\u00eancia da manete da caixa de velocidades. Quanto \u00e0 condu\u00e7\u00e3o, este Toyota \u00e9 bastante intuitivo, tem tudo o que precisamos de f\u00e1cil acesso e com bot\u00f5es bem vis\u00edveis. A intensidade do tr\u00e2nsito em Lisboa requer a totalidade da nossa aten\u00e7\u00e3o, e n\u00e3o podemos nos distrair com menus complicados para aceder a fun\u00e7\u00f5es b\u00e1sicas do ve\u00edculo. Neste caso, tudo \u00e9 pr\u00e1tico, r\u00e1pido e funcional.<\/p>\n\n\n\n<figure class=\"wp-block-image size-large is-resized\"><img decoding=\"async\" width=\"1024\" height=\"683\" src=\"https:\/\/automotiverevista.pt\/wp-content\/uploads\/2026\/04\/IMG_7104-1-1024x683.jpg\" alt=\"\" class=\"wp-image-13148\" style=\"aspect-ratio:1.4999892146077354;width:588px;height:auto\" srcset=\"https:\/\/automotiverevista.pt\/wp-content\/uploads\/2026\/04\/IMG_7104-1-1024x683.jpg 1024w, https:\/\/automotiverevista.pt\/wp-content\/uploads\/2026\/04\/IMG_7104-1-300x200.jpg 300w, https:\/\/automotiverevista.pt\/wp-content\/uploads\/2026\/04\/IMG_7104-1-768x512.jpg 768w, https:\/\/automotiverevista.pt\/wp-content\/uploads\/2026\/04\/IMG_7104-1-750x500.jpg 750w, https:\/\/automotiverevista.pt\/wp-content\/uploads\/2026\/04\/IMG_7104-1-1140x760.jpg 1140w, https:\/\/automotiverevista.pt\/wp-content\/uploads\/2026\/04\/IMG_7104-1.jpg 1500w\" sizes=\"(max-width: 1024px) 100vw, 1024px\" \/><\/figure>\n\n\n\n<p><strong>Visibilidade e manobras<\/strong><\/p>\n\n\n\n<p>A c\u00e2mara de marcha-atr\u00e1s \u00e9 excelente. Ajuda-nos a estacionar com total confian\u00e7a e a resolu\u00e7\u00e3o da imagem permite termos uma precis\u00e3o ainda maior no estacionamento. Isso \u00e9 fundamental, porque na nossa \u00e1rea de atividade que \u00e9 distribui\u00e7\u00e3o expressa, conseguir estacionar bem poupa-nos tempo nas entregas e diminui o risco de o furg\u00e3o ser danificado.<\/p>\n\n\n\n<figure class=\"wp-block-image size-large is-resized\"><img decoding=\"async\" width=\"1024\" height=\"683\" src=\"https:\/\/automotiverevista.pt\/wp-content\/uploads\/2026\/04\/IMG_7116-1024x683.jpg\" alt=\"\" class=\"wp-image-13150\" style=\"aspect-ratio:1.4999892146077354;width:569px;height:auto\" srcset=\"https:\/\/automotiverevista.pt\/wp-content\/uploads\/2026\/04\/IMG_7116-1024x683.jpg 1024w, https:\/\/automotiverevista.pt\/wp-content\/uploads\/2026\/04\/IMG_7116-300x200.jpg 300w, https:\/\/automotiverevista.pt\/wp-content\/uploads\/2026\/04\/IMG_7116-768x512.jpg 768w, https:\/\/automotiverevista.pt\/wp-content\/uploads\/2026\/04\/IMG_7116-750x500.jpg 750w, https:\/\/automotiverevista.pt\/wp-content\/uploads\/2026\/04\/IMG_7116-1140x760.jpg 1140w, https:\/\/automotiverevista.pt\/wp-content\/uploads\/2026\/04\/IMG_7116.jpg 1500w\" sizes=\"(max-width: 1024px) 100vw, 1024px\" \/><\/figure>\n\n\n\n<p>Um ponto a melhorar: seria bom que este Toyota pudesse recolher os espelhos retrovisores automaticamente, atrav\u00e9s de um comando no interior do habit\u00e1culo. Temos de gerir espa\u00e7os muito justos em ruas estreitas, e o recolher dos espelhos d\u00e1 espa\u00e7o, por exemplo para que outros carros possam circular quando estacionamos em determinados locais. Ao circularmos em cidade, cada cent\u00edmetro conta. Nota positiva para o trav\u00e3o de m\u00e3o ser el\u00e9trico, o que facilita tamb\u00e9m a gest\u00e3o das paragens, a cada entrega\u201d refere.<\/p>\n\n\n\n<figure class=\"wp-block-image size-large is-resized\"><img decoding=\"async\" width=\"1024\" height=\"683\" src=\"https:\/\/automotiverevista.pt\/wp-content\/uploads\/2026\/04\/IMG_7111-1024x683.jpg\" alt=\"\" class=\"wp-image-13152\" style=\"aspect-ratio:1.4999892146077354;width:635px;height:auto\" srcset=\"https:\/\/automotiverevista.pt\/wp-content\/uploads\/2026\/04\/IMG_7111-1024x683.jpg 1024w, https:\/\/automotiverevista.pt\/wp-content\/uploads\/2026\/04\/IMG_7111-300x200.jpg 300w, https:\/\/automotiverevista.pt\/wp-content\/uploads\/2026\/04\/IMG_7111-768x512.jpg 768w, https:\/\/automotiverevista.pt\/wp-content\/uploads\/2026\/04\/IMG_7111-750x500.jpg 750w, https:\/\/automotiverevista.pt\/wp-content\/uploads\/2026\/04\/IMG_7111-1140x760.jpg 1140w, https:\/\/automotiverevista.pt\/wp-content\/uploads\/2026\/04\/IMG_7111.jpg 1500w\" sizes=\"(max-width: 1024px) 100vw, 1024px\" \/><\/figure>\n\n\n\n<p>Do que Automotive apurou, h\u00e1 dias em que os profissionais da DPD podem ter de estacionar cerca de 60 vezes. Se, ao estacionar, algo no furg\u00e3o n\u00e3o for bem concebido, isso vai ser repetido cerca de 1300 vezes por m\u00eas. \u00c9 algo que pode criar entropia e por isso, tanto o trav\u00e3o de m\u00e3o el\u00e9trico autom\u00e1tico como outros componentes evidenciados pelo Luis Tehmurasp s\u00e3o uma mais-valia para empresas do setor da distribui\u00e7\u00e3o porta-a-porta.<\/p>\n\n\n\n<figure class=\"wp-block-image size-large is-resized\"><img decoding=\"async\" width=\"1024\" height=\"683\" src=\"https:\/\/automotiverevista.pt\/wp-content\/uploads\/2026\/04\/IMG_7100-1024x683.jpg\" alt=\"\" class=\"wp-image-13149\" style=\"aspect-ratio:1.4999892146077354;width:595px;height:auto\" srcset=\"https:\/\/automotiverevista.pt\/wp-content\/uploads\/2026\/04\/IMG_7100-1024x683.jpg 1024w, https:\/\/automotiverevista.pt\/wp-content\/uploads\/2026\/04\/IMG_7100-300x200.jpg 300w, https:\/\/automotiverevista.pt\/wp-content\/uploads\/2026\/04\/IMG_7100-768x512.jpg 768w, https:\/\/automotiverevista.pt\/wp-content\/uploads\/2026\/04\/IMG_7100-750x500.jpg 750w, https:\/\/automotiverevista.pt\/wp-content\/uploads\/2026\/04\/IMG_7100-1140x760.jpg 1140w, https:\/\/automotiverevista.pt\/wp-content\/uploads\/2026\/04\/IMG_7100.jpg 1500w\" sizes=\"(max-width: 1024px) 100vw, 1024px\" \/><\/figure>\n\n\n\n<p><strong>Acesso facilitado<\/strong><\/p>\n\n\n\n<p>O profissional da DPD acrescenta tamb\u00e9m que \u201ceste \u00e9 um furg\u00e3o que tenho facilidade em entrar e sair, bem como em <a href=\"https:\/\/youtu.be\/dUvp9jxJzW4?si=uv54Vjyb3JPSeaJY\">aceder \u00e0 caixa de carga<\/a>, aspetos muito importantes da nossa opera\u00e7\u00e3o di\u00e1ria. Al\u00e9m disso, conduzir um carro el\u00e9trico d\u00e1 uma condu\u00e7\u00e3o mais suave, e elimina a caixa de velocidades manual que exigia um exerc\u00edcio di\u00e1rio desnecess\u00e1rio para o tipo de opera\u00e7\u00e3o que realizamos.<\/p>\n\n\n\n<figure class=\"wp-block-image size-large is-resized\"><img decoding=\"async\" width=\"1024\" height=\"683\" src=\"https:\/\/automotiverevista.pt\/wp-content\/uploads\/2026\/04\/IMG_7174-1024x683.jpg\" alt=\"\" class=\"wp-image-13153\" style=\"aspect-ratio:1.4999892146077354;width:659px;height:auto\" srcset=\"https:\/\/automotiverevista.pt\/wp-content\/uploads\/2026\/04\/IMG_7174-1024x683.jpg 1024w, https:\/\/automotiverevista.pt\/wp-content\/uploads\/2026\/04\/IMG_7174-300x200.jpg 300w, https:\/\/automotiverevista.pt\/wp-content\/uploads\/2026\/04\/IMG_7174-768x512.jpg 768w, https:\/\/automotiverevista.pt\/wp-content\/uploads\/2026\/04\/IMG_7174-750x500.jpg 750w, https:\/\/automotiverevista.pt\/wp-content\/uploads\/2026\/04\/IMG_7174-1140x760.jpg 1140w, https:\/\/automotiverevista.pt\/wp-content\/uploads\/2026\/04\/IMG_7174.jpg 1500w\" sizes=\"(max-width: 1024px) 100vw, 1024px\" \/><\/figure>\n\n\n\n<p>Com a DPD, j\u00e1 tive a oportunidade de testar outros furg\u00f5es 100% el\u00e9tricos de outras marcas. Tendo conclu\u00eddo o teste na minha opera\u00e7\u00e3o di\u00e1ria, posso dizer que este Toyota Proace Max est\u00e1 perfeitamente ao n\u00edvel dos melhores neste segmento\u201d concluiu.<\/p>\n\n\n\n<p>No final das entregas, a nossa rota totalizou cerca de 40km em circuito urbano, sendo que o Toyota indicava ainda dispor de cerca de 400km de autonomia. O Proace Max circulou sempre com o modo \u201cECO\u201d ativado, modo esse que limita o bin\u00e1rio do furg\u00e3o, reduz o consumo de energia e limita a velocidade m\u00e1xima para os 90km\/h. No entanto, essas limita\u00e7\u00f5es podem ser \u201celiminadas\u201d se escolhermos os modos de condu\u00e7\u00e3o \u201cnormal\u201d ou \u201cpower\u201d, bastando para isso premir um bot\u00e3o no tablier.<\/p>\n\n\n\n<figure class=\"wp-block-image size-large is-resized\"><img decoding=\"async\" width=\"1024\" height=\"683\" src=\"https:\/\/automotiverevista.pt\/wp-content\/uploads\/2026\/04\/IMG_7125-1024x683.jpg\" alt=\"\" class=\"wp-image-13154\" style=\"aspect-ratio:1.4999892146077354;width:588px;height:auto\" srcset=\"https:\/\/automotiverevista.pt\/wp-content\/uploads\/2026\/04\/IMG_7125-1024x683.jpg 1024w, https:\/\/automotiverevista.pt\/wp-content\/uploads\/2026\/04\/IMG_7125-300x200.jpg 300w, https:\/\/automotiverevista.pt\/wp-content\/uploads\/2026\/04\/IMG_7125-768x512.jpg 768w, https:\/\/automotiverevista.pt\/wp-content\/uploads\/2026\/04\/IMG_7125-750x500.jpg 750w, https:\/\/automotiverevista.pt\/wp-content\/uploads\/2026\/04\/IMG_7125-1140x760.jpg 1140w, https:\/\/automotiverevista.pt\/wp-content\/uploads\/2026\/04\/IMG_7125.jpg 1500w\" sizes=\"(max-width: 1024px) 100vw, 1024px\" \/><\/figure>\n\n\n\n<p>Nota importante para a rapidez de conex\u00e3o com o smartphone, podendo utilizar o Android Auto e todas as suas aplica\u00e7\u00f5es no ecr\u00e3 central do furg\u00e3o, como \u00e9 o caso, por exemplo, do Google Maps.<\/p>\n\n\n\n<p>A Proace Max BEV \u00e9 comercializada em Portugal em v\u00e1rias dimens\u00f5es, da L3 H2 \u00e0 L4 H3, dos 13 aos 17 metros c\u00fabicos, com capacidade de carga at\u00e9 1500kg. Equipada com baterias de i\u00f5es de l\u00edtio, de 110kWh, disp\u00f5e de um motor el\u00e9trico de 200kW (270cv) de pot\u00eancia. Pelo facto de ser el\u00e9trica, esta Toyota n\u00e3o perde capacidade de carga para a sua vers\u00e3o a diesel, mantendo uma capacidade de carga de 1500kg.<\/p>\n\n\n\n<figure class=\"wp-block-image size-large is-resized\"><img decoding=\"async\" width=\"1024\" height=\"449\" src=\"https:\/\/automotiverevista.pt\/wp-content\/uploads\/2026\/04\/IMG_6934-1024x449.jpg\" alt=\"\" class=\"wp-image-13155\" style=\"aspect-ratio:2.2831532980923925;width:720px;height:auto\" srcset=\"https:\/\/automotiverevista.pt\/wp-content\/uploads\/2026\/04\/IMG_6934-1024x449.jpg 1024w, https:\/\/automotiverevista.pt\/wp-content\/uploads\/2026\/04\/IMG_6934-300x131.jpg 300w, https:\/\/automotiverevista.pt\/wp-content\/uploads\/2026\/04\/IMG_6934-768x336.jpg 768w, https:\/\/automotiverevista.pt\/wp-content\/uploads\/2026\/04\/IMG_6934-750x329.jpg 750w, https:\/\/automotiverevista.pt\/wp-content\/uploads\/2026\/04\/IMG_6934-1140x499.jpg 1140w, https:\/\/automotiverevista.pt\/wp-content\/uploads\/2026\/04\/IMG_6934.jpg 1500w\" sizes=\"(max-width: 1024px) 100vw, 1024px\" \/><\/figure>\n","protected":false},"excerpt":{"rendered":"<p>Conforme temos vindo a divulgar, a DPD Portugal tem mantido firme a sua pol\u00edtica de mobilidade sustent\u00e1vel da sua frota, atrav\u00e9s da incorpora\u00e7\u00e3o de novos furg\u00f5es 100% el\u00e9tricos, bem como na dinamiza\u00e7\u00e3o de uma estrutura pr\u00f3pria de carregadores el\u00e9tricos, nas suas diversas plataformas em territ\u00f3rio nacional. No seguimento dessa din\u00e2mica, a Revista Automotive desafiou a [&hellip;]<\/p>\n","protected":false},"author":1,"featured_media":13141,"comment_status":"closed","ping_status":"open","sticky":false,"template":"","format":"standard","meta":{"jnews-multi-image_gallery":[],"jnews_single_post":{"format":"standard"},"jnews_primary_category":[],"footnotes":""},"categories":[23],"tags":[],"class_list":["post-13138","post","type-post","status-publish","format-standard","has-post-thumbnail","hentry","category-frotas"],"yoast_head":"<!-- This site is optimized with the Yoast SEO Premium plugin v27.5 (Yoast SEO v27.5) - https:\/\/yoast.com\/product\/yoast-seo-premium-wordpress\/ -->\n<title>Toyota Proace MAX 100% el\u00e9trico em teste real na DPD - Revista Automotive<\/title>\n<meta name=\"description\" content=\"a DPD Portugal tem firme a sua pol\u00edtica de mobilidade sustent\u00e1vel da sua frota, atrav\u00e9s da incorpora\u00e7\u00e3o de novos furg\u00f5es 100% el\u00e9tricos,\" \/>\n<meta name=\"robots\" content=\"index, follow, max-snippet:-1, max-image-preview:large, max-video-preview:-1\" \/>\n<link rel=\"canonical\" href=\"https:\/\/automotiverevista.pt\/index.php\/2026\/04\/30\/toyota-proace-max-100-eletrico-em-teste-real-na-dpd\/\" \/>\n<meta property=\"og:locale\" content=\"pt_PT\" \/>\n<meta property=\"og:type\" content=\"article\" \/>\n<meta property=\"og:title\" content=\"Toyota Proace MAX 100% el\u00e9trico em teste real na DPD\" \/>\n<meta property=\"og:description\" content=\"a DPD Portugal tem firme a sua pol\u00edtica de mobilidade sustent\u00e1vel da sua frota, atrav\u00e9s da incorpora\u00e7\u00e3o de novos furg\u00f5es 100% el\u00e9tricos,\" \/>\n<meta property=\"og:url\" content=\"https:\/\/automotiverevista.pt\/index.php\/2026\/04\/30\/toyota-proace-max-100-eletrico-em-teste-real-na-dpd\/\" \/>\n<meta property=\"og:site_name\" content=\"Revista Automotive\" \/>\n<meta property=\"article:published_time\" content=\"2026-04-30T13:36:24+00:00\" \/>\n<meta property=\"article:modified_time\" content=\"2026-04-30T13:38:36+00:00\" \/>\n<meta property=\"og:image\" content=\"https:\/\/automotiverevista.pt\/wp-content\/uploads\/2026\/04\/IMG_7247-Copia.jpg\" \/>\n\t<meta property=\"og:image:width\" content=\"1500\" \/>\n\t<meta property=\"og:image:height\" content=\"759\" \/>\n\t<meta property=\"og:image:type\" content=\"image\/jpeg\" \/>\n<meta name=\"author\" content=\"adminNovo\" \/>\n<meta name=\"twitter:card\" content=\"summary_large_image\" \/>\n<meta name=\"twitter:label1\" content=\"Escrito por\" \/>\n\t<meta name=\"twitter:data1\" content=\"adminNovo\" \/>\n\t<meta name=\"twitter:label2\" content=\"Tempo estimado de leitura\" \/>\n\t<meta name=\"twitter:data2\" content=\"8 minutos\" \/>\n<script type=\"application\/ld+json\" class=\"yoast-schema-graph\">{\"@context\":\"https:\\\/\\\/schema.org\",\"@graph\":[{\"@type\":\"Article\",\"@id\":\"https:\\\/\\\/automotiverevista.pt\\\/index.php\\\/2026\\\/04\\\/30\\\/toyota-proace-max-100-eletrico-em-teste-real-na-dpd\\\/#article\",\"isPartOf\":{\"@id\":\"https:\\\/\\\/automotiverevista.pt\\\/index.php\\\/2026\\\/04\\\/30\\\/toyota-proace-max-100-eletrico-em-teste-real-na-dpd\\\/\"},\"author\":{\"name\":\"adminNovo\",\"@id\":\"https:\\\/\\\/automotiverevista.pt\\\/#\\\/schema\\\/person\\\/1265858bc8c78a0f969de814da8be281\"},\"headline\":\"Toyota Proace MAX 100% el\u00e9trico em teste real na DPD\",\"datePublished\":\"2026-04-30T13:36:24+00:00\",\"dateModified\":\"2026-04-30T13:38:36+00:00\",\"mainEntityOfPage\":{\"@id\":\"https:\\\/\\\/automotiverevista.pt\\\/index.php\\\/2026\\\/04\\\/30\\\/toyota-proace-max-100-eletrico-em-teste-real-na-dpd\\\/\"},\"wordCount\":1065,\"publisher\":{\"@id\":\"https:\\\/\\\/automotiverevista.pt\\\/#organization\"},\"image\":{\"@id\":\"https:\\\/\\\/automotiverevista.pt\\\/index.php\\\/2026\\\/04\\\/30\\\/toyota-proace-max-100-eletrico-em-teste-real-na-dpd\\\/#primaryimage\"},\"thumbnailUrl\":\"https:\\\/\\\/automotiverevista.pt\\\/wp-content\\\/uploads\\\/2026\\\/04\\\/IMG_7247-Copia.jpg\",\"articleSection\":[\"Frotas\"],\"inLanguage\":\"pt-PT\"},{\"@type\":\"WebPage\",\"@id\":\"https:\\\/\\\/automotiverevista.pt\\\/index.php\\\/2026\\\/04\\\/30\\\/toyota-proace-max-100-eletrico-em-teste-real-na-dpd\\\/\",\"url\":\"https:\\\/\\\/automotiverevista.pt\\\/index.php\\\/2026\\\/04\\\/30\\\/toyota-proace-max-100-eletrico-em-teste-real-na-dpd\\\/\",\"name\":\"Toyota Proace MAX 100% el\u00e9trico em teste real na DPD - Revista Automotive\",\"isPartOf\":{\"@id\":\"https:\\\/\\\/automotiverevista.pt\\\/#website\"},\"primaryImageOfPage\":{\"@id\":\"https:\\\/\\\/automotiverevista.pt\\\/index.php\\\/2026\\\/04\\\/30\\\/toyota-proace-max-100-eletrico-em-teste-real-na-dpd\\\/#primaryimage\"},\"image\":{\"@id\":\"https:\\\/\\\/automotiverevista.pt\\\/index.php\\\/2026\\\/04\\\/30\\\/toyota-proace-max-100-eletrico-em-teste-real-na-dpd\\\/#primaryimage\"},\"thumbnailUrl\":\"https:\\\/\\\/automotiverevista.pt\\\/wp-content\\\/uploads\\\/2026\\\/04\\\/IMG_7247-Copia.jpg\",\"datePublished\":\"2026-04-30T13:36:24+00:00\",\"dateModified\":\"2026-04-30T13:38:36+00:00\",\"description\":\"a DPD Portugal tem firme a sua pol\u00edtica de mobilidade sustent\u00e1vel da sua frota, atrav\u00e9s da incorpora\u00e7\u00e3o de novos furg\u00f5es 100% el\u00e9tricos,\",\"breadcrumb\":{\"@id\":\"https:\\\/\\\/automotiverevista.pt\\\/index.php\\\/2026\\\/04\\\/30\\\/toyota-proace-max-100-eletrico-em-teste-real-na-dpd\\\/#breadcrumb\"},\"inLanguage\":\"pt-PT\",\"potentialAction\":[{\"@type\":\"ReadAction\",\"target\":[\"https:\\\/\\\/automotiverevista.pt\\\/index.php\\\/2026\\\/04\\\/30\\\/toyota-proace-max-100-eletrico-em-teste-real-na-dpd\\\/\"]}]},{\"@type\":\"ImageObject\",\"inLanguage\":\"pt-PT\",\"@id\":\"https:\\\/\\\/automotiverevista.pt\\\/index.php\\\/2026\\\/04\\\/30\\\/toyota-proace-max-100-eletrico-em-teste-real-na-dpd\\\/#primaryimage\",\"url\":\"https:\\\/\\\/automotiverevista.pt\\\/wp-content\\\/uploads\\\/2026\\\/04\\\/IMG_7247-Copia.jpg\",\"contentUrl\":\"https:\\\/\\\/automotiverevista.pt\\\/wp-content\\\/uploads\\\/2026\\\/04\\\/IMG_7247-Copia.jpg\",\"width\":1500,\"height\":759},{\"@type\":\"BreadcrumbList\",\"@id\":\"https:\\\/\\\/automotiverevista.pt\\\/index.php\\\/2026\\\/04\\\/30\\\/toyota-proace-max-100-eletrico-em-teste-real-na-dpd\\\/#breadcrumb\",\"itemListElement\":[{\"@type\":\"ListItem\",\"position\":1,\"name\":\"Home\",\"item\":\"https:\\\/\\\/automotiverevista.pt\\\/\"},{\"@type\":\"ListItem\",\"position\":2,\"name\":\"Toyota Proace MAX 100% el\u00e9trico em teste real na DPD\"}]},{\"@type\":\"WebSite\",\"@id\":\"https:\\\/\\\/automotiverevista.pt\\\/#website\",\"url\":\"https:\\\/\\\/automotiverevista.pt\\\/\",\"name\":\"Revista Automotive\",\"description\":\"Revista Automotive Portugal\",\"publisher\":{\"@id\":\"https:\\\/\\\/automotiverevista.pt\\\/#organization\"},\"potentialAction\":[{\"@type\":\"SearchAction\",\"target\":{\"@type\":\"EntryPoint\",\"urlTemplate\":\"https:\\\/\\\/automotiverevista.pt\\\/?s={search_term_string}\"},\"query-input\":{\"@type\":\"PropertyValueSpecification\",\"valueRequired\":true,\"valueName\":\"search_term_string\"}}],\"inLanguage\":\"pt-PT\"},{\"@type\":\"Organization\",\"@id\":\"https:\\\/\\\/automotiverevista.pt\\\/#organization\",\"name\":\"Revista Automotive Portugal\",\"url\":\"https:\\\/\\\/automotiverevista.pt\\\/\",\"logo\":{\"@type\":\"ImageObject\",\"inLanguage\":\"pt-PT\",\"@id\":\"https:\\\/\\\/automotiverevista.pt\\\/#\\\/schema\\\/logo\\\/image\\\/\",\"url\":\"https:\\\/\\\/automotiverevista.pt\\\/wp-content\\\/uploads\\\/2022\\\/07\\\/Logo-Automotive-2021_500-1.jpg\",\"contentUrl\":\"https:\\\/\\\/automotiverevista.pt\\\/wp-content\\\/uploads\\\/2022\\\/07\\\/Logo-Automotive-2021_500-1.jpg\",\"width\":500,\"height\":160,\"caption\":\"Revista Automotive Portugal\"},\"image\":{\"@id\":\"https:\\\/\\\/automotiverevista.pt\\\/#\\\/schema\\\/logo\\\/image\\\/\"},\"sameAs\":[\"https:\\\/\\\/linkedin.com\\\/in\\\/automotiverevista\"]},{\"@type\":\"Person\",\"@id\":\"https:\\\/\\\/automotiverevista.pt\\\/#\\\/schema\\\/person\\\/1265858bc8c78a0f969de814da8be281\",\"name\":\"adminNovo\",\"image\":{\"@type\":\"ImageObject\",\"inLanguage\":\"pt-PT\",\"@id\":\"https:\\\/\\\/secure.gravatar.com\\\/avatar\\\/c606c1288dcc11eb4c709aa5136fdb962583c410f5c23c0b7bf6917c542be355?s=96&d=mm&r=g\",\"url\":\"https:\\\/\\\/secure.gravatar.com\\\/avatar\\\/c606c1288dcc11eb4c709aa5136fdb962583c410f5c23c0b7bf6917c542be355?s=96&d=mm&r=g\",\"contentUrl\":\"https:\\\/\\\/secure.gravatar.com\\\/avatar\\\/c606c1288dcc11eb4c709aa5136fdb962583c410f5c23c0b7bf6917c542be355?s=96&d=mm&r=g\",\"caption\":\"adminNovo\"},\"sameAs\":[\"https:\\\/\\\/automotiverevista.pt\"],\"url\":\"https:\\\/\\\/automotiverevista.pt\\\/index.php\\\/author\\\/adminnovo\\\/\"}]}<\/script>\n<!-- \/ Yoast SEO Premium plugin. -->","yoast_head_json":{"title":"Toyota Proace MAX 100% el\u00e9trico em teste real na DPD - Revista Automotive","description":"a DPD Portugal tem firme a sua pol\u00edtica de mobilidade sustent\u00e1vel da sua frota, atrav\u00e9s da incorpora\u00e7\u00e3o de novos furg\u00f5es 100% el\u00e9tricos,","robots":{"index":"index","follow":"follow","max-snippet":"max-snippet:-1","max-image-preview":"max-image-preview:large","max-video-preview":"max-video-preview:-1"},"canonical":"https:\/\/automotiverevista.pt\/index.php\/2026\/04\/30\/toyota-proace-max-100-eletrico-em-teste-real-na-dpd\/","og_locale":"pt_PT","og_type":"article","og_title":"Toyota Proace MAX 100% el\u00e9trico em teste real na DPD","og_description":"a DPD Portugal tem firme a sua pol\u00edtica de mobilidade sustent\u00e1vel da sua frota, atrav\u00e9s da incorpora\u00e7\u00e3o de novos furg\u00f5es 100% el\u00e9tricos,","og_url":"https:\/\/automotiverevista.pt\/index.php\/2026\/04\/30\/toyota-proace-max-100-eletrico-em-teste-real-na-dpd\/","og_site_name":"Revista Automotive","article_published_time":"2026-04-30T13:36:24+00:00","article_modified_time":"2026-04-30T13:38:36+00:00","og_image":[{"width":1500,"height":759,"url":"https:\/\/automotiverevista.pt\/wp-content\/uploads\/2026\/04\/IMG_7247-Copia.jpg","type":"image\/jpeg"}],"author":"adminNovo","twitter_card":"summary_large_image","twitter_misc":{"Escrito por":"adminNovo","Tempo estimado de leitura":"8 minutos"},"schema":{"@context":"https:\/\/schema.org","@graph":[{"@type":"Article","@id":"https:\/\/automotiverevista.pt\/index.php\/2026\/04\/30\/toyota-proace-max-100-eletrico-em-teste-real-na-dpd\/#article","isPartOf":{"@id":"https:\/\/automotiverevista.pt\/index.php\/2026\/04\/30\/toyota-proace-max-100-eletrico-em-teste-real-na-dpd\/"},"author":{"name":"adminNovo","@id":"https:\/\/automotiverevista.pt\/#\/schema\/person\/1265858bc8c78a0f969de814da8be281"},"headline":"Toyota Proace MAX 100% el\u00e9trico em teste real na DPD","datePublished":"2026-04-30T13:36:24+00:00","dateModified":"2026-04-30T13:38:36+00:00","mainEntityOfPage":{"@id":"https:\/\/automotiverevista.pt\/index.php\/2026\/04\/30\/toyota-proace-max-100-eletrico-em-teste-real-na-dpd\/"},"wordCount":1065,"publisher":{"@id":"https:\/\/automotiverevista.pt\/#organization"},"image":{"@id":"https:\/\/automotiverevista.pt\/index.php\/2026\/04\/30\/toyota-proace-max-100-eletrico-em-teste-real-na-dpd\/#primaryimage"},"thumbnailUrl":"https:\/\/automotiverevista.pt\/wp-content\/uploads\/2026\/04\/IMG_7247-Copia.jpg","articleSection":["Frotas"],"inLanguage":"pt-PT"},{"@type":"WebPage","@id":"https:\/\/automotiverevista.pt\/index.php\/2026\/04\/30\/toyota-proace-max-100-eletrico-em-teste-real-na-dpd\/","url":"https:\/\/automotiverevista.pt\/index.php\/2026\/04\/30\/toyota-proace-max-100-eletrico-em-teste-real-na-dpd\/","name":"Toyota Proace MAX 100% el\u00e9trico em teste real na DPD - Revista Automotive","isPartOf":{"@id":"https:\/\/automotiverevista.pt\/#website"},"primaryImageOfPage":{"@id":"https:\/\/automotiverevista.pt\/index.php\/2026\/04\/30\/toyota-proace-max-100-eletrico-em-teste-real-na-dpd\/#primaryimage"},"image":{"@id":"https:\/\/automotiverevista.pt\/index.php\/2026\/04\/30\/toyota-proace-max-100-eletrico-em-teste-real-na-dpd\/#primaryimage"},"thumbnailUrl":"https:\/\/automotiverevista.pt\/wp-content\/uploads\/2026\/04\/IMG_7247-Copia.jpg","datePublished":"2026-04-30T13:36:24+00:00","dateModified":"2026-04-30T13:38:36+00:00","description":"a DPD Portugal tem firme a sua pol\u00edtica de mobilidade sustent\u00e1vel da sua frota, atrav\u00e9s da incorpora\u00e7\u00e3o de novos furg\u00f5es 100% el\u00e9tricos,","breadcrumb":{"@id":"https:\/\/automotiverevista.pt\/index.php\/2026\/04\/30\/toyota-proace-max-100-eletrico-em-teste-real-na-dpd\/#breadcrumb"},"inLanguage":"pt-PT","potentialAction":[{"@type":"ReadAction","target":["https:\/\/automotiverevista.pt\/index.php\/2026\/04\/30\/toyota-proace-max-100-eletrico-em-teste-real-na-dpd\/"]}]},{"@type":"ImageObject","inLanguage":"pt-PT","@id":"https:\/\/automotiverevista.pt\/index.php\/2026\/04\/30\/toyota-proace-max-100-eletrico-em-teste-real-na-dpd\/#primaryimage","url":"https:\/\/automotiverevista.pt\/wp-content\/uploads\/2026\/04\/IMG_7247-Copia.jpg","contentUrl":"https:\/\/automotiverevista.pt\/wp-content\/uploads\/2026\/04\/IMG_7247-Copia.jpg","width":1500,"height":759},{"@type":"BreadcrumbList","@id":"https:\/\/automotiverevista.pt\/index.php\/2026\/04\/30\/toyota-proace-max-100-eletrico-em-teste-real-na-dpd\/#breadcrumb","itemListElement":[{"@type":"ListItem","position":1,"name":"Home","item":"https:\/\/automotiverevista.pt\/"},{"@type":"ListItem","position":2,"name":"Toyota Proace MAX 100% el\u00e9trico em teste real na DPD"}]},{"@type":"WebSite","@id":"https:\/\/automotiverevista.pt\/#website","url":"https:\/\/automotiverevista.pt\/","name":"Revista Automotive","description":"Revista Automotive Portugal","publisher":{"@id":"https:\/\/automotiverevista.pt\/#organization"},"potentialAction":[{"@type":"SearchAction","target":{"@type":"EntryPoint","urlTemplate":"https:\/\/automotiverevista.pt\/?s={search_term_string}"},"query-input":{"@type":"PropertyValueSpecification","valueRequired":true,"valueName":"search_term_string"}}],"inLanguage":"pt-PT"},{"@type":"Organization","@id":"https:\/\/automotiverevista.pt\/#organization","name":"Revista Automotive Portugal","url":"https:\/\/automotiverevista.pt\/","logo":{"@type":"ImageObject","inLanguage":"pt-PT","@id":"https:\/\/automotiverevista.pt\/#\/schema\/logo\/image\/","url":"https:\/\/automotiverevista.pt\/wp-content\/uploads\/2022\/07\/Logo-Automotive-2021_500-1.jpg","contentUrl":"https:\/\/automotiverevista.pt\/wp-content\/uploads\/2022\/07\/Logo-Automotive-2021_500-1.jpg","width":500,"height":160,"caption":"Revista Automotive Portugal"},"image":{"@id":"https:\/\/automotiverevista.pt\/#\/schema\/logo\/image\/"},"sameAs":["https:\/\/linkedin.com\/in\/automotiverevista"]},{"@type":"Person","@id":"https:\/\/automotiverevista.pt\/#\/schema\/person\/1265858bc8c78a0f969de814da8be281","name":"adminNovo","image":{"@type":"ImageObject","inLanguage":"pt-PT","@id":"https:\/\/secure.gravatar.com\/avatar\/c606c1288dcc11eb4c709aa5136fdb962583c410f5c23c0b7bf6917c542be355?s=96&d=mm&r=g","url":"https:\/\/secure.gravatar.com\/avatar\/c606c1288dcc11eb4c709aa5136fdb962583c410f5c23c0b7bf6917c542be355?s=96&d=mm&r=g","contentUrl":"https:\/\/secure.gravatar.com\/avatar\/c606c1288dcc11eb4c709aa5136fdb962583c410f5c23c0b7bf6917c542be355?s=96&d=mm&r=g","caption":"adminNovo"},"sameAs":["https:\/\/automotiverevista.pt"],"url":"https:\/\/automotiverevista.pt\/index.php\/author\/adminnovo\/"}]}},"_links":{"self":[{"href":"https:\/\/automotiverevista.pt\/index.php\/wp-json\/wp\/v2\/posts\/13138","targetHints":{"allow":["GET"]}}],"collection":[{"href":"https:\/\/automotiverevista.pt\/index.php\/wp-json\/wp\/v2\/posts"}],"about":[{"href":"https:\/\/automotiverevista.pt\/index.php\/wp-json\/wp\/v2\/types\/post"}],"author":[{"embeddable":true,"href":"https:\/\/automotiverevista.pt\/index.php\/wp-json\/wp\/v2\/users\/1"}],"replies":[{"embeddable":true,"href":"https:\/\/automotiverevista.pt\/index.php\/wp-json\/wp\/v2\/comments?post=13138"}],"version-history":[{"count":3,"href":"https:\/\/automotiverevista.pt\/index.php\/wp-json\/wp\/v2\/posts\/13138\/revisions"}],"predecessor-version":[{"id":13158,"href":"https:\/\/automotiverevista.pt\/index.php\/wp-json\/wp\/v2\/posts\/13138\/revisions\/13158"}],"wp:featuredmedia":[{"embeddable":true,"href":"https:\/\/automotiverevista.pt\/index.php\/wp-json\/wp\/v2\/media\/13141"}],"wp:attachment":[{"href":"https:\/\/automotiverevista.pt\/index.php\/wp-json\/wp\/v2\/media?parent=13138"}],"wp:term":[{"taxonomy":"category","embeddable":true,"href":"https:\/\/automotiverevista.pt\/index.php\/wp-json\/wp\/v2\/categories?post=13138"},{"taxonomy":"post_tag","embeddable":true,"href":"https:\/\/automotiverevista.pt\/index.php\/wp-json\/wp\/v2\/tags?post=13138"}],"curies":[{"name":"wp","href":"https:\/\/api.w.org\/{rel}","templated":true}]}}