{"id":13161,"date":"2026-05-01T14:00:00","date_gmt":"2026-05-01T14:00:00","guid":{"rendered":"https:\/\/automotiverevista.pt\/?p=13161"},"modified":"2026-04-30T18:52:43","modified_gmt":"2026-04-30T18:52:43","slug":"valorpneu-com-indicadores-positivos-em-2025","status":"publish","type":"post","link":"https:\/\/automotiverevista.pt\/index.php\/2026\/05\/01\/valorpneu-com-indicadores-positivos-em-2025\/","title":{"rendered":"Valorpneu \u2013 com indicadores positivos em 2025"},"content":{"rendered":"\n<p>No ano de <a href=\"https:\/\/automotiverevista.pt\/index.php\/2026\/02\/10\/programa-nextlap-da-valorpneu\/\" id=\"https:\/\/automotiverevista.pt\/index.php\/2026\/02\/10\/programa-nextlap-da-valorpneu\/\">2025 <\/a>a entidade gestora de pneus usados em Portugal cumpriu com sucesso os objetivos estabelecidos para o SIGPU naquele ano, garantindo que os pneus usados em Portugal fossem recolhidos, sujeitos a prepara\u00e7\u00e3o para a reutiliza\u00e7\u00e3o, reciclados e valorizados energeticamente.<\/p>\n\n\n\n<p>Uma vez mais, a Valorpneu cumpriu e at\u00e9 excedeu o objetivo de recolha de 96% da quantidade de pneus usados gerados. Adicionalmente, recolheu e tratou voluntariamente 9 937 toneladas de pneus usados, enviando-os para valoriza\u00e7\u00e3o energ\u00e9tica e evitando os riscos associados ao n\u00e3o tratamento das mesmas.<\/p>\n\n\n\n<p>Em rela\u00e7\u00e3o ao tratamento dos pneus usados, a reciclagem permaneceu o destino final predominante, com uma quantidade de 69 704 toneladas (77,9% do total tratado). Do restante, 17 756 toneladas foram encaminhadas para valoriza\u00e7\u00e3o energ\u00e9tica e 2 048 toneladas para prepara\u00e7\u00e3o para reutiliza\u00e7\u00e3o (recauchutagem e reutiliza\u00e7\u00e3o meio piso).<\/p>\n\n\n\n<p>Para al\u00e9m da gest\u00e3o operacional do SIGPU, a Valorpneu dinamizou diversas iniciativas de preven\u00e7\u00e3o, comunica\u00e7\u00e3o e sensibiliza\u00e7\u00e3o, bem como no desenvolvimento de projetos de Investiga\u00e7\u00e3o e Desenvolvimento (I&amp;D), com o objetivo de otimizar continuamente o desempenho do sistema. A entidade tamb\u00e9m incentivou pr\u00e1ticas de consumo mais respons\u00e1veis, em paralelo com a investiga\u00e7\u00e3o de novas solu\u00e7\u00f5es para o tratamento de pneus usados, \u00e9 essencial para refor\u00e7ar a efic\u00e1cia e a sustentabilidade da economia circular.<\/p>\n\n\n<div class=\"wp-block-image\">\n<figure class=\"aligncenter size-full is-resized\"><img decoding=\"async\" width=\"302\" height=\"75\" src=\"https:\/\/automotiverevista.pt\/wp-content\/uploads\/2026\/04\/2.png\" alt=\"\" class=\"wp-image-13166\" style=\"width:366px;height:auto\" srcset=\"https:\/\/automotiverevista.pt\/wp-content\/uploads\/2026\/04\/2.png 302w, https:\/\/automotiverevista.pt\/wp-content\/uploads\/2026\/04\/2-300x75.png 300w\" sizes=\"(max-width: 302px) 100vw, 302px\" \/><\/figure>\n<\/div>\n\n\n<p><\/p>\n","protected":false},"excerpt":{"rendered":"<p>No ano de 2025 a entidade gestora de pneus usados em Portugal cumpriu com sucesso os objetivos estabelecidos para o SIGPU naquele ano, garantindo que os pneus usados em Portugal fossem recolhidos, sujeitos a prepara\u00e7\u00e3o para a reutiliza\u00e7\u00e3o, reciclados e valorizados energeticamente. Uma vez mais, a Valorpneu cumpriu e at\u00e9 excedeu o objetivo de recolha [&hellip;]<\/p>\n","protected":false},"author":4,"featured_media":13165,"comment_status":"closed","ping_status":"open","sticky":false,"template":"","format":"standard","meta":{"jnews-multi-image_gallery":[],"jnews_single_post":{"format":"standard"},"jnews_primary_category":[],"footnotes":""},"categories":[21],"tags":[],"class_list":["post-13161","post","type-post","status-publish","format-standard","has-post-thumbnail","hentry","category-pos-venda"],"yoast_head":"<!-- This site is optimized with the Yoast SEO Premium plugin v27.5 (Yoast SEO v27.5) - https:\/\/yoast.com\/product\/yoast-seo-premium-wordpress\/ -->\n<title>Valorpneu \u2013 com indicadores positivos em 2025 - Revista Automotive<\/title>\n<meta name=\"description\" content=\"No ano de 2025 a entidade gestora de pneus usados em Portugal cumpriu com sucesso os objetivos estabelecidos para o SIGPU naquele ano, garant\" \/>\n<meta name=\"robots\" content=\"index, follow, max-snippet:-1, max-image-preview:large, max-video-preview:-1\" \/>\n<link rel=\"canonical\" href=\"https:\/\/automotiverevista.pt\/index.php\/2026\/05\/01\/valorpneu-com-indicadores-positivos-em-2025\/\" \/>\n<meta property=\"og:locale\" content=\"pt_PT\" \/>\n<meta property=\"og:type\" content=\"article\" \/>\n<meta property=\"og:title\" content=\"Valorpneu \u2013 com indicadores positivos em 2025\" \/>\n<meta property=\"og:description\" content=\"No ano de 2025 a entidade gestora de pneus usados em Portugal cumpriu com sucesso os objetivos estabelecidos para o SIGPU naquele ano, garant\" \/>\n<meta property=\"og:url\" content=\"https:\/\/automotiverevista.pt\/index.php\/2026\/05\/01\/valorpneu-com-indicadores-positivos-em-2025\/\" \/>\n<meta property=\"og:site_name\" content=\"Revista Automotive\" \/>\n<meta property=\"article:published_time\" content=\"2026-05-01T14:00:00+00:00\" \/>\n<meta property=\"og:image\" content=\"https:\/\/automotiverevista.pt\/wp-content\/uploads\/2026\/04\/DSC_0116_11zon.jpg\" \/>\n\t<meta property=\"og:image:width\" content=\"1886\" \/>\n\t<meta property=\"og:image:height\" content=\"1257\" \/>\n\t<meta property=\"og:image:type\" content=\"image\/jpeg\" \/>\n<meta name=\"author\" content=\"Fatima Silva\" \/>\n<meta name=\"twitter:card\" content=\"summary_large_image\" \/>\n<meta name=\"twitter:label1\" content=\"Escrito por\" \/>\n\t<meta name=\"twitter:data1\" content=\"Fatima Silva\" \/>\n\t<meta name=\"twitter:label2\" content=\"Tempo estimado de leitura\" \/>\n\t<meta name=\"twitter:data2\" content=\"2 minutos\" \/>\n<script type=\"application\/ld+json\" class=\"yoast-schema-graph\">{\"@context\":\"https:\\\/\\\/schema.org\",\"@graph\":[{\"@type\":\"Article\",\"@id\":\"https:\\\/\\\/automotiverevista.pt\\\/index.php\\\/2026\\\/05\\\/01\\\/valorpneu-com-indicadores-positivos-em-2025\\\/#article\",\"isPartOf\":{\"@id\":\"https:\\\/\\\/automotiverevista.pt\\\/index.php\\\/2026\\\/05\\\/01\\\/valorpneu-com-indicadores-positivos-em-2025\\\/\"},\"author\":{\"name\":\"Fatima Silva\",\"@id\":\"https:\\\/\\\/automotiverevista.pt\\\/#\\\/schema\\\/person\\\/1e95eb12553b8edd256acb00fe6dad4b\"},\"headline\":\"Valorpneu \u2013 com indicadores positivos em 2025\",\"datePublished\":\"2026-05-01T14:00:00+00:00\",\"mainEntityOfPage\":{\"@id\":\"https:\\\/\\\/automotiverevista.pt\\\/index.php\\\/2026\\\/05\\\/01\\\/valorpneu-com-indicadores-positivos-em-2025\\\/\"},\"wordCount\":228,\"publisher\":{\"@id\":\"https:\\\/\\\/automotiverevista.pt\\\/#organization\"},\"image\":{\"@id\":\"https:\\\/\\\/automotiverevista.pt\\\/index.php\\\/2026\\\/05\\\/01\\\/valorpneu-com-indicadores-positivos-em-2025\\\/#primaryimage\"},\"thumbnailUrl\":\"https:\\\/\\\/automotiverevista.pt\\\/wp-content\\\/uploads\\\/2026\\\/04\\\/DSC_0116_11zon.jpg\",\"articleSection\":[\"P\u00f3s-Venda\"],\"inLanguage\":\"pt-PT\"},{\"@type\":\"WebPage\",\"@id\":\"https:\\\/\\\/automotiverevista.pt\\\/index.php\\\/2026\\\/05\\\/01\\\/valorpneu-com-indicadores-positivos-em-2025\\\/\",\"url\":\"https:\\\/\\\/automotiverevista.pt\\\/index.php\\\/2026\\\/05\\\/01\\\/valorpneu-com-indicadores-positivos-em-2025\\\/\",\"name\":\"Valorpneu \u2013 com indicadores positivos em 2025 - Revista Automotive\",\"isPartOf\":{\"@id\":\"https:\\\/\\\/automotiverevista.pt\\\/#website\"},\"primaryImageOfPage\":{\"@id\":\"https:\\\/\\\/automotiverevista.pt\\\/index.php\\\/2026\\\/05\\\/01\\\/valorpneu-com-indicadores-positivos-em-2025\\\/#primaryimage\"},\"image\":{\"@id\":\"https:\\\/\\\/automotiverevista.pt\\\/index.php\\\/2026\\\/05\\\/01\\\/valorpneu-com-indicadores-positivos-em-2025\\\/#primaryimage\"},\"thumbnailUrl\":\"https:\\\/\\\/automotiverevista.pt\\\/wp-content\\\/uploads\\\/2026\\\/04\\\/DSC_0116_11zon.jpg\",\"datePublished\":\"2026-05-01T14:00:00+00:00\",\"description\":\"No ano de 2025 a entidade gestora de pneus usados em Portugal cumpriu com sucesso os objetivos estabelecidos para o SIGPU naquele ano, garant\",\"breadcrumb\":{\"@id\":\"https:\\\/\\\/automotiverevista.pt\\\/index.php\\\/2026\\\/05\\\/01\\\/valorpneu-com-indicadores-positivos-em-2025\\\/#breadcrumb\"},\"inLanguage\":\"pt-PT\",\"potentialAction\":[{\"@type\":\"ReadAction\",\"target\":[\"https:\\\/\\\/automotiverevista.pt\\\/index.php\\\/2026\\\/05\\\/01\\\/valorpneu-com-indicadores-positivos-em-2025\\\/\"]}]},{\"@type\":\"ImageObject\",\"inLanguage\":\"pt-PT\",\"@id\":\"https:\\\/\\\/automotiverevista.pt\\\/index.php\\\/2026\\\/05\\\/01\\\/valorpneu-com-indicadores-positivos-em-2025\\\/#primaryimage\",\"url\":\"https:\\\/\\\/automotiverevista.pt\\\/wp-content\\\/uploads\\\/2026\\\/04\\\/DSC_0116_11zon.jpg\",\"contentUrl\":\"https:\\\/\\\/automotiverevista.pt\\\/wp-content\\\/uploads\\\/2026\\\/04\\\/DSC_0116_11zon.jpg\",\"width\":1886,\"height\":1257},{\"@type\":\"BreadcrumbList\",\"@id\":\"https:\\\/\\\/automotiverevista.pt\\\/index.php\\\/2026\\\/05\\\/01\\\/valorpneu-com-indicadores-positivos-em-2025\\\/#breadcrumb\",\"itemListElement\":[{\"@type\":\"ListItem\",\"position\":1,\"name\":\"Home\",\"item\":\"https:\\\/\\\/automotiverevista.pt\\\/\"},{\"@type\":\"ListItem\",\"position\":2,\"name\":\"Valorpneu \u2013 com indicadores positivos em 2025\"}]},{\"@type\":\"WebSite\",\"@id\":\"https:\\\/\\\/automotiverevista.pt\\\/#website\",\"url\":\"https:\\\/\\\/automotiverevista.pt\\\/\",\"name\":\"Revista Automotive\",\"description\":\"Revista Automotive Portugal\",\"publisher\":{\"@id\":\"https:\\\/\\\/automotiverevista.pt\\\/#organization\"},\"potentialAction\":[{\"@type\":\"SearchAction\",\"target\":{\"@type\":\"EntryPoint\",\"urlTemplate\":\"https:\\\/\\\/automotiverevista.pt\\\/?s={search_term_string}\"},\"query-input\":{\"@type\":\"PropertyValueSpecification\",\"valueRequired\":true,\"valueName\":\"search_term_string\"}}],\"inLanguage\":\"pt-PT\"},{\"@type\":\"Organization\",\"@id\":\"https:\\\/\\\/automotiverevista.pt\\\/#organization\",\"name\":\"Revista Automotive Portugal\",\"url\":\"https:\\\/\\\/automotiverevista.pt\\\/\",\"logo\":{\"@type\":\"ImageObject\",\"inLanguage\":\"pt-PT\",\"@id\":\"https:\\\/\\\/automotiverevista.pt\\\/#\\\/schema\\\/logo\\\/image\\\/\",\"url\":\"https:\\\/\\\/automotiverevista.pt\\\/wp-content\\\/uploads\\\/2022\\\/07\\\/Logo-Automotive-2021_500-1.jpg\",\"contentUrl\":\"https:\\\/\\\/automotiverevista.pt\\\/wp-content\\\/uploads\\\/2022\\\/07\\\/Logo-Automotive-2021_500-1.jpg\",\"width\":500,\"height\":160,\"caption\":\"Revista Automotive Portugal\"},\"image\":{\"@id\":\"https:\\\/\\\/automotiverevista.pt\\\/#\\\/schema\\\/logo\\\/image\\\/\"},\"sameAs\":[\"https:\\\/\\\/linkedin.com\\\/in\\\/automotiverevista\"]},{\"@type\":\"Person\",\"@id\":\"https:\\\/\\\/automotiverevista.pt\\\/#\\\/schema\\\/person\\\/1e95eb12553b8edd256acb00fe6dad4b\",\"name\":\"Fatima Silva\",\"image\":{\"@type\":\"ImageObject\",\"inLanguage\":\"pt-PT\",\"@id\":\"https:\\\/\\\/secure.gravatar.com\\\/avatar\\\/4b4a955a9c1b66708ab0dd3bd6181ac1f650299d893bd337a28482f7f19c8511?s=96&d=mm&r=g\",\"url\":\"https:\\\/\\\/secure.gravatar.com\\\/avatar\\\/4b4a955a9c1b66708ab0dd3bd6181ac1f650299d893bd337a28482f7f19c8511?s=96&d=mm&r=g\",\"contentUrl\":\"https:\\\/\\\/secure.gravatar.com\\\/avatar\\\/4b4a955a9c1b66708ab0dd3bd6181ac1f650299d893bd337a28482f7f19c8511?s=96&d=mm&r=g\",\"caption\":\"Fatima Silva\"},\"url\":\"https:\\\/\\\/automotiverevista.pt\\\/index.php\\\/author\\\/fgasparsilva\\\/\"}]}<\/script>\n<!-- \/ Yoast SEO Premium plugin. -->","yoast_head_json":{"title":"Valorpneu \u2013 com indicadores positivos em 2025 - Revista Automotive","description":"No ano de 2025 a entidade gestora de pneus usados em Portugal cumpriu com sucesso os objetivos estabelecidos para o SIGPU naquele ano, garant","robots":{"index":"index","follow":"follow","max-snippet":"max-snippet:-1","max-image-preview":"max-image-preview:large","max-video-preview":"max-video-preview:-1"},"canonical":"https:\/\/automotiverevista.pt\/index.php\/2026\/05\/01\/valorpneu-com-indicadores-positivos-em-2025\/","og_locale":"pt_PT","og_type":"article","og_title":"Valorpneu \u2013 com indicadores positivos em 2025","og_description":"No ano de 2025 a entidade gestora de pneus usados em Portugal cumpriu com sucesso os objetivos estabelecidos para o SIGPU naquele ano, garant","og_url":"https:\/\/automotiverevista.pt\/index.php\/2026\/05\/01\/valorpneu-com-indicadores-positivos-em-2025\/","og_site_name":"Revista Automotive","article_published_time":"2026-05-01T14:00:00+00:00","og_image":[{"width":1886,"height":1257,"url":"https:\/\/automotiverevista.pt\/wp-content\/uploads\/2026\/04\/DSC_0116_11zon.jpg","type":"image\/jpeg"}],"author":"Fatima Silva","twitter_card":"summary_large_image","twitter_misc":{"Escrito por":"Fatima Silva","Tempo estimado de leitura":"2 minutos"},"schema":{"@context":"https:\/\/schema.org","@graph":[{"@type":"Article","@id":"https:\/\/automotiverevista.pt\/index.php\/2026\/05\/01\/valorpneu-com-indicadores-positivos-em-2025\/#article","isPartOf":{"@id":"https:\/\/automotiverevista.pt\/index.php\/2026\/05\/01\/valorpneu-com-indicadores-positivos-em-2025\/"},"author":{"name":"Fatima Silva","@id":"https:\/\/automotiverevista.pt\/#\/schema\/person\/1e95eb12553b8edd256acb00fe6dad4b"},"headline":"Valorpneu \u2013 com indicadores positivos em 2025","datePublished":"2026-05-01T14:00:00+00:00","mainEntityOfPage":{"@id":"https:\/\/automotiverevista.pt\/index.php\/2026\/05\/01\/valorpneu-com-indicadores-positivos-em-2025\/"},"wordCount":228,"publisher":{"@id":"https:\/\/automotiverevista.pt\/#organization"},"image":{"@id":"https:\/\/automotiverevista.pt\/index.php\/2026\/05\/01\/valorpneu-com-indicadores-positivos-em-2025\/#primaryimage"},"thumbnailUrl":"https:\/\/automotiverevista.pt\/wp-content\/uploads\/2026\/04\/DSC_0116_11zon.jpg","articleSection":["P\u00f3s-Venda"],"inLanguage":"pt-PT"},{"@type":"WebPage","@id":"https:\/\/automotiverevista.pt\/index.php\/2026\/05\/01\/valorpneu-com-indicadores-positivos-em-2025\/","url":"https:\/\/automotiverevista.pt\/index.php\/2026\/05\/01\/valorpneu-com-indicadores-positivos-em-2025\/","name":"Valorpneu \u2013 com indicadores positivos em 2025 - Revista Automotive","isPartOf":{"@id":"https:\/\/automotiverevista.pt\/#website"},"primaryImageOfPage":{"@id":"https:\/\/automotiverevista.pt\/index.php\/2026\/05\/01\/valorpneu-com-indicadores-positivos-em-2025\/#primaryimage"},"image":{"@id":"https:\/\/automotiverevista.pt\/index.php\/2026\/05\/01\/valorpneu-com-indicadores-positivos-em-2025\/#primaryimage"},"thumbnailUrl":"https:\/\/automotiverevista.pt\/wp-content\/uploads\/2026\/04\/DSC_0116_11zon.jpg","datePublished":"2026-05-01T14:00:00+00:00","description":"No ano de 2025 a entidade gestora de pneus usados em Portugal cumpriu com sucesso os objetivos estabelecidos para o SIGPU naquele ano, garant","breadcrumb":{"@id":"https:\/\/automotiverevista.pt\/index.php\/2026\/05\/01\/valorpneu-com-indicadores-positivos-em-2025\/#breadcrumb"},"inLanguage":"pt-PT","potentialAction":[{"@type":"ReadAction","target":["https:\/\/automotiverevista.pt\/index.php\/2026\/05\/01\/valorpneu-com-indicadores-positivos-em-2025\/"]}]},{"@type":"ImageObject","inLanguage":"pt-PT","@id":"https:\/\/automotiverevista.pt\/index.php\/2026\/05\/01\/valorpneu-com-indicadores-positivos-em-2025\/#primaryimage","url":"https:\/\/automotiverevista.pt\/wp-content\/uploads\/2026\/04\/DSC_0116_11zon.jpg","contentUrl":"https:\/\/automotiverevista.pt\/wp-content\/uploads\/2026\/04\/DSC_0116_11zon.jpg","width":1886,"height":1257},{"@type":"BreadcrumbList","@id":"https:\/\/automotiverevista.pt\/index.php\/2026\/05\/01\/valorpneu-com-indicadores-positivos-em-2025\/#breadcrumb","itemListElement":[{"@type":"ListItem","position":1,"name":"Home","item":"https:\/\/automotiverevista.pt\/"},{"@type":"ListItem","position":2,"name":"Valorpneu \u2013 com indicadores positivos em 2025"}]},{"@type":"WebSite","@id":"https:\/\/automotiverevista.pt\/#website","url":"https:\/\/automotiverevista.pt\/","name":"Revista Automotive","description":"Revista Automotive Portugal","publisher":{"@id":"https:\/\/automotiverevista.pt\/#organization"},"potentialAction":[{"@type":"SearchAction","target":{"@type":"EntryPoint","urlTemplate":"https:\/\/automotiverevista.pt\/?s={search_term_string}"},"query-input":{"@type":"PropertyValueSpecification","valueRequired":true,"valueName":"search_term_string"}}],"inLanguage":"pt-PT"},{"@type":"Organization","@id":"https:\/\/automotiverevista.pt\/#organization","name":"Revista Automotive Portugal","url":"https:\/\/automotiverevista.pt\/","logo":{"@type":"ImageObject","inLanguage":"pt-PT","@id":"https:\/\/automotiverevista.pt\/#\/schema\/logo\/image\/","url":"https:\/\/automotiverevista.pt\/wp-content\/uploads\/2022\/07\/Logo-Automotive-2021_500-1.jpg","contentUrl":"https:\/\/automotiverevista.pt\/wp-content\/uploads\/2022\/07\/Logo-Automotive-2021_500-1.jpg","width":500,"height":160,"caption":"Revista Automotive Portugal"},"image":{"@id":"https:\/\/automotiverevista.pt\/#\/schema\/logo\/image\/"},"sameAs":["https:\/\/linkedin.com\/in\/automotiverevista"]},{"@type":"Person","@id":"https:\/\/automotiverevista.pt\/#\/schema\/person\/1e95eb12553b8edd256acb00fe6dad4b","name":"Fatima Silva","image":{"@type":"ImageObject","inLanguage":"pt-PT","@id":"https:\/\/secure.gravatar.com\/avatar\/4b4a955a9c1b66708ab0dd3bd6181ac1f650299d893bd337a28482f7f19c8511?s=96&d=mm&r=g","url":"https:\/\/secure.gravatar.com\/avatar\/4b4a955a9c1b66708ab0dd3bd6181ac1f650299d893bd337a28482f7f19c8511?s=96&d=mm&r=g","contentUrl":"https:\/\/secure.gravatar.com\/avatar\/4b4a955a9c1b66708ab0dd3bd6181ac1f650299d893bd337a28482f7f19c8511?s=96&d=mm&r=g","caption":"Fatima Silva"},"url":"https:\/\/automotiverevista.pt\/index.php\/author\/fgasparsilva\/"}]}},"_links":{"self":[{"href":"https:\/\/automotiverevista.pt\/index.php\/wp-json\/wp\/v2\/posts\/13161","targetHints":{"allow":["GET"]}}],"collection":[{"href":"https:\/\/automotiverevista.pt\/index.php\/wp-json\/wp\/v2\/posts"}],"about":[{"href":"https:\/\/automotiverevista.pt\/index.php\/wp-json\/wp\/v2\/types\/post"}],"author":[{"embeddable":true,"href":"https:\/\/automotiverevista.pt\/index.php\/wp-json\/wp\/v2\/users\/4"}],"replies":[{"embeddable":true,"href":"https:\/\/automotiverevista.pt\/index.php\/wp-json\/wp\/v2\/comments?post=13161"}],"version-history":[{"count":2,"href":"https:\/\/automotiverevista.pt\/index.php\/wp-json\/wp\/v2\/posts\/13161\/revisions"}],"predecessor-version":[{"id":13167,"href":"https:\/\/automotiverevista.pt\/index.php\/wp-json\/wp\/v2\/posts\/13161\/revisions\/13167"}],"wp:featuredmedia":[{"embeddable":true,"href":"https:\/\/automotiverevista.pt\/index.php\/wp-json\/wp\/v2\/media\/13165"}],"wp:attachment":[{"href":"https:\/\/automotiverevista.pt\/index.php\/wp-json\/wp\/v2\/media?parent=13161"}],"wp:term":[{"taxonomy":"category","embeddable":true,"href":"https:\/\/automotiverevista.pt\/index.php\/wp-json\/wp\/v2\/categories?post=13161"},{"taxonomy":"post_tag","embeddable":true,"href":"https:\/\/automotiverevista.pt\/index.php\/wp-json\/wp\/v2\/tags?post=13161"}],"curies":[{"name":"wp","href":"https:\/\/api.w.org\/{rel}","templated":true}]}}