{"id":1345,"date":"2022-11-16T11:16:51","date_gmt":"2022-11-16T11:16:51","guid":{"rendered":"https:\/\/automotiverevista.pt\/?p=1345"},"modified":"2022-11-16T11:16:53","modified_gmt":"2022-11-16T11:16:53","slug":"afia-presente-na-global-automotive-de-estugarda","status":"publish","type":"post","link":"https:\/\/automotiverevista.pt\/index.php\/2022\/11\/16\/afia-presente-na-global-automotive-de-estugarda\/","title":{"rendered":"<strong>AFIA presente na Global Automotive de Estugarda<\/strong>"},"content":{"rendered":"\n<p>A AFIA \u2013 Associa\u00e7\u00e3o de Fabricantes para a Ind\u00fastria Autom\u00f3vel em parceria com a AEP \u2013 Associa\u00e7\u00e3o Empresarial de Portugal, promoveram pela quarta vez consecutiva a participa\u00e7\u00e3o de Portugal na <em>Global Automotive Components and Suppliers Expo<\/em>, recentemente realizada em Estugarda, na Alemanha.<\/p>\n\n\n\n<p><strong>Ad\u00e3o Ferreira<\/strong>, Secret\u00e1rio-Geral da AFIA e Leandro Amado, C\u00f4nsul-Geral de Portugal em Estugarda, visitaram as empresas portuguesas presentes no certame, considerado uma das principais feiras de neg\u00f3cios da Europa para a ind\u00fastria de componentes autom\u00f3veis, onde est\u00e1 representada toda a cadeia de valor da ind\u00fastria autom\u00f3vel.<\/p>\n\n\n\n<p>Em paralelo com esta iniciativa realizaram-se a <em>Automotive Interiors Expo<\/em>, a <em>Foam Expo Europe <\/em>e a <em>Adhesives &amp; Bonding Expo Europe<\/em>, eventos que total juntam cerca de 500 expositores oriundos mais de 30 pa\u00edses.<\/p>\n\n\n\n<figure class=\"wp-block-image size-large\"><img decoding=\"async\" width=\"1024\" height=\"576\" src=\"https:\/\/automotiverevista.pt\/wp-content\/uploads\/2022\/11\/3-1024x576.jpg\" alt=\"\" class=\"wp-image-1348\" srcset=\"https:\/\/automotiverevista.pt\/wp-content\/uploads\/2022\/11\/3-1024x576.jpg 1024w, https:\/\/automotiverevista.pt\/wp-content\/uploads\/2022\/11\/3-300x169.jpg 300w, https:\/\/automotiverevista.pt\/wp-content\/uploads\/2022\/11\/3-768x432.jpg 768w, https:\/\/automotiverevista.pt\/wp-content\/uploads\/2022\/11\/3-750x422.jpg 750w, https:\/\/automotiverevista.pt\/wp-content\/uploads\/2022\/11\/3-1140x641.jpg 1140w, https:\/\/automotiverevista.pt\/wp-content\/uploads\/2022\/11\/3.jpg 1200w\" sizes=\"(max-width: 1024px) 100vw, 1024px\" \/><\/figure>\n\n\n\n<p>Num espa\u00e7o coletivo promovido pela AFIA\/AEP estiveram reunidas 7 empresas portuguesas, AHENRIQUES, EPALFER, FUND\u00cdNIO, INCOMPOL, MAXIPL\u00c1S, PRINEMO, TRIM NW, FEHST COMPONENTES (na Automotive Interiors Expo), bem como a FLEXIPOL (na Foam Expo Europe).<\/p>\n\n\n\n<p>A ind\u00fastria de componentes autom\u00f3veis muito tem contribu\u00eddo para a consolida\u00e7\u00e3o da economia portuguesa. No acumulado do ano at\u00e9 setembro as exporta\u00e7\u00f5es de componentes autom\u00f3veis aumentaram 4% quando comparadas com o per\u00edodo hom\u00f3logo de 2021. Estes n\u00fameros s\u00e3o bastante significativos, pois ultrapassaram o n\u00edvel de 2019.<\/p>\n\n\n\n<figure class=\"wp-block-image size-large\"><img decoding=\"async\" width=\"1024\" height=\"576\" src=\"https:\/\/automotiverevista.pt\/wp-content\/uploads\/2022\/11\/ed-1024x576.jpg\" alt=\"\" class=\"wp-image-1349\" srcset=\"https:\/\/automotiverevista.pt\/wp-content\/uploads\/2022\/11\/ed-1024x576.jpg 1024w, https:\/\/automotiverevista.pt\/wp-content\/uploads\/2022\/11\/ed-300x169.jpg 300w, https:\/\/automotiverevista.pt\/wp-content\/uploads\/2022\/11\/ed-768x432.jpg 768w, https:\/\/automotiverevista.pt\/wp-content\/uploads\/2022\/11\/ed-750x422.jpg 750w, https:\/\/automotiverevista.pt\/wp-content\/uploads\/2022\/11\/ed-1140x641.jpg 1140w, https:\/\/automotiverevista.pt\/wp-content\/uploads\/2022\/11\/ed.jpg 1200w\" sizes=\"(max-width: 1024px) 100vw, 1024px\" \/><\/figure>\n\n\n\n<p>Em termos de import\u00e2ncia na economia nacional, as 350 empresas (0,9% das empresas da ind\u00fastria transformadora) que integram a ind\u00fastria de componentes para autom\u00f3veis, representam na sua totalidade 5,2% do PIB, 9,1% do emprego da ind\u00fastria transformadora, 12,3% do valor acrescentado bruto da ind\u00fastria transformadora, 14,2% das exporta\u00e7\u00f5es nacionais de bens transacion\u00e1veis e 16,9% do investimento da ind\u00fastria transformadora.<\/p>\n\n\n\n<figure class=\"wp-block-image size-large\"><img decoding=\"async\" width=\"1024\" height=\"576\" src=\"https:\/\/automotiverevista.pt\/wp-content\/uploads\/2022\/11\/efr-1024x576.jpg\" alt=\"\" class=\"wp-image-1350\" srcset=\"https:\/\/automotiverevista.pt\/wp-content\/uploads\/2022\/11\/efr-1024x576.jpg 1024w, https:\/\/automotiverevista.pt\/wp-content\/uploads\/2022\/11\/efr-300x169.jpg 300w, https:\/\/automotiverevista.pt\/wp-content\/uploads\/2022\/11\/efr-768x432.jpg 768w, https:\/\/automotiverevista.pt\/wp-content\/uploads\/2022\/11\/efr-750x422.jpg 750w, https:\/\/automotiverevista.pt\/wp-content\/uploads\/2022\/11\/efr-1140x641.jpg 1140w, https:\/\/automotiverevista.pt\/wp-content\/uploads\/2022\/11\/efr.jpg 1200w\" sizes=\"(max-width: 1024px) 100vw, 1024px\" \/><\/figure>\n\n\n\n<p><\/p>\n","protected":false},"excerpt":{"rendered":"<p>A AFIA \u2013 Associa\u00e7\u00e3o de Fabricantes para a Ind\u00fastria Autom\u00f3vel em parceria com a AEP \u2013 Associa\u00e7\u00e3o Empresarial de Portugal, promoveram pela quarta vez consecutiva a participa\u00e7\u00e3o de Portugal na Global Automotive Components and Suppliers Expo, recentemente realizada em Estugarda, na Alemanha. Ad\u00e3o Ferreira, Secret\u00e1rio-Geral da AFIA e Leandro Amado, C\u00f4nsul-Geral de Portugal em Estugarda, [&hellip;]<\/p>\n","protected":false},"author":1,"featured_media":1346,"comment_status":"closed","ping_status":"open","sticky":false,"template":"","format":"standard","meta":{"jnews-multi-image_gallery":[],"jnews_single_post":{"subtitle":"","format":"standard","video":"","gallery":"","source_name":"","source_url":"","via_name":"","via_url":"","override_template":"0","override":[{"template":"2","single_blog_custom":"","parallax":"1","fullscreen":"1","layout":"right-sidebar","sidebar":"default-sidebar","second_sidebar":"default-sidebar","sticky_sidebar":"1","share_position":"topbottom","share_float_style":"share-monocrhome","show_share_counter":"0","show_view_counter":"0","show_featured":"1","show_post_meta":"1","show_post_author":"0","show_post_author_image":"1","show_post_date":"1","post_date_format":"default","post_date_format_custom":"Y\/m\/d","show_post_category":"1","show_post_reading_time":"0","post_reading_time_wpm":"300","show_zoom_button":"0","zoom_button_out_step":"2","zoom_button_in_step":"3","show_post_tag":"1","show_prev_next_post":"0","show_popup_post":"1","number_popup_post":"1","show_author_box":"0","show_post_related":"1","show_inline_post_related":"1"}],"override_image_size":"0","image_override":[{"single_post_thumbnail_size":"crop-500","single_post_gallery_size":"crop-500"}],"trending_post":"0","trending_post_position":"meta","trending_post_label":"Trending","sponsored_post":"0","sponsored_post_label":"Sponsored by","sponsored_post_name":"","sponsored_post_url":"","sponsored_post_logo_enable":"0","sponsored_post_logo":"","sponsored_post_desc":"","disable_ad":"0"},"jnews_primary_category":{"id":"","hide":""},"footnotes":""},"categories":[23,21],"tags":[],"class_list":["post-1345","post","type-post","status-publish","format-standard","has-post-thumbnail","hentry","category-frotas","category-pos-venda"],"yoast_head":"<!-- This site is optimized with the Yoast SEO Premium plugin v27.5 (Yoast SEO v27.5) - https:\/\/yoast.com\/product\/yoast-seo-premium-wordpress\/ -->\n<title>AFIA presente na Global Automotive de Estugarda - Revista Automotive<\/title>\n<meta name=\"description\" content=\"A AFIA \u2013 Associa\u00e7\u00e3o de Fabricantes para a Ind\u00fastria Autom\u00f3vel em parceria com a AEP \u2013 Associa\u00e7\u00e3o Empresarial de Portugal,\" \/>\n<meta name=\"robots\" content=\"index, follow, max-snippet:-1, max-image-preview:large, max-video-preview:-1\" \/>\n<link rel=\"canonical\" href=\"https:\/\/automotiverevista.pt\/index.php\/2022\/11\/16\/afia-presente-na-global-automotive-de-estugarda\/\" \/>\n<meta property=\"og:locale\" content=\"pt_PT\" \/>\n<meta property=\"og:type\" content=\"article\" \/>\n<meta property=\"og:title\" content=\"AFIA presente na Global Automotive de Estugarda\" \/>\n<meta property=\"og:description\" content=\"A AFIA \u2013 Associa\u00e7\u00e3o de Fabricantes para a Ind\u00fastria Autom\u00f3vel em parceria com a AEP \u2013 Associa\u00e7\u00e3o Empresarial de Portugal,\" \/>\n<meta property=\"og:url\" content=\"https:\/\/automotiverevista.pt\/index.php\/2022\/11\/16\/afia-presente-na-global-automotive-de-estugarda\/\" \/>\n<meta property=\"og:site_name\" content=\"Revista Automotive\" \/>\n<meta property=\"article:published_time\" content=\"2022-11-16T11:16:51+00:00\" \/>\n<meta property=\"article:modified_time\" content=\"2022-11-16T11:16:53+00:00\" \/>\n<meta property=\"og:image\" content=\"https:\/\/automotiverevista.pt\/wp-content\/uploads\/2022\/11\/w-Copia.jpg\" \/>\n\t<meta property=\"og:image:width\" content=\"1200\" \/>\n\t<meta property=\"og:image:height\" content=\"668\" \/>\n\t<meta property=\"og:image:type\" content=\"image\/jpeg\" \/>\n<meta name=\"author\" content=\"adminNovo\" \/>\n<meta name=\"twitter:card\" content=\"summary_large_image\" \/>\n<meta name=\"twitter:label1\" content=\"Escrito por\" \/>\n\t<meta name=\"twitter:data1\" content=\"adminNovo\" \/>\n\t<meta name=\"twitter:label2\" content=\"Tempo estimado de leitura\" \/>\n\t<meta name=\"twitter:data2\" content=\"3 minutos\" \/>\n<script type=\"application\/ld+json\" class=\"yoast-schema-graph\">{\"@context\":\"https:\\\/\\\/schema.org\",\"@graph\":[{\"@type\":\"Article\",\"@id\":\"https:\\\/\\\/automotiverevista.pt\\\/index.php\\\/2022\\\/11\\\/16\\\/afia-presente-na-global-automotive-de-estugarda\\\/#article\",\"isPartOf\":{\"@id\":\"https:\\\/\\\/automotiverevista.pt\\\/index.php\\\/2022\\\/11\\\/16\\\/afia-presente-na-global-automotive-de-estugarda\\\/\"},\"author\":{\"name\":\"adminNovo\",\"@id\":\"https:\\\/\\\/automotiverevista.pt\\\/#\\\/schema\\\/person\\\/1265858bc8c78a0f969de814da8be281\"},\"headline\":\"AFIA presente na Global Automotive de Estugarda\",\"datePublished\":\"2022-11-16T11:16:51+00:00\",\"dateModified\":\"2022-11-16T11:16:53+00:00\",\"mainEntityOfPage\":{\"@id\":\"https:\\\/\\\/automotiverevista.pt\\\/index.php\\\/2022\\\/11\\\/16\\\/afia-presente-na-global-automotive-de-estugarda\\\/\"},\"wordCount\":290,\"publisher\":{\"@id\":\"https:\\\/\\\/automotiverevista.pt\\\/#organization\"},\"image\":{\"@id\":\"https:\\\/\\\/automotiverevista.pt\\\/index.php\\\/2022\\\/11\\\/16\\\/afia-presente-na-global-automotive-de-estugarda\\\/#primaryimage\"},\"thumbnailUrl\":\"https:\\\/\\\/automotiverevista.pt\\\/wp-content\\\/uploads\\\/2022\\\/11\\\/w-Copia.jpg\",\"articleSection\":[\"Frotas\",\"P\u00f3s-Venda\"],\"inLanguage\":\"pt-PT\"},{\"@type\":\"WebPage\",\"@id\":\"https:\\\/\\\/automotiverevista.pt\\\/index.php\\\/2022\\\/11\\\/16\\\/afia-presente-na-global-automotive-de-estugarda\\\/\",\"url\":\"https:\\\/\\\/automotiverevista.pt\\\/index.php\\\/2022\\\/11\\\/16\\\/afia-presente-na-global-automotive-de-estugarda\\\/\",\"name\":\"AFIA presente na Global Automotive de Estugarda - Revista Automotive\",\"isPartOf\":{\"@id\":\"https:\\\/\\\/automotiverevista.pt\\\/#website\"},\"primaryImageOfPage\":{\"@id\":\"https:\\\/\\\/automotiverevista.pt\\\/index.php\\\/2022\\\/11\\\/16\\\/afia-presente-na-global-automotive-de-estugarda\\\/#primaryimage\"},\"image\":{\"@id\":\"https:\\\/\\\/automotiverevista.pt\\\/index.php\\\/2022\\\/11\\\/16\\\/afia-presente-na-global-automotive-de-estugarda\\\/#primaryimage\"},\"thumbnailUrl\":\"https:\\\/\\\/automotiverevista.pt\\\/wp-content\\\/uploads\\\/2022\\\/11\\\/w-Copia.jpg\",\"datePublished\":\"2022-11-16T11:16:51+00:00\",\"dateModified\":\"2022-11-16T11:16:53+00:00\",\"description\":\"A AFIA \u2013 Associa\u00e7\u00e3o de Fabricantes para a Ind\u00fastria Autom\u00f3vel em parceria com a AEP \u2013 Associa\u00e7\u00e3o Empresarial de Portugal,\",\"breadcrumb\":{\"@id\":\"https:\\\/\\\/automotiverevista.pt\\\/index.php\\\/2022\\\/11\\\/16\\\/afia-presente-na-global-automotive-de-estugarda\\\/#breadcrumb\"},\"inLanguage\":\"pt-PT\",\"potentialAction\":[{\"@type\":\"ReadAction\",\"target\":[\"https:\\\/\\\/automotiverevista.pt\\\/index.php\\\/2022\\\/11\\\/16\\\/afia-presente-na-global-automotive-de-estugarda\\\/\"]}]},{\"@type\":\"ImageObject\",\"inLanguage\":\"pt-PT\",\"@id\":\"https:\\\/\\\/automotiverevista.pt\\\/index.php\\\/2022\\\/11\\\/16\\\/afia-presente-na-global-automotive-de-estugarda\\\/#primaryimage\",\"url\":\"https:\\\/\\\/automotiverevista.pt\\\/wp-content\\\/uploads\\\/2022\\\/11\\\/w-Copia.jpg\",\"contentUrl\":\"https:\\\/\\\/automotiverevista.pt\\\/wp-content\\\/uploads\\\/2022\\\/11\\\/w-Copia.jpg\",\"width\":1200,\"height\":668},{\"@type\":\"BreadcrumbList\",\"@id\":\"https:\\\/\\\/automotiverevista.pt\\\/index.php\\\/2022\\\/11\\\/16\\\/afia-presente-na-global-automotive-de-estugarda\\\/#breadcrumb\",\"itemListElement\":[{\"@type\":\"ListItem\",\"position\":1,\"name\":\"Home\",\"item\":\"https:\\\/\\\/automotiverevista.pt\\\/\"},{\"@type\":\"ListItem\",\"position\":2,\"name\":\"AFIA presente na Global Automotive de Estugarda\"}]},{\"@type\":\"WebSite\",\"@id\":\"https:\\\/\\\/automotiverevista.pt\\\/#website\",\"url\":\"https:\\\/\\\/automotiverevista.pt\\\/\",\"name\":\"Revista Automotive\",\"description\":\"Revista Automotive Portugal\",\"publisher\":{\"@id\":\"https:\\\/\\\/automotiverevista.pt\\\/#organization\"},\"potentialAction\":[{\"@type\":\"SearchAction\",\"target\":{\"@type\":\"EntryPoint\",\"urlTemplate\":\"https:\\\/\\\/automotiverevista.pt\\\/?s={search_term_string}\"},\"query-input\":{\"@type\":\"PropertyValueSpecification\",\"valueRequired\":true,\"valueName\":\"search_term_string\"}}],\"inLanguage\":\"pt-PT\"},{\"@type\":\"Organization\",\"@id\":\"https:\\\/\\\/automotiverevista.pt\\\/#organization\",\"name\":\"Revista Automotive Portugal\",\"url\":\"https:\\\/\\\/automotiverevista.pt\\\/\",\"logo\":{\"@type\":\"ImageObject\",\"inLanguage\":\"pt-PT\",\"@id\":\"https:\\\/\\\/automotiverevista.pt\\\/#\\\/schema\\\/logo\\\/image\\\/\",\"url\":\"https:\\\/\\\/automotiverevista.pt\\\/wp-content\\\/uploads\\\/2022\\\/07\\\/Logo-Automotive-2021_500-1.jpg\",\"contentUrl\":\"https:\\\/\\\/automotiverevista.pt\\\/wp-content\\\/uploads\\\/2022\\\/07\\\/Logo-Automotive-2021_500-1.jpg\",\"width\":500,\"height\":160,\"caption\":\"Revista Automotive Portugal\"},\"image\":{\"@id\":\"https:\\\/\\\/automotiverevista.pt\\\/#\\\/schema\\\/logo\\\/image\\\/\"},\"sameAs\":[\"https:\\\/\\\/linkedin.com\\\/in\\\/automotiverevista\"]},{\"@type\":\"Person\",\"@id\":\"https:\\\/\\\/automotiverevista.pt\\\/#\\\/schema\\\/person\\\/1265858bc8c78a0f969de814da8be281\",\"name\":\"adminNovo\",\"image\":{\"@type\":\"ImageObject\",\"inLanguage\":\"pt-PT\",\"@id\":\"https:\\\/\\\/secure.gravatar.com\\\/avatar\\\/c606c1288dcc11eb4c709aa5136fdb962583c410f5c23c0b7bf6917c542be355?s=96&d=mm&r=g\",\"url\":\"https:\\\/\\\/secure.gravatar.com\\\/avatar\\\/c606c1288dcc11eb4c709aa5136fdb962583c410f5c23c0b7bf6917c542be355?s=96&d=mm&r=g\",\"contentUrl\":\"https:\\\/\\\/secure.gravatar.com\\\/avatar\\\/c606c1288dcc11eb4c709aa5136fdb962583c410f5c23c0b7bf6917c542be355?s=96&d=mm&r=g\",\"caption\":\"adminNovo\"},\"sameAs\":[\"https:\\\/\\\/automotiverevista.pt\"],\"url\":\"https:\\\/\\\/automotiverevista.pt\\\/index.php\\\/author\\\/adminnovo\\\/\"}]}<\/script>\n<!-- \/ Yoast SEO Premium plugin. -->","yoast_head_json":{"title":"AFIA presente na Global Automotive de Estugarda - Revista Automotive","description":"A AFIA \u2013 Associa\u00e7\u00e3o de Fabricantes para a Ind\u00fastria Autom\u00f3vel em parceria com a AEP \u2013 Associa\u00e7\u00e3o Empresarial de Portugal,","robots":{"index":"index","follow":"follow","max-snippet":"max-snippet:-1","max-image-preview":"max-image-preview:large","max-video-preview":"max-video-preview:-1"},"canonical":"https:\/\/automotiverevista.pt\/index.php\/2022\/11\/16\/afia-presente-na-global-automotive-de-estugarda\/","og_locale":"pt_PT","og_type":"article","og_title":"AFIA presente na Global Automotive de Estugarda","og_description":"A AFIA \u2013 Associa\u00e7\u00e3o de Fabricantes para a Ind\u00fastria Autom\u00f3vel em parceria com a AEP \u2013 Associa\u00e7\u00e3o Empresarial de Portugal,","og_url":"https:\/\/automotiverevista.pt\/index.php\/2022\/11\/16\/afia-presente-na-global-automotive-de-estugarda\/","og_site_name":"Revista Automotive","article_published_time":"2022-11-16T11:16:51+00:00","article_modified_time":"2022-11-16T11:16:53+00:00","og_image":[{"width":1200,"height":668,"url":"https:\/\/automotiverevista.pt\/wp-content\/uploads\/2022\/11\/w-Copia.jpg","type":"image\/jpeg"}],"author":"adminNovo","twitter_card":"summary_large_image","twitter_misc":{"Escrito por":"adminNovo","Tempo estimado de leitura":"3 minutos"},"schema":{"@context":"https:\/\/schema.org","@graph":[{"@type":"Article","@id":"https:\/\/automotiverevista.pt\/index.php\/2022\/11\/16\/afia-presente-na-global-automotive-de-estugarda\/#article","isPartOf":{"@id":"https:\/\/automotiverevista.pt\/index.php\/2022\/11\/16\/afia-presente-na-global-automotive-de-estugarda\/"},"author":{"name":"adminNovo","@id":"https:\/\/automotiverevista.pt\/#\/schema\/person\/1265858bc8c78a0f969de814da8be281"},"headline":"AFIA presente na Global Automotive de Estugarda","datePublished":"2022-11-16T11:16:51+00:00","dateModified":"2022-11-16T11:16:53+00:00","mainEntityOfPage":{"@id":"https:\/\/automotiverevista.pt\/index.php\/2022\/11\/16\/afia-presente-na-global-automotive-de-estugarda\/"},"wordCount":290,"publisher":{"@id":"https:\/\/automotiverevista.pt\/#organization"},"image":{"@id":"https:\/\/automotiverevista.pt\/index.php\/2022\/11\/16\/afia-presente-na-global-automotive-de-estugarda\/#primaryimage"},"thumbnailUrl":"https:\/\/automotiverevista.pt\/wp-content\/uploads\/2022\/11\/w-Copia.jpg","articleSection":["Frotas","P\u00f3s-Venda"],"inLanguage":"pt-PT"},{"@type":"WebPage","@id":"https:\/\/automotiverevista.pt\/index.php\/2022\/11\/16\/afia-presente-na-global-automotive-de-estugarda\/","url":"https:\/\/automotiverevista.pt\/index.php\/2022\/11\/16\/afia-presente-na-global-automotive-de-estugarda\/","name":"AFIA presente na Global Automotive de Estugarda - Revista Automotive","isPartOf":{"@id":"https:\/\/automotiverevista.pt\/#website"},"primaryImageOfPage":{"@id":"https:\/\/automotiverevista.pt\/index.php\/2022\/11\/16\/afia-presente-na-global-automotive-de-estugarda\/#primaryimage"},"image":{"@id":"https:\/\/automotiverevista.pt\/index.php\/2022\/11\/16\/afia-presente-na-global-automotive-de-estugarda\/#primaryimage"},"thumbnailUrl":"https:\/\/automotiverevista.pt\/wp-content\/uploads\/2022\/11\/w-Copia.jpg","datePublished":"2022-11-16T11:16:51+00:00","dateModified":"2022-11-16T11:16:53+00:00","description":"A AFIA \u2013 Associa\u00e7\u00e3o de Fabricantes para a Ind\u00fastria Autom\u00f3vel em parceria com a AEP \u2013 Associa\u00e7\u00e3o Empresarial de Portugal,","breadcrumb":{"@id":"https:\/\/automotiverevista.pt\/index.php\/2022\/11\/16\/afia-presente-na-global-automotive-de-estugarda\/#breadcrumb"},"inLanguage":"pt-PT","potentialAction":[{"@type":"ReadAction","target":["https:\/\/automotiverevista.pt\/index.php\/2022\/11\/16\/afia-presente-na-global-automotive-de-estugarda\/"]}]},{"@type":"ImageObject","inLanguage":"pt-PT","@id":"https:\/\/automotiverevista.pt\/index.php\/2022\/11\/16\/afia-presente-na-global-automotive-de-estugarda\/#primaryimage","url":"https:\/\/automotiverevista.pt\/wp-content\/uploads\/2022\/11\/w-Copia.jpg","contentUrl":"https:\/\/automotiverevista.pt\/wp-content\/uploads\/2022\/11\/w-Copia.jpg","width":1200,"height":668},{"@type":"BreadcrumbList","@id":"https:\/\/automotiverevista.pt\/index.php\/2022\/11\/16\/afia-presente-na-global-automotive-de-estugarda\/#breadcrumb","itemListElement":[{"@type":"ListItem","position":1,"name":"Home","item":"https:\/\/automotiverevista.pt\/"},{"@type":"ListItem","position":2,"name":"AFIA presente na Global Automotive de Estugarda"}]},{"@type":"WebSite","@id":"https:\/\/automotiverevista.pt\/#website","url":"https:\/\/automotiverevista.pt\/","name":"Revista Automotive","description":"Revista Automotive Portugal","publisher":{"@id":"https:\/\/automotiverevista.pt\/#organization"},"potentialAction":[{"@type":"SearchAction","target":{"@type":"EntryPoint","urlTemplate":"https:\/\/automotiverevista.pt\/?s={search_term_string}"},"query-input":{"@type":"PropertyValueSpecification","valueRequired":true,"valueName":"search_term_string"}}],"inLanguage":"pt-PT"},{"@type":"Organization","@id":"https:\/\/automotiverevista.pt\/#organization","name":"Revista Automotive Portugal","url":"https:\/\/automotiverevista.pt\/","logo":{"@type":"ImageObject","inLanguage":"pt-PT","@id":"https:\/\/automotiverevista.pt\/#\/schema\/logo\/image\/","url":"https:\/\/automotiverevista.pt\/wp-content\/uploads\/2022\/07\/Logo-Automotive-2021_500-1.jpg","contentUrl":"https:\/\/automotiverevista.pt\/wp-content\/uploads\/2022\/07\/Logo-Automotive-2021_500-1.jpg","width":500,"height":160,"caption":"Revista Automotive Portugal"},"image":{"@id":"https:\/\/automotiverevista.pt\/#\/schema\/logo\/image\/"},"sameAs":["https:\/\/linkedin.com\/in\/automotiverevista"]},{"@type":"Person","@id":"https:\/\/automotiverevista.pt\/#\/schema\/person\/1265858bc8c78a0f969de814da8be281","name":"adminNovo","image":{"@type":"ImageObject","inLanguage":"pt-PT","@id":"https:\/\/secure.gravatar.com\/avatar\/c606c1288dcc11eb4c709aa5136fdb962583c410f5c23c0b7bf6917c542be355?s=96&d=mm&r=g","url":"https:\/\/secure.gravatar.com\/avatar\/c606c1288dcc11eb4c709aa5136fdb962583c410f5c23c0b7bf6917c542be355?s=96&d=mm&r=g","contentUrl":"https:\/\/secure.gravatar.com\/avatar\/c606c1288dcc11eb4c709aa5136fdb962583c410f5c23c0b7bf6917c542be355?s=96&d=mm&r=g","caption":"adminNovo"},"sameAs":["https:\/\/automotiverevista.pt"],"url":"https:\/\/automotiverevista.pt\/index.php\/author\/adminnovo\/"}]}},"_links":{"self":[{"href":"https:\/\/automotiverevista.pt\/index.php\/wp-json\/wp\/v2\/posts\/1345","targetHints":{"allow":["GET"]}}],"collection":[{"href":"https:\/\/automotiverevista.pt\/index.php\/wp-json\/wp\/v2\/posts"}],"about":[{"href":"https:\/\/automotiverevista.pt\/index.php\/wp-json\/wp\/v2\/types\/post"}],"author":[{"embeddable":true,"href":"https:\/\/automotiverevista.pt\/index.php\/wp-json\/wp\/v2\/users\/1"}],"replies":[{"embeddable":true,"href":"https:\/\/automotiverevista.pt\/index.php\/wp-json\/wp\/v2\/comments?post=1345"}],"version-history":[{"count":2,"href":"https:\/\/automotiverevista.pt\/index.php\/wp-json\/wp\/v2\/posts\/1345\/revisions"}],"predecessor-version":[{"id":1351,"href":"https:\/\/automotiverevista.pt\/index.php\/wp-json\/wp\/v2\/posts\/1345\/revisions\/1351"}],"wp:featuredmedia":[{"embeddable":true,"href":"https:\/\/automotiverevista.pt\/index.php\/wp-json\/wp\/v2\/media\/1346"}],"wp:attachment":[{"href":"https:\/\/automotiverevista.pt\/index.php\/wp-json\/wp\/v2\/media?parent=1345"}],"wp:term":[{"taxonomy":"category","embeddable":true,"href":"https:\/\/automotiverevista.pt\/index.php\/wp-json\/wp\/v2\/categories?post=1345"},{"taxonomy":"post_tag","embeddable":true,"href":"https:\/\/automotiverevista.pt\/index.php\/wp-json\/wp\/v2\/tags?post=1345"}],"curies":[{"name":"wp","href":"https:\/\/api.w.org\/{rel}","templated":true}]}}