{"id":1352,"date":"2022-11-17T10:53:32","date_gmt":"2022-11-17T10:53:32","guid":{"rendered":"https:\/\/automotiverevista.pt\/?p=1352"},"modified":"2022-11-17T10:53:34","modified_gmt":"2022-11-17T10:53:34","slug":"stet-e-o-distribuidor-oficial-da-pronar-em-portugal","status":"publish","type":"post","link":"https:\/\/automotiverevista.pt\/index.php\/2022\/11\/17\/stet-e-o-distribuidor-oficial-da-pronar-em-portugal\/","title":{"rendered":"<strong>STET \u00e9 o distribuidor oficial da Pronar em Portugal<\/strong>"},"content":{"rendered":"\n<p>A STET torna-se o distribuidor de equipamentos de reciclagem, representando o fabricante Pronar em Portugal. A Pronar \u00e9 uma marca de origem polaca e de abrang\u00eancia internacional que oferece um vasto leque de solu\u00e7\u00f5es para o setor da reciclagem, respondendo \u00e0s crescentes necessidades da sociedade atual, garantindo a sustentabilidade e apoiando os seus clientes no cumprimento das normas europeias.<\/p>\n\n\n\n<p>O seu portf\u00f3lio de solu\u00e7\u00f5es inclui m\u00e1quinas para aplica\u00e7\u00f5es agr\u00edcolas, florestais, de reciclagem e <a href=\"https:\/\/www.youtube.com\/c\/AutomotiveRevista\/videos\">constru\u00e7\u00e3o<\/a>. <\/p>\n\n\n\n<p>A linha de equipamentos da Pronar \u00e9 fabricada com a mais alta tecnologia do mercado, com uma gama completa de crivos trommel sobre rodas e equipamentos m\u00f3veis de tritura\u00e7\u00e3o\/destrui\u00e7\u00e3o de res\u00edduos, prensas de enfardamento, revolvedores de composto e prensas de enfardamento. <\/p>\n\n\n\n<p><\/p>\n\n\n\n<figure class=\"wp-block-image size-large\"><img decoding=\"async\" width=\"1024\" height=\"576\" src=\"https:\/\/automotiverevista.pt\/wp-content\/uploads\/2022\/11\/Trituradores-MoveisAltaVelocidade_low-1024x576.jpg\" alt=\"Pronar\" class=\"wp-image-1355\" srcset=\"https:\/\/automotiverevista.pt\/wp-content\/uploads\/2022\/11\/Trituradores-MoveisAltaVelocidade_low-1024x576.jpg 1024w, https:\/\/automotiverevista.pt\/wp-content\/uploads\/2022\/11\/Trituradores-MoveisAltaVelocidade_low-300x169.jpg 300w, https:\/\/automotiverevista.pt\/wp-content\/uploads\/2022\/11\/Trituradores-MoveisAltaVelocidade_low-768x432.jpg 768w, https:\/\/automotiverevista.pt\/wp-content\/uploads\/2022\/11\/Trituradores-MoveisAltaVelocidade_low-1536x864.jpg 1536w, https:\/\/automotiverevista.pt\/wp-content\/uploads\/2022\/11\/Trituradores-MoveisAltaVelocidade_low-750x422.jpg 750w, https:\/\/automotiverevista.pt\/wp-content\/uploads\/2022\/11\/Trituradores-MoveisAltaVelocidade_low-1140x641.jpg 1140w, https:\/\/automotiverevista.pt\/wp-content\/uploads\/2022\/11\/Trituradores-MoveisAltaVelocidade_low.jpg 1920w\" sizes=\"(max-width: 1024px) 100vw, 1024px\" \/><\/figure>\n\n\n\n<p>Segundo a STET, os equipamentos da Pronar destacam-se pela robustez, qualidade e pre\u00e7os competitivos, al\u00e9m de garantirem grande durabilidade e confiabilidade.<\/p>\n\n\n\n<p>A STET oferece ainda um eficaz servi\u00e7o de assist\u00eancia t\u00e9cnica a todos os equipamentos Pronar, para que os seus clientes possam sentir seguran\u00e7a na aquisi\u00e7\u00e3o destas m\u00e1quinas, podendo assim focar-se na operacionaliza\u00e7\u00e3o dos seus neg\u00f3cios. A STET, Sociedade T\u00e9cnica de Equipamentos e Tractores, SA, \u00e9 a representante oficial e exclusiva da <a href=\"https:\/\/automotiverevista.pt\/index.php\/2022\/08\/19\/nova-pa-carregadora-caterpillar-966-gc\/\">Caterpillar <\/a>em Portugal e Cabo Verde desde 1961.<\/p>\n\n\n\n<p><\/p>\n\n\n\n<figure class=\"wp-block-image size-large\"><img decoding=\"async\" width=\"1024\" height=\"576\" src=\"https:\/\/automotiverevista.pt\/wp-content\/uploads\/2022\/11\/CrivoTrommel_low-1024x576.jpeg\" alt=\"Pronar\" class=\"wp-image-1356\" srcset=\"https:\/\/automotiverevista.pt\/wp-content\/uploads\/2022\/11\/CrivoTrommel_low-1024x576.jpeg 1024w, https:\/\/automotiverevista.pt\/wp-content\/uploads\/2022\/11\/CrivoTrommel_low-300x169.jpeg 300w, https:\/\/automotiverevista.pt\/wp-content\/uploads\/2022\/11\/CrivoTrommel_low-768x432.jpeg 768w, https:\/\/automotiverevista.pt\/wp-content\/uploads\/2022\/11\/CrivoTrommel_low-1536x864.jpeg 1536w, https:\/\/automotiverevista.pt\/wp-content\/uploads\/2022\/11\/CrivoTrommel_low-750x422.jpeg 750w, https:\/\/automotiverevista.pt\/wp-content\/uploads\/2022\/11\/CrivoTrommel_low-1140x641.jpeg 1140w, https:\/\/automotiverevista.pt\/wp-content\/uploads\/2022\/11\/CrivoTrommel_low.jpeg 1920w\" sizes=\"(max-width: 1024px) 100vw, 1024px\" \/><\/figure>\n","protected":false},"excerpt":{"rendered":"<p>A STET torna-se o distribuidor de equipamentos de reciclagem, representando o fabricante Pronar em Portugal. A Pronar \u00e9 uma marca de origem polaca e de abrang\u00eancia internacional que oferece um vasto leque de solu\u00e7\u00f5es para o setor da reciclagem, respondendo \u00e0s crescentes necessidades da sociedade atual, garantindo a sustentabilidade e apoiando os seus clientes no [&hellip;]<\/p>\n","protected":false},"author":1,"featured_media":1353,"comment_status":"closed","ping_status":"open","sticky":false,"template":"","format":"standard","meta":{"jnews-multi-image_gallery":[],"jnews_single_post":{"subtitle":"","format":"standard","video":"","gallery":"","source_name":"","source_url":"","via_name":"","via_url":"","override_template":"0","override":[{"template":"2","single_blog_custom":"","parallax":"1","fullscreen":"1","layout":"right-sidebar","sidebar":"default-sidebar","second_sidebar":"default-sidebar","sticky_sidebar":"1","share_position":"topbottom","share_float_style":"share-monocrhome","show_share_counter":"0","show_view_counter":"0","show_featured":"1","show_post_meta":"1","show_post_author":"0","show_post_author_image":"1","show_post_date":"1","post_date_format":"default","post_date_format_custom":"Y\/m\/d","show_post_category":"1","show_post_reading_time":"0","post_reading_time_wpm":"300","show_zoom_button":"0","zoom_button_out_step":"2","zoom_button_in_step":"3","show_post_tag":"1","show_prev_next_post":"0","show_popup_post":"1","number_popup_post":"1","show_author_box":"0","show_post_related":"1","show_inline_post_related":"1"}],"override_image_size":"0","image_override":[{"single_post_thumbnail_size":"crop-500","single_post_gallery_size":"crop-500"}],"trending_post":"0","trending_post_position":"meta","trending_post_label":"Trending","sponsored_post":"0","sponsored_post_label":"Sponsored by","sponsored_post_name":"","sponsored_post_url":"","sponsored_post_logo_enable":"0","sponsored_post_logo":"","sponsored_post_desc":"","disable_ad":"0"},"jnews_primary_category":{"id":"","hide":""},"footnotes":""},"categories":[25],"tags":[],"class_list":["post-1352","post","type-post","status-publish","format-standard","has-post-thumbnail","hentry","category-pesados-e-maquinas"],"yoast_head":"<!-- This site is optimized with the Yoast SEO Premium plugin v27.5 (Yoast SEO v27.5) - https:\/\/yoast.com\/product\/yoast-seo-premium-wordpress\/ -->\n<title>STET \u00e9 o distribuidor oficial da Pronar em Portugal - Revista Automotive<\/title>\n<meta name=\"description\" content=\"STET torna-se o distribuidor de equipamentos de reciclagem, representando o fabricante Pronar em Portugal.\" \/>\n<meta name=\"robots\" content=\"index, follow, max-snippet:-1, max-image-preview:large, max-video-preview:-1\" \/>\n<link rel=\"canonical\" href=\"https:\/\/automotiverevista.pt\/index.php\/2022\/11\/17\/stet-e-o-distribuidor-oficial-da-pronar-em-portugal\/\" \/>\n<meta property=\"og:locale\" content=\"pt_PT\" \/>\n<meta property=\"og:type\" content=\"article\" \/>\n<meta property=\"og:title\" content=\"STET \u00e9 o distribuidor oficial da Pronar em Portugal\" \/>\n<meta property=\"og:description\" content=\"STET torna-se o distribuidor de equipamentos de reciclagem, representando o fabricante Pronar em Portugal.\" \/>\n<meta property=\"og:url\" content=\"https:\/\/automotiverevista.pt\/index.php\/2022\/11\/17\/stet-e-o-distribuidor-oficial-da-pronar-em-portugal\/\" \/>\n<meta property=\"og:site_name\" content=\"Revista Automotive\" \/>\n<meta property=\"article:published_time\" content=\"2022-11-17T10:53:32+00:00\" \/>\n<meta property=\"article:modified_time\" content=\"2022-11-17T10:53:34+00:00\" \/>\n<meta property=\"og:image\" content=\"https:\/\/automotiverevista.pt\/wp-content\/uploads\/2022\/11\/Trituradores-MoveisBaixaVelocidade.jpg\" \/>\n\t<meta property=\"og:image:width\" content=\"1920\" \/>\n\t<meta property=\"og:image:height\" content=\"1080\" \/>\n\t<meta property=\"og:image:type\" content=\"image\/jpeg\" \/>\n<meta name=\"author\" content=\"adminNovo\" \/>\n<meta name=\"twitter:card\" content=\"summary_large_image\" \/>\n<meta name=\"twitter:label1\" content=\"Escrito por\" \/>\n\t<meta name=\"twitter:data1\" content=\"adminNovo\" \/>\n\t<meta name=\"twitter:label2\" content=\"Tempo estimado de leitura\" \/>\n\t<meta name=\"twitter:data2\" content=\"2 minutos\" \/>\n<script type=\"application\/ld+json\" class=\"yoast-schema-graph\">{\"@context\":\"https:\\\/\\\/schema.org\",\"@graph\":[{\"@type\":\"Article\",\"@id\":\"https:\\\/\\\/automotiverevista.pt\\\/index.php\\\/2022\\\/11\\\/17\\\/stet-e-o-distribuidor-oficial-da-pronar-em-portugal\\\/#article\",\"isPartOf\":{\"@id\":\"https:\\\/\\\/automotiverevista.pt\\\/index.php\\\/2022\\\/11\\\/17\\\/stet-e-o-distribuidor-oficial-da-pronar-em-portugal\\\/\"},\"author\":{\"name\":\"adminNovo\",\"@id\":\"https:\\\/\\\/automotiverevista.pt\\\/#\\\/schema\\\/person\\\/1265858bc8c78a0f969de814da8be281\"},\"headline\":\"STET \u00e9 o distribuidor oficial da Pronar em Portugal\",\"datePublished\":\"2022-11-17T10:53:32+00:00\",\"dateModified\":\"2022-11-17T10:53:34+00:00\",\"mainEntityOfPage\":{\"@id\":\"https:\\\/\\\/automotiverevista.pt\\\/index.php\\\/2022\\\/11\\\/17\\\/stet-e-o-distribuidor-oficial-da-pronar-em-portugal\\\/\"},\"wordCount\":223,\"publisher\":{\"@id\":\"https:\\\/\\\/automotiverevista.pt\\\/#organization\"},\"image\":{\"@id\":\"https:\\\/\\\/automotiverevista.pt\\\/index.php\\\/2022\\\/11\\\/17\\\/stet-e-o-distribuidor-oficial-da-pronar-em-portugal\\\/#primaryimage\"},\"thumbnailUrl\":\"https:\\\/\\\/automotiverevista.pt\\\/wp-content\\\/uploads\\\/2022\\\/11\\\/Trituradores-MoveisBaixaVelocidade.jpg\",\"articleSection\":[\"Pesados e M\u00e1quinas\"],\"inLanguage\":\"pt-PT\"},{\"@type\":\"WebPage\",\"@id\":\"https:\\\/\\\/automotiverevista.pt\\\/index.php\\\/2022\\\/11\\\/17\\\/stet-e-o-distribuidor-oficial-da-pronar-em-portugal\\\/\",\"url\":\"https:\\\/\\\/automotiverevista.pt\\\/index.php\\\/2022\\\/11\\\/17\\\/stet-e-o-distribuidor-oficial-da-pronar-em-portugal\\\/\",\"name\":\"STET \u00e9 o distribuidor oficial da Pronar em Portugal - Revista Automotive\",\"isPartOf\":{\"@id\":\"https:\\\/\\\/automotiverevista.pt\\\/#website\"},\"primaryImageOfPage\":{\"@id\":\"https:\\\/\\\/automotiverevista.pt\\\/index.php\\\/2022\\\/11\\\/17\\\/stet-e-o-distribuidor-oficial-da-pronar-em-portugal\\\/#primaryimage\"},\"image\":{\"@id\":\"https:\\\/\\\/automotiverevista.pt\\\/index.php\\\/2022\\\/11\\\/17\\\/stet-e-o-distribuidor-oficial-da-pronar-em-portugal\\\/#primaryimage\"},\"thumbnailUrl\":\"https:\\\/\\\/automotiverevista.pt\\\/wp-content\\\/uploads\\\/2022\\\/11\\\/Trituradores-MoveisBaixaVelocidade.jpg\",\"datePublished\":\"2022-11-17T10:53:32+00:00\",\"dateModified\":\"2022-11-17T10:53:34+00:00\",\"description\":\"STET torna-se o distribuidor de equipamentos de reciclagem, representando o fabricante Pronar em Portugal.\",\"breadcrumb\":{\"@id\":\"https:\\\/\\\/automotiverevista.pt\\\/index.php\\\/2022\\\/11\\\/17\\\/stet-e-o-distribuidor-oficial-da-pronar-em-portugal\\\/#breadcrumb\"},\"inLanguage\":\"pt-PT\",\"potentialAction\":[{\"@type\":\"ReadAction\",\"target\":[\"https:\\\/\\\/automotiverevista.pt\\\/index.php\\\/2022\\\/11\\\/17\\\/stet-e-o-distribuidor-oficial-da-pronar-em-portugal\\\/\"]}]},{\"@type\":\"ImageObject\",\"inLanguage\":\"pt-PT\",\"@id\":\"https:\\\/\\\/automotiverevista.pt\\\/index.php\\\/2022\\\/11\\\/17\\\/stet-e-o-distribuidor-oficial-da-pronar-em-portugal\\\/#primaryimage\",\"url\":\"https:\\\/\\\/automotiverevista.pt\\\/wp-content\\\/uploads\\\/2022\\\/11\\\/Trituradores-MoveisBaixaVelocidade.jpg\",\"contentUrl\":\"https:\\\/\\\/automotiverevista.pt\\\/wp-content\\\/uploads\\\/2022\\\/11\\\/Trituradores-MoveisBaixaVelocidade.jpg\",\"width\":1920,\"height\":1080},{\"@type\":\"BreadcrumbList\",\"@id\":\"https:\\\/\\\/automotiverevista.pt\\\/index.php\\\/2022\\\/11\\\/17\\\/stet-e-o-distribuidor-oficial-da-pronar-em-portugal\\\/#breadcrumb\",\"itemListElement\":[{\"@type\":\"ListItem\",\"position\":1,\"name\":\"Home\",\"item\":\"https:\\\/\\\/automotiverevista.pt\\\/\"},{\"@type\":\"ListItem\",\"position\":2,\"name\":\"STET \u00e9 o distribuidor oficial da Pronar em Portugal\"}]},{\"@type\":\"WebSite\",\"@id\":\"https:\\\/\\\/automotiverevista.pt\\\/#website\",\"url\":\"https:\\\/\\\/automotiverevista.pt\\\/\",\"name\":\"Revista Automotive\",\"description\":\"Revista Automotive Portugal\",\"publisher\":{\"@id\":\"https:\\\/\\\/automotiverevista.pt\\\/#organization\"},\"potentialAction\":[{\"@type\":\"SearchAction\",\"target\":{\"@type\":\"EntryPoint\",\"urlTemplate\":\"https:\\\/\\\/automotiverevista.pt\\\/?s={search_term_string}\"},\"query-input\":{\"@type\":\"PropertyValueSpecification\",\"valueRequired\":true,\"valueName\":\"search_term_string\"}}],\"inLanguage\":\"pt-PT\"},{\"@type\":\"Organization\",\"@id\":\"https:\\\/\\\/automotiverevista.pt\\\/#organization\",\"name\":\"Revista Automotive Portugal\",\"url\":\"https:\\\/\\\/automotiverevista.pt\\\/\",\"logo\":{\"@type\":\"ImageObject\",\"inLanguage\":\"pt-PT\",\"@id\":\"https:\\\/\\\/automotiverevista.pt\\\/#\\\/schema\\\/logo\\\/image\\\/\",\"url\":\"https:\\\/\\\/automotiverevista.pt\\\/wp-content\\\/uploads\\\/2022\\\/07\\\/Logo-Automotive-2021_500-1.jpg\",\"contentUrl\":\"https:\\\/\\\/automotiverevista.pt\\\/wp-content\\\/uploads\\\/2022\\\/07\\\/Logo-Automotive-2021_500-1.jpg\",\"width\":500,\"height\":160,\"caption\":\"Revista Automotive Portugal\"},\"image\":{\"@id\":\"https:\\\/\\\/automotiverevista.pt\\\/#\\\/schema\\\/logo\\\/image\\\/\"},\"sameAs\":[\"https:\\\/\\\/linkedin.com\\\/in\\\/automotiverevista\"]},{\"@type\":\"Person\",\"@id\":\"https:\\\/\\\/automotiverevista.pt\\\/#\\\/schema\\\/person\\\/1265858bc8c78a0f969de814da8be281\",\"name\":\"adminNovo\",\"image\":{\"@type\":\"ImageObject\",\"inLanguage\":\"pt-PT\",\"@id\":\"https:\\\/\\\/secure.gravatar.com\\\/avatar\\\/c606c1288dcc11eb4c709aa5136fdb962583c410f5c23c0b7bf6917c542be355?s=96&d=mm&r=g\",\"url\":\"https:\\\/\\\/secure.gravatar.com\\\/avatar\\\/c606c1288dcc11eb4c709aa5136fdb962583c410f5c23c0b7bf6917c542be355?s=96&d=mm&r=g\",\"contentUrl\":\"https:\\\/\\\/secure.gravatar.com\\\/avatar\\\/c606c1288dcc11eb4c709aa5136fdb962583c410f5c23c0b7bf6917c542be355?s=96&d=mm&r=g\",\"caption\":\"adminNovo\"},\"sameAs\":[\"https:\\\/\\\/automotiverevista.pt\"],\"url\":\"https:\\\/\\\/automotiverevista.pt\\\/index.php\\\/author\\\/adminnovo\\\/\"}]}<\/script>\n<!-- \/ Yoast SEO Premium plugin. -->","yoast_head_json":{"title":"STET \u00e9 o distribuidor oficial da Pronar em Portugal - Revista Automotive","description":"STET torna-se o distribuidor de equipamentos de reciclagem, representando o fabricante Pronar em Portugal.","robots":{"index":"index","follow":"follow","max-snippet":"max-snippet:-1","max-image-preview":"max-image-preview:large","max-video-preview":"max-video-preview:-1"},"canonical":"https:\/\/automotiverevista.pt\/index.php\/2022\/11\/17\/stet-e-o-distribuidor-oficial-da-pronar-em-portugal\/","og_locale":"pt_PT","og_type":"article","og_title":"STET \u00e9 o distribuidor oficial da Pronar em Portugal","og_description":"STET torna-se o distribuidor de equipamentos de reciclagem, representando o fabricante Pronar em Portugal.","og_url":"https:\/\/automotiverevista.pt\/index.php\/2022\/11\/17\/stet-e-o-distribuidor-oficial-da-pronar-em-portugal\/","og_site_name":"Revista Automotive","article_published_time":"2022-11-17T10:53:32+00:00","article_modified_time":"2022-11-17T10:53:34+00:00","og_image":[{"width":1920,"height":1080,"url":"https:\/\/automotiverevista.pt\/wp-content\/uploads\/2022\/11\/Trituradores-MoveisBaixaVelocidade.jpg","type":"image\/jpeg"}],"author":"adminNovo","twitter_card":"summary_large_image","twitter_misc":{"Escrito por":"adminNovo","Tempo estimado de leitura":"2 minutos"},"schema":{"@context":"https:\/\/schema.org","@graph":[{"@type":"Article","@id":"https:\/\/automotiverevista.pt\/index.php\/2022\/11\/17\/stet-e-o-distribuidor-oficial-da-pronar-em-portugal\/#article","isPartOf":{"@id":"https:\/\/automotiverevista.pt\/index.php\/2022\/11\/17\/stet-e-o-distribuidor-oficial-da-pronar-em-portugal\/"},"author":{"name":"adminNovo","@id":"https:\/\/automotiverevista.pt\/#\/schema\/person\/1265858bc8c78a0f969de814da8be281"},"headline":"STET \u00e9 o distribuidor oficial da Pronar em Portugal","datePublished":"2022-11-17T10:53:32+00:00","dateModified":"2022-11-17T10:53:34+00:00","mainEntityOfPage":{"@id":"https:\/\/automotiverevista.pt\/index.php\/2022\/11\/17\/stet-e-o-distribuidor-oficial-da-pronar-em-portugal\/"},"wordCount":223,"publisher":{"@id":"https:\/\/automotiverevista.pt\/#organization"},"image":{"@id":"https:\/\/automotiverevista.pt\/index.php\/2022\/11\/17\/stet-e-o-distribuidor-oficial-da-pronar-em-portugal\/#primaryimage"},"thumbnailUrl":"https:\/\/automotiverevista.pt\/wp-content\/uploads\/2022\/11\/Trituradores-MoveisBaixaVelocidade.jpg","articleSection":["Pesados e M\u00e1quinas"],"inLanguage":"pt-PT"},{"@type":"WebPage","@id":"https:\/\/automotiverevista.pt\/index.php\/2022\/11\/17\/stet-e-o-distribuidor-oficial-da-pronar-em-portugal\/","url":"https:\/\/automotiverevista.pt\/index.php\/2022\/11\/17\/stet-e-o-distribuidor-oficial-da-pronar-em-portugal\/","name":"STET \u00e9 o distribuidor oficial da Pronar em Portugal - Revista Automotive","isPartOf":{"@id":"https:\/\/automotiverevista.pt\/#website"},"primaryImageOfPage":{"@id":"https:\/\/automotiverevista.pt\/index.php\/2022\/11\/17\/stet-e-o-distribuidor-oficial-da-pronar-em-portugal\/#primaryimage"},"image":{"@id":"https:\/\/automotiverevista.pt\/index.php\/2022\/11\/17\/stet-e-o-distribuidor-oficial-da-pronar-em-portugal\/#primaryimage"},"thumbnailUrl":"https:\/\/automotiverevista.pt\/wp-content\/uploads\/2022\/11\/Trituradores-MoveisBaixaVelocidade.jpg","datePublished":"2022-11-17T10:53:32+00:00","dateModified":"2022-11-17T10:53:34+00:00","description":"STET torna-se o distribuidor de equipamentos de reciclagem, representando o fabricante Pronar em Portugal.","breadcrumb":{"@id":"https:\/\/automotiverevista.pt\/index.php\/2022\/11\/17\/stet-e-o-distribuidor-oficial-da-pronar-em-portugal\/#breadcrumb"},"inLanguage":"pt-PT","potentialAction":[{"@type":"ReadAction","target":["https:\/\/automotiverevista.pt\/index.php\/2022\/11\/17\/stet-e-o-distribuidor-oficial-da-pronar-em-portugal\/"]}]},{"@type":"ImageObject","inLanguage":"pt-PT","@id":"https:\/\/automotiverevista.pt\/index.php\/2022\/11\/17\/stet-e-o-distribuidor-oficial-da-pronar-em-portugal\/#primaryimage","url":"https:\/\/automotiverevista.pt\/wp-content\/uploads\/2022\/11\/Trituradores-MoveisBaixaVelocidade.jpg","contentUrl":"https:\/\/automotiverevista.pt\/wp-content\/uploads\/2022\/11\/Trituradores-MoveisBaixaVelocidade.jpg","width":1920,"height":1080},{"@type":"BreadcrumbList","@id":"https:\/\/automotiverevista.pt\/index.php\/2022\/11\/17\/stet-e-o-distribuidor-oficial-da-pronar-em-portugal\/#breadcrumb","itemListElement":[{"@type":"ListItem","position":1,"name":"Home","item":"https:\/\/automotiverevista.pt\/"},{"@type":"ListItem","position":2,"name":"STET \u00e9 o distribuidor oficial da Pronar em Portugal"}]},{"@type":"WebSite","@id":"https:\/\/automotiverevista.pt\/#website","url":"https:\/\/automotiverevista.pt\/","name":"Revista Automotive","description":"Revista Automotive Portugal","publisher":{"@id":"https:\/\/automotiverevista.pt\/#organization"},"potentialAction":[{"@type":"SearchAction","target":{"@type":"EntryPoint","urlTemplate":"https:\/\/automotiverevista.pt\/?s={search_term_string}"},"query-input":{"@type":"PropertyValueSpecification","valueRequired":true,"valueName":"search_term_string"}}],"inLanguage":"pt-PT"},{"@type":"Organization","@id":"https:\/\/automotiverevista.pt\/#organization","name":"Revista Automotive Portugal","url":"https:\/\/automotiverevista.pt\/","logo":{"@type":"ImageObject","inLanguage":"pt-PT","@id":"https:\/\/automotiverevista.pt\/#\/schema\/logo\/image\/","url":"https:\/\/automotiverevista.pt\/wp-content\/uploads\/2022\/07\/Logo-Automotive-2021_500-1.jpg","contentUrl":"https:\/\/automotiverevista.pt\/wp-content\/uploads\/2022\/07\/Logo-Automotive-2021_500-1.jpg","width":500,"height":160,"caption":"Revista Automotive Portugal"},"image":{"@id":"https:\/\/automotiverevista.pt\/#\/schema\/logo\/image\/"},"sameAs":["https:\/\/linkedin.com\/in\/automotiverevista"]},{"@type":"Person","@id":"https:\/\/automotiverevista.pt\/#\/schema\/person\/1265858bc8c78a0f969de814da8be281","name":"adminNovo","image":{"@type":"ImageObject","inLanguage":"pt-PT","@id":"https:\/\/secure.gravatar.com\/avatar\/c606c1288dcc11eb4c709aa5136fdb962583c410f5c23c0b7bf6917c542be355?s=96&d=mm&r=g","url":"https:\/\/secure.gravatar.com\/avatar\/c606c1288dcc11eb4c709aa5136fdb962583c410f5c23c0b7bf6917c542be355?s=96&d=mm&r=g","contentUrl":"https:\/\/secure.gravatar.com\/avatar\/c606c1288dcc11eb4c709aa5136fdb962583c410f5c23c0b7bf6917c542be355?s=96&d=mm&r=g","caption":"adminNovo"},"sameAs":["https:\/\/automotiverevista.pt"],"url":"https:\/\/automotiverevista.pt\/index.php\/author\/adminnovo\/"}]}},"_links":{"self":[{"href":"https:\/\/automotiverevista.pt\/index.php\/wp-json\/wp\/v2\/posts\/1352","targetHints":{"allow":["GET"]}}],"collection":[{"href":"https:\/\/automotiverevista.pt\/index.php\/wp-json\/wp\/v2\/posts"}],"about":[{"href":"https:\/\/automotiverevista.pt\/index.php\/wp-json\/wp\/v2\/types\/post"}],"author":[{"embeddable":true,"href":"https:\/\/automotiverevista.pt\/index.php\/wp-json\/wp\/v2\/users\/1"}],"replies":[{"embeddable":true,"href":"https:\/\/automotiverevista.pt\/index.php\/wp-json\/wp\/v2\/comments?post=1352"}],"version-history":[{"count":2,"href":"https:\/\/automotiverevista.pt\/index.php\/wp-json\/wp\/v2\/posts\/1352\/revisions"}],"predecessor-version":[{"id":1357,"href":"https:\/\/automotiverevista.pt\/index.php\/wp-json\/wp\/v2\/posts\/1352\/revisions\/1357"}],"wp:featuredmedia":[{"embeddable":true,"href":"https:\/\/automotiverevista.pt\/index.php\/wp-json\/wp\/v2\/media\/1353"}],"wp:attachment":[{"href":"https:\/\/automotiverevista.pt\/index.php\/wp-json\/wp\/v2\/media?parent=1352"}],"wp:term":[{"taxonomy":"category","embeddable":true,"href":"https:\/\/automotiverevista.pt\/index.php\/wp-json\/wp\/v2\/categories?post=1352"},{"taxonomy":"post_tag","embeddable":true,"href":"https:\/\/automotiverevista.pt\/index.php\/wp-json\/wp\/v2\/tags?post=1352"}],"curies":[{"name":"wp","href":"https:\/\/api.w.org\/{rel}","templated":true}]}}