{"id":1358,"date":"2022-11-17T11:01:58","date_gmt":"2022-11-17T11:01:58","guid":{"rendered":"https:\/\/automotiverevista.pt\/?p=1358"},"modified":"2022-11-17T11:02:01","modified_gmt":"2022-11-17T11:02:01","slug":"7o-aniversario-da-nex-com-novas-marcas-de-pneus","status":"publish","type":"post","link":"https:\/\/automotiverevista.pt\/index.php\/2022\/11\/17\/7o-aniversario-da-nex-com-novas-marcas-de-pneus\/","title":{"rendered":"<strong>\u00a07\u00ba anivers\u00e1rio da NEX com novas marcas de pneus<\/strong>"},"content":{"rendered":"\n<p>No \u00e2mbito da celebra\u00e7\u00e3o do seu s\u00e9timo anivers\u00e1rio no nosso pa\u00eds e sob o lema \u201c7 anos = 7 novidades\u201d, a Nex Portugal anuncia a comercializa\u00e7\u00e3o a n\u00edvel oficial de novas marcas no seu portfolio, sendo que ainda se inclui um regresso bastante ansiado pelo mercado.<\/p>\n\n\n\n<p>\u00a0A partir de 15 de novembro os clientes da Nex Portugal ir\u00e3o encontrar a marca <strong>ROADX <\/strong>no seu portfolio de pneus ligeiros e a marca FORTUNE a n\u00edvel de pneus pesados, comercializadas em exclusivo pelo distribuidor em Espanha e que agora alargam a sua abrang\u00eancia ao nosso pa\u00eds.<\/p>\n\n\n\n<p>Se a marca ROADX &#8211; perten\u00e7a do grupo Sailun &#8211; era j\u00e1 conhecida dos seus clientes, a <strong>FORTUNE <\/strong>\u00e9 uma estreia absoluta no nosso pa\u00eds sendo fabricada na Tail\u00e2ndia pelo grupo Prinx Chengshan e cujos processos de produ\u00e7\u00e3o e caracter\u00edsticas t\u00e9cnicas se encontram certificados pela T\u00dcV, garantindo-se deste modo os padr\u00f5es de qualidade que cativam cada vez mais os profissionais europeus do setor dos transportes.<\/p>\n\n\n\n<figure class=\"wp-block-image size-large\"><img decoding=\"async\" width=\"1024\" height=\"705\" src=\"https:\/\/automotiverevista.pt\/wp-content\/uploads\/2022\/11\/n-8-1024x705.jpg\" alt=\"\" class=\"wp-image-1361\" srcset=\"https:\/\/automotiverevista.pt\/wp-content\/uploads\/2022\/11\/n-8-1024x705.jpg 1024w, https:\/\/automotiverevista.pt\/wp-content\/uploads\/2022\/11\/n-8-300x207.jpg 300w, https:\/\/automotiverevista.pt\/wp-content\/uploads\/2022\/11\/n-8-768x529.jpg 768w, https:\/\/automotiverevista.pt\/wp-content\/uploads\/2022\/11\/n-8-750x517.jpg 750w, https:\/\/automotiverevista.pt\/wp-content\/uploads\/2022\/11\/n-8.jpg 1080w\" sizes=\"(max-width: 1024px) 100vw, 1024px\" \/><\/figure>\n\n\n\n<p>Essa mesma data ficar\u00e1 tamb\u00e9m marcada pelo lan\u00e7amento da (j\u00e1) reconhecida marca <strong>GOODRIDE <\/strong>no segmento industrial, onde para al\u00e9m dos pneus de Engenharia Civil (OTR) que j\u00e1 se encontravam dispon\u00edveis desde 2021 se incluem agora v\u00e1rias solu\u00e7\u00f5es para o segmentos de constru\u00e7\u00e3o e m\u00e1quinas de movimenta\u00e7\u00e3o de cargas, alicer\u00e7adas pelo reconhecimento do fabricante ZC Rubber (um dos 10 maiores fabricantes mundiais de pneus) passando deste modo a disponibilizar solu\u00e7\u00f5es atrativas aos clientes nacionais da NEX neste segmento.<\/p>\n\n\n\n<p>Por outro lado, e atendendo a que neste mesmo sector existem clientes mais exigentes, a NEX decidiu incluir no seu portfolio uma vasta gama dimensional na marca <strong>MITAS<\/strong>, alargando a parceria que j\u00e1 detinha com esta marca a n\u00edvel de pneus para moto.<\/p>\n\n\n\n<p><\/p>\n\n\n\n<figure class=\"wp-block-image size-full\"><img decoding=\"async\" width=\"600\" height=\"400\" src=\"https:\/\/automotiverevista.pt\/wp-content\/uploads\/2022\/11\/press-releases.jpg\" alt=\"\" class=\"wp-image-1362\" srcset=\"https:\/\/automotiverevista.pt\/wp-content\/uploads\/2022\/11\/press-releases.jpg 600w, https:\/\/automotiverevista.pt\/wp-content\/uploads\/2022\/11\/press-releases-300x200.jpg 300w\" sizes=\"(max-width: 600px) 100vw, 600px\" \/><\/figure>\n\n\n\n<p>Para concluir \u201cem grande\u201d o seu anivers\u00e1rio a NEX revela a sua 7\u00aa novidade com\u2026 um regresso bastante aguardado pelo mercado! No segmento de pneus pesados assinala-se o retorno da marca <strong>RIKEN <\/strong>ao seu portfolio, um ano ap\u00f3s a fabrica\u00e7\u00e3o ter sido suspensa devido aos enormes condicionalismos que se verificaram na Europa e que limitaram a produ\u00e7\u00e3o de pneus deste segmento por parte de v\u00e1rios produtores. Deste modo, os clientes da Nex Portugal voltam a dispor de uma marca amplamente reconhecida no mercado de pneus pesados.<\/p>\n\n\n\n<p>Ficam assim reveladas todas as novidades que a Nex apresentadas pela NEX por ocasi\u00e3o do 7\u00ba anivers\u00e1rio da sua presen\u00e7a no nosso pa\u00eds, onde est\u00e1 presente desde novembro de 2015 com uma ampla oferta multi-produto e multi-segmento, nomeadamente nas gamas de pneus ligeiros, comerciais e 4&#215;4\/SUV, pesados, moto, agr\u00edcolas e industriais, podendo ser consultada atrav\u00e9s do telefone 219540500 ou da p\u00e1gina www.nextyres.pt.<\/p>\n","protected":false},"excerpt":{"rendered":"<p>No \u00e2mbito da celebra\u00e7\u00e3o do seu s\u00e9timo anivers\u00e1rio no nosso pa\u00eds e sob o lema \u201c7 anos = 7 novidades\u201d, a Nex Portugal anuncia a comercializa\u00e7\u00e3o a n\u00edvel oficial de novas marcas no seu portfolio, sendo que ainda se inclui um regresso bastante ansiado pelo mercado. \u00a0A partir de 15 de novembro os clientes da [&hellip;]<\/p>\n","protected":false},"author":1,"featured_media":1359,"comment_status":"closed","ping_status":"open","sticky":false,"template":"","format":"standard","meta":{"jnews-multi-image_gallery":[],"jnews_single_post":{"subtitle":"","format":"standard","video":"","gallery":"","source_name":"","source_url":"","via_name":"","via_url":"","override_template":"0","override":[{"template":"2","single_blog_custom":"","parallax":"1","fullscreen":"1","layout":"right-sidebar","sidebar":"default-sidebar","second_sidebar":"default-sidebar","sticky_sidebar":"1","share_position":"topbottom","share_float_style":"share-monocrhome","show_share_counter":"0","show_view_counter":"0","show_featured":"1","show_post_meta":"1","show_post_author":"0","show_post_author_image":"1","show_post_date":"1","post_date_format":"default","post_date_format_custom":"Y\/m\/d","show_post_category":"1","show_post_reading_time":"0","post_reading_time_wpm":"300","show_zoom_button":"0","zoom_button_out_step":"2","zoom_button_in_step":"3","show_post_tag":"1","show_prev_next_post":"0","show_popup_post":"1","number_popup_post":"1","show_author_box":"0","show_post_related":"1","show_inline_post_related":"1"}],"override_image_size":"0","image_override":[{"single_post_thumbnail_size":"crop-500","single_post_gallery_size":"crop-500"}],"trending_post":"0","trending_post_position":"meta","trending_post_label":"Trending","sponsored_post":"0","sponsored_post_label":"Sponsored by","sponsored_post_name":"","sponsored_post_url":"","sponsored_post_logo_enable":"0","sponsored_post_logo":"","sponsored_post_desc":"","disable_ad":"0"},"jnews_primary_category":{"id":"","hide":""},"footnotes":""},"categories":[25,21],"tags":[],"class_list":["post-1358","post","type-post","status-publish","format-standard","has-post-thumbnail","hentry","category-pesados-e-maquinas","category-pos-venda"],"yoast_head":"<!-- This site is optimized with the Yoast SEO Premium plugin v27.5 (Yoast SEO v27.5) - https:\/\/yoast.com\/product\/yoast-seo-premium-wordpress\/ -->\n<title>\u00a07\u00ba anivers\u00e1rio da NEX com novas marcas de pneus - Revista Automotive<\/title>\n<meta name=\"description\" content=\"Nex Portugal anuncia a comercializa\u00e7\u00e3o a n\u00edvel oficial de novas marcas no seu portfolio, sendo que ainda se inclui\" \/>\n<meta name=\"robots\" content=\"index, follow, max-snippet:-1, max-image-preview:large, max-video-preview:-1\" \/>\n<link rel=\"canonical\" href=\"https:\/\/automotiverevista.pt\/index.php\/2022\/11\/17\/7o-aniversario-da-nex-com-novas-marcas-de-pneus\/\" \/>\n<meta property=\"og:locale\" content=\"pt_PT\" \/>\n<meta property=\"og:type\" content=\"article\" \/>\n<meta property=\"og:title\" content=\"\u00a07\u00ba anivers\u00e1rio da NEX com novas marcas de pneus\" \/>\n<meta property=\"og:description\" content=\"Nex Portugal anuncia a comercializa\u00e7\u00e3o a n\u00edvel oficial de novas marcas no seu portfolio, sendo que ainda se inclui\" \/>\n<meta property=\"og:url\" content=\"https:\/\/automotiverevista.pt\/index.php\/2022\/11\/17\/7o-aniversario-da-nex-com-novas-marcas-de-pneus\/\" \/>\n<meta property=\"og:site_name\" content=\"Revista Automotive\" \/>\n<meta property=\"article:published_time\" content=\"2022-11-17T11:01:58+00:00\" \/>\n<meta property=\"article:modified_time\" content=\"2022-11-17T11:02:01+00:00\" \/>\n<meta property=\"og:image\" content=\"https:\/\/automotiverevista.pt\/wp-content\/uploads\/2022\/11\/n-9.jpg\" \/>\n\t<meta property=\"og:image:width\" content=\"960\" \/>\n\t<meta property=\"og:image:height\" content=\"720\" \/>\n\t<meta property=\"og:image:type\" content=\"image\/jpeg\" \/>\n<meta name=\"author\" content=\"adminNovo\" \/>\n<meta name=\"twitter:card\" content=\"summary_large_image\" \/>\n<meta name=\"twitter:label1\" content=\"Escrito por\" \/>\n\t<meta name=\"twitter:data1\" content=\"adminNovo\" \/>\n\t<meta name=\"twitter:label2\" content=\"Tempo estimado de leitura\" \/>\n\t<meta name=\"twitter:data2\" content=\"3 minutos\" \/>\n<script type=\"application\/ld+json\" class=\"yoast-schema-graph\">{\"@context\":\"https:\\\/\\\/schema.org\",\"@graph\":[{\"@type\":\"Article\",\"@id\":\"https:\\\/\\\/automotiverevista.pt\\\/index.php\\\/2022\\\/11\\\/17\\\/7o-aniversario-da-nex-com-novas-marcas-de-pneus\\\/#article\",\"isPartOf\":{\"@id\":\"https:\\\/\\\/automotiverevista.pt\\\/index.php\\\/2022\\\/11\\\/17\\\/7o-aniversario-da-nex-com-novas-marcas-de-pneus\\\/\"},\"author\":{\"name\":\"adminNovo\",\"@id\":\"https:\\\/\\\/automotiverevista.pt\\\/#\\\/schema\\\/person\\\/1265858bc8c78a0f969de814da8be281\"},\"headline\":\"\u00a07\u00ba anivers\u00e1rio da NEX com novas marcas de pneus\",\"datePublished\":\"2022-11-17T11:01:58+00:00\",\"dateModified\":\"2022-11-17T11:02:01+00:00\",\"mainEntityOfPage\":{\"@id\":\"https:\\\/\\\/automotiverevista.pt\\\/index.php\\\/2022\\\/11\\\/17\\\/7o-aniversario-da-nex-com-novas-marcas-de-pneus\\\/\"},\"wordCount\":470,\"publisher\":{\"@id\":\"https:\\\/\\\/automotiverevista.pt\\\/#organization\"},\"image\":{\"@id\":\"https:\\\/\\\/automotiverevista.pt\\\/index.php\\\/2022\\\/11\\\/17\\\/7o-aniversario-da-nex-com-novas-marcas-de-pneus\\\/#primaryimage\"},\"thumbnailUrl\":\"https:\\\/\\\/automotiverevista.pt\\\/wp-content\\\/uploads\\\/2022\\\/11\\\/n-9.jpg\",\"articleSection\":[\"Pesados e M\u00e1quinas\",\"P\u00f3s-Venda\"],\"inLanguage\":\"pt-PT\"},{\"@type\":\"WebPage\",\"@id\":\"https:\\\/\\\/automotiverevista.pt\\\/index.php\\\/2022\\\/11\\\/17\\\/7o-aniversario-da-nex-com-novas-marcas-de-pneus\\\/\",\"url\":\"https:\\\/\\\/automotiverevista.pt\\\/index.php\\\/2022\\\/11\\\/17\\\/7o-aniversario-da-nex-com-novas-marcas-de-pneus\\\/\",\"name\":\"\u00a07\u00ba anivers\u00e1rio da NEX com novas marcas de pneus - Revista Automotive\",\"isPartOf\":{\"@id\":\"https:\\\/\\\/automotiverevista.pt\\\/#website\"},\"primaryImageOfPage\":{\"@id\":\"https:\\\/\\\/automotiverevista.pt\\\/index.php\\\/2022\\\/11\\\/17\\\/7o-aniversario-da-nex-com-novas-marcas-de-pneus\\\/#primaryimage\"},\"image\":{\"@id\":\"https:\\\/\\\/automotiverevista.pt\\\/index.php\\\/2022\\\/11\\\/17\\\/7o-aniversario-da-nex-com-novas-marcas-de-pneus\\\/#primaryimage\"},\"thumbnailUrl\":\"https:\\\/\\\/automotiverevista.pt\\\/wp-content\\\/uploads\\\/2022\\\/11\\\/n-9.jpg\",\"datePublished\":\"2022-11-17T11:01:58+00:00\",\"dateModified\":\"2022-11-17T11:02:01+00:00\",\"description\":\"Nex Portugal anuncia a comercializa\u00e7\u00e3o a n\u00edvel oficial de novas marcas no seu portfolio, sendo que ainda se inclui\",\"breadcrumb\":{\"@id\":\"https:\\\/\\\/automotiverevista.pt\\\/index.php\\\/2022\\\/11\\\/17\\\/7o-aniversario-da-nex-com-novas-marcas-de-pneus\\\/#breadcrumb\"},\"inLanguage\":\"pt-PT\",\"potentialAction\":[{\"@type\":\"ReadAction\",\"target\":[\"https:\\\/\\\/automotiverevista.pt\\\/index.php\\\/2022\\\/11\\\/17\\\/7o-aniversario-da-nex-com-novas-marcas-de-pneus\\\/\"]}]},{\"@type\":\"ImageObject\",\"inLanguage\":\"pt-PT\",\"@id\":\"https:\\\/\\\/automotiverevista.pt\\\/index.php\\\/2022\\\/11\\\/17\\\/7o-aniversario-da-nex-com-novas-marcas-de-pneus\\\/#primaryimage\",\"url\":\"https:\\\/\\\/automotiverevista.pt\\\/wp-content\\\/uploads\\\/2022\\\/11\\\/n-9.jpg\",\"contentUrl\":\"https:\\\/\\\/automotiverevista.pt\\\/wp-content\\\/uploads\\\/2022\\\/11\\\/n-9.jpg\",\"width\":960,\"height\":720},{\"@type\":\"BreadcrumbList\",\"@id\":\"https:\\\/\\\/automotiverevista.pt\\\/index.php\\\/2022\\\/11\\\/17\\\/7o-aniversario-da-nex-com-novas-marcas-de-pneus\\\/#breadcrumb\",\"itemListElement\":[{\"@type\":\"ListItem\",\"position\":1,\"name\":\"Home\",\"item\":\"https:\\\/\\\/automotiverevista.pt\\\/\"},{\"@type\":\"ListItem\",\"position\":2,\"name\":\"\u00a07\u00ba anivers\u00e1rio da NEX com novas marcas de pneus\"}]},{\"@type\":\"WebSite\",\"@id\":\"https:\\\/\\\/automotiverevista.pt\\\/#website\",\"url\":\"https:\\\/\\\/automotiverevista.pt\\\/\",\"name\":\"Revista Automotive\",\"description\":\"Revista Automotive Portugal\",\"publisher\":{\"@id\":\"https:\\\/\\\/automotiverevista.pt\\\/#organization\"},\"potentialAction\":[{\"@type\":\"SearchAction\",\"target\":{\"@type\":\"EntryPoint\",\"urlTemplate\":\"https:\\\/\\\/automotiverevista.pt\\\/?s={search_term_string}\"},\"query-input\":{\"@type\":\"PropertyValueSpecification\",\"valueRequired\":true,\"valueName\":\"search_term_string\"}}],\"inLanguage\":\"pt-PT\"},{\"@type\":\"Organization\",\"@id\":\"https:\\\/\\\/automotiverevista.pt\\\/#organization\",\"name\":\"Revista Automotive Portugal\",\"url\":\"https:\\\/\\\/automotiverevista.pt\\\/\",\"logo\":{\"@type\":\"ImageObject\",\"inLanguage\":\"pt-PT\",\"@id\":\"https:\\\/\\\/automotiverevista.pt\\\/#\\\/schema\\\/logo\\\/image\\\/\",\"url\":\"https:\\\/\\\/automotiverevista.pt\\\/wp-content\\\/uploads\\\/2022\\\/07\\\/Logo-Automotive-2021_500-1.jpg\",\"contentUrl\":\"https:\\\/\\\/automotiverevista.pt\\\/wp-content\\\/uploads\\\/2022\\\/07\\\/Logo-Automotive-2021_500-1.jpg\",\"width\":500,\"height\":160,\"caption\":\"Revista Automotive Portugal\"},\"image\":{\"@id\":\"https:\\\/\\\/automotiverevista.pt\\\/#\\\/schema\\\/logo\\\/image\\\/\"},\"sameAs\":[\"https:\\\/\\\/linkedin.com\\\/in\\\/automotiverevista\"]},{\"@type\":\"Person\",\"@id\":\"https:\\\/\\\/automotiverevista.pt\\\/#\\\/schema\\\/person\\\/1265858bc8c78a0f969de814da8be281\",\"name\":\"adminNovo\",\"image\":{\"@type\":\"ImageObject\",\"inLanguage\":\"pt-PT\",\"@id\":\"https:\\\/\\\/secure.gravatar.com\\\/avatar\\\/c606c1288dcc11eb4c709aa5136fdb962583c410f5c23c0b7bf6917c542be355?s=96&d=mm&r=g\",\"url\":\"https:\\\/\\\/secure.gravatar.com\\\/avatar\\\/c606c1288dcc11eb4c709aa5136fdb962583c410f5c23c0b7bf6917c542be355?s=96&d=mm&r=g\",\"contentUrl\":\"https:\\\/\\\/secure.gravatar.com\\\/avatar\\\/c606c1288dcc11eb4c709aa5136fdb962583c410f5c23c0b7bf6917c542be355?s=96&d=mm&r=g\",\"caption\":\"adminNovo\"},\"sameAs\":[\"https:\\\/\\\/automotiverevista.pt\"],\"url\":\"https:\\\/\\\/automotiverevista.pt\\\/index.php\\\/author\\\/adminnovo\\\/\"}]}<\/script>\n<!-- \/ Yoast SEO Premium plugin. -->","yoast_head_json":{"title":"\u00a07\u00ba anivers\u00e1rio da NEX com novas marcas de pneus - Revista Automotive","description":"Nex Portugal anuncia a comercializa\u00e7\u00e3o a n\u00edvel oficial de novas marcas no seu portfolio, sendo que ainda se inclui","robots":{"index":"index","follow":"follow","max-snippet":"max-snippet:-1","max-image-preview":"max-image-preview:large","max-video-preview":"max-video-preview:-1"},"canonical":"https:\/\/automotiverevista.pt\/index.php\/2022\/11\/17\/7o-aniversario-da-nex-com-novas-marcas-de-pneus\/","og_locale":"pt_PT","og_type":"article","og_title":"\u00a07\u00ba anivers\u00e1rio da NEX com novas marcas de pneus","og_description":"Nex Portugal anuncia a comercializa\u00e7\u00e3o a n\u00edvel oficial de novas marcas no seu portfolio, sendo que ainda se inclui","og_url":"https:\/\/automotiverevista.pt\/index.php\/2022\/11\/17\/7o-aniversario-da-nex-com-novas-marcas-de-pneus\/","og_site_name":"Revista Automotive","article_published_time":"2022-11-17T11:01:58+00:00","article_modified_time":"2022-11-17T11:02:01+00:00","og_image":[{"width":960,"height":720,"url":"https:\/\/automotiverevista.pt\/wp-content\/uploads\/2022\/11\/n-9.jpg","type":"image\/jpeg"}],"author":"adminNovo","twitter_card":"summary_large_image","twitter_misc":{"Escrito por":"adminNovo","Tempo estimado de leitura":"3 minutos"},"schema":{"@context":"https:\/\/schema.org","@graph":[{"@type":"Article","@id":"https:\/\/automotiverevista.pt\/index.php\/2022\/11\/17\/7o-aniversario-da-nex-com-novas-marcas-de-pneus\/#article","isPartOf":{"@id":"https:\/\/automotiverevista.pt\/index.php\/2022\/11\/17\/7o-aniversario-da-nex-com-novas-marcas-de-pneus\/"},"author":{"name":"adminNovo","@id":"https:\/\/automotiverevista.pt\/#\/schema\/person\/1265858bc8c78a0f969de814da8be281"},"headline":"\u00a07\u00ba anivers\u00e1rio da NEX com novas marcas de pneus","datePublished":"2022-11-17T11:01:58+00:00","dateModified":"2022-11-17T11:02:01+00:00","mainEntityOfPage":{"@id":"https:\/\/automotiverevista.pt\/index.php\/2022\/11\/17\/7o-aniversario-da-nex-com-novas-marcas-de-pneus\/"},"wordCount":470,"publisher":{"@id":"https:\/\/automotiverevista.pt\/#organization"},"image":{"@id":"https:\/\/automotiverevista.pt\/index.php\/2022\/11\/17\/7o-aniversario-da-nex-com-novas-marcas-de-pneus\/#primaryimage"},"thumbnailUrl":"https:\/\/automotiverevista.pt\/wp-content\/uploads\/2022\/11\/n-9.jpg","articleSection":["Pesados e M\u00e1quinas","P\u00f3s-Venda"],"inLanguage":"pt-PT"},{"@type":"WebPage","@id":"https:\/\/automotiverevista.pt\/index.php\/2022\/11\/17\/7o-aniversario-da-nex-com-novas-marcas-de-pneus\/","url":"https:\/\/automotiverevista.pt\/index.php\/2022\/11\/17\/7o-aniversario-da-nex-com-novas-marcas-de-pneus\/","name":"\u00a07\u00ba anivers\u00e1rio da NEX com novas marcas de pneus - Revista Automotive","isPartOf":{"@id":"https:\/\/automotiverevista.pt\/#website"},"primaryImageOfPage":{"@id":"https:\/\/automotiverevista.pt\/index.php\/2022\/11\/17\/7o-aniversario-da-nex-com-novas-marcas-de-pneus\/#primaryimage"},"image":{"@id":"https:\/\/automotiverevista.pt\/index.php\/2022\/11\/17\/7o-aniversario-da-nex-com-novas-marcas-de-pneus\/#primaryimage"},"thumbnailUrl":"https:\/\/automotiverevista.pt\/wp-content\/uploads\/2022\/11\/n-9.jpg","datePublished":"2022-11-17T11:01:58+00:00","dateModified":"2022-11-17T11:02:01+00:00","description":"Nex Portugal anuncia a comercializa\u00e7\u00e3o a n\u00edvel oficial de novas marcas no seu portfolio, sendo que ainda se inclui","breadcrumb":{"@id":"https:\/\/automotiverevista.pt\/index.php\/2022\/11\/17\/7o-aniversario-da-nex-com-novas-marcas-de-pneus\/#breadcrumb"},"inLanguage":"pt-PT","potentialAction":[{"@type":"ReadAction","target":["https:\/\/automotiverevista.pt\/index.php\/2022\/11\/17\/7o-aniversario-da-nex-com-novas-marcas-de-pneus\/"]}]},{"@type":"ImageObject","inLanguage":"pt-PT","@id":"https:\/\/automotiverevista.pt\/index.php\/2022\/11\/17\/7o-aniversario-da-nex-com-novas-marcas-de-pneus\/#primaryimage","url":"https:\/\/automotiverevista.pt\/wp-content\/uploads\/2022\/11\/n-9.jpg","contentUrl":"https:\/\/automotiverevista.pt\/wp-content\/uploads\/2022\/11\/n-9.jpg","width":960,"height":720},{"@type":"BreadcrumbList","@id":"https:\/\/automotiverevista.pt\/index.php\/2022\/11\/17\/7o-aniversario-da-nex-com-novas-marcas-de-pneus\/#breadcrumb","itemListElement":[{"@type":"ListItem","position":1,"name":"Home","item":"https:\/\/automotiverevista.pt\/"},{"@type":"ListItem","position":2,"name":"\u00a07\u00ba anivers\u00e1rio da NEX com novas marcas de pneus"}]},{"@type":"WebSite","@id":"https:\/\/automotiverevista.pt\/#website","url":"https:\/\/automotiverevista.pt\/","name":"Revista Automotive","description":"Revista Automotive Portugal","publisher":{"@id":"https:\/\/automotiverevista.pt\/#organization"},"potentialAction":[{"@type":"SearchAction","target":{"@type":"EntryPoint","urlTemplate":"https:\/\/automotiverevista.pt\/?s={search_term_string}"},"query-input":{"@type":"PropertyValueSpecification","valueRequired":true,"valueName":"search_term_string"}}],"inLanguage":"pt-PT"},{"@type":"Organization","@id":"https:\/\/automotiverevista.pt\/#organization","name":"Revista Automotive Portugal","url":"https:\/\/automotiverevista.pt\/","logo":{"@type":"ImageObject","inLanguage":"pt-PT","@id":"https:\/\/automotiverevista.pt\/#\/schema\/logo\/image\/","url":"https:\/\/automotiverevista.pt\/wp-content\/uploads\/2022\/07\/Logo-Automotive-2021_500-1.jpg","contentUrl":"https:\/\/automotiverevista.pt\/wp-content\/uploads\/2022\/07\/Logo-Automotive-2021_500-1.jpg","width":500,"height":160,"caption":"Revista Automotive Portugal"},"image":{"@id":"https:\/\/automotiverevista.pt\/#\/schema\/logo\/image\/"},"sameAs":["https:\/\/linkedin.com\/in\/automotiverevista"]},{"@type":"Person","@id":"https:\/\/automotiverevista.pt\/#\/schema\/person\/1265858bc8c78a0f969de814da8be281","name":"adminNovo","image":{"@type":"ImageObject","inLanguage":"pt-PT","@id":"https:\/\/secure.gravatar.com\/avatar\/c606c1288dcc11eb4c709aa5136fdb962583c410f5c23c0b7bf6917c542be355?s=96&d=mm&r=g","url":"https:\/\/secure.gravatar.com\/avatar\/c606c1288dcc11eb4c709aa5136fdb962583c410f5c23c0b7bf6917c542be355?s=96&d=mm&r=g","contentUrl":"https:\/\/secure.gravatar.com\/avatar\/c606c1288dcc11eb4c709aa5136fdb962583c410f5c23c0b7bf6917c542be355?s=96&d=mm&r=g","caption":"adminNovo"},"sameAs":["https:\/\/automotiverevista.pt"],"url":"https:\/\/automotiverevista.pt\/index.php\/author\/adminnovo\/"}]}},"_links":{"self":[{"href":"https:\/\/automotiverevista.pt\/index.php\/wp-json\/wp\/v2\/posts\/1358","targetHints":{"allow":["GET"]}}],"collection":[{"href":"https:\/\/automotiverevista.pt\/index.php\/wp-json\/wp\/v2\/posts"}],"about":[{"href":"https:\/\/automotiverevista.pt\/index.php\/wp-json\/wp\/v2\/types\/post"}],"author":[{"embeddable":true,"href":"https:\/\/automotiverevista.pt\/index.php\/wp-json\/wp\/v2\/users\/1"}],"replies":[{"embeddable":true,"href":"https:\/\/automotiverevista.pt\/index.php\/wp-json\/wp\/v2\/comments?post=1358"}],"version-history":[{"count":3,"href":"https:\/\/automotiverevista.pt\/index.php\/wp-json\/wp\/v2\/posts\/1358\/revisions"}],"predecessor-version":[{"id":1364,"href":"https:\/\/automotiverevista.pt\/index.php\/wp-json\/wp\/v2\/posts\/1358\/revisions\/1364"}],"wp:featuredmedia":[{"embeddable":true,"href":"https:\/\/automotiverevista.pt\/index.php\/wp-json\/wp\/v2\/media\/1359"}],"wp:attachment":[{"href":"https:\/\/automotiverevista.pt\/index.php\/wp-json\/wp\/v2\/media?parent=1358"}],"wp:term":[{"taxonomy":"category","embeddable":true,"href":"https:\/\/automotiverevista.pt\/index.php\/wp-json\/wp\/v2\/categories?post=1358"},{"taxonomy":"post_tag","embeddable":true,"href":"https:\/\/automotiverevista.pt\/index.php\/wp-json\/wp\/v2\/tags?post=1358"}],"curies":[{"name":"wp","href":"https:\/\/api.w.org\/{rel}","templated":true}]}}