{"id":14148,"date":"2026-09-01T06:36:00","date_gmt":"2026-09-01T06:36:00","guid":{"rendered":"https:\/\/automotiverevista.pt\/?p=14148"},"modified":"2026-08-18T14:52:21","modified_gmt":"2026-08-18T14:52:21","slug":"daf-3300-ati","status":"publish","type":"post","link":"https:\/\/automotiverevista.pt\/index.php\/2026\/09\/01\/daf-3300-ati\/","title":{"rendered":"DAF 3300 Ati &#8211; fiabilidade que ultrapassa gera\u00e7\u00f5es"},"content":{"rendered":"<div class=\"wp-block-image\">\n<figure class=\"alignleft size-full is-resized\"><img decoding=\"async\" width=\"242\" height=\"264\" src=\"https:\/\/automotiverevista.pt\/wp-content\/uploads\/2026\/08\/image-4.png\" alt=\"\" class=\"wp-image-14161\" style=\"aspect-ratio:0.9166770457093038;width:72px;height:auto\"\/><\/figure>\n<\/div>\n\n\n<p class=\"wp-block-paragraph\">Texto escrito com a colabora\u00e7\u00e3o de Wim Chatrou, diretor de comunica\u00e7\u00e3o da DAF de 1972 at\u00e9 1994.<\/p>\n\n\n\n<p class=\"wp-block-paragraph\">O modelo DAF 3300 ATi representa uma era de ouro da engenharia no transporte rodovi\u00e1rio europeu: uma \u00e9poca em que a mec\u00e2nica era simples, resistente e feita para durar. Ainda hoje, exemplares preservados continuam a operar em territ\u00f3rio nacional, como \u00e9 o caso do Munic\u00edpio de Viseu. A Revista Automotive acompanhou uma desloca\u00e7\u00e3o deste exemplar at\u00e9 aos Bombeiros Sapadores de Viseu, localizados junto ao Aer\u00f3dromo daquela cidade.Texto escrito com a colabora\u00e7\u00e3o de Wim Chatrou, diretor de comunica\u00e7\u00e3o da DAF de 1972 at\u00e9 1994.<\/p>\n\n\n<div class=\"wp-block-image\">\n<figure class=\"alignright size-large is-resized\"><img decoding=\"async\" width=\"1024\" height=\"768\" src=\"https:\/\/automotiverevista.pt\/wp-content\/uploads\/2026\/08\/20260415_144406-1024x768.jpg\" alt=\"\" class=\"wp-image-14163\" style=\"aspect-ratio:1.3333483795251422;width:248px;height:auto\" srcset=\"https:\/\/automotiverevista.pt\/wp-content\/uploads\/2026\/08\/20260415_144406-1024x768.jpg 1024w, https:\/\/automotiverevista.pt\/wp-content\/uploads\/2026\/08\/20260415_144406-300x225.jpg 300w, https:\/\/automotiverevista.pt\/wp-content\/uploads\/2026\/08\/20260415_144406-768x576.jpg 768w, https:\/\/automotiverevista.pt\/wp-content\/uploads\/2026\/08\/20260415_144406-750x563.jpg 750w, https:\/\/automotiverevista.pt\/wp-content\/uploads\/2026\/08\/20260415_144406-1140x855.jpg 1140w, https:\/\/automotiverevista.pt\/wp-content\/uploads\/2026\/08\/20260415_144406.jpg 1500w\" sizes=\"(max-width: 1024px) 100vw, 1024px\" \/><\/figure>\n<\/div>\n\n\n<p class=\"wp-block-paragraph\">Em bom estado de conserva\u00e7\u00e3o e manuten\u00e7\u00e3o, este cami\u00e3o DAF 3300 Ati transportou de forma segura e \u00e1gil, um trator Valtra que incorpora equipamentos para trabalhos florestais, com um peso a rondar as 12 toneladas. Na estrada \u00edngreme at\u00e9 chegar ao Aer\u00f3dromo, este DAF demonstrou estar ainda bastante capaz de realizar transportes, bem como de ter o motor \u201cafinado\u201d pois em todo o percurso (e mesmo em locais onde o bin\u00e1rio foi posto \u00e0 prova), nunca lan\u00e7ou uma \u201cnuvem de fumo\u201d pelo escape.<\/p>\n\n\n\n<p class=\"wp-block-paragraph\">Este \u00e9 um bom exemplo de gest\u00e3o municipal, onde equipamentos que ainda est\u00e3o funcionais e seguros, possam continuar a desempenhar a fun\u00e7\u00e3o para qual foram concebidos. Evitam assim milhares de toneladas de CO2 necess\u00e1rias para a produ\u00e7\u00e3o de novos cami\u00f5es, quando ainda se podem utilizar, em servi\u00e7os espec\u00edficos, equipamentos de grande qualidade e at\u00e9 de valor emocional para os profissionais do setor.<\/p>\n\n\n<div class=\"wp-block-image\">\n<figure class=\"alignleft size-large is-resized\"><img decoding=\"async\" width=\"1024\" height=\"768\" src=\"https:\/\/automotiverevista.pt\/wp-content\/uploads\/2026\/08\/20260415_144252-1024x768.jpg\" alt=\"\" class=\"wp-image-14162\" style=\"aspect-ratio:1.3333483795251422;width:256px;height:auto\" srcset=\"https:\/\/automotiverevista.pt\/wp-content\/uploads\/2026\/08\/20260415_144252-1024x768.jpg 1024w, https:\/\/automotiverevista.pt\/wp-content\/uploads\/2026\/08\/20260415_144252-300x225.jpg 300w, https:\/\/automotiverevista.pt\/wp-content\/uploads\/2026\/08\/20260415_144252-768x576.jpg 768w, https:\/\/automotiverevista.pt\/wp-content\/uploads\/2026\/08\/20260415_144252-750x563.jpg 750w, https:\/\/automotiverevista.pt\/wp-content\/uploads\/2026\/08\/20260415_144252-1140x855.jpg 1140w, https:\/\/automotiverevista.pt\/wp-content\/uploads\/2026\/08\/20260415_144252.jpg 1500w\" sizes=\"(max-width: 1024px) 100vw, 1024px\" \/><\/figure>\n<\/div>\n\n\n<p class=\"wp-block-paragraph\"><strong>Contextualiza\u00e7\u00e3o<\/strong><\/p>\n\n\n\n<p class=\"wp-block-paragraph\">O DAF 3300 ATi foi um dos grandes cami\u00f5es europeus das d\u00e9cadas de 1980 e in\u00edcio de 1990, reconhecido pela sua robustez, simplicidade mec\u00e2nica e enorme capacidade de trabalho. Com a sua frente quadrada imponente, a grelha preta caracter\u00edstica e o conhecido s\u00edmbolo \u201cATi Turbo Intercooling\u201d, tornou-se uma presen\u00e7a habitual nas estradas portuguesas, tanto no transporte nacional como internacional.<\/p>\n\n\n\n<p class=\"wp-block-paragraph\">A s\u00e9rie 3300 surgiu como evolu\u00e7\u00e3o dos anteriores DAF 2800 e 3300, numa \u00e9poca em que a marca holandesa procurava criar ve\u00edculos mais potentes, confort\u00e1veis e econ\u00f3micos para o transporte pesado. O sistema ATi \u2014 \u201cAdvanced Turbo Intercooling\u201d \u2014 representava uma tecnologia avan\u00e7ada para a \u00e9poca, utilizando turbo e intercooler para melhorar a pot\u00eancia e reduzir consumos. O motor de cerca de 11,6 litros debitava aproximadamente 330 cavalos, proporcionando um bin\u00e1rio e uma fiabilidade que rapidamente lhe deu fama entre motoristas e empresas de transporte.<\/p>\n\n\n\n<p class=\"wp-block-paragraph\"><strong>Liga\u00e7\u00e3o com Portugal<\/strong><\/p>\n\n\n\n<p class=\"wp-block-paragraph\">Em Portugal, estes cami\u00f5es tornaram-se extremamente populares durante os anos 80 e 90. Muitos trabalharam em longas rotas internacionais, atravessando Espanha, Fran\u00e7a e o resto da Europa, enquanto outros serviram no transporte de madeira, materiais de constru\u00e7\u00e3o e mercadorias pesadas. Eram ve\u00edculos conhecidos por \u201caguentarem tudo\u201d, capazes de percorrer milh\u00f5es de quil\u00f3metros mantendo a sua operabilidade.<\/p>\n\n\n\n<p class=\"wp-block-paragraph\">Existe tamb\u00e9m uma forte liga\u00e7\u00e3o portuguesa na hist\u00f3ria deste modelo. Durante v\u00e1rios anos, a DAF teve produ\u00e7\u00e3o e montagem em Portugal atrav\u00e9s da unidade da Leyland-DAF na regi\u00e3o de Set\u00fabal. Alguns modelos destinados ao mercado nacional e exporta\u00e7\u00e3o foram montados em territ\u00f3rio portugu\u00eas, raz\u00e3o pela qual h\u00e1 muitos DAF 3300 \u201cportugueses\u201d. Isso contribuiu para a grande presen\u00e7a da marca no nosso pa\u00eds e para a liga\u00e7\u00e3o emocional que muitos motoristas ainda mant\u00eam com estes ve\u00edculos, ao longo de d\u00e9cadas.<\/p>\n\n\n\n<p class=\"wp-block-paragraph\">O exemplar do Munic\u00edpio de Viseu, est\u00e1 equipado com a cabina especial, que inclu\u00eda vidros traseiros e na lateral para que o motorista pudesse visualizar a traseira do ve\u00edculo sem ter de sair da cabina. Esta vers\u00e3o era indicada para transporte de m\u00e1quinas, fun\u00e7\u00e3o que continua a desempenhar at\u00e9 aos dias de hoje, mantendo a facilidade de opera\u00e7\u00e3o para a qual foi concebido.<\/p>\n\n\n\n<figure class=\"wp-block-image size-large\"><img decoding=\"async\" width=\"1024\" height=\"461\" src=\"https:\/\/automotiverevista.pt\/wp-content\/uploads\/2026\/08\/2-2-1024x461.jpg\" alt=\"\" class=\"wp-image-14160\" srcset=\"https:\/\/automotiverevista.pt\/wp-content\/uploads\/2026\/08\/2-2-1024x461.jpg 1024w, https:\/\/automotiverevista.pt\/wp-content\/uploads\/2026\/08\/2-2-300x135.jpg 300w, https:\/\/automotiverevista.pt\/wp-content\/uploads\/2026\/08\/2-2-768x346.jpg 768w, https:\/\/automotiverevista.pt\/wp-content\/uploads\/2026\/08\/2-2-750x338.jpg 750w, https:\/\/automotiverevista.pt\/wp-content\/uploads\/2026\/08\/2-2-1140x513.jpg 1140w, https:\/\/automotiverevista.pt\/wp-content\/uploads\/2026\/08\/2-2.jpg 1492w\" sizes=\"(max-width: 1024px) 100vw, 1024px\" \/><\/figure>\n\n\n\n<p class=\"wp-block-paragraph\">Foto no porto de Set\u00fabal (cerca 1975-1976), com o primeiro cami\u00e3o DAF 2800, assemblado em Portugal, juntamente com pescadores e o Saveiro, barco de pesca tradicional da regi\u00e3o.<\/p>\n\n\n\n<p class=\"wp-block-paragraph\">A DAF montou diversos modelos de cami\u00f5es em Set\u00fabal atrav\u00e9s da empresa portuguesa Proval. \u00c0 \u00e9poca, Portugal n\u00e3o era membro da Uni\u00e3o Europeia e a montagem local era incentivada para gerar emprego.<\/p>\n\n\n\n<p class=\"wp-block-paragraph\">Imagem gentilmente cedida <strong>pela fam\u00edlia de Henk Jansen<\/strong>, supervisor da f\u00e1brica da DAF em Set\u00fabal, falecido em 2021 aos 78 anos.<\/p>\n\n\n\n<p class=\"wp-block-paragraph\"><\/p>\n","protected":false},"excerpt":{"rendered":"<p>Texto escrito com a colabora\u00e7\u00e3o de Wim Chatrou, diretor de comunica\u00e7\u00e3o da DAF de 1972 at\u00e9 1994. O modelo DAF 3300 ATi representa uma era de ouro da engenharia no transporte rodovi\u00e1rio europeu: uma \u00e9poca em que a mec\u00e2nica era simples, resistente e feita para durar. Ainda hoje, exemplares preservados continuam a operar em territ\u00f3rio [&hellip;]<\/p>\n","protected":false},"author":1,"featured_media":14159,"comment_status":"closed","ping_status":"open","sticky":false,"template":"","format":"standard","meta":{"jnews-multi-image_gallery":[],"jnews_single_post":{"format":"standard"},"jnews_primary_category":[],"footnotes":""},"categories":[29,23,25],"tags":[],"class_list":["post-14148","post","type-post","status-publish","format-standard","has-post-thumbnail","hentry","category-eventos","category-frotas","category-pesados-e-maquinas"],"yoast_head":"<!-- This site is optimized with the Yoast SEO Premium plugin v28.1 (Yoast SEO v28.3) - https:\/\/yoast.com\/product\/yoast-seo-premium-wordpress\/ -->\n<title>DAF 3300 Ati - fiabilidade que ultrapassa gera\u00e7\u00f5es - Revista Automotive<\/title>\n<meta name=\"description\" content=\"O modelo DAF 3300 ATi representa uma era de ouro da engenharia no transporte rodovi\u00e1rio europeu: uma \u00e9poca em que a mec\u00e2nica era simples, res\" \/>\n<meta name=\"robots\" content=\"index, follow, max-snippet:-1, max-image-preview:large, max-video-preview:-1\" \/>\n<link rel=\"canonical\" href=\"https:\/\/automotiverevista.pt\/index.php\/2026\/09\/01\/daf-3300-ati\/\" \/>\n<meta property=\"og:locale\" content=\"pt_PT\" \/>\n<meta property=\"og:type\" content=\"article\" \/>\n<meta property=\"og:title\" content=\"DAF 3300 Ati - fiabilidade que ultrapassa gera\u00e7\u00f5es\" \/>\n<meta property=\"og:description\" content=\"O modelo DAF 3300 ATi representa uma era de ouro da engenharia no transporte rodovi\u00e1rio europeu: uma \u00e9poca em que a mec\u00e2nica era simples, res\" \/>\n<meta property=\"og:url\" content=\"https:\/\/automotiverevista.pt\/index.php\/2026\/09\/01\/daf-3300-ati\/\" \/>\n<meta property=\"og:site_name\" content=\"Revista Automotive\" \/>\n<meta property=\"article:published_time\" content=\"2026-09-01T06:36:00+00:00\" \/>\n<meta property=\"og:image\" content=\"https:\/\/automotiverevista.pt\/wp-content\/uploads\/2026\/08\/1-2.jpg\" \/>\n\t<meta property=\"og:image:width\" content=\"1376\" \/>\n\t<meta property=\"og:image:height\" content=\"884\" \/>\n\t<meta property=\"og:image:type\" content=\"image\/jpeg\" \/>\n<meta name=\"author\" content=\"adminNovo\" \/>\n<meta name=\"twitter:card\" content=\"summary_large_image\" \/>\n<meta name=\"twitter:label1\" content=\"Escrito por\" \/>\n\t<meta name=\"twitter:data1\" content=\"adminNovo\" \/>\n\t<meta name=\"twitter:label2\" content=\"Tempo estimado de leitura\" \/>\n\t<meta name=\"twitter:data2\" content=\"5 minutos\" \/>\n<script type=\"application\/ld+json\" class=\"yoast-schema-graph\">{\"@context\":\"https:\\\/\\\/schema.org\",\"@graph\":[{\"@type\":\"Article\",\"@id\":\"https:\\\/\\\/automotiverevista.pt\\\/index.php\\\/2026\\\/09\\\/01\\\/daf-3300-ati\\\/#article\",\"isPartOf\":{\"@id\":\"https:\\\/\\\/automotiverevista.pt\\\/index.php\\\/2026\\\/09\\\/01\\\/daf-3300-ati\\\/\"},\"author\":{\"name\":\"adminNovo\",\"@id\":\"https:\\\/\\\/automotiverevista.pt\\\/#\\\/schema\\\/person\\\/1265858bc8c78a0f969de814da8be281\"},\"headline\":\"DAF 3300 Ati &#8211; fiabilidade que ultrapassa gera\u00e7\u00f5es\",\"datePublished\":\"2026-09-01T06:36:00+00:00\",\"mainEntityOfPage\":{\"@id\":\"https:\\\/\\\/automotiverevista.pt\\\/index.php\\\/2026\\\/09\\\/01\\\/daf-3300-ati\\\/\"},\"wordCount\":737,\"publisher\":{\"@id\":\"https:\\\/\\\/automotiverevista.pt\\\/#organization\"},\"image\":{\"@id\":\"https:\\\/\\\/automotiverevista.pt\\\/index.php\\\/2026\\\/09\\\/01\\\/daf-3300-ati\\\/#primaryimage\"},\"thumbnailUrl\":\"https:\\\/\\\/automotiverevista.pt\\\/wp-content\\\/uploads\\\/2026\\\/08\\\/1-2.jpg\",\"articleSection\":[\"Eventos\",\"Frotas\",\"Pesados e M\u00e1quinas\"],\"inLanguage\":\"pt-PT\"},{\"@type\":\"WebPage\",\"@id\":\"https:\\\/\\\/automotiverevista.pt\\\/index.php\\\/2026\\\/09\\\/01\\\/daf-3300-ati\\\/\",\"url\":\"https:\\\/\\\/automotiverevista.pt\\\/index.php\\\/2026\\\/09\\\/01\\\/daf-3300-ati\\\/\",\"name\":\"DAF 3300 Ati - fiabilidade que ultrapassa gera\u00e7\u00f5es - Revista Automotive\",\"isPartOf\":{\"@id\":\"https:\\\/\\\/automotiverevista.pt\\\/#website\"},\"primaryImageOfPage\":{\"@id\":\"https:\\\/\\\/automotiverevista.pt\\\/index.php\\\/2026\\\/09\\\/01\\\/daf-3300-ati\\\/#primaryimage\"},\"image\":{\"@id\":\"https:\\\/\\\/automotiverevista.pt\\\/index.php\\\/2026\\\/09\\\/01\\\/daf-3300-ati\\\/#primaryimage\"},\"thumbnailUrl\":\"https:\\\/\\\/automotiverevista.pt\\\/wp-content\\\/uploads\\\/2026\\\/08\\\/1-2.jpg\",\"datePublished\":\"2026-09-01T06:36:00+00:00\",\"description\":\"O modelo DAF 3300 ATi representa uma era de ouro da engenharia no transporte rodovi\u00e1rio europeu: uma \u00e9poca em que a mec\u00e2nica era simples, res\",\"breadcrumb\":{\"@id\":\"https:\\\/\\\/automotiverevista.pt\\\/index.php\\\/2026\\\/09\\\/01\\\/daf-3300-ati\\\/#breadcrumb\"},\"inLanguage\":\"pt-PT\",\"potentialAction\":[{\"@type\":\"ReadAction\",\"target\":[\"https:\\\/\\\/automotiverevista.pt\\\/index.php\\\/2026\\\/09\\\/01\\\/daf-3300-ati\\\/\"]}]},{\"@type\":\"ImageObject\",\"inLanguage\":\"pt-PT\",\"@id\":\"https:\\\/\\\/automotiverevista.pt\\\/index.php\\\/2026\\\/09\\\/01\\\/daf-3300-ati\\\/#primaryimage\",\"url\":\"https:\\\/\\\/automotiverevista.pt\\\/wp-content\\\/uploads\\\/2026\\\/08\\\/1-2.jpg\",\"contentUrl\":\"https:\\\/\\\/automotiverevista.pt\\\/wp-content\\\/uploads\\\/2026\\\/08\\\/1-2.jpg\",\"width\":1376,\"height\":884},{\"@type\":\"BreadcrumbList\",\"@id\":\"https:\\\/\\\/automotiverevista.pt\\\/index.php\\\/2026\\\/09\\\/01\\\/daf-3300-ati\\\/#breadcrumb\",\"itemListElement\":[{\"@type\":\"ListItem\",\"position\":1,\"name\":\"Home\",\"item\":\"https:\\\/\\\/automotiverevista.pt\\\/\"},{\"@type\":\"ListItem\",\"position\":2,\"name\":\"DAF 3300 Ati &#8211; fiabilidade que ultrapassa gera\u00e7\u00f5es\"}]},{\"@type\":\"WebSite\",\"@id\":\"https:\\\/\\\/automotiverevista.pt\\\/#website\",\"url\":\"https:\\\/\\\/automotiverevista.pt\\\/\",\"name\":\"Revista Automotive\",\"description\":\"Revista Automotive Portugal\",\"publisher\":{\"@id\":\"https:\\\/\\\/automotiverevista.pt\\\/#organization\"},\"potentialAction\":[{\"@type\":\"SearchAction\",\"target\":{\"@type\":\"EntryPoint\",\"urlTemplate\":\"https:\\\/\\\/automotiverevista.pt\\\/?s={search_term_string}\"},\"query-input\":{\"@type\":\"PropertyValueSpecification\",\"valueRequired\":true,\"valueName\":\"search_term_string\"}}],\"inLanguage\":\"pt-PT\"},{\"@type\":\"Organization\",\"@id\":\"https:\\\/\\\/automotiverevista.pt\\\/#organization\",\"name\":\"Revista Automotive Portugal\",\"url\":\"https:\\\/\\\/automotiverevista.pt\\\/\",\"logo\":{\"@type\":\"ImageObject\",\"inLanguage\":\"pt-PT\",\"@id\":\"https:\\\/\\\/automotiverevista.pt\\\/#\\\/schema\\\/logo\\\/image\\\/\",\"url\":\"https:\\\/\\\/automotiverevista.pt\\\/wp-content\\\/uploads\\\/2022\\\/07\\\/Logo-Automotive-2021_500-1.jpg\",\"contentUrl\":\"https:\\\/\\\/automotiverevista.pt\\\/wp-content\\\/uploads\\\/2022\\\/07\\\/Logo-Automotive-2021_500-1.jpg\",\"width\":500,\"height\":160,\"caption\":\"Revista Automotive Portugal\"},\"image\":{\"@id\":\"https:\\\/\\\/automotiverevista.pt\\\/#\\\/schema\\\/logo\\\/image\\\/\"},\"sameAs\":[\"https:\\\/\\\/linkedin.com\\\/in\\\/automotiverevista\"]},{\"@type\":\"Person\",\"@id\":\"https:\\\/\\\/automotiverevista.pt\\\/#\\\/schema\\\/person\\\/1265858bc8c78a0f969de814da8be281\",\"name\":\"adminNovo\",\"image\":{\"@type\":\"ImageObject\",\"inLanguage\":\"pt-PT\",\"@id\":\"https:\\\/\\\/secure.gravatar.com\\\/avatar\\\/c606c1288dcc11eb4c709aa5136fdb962583c410f5c23c0b7bf6917c542be355?s=96&d=mm&r=g\",\"url\":\"https:\\\/\\\/secure.gravatar.com\\\/avatar\\\/c606c1288dcc11eb4c709aa5136fdb962583c410f5c23c0b7bf6917c542be355?s=96&d=mm&r=g\",\"contentUrl\":\"https:\\\/\\\/secure.gravatar.com\\\/avatar\\\/c606c1288dcc11eb4c709aa5136fdb962583c410f5c23c0b7bf6917c542be355?s=96&d=mm&r=g\",\"caption\":\"adminNovo\"},\"sameAs\":[\"https:\\\/\\\/automotiverevista.pt\"],\"url\":\"https:\\\/\\\/automotiverevista.pt\\\/index.php\\\/author\\\/adminnovo\\\/\"}]}<\/script>\n<!-- \/ Yoast SEO Premium plugin. -->","yoast_head_json":{"title":"DAF 3300 Ati - fiabilidade que ultrapassa gera\u00e7\u00f5es - Revista Automotive","description":"O modelo DAF 3300 ATi representa uma era de ouro da engenharia no transporte rodovi\u00e1rio europeu: uma \u00e9poca em que a mec\u00e2nica era simples, res","robots":{"index":"index","follow":"follow","max-snippet":"max-snippet:-1","max-image-preview":"max-image-preview:large","max-video-preview":"max-video-preview:-1"},"canonical":"https:\/\/automotiverevista.pt\/index.php\/2026\/09\/01\/daf-3300-ati\/","og_locale":"pt_PT","og_type":"article","og_title":"DAF 3300 Ati - fiabilidade que ultrapassa gera\u00e7\u00f5es","og_description":"O modelo DAF 3300 ATi representa uma era de ouro da engenharia no transporte rodovi\u00e1rio europeu: uma \u00e9poca em que a mec\u00e2nica era simples, res","og_url":"https:\/\/automotiverevista.pt\/index.php\/2026\/09\/01\/daf-3300-ati\/","og_site_name":"Revista Automotive","article_published_time":"2026-09-01T06:36:00+00:00","og_image":[{"width":1376,"height":884,"url":"https:\/\/automotiverevista.pt\/wp-content\/uploads\/2026\/08\/1-2.jpg","type":"image\/jpeg"}],"author":"adminNovo","twitter_card":"summary_large_image","twitter_misc":{"Escrito por":"adminNovo","Tempo estimado de leitura":"5 minutos"},"schema":{"@context":"https:\/\/schema.org","@graph":[{"@type":"Article","@id":"https:\/\/automotiverevista.pt\/index.php\/2026\/09\/01\/daf-3300-ati\/#article","isPartOf":{"@id":"https:\/\/automotiverevista.pt\/index.php\/2026\/09\/01\/daf-3300-ati\/"},"author":{"name":"adminNovo","@id":"https:\/\/automotiverevista.pt\/#\/schema\/person\/1265858bc8c78a0f969de814da8be281"},"headline":"DAF 3300 Ati &#8211; fiabilidade que ultrapassa gera\u00e7\u00f5es","datePublished":"2026-09-01T06:36:00+00:00","mainEntityOfPage":{"@id":"https:\/\/automotiverevista.pt\/index.php\/2026\/09\/01\/daf-3300-ati\/"},"wordCount":737,"publisher":{"@id":"https:\/\/automotiverevista.pt\/#organization"},"image":{"@id":"https:\/\/automotiverevista.pt\/index.php\/2026\/09\/01\/daf-3300-ati\/#primaryimage"},"thumbnailUrl":"https:\/\/automotiverevista.pt\/wp-content\/uploads\/2026\/08\/1-2.jpg","articleSection":["Eventos","Frotas","Pesados e M\u00e1quinas"],"inLanguage":"pt-PT"},{"@type":"WebPage","@id":"https:\/\/automotiverevista.pt\/index.php\/2026\/09\/01\/daf-3300-ati\/","url":"https:\/\/automotiverevista.pt\/index.php\/2026\/09\/01\/daf-3300-ati\/","name":"DAF 3300 Ati - fiabilidade que ultrapassa gera\u00e7\u00f5es - Revista Automotive","isPartOf":{"@id":"https:\/\/automotiverevista.pt\/#website"},"primaryImageOfPage":{"@id":"https:\/\/automotiverevista.pt\/index.php\/2026\/09\/01\/daf-3300-ati\/#primaryimage"},"image":{"@id":"https:\/\/automotiverevista.pt\/index.php\/2026\/09\/01\/daf-3300-ati\/#primaryimage"},"thumbnailUrl":"https:\/\/automotiverevista.pt\/wp-content\/uploads\/2026\/08\/1-2.jpg","datePublished":"2026-09-01T06:36:00+00:00","description":"O modelo DAF 3300 ATi representa uma era de ouro da engenharia no transporte rodovi\u00e1rio europeu: uma \u00e9poca em que a mec\u00e2nica era simples, res","breadcrumb":{"@id":"https:\/\/automotiverevista.pt\/index.php\/2026\/09\/01\/daf-3300-ati\/#breadcrumb"},"inLanguage":"pt-PT","potentialAction":[{"@type":"ReadAction","target":["https:\/\/automotiverevista.pt\/index.php\/2026\/09\/01\/daf-3300-ati\/"]}]},{"@type":"ImageObject","inLanguage":"pt-PT","@id":"https:\/\/automotiverevista.pt\/index.php\/2026\/09\/01\/daf-3300-ati\/#primaryimage","url":"https:\/\/automotiverevista.pt\/wp-content\/uploads\/2026\/08\/1-2.jpg","contentUrl":"https:\/\/automotiverevista.pt\/wp-content\/uploads\/2026\/08\/1-2.jpg","width":1376,"height":884},{"@type":"BreadcrumbList","@id":"https:\/\/automotiverevista.pt\/index.php\/2026\/09\/01\/daf-3300-ati\/#breadcrumb","itemListElement":[{"@type":"ListItem","position":1,"name":"Home","item":"https:\/\/automotiverevista.pt\/"},{"@type":"ListItem","position":2,"name":"DAF 3300 Ati &#8211; fiabilidade que ultrapassa gera\u00e7\u00f5es"}]},{"@type":"WebSite","@id":"https:\/\/automotiverevista.pt\/#website","url":"https:\/\/automotiverevista.pt\/","name":"Revista Automotive","description":"Revista Automotive Portugal","publisher":{"@id":"https:\/\/automotiverevista.pt\/#organization"},"potentialAction":[{"@type":"SearchAction","target":{"@type":"EntryPoint","urlTemplate":"https:\/\/automotiverevista.pt\/?s={search_term_string}"},"query-input":{"@type":"PropertyValueSpecification","valueRequired":true,"valueName":"search_term_string"}}],"inLanguage":"pt-PT"},{"@type":"Organization","@id":"https:\/\/automotiverevista.pt\/#organization","name":"Revista Automotive Portugal","url":"https:\/\/automotiverevista.pt\/","logo":{"@type":"ImageObject","inLanguage":"pt-PT","@id":"https:\/\/automotiverevista.pt\/#\/schema\/logo\/image\/","url":"https:\/\/automotiverevista.pt\/wp-content\/uploads\/2022\/07\/Logo-Automotive-2021_500-1.jpg","contentUrl":"https:\/\/automotiverevista.pt\/wp-content\/uploads\/2022\/07\/Logo-Automotive-2021_500-1.jpg","width":500,"height":160,"caption":"Revista Automotive Portugal"},"image":{"@id":"https:\/\/automotiverevista.pt\/#\/schema\/logo\/image\/"},"sameAs":["https:\/\/linkedin.com\/in\/automotiverevista"]},{"@type":"Person","@id":"https:\/\/automotiverevista.pt\/#\/schema\/person\/1265858bc8c78a0f969de814da8be281","name":"adminNovo","image":{"@type":"ImageObject","inLanguage":"pt-PT","@id":"https:\/\/secure.gravatar.com\/avatar\/c606c1288dcc11eb4c709aa5136fdb962583c410f5c23c0b7bf6917c542be355?s=96&d=mm&r=g","url":"https:\/\/secure.gravatar.com\/avatar\/c606c1288dcc11eb4c709aa5136fdb962583c410f5c23c0b7bf6917c542be355?s=96&d=mm&r=g","contentUrl":"https:\/\/secure.gravatar.com\/avatar\/c606c1288dcc11eb4c709aa5136fdb962583c410f5c23c0b7bf6917c542be355?s=96&d=mm&r=g","caption":"adminNovo"},"sameAs":["https:\/\/automotiverevista.pt"],"url":"https:\/\/automotiverevista.pt\/index.php\/author\/adminnovo\/"}]}},"_links":{"self":[{"href":"https:\/\/automotiverevista.pt\/index.php\/wp-json\/wp\/v2\/posts\/14148","targetHints":{"allow":["GET"]}}],"collection":[{"href":"https:\/\/automotiverevista.pt\/index.php\/wp-json\/wp\/v2\/posts"}],"about":[{"href":"https:\/\/automotiverevista.pt\/index.php\/wp-json\/wp\/v2\/types\/post"}],"author":[{"embeddable":true,"href":"https:\/\/automotiverevista.pt\/index.php\/wp-json\/wp\/v2\/users\/1"}],"replies":[{"embeddable":true,"href":"https:\/\/automotiverevista.pt\/index.php\/wp-json\/wp\/v2\/comments?post=14148"}],"version-history":[{"count":1,"href":"https:\/\/automotiverevista.pt\/index.php\/wp-json\/wp\/v2\/posts\/14148\/revisions"}],"predecessor-version":[{"id":14164,"href":"https:\/\/automotiverevista.pt\/index.php\/wp-json\/wp\/v2\/posts\/14148\/revisions\/14164"}],"wp:featuredmedia":[{"embeddable":true,"href":"https:\/\/automotiverevista.pt\/index.php\/wp-json\/wp\/v2\/media\/14159"}],"wp:attachment":[{"href":"https:\/\/automotiverevista.pt\/index.php\/wp-json\/wp\/v2\/media?parent=14148"}],"wp:term":[{"taxonomy":"category","embeddable":true,"href":"https:\/\/automotiverevista.pt\/index.php\/wp-json\/wp\/v2\/categories?post=14148"},{"taxonomy":"post_tag","embeddable":true,"href":"https:\/\/automotiverevista.pt\/index.php\/wp-json\/wp\/v2\/tags?post=14148"}],"curies":[{"name":"wp","href":"https:\/\/api.w.org\/{rel}","templated":true}]}}