{"id":14286,"date":"2026-09-05T09:06:42","date_gmt":"2026-09-05T09:06:42","guid":{"rendered":"https:\/\/automotiverevista.pt\/?p=14286"},"modified":"2026-09-05T09:06:44","modified_gmt":"2026-09-05T09:06:44","slug":"automechanika-frankfurt","status":"publish","type":"post","link":"https:\/\/automotiverevista.pt\/index.php\/2026\/09\/05\/automechanika-frankfurt\/","title":{"rendered":"Automechanika Frankfurt dedica dia \u00e0s frotas e seguradoras"},"content":{"rendered":"\n<p class=\"wp-block-paragraph\">A Automechanika Frankfurt volta a reunir, a<strong> 10 de setembro de 2026<\/strong>, gestores de frotas, respons\u00e1veis de seguradoras autom\u00f3veis e outros decisores do setor. O programa, organizado em conjunto com o Zentralverband Karosserie- und Fahrzeugtechnik (ZKF) e a EUROGARANT AutoService AG, pretende promover o debate sobre a gest\u00e3o de sinistros, repara\u00e7\u00e3o autom\u00f3vel e novas tecnologias.<\/p>\n\n\n\n<p class=\"wp-block-paragraph\">Depois do sucesso da primeira edi\u00e7\u00e3o do dia dedicado \u00e0s frotas e seguradoras, realizado em 2024, a Automechanika Frankfurt volta a apostar num programa espec\u00edfico para este p\u00fablico profissional. A participa\u00e7\u00e3o \u00e9 gratuita, mediante inscri\u00e7\u00e3o pr\u00e9via online.<\/p>\n\n\n\n<p class=\"wp-block-paragraph\">\u201cVamos proporcionar uma vis\u00e3o atualizada sobre a repara\u00e7\u00e3o de danos resultantes de acidentes e apresentar os mais recentes desenvolvimentos nos m\u00e9todos de repara\u00e7\u00e3o, incluindo a utiliza\u00e7\u00e3o de intelig\u00eancia artificial\u201d, explica Guido Kalter, administrador da EUROGARANT AutoService AG.<\/p>\n\n\n\n<p class=\"wp-block-paragraph\"><strong>Intelig\u00eancia artificial, Giga-Casting e repara\u00e7\u00e3o de acidentes<\/strong><\/p>\n\n\n\n<p class=\"wp-block-paragraph\">Entre os principais momentos do programa est\u00e3o tr\u00eas apresenta\u00e7\u00f5es de especialistas do setor. Henning Hamann, da Voigt, abordar\u00e1 os riscos enfrentados pelos gestores de frotas na gest\u00e3o de sinistros, desde a responsabilidade civil at\u00e9 aos danos abrangidos pelo seguro contra danos pr\u00f3prios.<\/p>\n\n\n\n<p class=\"wp-block-paragraph\">Helge Kiebach, do Kraftfahrzeugtechnisches Institut (KTI), ir\u00e1 centrar a sua interven\u00e7\u00e3o na tecnologia Giga-Casting, bem como noutras novidades na constru\u00e7\u00e3o autom\u00f3vel e na repara\u00e7\u00e3o de ve\u00edculos sinistrados.<\/p>\n\n\n\n<p class=\"wp-block-paragraph\">Por sua vez, Dirk Marichal, da ADIS, apresentar\u00e1 o EuroDFT, solu\u00e7\u00e3o que garante o acesso aos servidores dos fabricantes necess\u00e1rios \u00e0 realiza\u00e7\u00e3o de opera\u00e7\u00f5es de repara\u00e7\u00e3o ap\u00f3s acidentes.<\/p>\n\n\n<div class=\"wp-block-image\">\n<figure class=\"aligncenter size-large is-resized\"><img decoding=\"async\" width=\"1400\" height=\"849\" src=\"https:\/\/automotiverevista.pt\/wp-content\/uploads\/2026\/09\/3-edited.jpg\" alt=\"\" class=\"wp-image-14289\" style=\"width:565px;height:auto\" srcset=\"https:\/\/automotiverevista.pt\/wp-content\/uploads\/2026\/09\/3-edited.jpg 1400w, https:\/\/automotiverevista.pt\/wp-content\/uploads\/2026\/09\/3-edited-300x182.jpg 300w, https:\/\/automotiverevista.pt\/wp-content\/uploads\/2026\/09\/3-edited-1024x621.jpg 1024w, https:\/\/automotiverevista.pt\/wp-content\/uploads\/2026\/09\/3-edited-768x466.jpg 768w, https:\/\/automotiverevista.pt\/wp-content\/uploads\/2026\/09\/3-edited-750x455.jpg 750w, https:\/\/automotiverevista.pt\/wp-content\/uploads\/2026\/09\/3-edited-1140x691.jpg 1140w\" sizes=\"(max-width: 1400px) 100vw, 1400px\" \/><\/figure>\n<\/div>\n\n\n<p class=\"wp-block-paragraph\"><strong>F\u00f3rum dedicado \u00e0s seguradoras<\/strong><\/p>\n\n\n\n<p class=\"wp-block-paragraph\">Ao final da manh\u00e3, o ZKF promove o <strong>F\u00f3rum das Seguradoras<\/strong>, destinado a aproximar o setor segurador das oficinas de repara\u00e7\u00e3o.<\/p>\n\n\n\n<p class=\"wp-block-paragraph\">Thomas Aukamm, diretor-geral do ZKF, considera essencial criar um espa\u00e7o de di\u00e1logo perante a crescente complexidade tecnol\u00f3gica dos ve\u00edculos. \u201cO objetivo \u00e9 informar, de forma pr\u00e1tica, os respons\u00e1veis pela gest\u00e3o de sinistros no setor segurador sobre os desenvolvimentos atuais com que as oficinas se deparam diariamente\u201d, explica.<\/p>\n\n\n\n<p class=\"wp-block-paragraph\">Segundo o respons\u00e1vel, a r\u00e1pida introdu\u00e7\u00e3o de novas tecnologias pelos fabricantes est\u00e1 a transformar os processos de repara\u00e7\u00e3o, enquanto as recomenda\u00e7\u00f5es dos construtores nem sempre contemplam todas as opera\u00e7\u00f5es necess\u00e1rias para uma repara\u00e7\u00e3o tecnicamente adequada.<\/p>\n\n\n\n<p class=\"wp-block-paragraph\">Esta situa\u00e7\u00e3o pode gerar diverg\u00eancias entre seguradoras, empresas respons\u00e1veis pela gest\u00e3o de sinistros e oficinas, aumentando o esfor\u00e7o de coordena\u00e7\u00e3o e comunica\u00e7\u00e3o. O f\u00f3rum pretende, por isso, criar uma plataforma de di\u00e1logo direto e contribuir para uma troca de informa\u00e7\u00e3o mais transparente e equilibrada.<\/p>\n\n\n\n<figure class=\"wp-block-image size-large\"><img decoding=\"async\" width=\"1400\" height=\"812\" src=\"https:\/\/automotiverevista.pt\/wp-content\/uploads\/2026\/09\/4-edited.jpg\" alt=\"\" class=\"wp-image-14291\" srcset=\"https:\/\/automotiverevista.pt\/wp-content\/uploads\/2026\/09\/4-edited.jpg 1400w, https:\/\/automotiverevista.pt\/wp-content\/uploads\/2026\/09\/4-edited-300x174.jpg 300w, https:\/\/automotiverevista.pt\/wp-content\/uploads\/2026\/09\/4-edited-1024x594.jpg 1024w, https:\/\/automotiverevista.pt\/wp-content\/uploads\/2026\/09\/4-edited-768x445.jpg 768w, https:\/\/automotiverevista.pt\/wp-content\/uploads\/2026\/09\/4-edited-750x435.jpg 750w, https:\/\/automotiverevista.pt\/wp-content\/uploads\/2026\/09\/4-edited-1140x661.jpg 1140w\" sizes=\"(max-width: 1400px) 100vw, 1400px\" \/><\/figure>\n\n\n\n<p class=\"wp-block-paragraph\"><strong>Ve\u00edculos el\u00e9tricos colocam novos desafios<\/strong><\/p>\n\n\n\n<p class=\"wp-block-paragraph\">A mobilidade el\u00e9trica e os sistemas de armazenamento de energia estar\u00e3o no centro desta edi\u00e7\u00e3o do F\u00f3rum das Seguradoras.<\/p>\n\n\n\n<p class=\"wp-block-paragraph\">Rainer K\u00fchl, do KTI, analisar\u00e1 os requisitos espec\u00edficos associados ao reboque e recupera\u00e7\u00e3o de ve\u00edculos el\u00e9tricos acidentados. A apresenta\u00e7\u00e3o abordar\u00e1 os aspetos t\u00e9cnicos, organizacionais e relacionados com os seguros, bem como os desafios que estes ve\u00edculos colocam \u00e0s oficinas e \u00e0s empresas de assist\u00eancia e reboque.<\/p>\n\n\n\n<p class=\"wp-block-paragraph\">Na sequ\u00eancia, Nicole Meixner, diretora-geral da Caravaning Gutachter Fachverband (CGF), ir\u00e1 abordar as particularidades da repara\u00e7\u00e3o de caravanas e autocaravanas envolvidas em acidentes.<\/p>\n\n\n\n<p class=\"wp-block-paragraph\"><strong>VDIK debate futuro do servi\u00e7o \u00e0s frotas<\/strong><\/p>\n\n\n\n<p class=\"wp-block-paragraph\">Tamb\u00e9m o Verband der Internationalen Kraftfahrzeughersteller (VDIK) estar\u00e1 presente, com um painel dedicado ao tema \u201cModelos do futuro para um servi\u00e7o de frotas eficiente\u201d.<\/p>\n\n\n\n<p class=\"wp-block-paragraph\">A presidente do VDIK, Imelda Labb\u00e9, defende que fabricantes, setor segurador e respons\u00e1veis de frotas devem trabalhar em conjunto para definir novos modelos de servi\u00e7o. \u201cNo centro desta discuss\u00e3o devem estar as necessidades dos operadores de frotas\u201d, afirma.<\/p>\n\n\n\n<p class=\"wp-block-paragraph\">A respons\u00e1vel destaca ainda o potencial dos dados provenientes dos ve\u00edculos conectados e das plataformas digitais para desenvolver novos conceitos de gest\u00e3o de frotas e solu\u00e7\u00f5es de servi\u00e7o, capazes de combinar qualidade e efici\u00eancia de custos.<\/p>\n\n\n\n<p class=\"wp-block-paragraph\">O VDIK ter\u00e1 igualmente outros momentos de destaque durante a Automechanika Frankfurt, com o Branded Aftersales Forum, a 8 de setembro, no pavilh\u00e3o 8, e um f\u00f3rum de especialistas dedicado \u00e0 gest\u00e3o de sinistros, marcado para 11 de setembro de 2026.<\/p>\n\n\n\n<p class=\"wp-block-paragraph\"><strong>Dados, conectividade e digitaliza\u00e7\u00e3o em destaque<\/strong><\/p>\n\n\n\n<p class=\"wp-block-paragraph\">Olaf Mu\u00dfhoff, diretor da Automechanika Frankfurt, considera que o dia dedicado \u00e0s frotas e seguradoras apresenta um programa particularmente relevante para os profissionais do setor.<\/p>\n\n\n\n<p class=\"wp-block-paragraph\">\u201c\u00c9 um programa de elevado n\u00edvel, com conhecimentos exclusivos e orientados para a pr\u00e1tica sobre a gest\u00e3o de sinistros autom\u00f3veis, proporcionando um verdadeiro valor acrescentado \u2013 algo que n\u00e3o se encontra noutra iniciativa deste g\u00e9nero na Alemanha\u201d, afirma.<\/p>\n\n\n\n<p class=\"wp-block-paragraph\">Paralelamente, f\u00f3runs como o HighTech4Mobility, uma das novidades desta edi\u00e7\u00e3o, o Innovation4Mobility e o Future Mobility Park ir\u00e3o demonstrar de forma pr\u00e1tica como os dados dos ve\u00edculos conectados, os sistemas de assist\u00eancia \u00e0 condu\u00e7\u00e3o, a ciberseguran\u00e7a e os processos digitais das oficinas est\u00e3o a transformar a mobilidade.<\/p>\n\n\n\n<p class=\"wp-block-paragraph\">Para seguradoras e gestores de frotas, estar\u00e3o ainda em destaque temas como a gest\u00e3o automatizada de sinistros, conceitos de repara\u00e7\u00e3o sustent\u00e1vel, remanufacturing e novos modelos de neg\u00f3cio baseados em dados no aftermarket autom\u00f3vel.<\/p>\n\n\n\n<p class=\"wp-block-paragraph\">O programa termina com um momento de conv\u00edvio. A partir das 16h30, a EUROGARANT AutoService AG promove um <em>get-together<\/em> no seu stand, localizado no pavilh\u00e3o 11.1, D64. A partir das 17h00, a programa\u00e7\u00e3o continua na \u00e1rea exterior Agora, com uma <em>Happy Hour<\/em>, m\u00fasica ao vivo e bebidas gratuitas.<\/p>\n\n\n\n<p class=\"wp-block-paragraph\">A participa\u00e7\u00e3o no programa de 10 de setembro \u00e9 gratuita, mas requer <strong>inscri\u00e7\u00e3o pr\u00e9via<\/strong>.<\/p>\n\n\n<div class=\"wp-block-image\">\n<figure class=\"aligncenter size-large is-resized\"><img decoding=\"async\" width=\"1400\" height=\"680\" src=\"https:\/\/automotiverevista.pt\/wp-content\/uploads\/2026\/09\/2-1-edited.jpg\" alt=\"\" class=\"wp-image-14293\" style=\"aspect-ratio:2.0588903186738325;width:696px;height:auto\" srcset=\"https:\/\/automotiverevista.pt\/wp-content\/uploads\/2026\/09\/2-1-edited.jpg 1400w, https:\/\/automotiverevista.pt\/wp-content\/uploads\/2026\/09\/2-1-edited-300x146.jpg 300w, https:\/\/automotiverevista.pt\/wp-content\/uploads\/2026\/09\/2-1-edited-1024x497.jpg 1024w, https:\/\/automotiverevista.pt\/wp-content\/uploads\/2026\/09\/2-1-edited-768x373.jpg 768w, https:\/\/automotiverevista.pt\/wp-content\/uploads\/2026\/09\/2-1-edited-750x364.jpg 750w, https:\/\/automotiverevista.pt\/wp-content\/uploads\/2026\/09\/2-1-edited-1140x554.jpg 1140w\" sizes=\"(max-width: 1400px) 100vw, 1400px\" \/><\/figure>\n<\/div>","protected":false},"excerpt":{"rendered":"<p>A Automechanika Frankfurt volta a reunir, a 10 de setembro de 2026, gestores de frotas, respons\u00e1veis de seguradoras autom\u00f3veis e outros decisores do setor. O programa, organizado em conjunto com o Zentralverband Karosserie- und Fahrzeugtechnik (ZKF) e a EUROGARANT AutoService AG, pretende promover o debate sobre a gest\u00e3o de sinistros, repara\u00e7\u00e3o autom\u00f3vel e novas tecnologias. [&hellip;]<\/p>\n","protected":false},"author":1,"featured_media":14287,"comment_status":"closed","ping_status":"open","sticky":false,"template":"","format":"standard","meta":{"jnews-multi-image_gallery":[],"jnews_single_post":{"format":"standard"},"jnews_primary_category":[],"footnotes":""},"categories":[23,21],"tags":[],"class_list":["post-14286","post","type-post","status-publish","format-standard","has-post-thumbnail","hentry","category-frotas","category-pos-venda"],"yoast_head":"<!-- This site is optimized with the Yoast SEO Premium plugin v28.4 (Yoast SEO v28.4) - https:\/\/yoast.com\/product\/yoast-seo-premium-wordpress\/ -->\n<title>Automechanika Frankfurt dedica dia \u00e0s frotas e seguradoras - Revista Automotive<\/title>\n<meta name=\"description\" content=\"A Automechanika Frankfurt volta a reunir, a 10 de setembro de 2026, gestores de frotas, respons\u00e1veis de seguradoras autom\u00f3veis e outros deciso\" \/>\n<meta name=\"robots\" content=\"index, follow, max-snippet:-1, max-image-preview:large, max-video-preview:-1\" \/>\n<link rel=\"canonical\" href=\"https:\/\/automotiverevista.pt\/index.php\/2026\/09\/05\/automechanika-frankfurt\/\" \/>\n<meta property=\"og:locale\" content=\"pt_PT\" \/>\n<meta property=\"og:type\" content=\"article\" \/>\n<meta property=\"og:title\" content=\"Automechanika Frankfurt dedica dia \u00e0s frotas e seguradoras\" \/>\n<meta property=\"og:description\" content=\"A Automechanika Frankfurt volta a reunir, a 10 de setembro de 2026, gestores de frotas, respons\u00e1veis de seguradoras autom\u00f3veis e outros deciso\" \/>\n<meta property=\"og:url\" content=\"https:\/\/automotiverevista.pt\/index.php\/2026\/09\/05\/automechanika-frankfurt\/\" \/>\n<meta property=\"og:site_name\" content=\"Revista Automotive\" \/>\n<meta property=\"article:published_time\" content=\"2026-09-05T09:06:42+00:00\" \/>\n<meta property=\"article:modified_time\" content=\"2026-09-05T09:06:44+00:00\" \/>\n<meta property=\"og:image\" content=\"https:\/\/automotiverevista.pt\/wp-content\/uploads\/2026\/09\/1-3.jpg\" \/>\n\t<meta property=\"og:image:width\" content=\"1400\" \/>\n\t<meta property=\"og:image:height\" content=\"934\" \/>\n\t<meta property=\"og:image:type\" content=\"image\/jpeg\" \/>\n<meta name=\"author\" content=\"adminNovo\" \/>\n<meta name=\"twitter:card\" content=\"summary_large_image\" \/>\n<meta name=\"twitter:label1\" content=\"Escrito por\" \/>\n\t<meta name=\"twitter:data1\" content=\"adminNovo\" \/>\n\t<meta name=\"twitter:label2\" content=\"Tempo estimado de leitura\" \/>\n\t<meta name=\"twitter:data2\" content=\"6 minutos\" \/>\n<script type=\"application\/ld+json\" class=\"yoast-schema-graph\">{\"@context\":\"https:\\\/\\\/schema.org\",\"@graph\":[{\"@type\":\"Article\",\"@id\":\"https:\\\/\\\/automotiverevista.pt\\\/index.php\\\/2026\\\/09\\\/05\\\/automechanika-frankfurt\\\/#article\",\"isPartOf\":{\"@id\":\"https:\\\/\\\/automotiverevista.pt\\\/index.php\\\/2026\\\/09\\\/05\\\/automechanika-frankfurt\\\/\"},\"author\":{\"name\":\"adminNovo\",\"@id\":\"https:\\\/\\\/automotiverevista.pt\\\/#\\\/schema\\\/person\\\/1265858bc8c78a0f969de814da8be281\"},\"headline\":\"Automechanika Frankfurt dedica dia \u00e0s frotas e seguradoras\",\"datePublished\":\"2026-09-05T09:06:42+00:00\",\"dateModified\":\"2026-09-05T09:06:44+00:00\",\"mainEntityOfPage\":{\"@id\":\"https:\\\/\\\/automotiverevista.pt\\\/index.php\\\/2026\\\/09\\\/05\\\/automechanika-frankfurt\\\/\"},\"wordCount\":952,\"publisher\":{\"@id\":\"https:\\\/\\\/automotiverevista.pt\\\/#organization\"},\"image\":{\"@id\":\"https:\\\/\\\/automotiverevista.pt\\\/index.php\\\/2026\\\/09\\\/05\\\/automechanika-frankfurt\\\/#primaryimage\"},\"thumbnailUrl\":\"https:\\\/\\\/automotiverevista.pt\\\/wp-content\\\/uploads\\\/2026\\\/09\\\/1-3.jpg\",\"articleSection\":[\"Frotas\",\"P\u00f3s-Venda\"],\"inLanguage\":\"pt-PT\"},{\"@type\":\"WebPage\",\"@id\":\"https:\\\/\\\/automotiverevista.pt\\\/index.php\\\/2026\\\/09\\\/05\\\/automechanika-frankfurt\\\/\",\"url\":\"https:\\\/\\\/automotiverevista.pt\\\/index.php\\\/2026\\\/09\\\/05\\\/automechanika-frankfurt\\\/\",\"name\":\"Automechanika Frankfurt dedica dia \u00e0s frotas e seguradoras - Revista Automotive\",\"isPartOf\":{\"@id\":\"https:\\\/\\\/automotiverevista.pt\\\/#website\"},\"primaryImageOfPage\":{\"@id\":\"https:\\\/\\\/automotiverevista.pt\\\/index.php\\\/2026\\\/09\\\/05\\\/automechanika-frankfurt\\\/#primaryimage\"},\"image\":{\"@id\":\"https:\\\/\\\/automotiverevista.pt\\\/index.php\\\/2026\\\/09\\\/05\\\/automechanika-frankfurt\\\/#primaryimage\"},\"thumbnailUrl\":\"https:\\\/\\\/automotiverevista.pt\\\/wp-content\\\/uploads\\\/2026\\\/09\\\/1-3.jpg\",\"datePublished\":\"2026-09-05T09:06:42+00:00\",\"dateModified\":\"2026-09-05T09:06:44+00:00\",\"description\":\"A Automechanika Frankfurt volta a reunir, a 10 de setembro de 2026, gestores de frotas, respons\u00e1veis de seguradoras autom\u00f3veis e outros deciso\",\"breadcrumb\":{\"@id\":\"https:\\\/\\\/automotiverevista.pt\\\/index.php\\\/2026\\\/09\\\/05\\\/automechanika-frankfurt\\\/#breadcrumb\"},\"inLanguage\":\"pt-PT\",\"potentialAction\":[{\"@type\":\"ReadAction\",\"target\":[\"https:\\\/\\\/automotiverevista.pt\\\/index.php\\\/2026\\\/09\\\/05\\\/automechanika-frankfurt\\\/\"]}]},{\"@type\":\"ImageObject\",\"inLanguage\":\"pt-PT\",\"@id\":\"https:\\\/\\\/automotiverevista.pt\\\/index.php\\\/2026\\\/09\\\/05\\\/automechanika-frankfurt\\\/#primaryimage\",\"url\":\"https:\\\/\\\/automotiverevista.pt\\\/wp-content\\\/uploads\\\/2026\\\/09\\\/1-3.jpg\",\"contentUrl\":\"https:\\\/\\\/automotiverevista.pt\\\/wp-content\\\/uploads\\\/2026\\\/09\\\/1-3.jpg\",\"width\":1400,\"height\":934},{\"@type\":\"BreadcrumbList\",\"@id\":\"https:\\\/\\\/automotiverevista.pt\\\/index.php\\\/2026\\\/09\\\/05\\\/automechanika-frankfurt\\\/#breadcrumb\",\"itemListElement\":[{\"@type\":\"ListItem\",\"position\":1,\"name\":\"Home\",\"item\":\"https:\\\/\\\/automotiverevista.pt\\\/\"},{\"@type\":\"ListItem\",\"position\":2,\"name\":\"Automechanika Frankfurt dedica dia \u00e0s frotas e seguradoras\"}]},{\"@type\":\"WebSite\",\"@id\":\"https:\\\/\\\/automotiverevista.pt\\\/#website\",\"url\":\"https:\\\/\\\/automotiverevista.pt\\\/\",\"name\":\"Revista Automotive\",\"description\":\"Revista Automotive Portugal\",\"publisher\":{\"@id\":\"https:\\\/\\\/automotiverevista.pt\\\/#organization\"},\"potentialAction\":[{\"@type\":\"SearchAction\",\"target\":{\"@type\":\"EntryPoint\",\"urlTemplate\":\"https:\\\/\\\/automotiverevista.pt\\\/?s={search_term_string}\"},\"query-input\":{\"@type\":\"PropertyValueSpecification\",\"valueRequired\":true,\"valueName\":\"search_term_string\"}}],\"inLanguage\":\"pt-PT\"},{\"@type\":\"Organization\",\"@id\":\"https:\\\/\\\/automotiverevista.pt\\\/#organization\",\"name\":\"Revista Automotive Portugal\",\"url\":\"https:\\\/\\\/automotiverevista.pt\\\/\",\"logo\":{\"@type\":\"ImageObject\",\"inLanguage\":\"pt-PT\",\"@id\":\"https:\\\/\\\/automotiverevista.pt\\\/#\\\/schema\\\/logo\\\/image\\\/\",\"url\":\"https:\\\/\\\/automotiverevista.pt\\\/wp-content\\\/uploads\\\/2022\\\/07\\\/Logo-Automotive-2021_500-1.jpg\",\"contentUrl\":\"https:\\\/\\\/automotiverevista.pt\\\/wp-content\\\/uploads\\\/2022\\\/07\\\/Logo-Automotive-2021_500-1.jpg\",\"width\":500,\"height\":160,\"caption\":\"Revista Automotive Portugal\"},\"image\":{\"@id\":\"https:\\\/\\\/automotiverevista.pt\\\/#\\\/schema\\\/logo\\\/image\\\/\"},\"sameAs\":[\"https:\\\/\\\/linkedin.com\\\/in\\\/automotiverevista\"]},{\"@type\":\"Person\",\"@id\":\"https:\\\/\\\/automotiverevista.pt\\\/#\\\/schema\\\/person\\\/1265858bc8c78a0f969de814da8be281\",\"name\":\"adminNovo\",\"image\":{\"@type\":\"ImageObject\",\"inLanguage\":\"pt-PT\",\"@id\":\"https:\\\/\\\/secure.gravatar.com\\\/avatar\\\/c606c1288dcc11eb4c709aa5136fdb962583c410f5c23c0b7bf6917c542be355?s=96&d=mm&r=g\",\"url\":\"https:\\\/\\\/secure.gravatar.com\\\/avatar\\\/c606c1288dcc11eb4c709aa5136fdb962583c410f5c23c0b7bf6917c542be355?s=96&d=mm&r=g\",\"contentUrl\":\"https:\\\/\\\/secure.gravatar.com\\\/avatar\\\/c606c1288dcc11eb4c709aa5136fdb962583c410f5c23c0b7bf6917c542be355?s=96&d=mm&r=g\",\"caption\":\"adminNovo\"},\"sameAs\":[\"https:\\\/\\\/automotiverevista.pt\"],\"url\":\"https:\\\/\\\/automotiverevista.pt\\\/index.php\\\/author\\\/adminnovo\\\/\"}]}<\/script>\n<!-- \/ Yoast SEO Premium plugin. -->","yoast_head_json":{"title":"Automechanika Frankfurt dedica dia \u00e0s frotas e seguradoras - Revista Automotive","description":"A Automechanika Frankfurt volta a reunir, a 10 de setembro de 2026, gestores de frotas, respons\u00e1veis de seguradoras autom\u00f3veis e outros deciso","robots":{"index":"index","follow":"follow","max-snippet":"max-snippet:-1","max-image-preview":"max-image-preview:large","max-video-preview":"max-video-preview:-1"},"canonical":"https:\/\/automotiverevista.pt\/index.php\/2026\/09\/05\/automechanika-frankfurt\/","og_locale":"pt_PT","og_type":"article","og_title":"Automechanika Frankfurt dedica dia \u00e0s frotas e seguradoras","og_description":"A Automechanika Frankfurt volta a reunir, a 10 de setembro de 2026, gestores de frotas, respons\u00e1veis de seguradoras autom\u00f3veis e outros deciso","og_url":"https:\/\/automotiverevista.pt\/index.php\/2026\/09\/05\/automechanika-frankfurt\/","og_site_name":"Revista Automotive","article_published_time":"2026-09-05T09:06:42+00:00","article_modified_time":"2026-09-05T09:06:44+00:00","og_image":[{"width":1400,"height":934,"url":"https:\/\/automotiverevista.pt\/wp-content\/uploads\/2026\/09\/1-3.jpg","type":"image\/jpeg"}],"author":"adminNovo","twitter_card":"summary_large_image","twitter_misc":{"Escrito por":"adminNovo","Tempo estimado de leitura":"6 minutos"},"schema":{"@context":"https:\/\/schema.org","@graph":[{"@type":"Article","@id":"https:\/\/automotiverevista.pt\/index.php\/2026\/09\/05\/automechanika-frankfurt\/#article","isPartOf":{"@id":"https:\/\/automotiverevista.pt\/index.php\/2026\/09\/05\/automechanika-frankfurt\/"},"author":{"name":"adminNovo","@id":"https:\/\/automotiverevista.pt\/#\/schema\/person\/1265858bc8c78a0f969de814da8be281"},"headline":"Automechanika Frankfurt dedica dia \u00e0s frotas e seguradoras","datePublished":"2026-09-05T09:06:42+00:00","dateModified":"2026-09-05T09:06:44+00:00","mainEntityOfPage":{"@id":"https:\/\/automotiverevista.pt\/index.php\/2026\/09\/05\/automechanika-frankfurt\/"},"wordCount":952,"publisher":{"@id":"https:\/\/automotiverevista.pt\/#organization"},"image":{"@id":"https:\/\/automotiverevista.pt\/index.php\/2026\/09\/05\/automechanika-frankfurt\/#primaryimage"},"thumbnailUrl":"https:\/\/automotiverevista.pt\/wp-content\/uploads\/2026\/09\/1-3.jpg","articleSection":["Frotas","P\u00f3s-Venda"],"inLanguage":"pt-PT"},{"@type":"WebPage","@id":"https:\/\/automotiverevista.pt\/index.php\/2026\/09\/05\/automechanika-frankfurt\/","url":"https:\/\/automotiverevista.pt\/index.php\/2026\/09\/05\/automechanika-frankfurt\/","name":"Automechanika Frankfurt dedica dia \u00e0s frotas e seguradoras - Revista Automotive","isPartOf":{"@id":"https:\/\/automotiverevista.pt\/#website"},"primaryImageOfPage":{"@id":"https:\/\/automotiverevista.pt\/index.php\/2026\/09\/05\/automechanika-frankfurt\/#primaryimage"},"image":{"@id":"https:\/\/automotiverevista.pt\/index.php\/2026\/09\/05\/automechanika-frankfurt\/#primaryimage"},"thumbnailUrl":"https:\/\/automotiverevista.pt\/wp-content\/uploads\/2026\/09\/1-3.jpg","datePublished":"2026-09-05T09:06:42+00:00","dateModified":"2026-09-05T09:06:44+00:00","description":"A Automechanika Frankfurt volta a reunir, a 10 de setembro de 2026, gestores de frotas, respons\u00e1veis de seguradoras autom\u00f3veis e outros deciso","breadcrumb":{"@id":"https:\/\/automotiverevista.pt\/index.php\/2026\/09\/05\/automechanika-frankfurt\/#breadcrumb"},"inLanguage":"pt-PT","potentialAction":[{"@type":"ReadAction","target":["https:\/\/automotiverevista.pt\/index.php\/2026\/09\/05\/automechanika-frankfurt\/"]}]},{"@type":"ImageObject","inLanguage":"pt-PT","@id":"https:\/\/automotiverevista.pt\/index.php\/2026\/09\/05\/automechanika-frankfurt\/#primaryimage","url":"https:\/\/automotiverevista.pt\/wp-content\/uploads\/2026\/09\/1-3.jpg","contentUrl":"https:\/\/automotiverevista.pt\/wp-content\/uploads\/2026\/09\/1-3.jpg","width":1400,"height":934},{"@type":"BreadcrumbList","@id":"https:\/\/automotiverevista.pt\/index.php\/2026\/09\/05\/automechanika-frankfurt\/#breadcrumb","itemListElement":[{"@type":"ListItem","position":1,"name":"Home","item":"https:\/\/automotiverevista.pt\/"},{"@type":"ListItem","position":2,"name":"Automechanika Frankfurt dedica dia \u00e0s frotas e seguradoras"}]},{"@type":"WebSite","@id":"https:\/\/automotiverevista.pt\/#website","url":"https:\/\/automotiverevista.pt\/","name":"Revista Automotive","description":"Revista Automotive Portugal","publisher":{"@id":"https:\/\/automotiverevista.pt\/#organization"},"potentialAction":[{"@type":"SearchAction","target":{"@type":"EntryPoint","urlTemplate":"https:\/\/automotiverevista.pt\/?s={search_term_string}"},"query-input":{"@type":"PropertyValueSpecification","valueRequired":true,"valueName":"search_term_string"}}],"inLanguage":"pt-PT"},{"@type":"Organization","@id":"https:\/\/automotiverevista.pt\/#organization","name":"Revista Automotive Portugal","url":"https:\/\/automotiverevista.pt\/","logo":{"@type":"ImageObject","inLanguage":"pt-PT","@id":"https:\/\/automotiverevista.pt\/#\/schema\/logo\/image\/","url":"https:\/\/automotiverevista.pt\/wp-content\/uploads\/2022\/07\/Logo-Automotive-2021_500-1.jpg","contentUrl":"https:\/\/automotiverevista.pt\/wp-content\/uploads\/2022\/07\/Logo-Automotive-2021_500-1.jpg","width":500,"height":160,"caption":"Revista Automotive Portugal"},"image":{"@id":"https:\/\/automotiverevista.pt\/#\/schema\/logo\/image\/"},"sameAs":["https:\/\/linkedin.com\/in\/automotiverevista"]},{"@type":"Person","@id":"https:\/\/automotiverevista.pt\/#\/schema\/person\/1265858bc8c78a0f969de814da8be281","name":"adminNovo","image":{"@type":"ImageObject","inLanguage":"pt-PT","@id":"https:\/\/secure.gravatar.com\/avatar\/c606c1288dcc11eb4c709aa5136fdb962583c410f5c23c0b7bf6917c542be355?s=96&d=mm&r=g","url":"https:\/\/secure.gravatar.com\/avatar\/c606c1288dcc11eb4c709aa5136fdb962583c410f5c23c0b7bf6917c542be355?s=96&d=mm&r=g","contentUrl":"https:\/\/secure.gravatar.com\/avatar\/c606c1288dcc11eb4c709aa5136fdb962583c410f5c23c0b7bf6917c542be355?s=96&d=mm&r=g","caption":"adminNovo"},"sameAs":["https:\/\/automotiverevista.pt"],"url":"https:\/\/automotiverevista.pt\/index.php\/author\/adminnovo\/"}]}},"_links":{"self":[{"href":"https:\/\/automotiverevista.pt\/index.php\/wp-json\/wp\/v2\/posts\/14286","targetHints":{"allow":["GET"]}}],"collection":[{"href":"https:\/\/automotiverevista.pt\/index.php\/wp-json\/wp\/v2\/posts"}],"about":[{"href":"https:\/\/automotiverevista.pt\/index.php\/wp-json\/wp\/v2\/types\/post"}],"author":[{"embeddable":true,"href":"https:\/\/automotiverevista.pt\/index.php\/wp-json\/wp\/v2\/users\/1"}],"replies":[{"embeddable":true,"href":"https:\/\/automotiverevista.pt\/index.php\/wp-json\/wp\/v2\/comments?post=14286"}],"version-history":[{"count":1,"href":"https:\/\/automotiverevista.pt\/index.php\/wp-json\/wp\/v2\/posts\/14286\/revisions"}],"predecessor-version":[{"id":14294,"href":"https:\/\/automotiverevista.pt\/index.php\/wp-json\/wp\/v2\/posts\/14286\/revisions\/14294"}],"wp:featuredmedia":[{"embeddable":true,"href":"https:\/\/automotiverevista.pt\/index.php\/wp-json\/wp\/v2\/media\/14287"}],"wp:attachment":[{"href":"https:\/\/automotiverevista.pt\/index.php\/wp-json\/wp\/v2\/media?parent=14286"}],"wp:term":[{"taxonomy":"category","embeddable":true,"href":"https:\/\/automotiverevista.pt\/index.php\/wp-json\/wp\/v2\/categories?post=14286"},{"taxonomy":"post_tag","embeddable":true,"href":"https:\/\/automotiverevista.pt\/index.php\/wp-json\/wp\/v2\/tags?post=14286"}],"curies":[{"name":"wp","href":"https:\/\/api.w.org\/{rel}","templated":true}]}}