{"id":1511,"date":"2022-11-24T10:40:45","date_gmt":"2022-11-24T10:40:45","guid":{"rendered":"https:\/\/automotiverevista.pt\/?p=1511"},"modified":"2022-11-24T10:40:58","modified_gmt":"2022-11-24T10:40:58","slug":"scania-vence-premio-camiao-do-ano-2023-em-portugal","status":"publish","type":"post","link":"https:\/\/automotiverevista.pt\/index.php\/2022\/11\/24\/scania-vence-premio-camiao-do-ano-2023-em-portugal\/","title":{"rendered":"Scania vence Pr\u00e9mio Cami\u00e3o do Ano 2023 em Portugal\u00a0"},"content":{"rendered":"\n<p>O Scania P25 Electric venceu o <strong>Pr\u00e9mio Cami\u00e3o do Ano 2023,<\/strong> na 6\u00aa edi\u00e7\u00e3o dos Pr\u00e9mios Fleet&amp;Service 2022 realizado pela Revista Automotive. A entrega dos pr\u00e9mios teve lugar no Vila Gal\u00e9 Collection Pal\u00e1cio dos Arcos, em Oeiras, num exclusivo jantar que reuniu os vencedores nas duas dezenas de categorias deste ano, e que foram aplaudidos por um seletivo n\u00famero de convidados nacionais e internacionais.\u00a0<\/p>\n\n\n\n<p>Victor Carvalho, diretor regional da Scania Portugal, recebeu o <strong>Pr\u00e9mio Cami\u00e3o do Ano 2023<\/strong>, acompanhado por Eduardo Gaspar, diretor da Revista Automotive e Ricardo Miranda, diretor comercial da Revista Automotive.\u00a0<\/p>\n\n\n\n<p>Segundo Eduardo Gaspar, &#8220;o transporte pesado de mercadorias \u00e9 aquele onde a eletrifica\u00e7\u00e3o dos ve\u00edculos \u00e9 mais complexa. A Scania lan\u00e7ou o P25, um cami\u00e3o 100% el\u00e9trico para as opera\u00e7\u00f5es urbanas, justamente o segmento que ser\u00e1 o primeiro a ser eletrificado nos cami\u00f5es. A modularidade das baterias do P25 Electric, permite \u00e0s frotas optarem por vers\u00f5es mais econ\u00f3micas e adaptadas \u00e0s suas necessidades, enquanto permite um aumento da autonomia caso a meio da sua vida \u00fatil seja necess\u00e1rio.\u00a0\u00a0<\/p>\n\n\n\n<p>Sendo um modelo de produ\u00e7\u00e3o (e n\u00e3o um prot\u00f3tipo), o Scania P25 electric mostrou-se mais do que capaz de atingir os objetivos que se prop\u00f5e, quer em termos de autonomia, quer em facilidade de carregamento das baterias. T\u00e3o importante quanto o cami\u00e3o, \u00e9 a assist\u00eancia t\u00e9cnica. Detentora de uma rede pr\u00f3pria de concession\u00e1rios em Portugal, a Scania est\u00e1 a preparar o seu p\u00f3s-venda para albergar os cami\u00f5es el\u00e9tricos, dando o suporte necess\u00e1rio \u00e0 comercializa\u00e7\u00e3o do P25 electric&#8221;.\u00a0<\/p>\n\n\n\n<p>Os pr\u00e9mios Fleet&amp;Service Automotive, entregues anualmente , visam reconhecer as empresas, entidades, produtos, servi\u00e7os e profissionais pela excel\u00eancia e m\u00e9rito das suas atividades nas \u00e1reas das Frotas, P\u00f3s-Venda, Pesados, M\u00e1quinas Industriais e Ambiente.&nbsp;<\/p>\n","protected":false},"excerpt":{"rendered":"<p>O Scania P25 Electric venceu o Pr\u00e9mio Cami\u00e3o do Ano 2023, na 6\u00aa edi\u00e7\u00e3o dos Pr\u00e9mios Fleet&amp;Service 2022 realizado pela Revista Automotive. A entrega dos pr\u00e9mios teve lugar no Vila Gal\u00e9 Collection Pal\u00e1cio dos Arcos, em Oeiras, num exclusivo jantar que reuniu os vencedores nas duas dezenas de categorias deste ano, e que foram aplaudidos [&hellip;]<\/p>\n","protected":false},"author":1,"featured_media":1490,"comment_status":"closed","ping_status":"open","sticky":false,"template":"","format":"standard","meta":{"jnews-multi-image_gallery":[],"jnews_single_post":{"subtitle":"","format":"standard","video":"","gallery":"","source_name":"","source_url":"","via_name":"","via_url":"","override_template":"0","override":[{"template":"2","single_blog_custom":"","parallax":"1","fullscreen":"1","layout":"right-sidebar","sidebar":"default-sidebar","second_sidebar":"default-sidebar","sticky_sidebar":"1","share_position":"topbottom","share_float_style":"share-monocrhome","show_share_counter":"0","show_view_counter":"0","show_featured":"1","show_post_meta":"1","show_post_author":"0","show_post_author_image":"1","show_post_date":"1","post_date_format":"default","post_date_format_custom":"Y\/m\/d","show_post_category":"1","show_post_reading_time":"0","post_reading_time_wpm":"300","show_zoom_button":"0","zoom_button_out_step":"2","zoom_button_in_step":"3","show_post_tag":"1","show_prev_next_post":"0","show_popup_post":"1","number_popup_post":"1","show_author_box":"0","show_post_related":"1","show_inline_post_related":"1"}],"override_image_size":"0","image_override":[{"single_post_thumbnail_size":"crop-500","single_post_gallery_size":"crop-500"}],"trending_post":"0","trending_post_position":"meta","trending_post_label":"Trending","sponsored_post":"0","sponsored_post_label":"Sponsored by","sponsored_post_name":"","sponsored_post_url":"","sponsored_post_logo_enable":"0","sponsored_post_logo":"","sponsored_post_desc":"","disable_ad":"0"},"jnews_primary_category":{"id":"","hide":""},"footnotes":""},"categories":[25],"tags":[],"class_list":["post-1511","post","type-post","status-publish","format-standard","has-post-thumbnail","hentry","category-pesados-e-maquinas"],"yoast_head":"<!-- This site is optimized with the Yoast SEO Premium plugin v27.5 (Yoast SEO v27.5) - https:\/\/yoast.com\/product\/yoast-seo-premium-wordpress\/ -->\n<title>Scania vence Pr\u00e9mio Cami\u00e3o do Ano 2023 em Portugal\u00a0 - Revista Automotive<\/title>\n<meta name=\"description\" content=\"O Scania P25 Electric venceu o Pr\u00e9mio Cami\u00e3o do Ano 2022, na 6\u00aa edi\u00e7\u00e3o dos Pr\u00e9mios Fleet&amp;Service 2022 realizado pela Revista Automotive.\" \/>\n<meta name=\"robots\" content=\"index, follow, max-snippet:-1, max-image-preview:large, max-video-preview:-1\" \/>\n<link rel=\"canonical\" href=\"https:\/\/automotiverevista.pt\/index.php\/2022\/11\/24\/scania-vence-premio-camiao-do-ano-2023-em-portugal\/\" \/>\n<meta property=\"og:locale\" content=\"pt_PT\" \/>\n<meta property=\"og:type\" content=\"article\" \/>\n<meta property=\"og:title\" content=\"Scania vence Pr\u00e9mio Cami\u00e3o do Ano 2023 em Portugal\u00a0\" \/>\n<meta property=\"og:description\" content=\"O Scania P25 Electric venceu o Pr\u00e9mio Cami\u00e3o do Ano 2022, na 6\u00aa edi\u00e7\u00e3o dos Pr\u00e9mios Fleet&amp;Service 2022 realizado pela Revista Automotive.\" \/>\n<meta property=\"og:url\" content=\"https:\/\/automotiverevista.pt\/index.php\/2022\/11\/24\/scania-vence-premio-camiao-do-ano-2023-em-portugal\/\" \/>\n<meta property=\"og:site_name\" content=\"Revista Automotive\" \/>\n<meta property=\"article:published_time\" content=\"2022-11-24T10:40:45+00:00\" \/>\n<meta property=\"article:modified_time\" content=\"2022-11-24T10:40:58+00:00\" \/>\n<meta property=\"og:image\" content=\"https:\/\/automotiverevista.pt\/wp-content\/uploads\/2022\/11\/Automotive-089-scaled.jpg\" \/>\n\t<meta property=\"og:image:width\" content=\"2560\" \/>\n\t<meta property=\"og:image:height\" content=\"1707\" \/>\n\t<meta property=\"og:image:type\" content=\"image\/jpeg\" \/>\n<meta name=\"author\" content=\"adminNovo\" \/>\n<meta name=\"twitter:card\" content=\"summary_large_image\" \/>\n<meta name=\"twitter:label1\" content=\"Escrito por\" \/>\n\t<meta name=\"twitter:data1\" content=\"adminNovo\" \/>\n\t<meta name=\"twitter:label2\" content=\"Tempo estimado de leitura\" \/>\n\t<meta name=\"twitter:data2\" content=\"2 minutos\" \/>\n<script type=\"application\/ld+json\" class=\"yoast-schema-graph\">{\"@context\":\"https:\\\/\\\/schema.org\",\"@graph\":[{\"@type\":\"Article\",\"@id\":\"https:\\\/\\\/automotiverevista.pt\\\/index.php\\\/2022\\\/11\\\/24\\\/scania-vence-premio-camiao-do-ano-2023-em-portugal\\\/#article\",\"isPartOf\":{\"@id\":\"https:\\\/\\\/automotiverevista.pt\\\/index.php\\\/2022\\\/11\\\/24\\\/scania-vence-premio-camiao-do-ano-2023-em-portugal\\\/\"},\"author\":{\"name\":\"adminNovo\",\"@id\":\"https:\\\/\\\/automotiverevista.pt\\\/#\\\/schema\\\/person\\\/1265858bc8c78a0f969de814da8be281\"},\"headline\":\"Scania vence Pr\u00e9mio Cami\u00e3o do Ano 2023 em Portugal\u00a0\",\"datePublished\":\"2022-11-24T10:40:45+00:00\",\"dateModified\":\"2022-11-24T10:40:58+00:00\",\"mainEntityOfPage\":{\"@id\":\"https:\\\/\\\/automotiverevista.pt\\\/index.php\\\/2022\\\/11\\\/24\\\/scania-vence-premio-camiao-do-ano-2023-em-portugal\\\/\"},\"wordCount\":327,\"publisher\":{\"@id\":\"https:\\\/\\\/automotiverevista.pt\\\/#organization\"},\"image\":{\"@id\":\"https:\\\/\\\/automotiverevista.pt\\\/index.php\\\/2022\\\/11\\\/24\\\/scania-vence-premio-camiao-do-ano-2023-em-portugal\\\/#primaryimage\"},\"thumbnailUrl\":\"https:\\\/\\\/automotiverevista.pt\\\/wp-content\\\/uploads\\\/2022\\\/11\\\/Automotive-089-scaled.jpg\",\"articleSection\":[\"Pesados e M\u00e1quinas\"],\"inLanguage\":\"pt-PT\"},{\"@type\":\"WebPage\",\"@id\":\"https:\\\/\\\/automotiverevista.pt\\\/index.php\\\/2022\\\/11\\\/24\\\/scania-vence-premio-camiao-do-ano-2023-em-portugal\\\/\",\"url\":\"https:\\\/\\\/automotiverevista.pt\\\/index.php\\\/2022\\\/11\\\/24\\\/scania-vence-premio-camiao-do-ano-2023-em-portugal\\\/\",\"name\":\"Scania vence Pr\u00e9mio Cami\u00e3o do Ano 2023 em Portugal\u00a0 - Revista Automotive\",\"isPartOf\":{\"@id\":\"https:\\\/\\\/automotiverevista.pt\\\/#website\"},\"primaryImageOfPage\":{\"@id\":\"https:\\\/\\\/automotiverevista.pt\\\/index.php\\\/2022\\\/11\\\/24\\\/scania-vence-premio-camiao-do-ano-2023-em-portugal\\\/#primaryimage\"},\"image\":{\"@id\":\"https:\\\/\\\/automotiverevista.pt\\\/index.php\\\/2022\\\/11\\\/24\\\/scania-vence-premio-camiao-do-ano-2023-em-portugal\\\/#primaryimage\"},\"thumbnailUrl\":\"https:\\\/\\\/automotiverevista.pt\\\/wp-content\\\/uploads\\\/2022\\\/11\\\/Automotive-089-scaled.jpg\",\"datePublished\":\"2022-11-24T10:40:45+00:00\",\"dateModified\":\"2022-11-24T10:40:58+00:00\",\"description\":\"O Scania P25 Electric venceu o Pr\u00e9mio Cami\u00e3o do Ano 2022, na 6\u00aa edi\u00e7\u00e3o dos Pr\u00e9mios Fleet&Service 2022 realizado pela Revista Automotive.\",\"breadcrumb\":{\"@id\":\"https:\\\/\\\/automotiverevista.pt\\\/index.php\\\/2022\\\/11\\\/24\\\/scania-vence-premio-camiao-do-ano-2023-em-portugal\\\/#breadcrumb\"},\"inLanguage\":\"pt-PT\",\"potentialAction\":[{\"@type\":\"ReadAction\",\"target\":[\"https:\\\/\\\/automotiverevista.pt\\\/index.php\\\/2022\\\/11\\\/24\\\/scania-vence-premio-camiao-do-ano-2023-em-portugal\\\/\"]}]},{\"@type\":\"ImageObject\",\"inLanguage\":\"pt-PT\",\"@id\":\"https:\\\/\\\/automotiverevista.pt\\\/index.php\\\/2022\\\/11\\\/24\\\/scania-vence-premio-camiao-do-ano-2023-em-portugal\\\/#primaryimage\",\"url\":\"https:\\\/\\\/automotiverevista.pt\\\/wp-content\\\/uploads\\\/2022\\\/11\\\/Automotive-089-scaled.jpg\",\"contentUrl\":\"https:\\\/\\\/automotiverevista.pt\\\/wp-content\\\/uploads\\\/2022\\\/11\\\/Automotive-089-scaled.jpg\",\"width\":2560,\"height\":1707,\"caption\":\"Scania Cami\u00e3o do Ano\"},{\"@type\":\"BreadcrumbList\",\"@id\":\"https:\\\/\\\/automotiverevista.pt\\\/index.php\\\/2022\\\/11\\\/24\\\/scania-vence-premio-camiao-do-ano-2023-em-portugal\\\/#breadcrumb\",\"itemListElement\":[{\"@type\":\"ListItem\",\"position\":1,\"name\":\"Home\",\"item\":\"https:\\\/\\\/automotiverevista.pt\\\/\"},{\"@type\":\"ListItem\",\"position\":2,\"name\":\"Scania vence Pr\u00e9mio Cami\u00e3o do Ano 2023 em Portugal\u00a0\"}]},{\"@type\":\"WebSite\",\"@id\":\"https:\\\/\\\/automotiverevista.pt\\\/#website\",\"url\":\"https:\\\/\\\/automotiverevista.pt\\\/\",\"name\":\"Revista Automotive\",\"description\":\"Revista Automotive Portugal\",\"publisher\":{\"@id\":\"https:\\\/\\\/automotiverevista.pt\\\/#organization\"},\"potentialAction\":[{\"@type\":\"SearchAction\",\"target\":{\"@type\":\"EntryPoint\",\"urlTemplate\":\"https:\\\/\\\/automotiverevista.pt\\\/?s={search_term_string}\"},\"query-input\":{\"@type\":\"PropertyValueSpecification\",\"valueRequired\":true,\"valueName\":\"search_term_string\"}}],\"inLanguage\":\"pt-PT\"},{\"@type\":\"Organization\",\"@id\":\"https:\\\/\\\/automotiverevista.pt\\\/#organization\",\"name\":\"Revista Automotive Portugal\",\"url\":\"https:\\\/\\\/automotiverevista.pt\\\/\",\"logo\":{\"@type\":\"ImageObject\",\"inLanguage\":\"pt-PT\",\"@id\":\"https:\\\/\\\/automotiverevista.pt\\\/#\\\/schema\\\/logo\\\/image\\\/\",\"url\":\"https:\\\/\\\/automotiverevista.pt\\\/wp-content\\\/uploads\\\/2022\\\/07\\\/Logo-Automotive-2021_500-1.jpg\",\"contentUrl\":\"https:\\\/\\\/automotiverevista.pt\\\/wp-content\\\/uploads\\\/2022\\\/07\\\/Logo-Automotive-2021_500-1.jpg\",\"width\":500,\"height\":160,\"caption\":\"Revista Automotive Portugal\"},\"image\":{\"@id\":\"https:\\\/\\\/automotiverevista.pt\\\/#\\\/schema\\\/logo\\\/image\\\/\"},\"sameAs\":[\"https:\\\/\\\/linkedin.com\\\/in\\\/automotiverevista\"]},{\"@type\":\"Person\",\"@id\":\"https:\\\/\\\/automotiverevista.pt\\\/#\\\/schema\\\/person\\\/1265858bc8c78a0f969de814da8be281\",\"name\":\"adminNovo\",\"image\":{\"@type\":\"ImageObject\",\"inLanguage\":\"pt-PT\",\"@id\":\"https:\\\/\\\/secure.gravatar.com\\\/avatar\\\/c606c1288dcc11eb4c709aa5136fdb962583c410f5c23c0b7bf6917c542be355?s=96&d=mm&r=g\",\"url\":\"https:\\\/\\\/secure.gravatar.com\\\/avatar\\\/c606c1288dcc11eb4c709aa5136fdb962583c410f5c23c0b7bf6917c542be355?s=96&d=mm&r=g\",\"contentUrl\":\"https:\\\/\\\/secure.gravatar.com\\\/avatar\\\/c606c1288dcc11eb4c709aa5136fdb962583c410f5c23c0b7bf6917c542be355?s=96&d=mm&r=g\",\"caption\":\"adminNovo\"},\"sameAs\":[\"https:\\\/\\\/automotiverevista.pt\"],\"url\":\"https:\\\/\\\/automotiverevista.pt\\\/index.php\\\/author\\\/adminnovo\\\/\"}]}<\/script>\n<!-- \/ Yoast SEO Premium plugin. -->","yoast_head_json":{"title":"Scania vence Pr\u00e9mio Cami\u00e3o do Ano 2023 em Portugal\u00a0 - Revista Automotive","description":"O Scania P25 Electric venceu o Pr\u00e9mio Cami\u00e3o do Ano 2022, na 6\u00aa edi\u00e7\u00e3o dos Pr\u00e9mios Fleet&Service 2022 realizado pela Revista Automotive.","robots":{"index":"index","follow":"follow","max-snippet":"max-snippet:-1","max-image-preview":"max-image-preview:large","max-video-preview":"max-video-preview:-1"},"canonical":"https:\/\/automotiverevista.pt\/index.php\/2022\/11\/24\/scania-vence-premio-camiao-do-ano-2023-em-portugal\/","og_locale":"pt_PT","og_type":"article","og_title":"Scania vence Pr\u00e9mio Cami\u00e3o do Ano 2023 em Portugal\u00a0","og_description":"O Scania P25 Electric venceu o Pr\u00e9mio Cami\u00e3o do Ano 2022, na 6\u00aa edi\u00e7\u00e3o dos Pr\u00e9mios Fleet&Service 2022 realizado pela Revista Automotive.","og_url":"https:\/\/automotiverevista.pt\/index.php\/2022\/11\/24\/scania-vence-premio-camiao-do-ano-2023-em-portugal\/","og_site_name":"Revista Automotive","article_published_time":"2022-11-24T10:40:45+00:00","article_modified_time":"2022-11-24T10:40:58+00:00","og_image":[{"width":2560,"height":1707,"url":"https:\/\/automotiverevista.pt\/wp-content\/uploads\/2022\/11\/Automotive-089-scaled.jpg","type":"image\/jpeg"}],"author":"adminNovo","twitter_card":"summary_large_image","twitter_misc":{"Escrito por":"adminNovo","Tempo estimado de leitura":"2 minutos"},"schema":{"@context":"https:\/\/schema.org","@graph":[{"@type":"Article","@id":"https:\/\/automotiverevista.pt\/index.php\/2022\/11\/24\/scania-vence-premio-camiao-do-ano-2023-em-portugal\/#article","isPartOf":{"@id":"https:\/\/automotiverevista.pt\/index.php\/2022\/11\/24\/scania-vence-premio-camiao-do-ano-2023-em-portugal\/"},"author":{"name":"adminNovo","@id":"https:\/\/automotiverevista.pt\/#\/schema\/person\/1265858bc8c78a0f969de814da8be281"},"headline":"Scania vence Pr\u00e9mio Cami\u00e3o do Ano 2023 em Portugal\u00a0","datePublished":"2022-11-24T10:40:45+00:00","dateModified":"2022-11-24T10:40:58+00:00","mainEntityOfPage":{"@id":"https:\/\/automotiverevista.pt\/index.php\/2022\/11\/24\/scania-vence-premio-camiao-do-ano-2023-em-portugal\/"},"wordCount":327,"publisher":{"@id":"https:\/\/automotiverevista.pt\/#organization"},"image":{"@id":"https:\/\/automotiverevista.pt\/index.php\/2022\/11\/24\/scania-vence-premio-camiao-do-ano-2023-em-portugal\/#primaryimage"},"thumbnailUrl":"https:\/\/automotiverevista.pt\/wp-content\/uploads\/2022\/11\/Automotive-089-scaled.jpg","articleSection":["Pesados e M\u00e1quinas"],"inLanguage":"pt-PT"},{"@type":"WebPage","@id":"https:\/\/automotiverevista.pt\/index.php\/2022\/11\/24\/scania-vence-premio-camiao-do-ano-2023-em-portugal\/","url":"https:\/\/automotiverevista.pt\/index.php\/2022\/11\/24\/scania-vence-premio-camiao-do-ano-2023-em-portugal\/","name":"Scania vence Pr\u00e9mio Cami\u00e3o do Ano 2023 em Portugal\u00a0 - Revista Automotive","isPartOf":{"@id":"https:\/\/automotiverevista.pt\/#website"},"primaryImageOfPage":{"@id":"https:\/\/automotiverevista.pt\/index.php\/2022\/11\/24\/scania-vence-premio-camiao-do-ano-2023-em-portugal\/#primaryimage"},"image":{"@id":"https:\/\/automotiverevista.pt\/index.php\/2022\/11\/24\/scania-vence-premio-camiao-do-ano-2023-em-portugal\/#primaryimage"},"thumbnailUrl":"https:\/\/automotiverevista.pt\/wp-content\/uploads\/2022\/11\/Automotive-089-scaled.jpg","datePublished":"2022-11-24T10:40:45+00:00","dateModified":"2022-11-24T10:40:58+00:00","description":"O Scania P25 Electric venceu o Pr\u00e9mio Cami\u00e3o do Ano 2022, na 6\u00aa edi\u00e7\u00e3o dos Pr\u00e9mios Fleet&Service 2022 realizado pela Revista Automotive.","breadcrumb":{"@id":"https:\/\/automotiverevista.pt\/index.php\/2022\/11\/24\/scania-vence-premio-camiao-do-ano-2023-em-portugal\/#breadcrumb"},"inLanguage":"pt-PT","potentialAction":[{"@type":"ReadAction","target":["https:\/\/automotiverevista.pt\/index.php\/2022\/11\/24\/scania-vence-premio-camiao-do-ano-2023-em-portugal\/"]}]},{"@type":"ImageObject","inLanguage":"pt-PT","@id":"https:\/\/automotiverevista.pt\/index.php\/2022\/11\/24\/scania-vence-premio-camiao-do-ano-2023-em-portugal\/#primaryimage","url":"https:\/\/automotiverevista.pt\/wp-content\/uploads\/2022\/11\/Automotive-089-scaled.jpg","contentUrl":"https:\/\/automotiverevista.pt\/wp-content\/uploads\/2022\/11\/Automotive-089-scaled.jpg","width":2560,"height":1707,"caption":"Scania Cami\u00e3o do Ano"},{"@type":"BreadcrumbList","@id":"https:\/\/automotiverevista.pt\/index.php\/2022\/11\/24\/scania-vence-premio-camiao-do-ano-2023-em-portugal\/#breadcrumb","itemListElement":[{"@type":"ListItem","position":1,"name":"Home","item":"https:\/\/automotiverevista.pt\/"},{"@type":"ListItem","position":2,"name":"Scania vence Pr\u00e9mio Cami\u00e3o do Ano 2023 em Portugal\u00a0"}]},{"@type":"WebSite","@id":"https:\/\/automotiverevista.pt\/#website","url":"https:\/\/automotiverevista.pt\/","name":"Revista Automotive","description":"Revista Automotive Portugal","publisher":{"@id":"https:\/\/automotiverevista.pt\/#organization"},"potentialAction":[{"@type":"SearchAction","target":{"@type":"EntryPoint","urlTemplate":"https:\/\/automotiverevista.pt\/?s={search_term_string}"},"query-input":{"@type":"PropertyValueSpecification","valueRequired":true,"valueName":"search_term_string"}}],"inLanguage":"pt-PT"},{"@type":"Organization","@id":"https:\/\/automotiverevista.pt\/#organization","name":"Revista Automotive Portugal","url":"https:\/\/automotiverevista.pt\/","logo":{"@type":"ImageObject","inLanguage":"pt-PT","@id":"https:\/\/automotiverevista.pt\/#\/schema\/logo\/image\/","url":"https:\/\/automotiverevista.pt\/wp-content\/uploads\/2022\/07\/Logo-Automotive-2021_500-1.jpg","contentUrl":"https:\/\/automotiverevista.pt\/wp-content\/uploads\/2022\/07\/Logo-Automotive-2021_500-1.jpg","width":500,"height":160,"caption":"Revista Automotive Portugal"},"image":{"@id":"https:\/\/automotiverevista.pt\/#\/schema\/logo\/image\/"},"sameAs":["https:\/\/linkedin.com\/in\/automotiverevista"]},{"@type":"Person","@id":"https:\/\/automotiverevista.pt\/#\/schema\/person\/1265858bc8c78a0f969de814da8be281","name":"adminNovo","image":{"@type":"ImageObject","inLanguage":"pt-PT","@id":"https:\/\/secure.gravatar.com\/avatar\/c606c1288dcc11eb4c709aa5136fdb962583c410f5c23c0b7bf6917c542be355?s=96&d=mm&r=g","url":"https:\/\/secure.gravatar.com\/avatar\/c606c1288dcc11eb4c709aa5136fdb962583c410f5c23c0b7bf6917c542be355?s=96&d=mm&r=g","contentUrl":"https:\/\/secure.gravatar.com\/avatar\/c606c1288dcc11eb4c709aa5136fdb962583c410f5c23c0b7bf6917c542be355?s=96&d=mm&r=g","caption":"adminNovo"},"sameAs":["https:\/\/automotiverevista.pt"],"url":"https:\/\/automotiverevista.pt\/index.php\/author\/adminnovo\/"}]}},"_links":{"self":[{"href":"https:\/\/automotiverevista.pt\/index.php\/wp-json\/wp\/v2\/posts\/1511","targetHints":{"allow":["GET"]}}],"collection":[{"href":"https:\/\/automotiverevista.pt\/index.php\/wp-json\/wp\/v2\/posts"}],"about":[{"href":"https:\/\/automotiverevista.pt\/index.php\/wp-json\/wp\/v2\/types\/post"}],"author":[{"embeddable":true,"href":"https:\/\/automotiverevista.pt\/index.php\/wp-json\/wp\/v2\/users\/1"}],"replies":[{"embeddable":true,"href":"https:\/\/automotiverevista.pt\/index.php\/wp-json\/wp\/v2\/comments?post=1511"}],"version-history":[{"count":3,"href":"https:\/\/automotiverevista.pt\/index.php\/wp-json\/wp\/v2\/posts\/1511\/revisions"}],"predecessor-version":[{"id":1514,"href":"https:\/\/automotiverevista.pt\/index.php\/wp-json\/wp\/v2\/posts\/1511\/revisions\/1514"}],"wp:featuredmedia":[{"embeddable":true,"href":"https:\/\/automotiverevista.pt\/index.php\/wp-json\/wp\/v2\/media\/1490"}],"wp:attachment":[{"href":"https:\/\/automotiverevista.pt\/index.php\/wp-json\/wp\/v2\/media?parent=1511"}],"wp:term":[{"taxonomy":"category","embeddable":true,"href":"https:\/\/automotiverevista.pt\/index.php\/wp-json\/wp\/v2\/categories?post=1511"},{"taxonomy":"post_tag","embeddable":true,"href":"https:\/\/automotiverevista.pt\/index.php\/wp-json\/wp\/v2\/tags?post=1511"}],"curies":[{"name":"wp","href":"https:\/\/api.w.org\/{rel}","templated":true}]}}