{"id":1553,"date":"2022-11-30T08:49:00","date_gmt":"2022-11-30T08:49:00","guid":{"rendered":"https:\/\/automotiverevista.pt\/?p=1553"},"modified":"2022-11-28T17:50:09","modified_gmt":"2022-11-28T17:50:09","slug":"litocar-vence-categoria-concessionario-automovel-nos-premios-fleet-service-2022","status":"publish","type":"post","link":"https:\/\/automotiverevista.pt\/index.php\/2022\/11\/30\/litocar-vence-categoria-concessionario-automovel-nos-premios-fleet-service-2022\/","title":{"rendered":"<strong>Litocar vence categoria \u201cConcession\u00e1rio Autom\u00f3vel\u201d nos Pr\u00e9mios Fleet &amp; Service 2022<\/strong>"},"content":{"rendered":"\n<p>O Grupo Litocar, venceu o <strong>Pr\u00e9mio Concession\u00e1rio Autom\u00f3vel,<\/strong> na 6\u00aa edi\u00e7\u00e3o dos Pr\u00e9mios Fleet&amp;Service 2022 realizado pela Revista Automotive. Ricardo Vieira, diretor geral da Volkswagen Ve\u00edculos Comerciais Portugal, foi convidado a entregar o <strong>Pr\u00e9mio Concession\u00e1rio Autom\u00f3vel de 2022<\/strong> a <strong>Elsa Costa,<\/strong> administradora do Grupo Litocar, acompanhada por Eduardo Gaspar, diretor da Revista Automotive.<\/p>\n\n\n\n<p>Eduardo Gaspar, diretor da Revista Automotive, referiu que \u201cO Grupo Litocar tem tido um percurso s\u00f3lido no mercado nacional, ao longo dos seus 40 anos de exist\u00eancia, completados em 2022. Comercializa e realiza repara\u00e7\u00e3o e manuten\u00e7\u00e3o a 17 marcas autom\u00f3veis, atrav\u00e9s de diversos concession\u00e1rios em Portugal, localizados desde o distrito da Guarda at\u00e9 o distrito de Lisboa.<\/p>\n\n\n\n<p>Este ano de 2022, protagonizaram uma das maiores movimenta\u00e7\u00f5es empresariais no setor das concess\u00f5es autom\u00f3veis, com a compra da Ascendum Auto. A compra incluiu todos os concession\u00e1rios da Ascendum Auto, nomeadamente as unidades de Lisboa, Coimbra, Leiria e Viseu, abarcando a comercializa\u00e7\u00e3o de autom\u00f3veis novos e usados das marcas Volvo,&nbsp;Mitsubishi Motors, Fuso&nbsp;e&nbsp;Maxus. &nbsp;Esta aquisi\u00e7\u00e3o, posicionou o Grupo Litocar num lugar de destaque no panorama nacional, no setor dos concession\u00e1rios autom\u00f3veis\u201d.<\/p>\n\n\n\n<p>As fotografias do evento podem ser visualizadas atrav\u00e9s do seguinte link: <a href=\"https:\/\/automotiverevista.pt\/index.php\/premios-fleet-service-2022\/\"><strong>Fotos 2022<\/strong><\/a><\/p>\n","protected":false},"excerpt":{"rendered":"<p>O Grupo Litocar, venceu o Pr\u00e9mio Concession\u00e1rio Autom\u00f3vel, na 6\u00aa edi\u00e7\u00e3o dos Pr\u00e9mios Fleet&amp;Service 2022 realizado pela Revista Automotive. Ricardo Vieira, diretor geral da Volkswagen Ve\u00edculos Comerciais Portugal, foi convidado a entregar o Pr\u00e9mio Concession\u00e1rio Autom\u00f3vel de 2022 a Elsa Costa, administradora do Grupo Litocar, acompanhada por Eduardo Gaspar, diretor da Revista Automotive. Eduardo Gaspar, [&hellip;]<\/p>\n","protected":false},"author":1,"featured_media":1554,"comment_status":"closed","ping_status":"open","sticky":false,"template":"","format":"standard","meta":{"jnews-multi-image_gallery":[],"jnews_single_post":{"subtitle":"","format":"standard","video":"","gallery":"","source_name":"","source_url":"","via_name":"","via_url":"","override_template":"0","override":[{"template":"2","single_blog_custom":"","parallax":"1","fullscreen":"1","layout":"right-sidebar","sidebar":"default-sidebar","second_sidebar":"default-sidebar","sticky_sidebar":"1","share_position":"topbottom","share_float_style":"share-monocrhome","show_share_counter":"0","show_view_counter":"0","show_featured":"1","show_post_meta":"1","show_post_author":"0","show_post_author_image":"1","show_post_date":"1","post_date_format":"default","post_date_format_custom":"Y\/m\/d","show_post_category":"1","show_post_reading_time":"0","post_reading_time_wpm":"300","show_zoom_button":"0","zoom_button_out_step":"2","zoom_button_in_step":"3","show_post_tag":"1","show_prev_next_post":"0","show_popup_post":"1","number_popup_post":"1","show_author_box":"0","show_post_related":"1","show_inline_post_related":"1"}],"override_image_size":"0","image_override":[{"single_post_thumbnail_size":"crop-500","single_post_gallery_size":"crop-500"}],"trending_post":"0","trending_post_position":"meta","trending_post_label":"Trending","sponsored_post":"0","sponsored_post_label":"Sponsored by","sponsored_post_name":"","sponsored_post_url":"","sponsored_post_logo_enable":"0","sponsored_post_logo":"","sponsored_post_desc":"","disable_ad":"0"},"jnews_primary_category":{"id":"","hide":""},"footnotes":""},"categories":[23],"tags":[],"class_list":["post-1553","post","type-post","status-publish","format-standard","has-post-thumbnail","hentry","category-frotas"],"yoast_head":"<!-- This site is optimized with the Yoast SEO Premium plugin v27.2 (Yoast SEO v27.5) - https:\/\/yoast.com\/product\/yoast-seo-premium-wordpress\/ -->\n<title>Litocar vence categoria \u201cConcession\u00e1rio Autom\u00f3vel\u201d nos Pr\u00e9mios Fleet &amp; Service 2022 - Revista Automotive<\/title>\n<meta name=\"robots\" content=\"index, follow, max-snippet:-1, max-image-preview:large, max-video-preview:-1\" \/>\n<link rel=\"canonical\" href=\"https:\/\/automotiverevista.pt\/index.php\/2022\/11\/30\/litocar-vence-categoria-concessionario-automovel-nos-premios-fleet-service-2022\/\" \/>\n<meta property=\"og:locale\" content=\"pt_PT\" \/>\n<meta property=\"og:type\" content=\"article\" \/>\n<meta property=\"og:title\" content=\"Litocar vence categoria \u201cConcession\u00e1rio Autom\u00f3vel\u201d nos Pr\u00e9mios Fleet &amp; Service 2022\" \/>\n<meta property=\"og:description\" content=\"O Grupo Litocar, venceu o Pr\u00e9mio Concession\u00e1rio Autom\u00f3vel, na 6\u00aa edi\u00e7\u00e3o dos Pr\u00e9mios Fleet&amp;Service 2022 realizado pela Revista Automotive. Ricardo Vieira, diretor geral da Volkswagen Ve\u00edculos Comerciais Portugal, foi convidado a entregar o Pr\u00e9mio Concession\u00e1rio Autom\u00f3vel de 2022 a Elsa Costa, administradora do Grupo Litocar, acompanhada por Eduardo Gaspar, diretor da Revista Automotive. Eduardo Gaspar, [&hellip;]\" \/>\n<meta property=\"og:url\" content=\"https:\/\/automotiverevista.pt\/index.php\/2022\/11\/30\/litocar-vence-categoria-concessionario-automovel-nos-premios-fleet-service-2022\/\" \/>\n<meta property=\"og:site_name\" content=\"Revista Automotive\" \/>\n<meta property=\"article:published_time\" content=\"2022-11-30T08:49:00+00:00\" \/>\n<meta property=\"og:image\" content=\"https:\/\/automotiverevista.pt\/wp-content\/uploads\/2022\/11\/Automotive-072-1-scaled.jpg\" \/>\n\t<meta property=\"og:image:width\" content=\"2560\" \/>\n\t<meta property=\"og:image:height\" content=\"1707\" \/>\n\t<meta property=\"og:image:type\" content=\"image\/jpeg\" \/>\n<meta name=\"author\" content=\"adminNovo\" \/>\n<meta name=\"twitter:card\" content=\"summary_large_image\" \/>\n<meta name=\"twitter:label1\" content=\"Escrito por\" \/>\n\t<meta name=\"twitter:data1\" content=\"adminNovo\" \/>\n\t<meta name=\"twitter:label2\" content=\"Tempo estimado de leitura\" \/>\n\t<meta name=\"twitter:data2\" content=\"2 minutos\" \/>\n<script type=\"application\/ld+json\" class=\"yoast-schema-graph\">{\"@context\":\"https:\\\/\\\/schema.org\",\"@graph\":[{\"@type\":\"Article\",\"@id\":\"https:\\\/\\\/automotiverevista.pt\\\/index.php\\\/2022\\\/11\\\/30\\\/litocar-vence-categoria-concessionario-automovel-nos-premios-fleet-service-2022\\\/#article\",\"isPartOf\":{\"@id\":\"https:\\\/\\\/automotiverevista.pt\\\/index.php\\\/2022\\\/11\\\/30\\\/litocar-vence-categoria-concessionario-automovel-nos-premios-fleet-service-2022\\\/\"},\"author\":{\"name\":\"adminNovo\",\"@id\":\"https:\\\/\\\/automotiverevista.pt\\\/#\\\/schema\\\/person\\\/1265858bc8c78a0f969de814da8be281\"},\"headline\":\"Litocar vence categoria \u201cConcession\u00e1rio Autom\u00f3vel\u201d nos Pr\u00e9mios Fleet &amp; Service 2022\",\"datePublished\":\"2022-11-30T08:49:00+00:00\",\"mainEntityOfPage\":{\"@id\":\"https:\\\/\\\/automotiverevista.pt\\\/index.php\\\/2022\\\/11\\\/30\\\/litocar-vence-categoria-concessionario-automovel-nos-premios-fleet-service-2022\\\/\"},\"wordCount\":233,\"publisher\":{\"@id\":\"https:\\\/\\\/automotiverevista.pt\\\/#organization\"},\"image\":{\"@id\":\"https:\\\/\\\/automotiverevista.pt\\\/index.php\\\/2022\\\/11\\\/30\\\/litocar-vence-categoria-concessionario-automovel-nos-premios-fleet-service-2022\\\/#primaryimage\"},\"thumbnailUrl\":\"https:\\\/\\\/automotiverevista.pt\\\/wp-content\\\/uploads\\\/2022\\\/11\\\/Automotive-072-1-scaled.jpg\",\"articleSection\":[\"Frotas\"],\"inLanguage\":\"pt-PT\"},{\"@type\":\"WebPage\",\"@id\":\"https:\\\/\\\/automotiverevista.pt\\\/index.php\\\/2022\\\/11\\\/30\\\/litocar-vence-categoria-concessionario-automovel-nos-premios-fleet-service-2022\\\/\",\"url\":\"https:\\\/\\\/automotiverevista.pt\\\/index.php\\\/2022\\\/11\\\/30\\\/litocar-vence-categoria-concessionario-automovel-nos-premios-fleet-service-2022\\\/\",\"name\":\"Litocar vence categoria \u201cConcession\u00e1rio Autom\u00f3vel\u201d nos Pr\u00e9mios Fleet &amp; Service 2022 - Revista Automotive\",\"isPartOf\":{\"@id\":\"https:\\\/\\\/automotiverevista.pt\\\/#website\"},\"primaryImageOfPage\":{\"@id\":\"https:\\\/\\\/automotiverevista.pt\\\/index.php\\\/2022\\\/11\\\/30\\\/litocar-vence-categoria-concessionario-automovel-nos-premios-fleet-service-2022\\\/#primaryimage\"},\"image\":{\"@id\":\"https:\\\/\\\/automotiverevista.pt\\\/index.php\\\/2022\\\/11\\\/30\\\/litocar-vence-categoria-concessionario-automovel-nos-premios-fleet-service-2022\\\/#primaryimage\"},\"thumbnailUrl\":\"https:\\\/\\\/automotiverevista.pt\\\/wp-content\\\/uploads\\\/2022\\\/11\\\/Automotive-072-1-scaled.jpg\",\"datePublished\":\"2022-11-30T08:49:00+00:00\",\"breadcrumb\":{\"@id\":\"https:\\\/\\\/automotiverevista.pt\\\/index.php\\\/2022\\\/11\\\/30\\\/litocar-vence-categoria-concessionario-automovel-nos-premios-fleet-service-2022\\\/#breadcrumb\"},\"inLanguage\":\"pt-PT\",\"potentialAction\":[{\"@type\":\"ReadAction\",\"target\":[\"https:\\\/\\\/automotiverevista.pt\\\/index.php\\\/2022\\\/11\\\/30\\\/litocar-vence-categoria-concessionario-automovel-nos-premios-fleet-service-2022\\\/\"]}]},{\"@type\":\"ImageObject\",\"inLanguage\":\"pt-PT\",\"@id\":\"https:\\\/\\\/automotiverevista.pt\\\/index.php\\\/2022\\\/11\\\/30\\\/litocar-vence-categoria-concessionario-automovel-nos-premios-fleet-service-2022\\\/#primaryimage\",\"url\":\"https:\\\/\\\/automotiverevista.pt\\\/wp-content\\\/uploads\\\/2022\\\/11\\\/Automotive-072-1-scaled.jpg\",\"contentUrl\":\"https:\\\/\\\/automotiverevista.pt\\\/wp-content\\\/uploads\\\/2022\\\/11\\\/Automotive-072-1-scaled.jpg\",\"width\":2560,\"height\":1707},{\"@type\":\"BreadcrumbList\",\"@id\":\"https:\\\/\\\/automotiverevista.pt\\\/index.php\\\/2022\\\/11\\\/30\\\/litocar-vence-categoria-concessionario-automovel-nos-premios-fleet-service-2022\\\/#breadcrumb\",\"itemListElement\":[{\"@type\":\"ListItem\",\"position\":1,\"name\":\"Home\",\"item\":\"https:\\\/\\\/automotiverevista.pt\\\/\"},{\"@type\":\"ListItem\",\"position\":2,\"name\":\"Litocar vence categoria \u201cConcession\u00e1rio Autom\u00f3vel\u201d nos Pr\u00e9mios Fleet &amp; Service 2022\"}]},{\"@type\":\"WebSite\",\"@id\":\"https:\\\/\\\/automotiverevista.pt\\\/#website\",\"url\":\"https:\\\/\\\/automotiverevista.pt\\\/\",\"name\":\"Revista Automotive\",\"description\":\"Revista Automotive Portugal\",\"publisher\":{\"@id\":\"https:\\\/\\\/automotiverevista.pt\\\/#organization\"},\"potentialAction\":[{\"@type\":\"SearchAction\",\"target\":{\"@type\":\"EntryPoint\",\"urlTemplate\":\"https:\\\/\\\/automotiverevista.pt\\\/?s={search_term_string}\"},\"query-input\":{\"@type\":\"PropertyValueSpecification\",\"valueRequired\":true,\"valueName\":\"search_term_string\"}}],\"inLanguage\":\"pt-PT\"},{\"@type\":\"Organization\",\"@id\":\"https:\\\/\\\/automotiverevista.pt\\\/#organization\",\"name\":\"Revista Automotive Portugal\",\"url\":\"https:\\\/\\\/automotiverevista.pt\\\/\",\"logo\":{\"@type\":\"ImageObject\",\"inLanguage\":\"pt-PT\",\"@id\":\"https:\\\/\\\/automotiverevista.pt\\\/#\\\/schema\\\/logo\\\/image\\\/\",\"url\":\"https:\\\/\\\/automotiverevista.pt\\\/wp-content\\\/uploads\\\/2022\\\/07\\\/Logo-Automotive-2021_500-1.jpg\",\"contentUrl\":\"https:\\\/\\\/automotiverevista.pt\\\/wp-content\\\/uploads\\\/2022\\\/07\\\/Logo-Automotive-2021_500-1.jpg\",\"width\":500,\"height\":160,\"caption\":\"Revista Automotive Portugal\"},\"image\":{\"@id\":\"https:\\\/\\\/automotiverevista.pt\\\/#\\\/schema\\\/logo\\\/image\\\/\"},\"sameAs\":[\"https:\\\/\\\/linkedin.com\\\/in\\\/automotiverevista\"]},{\"@type\":\"Person\",\"@id\":\"https:\\\/\\\/automotiverevista.pt\\\/#\\\/schema\\\/person\\\/1265858bc8c78a0f969de814da8be281\",\"name\":\"adminNovo\",\"image\":{\"@type\":\"ImageObject\",\"inLanguage\":\"pt-PT\",\"@id\":\"https:\\\/\\\/secure.gravatar.com\\\/avatar\\\/c606c1288dcc11eb4c709aa5136fdb962583c410f5c23c0b7bf6917c542be355?s=96&d=mm&r=g\",\"url\":\"https:\\\/\\\/secure.gravatar.com\\\/avatar\\\/c606c1288dcc11eb4c709aa5136fdb962583c410f5c23c0b7bf6917c542be355?s=96&d=mm&r=g\",\"contentUrl\":\"https:\\\/\\\/secure.gravatar.com\\\/avatar\\\/c606c1288dcc11eb4c709aa5136fdb962583c410f5c23c0b7bf6917c542be355?s=96&d=mm&r=g\",\"caption\":\"adminNovo\"},\"sameAs\":[\"https:\\\/\\\/automotiverevista.pt\"],\"url\":\"https:\\\/\\\/automotiverevista.pt\\\/index.php\\\/author\\\/adminnovo\\\/\"}]}<\/script>\n<!-- \/ Yoast SEO Premium plugin. -->","yoast_head_json":{"title":"Litocar vence categoria \u201cConcession\u00e1rio Autom\u00f3vel\u201d nos Pr\u00e9mios Fleet &amp; Service 2022 - Revista Automotive","robots":{"index":"index","follow":"follow","max-snippet":"max-snippet:-1","max-image-preview":"max-image-preview:large","max-video-preview":"max-video-preview:-1"},"canonical":"https:\/\/automotiverevista.pt\/index.php\/2022\/11\/30\/litocar-vence-categoria-concessionario-automovel-nos-premios-fleet-service-2022\/","og_locale":"pt_PT","og_type":"article","og_title":"Litocar vence categoria \u201cConcession\u00e1rio Autom\u00f3vel\u201d nos Pr\u00e9mios Fleet &amp; Service 2022","og_description":"O Grupo Litocar, venceu o Pr\u00e9mio Concession\u00e1rio Autom\u00f3vel, na 6\u00aa edi\u00e7\u00e3o dos Pr\u00e9mios Fleet&amp;Service 2022 realizado pela Revista Automotive. Ricardo Vieira, diretor geral da Volkswagen Ve\u00edculos Comerciais Portugal, foi convidado a entregar o Pr\u00e9mio Concession\u00e1rio Autom\u00f3vel de 2022 a Elsa Costa, administradora do Grupo Litocar, acompanhada por Eduardo Gaspar, diretor da Revista Automotive. Eduardo Gaspar, [&hellip;]","og_url":"https:\/\/automotiverevista.pt\/index.php\/2022\/11\/30\/litocar-vence-categoria-concessionario-automovel-nos-premios-fleet-service-2022\/","og_site_name":"Revista Automotive","article_published_time":"2022-11-30T08:49:00+00:00","og_image":[{"width":2560,"height":1707,"url":"https:\/\/automotiverevista.pt\/wp-content\/uploads\/2022\/11\/Automotive-072-1-scaled.jpg","type":"image\/jpeg"}],"author":"adminNovo","twitter_card":"summary_large_image","twitter_misc":{"Escrito por":"adminNovo","Tempo estimado de leitura":"2 minutos"},"schema":{"@context":"https:\/\/schema.org","@graph":[{"@type":"Article","@id":"https:\/\/automotiverevista.pt\/index.php\/2022\/11\/30\/litocar-vence-categoria-concessionario-automovel-nos-premios-fleet-service-2022\/#article","isPartOf":{"@id":"https:\/\/automotiverevista.pt\/index.php\/2022\/11\/30\/litocar-vence-categoria-concessionario-automovel-nos-premios-fleet-service-2022\/"},"author":{"name":"adminNovo","@id":"https:\/\/automotiverevista.pt\/#\/schema\/person\/1265858bc8c78a0f969de814da8be281"},"headline":"Litocar vence categoria \u201cConcession\u00e1rio Autom\u00f3vel\u201d nos Pr\u00e9mios Fleet &amp; Service 2022","datePublished":"2022-11-30T08:49:00+00:00","mainEntityOfPage":{"@id":"https:\/\/automotiverevista.pt\/index.php\/2022\/11\/30\/litocar-vence-categoria-concessionario-automovel-nos-premios-fleet-service-2022\/"},"wordCount":233,"publisher":{"@id":"https:\/\/automotiverevista.pt\/#organization"},"image":{"@id":"https:\/\/automotiverevista.pt\/index.php\/2022\/11\/30\/litocar-vence-categoria-concessionario-automovel-nos-premios-fleet-service-2022\/#primaryimage"},"thumbnailUrl":"https:\/\/automotiverevista.pt\/wp-content\/uploads\/2022\/11\/Automotive-072-1-scaled.jpg","articleSection":["Frotas"],"inLanguage":"pt-PT"},{"@type":"WebPage","@id":"https:\/\/automotiverevista.pt\/index.php\/2022\/11\/30\/litocar-vence-categoria-concessionario-automovel-nos-premios-fleet-service-2022\/","url":"https:\/\/automotiverevista.pt\/index.php\/2022\/11\/30\/litocar-vence-categoria-concessionario-automovel-nos-premios-fleet-service-2022\/","name":"Litocar vence categoria \u201cConcession\u00e1rio Autom\u00f3vel\u201d nos Pr\u00e9mios Fleet &amp; Service 2022 - Revista Automotive","isPartOf":{"@id":"https:\/\/automotiverevista.pt\/#website"},"primaryImageOfPage":{"@id":"https:\/\/automotiverevista.pt\/index.php\/2022\/11\/30\/litocar-vence-categoria-concessionario-automovel-nos-premios-fleet-service-2022\/#primaryimage"},"image":{"@id":"https:\/\/automotiverevista.pt\/index.php\/2022\/11\/30\/litocar-vence-categoria-concessionario-automovel-nos-premios-fleet-service-2022\/#primaryimage"},"thumbnailUrl":"https:\/\/automotiverevista.pt\/wp-content\/uploads\/2022\/11\/Automotive-072-1-scaled.jpg","datePublished":"2022-11-30T08:49:00+00:00","breadcrumb":{"@id":"https:\/\/automotiverevista.pt\/index.php\/2022\/11\/30\/litocar-vence-categoria-concessionario-automovel-nos-premios-fleet-service-2022\/#breadcrumb"},"inLanguage":"pt-PT","potentialAction":[{"@type":"ReadAction","target":["https:\/\/automotiverevista.pt\/index.php\/2022\/11\/30\/litocar-vence-categoria-concessionario-automovel-nos-premios-fleet-service-2022\/"]}]},{"@type":"ImageObject","inLanguage":"pt-PT","@id":"https:\/\/automotiverevista.pt\/index.php\/2022\/11\/30\/litocar-vence-categoria-concessionario-automovel-nos-premios-fleet-service-2022\/#primaryimage","url":"https:\/\/automotiverevista.pt\/wp-content\/uploads\/2022\/11\/Automotive-072-1-scaled.jpg","contentUrl":"https:\/\/automotiverevista.pt\/wp-content\/uploads\/2022\/11\/Automotive-072-1-scaled.jpg","width":2560,"height":1707},{"@type":"BreadcrumbList","@id":"https:\/\/automotiverevista.pt\/index.php\/2022\/11\/30\/litocar-vence-categoria-concessionario-automovel-nos-premios-fleet-service-2022\/#breadcrumb","itemListElement":[{"@type":"ListItem","position":1,"name":"Home","item":"https:\/\/automotiverevista.pt\/"},{"@type":"ListItem","position":2,"name":"Litocar vence categoria \u201cConcession\u00e1rio Autom\u00f3vel\u201d nos Pr\u00e9mios Fleet &amp; Service 2022"}]},{"@type":"WebSite","@id":"https:\/\/automotiverevista.pt\/#website","url":"https:\/\/automotiverevista.pt\/","name":"Revista Automotive","description":"Revista Automotive Portugal","publisher":{"@id":"https:\/\/automotiverevista.pt\/#organization"},"potentialAction":[{"@type":"SearchAction","target":{"@type":"EntryPoint","urlTemplate":"https:\/\/automotiverevista.pt\/?s={search_term_string}"},"query-input":{"@type":"PropertyValueSpecification","valueRequired":true,"valueName":"search_term_string"}}],"inLanguage":"pt-PT"},{"@type":"Organization","@id":"https:\/\/automotiverevista.pt\/#organization","name":"Revista Automotive Portugal","url":"https:\/\/automotiverevista.pt\/","logo":{"@type":"ImageObject","inLanguage":"pt-PT","@id":"https:\/\/automotiverevista.pt\/#\/schema\/logo\/image\/","url":"https:\/\/automotiverevista.pt\/wp-content\/uploads\/2022\/07\/Logo-Automotive-2021_500-1.jpg","contentUrl":"https:\/\/automotiverevista.pt\/wp-content\/uploads\/2022\/07\/Logo-Automotive-2021_500-1.jpg","width":500,"height":160,"caption":"Revista Automotive Portugal"},"image":{"@id":"https:\/\/automotiverevista.pt\/#\/schema\/logo\/image\/"},"sameAs":["https:\/\/linkedin.com\/in\/automotiverevista"]},{"@type":"Person","@id":"https:\/\/automotiverevista.pt\/#\/schema\/person\/1265858bc8c78a0f969de814da8be281","name":"adminNovo","image":{"@type":"ImageObject","inLanguage":"pt-PT","@id":"https:\/\/secure.gravatar.com\/avatar\/c606c1288dcc11eb4c709aa5136fdb962583c410f5c23c0b7bf6917c542be355?s=96&d=mm&r=g","url":"https:\/\/secure.gravatar.com\/avatar\/c606c1288dcc11eb4c709aa5136fdb962583c410f5c23c0b7bf6917c542be355?s=96&d=mm&r=g","contentUrl":"https:\/\/secure.gravatar.com\/avatar\/c606c1288dcc11eb4c709aa5136fdb962583c410f5c23c0b7bf6917c542be355?s=96&d=mm&r=g","caption":"adminNovo"},"sameAs":["https:\/\/automotiverevista.pt"],"url":"https:\/\/automotiverevista.pt\/index.php\/author\/adminnovo\/"}]}},"_links":{"self":[{"href":"https:\/\/automotiverevista.pt\/index.php\/wp-json\/wp\/v2\/posts\/1553","targetHints":{"allow":["GET"]}}],"collection":[{"href":"https:\/\/automotiverevista.pt\/index.php\/wp-json\/wp\/v2\/posts"}],"about":[{"href":"https:\/\/automotiverevista.pt\/index.php\/wp-json\/wp\/v2\/types\/post"}],"author":[{"embeddable":true,"href":"https:\/\/automotiverevista.pt\/index.php\/wp-json\/wp\/v2\/users\/1"}],"replies":[{"embeddable":true,"href":"https:\/\/automotiverevista.pt\/index.php\/wp-json\/wp\/v2\/comments?post=1553"}],"version-history":[{"count":1,"href":"https:\/\/automotiverevista.pt\/index.php\/wp-json\/wp\/v2\/posts\/1553\/revisions"}],"predecessor-version":[{"id":1555,"href":"https:\/\/automotiverevista.pt\/index.php\/wp-json\/wp\/v2\/posts\/1553\/revisions\/1555"}],"wp:featuredmedia":[{"embeddable":true,"href":"https:\/\/automotiverevista.pt\/index.php\/wp-json\/wp\/v2\/media\/1554"}],"wp:attachment":[{"href":"https:\/\/automotiverevista.pt\/index.php\/wp-json\/wp\/v2\/media?parent=1553"}],"wp:term":[{"taxonomy":"category","embeddable":true,"href":"https:\/\/automotiverevista.pt\/index.php\/wp-json\/wp\/v2\/categories?post=1553"},{"taxonomy":"post_tag","embeddable":true,"href":"https:\/\/automotiverevista.pt\/index.php\/wp-json\/wp\/v2\/tags?post=1553"}],"curies":[{"name":"wp","href":"https:\/\/api.w.org\/{rel}","templated":true}]}}