{"id":1562,"date":"2022-12-05T12:46:53","date_gmt":"2022-12-05T12:46:53","guid":{"rendered":"https:\/\/automotiverevista.pt\/?p=1562"},"modified":"2022-12-05T12:46:55","modified_gmt":"2022-12-05T12:46:55","slug":"delphi-technologies-novo-centro-de-formacao-iberico","status":"publish","type":"post","link":"https:\/\/automotiverevista.pt\/index.php\/2022\/12\/05\/delphi-technologies-novo-centro-de-formacao-iberico\/","title":{"rendered":"<strong>Delphi Technologies \u2013 novo centro de forma\u00e7\u00e3o ib\u00e9rico<\/strong>"},"content":{"rendered":"\n<p>A Revista Automotive esteve presente na inaugura\u00e7\u00e3o do&nbsp;<em>Training Center<\/em>&nbsp;da Delphi em Espanha, onde fomos recebidos por <strong>David Zapata<\/strong>,&nbsp;<em>Country Managing Director Aftermarket Spain &amp; Portugal<\/em>&nbsp;da Delphi Technologies (grupo BorgWarner), e pelos demais membros da sua equipa ib\u00e9rica da qual fazem parte <strong>David Iglesias<\/strong>, <em>Service Operations Manager<\/em>, <strong>S\u00e9rgio Gomes <\/strong><em>Trainer And Equipament Specialist<\/em>, e <strong>Marta Aguilar<\/strong>, respons\u00e1vel de comunica\u00e7\u00e3o (foto).<\/p>\n\n\n\n<p>Investir num novo centro de forma\u00e7\u00e3o ib\u00e9rico \u00e9 essencial para que os profissionais do setor de p\u00f3s-venda de Portugal e Espanha tenham acesso \u00e0s evolu\u00e7\u00f5es da marca Delphi Tecnologies, informa\u00e7\u00f5es t\u00e9cnicas, inova\u00e7\u00f5es e ao desenvolvimento de novos produtos.<\/p>\n\n\n\n<p><strong>David Zapata<\/strong> tamb\u00e9m falou sobre o enquadramento deste novo centro, localizado em San Fernando de Henares (Madrid), no \u00e2mbito da estrat\u00e9gia de desenvolvimento e da nova fase da Delphi Technologies na pen\u00ednsula Ib\u00e9rica.<\/p>\n\n\n\n<figure class=\"wp-block-image size-full\"><img decoding=\"async\" width=\"1000\" height=\"667\" src=\"https:\/\/automotiverevista.pt\/wp-content\/uploads\/2022\/12\/IMG_1910.jpg\" alt=\"\" class=\"wp-image-1564\" srcset=\"https:\/\/automotiverevista.pt\/wp-content\/uploads\/2022\/12\/IMG_1910.jpg 1000w, https:\/\/automotiverevista.pt\/wp-content\/uploads\/2022\/12\/IMG_1910-300x200.jpg 300w, https:\/\/automotiverevista.pt\/wp-content\/uploads\/2022\/12\/IMG_1910-768x512.jpg 768w, https:\/\/automotiverevista.pt\/wp-content\/uploads\/2022\/12\/IMG_1910-750x500.jpg 750w\" sizes=\"(max-width: 1000px) 100vw, 1000px\" \/><\/figure>\n\n\n\n<p><\/p>\n\n\n\n<p>\u201cCom esta nova unidade formativa, queremos dar um melhor suporte t\u00e9cnico aos nossos clientes e rede de distribui\u00e7\u00e3o dos nossos produtos, tendo em conta a r\u00e1pida transforma\u00e7\u00e3o que afeta todo o setor autom\u00f3vel e que exige de todos, fabricantes de pe\u00e7as, distribuidores de pe\u00e7as e sobretudo dos profissionais das empresas de repara\u00e7\u00e3o autom\u00f3vel, mais e melhores conhecimento sobre digitaliza\u00e7\u00e3o, eletrifica\u00e7\u00e3o, ambiente e sustentabilidade.<\/p>\n\n\n\n<p>Para al\u00e9m da necessidade de formar e melhor informar os profissionais do p\u00f3s-venda relativamente aos ve\u00edculos 100% el\u00e9tricos, h\u00edbridos ou plug-in, \u00e9 preciso enquadr\u00e1-los nas tend\u00eancias dos novos combust\u00edveis sint\u00e9ticos e eficientemente mais energ\u00e9ticos e com zero emiss\u00f5es, como \u00e9 o caso dos modelos movidos a pilha de hidrog\u00e9nio, j\u00e1 em utiliza\u00e7\u00e3o tanto em ve\u00edculos ligeiros de passageiros, ve\u00edculos comerciais, e pesados de mercadorias, entre outros.<\/p>\n\n\n\n<p><\/p>\n\n\n\n<figure class=\"wp-block-image size-full\"><img decoding=\"async\" width=\"1000\" height=\"667\" src=\"https:\/\/automotiverevista.pt\/wp-content\/uploads\/2022\/12\/IMG_1900-1.jpg\" alt=\"\" class=\"wp-image-1566\" srcset=\"https:\/\/automotiverevista.pt\/wp-content\/uploads\/2022\/12\/IMG_1900-1.jpg 1000w, https:\/\/automotiverevista.pt\/wp-content\/uploads\/2022\/12\/IMG_1900-1-300x200.jpg 300w, https:\/\/automotiverevista.pt\/wp-content\/uploads\/2022\/12\/IMG_1900-1-768x512.jpg 768w, https:\/\/automotiverevista.pt\/wp-content\/uploads\/2022\/12\/IMG_1900-1-750x500.jpg 750w\" sizes=\"(max-width: 1000px) 100vw, 1000px\" \/><\/figure>\n\n\n\n<p><strong>Rumo \u00e0 eletrifica\u00e7\u00e3o<\/strong><\/p>\n\n\n\n<p>Tanto a marca Delphi Technologies quanto nosso grupo BorgWarner, atrav\u00e9s da aquisi\u00e7\u00e3o da Akasol, est\u00e3o a ampliar o portf\u00f3lio de produtos para os ve\u00edculos el\u00e9tricos, incluindo o desenvolvimento de baterias e arquiteturas de carregamento, o que significa dizer que estamos presentes em todas as etapas da chamada eletro mobilidade, ou seja, como fornecedores de primeiro equipamento e do p\u00f3s-venda, bem como nas estruturas de carregamento para o cliente final.<\/p>\n\n\n\n<p>Este novo centro de forma\u00e7\u00e3o, disp\u00f5e de equipamentos e m\u00e1quinas topo de gama que utilizamos para testar os nossos produtos, alguns modelos autom\u00f3veis modernos, bem como de um laborat\u00f3rio de \u00faltima gera\u00e7\u00e3o e, naturalmente, uma equipa de formadores tendo \u00e0 frente <strong>David Iglesias<\/strong>, nosso diretor t\u00e9cnico. O nosso prop\u00f3sito \u00e9 facultar aos profissionais da mecatr\u00f3nica e aos gestores oficinais, a melhor informa\u00e7\u00e3o no dom\u00ednio dos nossos produtos, aplica\u00e7\u00f5es, ferramentas digitais, m\u00e1quinas de diagn\u00f3sticos, sistemas ADAS, entre outras funcionalidades e solu\u00e7\u00f5es de mobilidade.<\/p>\n\n\n\n<p><\/p>\n\n\n\n<figure class=\"wp-block-image size-full\"><img decoding=\"async\" width=\"1000\" height=\"667\" src=\"https:\/\/automotiverevista.pt\/wp-content\/uploads\/2022\/12\/IMG_1950-1.jpg\" alt=\"\" class=\"wp-image-1568\" srcset=\"https:\/\/automotiverevista.pt\/wp-content\/uploads\/2022\/12\/IMG_1950-1.jpg 1000w, https:\/\/automotiverevista.pt\/wp-content\/uploads\/2022\/12\/IMG_1950-1-300x200.jpg 300w, https:\/\/automotiverevista.pt\/wp-content\/uploads\/2022\/12\/IMG_1950-1-768x512.jpg 768w, https:\/\/automotiverevista.pt\/wp-content\/uploads\/2022\/12\/IMG_1950-1-750x500.jpg 750w\" sizes=\"(max-width: 1000px) 100vw, 1000px\" \/><\/figure>\n\n\n\n<p><strong>Equipa t\u00e9cnica<\/strong><\/p>\n\n\n\n<p>Em paralelo com este novo centro, estamos a lan\u00e7ar uma plataforma de forma\u00e7\u00e3o online, inicialmente em espanhol e, brevemente, em portugu\u00eas. Estas duas estruturas, f\u00edsica e digital, ir\u00e3o trabalhar em simult\u00e2neo, com m\u00f3dulos b\u00e1sicos no e-learning e, m\u00f3dulos mais avan\u00e7ados com presen\u00e7a no nosso centro at\u00e9 porque, devermos tamb\u00e9m dispor de uma bancada de repara\u00e7\u00e3o de injetores j\u00e1 com norma Euro 6, uma inova\u00e7\u00e3o no setor da repara\u00e7\u00e3o.<\/p>\n\n\n\n<p>Tamb\u00e9m ampli\u00e1mos a nossa equipa t\u00e9cnica, com a incorpora\u00e7\u00e3o de <strong>S\u00e9rgio Gomes<\/strong>, um profissional que fala portugu\u00eas e castelhano, sendo especialista em ve\u00edculos el\u00e9tricos.&nbsp; Dispomos de mais t\u00e9cnicos que atuam junto \u00e0s oficinas e fazem demonstra\u00e7\u00f5es dos nossos produtos. Queremos dar um salto em frente em termos de forma\u00e7\u00e3o t\u00e9cnica, indo mais ao detalhe da aplica\u00e7\u00e3o dos nossos produtos com base nas normas e recomenda\u00e7\u00f5es dos fabricantes autom\u00f3veis; as novas tend\u00eancias do setor no \u00e2mbito da mobilidade el\u00e9trica, mas sem descurar da rentabilidade das oficinas e seguran\u00e7a dos seus profissionais.<\/p>\n\n\n\n<p>Em termos de neg\u00f3cios, estamos a registar um crescimento acima do projetado no in\u00edcio do ano, com n\u00edveis diferentes (embora positivos) em Portugal e Espanha. \u00c9 um bom momento do mercado de p\u00f3s-venda e mesmo excluindo os efeitos inflacion\u00e1rios, a Delphi Technologies Ib\u00e9rica est\u00e1 a atravessar uma fase muito positiva nos dois pa\u00edses\u201d, frisou David Zapata \u00e0 Automotive.<\/p>\n\n\n\n<figure class=\"wp-block-image size-full\"><img decoding=\"async\" width=\"1000\" height=\"667\" src=\"https:\/\/automotiverevista.pt\/wp-content\/uploads\/2022\/12\/IMG_1955.jpg\" alt=\"\" class=\"wp-image-1569\" srcset=\"https:\/\/automotiverevista.pt\/wp-content\/uploads\/2022\/12\/IMG_1955.jpg 1000w, https:\/\/automotiverevista.pt\/wp-content\/uploads\/2022\/12\/IMG_1955-300x200.jpg 300w, https:\/\/automotiverevista.pt\/wp-content\/uploads\/2022\/12\/IMG_1955-768x512.jpg 768w, https:\/\/automotiverevista.pt\/wp-content\/uploads\/2022\/12\/IMG_1955-750x500.jpg 750w\" sizes=\"(max-width: 1000px) 100vw, 1000px\" \/><\/figure>\n\n\n\n<p><\/p>\n","protected":false},"excerpt":{"rendered":"<p>A Revista Automotive esteve presente na inaugura\u00e7\u00e3o do&nbsp;Training Center&nbsp;da Delphi em Espanha, onde fomos recebidos por David Zapata,&nbsp;Country Managing Director Aftermarket Spain &amp; Portugal&nbsp;da Delphi Technologies (grupo BorgWarner), e pelos demais membros da sua equipa ib\u00e9rica da qual fazem parte David Iglesias, Service Operations Manager, S\u00e9rgio Gomes Trainer And Equipament Specialist, e Marta Aguilar, respons\u00e1vel [&hellip;]<\/p>\n","protected":false},"author":1,"featured_media":1563,"comment_status":"closed","ping_status":"open","sticky":false,"template":"","format":"standard","meta":{"jnews-multi-image_gallery":[],"jnews_single_post":{"subtitle":"","format":"standard","video":"","gallery":"","source_name":"","source_url":"","via_name":"","via_url":"","override_template":"0","override":[{"template":"2","single_blog_custom":"","parallax":"1","fullscreen":"1","layout":"right-sidebar","sidebar":"default-sidebar","second_sidebar":"default-sidebar","sticky_sidebar":"1","share_position":"topbottom","share_float_style":"share-monocrhome","show_share_counter":"0","show_view_counter":"0","show_featured":"1","show_post_meta":"1","show_post_author":"0","show_post_author_image":"1","show_post_date":"1","post_date_format":"default","post_date_format_custom":"Y\/m\/d","show_post_category":"1","show_post_reading_time":"0","post_reading_time_wpm":"300","show_zoom_button":"0","zoom_button_out_step":"2","zoom_button_in_step":"3","show_post_tag":"1","show_prev_next_post":"0","show_popup_post":"1","number_popup_post":"1","show_author_box":"0","show_post_related":"1","show_inline_post_related":"1"}],"override_image_size":"0","image_override":[{"single_post_thumbnail_size":"crop-500","single_post_gallery_size":"crop-500"}],"trending_post":"0","trending_post_position":"meta","trending_post_label":"Trending","sponsored_post":"0","sponsored_post_label":"Sponsored by","sponsored_post_name":"","sponsored_post_url":"","sponsored_post_logo_enable":"0","sponsored_post_logo":"","sponsored_post_desc":"","disable_ad":"0"},"jnews_primary_category":{"id":"","hide":""},"footnotes":""},"categories":[21],"tags":[],"class_list":["post-1562","post","type-post","status-publish","format-standard","has-post-thumbnail","hentry","category-pos-venda"],"yoast_head":"<!-- This site is optimized with the Yoast SEO Premium plugin v27.5 (Yoast SEO v27.5) - https:\/\/yoast.com\/product\/yoast-seo-premium-wordpress\/ -->\n<title>Delphi Technologies \u2013 novo centro de forma\u00e7\u00e3o ib\u00e9rico - Revista Automotive<\/title>\n<meta name=\"description\" content=\"Delphi Technologies \u2013 novo centro de forma\u00e7\u00e3o ib\u00e9rico e melhor acesso \u00e0 informa\u00e7\u00e3o\" \/>\n<meta name=\"robots\" content=\"index, follow, max-snippet:-1, max-image-preview:large, max-video-preview:-1\" \/>\n<link rel=\"canonical\" href=\"https:\/\/automotiverevista.pt\/index.php\/2022\/12\/05\/delphi-technologies-novo-centro-de-formacao-iberico\/\" \/>\n<meta property=\"og:locale\" content=\"pt_PT\" \/>\n<meta property=\"og:type\" content=\"article\" \/>\n<meta property=\"og:title\" content=\"Delphi Technologies \u2013 novo centro de forma\u00e7\u00e3o ib\u00e9rico\" \/>\n<meta property=\"og:description\" content=\"Delphi Technologies \u2013 novo centro de forma\u00e7\u00e3o ib\u00e9rico e melhor acesso \u00e0 informa\u00e7\u00e3o\" \/>\n<meta property=\"og:url\" content=\"https:\/\/automotiverevista.pt\/index.php\/2022\/12\/05\/delphi-technologies-novo-centro-de-formacao-iberico\/\" \/>\n<meta property=\"og:site_name\" content=\"Revista Automotive\" \/>\n<meta property=\"article:published_time\" content=\"2022-12-05T12:46:53+00:00\" \/>\n<meta property=\"article:modified_time\" content=\"2022-12-05T12:46:55+00:00\" \/>\n<meta property=\"og:image\" content=\"https:\/\/automotiverevista.pt\/wp-content\/uploads\/2022\/12\/IMG_1926.jpg\" \/>\n\t<meta property=\"og:image:width\" content=\"1000\" \/>\n\t<meta property=\"og:image:height\" content=\"541\" \/>\n\t<meta property=\"og:image:type\" content=\"image\/jpeg\" \/>\n<meta name=\"author\" content=\"adminNovo\" \/>\n<meta name=\"twitter:card\" content=\"summary_large_image\" \/>\n<meta name=\"twitter:label1\" content=\"Escrito por\" \/>\n\t<meta name=\"twitter:data1\" content=\"adminNovo\" \/>\n\t<meta name=\"twitter:label2\" content=\"Tempo estimado de leitura\" \/>\n\t<meta name=\"twitter:data2\" content=\"5 minutos\" \/>\n<script type=\"application\/ld+json\" class=\"yoast-schema-graph\">{\"@context\":\"https:\\\/\\\/schema.org\",\"@graph\":[{\"@type\":\"Article\",\"@id\":\"https:\\\/\\\/automotiverevista.pt\\\/index.php\\\/2022\\\/12\\\/05\\\/delphi-technologies-novo-centro-de-formacao-iberico\\\/#article\",\"isPartOf\":{\"@id\":\"https:\\\/\\\/automotiverevista.pt\\\/index.php\\\/2022\\\/12\\\/05\\\/delphi-technologies-novo-centro-de-formacao-iberico\\\/\"},\"author\":{\"name\":\"adminNovo\",\"@id\":\"https:\\\/\\\/automotiverevista.pt\\\/#\\\/schema\\\/person\\\/1265858bc8c78a0f969de814da8be281\"},\"headline\":\"Delphi Technologies \u2013 novo centro de forma\u00e7\u00e3o ib\u00e9rico\",\"datePublished\":\"2022-12-05T12:46:53+00:00\",\"dateModified\":\"2022-12-05T12:46:55+00:00\",\"mainEntityOfPage\":{\"@id\":\"https:\\\/\\\/automotiverevista.pt\\\/index.php\\\/2022\\\/12\\\/05\\\/delphi-technologies-novo-centro-de-formacao-iberico\\\/\"},\"wordCount\":744,\"publisher\":{\"@id\":\"https:\\\/\\\/automotiverevista.pt\\\/#organization\"},\"image\":{\"@id\":\"https:\\\/\\\/automotiverevista.pt\\\/index.php\\\/2022\\\/12\\\/05\\\/delphi-technologies-novo-centro-de-formacao-iberico\\\/#primaryimage\"},\"thumbnailUrl\":\"https:\\\/\\\/automotiverevista.pt\\\/wp-content\\\/uploads\\\/2022\\\/12\\\/IMG_1926.jpg\",\"articleSection\":[\"P\u00f3s-Venda\"],\"inLanguage\":\"pt-PT\"},{\"@type\":\"WebPage\",\"@id\":\"https:\\\/\\\/automotiverevista.pt\\\/index.php\\\/2022\\\/12\\\/05\\\/delphi-technologies-novo-centro-de-formacao-iberico\\\/\",\"url\":\"https:\\\/\\\/automotiverevista.pt\\\/index.php\\\/2022\\\/12\\\/05\\\/delphi-technologies-novo-centro-de-formacao-iberico\\\/\",\"name\":\"Delphi Technologies \u2013 novo centro de forma\u00e7\u00e3o ib\u00e9rico - Revista Automotive\",\"isPartOf\":{\"@id\":\"https:\\\/\\\/automotiverevista.pt\\\/#website\"},\"primaryImageOfPage\":{\"@id\":\"https:\\\/\\\/automotiverevista.pt\\\/index.php\\\/2022\\\/12\\\/05\\\/delphi-technologies-novo-centro-de-formacao-iberico\\\/#primaryimage\"},\"image\":{\"@id\":\"https:\\\/\\\/automotiverevista.pt\\\/index.php\\\/2022\\\/12\\\/05\\\/delphi-technologies-novo-centro-de-formacao-iberico\\\/#primaryimage\"},\"thumbnailUrl\":\"https:\\\/\\\/automotiverevista.pt\\\/wp-content\\\/uploads\\\/2022\\\/12\\\/IMG_1926.jpg\",\"datePublished\":\"2022-12-05T12:46:53+00:00\",\"dateModified\":\"2022-12-05T12:46:55+00:00\",\"description\":\"Delphi Technologies \u2013 novo centro de forma\u00e7\u00e3o ib\u00e9rico e melhor acesso \u00e0 informa\u00e7\u00e3o\",\"breadcrumb\":{\"@id\":\"https:\\\/\\\/automotiverevista.pt\\\/index.php\\\/2022\\\/12\\\/05\\\/delphi-technologies-novo-centro-de-formacao-iberico\\\/#breadcrumb\"},\"inLanguage\":\"pt-PT\",\"potentialAction\":[{\"@type\":\"ReadAction\",\"target\":[\"https:\\\/\\\/automotiverevista.pt\\\/index.php\\\/2022\\\/12\\\/05\\\/delphi-technologies-novo-centro-de-formacao-iberico\\\/\"]}]},{\"@type\":\"ImageObject\",\"inLanguage\":\"pt-PT\",\"@id\":\"https:\\\/\\\/automotiverevista.pt\\\/index.php\\\/2022\\\/12\\\/05\\\/delphi-technologies-novo-centro-de-formacao-iberico\\\/#primaryimage\",\"url\":\"https:\\\/\\\/automotiverevista.pt\\\/wp-content\\\/uploads\\\/2022\\\/12\\\/IMG_1926.jpg\",\"contentUrl\":\"https:\\\/\\\/automotiverevista.pt\\\/wp-content\\\/uploads\\\/2022\\\/12\\\/IMG_1926.jpg\",\"width\":1000,\"height\":541},{\"@type\":\"BreadcrumbList\",\"@id\":\"https:\\\/\\\/automotiverevista.pt\\\/index.php\\\/2022\\\/12\\\/05\\\/delphi-technologies-novo-centro-de-formacao-iberico\\\/#breadcrumb\",\"itemListElement\":[{\"@type\":\"ListItem\",\"position\":1,\"name\":\"Home\",\"item\":\"https:\\\/\\\/automotiverevista.pt\\\/\"},{\"@type\":\"ListItem\",\"position\":2,\"name\":\"Delphi Technologies \u2013 novo centro de forma\u00e7\u00e3o ib\u00e9rico\"}]},{\"@type\":\"WebSite\",\"@id\":\"https:\\\/\\\/automotiverevista.pt\\\/#website\",\"url\":\"https:\\\/\\\/automotiverevista.pt\\\/\",\"name\":\"Revista Automotive\",\"description\":\"Revista Automotive Portugal\",\"publisher\":{\"@id\":\"https:\\\/\\\/automotiverevista.pt\\\/#organization\"},\"potentialAction\":[{\"@type\":\"SearchAction\",\"target\":{\"@type\":\"EntryPoint\",\"urlTemplate\":\"https:\\\/\\\/automotiverevista.pt\\\/?s={search_term_string}\"},\"query-input\":{\"@type\":\"PropertyValueSpecification\",\"valueRequired\":true,\"valueName\":\"search_term_string\"}}],\"inLanguage\":\"pt-PT\"},{\"@type\":\"Organization\",\"@id\":\"https:\\\/\\\/automotiverevista.pt\\\/#organization\",\"name\":\"Revista Automotive Portugal\",\"url\":\"https:\\\/\\\/automotiverevista.pt\\\/\",\"logo\":{\"@type\":\"ImageObject\",\"inLanguage\":\"pt-PT\",\"@id\":\"https:\\\/\\\/automotiverevista.pt\\\/#\\\/schema\\\/logo\\\/image\\\/\",\"url\":\"https:\\\/\\\/automotiverevista.pt\\\/wp-content\\\/uploads\\\/2022\\\/07\\\/Logo-Automotive-2021_500-1.jpg\",\"contentUrl\":\"https:\\\/\\\/automotiverevista.pt\\\/wp-content\\\/uploads\\\/2022\\\/07\\\/Logo-Automotive-2021_500-1.jpg\",\"width\":500,\"height\":160,\"caption\":\"Revista Automotive Portugal\"},\"image\":{\"@id\":\"https:\\\/\\\/automotiverevista.pt\\\/#\\\/schema\\\/logo\\\/image\\\/\"},\"sameAs\":[\"https:\\\/\\\/linkedin.com\\\/in\\\/automotiverevista\"]},{\"@type\":\"Person\",\"@id\":\"https:\\\/\\\/automotiverevista.pt\\\/#\\\/schema\\\/person\\\/1265858bc8c78a0f969de814da8be281\",\"name\":\"adminNovo\",\"image\":{\"@type\":\"ImageObject\",\"inLanguage\":\"pt-PT\",\"@id\":\"https:\\\/\\\/secure.gravatar.com\\\/avatar\\\/c606c1288dcc11eb4c709aa5136fdb962583c410f5c23c0b7bf6917c542be355?s=96&d=mm&r=g\",\"url\":\"https:\\\/\\\/secure.gravatar.com\\\/avatar\\\/c606c1288dcc11eb4c709aa5136fdb962583c410f5c23c0b7bf6917c542be355?s=96&d=mm&r=g\",\"contentUrl\":\"https:\\\/\\\/secure.gravatar.com\\\/avatar\\\/c606c1288dcc11eb4c709aa5136fdb962583c410f5c23c0b7bf6917c542be355?s=96&d=mm&r=g\",\"caption\":\"adminNovo\"},\"sameAs\":[\"https:\\\/\\\/automotiverevista.pt\"],\"url\":\"https:\\\/\\\/automotiverevista.pt\\\/index.php\\\/author\\\/adminnovo\\\/\"}]}<\/script>\n<!-- \/ Yoast SEO Premium plugin. -->","yoast_head_json":{"title":"Delphi Technologies \u2013 novo centro de forma\u00e7\u00e3o ib\u00e9rico - Revista Automotive","description":"Delphi Technologies \u2013 novo centro de forma\u00e7\u00e3o ib\u00e9rico e melhor acesso \u00e0 informa\u00e7\u00e3o","robots":{"index":"index","follow":"follow","max-snippet":"max-snippet:-1","max-image-preview":"max-image-preview:large","max-video-preview":"max-video-preview:-1"},"canonical":"https:\/\/automotiverevista.pt\/index.php\/2022\/12\/05\/delphi-technologies-novo-centro-de-formacao-iberico\/","og_locale":"pt_PT","og_type":"article","og_title":"Delphi Technologies \u2013 novo centro de forma\u00e7\u00e3o ib\u00e9rico","og_description":"Delphi Technologies \u2013 novo centro de forma\u00e7\u00e3o ib\u00e9rico e melhor acesso \u00e0 informa\u00e7\u00e3o","og_url":"https:\/\/automotiverevista.pt\/index.php\/2022\/12\/05\/delphi-technologies-novo-centro-de-formacao-iberico\/","og_site_name":"Revista Automotive","article_published_time":"2022-12-05T12:46:53+00:00","article_modified_time":"2022-12-05T12:46:55+00:00","og_image":[{"width":1000,"height":541,"url":"https:\/\/automotiverevista.pt\/wp-content\/uploads\/2022\/12\/IMG_1926.jpg","type":"image\/jpeg"}],"author":"adminNovo","twitter_card":"summary_large_image","twitter_misc":{"Escrito por":"adminNovo","Tempo estimado de leitura":"5 minutos"},"schema":{"@context":"https:\/\/schema.org","@graph":[{"@type":"Article","@id":"https:\/\/automotiverevista.pt\/index.php\/2022\/12\/05\/delphi-technologies-novo-centro-de-formacao-iberico\/#article","isPartOf":{"@id":"https:\/\/automotiverevista.pt\/index.php\/2022\/12\/05\/delphi-technologies-novo-centro-de-formacao-iberico\/"},"author":{"name":"adminNovo","@id":"https:\/\/automotiverevista.pt\/#\/schema\/person\/1265858bc8c78a0f969de814da8be281"},"headline":"Delphi Technologies \u2013 novo centro de forma\u00e7\u00e3o ib\u00e9rico","datePublished":"2022-12-05T12:46:53+00:00","dateModified":"2022-12-05T12:46:55+00:00","mainEntityOfPage":{"@id":"https:\/\/automotiverevista.pt\/index.php\/2022\/12\/05\/delphi-technologies-novo-centro-de-formacao-iberico\/"},"wordCount":744,"publisher":{"@id":"https:\/\/automotiverevista.pt\/#organization"},"image":{"@id":"https:\/\/automotiverevista.pt\/index.php\/2022\/12\/05\/delphi-technologies-novo-centro-de-formacao-iberico\/#primaryimage"},"thumbnailUrl":"https:\/\/automotiverevista.pt\/wp-content\/uploads\/2022\/12\/IMG_1926.jpg","articleSection":["P\u00f3s-Venda"],"inLanguage":"pt-PT"},{"@type":"WebPage","@id":"https:\/\/automotiverevista.pt\/index.php\/2022\/12\/05\/delphi-technologies-novo-centro-de-formacao-iberico\/","url":"https:\/\/automotiverevista.pt\/index.php\/2022\/12\/05\/delphi-technologies-novo-centro-de-formacao-iberico\/","name":"Delphi Technologies \u2013 novo centro de forma\u00e7\u00e3o ib\u00e9rico - Revista Automotive","isPartOf":{"@id":"https:\/\/automotiverevista.pt\/#website"},"primaryImageOfPage":{"@id":"https:\/\/automotiverevista.pt\/index.php\/2022\/12\/05\/delphi-technologies-novo-centro-de-formacao-iberico\/#primaryimage"},"image":{"@id":"https:\/\/automotiverevista.pt\/index.php\/2022\/12\/05\/delphi-technologies-novo-centro-de-formacao-iberico\/#primaryimage"},"thumbnailUrl":"https:\/\/automotiverevista.pt\/wp-content\/uploads\/2022\/12\/IMG_1926.jpg","datePublished":"2022-12-05T12:46:53+00:00","dateModified":"2022-12-05T12:46:55+00:00","description":"Delphi Technologies \u2013 novo centro de forma\u00e7\u00e3o ib\u00e9rico e melhor acesso \u00e0 informa\u00e7\u00e3o","breadcrumb":{"@id":"https:\/\/automotiverevista.pt\/index.php\/2022\/12\/05\/delphi-technologies-novo-centro-de-formacao-iberico\/#breadcrumb"},"inLanguage":"pt-PT","potentialAction":[{"@type":"ReadAction","target":["https:\/\/automotiverevista.pt\/index.php\/2022\/12\/05\/delphi-technologies-novo-centro-de-formacao-iberico\/"]}]},{"@type":"ImageObject","inLanguage":"pt-PT","@id":"https:\/\/automotiverevista.pt\/index.php\/2022\/12\/05\/delphi-technologies-novo-centro-de-formacao-iberico\/#primaryimage","url":"https:\/\/automotiverevista.pt\/wp-content\/uploads\/2022\/12\/IMG_1926.jpg","contentUrl":"https:\/\/automotiverevista.pt\/wp-content\/uploads\/2022\/12\/IMG_1926.jpg","width":1000,"height":541},{"@type":"BreadcrumbList","@id":"https:\/\/automotiverevista.pt\/index.php\/2022\/12\/05\/delphi-technologies-novo-centro-de-formacao-iberico\/#breadcrumb","itemListElement":[{"@type":"ListItem","position":1,"name":"Home","item":"https:\/\/automotiverevista.pt\/"},{"@type":"ListItem","position":2,"name":"Delphi Technologies \u2013 novo centro de forma\u00e7\u00e3o ib\u00e9rico"}]},{"@type":"WebSite","@id":"https:\/\/automotiverevista.pt\/#website","url":"https:\/\/automotiverevista.pt\/","name":"Revista Automotive","description":"Revista Automotive Portugal","publisher":{"@id":"https:\/\/automotiverevista.pt\/#organization"},"potentialAction":[{"@type":"SearchAction","target":{"@type":"EntryPoint","urlTemplate":"https:\/\/automotiverevista.pt\/?s={search_term_string}"},"query-input":{"@type":"PropertyValueSpecification","valueRequired":true,"valueName":"search_term_string"}}],"inLanguage":"pt-PT"},{"@type":"Organization","@id":"https:\/\/automotiverevista.pt\/#organization","name":"Revista Automotive Portugal","url":"https:\/\/automotiverevista.pt\/","logo":{"@type":"ImageObject","inLanguage":"pt-PT","@id":"https:\/\/automotiverevista.pt\/#\/schema\/logo\/image\/","url":"https:\/\/automotiverevista.pt\/wp-content\/uploads\/2022\/07\/Logo-Automotive-2021_500-1.jpg","contentUrl":"https:\/\/automotiverevista.pt\/wp-content\/uploads\/2022\/07\/Logo-Automotive-2021_500-1.jpg","width":500,"height":160,"caption":"Revista Automotive Portugal"},"image":{"@id":"https:\/\/automotiverevista.pt\/#\/schema\/logo\/image\/"},"sameAs":["https:\/\/linkedin.com\/in\/automotiverevista"]},{"@type":"Person","@id":"https:\/\/automotiverevista.pt\/#\/schema\/person\/1265858bc8c78a0f969de814da8be281","name":"adminNovo","image":{"@type":"ImageObject","inLanguage":"pt-PT","@id":"https:\/\/secure.gravatar.com\/avatar\/c606c1288dcc11eb4c709aa5136fdb962583c410f5c23c0b7bf6917c542be355?s=96&d=mm&r=g","url":"https:\/\/secure.gravatar.com\/avatar\/c606c1288dcc11eb4c709aa5136fdb962583c410f5c23c0b7bf6917c542be355?s=96&d=mm&r=g","contentUrl":"https:\/\/secure.gravatar.com\/avatar\/c606c1288dcc11eb4c709aa5136fdb962583c410f5c23c0b7bf6917c542be355?s=96&d=mm&r=g","caption":"adminNovo"},"sameAs":["https:\/\/automotiverevista.pt"],"url":"https:\/\/automotiverevista.pt\/index.php\/author\/adminnovo\/"}]}},"_links":{"self":[{"href":"https:\/\/automotiverevista.pt\/index.php\/wp-json\/wp\/v2\/posts\/1562","targetHints":{"allow":["GET"]}}],"collection":[{"href":"https:\/\/automotiverevista.pt\/index.php\/wp-json\/wp\/v2\/posts"}],"about":[{"href":"https:\/\/automotiverevista.pt\/index.php\/wp-json\/wp\/v2\/types\/post"}],"author":[{"embeddable":true,"href":"https:\/\/automotiverevista.pt\/index.php\/wp-json\/wp\/v2\/users\/1"}],"replies":[{"embeddable":true,"href":"https:\/\/automotiverevista.pt\/index.php\/wp-json\/wp\/v2\/comments?post=1562"}],"version-history":[{"count":1,"href":"https:\/\/automotiverevista.pt\/index.php\/wp-json\/wp\/v2\/posts\/1562\/revisions"}],"predecessor-version":[{"id":1570,"href":"https:\/\/automotiverevista.pt\/index.php\/wp-json\/wp\/v2\/posts\/1562\/revisions\/1570"}],"wp:featuredmedia":[{"embeddable":true,"href":"https:\/\/automotiverevista.pt\/index.php\/wp-json\/wp\/v2\/media\/1563"}],"wp:attachment":[{"href":"https:\/\/automotiverevista.pt\/index.php\/wp-json\/wp\/v2\/media?parent=1562"}],"wp:term":[{"taxonomy":"category","embeddable":true,"href":"https:\/\/automotiverevista.pt\/index.php\/wp-json\/wp\/v2\/categories?post=1562"},{"taxonomy":"post_tag","embeddable":true,"href":"https:\/\/automotiverevista.pt\/index.php\/wp-json\/wp\/v2\/tags?post=1562"}],"curies":[{"name":"wp","href":"https:\/\/api.w.org\/{rel}","templated":true}]}}