{"id":1615,"date":"2022-12-11T22:56:17","date_gmt":"2022-12-11T22:56:17","guid":{"rendered":"https:\/\/automotiverevista.pt\/?p=1615"},"modified":"2022-12-11T22:56:19","modified_gmt":"2022-12-11T22:56:19","slug":"alecarpecas-adquirida-pelo-fundo-crest-ii","status":"publish","type":"post","link":"https:\/\/automotiverevista.pt\/index.php\/2022\/12\/11\/alecarpecas-adquirida-pelo-fundo-crest-ii\/","title":{"rendered":"<strong>Alecarpe\u00e7as adquirida pelo Fundo Crest II<\/strong>"},"content":{"rendered":"\n<p>N\u00e3o h\u00e1 duas sem tr\u00eas. Depois da Auto Delta e da <a href=\"https:\/\/automotiverevista.pt\/index.php\/2022\/11\/22\/fimag-adquirida-pelo-fundo-crest-ii\/\">Fimag<\/a>, chegou a vez da Alecarpe\u00e7as de ver o controlo exclusivo da empresa ser adquirido pelo Fundo Crest II, um fundo de capital de risco e gest\u00e3o de investimento que tem ampliado a sua presen\u00e7a financeira em empresas familiares nacionais do setor da distribui\u00e7\u00e3o de pe\u00e7as e acess\u00f3rios, segundo anunciou a Autoridade da Concorr\u00eancia.<\/p>\n\n\n\n<p>Para al\u00e9m da singularidade de serem empresas nacionais com gest\u00e3o familiar, as 3 empresas t\u00eam em comum uma hist\u00f3ria de relevo no setor da distribui\u00e7\u00e3o de pe\u00e7as e acess\u00f3rios autom\u00f3veis, tendo realizado importantes investimentos em novas unidades (<a href=\"https:\/\/automotiverevista.pt\/index.php\/2022\/11\/22\/fimag-adquirida-pelo-fundo-crest-ii\/\">Fimag <\/a>e Alecarpe\u00e7as), e de ambas terem anunciado no come\u00e7o deste ano, a cria\u00e7\u00e3o de um grupo nacional de compras denominado <strong>MOTORPARTNER<\/strong>, do qual s\u00e3o tamb\u00e9m acionistas as empresas de pe\u00e7as <strong>A.Vieira e HBC<\/strong>.<\/p>\n\n\n\n<p>No caso da Alecarpe\u00e7as, conv\u00e9m recordar que a empresa comemorou este ano (em julho \u00faltimo), os 40 anos de sua funda\u00e7\u00e3o pelas m\u00e3os Jochen Staedtler, dispondo hoje de unidades na regi\u00e3o do Estoril, Lisboa e na Maia. Por ocasi\u00e3o da efem\u00e9ride, a Alecarpe\u00e7as enalteceu as 4 d\u00e9cadas de exist\u00eancia como sendo \u201cum marco hist\u00f3rico e de enorme responsabilidade de garantir que, no futuro, a empresa esteja preparada para todos os desafios de um mercado cada vez mais competitivo e exigente\u201d. Pertence agora integralmente ao Fundo Crest II.<\/p>\n","protected":false},"excerpt":{"rendered":"<p>N\u00e3o h\u00e1 duas sem tr\u00eas. Depois da Auto Delta e da Fimag, chegou a vez da Alecarpe\u00e7as de ver o controlo exclusivo da empresa ser adquirido pelo Fundo Crest II, um fundo de capital de risco e gest\u00e3o de investimento que tem ampliado a sua presen\u00e7a financeira em empresas familiares nacionais do setor da distribui\u00e7\u00e3o [&hellip;]<\/p>\n","protected":false},"author":1,"featured_media":1616,"comment_status":"closed","ping_status":"open","sticky":false,"template":"","format":"standard","meta":{"jnews-multi-image_gallery":[],"jnews_single_post":{"subtitle":"","format":"standard","video":"","gallery":"","source_name":"","source_url":"","via_name":"","via_url":"","override_template":"0","override":[{"template":"2","single_blog_custom":"","parallax":"1","fullscreen":"1","layout":"right-sidebar","sidebar":"default-sidebar","second_sidebar":"default-sidebar","sticky_sidebar":"1","share_position":"topbottom","share_float_style":"share-monocrhome","show_share_counter":"0","show_view_counter":"0","show_featured":"1","show_post_meta":"1","show_post_author":"0","show_post_author_image":"1","show_post_date":"1","post_date_format":"default","post_date_format_custom":"Y\/m\/d","show_post_category":"1","show_post_reading_time":"0","post_reading_time_wpm":"300","show_zoom_button":"0","zoom_button_out_step":"2","zoom_button_in_step":"3","show_post_tag":"1","show_prev_next_post":"0","show_popup_post":"1","number_popup_post":"1","show_author_box":"0","show_post_related":"1","show_inline_post_related":"1"}],"override_image_size":"0","image_override":[{"single_post_thumbnail_size":"crop-500","single_post_gallery_size":"crop-500"}],"trending_post":"0","trending_post_position":"meta","trending_post_label":"Trending","sponsored_post":"0","sponsored_post_label":"Sponsored by","sponsored_post_name":"","sponsored_post_url":"","sponsored_post_logo_enable":"0","sponsored_post_logo":"","sponsored_post_desc":"","disable_ad":"0"},"jnews_primary_category":{"id":"","hide":""},"footnotes":""},"categories":[21],"tags":[],"class_list":["post-1615","post","type-post","status-publish","format-standard","has-post-thumbnail","hentry","category-pos-venda"],"yoast_head":"<!-- This site is optimized with the Yoast SEO Premium plugin v27.5 (Yoast SEO v27.5) - https:\/\/yoast.com\/product\/yoast-seo-premium-wordpress\/ -->\n<title>Alecarpe\u00e7as adquirida pelo Fundo Crest II - Revista Automotive<\/title>\n<meta name=\"description\" content=\"N\u00e3o h\u00e1 duas sem tr\u00eas. Depois da Auto Delta e da Fimag, chegou a vez da Alecarpe\u00e7as de ver o controlo da ser adquirido pelo Fundo Crest II,\" \/>\n<meta name=\"robots\" content=\"index, follow, max-snippet:-1, max-image-preview:large, max-video-preview:-1\" \/>\n<link rel=\"canonical\" href=\"https:\/\/automotiverevista.pt\/index.php\/2022\/12\/11\/alecarpecas-adquirida-pelo-fundo-crest-ii\/\" \/>\n<meta property=\"og:locale\" content=\"pt_PT\" \/>\n<meta property=\"og:type\" content=\"article\" \/>\n<meta property=\"og:title\" content=\"Alecarpe\u00e7as adquirida pelo Fundo Crest II\" \/>\n<meta property=\"og:description\" content=\"N\u00e3o h\u00e1 duas sem tr\u00eas. Depois da Auto Delta e da Fimag, chegou a vez da Alecarpe\u00e7as de ver o controlo da ser adquirido pelo Fundo Crest II,\" \/>\n<meta property=\"og:url\" content=\"https:\/\/automotiverevista.pt\/index.php\/2022\/12\/11\/alecarpecas-adquirida-pelo-fundo-crest-ii\/\" \/>\n<meta property=\"og:site_name\" content=\"Revista Automotive\" \/>\n<meta property=\"article:published_time\" content=\"2022-12-11T22:56:17+00:00\" \/>\n<meta property=\"article:modified_time\" content=\"2022-12-11T22:56:19+00:00\" \/>\n<meta property=\"og:image\" content=\"https:\/\/automotiverevista.pt\/wp-content\/uploads\/2022\/12\/20220330_173156-768x576-1.jpg\" \/>\n\t<meta property=\"og:image:width\" content=\"768\" \/>\n\t<meta property=\"og:image:height\" content=\"576\" \/>\n\t<meta property=\"og:image:type\" content=\"image\/jpeg\" \/>\n<meta name=\"author\" content=\"adminNovo\" \/>\n<meta name=\"twitter:card\" content=\"summary_large_image\" \/>\n<meta name=\"twitter:label1\" content=\"Escrito por\" \/>\n\t<meta name=\"twitter:data1\" content=\"adminNovo\" \/>\n\t<meta name=\"twitter:label2\" content=\"Tempo estimado de leitura\" \/>\n\t<meta name=\"twitter:data2\" content=\"2 minutos\" \/>\n<script type=\"application\/ld+json\" class=\"yoast-schema-graph\">{\"@context\":\"https:\\\/\\\/schema.org\",\"@graph\":[{\"@type\":\"Article\",\"@id\":\"https:\\\/\\\/automotiverevista.pt\\\/index.php\\\/2022\\\/12\\\/11\\\/alecarpecas-adquirida-pelo-fundo-crest-ii\\\/#article\",\"isPartOf\":{\"@id\":\"https:\\\/\\\/automotiverevista.pt\\\/index.php\\\/2022\\\/12\\\/11\\\/alecarpecas-adquirida-pelo-fundo-crest-ii\\\/\"},\"author\":{\"name\":\"adminNovo\",\"@id\":\"https:\\\/\\\/automotiverevista.pt\\\/#\\\/schema\\\/person\\\/1265858bc8c78a0f969de814da8be281\"},\"headline\":\"Alecarpe\u00e7as adquirida pelo Fundo Crest II\",\"datePublished\":\"2022-12-11T22:56:17+00:00\",\"dateModified\":\"2022-12-11T22:56:19+00:00\",\"mainEntityOfPage\":{\"@id\":\"https:\\\/\\\/automotiverevista.pt\\\/index.php\\\/2022\\\/12\\\/11\\\/alecarpecas-adquirida-pelo-fundo-crest-ii\\\/\"},\"wordCount\":262,\"publisher\":{\"@id\":\"https:\\\/\\\/automotiverevista.pt\\\/#organization\"},\"image\":{\"@id\":\"https:\\\/\\\/automotiverevista.pt\\\/index.php\\\/2022\\\/12\\\/11\\\/alecarpecas-adquirida-pelo-fundo-crest-ii\\\/#primaryimage\"},\"thumbnailUrl\":\"https:\\\/\\\/automotiverevista.pt\\\/wp-content\\\/uploads\\\/2022\\\/12\\\/20220330_173156-768x576-1.jpg\",\"articleSection\":[\"P\u00f3s-Venda\"],\"inLanguage\":\"pt-PT\"},{\"@type\":\"WebPage\",\"@id\":\"https:\\\/\\\/automotiverevista.pt\\\/index.php\\\/2022\\\/12\\\/11\\\/alecarpecas-adquirida-pelo-fundo-crest-ii\\\/\",\"url\":\"https:\\\/\\\/automotiverevista.pt\\\/index.php\\\/2022\\\/12\\\/11\\\/alecarpecas-adquirida-pelo-fundo-crest-ii\\\/\",\"name\":\"Alecarpe\u00e7as adquirida pelo Fundo Crest II - Revista Automotive\",\"isPartOf\":{\"@id\":\"https:\\\/\\\/automotiverevista.pt\\\/#website\"},\"primaryImageOfPage\":{\"@id\":\"https:\\\/\\\/automotiverevista.pt\\\/index.php\\\/2022\\\/12\\\/11\\\/alecarpecas-adquirida-pelo-fundo-crest-ii\\\/#primaryimage\"},\"image\":{\"@id\":\"https:\\\/\\\/automotiverevista.pt\\\/index.php\\\/2022\\\/12\\\/11\\\/alecarpecas-adquirida-pelo-fundo-crest-ii\\\/#primaryimage\"},\"thumbnailUrl\":\"https:\\\/\\\/automotiverevista.pt\\\/wp-content\\\/uploads\\\/2022\\\/12\\\/20220330_173156-768x576-1.jpg\",\"datePublished\":\"2022-12-11T22:56:17+00:00\",\"dateModified\":\"2022-12-11T22:56:19+00:00\",\"description\":\"N\u00e3o h\u00e1 duas sem tr\u00eas. Depois da Auto Delta e da Fimag, chegou a vez da Alecarpe\u00e7as de ver o controlo da ser adquirido pelo Fundo Crest II,\",\"breadcrumb\":{\"@id\":\"https:\\\/\\\/automotiverevista.pt\\\/index.php\\\/2022\\\/12\\\/11\\\/alecarpecas-adquirida-pelo-fundo-crest-ii\\\/#breadcrumb\"},\"inLanguage\":\"pt-PT\",\"potentialAction\":[{\"@type\":\"ReadAction\",\"target\":[\"https:\\\/\\\/automotiverevista.pt\\\/index.php\\\/2022\\\/12\\\/11\\\/alecarpecas-adquirida-pelo-fundo-crest-ii\\\/\"]}]},{\"@type\":\"ImageObject\",\"inLanguage\":\"pt-PT\",\"@id\":\"https:\\\/\\\/automotiverevista.pt\\\/index.php\\\/2022\\\/12\\\/11\\\/alecarpecas-adquirida-pelo-fundo-crest-ii\\\/#primaryimage\",\"url\":\"https:\\\/\\\/automotiverevista.pt\\\/wp-content\\\/uploads\\\/2022\\\/12\\\/20220330_173156-768x576-1.jpg\",\"contentUrl\":\"https:\\\/\\\/automotiverevista.pt\\\/wp-content\\\/uploads\\\/2022\\\/12\\\/20220330_173156-768x576-1.jpg\",\"width\":768,\"height\":576},{\"@type\":\"BreadcrumbList\",\"@id\":\"https:\\\/\\\/automotiverevista.pt\\\/index.php\\\/2022\\\/12\\\/11\\\/alecarpecas-adquirida-pelo-fundo-crest-ii\\\/#breadcrumb\",\"itemListElement\":[{\"@type\":\"ListItem\",\"position\":1,\"name\":\"Home\",\"item\":\"https:\\\/\\\/automotiverevista.pt\\\/\"},{\"@type\":\"ListItem\",\"position\":2,\"name\":\"Alecarpe\u00e7as adquirida pelo Fundo Crest II\"}]},{\"@type\":\"WebSite\",\"@id\":\"https:\\\/\\\/automotiverevista.pt\\\/#website\",\"url\":\"https:\\\/\\\/automotiverevista.pt\\\/\",\"name\":\"Revista Automotive\",\"description\":\"Revista Automotive Portugal\",\"publisher\":{\"@id\":\"https:\\\/\\\/automotiverevista.pt\\\/#organization\"},\"potentialAction\":[{\"@type\":\"SearchAction\",\"target\":{\"@type\":\"EntryPoint\",\"urlTemplate\":\"https:\\\/\\\/automotiverevista.pt\\\/?s={search_term_string}\"},\"query-input\":{\"@type\":\"PropertyValueSpecification\",\"valueRequired\":true,\"valueName\":\"search_term_string\"}}],\"inLanguage\":\"pt-PT\"},{\"@type\":\"Organization\",\"@id\":\"https:\\\/\\\/automotiverevista.pt\\\/#organization\",\"name\":\"Revista Automotive Portugal\",\"url\":\"https:\\\/\\\/automotiverevista.pt\\\/\",\"logo\":{\"@type\":\"ImageObject\",\"inLanguage\":\"pt-PT\",\"@id\":\"https:\\\/\\\/automotiverevista.pt\\\/#\\\/schema\\\/logo\\\/image\\\/\",\"url\":\"https:\\\/\\\/automotiverevista.pt\\\/wp-content\\\/uploads\\\/2022\\\/07\\\/Logo-Automotive-2021_500-1.jpg\",\"contentUrl\":\"https:\\\/\\\/automotiverevista.pt\\\/wp-content\\\/uploads\\\/2022\\\/07\\\/Logo-Automotive-2021_500-1.jpg\",\"width\":500,\"height\":160,\"caption\":\"Revista Automotive Portugal\"},\"image\":{\"@id\":\"https:\\\/\\\/automotiverevista.pt\\\/#\\\/schema\\\/logo\\\/image\\\/\"},\"sameAs\":[\"https:\\\/\\\/linkedin.com\\\/in\\\/automotiverevista\"]},{\"@type\":\"Person\",\"@id\":\"https:\\\/\\\/automotiverevista.pt\\\/#\\\/schema\\\/person\\\/1265858bc8c78a0f969de814da8be281\",\"name\":\"adminNovo\",\"image\":{\"@type\":\"ImageObject\",\"inLanguage\":\"pt-PT\",\"@id\":\"https:\\\/\\\/secure.gravatar.com\\\/avatar\\\/c606c1288dcc11eb4c709aa5136fdb962583c410f5c23c0b7bf6917c542be355?s=96&d=mm&r=g\",\"url\":\"https:\\\/\\\/secure.gravatar.com\\\/avatar\\\/c606c1288dcc11eb4c709aa5136fdb962583c410f5c23c0b7bf6917c542be355?s=96&d=mm&r=g\",\"contentUrl\":\"https:\\\/\\\/secure.gravatar.com\\\/avatar\\\/c606c1288dcc11eb4c709aa5136fdb962583c410f5c23c0b7bf6917c542be355?s=96&d=mm&r=g\",\"caption\":\"adminNovo\"},\"sameAs\":[\"https:\\\/\\\/automotiverevista.pt\"],\"url\":\"https:\\\/\\\/automotiverevista.pt\\\/index.php\\\/author\\\/adminnovo\\\/\"}]}<\/script>\n<!-- \/ Yoast SEO Premium plugin. -->","yoast_head_json":{"title":"Alecarpe\u00e7as adquirida pelo Fundo Crest II - Revista Automotive","description":"N\u00e3o h\u00e1 duas sem tr\u00eas. Depois da Auto Delta e da Fimag, chegou a vez da Alecarpe\u00e7as de ver o controlo da ser adquirido pelo Fundo Crest II,","robots":{"index":"index","follow":"follow","max-snippet":"max-snippet:-1","max-image-preview":"max-image-preview:large","max-video-preview":"max-video-preview:-1"},"canonical":"https:\/\/automotiverevista.pt\/index.php\/2022\/12\/11\/alecarpecas-adquirida-pelo-fundo-crest-ii\/","og_locale":"pt_PT","og_type":"article","og_title":"Alecarpe\u00e7as adquirida pelo Fundo Crest II","og_description":"N\u00e3o h\u00e1 duas sem tr\u00eas. Depois da Auto Delta e da Fimag, chegou a vez da Alecarpe\u00e7as de ver o controlo da ser adquirido pelo Fundo Crest II,","og_url":"https:\/\/automotiverevista.pt\/index.php\/2022\/12\/11\/alecarpecas-adquirida-pelo-fundo-crest-ii\/","og_site_name":"Revista Automotive","article_published_time":"2022-12-11T22:56:17+00:00","article_modified_time":"2022-12-11T22:56:19+00:00","og_image":[{"width":768,"height":576,"url":"https:\/\/automotiverevista.pt\/wp-content\/uploads\/2022\/12\/20220330_173156-768x576-1.jpg","type":"image\/jpeg"}],"author":"adminNovo","twitter_card":"summary_large_image","twitter_misc":{"Escrito por":"adminNovo","Tempo estimado de leitura":"2 minutos"},"schema":{"@context":"https:\/\/schema.org","@graph":[{"@type":"Article","@id":"https:\/\/automotiverevista.pt\/index.php\/2022\/12\/11\/alecarpecas-adquirida-pelo-fundo-crest-ii\/#article","isPartOf":{"@id":"https:\/\/automotiverevista.pt\/index.php\/2022\/12\/11\/alecarpecas-adquirida-pelo-fundo-crest-ii\/"},"author":{"name":"adminNovo","@id":"https:\/\/automotiverevista.pt\/#\/schema\/person\/1265858bc8c78a0f969de814da8be281"},"headline":"Alecarpe\u00e7as adquirida pelo Fundo Crest II","datePublished":"2022-12-11T22:56:17+00:00","dateModified":"2022-12-11T22:56:19+00:00","mainEntityOfPage":{"@id":"https:\/\/automotiverevista.pt\/index.php\/2022\/12\/11\/alecarpecas-adquirida-pelo-fundo-crest-ii\/"},"wordCount":262,"publisher":{"@id":"https:\/\/automotiverevista.pt\/#organization"},"image":{"@id":"https:\/\/automotiverevista.pt\/index.php\/2022\/12\/11\/alecarpecas-adquirida-pelo-fundo-crest-ii\/#primaryimage"},"thumbnailUrl":"https:\/\/automotiverevista.pt\/wp-content\/uploads\/2022\/12\/20220330_173156-768x576-1.jpg","articleSection":["P\u00f3s-Venda"],"inLanguage":"pt-PT"},{"@type":"WebPage","@id":"https:\/\/automotiverevista.pt\/index.php\/2022\/12\/11\/alecarpecas-adquirida-pelo-fundo-crest-ii\/","url":"https:\/\/automotiverevista.pt\/index.php\/2022\/12\/11\/alecarpecas-adquirida-pelo-fundo-crest-ii\/","name":"Alecarpe\u00e7as adquirida pelo Fundo Crest II - Revista Automotive","isPartOf":{"@id":"https:\/\/automotiverevista.pt\/#website"},"primaryImageOfPage":{"@id":"https:\/\/automotiverevista.pt\/index.php\/2022\/12\/11\/alecarpecas-adquirida-pelo-fundo-crest-ii\/#primaryimage"},"image":{"@id":"https:\/\/automotiverevista.pt\/index.php\/2022\/12\/11\/alecarpecas-adquirida-pelo-fundo-crest-ii\/#primaryimage"},"thumbnailUrl":"https:\/\/automotiverevista.pt\/wp-content\/uploads\/2022\/12\/20220330_173156-768x576-1.jpg","datePublished":"2022-12-11T22:56:17+00:00","dateModified":"2022-12-11T22:56:19+00:00","description":"N\u00e3o h\u00e1 duas sem tr\u00eas. Depois da Auto Delta e da Fimag, chegou a vez da Alecarpe\u00e7as de ver o controlo da ser adquirido pelo Fundo Crest II,","breadcrumb":{"@id":"https:\/\/automotiverevista.pt\/index.php\/2022\/12\/11\/alecarpecas-adquirida-pelo-fundo-crest-ii\/#breadcrumb"},"inLanguage":"pt-PT","potentialAction":[{"@type":"ReadAction","target":["https:\/\/automotiverevista.pt\/index.php\/2022\/12\/11\/alecarpecas-adquirida-pelo-fundo-crest-ii\/"]}]},{"@type":"ImageObject","inLanguage":"pt-PT","@id":"https:\/\/automotiverevista.pt\/index.php\/2022\/12\/11\/alecarpecas-adquirida-pelo-fundo-crest-ii\/#primaryimage","url":"https:\/\/automotiverevista.pt\/wp-content\/uploads\/2022\/12\/20220330_173156-768x576-1.jpg","contentUrl":"https:\/\/automotiverevista.pt\/wp-content\/uploads\/2022\/12\/20220330_173156-768x576-1.jpg","width":768,"height":576},{"@type":"BreadcrumbList","@id":"https:\/\/automotiverevista.pt\/index.php\/2022\/12\/11\/alecarpecas-adquirida-pelo-fundo-crest-ii\/#breadcrumb","itemListElement":[{"@type":"ListItem","position":1,"name":"Home","item":"https:\/\/automotiverevista.pt\/"},{"@type":"ListItem","position":2,"name":"Alecarpe\u00e7as adquirida pelo Fundo Crest II"}]},{"@type":"WebSite","@id":"https:\/\/automotiverevista.pt\/#website","url":"https:\/\/automotiverevista.pt\/","name":"Revista Automotive","description":"Revista Automotive Portugal","publisher":{"@id":"https:\/\/automotiverevista.pt\/#organization"},"potentialAction":[{"@type":"SearchAction","target":{"@type":"EntryPoint","urlTemplate":"https:\/\/automotiverevista.pt\/?s={search_term_string}"},"query-input":{"@type":"PropertyValueSpecification","valueRequired":true,"valueName":"search_term_string"}}],"inLanguage":"pt-PT"},{"@type":"Organization","@id":"https:\/\/automotiverevista.pt\/#organization","name":"Revista Automotive Portugal","url":"https:\/\/automotiverevista.pt\/","logo":{"@type":"ImageObject","inLanguage":"pt-PT","@id":"https:\/\/automotiverevista.pt\/#\/schema\/logo\/image\/","url":"https:\/\/automotiverevista.pt\/wp-content\/uploads\/2022\/07\/Logo-Automotive-2021_500-1.jpg","contentUrl":"https:\/\/automotiverevista.pt\/wp-content\/uploads\/2022\/07\/Logo-Automotive-2021_500-1.jpg","width":500,"height":160,"caption":"Revista Automotive Portugal"},"image":{"@id":"https:\/\/automotiverevista.pt\/#\/schema\/logo\/image\/"},"sameAs":["https:\/\/linkedin.com\/in\/automotiverevista"]},{"@type":"Person","@id":"https:\/\/automotiverevista.pt\/#\/schema\/person\/1265858bc8c78a0f969de814da8be281","name":"adminNovo","image":{"@type":"ImageObject","inLanguage":"pt-PT","@id":"https:\/\/secure.gravatar.com\/avatar\/c606c1288dcc11eb4c709aa5136fdb962583c410f5c23c0b7bf6917c542be355?s=96&d=mm&r=g","url":"https:\/\/secure.gravatar.com\/avatar\/c606c1288dcc11eb4c709aa5136fdb962583c410f5c23c0b7bf6917c542be355?s=96&d=mm&r=g","contentUrl":"https:\/\/secure.gravatar.com\/avatar\/c606c1288dcc11eb4c709aa5136fdb962583c410f5c23c0b7bf6917c542be355?s=96&d=mm&r=g","caption":"adminNovo"},"sameAs":["https:\/\/automotiverevista.pt"],"url":"https:\/\/automotiverevista.pt\/index.php\/author\/adminnovo\/"}]}},"_links":{"self":[{"href":"https:\/\/automotiverevista.pt\/index.php\/wp-json\/wp\/v2\/posts\/1615","targetHints":{"allow":["GET"]}}],"collection":[{"href":"https:\/\/automotiverevista.pt\/index.php\/wp-json\/wp\/v2\/posts"}],"about":[{"href":"https:\/\/automotiverevista.pt\/index.php\/wp-json\/wp\/v2\/types\/post"}],"author":[{"embeddable":true,"href":"https:\/\/automotiverevista.pt\/index.php\/wp-json\/wp\/v2\/users\/1"}],"replies":[{"embeddable":true,"href":"https:\/\/automotiverevista.pt\/index.php\/wp-json\/wp\/v2\/comments?post=1615"}],"version-history":[{"count":3,"href":"https:\/\/automotiverevista.pt\/index.php\/wp-json\/wp\/v2\/posts\/1615\/revisions"}],"predecessor-version":[{"id":1619,"href":"https:\/\/automotiverevista.pt\/index.php\/wp-json\/wp\/v2\/posts\/1615\/revisions\/1619"}],"wp:featuredmedia":[{"embeddable":true,"href":"https:\/\/automotiverevista.pt\/index.php\/wp-json\/wp\/v2\/media\/1616"}],"wp:attachment":[{"href":"https:\/\/automotiverevista.pt\/index.php\/wp-json\/wp\/v2\/media?parent=1615"}],"wp:term":[{"taxonomy":"category","embeddable":true,"href":"https:\/\/automotiverevista.pt\/index.php\/wp-json\/wp\/v2\/categories?post=1615"},{"taxonomy":"post_tag","embeddable":true,"href":"https:\/\/automotiverevista.pt\/index.php\/wp-json\/wp\/v2\/tags?post=1615"}],"curies":[{"name":"wp","href":"https:\/\/api.w.org\/{rel}","templated":true}]}}