{"id":1626,"date":"2022-12-15T09:02:31","date_gmt":"2022-12-15T09:02:31","guid":{"rendered":"https:\/\/automotiverevista.pt\/?p=1626"},"modified":"2022-12-15T09:02:32","modified_gmt":"2022-12-15T09:02:32","slug":"fiaa-madrid-menos-expositores-e-mais-novidades","status":"publish","type":"post","link":"https:\/\/automotiverevista.pt\/index.php\/2022\/12\/15\/fiaa-madrid-menos-expositores-e-mais-novidades\/","title":{"rendered":"<strong>FIAA Madrid &#8211; menos expositores e mais novidades<\/strong>"},"content":{"rendered":"\n<p>O sal\u00e3o FIAA Madrid de autocarros deste ano, esteve aqu\u00e9m das expectativas. A aus\u00eancia dos carro\u00e7adores, principalmente os espanh\u00f3is (Beulas, Sunsundegui, entre outros) diminuiu a atratividade da exposi\u00e7\u00e3o realizado no Ifema. Em todo o caso, marcas como a Iveco, VDL, Mercedes-Benz, Solaris e Ebusco trouxeram algum brilho ao evento, que esteve bem preenchido com algumas marcas turcas: Karsan, Otokar, BMC e Andadolu Isuzu.<\/p>\n\n\n\n<p>A <strong>VDL Bus&amp;Coach Ib\u00e9ria,<\/strong> liderada por Hector Rodriguez (foto), exibiu o seu porta-estandarte: o VDL Futura HD. Al\u00e9m deste autocarro, com um interior de luxo e apenas tr\u00eas filas de bancos (foto abaixo), a VDL apresentou o potencial do conceito Rentalbus. Este servi\u00e7o permite aos transportadores alugarem por per\u00edodos curtos de longa dura\u00e7\u00e3o, os autocarros de turismo da marca VDL, para fazerem face \u00e0 escassez de autocarros novos que se regista no mercado.<\/p>\n\n\n\n<p><\/p>\n\n\n\n<figure class=\"wp-block-image size-full\"><img decoding=\"async\" width=\"889\" height=\"667\" src=\"https:\/\/automotiverevista.pt\/wp-content\/uploads\/2022\/12\/20221018_141712.jpg\" alt=\"\" class=\"wp-image-1629\" srcset=\"https:\/\/automotiverevista.pt\/wp-content\/uploads\/2022\/12\/20221018_141712.jpg 889w, https:\/\/automotiverevista.pt\/wp-content\/uploads\/2022\/12\/20221018_141712-300x225.jpg 300w, https:\/\/automotiverevista.pt\/wp-content\/uploads\/2022\/12\/20221018_141712-768x576.jpg 768w, https:\/\/automotiverevista.pt\/wp-content\/uploads\/2022\/12\/20221018_141712-750x563.jpg 750w\" sizes=\"(max-width: 889px) 100vw, 889px\" \/><\/figure>\n\n\n\n<p><strong>Mercedes-Benz<\/strong><\/p>\n\n\n\n<p>A Mercedes-Benz, denominada <strong>Evobus SAL<\/strong> e presidida ibericamente por <strong>Alejandro Alcalde Echevarria<\/strong>, foi a marca que mais novidades levou ao FIAA. A come\u00e7ar pelo novo Chassi OC 500 dispon\u00edvel para os carro\u00e7adores, com o sistema de travagem de emerg\u00eancia Active Brake Assist 5, o assistente de curva Sideguard Assist, entre outros sistemas de seguran\u00e7a. Not\u00e1vel \u00e9 a redu\u00e7\u00e3o consider\u00e1vel no consumo de combust\u00edvel alcan\u00e7ada com uma nova arquitetura de chassis e integra\u00e7\u00e3o de motor.<\/p>\n\n\n\n<figure class=\"wp-block-image size-full\"><img decoding=\"async\" width=\"889\" height=\"667\" src=\"https:\/\/automotiverevista.pt\/wp-content\/uploads\/2022\/12\/20221018_142751.jpg\" alt=\"\" class=\"wp-image-1630\" srcset=\"https:\/\/automotiverevista.pt\/wp-content\/uploads\/2022\/12\/20221018_142751.jpg 889w, https:\/\/automotiverevista.pt\/wp-content\/uploads\/2022\/12\/20221018_142751-300x225.jpg 300w, https:\/\/automotiverevista.pt\/wp-content\/uploads\/2022\/12\/20221018_142751-768x576.jpg 768w, https:\/\/automotiverevista.pt\/wp-content\/uploads\/2022\/12\/20221018_142751-750x563.jpg 750w\" sizes=\"(max-width: 889px) 100vw, 889px\" \/><\/figure>\n\n\n\n<p>J\u00e1 o modelo Mercedes-Benz eCitaro vem agora equipado com baterias NMC3, uma nova gera\u00e7\u00e3o de baterias de alto desempenho. Disp\u00f5e de maior capacidade, o que permite aumentar a autonomia, sem a necessidade de carregamento intermedi\u00e1rio. No \u00e2mbito da eletrifica\u00e7\u00e3o, a marca apresentou tamb\u00e9m o Intouro h\u00edbrido. O novo h\u00edbrido Intouro n\u00e3o \u00e9 apenas adequado para o transporte de linhas suburbanas, mas tamb\u00e9m para muitas outras aplica\u00e7\u00f5es, como transporte escolar, viagens de curta dura\u00e7\u00e3o ou excurs\u00f5es nos grandes centros.<\/p>\n\n\n\n<p><\/p>\n\n\n\n<figure class=\"wp-block-image size-full\"><img decoding=\"async\" width=\"889\" height=\"667\" src=\"https:\/\/automotiverevista.pt\/wp-content\/uploads\/2022\/12\/20221018_172609-1.jpg\" alt=\"\" class=\"wp-image-1633\" srcset=\"https:\/\/automotiverevista.pt\/wp-content\/uploads\/2022\/12\/20221018_172609-1.jpg 889w, https:\/\/automotiverevista.pt\/wp-content\/uploads\/2022\/12\/20221018_172609-1-300x225.jpg 300w, https:\/\/automotiverevista.pt\/wp-content\/uploads\/2022\/12\/20221018_172609-1-768x576.jpg 768w, https:\/\/automotiverevista.pt\/wp-content\/uploads\/2022\/12\/20221018_172609-1-750x563.jpg 750w\" sizes=\"(max-width: 889px) 100vw, 889px\" \/><\/figure>\n\n\n\n<p>No topo das novidades da Daimler Bus, est\u00e1 a nova gera\u00e7\u00e3o <strong>Setra TopClass<\/strong> e <strong>ComfortClass <\/strong>que incorpora sistemas ainda mais abrangentes de assist\u00eancia e seguran\u00e7a, bem como grandes mudan\u00e7as em termos de desempenho, conforto e design.<\/p>\n\n\n\n<p><\/p>\n\n\n\n<figure class=\"wp-block-image size-full\"><img decoding=\"async\" width=\"889\" height=\"405\" src=\"https:\/\/automotiverevista.pt\/wp-content\/uploads\/2022\/12\/20221018_143243.jpg\" alt=\"\" class=\"wp-image-1634\" srcset=\"https:\/\/automotiverevista.pt\/wp-content\/uploads\/2022\/12\/20221018_143243.jpg 889w, https:\/\/automotiverevista.pt\/wp-content\/uploads\/2022\/12\/20221018_143243-300x137.jpg 300w, https:\/\/automotiverevista.pt\/wp-content\/uploads\/2022\/12\/20221018_143243-768x350.jpg 768w, https:\/\/automotiverevista.pt\/wp-content\/uploads\/2022\/12\/20221018_143243-750x342.jpg 750w\" sizes=\"(max-width: 889px) 100vw, 889px\" \/><\/figure>\n\n\n\n<p><strong>Iveco<\/strong><\/p>\n\n\n\n<p>A Iveco Bus, tendo no comando ib\u00e9rico <strong>Fabrizio Toscano<\/strong>, apresentou as capacidades do novo modelo <strong>Crossway Low Entry<\/strong> com motoriza\u00e7\u00e3o h\u00edbrida. O Crossway h\u00edbrido tem 12 metros de comprimento, est\u00e1 equipado com 43 bancos, e tem uma capacidade m\u00e1xima de 71 passageiros. A eletrifica\u00e7\u00e3o tamb\u00e9m esteve presente na Iveco, com o seu modelo eWay 100% el\u00e9trico. Fabrizio Toscano, entregou um pr\u00e9mio \u00e0 Empresa Municipal de Transportes (EMT) de\u00a0Madrid, por terem completado 75 anos de exist\u00eancia, mantendo-se sempre fi\u00e9is aos autocarros da marca Iveco.<\/p>\n\n\n\n<p><\/p>\n\n\n\n<figure class=\"wp-block-image size-full\"><img decoding=\"async\" width=\"889\" height=\"667\" src=\"https:\/\/automotiverevista.pt\/wp-content\/uploads\/2022\/12\/20221018_111338.jpg\" alt=\"\" class=\"wp-image-1635\" srcset=\"https:\/\/automotiverevista.pt\/wp-content\/uploads\/2022\/12\/20221018_111338.jpg 889w, https:\/\/automotiverevista.pt\/wp-content\/uploads\/2022\/12\/20221018_111338-300x225.jpg 300w, https:\/\/automotiverevista.pt\/wp-content\/uploads\/2022\/12\/20221018_111338-768x576.jpg 768w, https:\/\/automotiverevista.pt\/wp-content\/uploads\/2022\/12\/20221018_111338-750x563.jpg 750w\" sizes=\"(max-width: 889px) 100vw, 889px\" \/><\/figure>\n\n\n\n<p><\/p>\n\n\n\n<p><\/p>\n\n\n\n<figure class=\"wp-block-image size-full\"><img decoding=\"async\" width=\"889\" height=\"433\" src=\"https:\/\/automotiverevista.pt\/wp-content\/uploads\/2022\/12\/20221018_110001.jpg\" alt=\"\" class=\"wp-image-1636\" srcset=\"https:\/\/automotiverevista.pt\/wp-content\/uploads\/2022\/12\/20221018_110001.jpg 889w, https:\/\/automotiverevista.pt\/wp-content\/uploads\/2022\/12\/20221018_110001-300x146.jpg 300w, https:\/\/automotiverevista.pt\/wp-content\/uploads\/2022\/12\/20221018_110001-768x374.jpg 768w, https:\/\/automotiverevista.pt\/wp-content\/uploads\/2022\/12\/20221018_110001-750x365.jpg 750w\" sizes=\"(max-width: 889px) 100vw, 889px\" \/><\/figure>\n","protected":false},"excerpt":{"rendered":"<p>O sal\u00e3o FIAA Madrid de autocarros deste ano, esteve aqu\u00e9m das expectativas. A aus\u00eancia dos carro\u00e7adores, principalmente os espanh\u00f3is (Beulas, Sunsundegui, entre outros) diminuiu a atratividade da exposi\u00e7\u00e3o realizado no Ifema. Em todo o caso, marcas como a Iveco, VDL, Mercedes-Benz, Solaris e Ebusco trouxeram algum brilho ao evento, que esteve bem preenchido com algumas [&hellip;]<\/p>\n","protected":false},"author":1,"featured_media":1627,"comment_status":"closed","ping_status":"open","sticky":false,"template":"","format":"standard","meta":{"jnews-multi-image_gallery":[],"jnews_single_post":{"subtitle":"","format":"standard","video":"","gallery":"","source_name":"","source_url":"","via_name":"","via_url":"","override_template":"0","override":[{"template":"2","single_blog_custom":"","parallax":"1","fullscreen":"1","layout":"right-sidebar","sidebar":"default-sidebar","second_sidebar":"default-sidebar","sticky_sidebar":"1","share_position":"topbottom","share_float_style":"share-monocrhome","show_share_counter":"0","show_view_counter":"0","show_featured":"1","show_post_meta":"1","show_post_author":"0","show_post_author_image":"1","show_post_date":"1","post_date_format":"default","post_date_format_custom":"Y\/m\/d","show_post_category":"1","show_post_reading_time":"0","post_reading_time_wpm":"300","show_zoom_button":"0","zoom_button_out_step":"2","zoom_button_in_step":"3","show_post_tag":"1","show_prev_next_post":"0","show_popup_post":"1","number_popup_post":"1","show_author_box":"0","show_post_related":"1","show_inline_post_related":"1"}],"override_image_size":"0","image_override":[{"single_post_thumbnail_size":"crop-500","single_post_gallery_size":"crop-500"}],"trending_post":"0","trending_post_position":"meta","trending_post_label":"Trending","sponsored_post":"0","sponsored_post_label":"Sponsored by","sponsored_post_name":"","sponsored_post_url":"","sponsored_post_logo_enable":"0","sponsored_post_logo":"","sponsored_post_desc":"","disable_ad":"0"},"jnews_primary_category":{"id":"","hide":""},"footnotes":""},"categories":[25],"tags":[],"class_list":["post-1626","post","type-post","status-publish","format-standard","has-post-thumbnail","hentry","category-pesados-e-maquinas"],"yoast_head":"<!-- This site is optimized with the Yoast SEO Premium plugin v27.5 (Yoast SEO v27.5) - https:\/\/yoast.com\/product\/yoast-seo-premium-wordpress\/ -->\n<title>FIAA Madrid - menos expositores e mais novidades - Revista Automotive<\/title>\n<meta name=\"description\" content=\"O sal\u00e3o FIAA Madrid de autocarros deste ano, esteve aqu\u00e9m das expectativas. A aus\u00eancia dos carro\u00e7adores, principalmente os espanh\u00f3is\" \/>\n<meta name=\"robots\" content=\"index, follow, max-snippet:-1, max-image-preview:large, max-video-preview:-1\" \/>\n<link rel=\"canonical\" href=\"https:\/\/automotiverevista.pt\/index.php\/2022\/12\/15\/fiaa-madrid-menos-expositores-e-mais-novidades\/\" \/>\n<meta property=\"og:locale\" content=\"pt_PT\" \/>\n<meta property=\"og:type\" content=\"article\" \/>\n<meta property=\"og:title\" content=\"FIAA Madrid - menos expositores e mais novidades\" \/>\n<meta property=\"og:description\" content=\"O sal\u00e3o FIAA Madrid de autocarros deste ano, esteve aqu\u00e9m das expectativas. A aus\u00eancia dos carro\u00e7adores, principalmente os espanh\u00f3is\" \/>\n<meta property=\"og:url\" content=\"https:\/\/automotiverevista.pt\/index.php\/2022\/12\/15\/fiaa-madrid-menos-expositores-e-mais-novidades\/\" \/>\n<meta property=\"og:site_name\" content=\"Revista Automotive\" \/>\n<meta property=\"article:published_time\" content=\"2022-12-15T09:02:31+00:00\" \/>\n<meta property=\"article:modified_time\" content=\"2022-12-15T09:02:32+00:00\" \/>\n<meta property=\"og:image\" content=\"https:\/\/automotiverevista.pt\/wp-content\/uploads\/2022\/12\/20221019_131841.jpg\" \/>\n\t<meta property=\"og:image:width\" content=\"889\" \/>\n\t<meta property=\"og:image:height\" content=\"667\" \/>\n\t<meta property=\"og:image:type\" content=\"image\/jpeg\" \/>\n<meta name=\"author\" content=\"adminNovo\" \/>\n<meta name=\"twitter:card\" content=\"summary_large_image\" \/>\n<meta name=\"twitter:label1\" content=\"Escrito por\" \/>\n\t<meta name=\"twitter:data1\" content=\"adminNovo\" \/>\n\t<meta name=\"twitter:label2\" content=\"Tempo estimado de leitura\" \/>\n\t<meta name=\"twitter:data2\" content=\"4 minutos\" \/>\n<script type=\"application\/ld+json\" class=\"yoast-schema-graph\">{\"@context\":\"https:\\\/\\\/schema.org\",\"@graph\":[{\"@type\":\"Article\",\"@id\":\"https:\\\/\\\/automotiverevista.pt\\\/index.php\\\/2022\\\/12\\\/15\\\/fiaa-madrid-menos-expositores-e-mais-novidades\\\/#article\",\"isPartOf\":{\"@id\":\"https:\\\/\\\/automotiverevista.pt\\\/index.php\\\/2022\\\/12\\\/15\\\/fiaa-madrid-menos-expositores-e-mais-novidades\\\/\"},\"author\":{\"name\":\"adminNovo\",\"@id\":\"https:\\\/\\\/automotiverevista.pt\\\/#\\\/schema\\\/person\\\/1265858bc8c78a0f969de814da8be281\"},\"headline\":\"FIAA Madrid &#8211; menos expositores e mais novidades\",\"datePublished\":\"2022-12-15T09:02:31+00:00\",\"dateModified\":\"2022-12-15T09:02:32+00:00\",\"mainEntityOfPage\":{\"@id\":\"https:\\\/\\\/automotiverevista.pt\\\/index.php\\\/2022\\\/12\\\/15\\\/fiaa-madrid-menos-expositores-e-mais-novidades\\\/\"},\"wordCount\":459,\"publisher\":{\"@id\":\"https:\\\/\\\/automotiverevista.pt\\\/#organization\"},\"image\":{\"@id\":\"https:\\\/\\\/automotiverevista.pt\\\/index.php\\\/2022\\\/12\\\/15\\\/fiaa-madrid-menos-expositores-e-mais-novidades\\\/#primaryimage\"},\"thumbnailUrl\":\"https:\\\/\\\/automotiverevista.pt\\\/wp-content\\\/uploads\\\/2022\\\/12\\\/20221019_131841.jpg\",\"articleSection\":[\"Pesados e M\u00e1quinas\"],\"inLanguage\":\"pt-PT\"},{\"@type\":\"WebPage\",\"@id\":\"https:\\\/\\\/automotiverevista.pt\\\/index.php\\\/2022\\\/12\\\/15\\\/fiaa-madrid-menos-expositores-e-mais-novidades\\\/\",\"url\":\"https:\\\/\\\/automotiverevista.pt\\\/index.php\\\/2022\\\/12\\\/15\\\/fiaa-madrid-menos-expositores-e-mais-novidades\\\/\",\"name\":\"FIAA Madrid - menos expositores e mais novidades - Revista Automotive\",\"isPartOf\":{\"@id\":\"https:\\\/\\\/automotiverevista.pt\\\/#website\"},\"primaryImageOfPage\":{\"@id\":\"https:\\\/\\\/automotiverevista.pt\\\/index.php\\\/2022\\\/12\\\/15\\\/fiaa-madrid-menos-expositores-e-mais-novidades\\\/#primaryimage\"},\"image\":{\"@id\":\"https:\\\/\\\/automotiverevista.pt\\\/index.php\\\/2022\\\/12\\\/15\\\/fiaa-madrid-menos-expositores-e-mais-novidades\\\/#primaryimage\"},\"thumbnailUrl\":\"https:\\\/\\\/automotiverevista.pt\\\/wp-content\\\/uploads\\\/2022\\\/12\\\/20221019_131841.jpg\",\"datePublished\":\"2022-12-15T09:02:31+00:00\",\"dateModified\":\"2022-12-15T09:02:32+00:00\",\"description\":\"O sal\u00e3o FIAA Madrid de autocarros deste ano, esteve aqu\u00e9m das expectativas. A aus\u00eancia dos carro\u00e7adores, principalmente os espanh\u00f3is\",\"breadcrumb\":{\"@id\":\"https:\\\/\\\/automotiverevista.pt\\\/index.php\\\/2022\\\/12\\\/15\\\/fiaa-madrid-menos-expositores-e-mais-novidades\\\/#breadcrumb\"},\"inLanguage\":\"pt-PT\",\"potentialAction\":[{\"@type\":\"ReadAction\",\"target\":[\"https:\\\/\\\/automotiverevista.pt\\\/index.php\\\/2022\\\/12\\\/15\\\/fiaa-madrid-menos-expositores-e-mais-novidades\\\/\"]}]},{\"@type\":\"ImageObject\",\"inLanguage\":\"pt-PT\",\"@id\":\"https:\\\/\\\/automotiverevista.pt\\\/index.php\\\/2022\\\/12\\\/15\\\/fiaa-madrid-menos-expositores-e-mais-novidades\\\/#primaryimage\",\"url\":\"https:\\\/\\\/automotiverevista.pt\\\/wp-content\\\/uploads\\\/2022\\\/12\\\/20221019_131841.jpg\",\"contentUrl\":\"https:\\\/\\\/automotiverevista.pt\\\/wp-content\\\/uploads\\\/2022\\\/12\\\/20221019_131841.jpg\",\"width\":889,\"height\":667},{\"@type\":\"BreadcrumbList\",\"@id\":\"https:\\\/\\\/automotiverevista.pt\\\/index.php\\\/2022\\\/12\\\/15\\\/fiaa-madrid-menos-expositores-e-mais-novidades\\\/#breadcrumb\",\"itemListElement\":[{\"@type\":\"ListItem\",\"position\":1,\"name\":\"Home\",\"item\":\"https:\\\/\\\/automotiverevista.pt\\\/\"},{\"@type\":\"ListItem\",\"position\":2,\"name\":\"FIAA Madrid &#8211; menos expositores e mais novidades\"}]},{\"@type\":\"WebSite\",\"@id\":\"https:\\\/\\\/automotiverevista.pt\\\/#website\",\"url\":\"https:\\\/\\\/automotiverevista.pt\\\/\",\"name\":\"Revista Automotive\",\"description\":\"Revista Automotive Portugal\",\"publisher\":{\"@id\":\"https:\\\/\\\/automotiverevista.pt\\\/#organization\"},\"potentialAction\":[{\"@type\":\"SearchAction\",\"target\":{\"@type\":\"EntryPoint\",\"urlTemplate\":\"https:\\\/\\\/automotiverevista.pt\\\/?s={search_term_string}\"},\"query-input\":{\"@type\":\"PropertyValueSpecification\",\"valueRequired\":true,\"valueName\":\"search_term_string\"}}],\"inLanguage\":\"pt-PT\"},{\"@type\":\"Organization\",\"@id\":\"https:\\\/\\\/automotiverevista.pt\\\/#organization\",\"name\":\"Revista Automotive Portugal\",\"url\":\"https:\\\/\\\/automotiverevista.pt\\\/\",\"logo\":{\"@type\":\"ImageObject\",\"inLanguage\":\"pt-PT\",\"@id\":\"https:\\\/\\\/automotiverevista.pt\\\/#\\\/schema\\\/logo\\\/image\\\/\",\"url\":\"https:\\\/\\\/automotiverevista.pt\\\/wp-content\\\/uploads\\\/2022\\\/07\\\/Logo-Automotive-2021_500-1.jpg\",\"contentUrl\":\"https:\\\/\\\/automotiverevista.pt\\\/wp-content\\\/uploads\\\/2022\\\/07\\\/Logo-Automotive-2021_500-1.jpg\",\"width\":500,\"height\":160,\"caption\":\"Revista Automotive Portugal\"},\"image\":{\"@id\":\"https:\\\/\\\/automotiverevista.pt\\\/#\\\/schema\\\/logo\\\/image\\\/\"},\"sameAs\":[\"https:\\\/\\\/linkedin.com\\\/in\\\/automotiverevista\"]},{\"@type\":\"Person\",\"@id\":\"https:\\\/\\\/automotiverevista.pt\\\/#\\\/schema\\\/person\\\/1265858bc8c78a0f969de814da8be281\",\"name\":\"adminNovo\",\"image\":{\"@type\":\"ImageObject\",\"inLanguage\":\"pt-PT\",\"@id\":\"https:\\\/\\\/secure.gravatar.com\\\/avatar\\\/c606c1288dcc11eb4c709aa5136fdb962583c410f5c23c0b7bf6917c542be355?s=96&d=mm&r=g\",\"url\":\"https:\\\/\\\/secure.gravatar.com\\\/avatar\\\/c606c1288dcc11eb4c709aa5136fdb962583c410f5c23c0b7bf6917c542be355?s=96&d=mm&r=g\",\"contentUrl\":\"https:\\\/\\\/secure.gravatar.com\\\/avatar\\\/c606c1288dcc11eb4c709aa5136fdb962583c410f5c23c0b7bf6917c542be355?s=96&d=mm&r=g\",\"caption\":\"adminNovo\"},\"sameAs\":[\"https:\\\/\\\/automotiverevista.pt\"],\"url\":\"https:\\\/\\\/automotiverevista.pt\\\/index.php\\\/author\\\/adminnovo\\\/\"}]}<\/script>\n<!-- \/ Yoast SEO Premium plugin. -->","yoast_head_json":{"title":"FIAA Madrid - menos expositores e mais novidades - Revista Automotive","description":"O sal\u00e3o FIAA Madrid de autocarros deste ano, esteve aqu\u00e9m das expectativas. A aus\u00eancia dos carro\u00e7adores, principalmente os espanh\u00f3is","robots":{"index":"index","follow":"follow","max-snippet":"max-snippet:-1","max-image-preview":"max-image-preview:large","max-video-preview":"max-video-preview:-1"},"canonical":"https:\/\/automotiverevista.pt\/index.php\/2022\/12\/15\/fiaa-madrid-menos-expositores-e-mais-novidades\/","og_locale":"pt_PT","og_type":"article","og_title":"FIAA Madrid - menos expositores e mais novidades","og_description":"O sal\u00e3o FIAA Madrid de autocarros deste ano, esteve aqu\u00e9m das expectativas. A aus\u00eancia dos carro\u00e7adores, principalmente os espanh\u00f3is","og_url":"https:\/\/automotiverevista.pt\/index.php\/2022\/12\/15\/fiaa-madrid-menos-expositores-e-mais-novidades\/","og_site_name":"Revista Automotive","article_published_time":"2022-12-15T09:02:31+00:00","article_modified_time":"2022-12-15T09:02:32+00:00","og_image":[{"width":889,"height":667,"url":"https:\/\/automotiverevista.pt\/wp-content\/uploads\/2022\/12\/20221019_131841.jpg","type":"image\/jpeg"}],"author":"adminNovo","twitter_card":"summary_large_image","twitter_misc":{"Escrito por":"adminNovo","Tempo estimado de leitura":"4 minutos"},"schema":{"@context":"https:\/\/schema.org","@graph":[{"@type":"Article","@id":"https:\/\/automotiverevista.pt\/index.php\/2022\/12\/15\/fiaa-madrid-menos-expositores-e-mais-novidades\/#article","isPartOf":{"@id":"https:\/\/automotiverevista.pt\/index.php\/2022\/12\/15\/fiaa-madrid-menos-expositores-e-mais-novidades\/"},"author":{"name":"adminNovo","@id":"https:\/\/automotiverevista.pt\/#\/schema\/person\/1265858bc8c78a0f969de814da8be281"},"headline":"FIAA Madrid &#8211; menos expositores e mais novidades","datePublished":"2022-12-15T09:02:31+00:00","dateModified":"2022-12-15T09:02:32+00:00","mainEntityOfPage":{"@id":"https:\/\/automotiverevista.pt\/index.php\/2022\/12\/15\/fiaa-madrid-menos-expositores-e-mais-novidades\/"},"wordCount":459,"publisher":{"@id":"https:\/\/automotiverevista.pt\/#organization"},"image":{"@id":"https:\/\/automotiverevista.pt\/index.php\/2022\/12\/15\/fiaa-madrid-menos-expositores-e-mais-novidades\/#primaryimage"},"thumbnailUrl":"https:\/\/automotiverevista.pt\/wp-content\/uploads\/2022\/12\/20221019_131841.jpg","articleSection":["Pesados e M\u00e1quinas"],"inLanguage":"pt-PT"},{"@type":"WebPage","@id":"https:\/\/automotiverevista.pt\/index.php\/2022\/12\/15\/fiaa-madrid-menos-expositores-e-mais-novidades\/","url":"https:\/\/automotiverevista.pt\/index.php\/2022\/12\/15\/fiaa-madrid-menos-expositores-e-mais-novidades\/","name":"FIAA Madrid - menos expositores e mais novidades - Revista Automotive","isPartOf":{"@id":"https:\/\/automotiverevista.pt\/#website"},"primaryImageOfPage":{"@id":"https:\/\/automotiverevista.pt\/index.php\/2022\/12\/15\/fiaa-madrid-menos-expositores-e-mais-novidades\/#primaryimage"},"image":{"@id":"https:\/\/automotiverevista.pt\/index.php\/2022\/12\/15\/fiaa-madrid-menos-expositores-e-mais-novidades\/#primaryimage"},"thumbnailUrl":"https:\/\/automotiverevista.pt\/wp-content\/uploads\/2022\/12\/20221019_131841.jpg","datePublished":"2022-12-15T09:02:31+00:00","dateModified":"2022-12-15T09:02:32+00:00","description":"O sal\u00e3o FIAA Madrid de autocarros deste ano, esteve aqu\u00e9m das expectativas. A aus\u00eancia dos carro\u00e7adores, principalmente os espanh\u00f3is","breadcrumb":{"@id":"https:\/\/automotiverevista.pt\/index.php\/2022\/12\/15\/fiaa-madrid-menos-expositores-e-mais-novidades\/#breadcrumb"},"inLanguage":"pt-PT","potentialAction":[{"@type":"ReadAction","target":["https:\/\/automotiverevista.pt\/index.php\/2022\/12\/15\/fiaa-madrid-menos-expositores-e-mais-novidades\/"]}]},{"@type":"ImageObject","inLanguage":"pt-PT","@id":"https:\/\/automotiverevista.pt\/index.php\/2022\/12\/15\/fiaa-madrid-menos-expositores-e-mais-novidades\/#primaryimage","url":"https:\/\/automotiverevista.pt\/wp-content\/uploads\/2022\/12\/20221019_131841.jpg","contentUrl":"https:\/\/automotiverevista.pt\/wp-content\/uploads\/2022\/12\/20221019_131841.jpg","width":889,"height":667},{"@type":"BreadcrumbList","@id":"https:\/\/automotiverevista.pt\/index.php\/2022\/12\/15\/fiaa-madrid-menos-expositores-e-mais-novidades\/#breadcrumb","itemListElement":[{"@type":"ListItem","position":1,"name":"Home","item":"https:\/\/automotiverevista.pt\/"},{"@type":"ListItem","position":2,"name":"FIAA Madrid &#8211; menos expositores e mais novidades"}]},{"@type":"WebSite","@id":"https:\/\/automotiverevista.pt\/#website","url":"https:\/\/automotiverevista.pt\/","name":"Revista Automotive","description":"Revista Automotive Portugal","publisher":{"@id":"https:\/\/automotiverevista.pt\/#organization"},"potentialAction":[{"@type":"SearchAction","target":{"@type":"EntryPoint","urlTemplate":"https:\/\/automotiverevista.pt\/?s={search_term_string}"},"query-input":{"@type":"PropertyValueSpecification","valueRequired":true,"valueName":"search_term_string"}}],"inLanguage":"pt-PT"},{"@type":"Organization","@id":"https:\/\/automotiverevista.pt\/#organization","name":"Revista Automotive Portugal","url":"https:\/\/automotiverevista.pt\/","logo":{"@type":"ImageObject","inLanguage":"pt-PT","@id":"https:\/\/automotiverevista.pt\/#\/schema\/logo\/image\/","url":"https:\/\/automotiverevista.pt\/wp-content\/uploads\/2022\/07\/Logo-Automotive-2021_500-1.jpg","contentUrl":"https:\/\/automotiverevista.pt\/wp-content\/uploads\/2022\/07\/Logo-Automotive-2021_500-1.jpg","width":500,"height":160,"caption":"Revista Automotive Portugal"},"image":{"@id":"https:\/\/automotiverevista.pt\/#\/schema\/logo\/image\/"},"sameAs":["https:\/\/linkedin.com\/in\/automotiverevista"]},{"@type":"Person","@id":"https:\/\/automotiverevista.pt\/#\/schema\/person\/1265858bc8c78a0f969de814da8be281","name":"adminNovo","image":{"@type":"ImageObject","inLanguage":"pt-PT","@id":"https:\/\/secure.gravatar.com\/avatar\/c606c1288dcc11eb4c709aa5136fdb962583c410f5c23c0b7bf6917c542be355?s=96&d=mm&r=g","url":"https:\/\/secure.gravatar.com\/avatar\/c606c1288dcc11eb4c709aa5136fdb962583c410f5c23c0b7bf6917c542be355?s=96&d=mm&r=g","contentUrl":"https:\/\/secure.gravatar.com\/avatar\/c606c1288dcc11eb4c709aa5136fdb962583c410f5c23c0b7bf6917c542be355?s=96&d=mm&r=g","caption":"adminNovo"},"sameAs":["https:\/\/automotiverevista.pt"],"url":"https:\/\/automotiverevista.pt\/index.php\/author\/adminnovo\/"}]}},"_links":{"self":[{"href":"https:\/\/automotiverevista.pt\/index.php\/wp-json\/wp\/v2\/posts\/1626","targetHints":{"allow":["GET"]}}],"collection":[{"href":"https:\/\/automotiverevista.pt\/index.php\/wp-json\/wp\/v2\/posts"}],"about":[{"href":"https:\/\/automotiverevista.pt\/index.php\/wp-json\/wp\/v2\/types\/post"}],"author":[{"embeddable":true,"href":"https:\/\/automotiverevista.pt\/index.php\/wp-json\/wp\/v2\/users\/1"}],"replies":[{"embeddable":true,"href":"https:\/\/automotiverevista.pt\/index.php\/wp-json\/wp\/v2\/comments?post=1626"}],"version-history":[{"count":2,"href":"https:\/\/automotiverevista.pt\/index.php\/wp-json\/wp\/v2\/posts\/1626\/revisions"}],"predecessor-version":[{"id":1637,"href":"https:\/\/automotiverevista.pt\/index.php\/wp-json\/wp\/v2\/posts\/1626\/revisions\/1637"}],"wp:featuredmedia":[{"embeddable":true,"href":"https:\/\/automotiverevista.pt\/index.php\/wp-json\/wp\/v2\/media\/1627"}],"wp:attachment":[{"href":"https:\/\/automotiverevista.pt\/index.php\/wp-json\/wp\/v2\/media?parent=1626"}],"wp:term":[{"taxonomy":"category","embeddable":true,"href":"https:\/\/automotiverevista.pt\/index.php\/wp-json\/wp\/v2\/categories?post=1626"},{"taxonomy":"post_tag","embeddable":true,"href":"https:\/\/automotiverevista.pt\/index.php\/wp-json\/wp\/v2\/tags?post=1626"}],"curies":[{"name":"wp","href":"https:\/\/api.w.org\/{rel}","templated":true}]}}