{"id":1645,"date":"2022-12-19T11:04:12","date_gmt":"2022-12-19T11:04:12","guid":{"rendered":"https:\/\/automotiverevista.pt\/?p=1645"},"modified":"2022-12-19T11:04:15","modified_gmt":"2022-12-19T11:04:15","slug":"suzuki-com-gama-e-rede-prontas-para-abordar-frotas","status":"publish","type":"post","link":"https:\/\/automotiverevista.pt\/index.php\/2022\/12\/19\/suzuki-com-gama-e-rede-prontas-para-abordar-frotas\/","title":{"rendered":"<strong>Suzuki \u2013 com gama e rede prontas para abordar frotas<\/strong>"},"content":{"rendered":"\n<p>No \u00e2mbito de uma iniciativa dedicada \u00e0s frotas e Rent-a-Car (RAC), a Suzuki Motor Portugal reuniu um seletivo grupo de gestores para dar a conhecer o seu atual posicionamento no mercado nacional, bem como o desenvolvimento da sua rede, n\u00famero de vendas e, sobretudo, a sua gama atualizada de modelos, estando assim tecnicamente preparada para aumentar a sua quota de vendas ao mercado empresarial.<\/p>\n\n\n\n<p><strong>Ana Guerreiro<\/strong>, respons\u00e1vel de vendas e marketing da marca em Portugal, destacou no encontro a evolu\u00e7\u00e3o dos modelos: desde o pequeno <a href=\"https:\/\/www.youtube.com\/watch?v=zjNmrVtRoCk\">Ignis<\/a>, passando pelo Swift, o ic\u00f3nico <a href=\"https:\/\/youtu.be\/5DlBSO2jTBI\">Vitara<\/a>, o novo S-Cross, o Jimny Pro, bem como os modelos Swace e ACross, frutos da parceria estabelecida com o grupo Toyota e que vieram dar ainda mais valor de mercado \u00e0 gama Suzuki.<\/p>\n\n\n\n<p>\u201cA marca est\u00e1 a consolidar a sua rede de concession\u00e1rios em Portugal, contando agora com o concession\u00e1rio Univex em Lisboa, que tem um grande historial no retalho autom\u00f3vel com outras importantes marcas. \u00c9 um parceiro comercial que certamente ir\u00e1 dinamizar as vendas dos nossos modelos nos pr\u00f3ximos meses, sobretudo no canal empresarial, onde a equipa da Univex conta com uma larga experi\u00eancia.<\/p>\n\n\n\n<figure class=\"wp-block-image size-full\"><img decoding=\"async\" width=\"889\" height=\"667\" src=\"https:\/\/automotiverevista.pt\/wp-content\/uploads\/2022\/12\/20221020_105423.jpg\" alt=\"\" class=\"wp-image-1648\" srcset=\"https:\/\/automotiverevista.pt\/wp-content\/uploads\/2022\/12\/20221020_105423.jpg 889w, https:\/\/automotiverevista.pt\/wp-content\/uploads\/2022\/12\/20221020_105423-300x225.jpg 300w, https:\/\/automotiverevista.pt\/wp-content\/uploads\/2022\/12\/20221020_105423-768x576.jpg 768w, https:\/\/automotiverevista.pt\/wp-content\/uploads\/2022\/12\/20221020_105423-750x563.jpg 750w\" sizes=\"(max-width: 889px) 100vw, 889px\" \/><\/figure>\n\n\n\n<p><\/p>\n\n\n\n<p><strong>Alvo, frotas!<\/strong><\/p>\n\n\n\n<p>Queremos recuperar um certo atraso nas vendas ao cliente empresarial, ou seja, frotas e RAC entre outros, visto que em Portugal as vendas de ve\u00edculos ligeiros para este canal representam mais de 80% de todo o mercado e, somente, 20% das vendas para os particulares. De forma inversa, a marca Suzuki tem apenas 20% das suas vendas de ve\u00edculos novos no canal empresarial e 80% no canal particular. Estimamos crescer este ano cerca de 45%, face ao ano de 2021.<\/p>\n\n\n\n<p>Isto significa dizer que temos um longo caminho pela frente, mas o nosso ponto de partida \u00e9 muito positivo. N\u00e3o apenas pela boa imagem da marca Suzuki, reputa\u00e7\u00e3o e fiabilidade dos seus modelos, bem como o alargamento da gama, a hibridiza\u00e7\u00e3o dos seus modelos e um bom valor de mercado, tendo em conta que o n\u00famero de ve\u00edculos usados \u00e0 venda da nossa marca em Portugal, \u00e9 bastante reduzido, pois quem tem um autom\u00f3vel da nossa marca, n\u00e3o quer se desfazer dele\u201d, destacou Ana Guerreiro no encontro.<\/p>\n\n\n\n<p>Da iniciativa, participaram gestores de topo de diferentes frotas e empresas de RAC, com a presen\u00e7a de <strong>Juan Carlos Ruano<\/strong>, respons\u00e1vel pelo desenvolvimento de rede da marca, bem como <strong>Pilar Enjuto<\/strong>, respons\u00e1vel de marketing da Suzuki Ib\u00e9rica (foto principal).<\/p>\n\n\n\n<p><\/p>\n\n\n\n<figure class=\"wp-block-image size-full is-resized\"><img decoding=\"async\" src=\"https:\/\/automotiverevista.pt\/wp-content\/uploads\/2022\/12\/20221020_103845-Copia.jpg\" alt=\"\" class=\"wp-image-1649\" width=\"662\" height=\"497\" srcset=\"https:\/\/automotiverevista.pt\/wp-content\/uploads\/2022\/12\/20221020_103845-Copia.jpg 889w, https:\/\/automotiverevista.pt\/wp-content\/uploads\/2022\/12\/20221020_103845-Copia-300x225.jpg 300w, https:\/\/automotiverevista.pt\/wp-content\/uploads\/2022\/12\/20221020_103845-Copia-768x576.jpg 768w, https:\/\/automotiverevista.pt\/wp-content\/uploads\/2022\/12\/20221020_103845-Copia-750x563.jpg 750w\" sizes=\"(max-width: 662px) 100vw, 662px\" \/><\/figure>\n\n\n\n<p><strong>Vendas ib\u00e9ricas<\/strong><\/p>\n\n\n\n<p>Por sua vez, <a href=\"https:\/\/automotiverevista.pt\/index.php\/2020\/11\/11\/suzuki-vence-premio-dinamica-2020\/\"><strong>Juan Lope Frade<\/strong>,<\/a> presidente da Suzuki Motor Ib\u00e9rica, em entrevista \u00e0 Revista Automotive revelou que \u201cem termos de pen\u00ednsula ib\u00e9rica, registamos uma queda de vendas da marca em Espanha, por compara\u00e7\u00e3o com o mesmo per\u00edodo de 2021 sendo que, em Portugal, estamos a registar um crescimento de vendas da Suzuki. Naturalmente a falta de ve\u00edculos novos est\u00e1 a afetar todos os mercados, mas sobretudo a Espanha, pelo facto do plano de recupera\u00e7\u00e3o econ\u00f3mica estabelecido pelo Governo espanhol, n\u00e3o estar a conseguir incrementar as vendas de ve\u00edculos novos.<\/p>\n\n\n\n<p>A nossa marca sofreu muito com o fornecimento de componentes decorrentes das restri\u00e7\u00f5es da pandemia, mesmo neste ano de 2022, como \u00e9 o caso por exemplo da f\u00e1brica de componentes da Suzuki, localizada na Mal\u00e1sia, que esteve fechada por quase 3 meses, afetando toda a cadeia de fornecimentos de componentes das demais f\u00e1bricas da Suzuki.<\/p>\n\n\n\n<p>Apesar destes contratempos, alguns modelos da marca est\u00e3o a ter um desempenho de vendas acima do esperado em Espanha, como \u00e9 o caso concreto do modelo Swace, com uma grande procura por parte das plataformas de ve\u00edculos utilizados nas atividades TVDE. O mesmo se passa com o modelo ACross, com boa procura pelos clientes em geral, nos dois pa\u00edses, apesar de ser um modelo com pre\u00e7os acima dos 56 mil euros, algo nunca antes registado na rede de concession\u00e1rios da Suzuki.<\/p>\n\n\n\n<figure class=\"wp-block-image size-full\"><img decoding=\"async\" width=\"889\" height=\"667\" src=\"https:\/\/automotiverevista.pt\/wp-content\/uploads\/2022\/12\/20221020_102422.jpg\" alt=\"\" class=\"wp-image-1650\" srcset=\"https:\/\/automotiverevista.pt\/wp-content\/uploads\/2022\/12\/20221020_102422.jpg 889w, https:\/\/automotiverevista.pt\/wp-content\/uploads\/2022\/12\/20221020_102422-300x225.jpg 300w, https:\/\/automotiverevista.pt\/wp-content\/uploads\/2022\/12\/20221020_102422-768x576.jpg 768w, https:\/\/automotiverevista.pt\/wp-content\/uploads\/2022\/12\/20221020_102422-750x563.jpg 750w\" sizes=\"(max-width: 889px) 100vw, 889px\" \/><\/figure>\n\n\n\n<p><\/p>\n\n\n\n<p><strong>Ampliar vendas<\/strong><\/p>\n\n\n\n<p>Especificamente no mercado portugu\u00eas, o modelo SCross tem tido uma aceita\u00e7\u00e3o muito positiva junto aos clientes, representando cerca de 23% de todas as vendas de ve\u00edculos novos da nossa marca Portugal. Tamb\u00e9m o modelo Swift regista vendas s\u00f3lidas, contribuindo para os nossos n\u00fameros totais. No entanto, o nosso objetivo para 2023 ser\u00e1 o de consolidar as vendas destes dois modelos e tamb\u00e9m ampliar a nossa quota de mercado, com base nos demais modelos da nossa gama, sobretudo do Swace e o SCross.<\/p>\n\n\n\n<p>Para tanto, o nosso alvo para o pr\u00f3ximo ano ser\u00e1 o mercado empresarial, pois sabemos que temos modelos competitivos para utiliza\u00e7\u00e3o nas frotas, RAC e plataformas TVDE. A entrada da Univex na rede de concession\u00e1rios da nossa marca, deu um contributo muito importante para as nossas vendas nesta segunda metade do ano, e ampliou a base de assist\u00eancia t\u00e9cnica aos nossos clientes. Atualmente, a Univex j\u00e1 \u00e9 a melhor concess\u00e3o tem termos de vendas da nossa marca em Portugal e tem potencial para fazer ainda mais\u201d, destacou Juan Lopez Frade.<\/p>\n\n\n\n<p><\/p>\n\n\n\n<figure class=\"wp-block-image size-full\"><img decoding=\"async\" width=\"889\" height=\"552\" src=\"https:\/\/automotiverevista.pt\/wp-content\/uploads\/2022\/12\/20221020_102405.jpg\" alt=\"\" class=\"wp-image-1651\" srcset=\"https:\/\/automotiverevista.pt\/wp-content\/uploads\/2022\/12\/20221020_102405.jpg 889w, https:\/\/automotiverevista.pt\/wp-content\/uploads\/2022\/12\/20221020_102405-300x186.jpg 300w, https:\/\/automotiverevista.pt\/wp-content\/uploads\/2022\/12\/20221020_102405-768x477.jpg 768w, https:\/\/automotiverevista.pt\/wp-content\/uploads\/2022\/12\/20221020_102405-750x466.jpg 750w\" sizes=\"(max-width: 889px) 100vw, 889px\" \/><\/figure>\n","protected":false},"excerpt":{"rendered":"<p>No \u00e2mbito de uma iniciativa dedicada \u00e0s frotas e Rent-a-Car (RAC), a Suzuki Motor Portugal reuniu um seletivo grupo de gestores para dar a conhecer o seu atual posicionamento no mercado nacional, bem como o desenvolvimento da sua rede, n\u00famero de vendas e, sobretudo, a sua gama atualizada de modelos, estando assim tecnicamente preparada para [&hellip;]<\/p>\n","protected":false},"author":1,"featured_media":1646,"comment_status":"closed","ping_status":"open","sticky":false,"template":"","format":"standard","meta":{"jnews-multi-image_gallery":[],"jnews_single_post":{"subtitle":"","format":"standard","video":"","gallery":"","source_name":"","source_url":"","via_name":"","via_url":"","override_template":"0","override":[{"template":"2","single_blog_custom":"","parallax":"1","fullscreen":"1","layout":"right-sidebar","sidebar":"default-sidebar","second_sidebar":"default-sidebar","sticky_sidebar":"1","share_position":"topbottom","share_float_style":"share-monocrhome","show_share_counter":"0","show_view_counter":"0","show_featured":"1","show_post_meta":"1","show_post_author":"0","show_post_author_image":"1","show_post_date":"1","post_date_format":"default","post_date_format_custom":"Y\/m\/d","show_post_category":"1","show_post_reading_time":"0","post_reading_time_wpm":"300","show_zoom_button":"0","zoom_button_out_step":"2","zoom_button_in_step":"3","show_post_tag":"1","show_prev_next_post":"0","show_popup_post":"1","number_popup_post":"1","show_author_box":"0","show_post_related":"1","show_inline_post_related":"1"}],"override_image_size":"0","image_override":[{"single_post_thumbnail_size":"crop-500","single_post_gallery_size":"crop-500"}],"trending_post":"0","trending_post_position":"meta","trending_post_label":"Trending","sponsored_post":"0","sponsored_post_label":"Sponsored by","sponsored_post_name":"","sponsored_post_url":"","sponsored_post_logo_enable":"0","sponsored_post_logo":"","sponsored_post_desc":"","disable_ad":"0"},"jnews_primary_category":{"id":"","hide":""},"footnotes":""},"categories":[23],"tags":[],"class_list":["post-1645","post","type-post","status-publish","format-standard","has-post-thumbnail","hentry","category-frotas"],"yoast_head":"<!-- This site is optimized with the Yoast SEO Premium plugin v27.5 (Yoast SEO v27.5) - https:\/\/yoast.com\/product\/yoast-seo-premium-wordpress\/ -->\n<title>Suzuki \u2013 com gama e rede prontas para abordar frotas - Revista Automotive<\/title>\n<meta name=\"description\" content=\"Suzuki Motor Portugal reuniu um seletivo grupo de gestores de frota para dar a conhecer o seu atual posicionamento no mercado nacional,\" \/>\n<meta name=\"robots\" content=\"index, follow, max-snippet:-1, max-image-preview:large, max-video-preview:-1\" \/>\n<link rel=\"canonical\" href=\"https:\/\/automotiverevista.pt\/index.php\/2022\/12\/19\/suzuki-com-gama-e-rede-prontas-para-abordar-frotas\/\" \/>\n<meta property=\"og:locale\" content=\"pt_PT\" \/>\n<meta property=\"og:type\" content=\"article\" \/>\n<meta property=\"og:title\" content=\"Suzuki \u2013 com gama e rede prontas para abordar frotas\" \/>\n<meta property=\"og:description\" content=\"Suzuki Motor Portugal reuniu um seletivo grupo de gestores de frota para dar a conhecer o seu atual posicionamento no mercado nacional,\" \/>\n<meta property=\"og:url\" content=\"https:\/\/automotiverevista.pt\/index.php\/2022\/12\/19\/suzuki-com-gama-e-rede-prontas-para-abordar-frotas\/\" \/>\n<meta property=\"og:site_name\" content=\"Revista Automotive\" \/>\n<meta property=\"article:published_time\" content=\"2022-12-19T11:04:12+00:00\" \/>\n<meta property=\"article:modified_time\" content=\"2022-12-19T11:04:15+00:00\" \/>\n<meta property=\"og:image\" content=\"https:\/\/automotiverevista.pt\/wp-content\/uploads\/2022\/12\/20221020_104037.jpg\" \/>\n\t<meta property=\"og:image:width\" content=\"889\" \/>\n\t<meta property=\"og:image:height\" content=\"667\" \/>\n\t<meta property=\"og:image:type\" content=\"image\/jpeg\" \/>\n<meta name=\"author\" content=\"adminNovo\" \/>\n<meta name=\"twitter:card\" content=\"summary_large_image\" \/>\n<meta name=\"twitter:label1\" content=\"Escrito por\" \/>\n\t<meta name=\"twitter:data1\" content=\"adminNovo\" \/>\n\t<meta name=\"twitter:label2\" content=\"Tempo estimado de leitura\" \/>\n\t<meta name=\"twitter:data2\" content=\"6 minutos\" \/>\n<script type=\"application\/ld+json\" class=\"yoast-schema-graph\">{\"@context\":\"https:\\\/\\\/schema.org\",\"@graph\":[{\"@type\":\"Article\",\"@id\":\"https:\\\/\\\/automotiverevista.pt\\\/index.php\\\/2022\\\/12\\\/19\\\/suzuki-com-gama-e-rede-prontas-para-abordar-frotas\\\/#article\",\"isPartOf\":{\"@id\":\"https:\\\/\\\/automotiverevista.pt\\\/index.php\\\/2022\\\/12\\\/19\\\/suzuki-com-gama-e-rede-prontas-para-abordar-frotas\\\/\"},\"author\":{\"name\":\"adminNovo\",\"@id\":\"https:\\\/\\\/automotiverevista.pt\\\/#\\\/schema\\\/person\\\/1265858bc8c78a0f969de814da8be281\"},\"headline\":\"Suzuki \u2013 com gama e rede prontas para abordar frotas\",\"datePublished\":\"2022-12-19T11:04:12+00:00\",\"dateModified\":\"2022-12-19T11:04:15+00:00\",\"mainEntityOfPage\":{\"@id\":\"https:\\\/\\\/automotiverevista.pt\\\/index.php\\\/2022\\\/12\\\/19\\\/suzuki-com-gama-e-rede-prontas-para-abordar-frotas\\\/\"},\"wordCount\":840,\"publisher\":{\"@id\":\"https:\\\/\\\/automotiverevista.pt\\\/#organization\"},\"image\":{\"@id\":\"https:\\\/\\\/automotiverevista.pt\\\/index.php\\\/2022\\\/12\\\/19\\\/suzuki-com-gama-e-rede-prontas-para-abordar-frotas\\\/#primaryimage\"},\"thumbnailUrl\":\"https:\\\/\\\/automotiverevista.pt\\\/wp-content\\\/uploads\\\/2022\\\/12\\\/20221020_104037.jpg\",\"articleSection\":[\"Frotas\"],\"inLanguage\":\"pt-PT\"},{\"@type\":\"WebPage\",\"@id\":\"https:\\\/\\\/automotiverevista.pt\\\/index.php\\\/2022\\\/12\\\/19\\\/suzuki-com-gama-e-rede-prontas-para-abordar-frotas\\\/\",\"url\":\"https:\\\/\\\/automotiverevista.pt\\\/index.php\\\/2022\\\/12\\\/19\\\/suzuki-com-gama-e-rede-prontas-para-abordar-frotas\\\/\",\"name\":\"Suzuki \u2013 com gama e rede prontas para abordar frotas - Revista Automotive\",\"isPartOf\":{\"@id\":\"https:\\\/\\\/automotiverevista.pt\\\/#website\"},\"primaryImageOfPage\":{\"@id\":\"https:\\\/\\\/automotiverevista.pt\\\/index.php\\\/2022\\\/12\\\/19\\\/suzuki-com-gama-e-rede-prontas-para-abordar-frotas\\\/#primaryimage\"},\"image\":{\"@id\":\"https:\\\/\\\/automotiverevista.pt\\\/index.php\\\/2022\\\/12\\\/19\\\/suzuki-com-gama-e-rede-prontas-para-abordar-frotas\\\/#primaryimage\"},\"thumbnailUrl\":\"https:\\\/\\\/automotiverevista.pt\\\/wp-content\\\/uploads\\\/2022\\\/12\\\/20221020_104037.jpg\",\"datePublished\":\"2022-12-19T11:04:12+00:00\",\"dateModified\":\"2022-12-19T11:04:15+00:00\",\"description\":\"Suzuki Motor Portugal reuniu um seletivo grupo de gestores de frota para dar a conhecer o seu atual posicionamento no mercado nacional,\",\"breadcrumb\":{\"@id\":\"https:\\\/\\\/automotiverevista.pt\\\/index.php\\\/2022\\\/12\\\/19\\\/suzuki-com-gama-e-rede-prontas-para-abordar-frotas\\\/#breadcrumb\"},\"inLanguage\":\"pt-PT\",\"potentialAction\":[{\"@type\":\"ReadAction\",\"target\":[\"https:\\\/\\\/automotiverevista.pt\\\/index.php\\\/2022\\\/12\\\/19\\\/suzuki-com-gama-e-rede-prontas-para-abordar-frotas\\\/\"]}]},{\"@type\":\"ImageObject\",\"inLanguage\":\"pt-PT\",\"@id\":\"https:\\\/\\\/automotiverevista.pt\\\/index.php\\\/2022\\\/12\\\/19\\\/suzuki-com-gama-e-rede-prontas-para-abordar-frotas\\\/#primaryimage\",\"url\":\"https:\\\/\\\/automotiverevista.pt\\\/wp-content\\\/uploads\\\/2022\\\/12\\\/20221020_104037.jpg\",\"contentUrl\":\"https:\\\/\\\/automotiverevista.pt\\\/wp-content\\\/uploads\\\/2022\\\/12\\\/20221020_104037.jpg\",\"width\":889,\"height\":667},{\"@type\":\"BreadcrumbList\",\"@id\":\"https:\\\/\\\/automotiverevista.pt\\\/index.php\\\/2022\\\/12\\\/19\\\/suzuki-com-gama-e-rede-prontas-para-abordar-frotas\\\/#breadcrumb\",\"itemListElement\":[{\"@type\":\"ListItem\",\"position\":1,\"name\":\"Home\",\"item\":\"https:\\\/\\\/automotiverevista.pt\\\/\"},{\"@type\":\"ListItem\",\"position\":2,\"name\":\"Suzuki \u2013 com gama e rede prontas para abordar frotas\"}]},{\"@type\":\"WebSite\",\"@id\":\"https:\\\/\\\/automotiverevista.pt\\\/#website\",\"url\":\"https:\\\/\\\/automotiverevista.pt\\\/\",\"name\":\"Revista Automotive\",\"description\":\"Revista Automotive Portugal\",\"publisher\":{\"@id\":\"https:\\\/\\\/automotiverevista.pt\\\/#organization\"},\"potentialAction\":[{\"@type\":\"SearchAction\",\"target\":{\"@type\":\"EntryPoint\",\"urlTemplate\":\"https:\\\/\\\/automotiverevista.pt\\\/?s={search_term_string}\"},\"query-input\":{\"@type\":\"PropertyValueSpecification\",\"valueRequired\":true,\"valueName\":\"search_term_string\"}}],\"inLanguage\":\"pt-PT\"},{\"@type\":\"Organization\",\"@id\":\"https:\\\/\\\/automotiverevista.pt\\\/#organization\",\"name\":\"Revista Automotive Portugal\",\"url\":\"https:\\\/\\\/automotiverevista.pt\\\/\",\"logo\":{\"@type\":\"ImageObject\",\"inLanguage\":\"pt-PT\",\"@id\":\"https:\\\/\\\/automotiverevista.pt\\\/#\\\/schema\\\/logo\\\/image\\\/\",\"url\":\"https:\\\/\\\/automotiverevista.pt\\\/wp-content\\\/uploads\\\/2022\\\/07\\\/Logo-Automotive-2021_500-1.jpg\",\"contentUrl\":\"https:\\\/\\\/automotiverevista.pt\\\/wp-content\\\/uploads\\\/2022\\\/07\\\/Logo-Automotive-2021_500-1.jpg\",\"width\":500,\"height\":160,\"caption\":\"Revista Automotive Portugal\"},\"image\":{\"@id\":\"https:\\\/\\\/automotiverevista.pt\\\/#\\\/schema\\\/logo\\\/image\\\/\"},\"sameAs\":[\"https:\\\/\\\/linkedin.com\\\/in\\\/automotiverevista\"]},{\"@type\":\"Person\",\"@id\":\"https:\\\/\\\/automotiverevista.pt\\\/#\\\/schema\\\/person\\\/1265858bc8c78a0f969de814da8be281\",\"name\":\"adminNovo\",\"image\":{\"@type\":\"ImageObject\",\"inLanguage\":\"pt-PT\",\"@id\":\"https:\\\/\\\/secure.gravatar.com\\\/avatar\\\/c606c1288dcc11eb4c709aa5136fdb962583c410f5c23c0b7bf6917c542be355?s=96&d=mm&r=g\",\"url\":\"https:\\\/\\\/secure.gravatar.com\\\/avatar\\\/c606c1288dcc11eb4c709aa5136fdb962583c410f5c23c0b7bf6917c542be355?s=96&d=mm&r=g\",\"contentUrl\":\"https:\\\/\\\/secure.gravatar.com\\\/avatar\\\/c606c1288dcc11eb4c709aa5136fdb962583c410f5c23c0b7bf6917c542be355?s=96&d=mm&r=g\",\"caption\":\"adminNovo\"},\"sameAs\":[\"https:\\\/\\\/automotiverevista.pt\"],\"url\":\"https:\\\/\\\/automotiverevista.pt\\\/index.php\\\/author\\\/adminnovo\\\/\"}]}<\/script>\n<!-- \/ Yoast SEO Premium plugin. -->","yoast_head_json":{"title":"Suzuki \u2013 com gama e rede prontas para abordar frotas - Revista Automotive","description":"Suzuki Motor Portugal reuniu um seletivo grupo de gestores de frota para dar a conhecer o seu atual posicionamento no mercado nacional,","robots":{"index":"index","follow":"follow","max-snippet":"max-snippet:-1","max-image-preview":"max-image-preview:large","max-video-preview":"max-video-preview:-1"},"canonical":"https:\/\/automotiverevista.pt\/index.php\/2022\/12\/19\/suzuki-com-gama-e-rede-prontas-para-abordar-frotas\/","og_locale":"pt_PT","og_type":"article","og_title":"Suzuki \u2013 com gama e rede prontas para abordar frotas","og_description":"Suzuki Motor Portugal reuniu um seletivo grupo de gestores de frota para dar a conhecer o seu atual posicionamento no mercado nacional,","og_url":"https:\/\/automotiverevista.pt\/index.php\/2022\/12\/19\/suzuki-com-gama-e-rede-prontas-para-abordar-frotas\/","og_site_name":"Revista Automotive","article_published_time":"2022-12-19T11:04:12+00:00","article_modified_time":"2022-12-19T11:04:15+00:00","og_image":[{"width":889,"height":667,"url":"https:\/\/automotiverevista.pt\/wp-content\/uploads\/2022\/12\/20221020_104037.jpg","type":"image\/jpeg"}],"author":"adminNovo","twitter_card":"summary_large_image","twitter_misc":{"Escrito por":"adminNovo","Tempo estimado de leitura":"6 minutos"},"schema":{"@context":"https:\/\/schema.org","@graph":[{"@type":"Article","@id":"https:\/\/automotiverevista.pt\/index.php\/2022\/12\/19\/suzuki-com-gama-e-rede-prontas-para-abordar-frotas\/#article","isPartOf":{"@id":"https:\/\/automotiverevista.pt\/index.php\/2022\/12\/19\/suzuki-com-gama-e-rede-prontas-para-abordar-frotas\/"},"author":{"name":"adminNovo","@id":"https:\/\/automotiverevista.pt\/#\/schema\/person\/1265858bc8c78a0f969de814da8be281"},"headline":"Suzuki \u2013 com gama e rede prontas para abordar frotas","datePublished":"2022-12-19T11:04:12+00:00","dateModified":"2022-12-19T11:04:15+00:00","mainEntityOfPage":{"@id":"https:\/\/automotiverevista.pt\/index.php\/2022\/12\/19\/suzuki-com-gama-e-rede-prontas-para-abordar-frotas\/"},"wordCount":840,"publisher":{"@id":"https:\/\/automotiverevista.pt\/#organization"},"image":{"@id":"https:\/\/automotiverevista.pt\/index.php\/2022\/12\/19\/suzuki-com-gama-e-rede-prontas-para-abordar-frotas\/#primaryimage"},"thumbnailUrl":"https:\/\/automotiverevista.pt\/wp-content\/uploads\/2022\/12\/20221020_104037.jpg","articleSection":["Frotas"],"inLanguage":"pt-PT"},{"@type":"WebPage","@id":"https:\/\/automotiverevista.pt\/index.php\/2022\/12\/19\/suzuki-com-gama-e-rede-prontas-para-abordar-frotas\/","url":"https:\/\/automotiverevista.pt\/index.php\/2022\/12\/19\/suzuki-com-gama-e-rede-prontas-para-abordar-frotas\/","name":"Suzuki \u2013 com gama e rede prontas para abordar frotas - Revista Automotive","isPartOf":{"@id":"https:\/\/automotiverevista.pt\/#website"},"primaryImageOfPage":{"@id":"https:\/\/automotiverevista.pt\/index.php\/2022\/12\/19\/suzuki-com-gama-e-rede-prontas-para-abordar-frotas\/#primaryimage"},"image":{"@id":"https:\/\/automotiverevista.pt\/index.php\/2022\/12\/19\/suzuki-com-gama-e-rede-prontas-para-abordar-frotas\/#primaryimage"},"thumbnailUrl":"https:\/\/automotiverevista.pt\/wp-content\/uploads\/2022\/12\/20221020_104037.jpg","datePublished":"2022-12-19T11:04:12+00:00","dateModified":"2022-12-19T11:04:15+00:00","description":"Suzuki Motor Portugal reuniu um seletivo grupo de gestores de frota para dar a conhecer o seu atual posicionamento no mercado nacional,","breadcrumb":{"@id":"https:\/\/automotiverevista.pt\/index.php\/2022\/12\/19\/suzuki-com-gama-e-rede-prontas-para-abordar-frotas\/#breadcrumb"},"inLanguage":"pt-PT","potentialAction":[{"@type":"ReadAction","target":["https:\/\/automotiverevista.pt\/index.php\/2022\/12\/19\/suzuki-com-gama-e-rede-prontas-para-abordar-frotas\/"]}]},{"@type":"ImageObject","inLanguage":"pt-PT","@id":"https:\/\/automotiverevista.pt\/index.php\/2022\/12\/19\/suzuki-com-gama-e-rede-prontas-para-abordar-frotas\/#primaryimage","url":"https:\/\/automotiverevista.pt\/wp-content\/uploads\/2022\/12\/20221020_104037.jpg","contentUrl":"https:\/\/automotiverevista.pt\/wp-content\/uploads\/2022\/12\/20221020_104037.jpg","width":889,"height":667},{"@type":"BreadcrumbList","@id":"https:\/\/automotiverevista.pt\/index.php\/2022\/12\/19\/suzuki-com-gama-e-rede-prontas-para-abordar-frotas\/#breadcrumb","itemListElement":[{"@type":"ListItem","position":1,"name":"Home","item":"https:\/\/automotiverevista.pt\/"},{"@type":"ListItem","position":2,"name":"Suzuki \u2013 com gama e rede prontas para abordar frotas"}]},{"@type":"WebSite","@id":"https:\/\/automotiverevista.pt\/#website","url":"https:\/\/automotiverevista.pt\/","name":"Revista Automotive","description":"Revista Automotive Portugal","publisher":{"@id":"https:\/\/automotiverevista.pt\/#organization"},"potentialAction":[{"@type":"SearchAction","target":{"@type":"EntryPoint","urlTemplate":"https:\/\/automotiverevista.pt\/?s={search_term_string}"},"query-input":{"@type":"PropertyValueSpecification","valueRequired":true,"valueName":"search_term_string"}}],"inLanguage":"pt-PT"},{"@type":"Organization","@id":"https:\/\/automotiverevista.pt\/#organization","name":"Revista Automotive Portugal","url":"https:\/\/automotiverevista.pt\/","logo":{"@type":"ImageObject","inLanguage":"pt-PT","@id":"https:\/\/automotiverevista.pt\/#\/schema\/logo\/image\/","url":"https:\/\/automotiverevista.pt\/wp-content\/uploads\/2022\/07\/Logo-Automotive-2021_500-1.jpg","contentUrl":"https:\/\/automotiverevista.pt\/wp-content\/uploads\/2022\/07\/Logo-Automotive-2021_500-1.jpg","width":500,"height":160,"caption":"Revista Automotive Portugal"},"image":{"@id":"https:\/\/automotiverevista.pt\/#\/schema\/logo\/image\/"},"sameAs":["https:\/\/linkedin.com\/in\/automotiverevista"]},{"@type":"Person","@id":"https:\/\/automotiverevista.pt\/#\/schema\/person\/1265858bc8c78a0f969de814da8be281","name":"adminNovo","image":{"@type":"ImageObject","inLanguage":"pt-PT","@id":"https:\/\/secure.gravatar.com\/avatar\/c606c1288dcc11eb4c709aa5136fdb962583c410f5c23c0b7bf6917c542be355?s=96&d=mm&r=g","url":"https:\/\/secure.gravatar.com\/avatar\/c606c1288dcc11eb4c709aa5136fdb962583c410f5c23c0b7bf6917c542be355?s=96&d=mm&r=g","contentUrl":"https:\/\/secure.gravatar.com\/avatar\/c606c1288dcc11eb4c709aa5136fdb962583c410f5c23c0b7bf6917c542be355?s=96&d=mm&r=g","caption":"adminNovo"},"sameAs":["https:\/\/automotiverevista.pt"],"url":"https:\/\/automotiverevista.pt\/index.php\/author\/adminnovo\/"}]}},"_links":{"self":[{"href":"https:\/\/automotiverevista.pt\/index.php\/wp-json\/wp\/v2\/posts\/1645","targetHints":{"allow":["GET"]}}],"collection":[{"href":"https:\/\/automotiverevista.pt\/index.php\/wp-json\/wp\/v2\/posts"}],"about":[{"href":"https:\/\/automotiverevista.pt\/index.php\/wp-json\/wp\/v2\/types\/post"}],"author":[{"embeddable":true,"href":"https:\/\/automotiverevista.pt\/index.php\/wp-json\/wp\/v2\/users\/1"}],"replies":[{"embeddable":true,"href":"https:\/\/automotiverevista.pt\/index.php\/wp-json\/wp\/v2\/comments?post=1645"}],"version-history":[{"count":3,"href":"https:\/\/automotiverevista.pt\/index.php\/wp-json\/wp\/v2\/posts\/1645\/revisions"}],"predecessor-version":[{"id":1653,"href":"https:\/\/automotiverevista.pt\/index.php\/wp-json\/wp\/v2\/posts\/1645\/revisions\/1653"}],"wp:featuredmedia":[{"embeddable":true,"href":"https:\/\/automotiverevista.pt\/index.php\/wp-json\/wp\/v2\/media\/1646"}],"wp:attachment":[{"href":"https:\/\/automotiverevista.pt\/index.php\/wp-json\/wp\/v2\/media?parent=1645"}],"wp:term":[{"taxonomy":"category","embeddable":true,"href":"https:\/\/automotiverevista.pt\/index.php\/wp-json\/wp\/v2\/categories?post=1645"},{"taxonomy":"post_tag","embeddable":true,"href":"https:\/\/automotiverevista.pt\/index.php\/wp-json\/wp\/v2\/tags?post=1645"}],"curies":[{"name":"wp","href":"https:\/\/api.w.org\/{rel}","templated":true}]}}