{"id":1704,"date":"2023-01-05T08:24:45","date_gmt":"2023-01-05T08:24:45","guid":{"rendered":"https:\/\/automotiverevista.pt\/?p=1704"},"modified":"2023-01-05T08:24:47","modified_gmt":"2023-01-05T08:24:47","slug":"lexus-novos-rx-e-rz-alargam-gama-eletrica-da-marca","status":"publish","type":"post","link":"https:\/\/automotiverevista.pt\/index.php\/2023\/01\/05\/lexus-novos-rx-e-rz-alargam-gama-eletrica-da-marca\/","title":{"rendered":"<strong>Lexus \u2013 novos RX e RZ alargam gama el\u00e9trica da marca<\/strong>"},"content":{"rendered":"\n<p>A Lexus apresentou em Portugal, dois modelos em simult\u00e2neo: a nova gera\u00e7\u00e3o do seu h\u00edbrido RX e o novo modelo RZ, um autom\u00f3vel 100% el\u00e9trico com plataforma dedicada. O evento contou com a presen\u00e7a de <strong>Nuno Domingues<\/strong>, diretor geral da Lexus no nosso pa\u00eds. A come\u00e7ar pelo modelo RX, a Lexus revelou agora a sua 5\u00aa gera\u00e7\u00e3o, um modelo completamente renovado, que abre um importante cap\u00edtulo na hist\u00f3ria do ic\u00f3nico SUV.<\/p>\n\n\n\n<p>Lan\u00e7ado em 1998, o RX 300 foi o primeiro SUV de luxo do mundo. Deu origem a um segmento autom\u00f3vel totalmente novo, com estilo, acelera\u00e7\u00e3o, din\u00e2mica e sil\u00eancio dignos de um autom\u00f3vel do segmento superior.<\/p>\n\n\n\n<p>J\u00e1 o modelo RX tem sido tanto inovador, como tamb\u00e9m \u00e9 o grande best-seller da Lexus nas \u00faltimas duas d\u00e9cadas. Com mais de 3.5 milh\u00f5es de unidades vendidas em todo o mundo o novo RX de 5\u00aa gera\u00e7\u00e3o \u00e9 uma pe\u00e7a fundamental para estrat\u00e9gia de futuro da marca, &#8220;Lexus Electrified&#8221;.<\/p>\n\n\n\n<p><\/p>\n\n\n\n<figure class=\"wp-block-image size-full is-resized\"><img decoding=\"async\" src=\"https:\/\/automotiverevista.pt\/wp-content\/uploads\/2023\/01\/20221130_145352.jpg\" alt=\"\" class=\"wp-image-1707\" width=\"719\" height=\"539\" srcset=\"https:\/\/automotiverevista.pt\/wp-content\/uploads\/2023\/01\/20221130_145352.jpg 889w, https:\/\/automotiverevista.pt\/wp-content\/uploads\/2023\/01\/20221130_145352-300x225.jpg 300w, https:\/\/automotiverevista.pt\/wp-content\/uploads\/2023\/01\/20221130_145352-768x576.jpg 768w, https:\/\/automotiverevista.pt\/wp-content\/uploads\/2023\/01\/20221130_145352-750x563.jpg 750w\" sizes=\"(max-width: 719px) 100vw, 719px\" \/><\/figure>\n\n\n\n<p><strong>Diversidade<\/strong><\/p>\n\n\n\n<p>Na Europa e em Portugal, o novo RX \u00e9 lan\u00e7ado com uma gama de tr\u00eas motoriza\u00e7\u00f5es h\u00edbridas diferentes 350h, 450h+ (Plug-in) e 500h. Destaque da marca em Portugal para o RX 450h+, que vai alargar a oferta de tecnologia h\u00edbrida plug-in (depois da sua estreia no NX). Para aqueles que procuram um desempenho mais emocionante, a Lexus apresenta o seu primeiro h\u00edbrido turbo, o RX 500h, que ser\u00e1 lan\u00e7ado com sistema de controlo de tra\u00e7\u00e3o integral DIRECT4.<\/p>\n\n\n\n<p>Quanto \u00e0s motoriza\u00e7\u00f5es, o RX 350h tem motor 2.5 a gasolina com pot\u00eancia de 245cv, o RX 450h+ conta com o mesmo bloco 2.5 a gasolina com 306cv, e o RX 500h com o motor 2.4 turbo a gasolina chega aos 371cv. Os pre\u00e7os come\u00e7am nos 83.500\u20ac para o RX 450h+ (sim, o mais barato da gama \u00e9 Plug-in), passando para os 93.500\u20ac para o RX350h e, por sua vez, o RX500h ser\u00e1 comercializado a partir dos 122.000\u20ac.<\/p>\n\n\n\n<p><\/p>\n\n\n\n<figure class=\"wp-block-image size-full\"><img decoding=\"async\" width=\"889\" height=\"667\" src=\"https:\/\/automotiverevista.pt\/wp-content\/uploads\/2023\/01\/20221130_150056.jpg\" alt=\"\" class=\"wp-image-1708\" srcset=\"https:\/\/automotiverevista.pt\/wp-content\/uploads\/2023\/01\/20221130_150056.jpg 889w, https:\/\/automotiverevista.pt\/wp-content\/uploads\/2023\/01\/20221130_150056-300x225.jpg 300w, https:\/\/automotiverevista.pt\/wp-content\/uploads\/2023\/01\/20221130_150056-768x576.jpg 768w, https:\/\/automotiverevista.pt\/wp-content\/uploads\/2023\/01\/20221130_150056-750x563.jpg 750w\" sizes=\"(max-width: 889px) 100vw, 889px\" \/><\/figure>\n\n\n\n<p><strong>Novo RZ com plataforma 100% el\u00e9trica<\/strong><\/p>\n\n\n\n<p>O RZ 450e \u00e9 um SUV 100% el\u00e9trico totalmente novo, o primeiro ve\u00edculo da Lexus desenvolvido de raiz para ser um el\u00e9trico movido a bateria. Fiel \u00e0 filosofia Lexus Electrified, o RZ 450e concretiza o enorme potencial das novas tecnologias que melhoram o desempenho e o prazer de condu\u00e7\u00e3o. O motor dianteiro produz 150 kW e o traseiro 80 kW, com uma pot\u00eancia total de 230 kW.<\/p>\n\n\n\n<p>A plataforma e o sistema de propuls\u00e3o el\u00e9trico a bateria abrem novas portas ao design. O exterior reinterpreta, na carro\u00e7aria, o formato de fuso da Lexus, ao passo que o interior \u00e9 um espa\u00e7o leve e amplo, simples e luxuoso, uma express\u00e3o do Omotenashi (hospitalidade) e da per\u00edcia Takumi.<\/p>\n\n\n\n<p>O RZ ajudar\u00e1 a Lexus a trilhar o caminho para a neutralidade carb\u00f3nica. Aqui, o foco n\u00e3o est\u00e1 apenas no desempenho do autom\u00f3vel na estrada; abrange todo o seu ciclo de vida, desde a aquisi\u00e7\u00e3o de pe\u00e7as, o fabrico e utiliza\u00e7\u00e3o, at\u00e9 ao abate. Na f\u00e1brica de Motomachi (Jap\u00e3o) da Lexus, no centro de produ\u00e7\u00e3o do RZ, j\u00e1 foram implementadas novas metodologias nos processos para reduzir emiss\u00f5es.<\/p>\n\n\n\n<p>O RZ \u00e9 o pr\u00f3ximo passo da Lexus para se tornar numa marca 100% el\u00e9trica na Europa Ocidental e Central, at\u00e9 2030. Em Portugal, o novo modelo j\u00e1 est\u00e1 dispon\u00edvel para reserva online, com a chegada das primeiras viaturas prevista para o in\u00edcio de 2023.<\/p>\n\n\n\n<p><\/p>\n\n\n\n<figure class=\"wp-block-image size-full\"><img decoding=\"async\" width=\"889\" height=\"667\" src=\"https:\/\/automotiverevista.pt\/wp-content\/uploads\/2023\/01\/20221130_145630-1.jpg\" alt=\"\" class=\"wp-image-1710\" srcset=\"https:\/\/automotiverevista.pt\/wp-content\/uploads\/2023\/01\/20221130_145630-1.jpg 889w, https:\/\/automotiverevista.pt\/wp-content\/uploads\/2023\/01\/20221130_145630-1-300x225.jpg 300w, https:\/\/automotiverevista.pt\/wp-content\/uploads\/2023\/01\/20221130_145630-1-768x576.jpg 768w, https:\/\/automotiverevista.pt\/wp-content\/uploads\/2023\/01\/20221130_145630-1-750x563.jpg 750w\" sizes=\"(max-width: 889px) 100vw, 889px\" \/><\/figure>\n\n\n\n<p><\/p>\n","protected":false},"excerpt":{"rendered":"<p>A Lexus apresentou em Portugal, dois modelos em simult\u00e2neo: a nova gera\u00e7\u00e3o do seu h\u00edbrido RX e o novo modelo RZ, um autom\u00f3vel 100% el\u00e9trico com plataforma dedicada. O evento contou com a presen\u00e7a de Nuno Domingues, diretor geral da Lexus no nosso pa\u00eds. A come\u00e7ar pelo modelo RX, a Lexus revelou agora a sua [&hellip;]<\/p>\n","protected":false},"author":1,"featured_media":1705,"comment_status":"closed","ping_status":"open","sticky":false,"template":"","format":"standard","meta":{"jnews-multi-image_gallery":[],"jnews_single_post":{"subtitle":"","format":"standard","video":"","gallery":"","source_name":"","source_url":"","via_name":"","via_url":"","override_template":"0","override":[{"template":"2","single_blog_custom":"","parallax":"1","fullscreen":"1","layout":"right-sidebar","sidebar":"default-sidebar","second_sidebar":"default-sidebar","sticky_sidebar":"1","share_position":"topbottom","share_float_style":"share-monocrhome","show_share_counter":"0","show_view_counter":"0","show_featured":"1","show_post_meta":"1","show_post_author":"0","show_post_author_image":"1","show_post_date":"1","post_date_format":"default","post_date_format_custom":"Y\/m\/d","show_post_category":"1","show_post_reading_time":"0","post_reading_time_wpm":"300","show_zoom_button":"0","zoom_button_out_step":"2","zoom_button_in_step":"3","show_post_tag":"1","show_prev_next_post":"0","show_popup_post":"1","number_popup_post":"1","show_author_box":"0","show_post_related":"1","show_inline_post_related":"1"}],"override_image_size":"0","image_override":[{"single_post_thumbnail_size":"crop-500","single_post_gallery_size":"crop-500"}],"trending_post":"0","trending_post_position":"meta","trending_post_label":"Trending","sponsored_post":"0","sponsored_post_label":"Sponsored by","sponsored_post_name":"","sponsored_post_url":"","sponsored_post_logo_enable":"0","sponsored_post_logo":"","sponsored_post_desc":"","disable_ad":"0"},"jnews_primary_category":{"id":"","hide":""},"footnotes":""},"categories":[23],"tags":[],"class_list":["post-1704","post","type-post","status-publish","format-standard","has-post-thumbnail","hentry","category-frotas"],"yoast_head":"<!-- This site is optimized with the Yoast SEO Premium plugin v27.5 (Yoast SEO v27.5) - https:\/\/yoast.com\/product\/yoast-seo-premium-wordpress\/ -->\n<title>Lexus \u2013 novos RX e RZ alargam gama el\u00e9trica da marca - Revista Automotive<\/title>\n<meta name=\"robots\" content=\"index, follow, max-snippet:-1, max-image-preview:large, max-video-preview:-1\" \/>\n<link rel=\"canonical\" href=\"https:\/\/automotiverevista.pt\/index.php\/2023\/01\/05\/lexus-novos-rx-e-rz-alargam-gama-eletrica-da-marca\/\" \/>\n<meta property=\"og:locale\" content=\"pt_PT\" \/>\n<meta property=\"og:type\" content=\"article\" \/>\n<meta property=\"og:title\" content=\"Lexus \u2013 novos RX e RZ alargam gama el\u00e9trica da marca\" \/>\n<meta property=\"og:description\" content=\"A Lexus apresentou em Portugal, dois modelos em simult\u00e2neo: a nova gera\u00e7\u00e3o do seu h\u00edbrido RX e o novo modelo RZ, um autom\u00f3vel 100% el\u00e9trico com plataforma dedicada. O evento contou com a presen\u00e7a de Nuno Domingues, diretor geral da Lexus no nosso pa\u00eds. A come\u00e7ar pelo modelo RX, a Lexus revelou agora a sua [&hellip;]\" \/>\n<meta property=\"og:url\" content=\"https:\/\/automotiverevista.pt\/index.php\/2023\/01\/05\/lexus-novos-rx-e-rz-alargam-gama-eletrica-da-marca\/\" \/>\n<meta property=\"og:site_name\" content=\"Revista Automotive\" \/>\n<meta property=\"article:published_time\" content=\"2023-01-05T08:24:45+00:00\" \/>\n<meta property=\"article:modified_time\" content=\"2023-01-05T08:24:47+00:00\" \/>\n<meta property=\"og:image\" content=\"https:\/\/automotiverevista.pt\/wp-content\/uploads\/2023\/01\/20221130_145846.jpg\" \/>\n\t<meta property=\"og:image:width\" content=\"889\" \/>\n\t<meta property=\"og:image:height\" content=\"667\" \/>\n\t<meta property=\"og:image:type\" content=\"image\/jpeg\" \/>\n<meta name=\"author\" content=\"adminNovo\" \/>\n<meta name=\"twitter:card\" content=\"summary_large_image\" \/>\n<meta name=\"twitter:label1\" content=\"Escrito por\" \/>\n\t<meta name=\"twitter:data1\" content=\"adminNovo\" \/>\n\t<meta name=\"twitter:label2\" content=\"Tempo estimado de leitura\" \/>\n\t<meta name=\"twitter:data2\" content=\"4 minutos\" \/>\n<script type=\"application\/ld+json\" class=\"yoast-schema-graph\">{\"@context\":\"https:\\\/\\\/schema.org\",\"@graph\":[{\"@type\":\"Article\",\"@id\":\"https:\\\/\\\/automotiverevista.pt\\\/index.php\\\/2023\\\/01\\\/05\\\/lexus-novos-rx-e-rz-alargam-gama-eletrica-da-marca\\\/#article\",\"isPartOf\":{\"@id\":\"https:\\\/\\\/automotiverevista.pt\\\/index.php\\\/2023\\\/01\\\/05\\\/lexus-novos-rx-e-rz-alargam-gama-eletrica-da-marca\\\/\"},\"author\":{\"name\":\"adminNovo\",\"@id\":\"https:\\\/\\\/automotiverevista.pt\\\/#\\\/schema\\\/person\\\/1265858bc8c78a0f969de814da8be281\"},\"headline\":\"Lexus \u2013 novos RX e RZ alargam gama el\u00e9trica da marca\",\"datePublished\":\"2023-01-05T08:24:45+00:00\",\"dateModified\":\"2023-01-05T08:24:47+00:00\",\"mainEntityOfPage\":{\"@id\":\"https:\\\/\\\/automotiverevista.pt\\\/index.php\\\/2023\\\/01\\\/05\\\/lexus-novos-rx-e-rz-alargam-gama-eletrica-da-marca\\\/\"},\"wordCount\":593,\"publisher\":{\"@id\":\"https:\\\/\\\/automotiverevista.pt\\\/#organization\"},\"image\":{\"@id\":\"https:\\\/\\\/automotiverevista.pt\\\/index.php\\\/2023\\\/01\\\/05\\\/lexus-novos-rx-e-rz-alargam-gama-eletrica-da-marca\\\/#primaryimage\"},\"thumbnailUrl\":\"https:\\\/\\\/automotiverevista.pt\\\/wp-content\\\/uploads\\\/2023\\\/01\\\/20221130_145846.jpg\",\"articleSection\":[\"Frotas\"],\"inLanguage\":\"pt-PT\"},{\"@type\":\"WebPage\",\"@id\":\"https:\\\/\\\/automotiverevista.pt\\\/index.php\\\/2023\\\/01\\\/05\\\/lexus-novos-rx-e-rz-alargam-gama-eletrica-da-marca\\\/\",\"url\":\"https:\\\/\\\/automotiverevista.pt\\\/index.php\\\/2023\\\/01\\\/05\\\/lexus-novos-rx-e-rz-alargam-gama-eletrica-da-marca\\\/\",\"name\":\"Lexus \u2013 novos RX e RZ alargam gama el\u00e9trica da marca - Revista Automotive\",\"isPartOf\":{\"@id\":\"https:\\\/\\\/automotiverevista.pt\\\/#website\"},\"primaryImageOfPage\":{\"@id\":\"https:\\\/\\\/automotiverevista.pt\\\/index.php\\\/2023\\\/01\\\/05\\\/lexus-novos-rx-e-rz-alargam-gama-eletrica-da-marca\\\/#primaryimage\"},\"image\":{\"@id\":\"https:\\\/\\\/automotiverevista.pt\\\/index.php\\\/2023\\\/01\\\/05\\\/lexus-novos-rx-e-rz-alargam-gama-eletrica-da-marca\\\/#primaryimage\"},\"thumbnailUrl\":\"https:\\\/\\\/automotiverevista.pt\\\/wp-content\\\/uploads\\\/2023\\\/01\\\/20221130_145846.jpg\",\"datePublished\":\"2023-01-05T08:24:45+00:00\",\"dateModified\":\"2023-01-05T08:24:47+00:00\",\"breadcrumb\":{\"@id\":\"https:\\\/\\\/automotiverevista.pt\\\/index.php\\\/2023\\\/01\\\/05\\\/lexus-novos-rx-e-rz-alargam-gama-eletrica-da-marca\\\/#breadcrumb\"},\"inLanguage\":\"pt-PT\",\"potentialAction\":[{\"@type\":\"ReadAction\",\"target\":[\"https:\\\/\\\/automotiverevista.pt\\\/index.php\\\/2023\\\/01\\\/05\\\/lexus-novos-rx-e-rz-alargam-gama-eletrica-da-marca\\\/\"]}]},{\"@type\":\"ImageObject\",\"inLanguage\":\"pt-PT\",\"@id\":\"https:\\\/\\\/automotiverevista.pt\\\/index.php\\\/2023\\\/01\\\/05\\\/lexus-novos-rx-e-rz-alargam-gama-eletrica-da-marca\\\/#primaryimage\",\"url\":\"https:\\\/\\\/automotiverevista.pt\\\/wp-content\\\/uploads\\\/2023\\\/01\\\/20221130_145846.jpg\",\"contentUrl\":\"https:\\\/\\\/automotiverevista.pt\\\/wp-content\\\/uploads\\\/2023\\\/01\\\/20221130_145846.jpg\",\"width\":889,\"height\":667},{\"@type\":\"BreadcrumbList\",\"@id\":\"https:\\\/\\\/automotiverevista.pt\\\/index.php\\\/2023\\\/01\\\/05\\\/lexus-novos-rx-e-rz-alargam-gama-eletrica-da-marca\\\/#breadcrumb\",\"itemListElement\":[{\"@type\":\"ListItem\",\"position\":1,\"name\":\"Home\",\"item\":\"https:\\\/\\\/automotiverevista.pt\\\/\"},{\"@type\":\"ListItem\",\"position\":2,\"name\":\"Lexus \u2013 novos RX e RZ alargam gama el\u00e9trica da marca\"}]},{\"@type\":\"WebSite\",\"@id\":\"https:\\\/\\\/automotiverevista.pt\\\/#website\",\"url\":\"https:\\\/\\\/automotiverevista.pt\\\/\",\"name\":\"Revista Automotive\",\"description\":\"Revista Automotive Portugal\",\"publisher\":{\"@id\":\"https:\\\/\\\/automotiverevista.pt\\\/#organization\"},\"potentialAction\":[{\"@type\":\"SearchAction\",\"target\":{\"@type\":\"EntryPoint\",\"urlTemplate\":\"https:\\\/\\\/automotiverevista.pt\\\/?s={search_term_string}\"},\"query-input\":{\"@type\":\"PropertyValueSpecification\",\"valueRequired\":true,\"valueName\":\"search_term_string\"}}],\"inLanguage\":\"pt-PT\"},{\"@type\":\"Organization\",\"@id\":\"https:\\\/\\\/automotiverevista.pt\\\/#organization\",\"name\":\"Revista Automotive Portugal\",\"url\":\"https:\\\/\\\/automotiverevista.pt\\\/\",\"logo\":{\"@type\":\"ImageObject\",\"inLanguage\":\"pt-PT\",\"@id\":\"https:\\\/\\\/automotiverevista.pt\\\/#\\\/schema\\\/logo\\\/image\\\/\",\"url\":\"https:\\\/\\\/automotiverevista.pt\\\/wp-content\\\/uploads\\\/2022\\\/07\\\/Logo-Automotive-2021_500-1.jpg\",\"contentUrl\":\"https:\\\/\\\/automotiverevista.pt\\\/wp-content\\\/uploads\\\/2022\\\/07\\\/Logo-Automotive-2021_500-1.jpg\",\"width\":500,\"height\":160,\"caption\":\"Revista Automotive Portugal\"},\"image\":{\"@id\":\"https:\\\/\\\/automotiverevista.pt\\\/#\\\/schema\\\/logo\\\/image\\\/\"},\"sameAs\":[\"https:\\\/\\\/linkedin.com\\\/in\\\/automotiverevista\"]},{\"@type\":\"Person\",\"@id\":\"https:\\\/\\\/automotiverevista.pt\\\/#\\\/schema\\\/person\\\/1265858bc8c78a0f969de814da8be281\",\"name\":\"adminNovo\",\"image\":{\"@type\":\"ImageObject\",\"inLanguage\":\"pt-PT\",\"@id\":\"https:\\\/\\\/secure.gravatar.com\\\/avatar\\\/c606c1288dcc11eb4c709aa5136fdb962583c410f5c23c0b7bf6917c542be355?s=96&d=mm&r=g\",\"url\":\"https:\\\/\\\/secure.gravatar.com\\\/avatar\\\/c606c1288dcc11eb4c709aa5136fdb962583c410f5c23c0b7bf6917c542be355?s=96&d=mm&r=g\",\"contentUrl\":\"https:\\\/\\\/secure.gravatar.com\\\/avatar\\\/c606c1288dcc11eb4c709aa5136fdb962583c410f5c23c0b7bf6917c542be355?s=96&d=mm&r=g\",\"caption\":\"adminNovo\"},\"sameAs\":[\"https:\\\/\\\/automotiverevista.pt\"],\"url\":\"https:\\\/\\\/automotiverevista.pt\\\/index.php\\\/author\\\/adminnovo\\\/\"}]}<\/script>\n<!-- \/ Yoast SEO Premium plugin. -->","yoast_head_json":{"title":"Lexus \u2013 novos RX e RZ alargam gama el\u00e9trica da marca - Revista Automotive","robots":{"index":"index","follow":"follow","max-snippet":"max-snippet:-1","max-image-preview":"max-image-preview:large","max-video-preview":"max-video-preview:-1"},"canonical":"https:\/\/automotiverevista.pt\/index.php\/2023\/01\/05\/lexus-novos-rx-e-rz-alargam-gama-eletrica-da-marca\/","og_locale":"pt_PT","og_type":"article","og_title":"Lexus \u2013 novos RX e RZ alargam gama el\u00e9trica da marca","og_description":"A Lexus apresentou em Portugal, dois modelos em simult\u00e2neo: a nova gera\u00e7\u00e3o do seu h\u00edbrido RX e o novo modelo RZ, um autom\u00f3vel 100% el\u00e9trico com plataforma dedicada. O evento contou com a presen\u00e7a de Nuno Domingues, diretor geral da Lexus no nosso pa\u00eds. A come\u00e7ar pelo modelo RX, a Lexus revelou agora a sua [&hellip;]","og_url":"https:\/\/automotiverevista.pt\/index.php\/2023\/01\/05\/lexus-novos-rx-e-rz-alargam-gama-eletrica-da-marca\/","og_site_name":"Revista Automotive","article_published_time":"2023-01-05T08:24:45+00:00","article_modified_time":"2023-01-05T08:24:47+00:00","og_image":[{"width":889,"height":667,"url":"https:\/\/automotiverevista.pt\/wp-content\/uploads\/2023\/01\/20221130_145846.jpg","type":"image\/jpeg"}],"author":"adminNovo","twitter_card":"summary_large_image","twitter_misc":{"Escrito por":"adminNovo","Tempo estimado de leitura":"4 minutos"},"schema":{"@context":"https:\/\/schema.org","@graph":[{"@type":"Article","@id":"https:\/\/automotiverevista.pt\/index.php\/2023\/01\/05\/lexus-novos-rx-e-rz-alargam-gama-eletrica-da-marca\/#article","isPartOf":{"@id":"https:\/\/automotiverevista.pt\/index.php\/2023\/01\/05\/lexus-novos-rx-e-rz-alargam-gama-eletrica-da-marca\/"},"author":{"name":"adminNovo","@id":"https:\/\/automotiverevista.pt\/#\/schema\/person\/1265858bc8c78a0f969de814da8be281"},"headline":"Lexus \u2013 novos RX e RZ alargam gama el\u00e9trica da marca","datePublished":"2023-01-05T08:24:45+00:00","dateModified":"2023-01-05T08:24:47+00:00","mainEntityOfPage":{"@id":"https:\/\/automotiverevista.pt\/index.php\/2023\/01\/05\/lexus-novos-rx-e-rz-alargam-gama-eletrica-da-marca\/"},"wordCount":593,"publisher":{"@id":"https:\/\/automotiverevista.pt\/#organization"},"image":{"@id":"https:\/\/automotiverevista.pt\/index.php\/2023\/01\/05\/lexus-novos-rx-e-rz-alargam-gama-eletrica-da-marca\/#primaryimage"},"thumbnailUrl":"https:\/\/automotiverevista.pt\/wp-content\/uploads\/2023\/01\/20221130_145846.jpg","articleSection":["Frotas"],"inLanguage":"pt-PT"},{"@type":"WebPage","@id":"https:\/\/automotiverevista.pt\/index.php\/2023\/01\/05\/lexus-novos-rx-e-rz-alargam-gama-eletrica-da-marca\/","url":"https:\/\/automotiverevista.pt\/index.php\/2023\/01\/05\/lexus-novos-rx-e-rz-alargam-gama-eletrica-da-marca\/","name":"Lexus \u2013 novos RX e RZ alargam gama el\u00e9trica da marca - Revista Automotive","isPartOf":{"@id":"https:\/\/automotiverevista.pt\/#website"},"primaryImageOfPage":{"@id":"https:\/\/automotiverevista.pt\/index.php\/2023\/01\/05\/lexus-novos-rx-e-rz-alargam-gama-eletrica-da-marca\/#primaryimage"},"image":{"@id":"https:\/\/automotiverevista.pt\/index.php\/2023\/01\/05\/lexus-novos-rx-e-rz-alargam-gama-eletrica-da-marca\/#primaryimage"},"thumbnailUrl":"https:\/\/automotiverevista.pt\/wp-content\/uploads\/2023\/01\/20221130_145846.jpg","datePublished":"2023-01-05T08:24:45+00:00","dateModified":"2023-01-05T08:24:47+00:00","breadcrumb":{"@id":"https:\/\/automotiverevista.pt\/index.php\/2023\/01\/05\/lexus-novos-rx-e-rz-alargam-gama-eletrica-da-marca\/#breadcrumb"},"inLanguage":"pt-PT","potentialAction":[{"@type":"ReadAction","target":["https:\/\/automotiverevista.pt\/index.php\/2023\/01\/05\/lexus-novos-rx-e-rz-alargam-gama-eletrica-da-marca\/"]}]},{"@type":"ImageObject","inLanguage":"pt-PT","@id":"https:\/\/automotiverevista.pt\/index.php\/2023\/01\/05\/lexus-novos-rx-e-rz-alargam-gama-eletrica-da-marca\/#primaryimage","url":"https:\/\/automotiverevista.pt\/wp-content\/uploads\/2023\/01\/20221130_145846.jpg","contentUrl":"https:\/\/automotiverevista.pt\/wp-content\/uploads\/2023\/01\/20221130_145846.jpg","width":889,"height":667},{"@type":"BreadcrumbList","@id":"https:\/\/automotiverevista.pt\/index.php\/2023\/01\/05\/lexus-novos-rx-e-rz-alargam-gama-eletrica-da-marca\/#breadcrumb","itemListElement":[{"@type":"ListItem","position":1,"name":"Home","item":"https:\/\/automotiverevista.pt\/"},{"@type":"ListItem","position":2,"name":"Lexus \u2013 novos RX e RZ alargam gama el\u00e9trica da marca"}]},{"@type":"WebSite","@id":"https:\/\/automotiverevista.pt\/#website","url":"https:\/\/automotiverevista.pt\/","name":"Revista Automotive","description":"Revista Automotive Portugal","publisher":{"@id":"https:\/\/automotiverevista.pt\/#organization"},"potentialAction":[{"@type":"SearchAction","target":{"@type":"EntryPoint","urlTemplate":"https:\/\/automotiverevista.pt\/?s={search_term_string}"},"query-input":{"@type":"PropertyValueSpecification","valueRequired":true,"valueName":"search_term_string"}}],"inLanguage":"pt-PT"},{"@type":"Organization","@id":"https:\/\/automotiverevista.pt\/#organization","name":"Revista Automotive Portugal","url":"https:\/\/automotiverevista.pt\/","logo":{"@type":"ImageObject","inLanguage":"pt-PT","@id":"https:\/\/automotiverevista.pt\/#\/schema\/logo\/image\/","url":"https:\/\/automotiverevista.pt\/wp-content\/uploads\/2022\/07\/Logo-Automotive-2021_500-1.jpg","contentUrl":"https:\/\/automotiverevista.pt\/wp-content\/uploads\/2022\/07\/Logo-Automotive-2021_500-1.jpg","width":500,"height":160,"caption":"Revista Automotive Portugal"},"image":{"@id":"https:\/\/automotiverevista.pt\/#\/schema\/logo\/image\/"},"sameAs":["https:\/\/linkedin.com\/in\/automotiverevista"]},{"@type":"Person","@id":"https:\/\/automotiverevista.pt\/#\/schema\/person\/1265858bc8c78a0f969de814da8be281","name":"adminNovo","image":{"@type":"ImageObject","inLanguage":"pt-PT","@id":"https:\/\/secure.gravatar.com\/avatar\/c606c1288dcc11eb4c709aa5136fdb962583c410f5c23c0b7bf6917c542be355?s=96&d=mm&r=g","url":"https:\/\/secure.gravatar.com\/avatar\/c606c1288dcc11eb4c709aa5136fdb962583c410f5c23c0b7bf6917c542be355?s=96&d=mm&r=g","contentUrl":"https:\/\/secure.gravatar.com\/avatar\/c606c1288dcc11eb4c709aa5136fdb962583c410f5c23c0b7bf6917c542be355?s=96&d=mm&r=g","caption":"adminNovo"},"sameAs":["https:\/\/automotiverevista.pt"],"url":"https:\/\/automotiverevista.pt\/index.php\/author\/adminnovo\/"}]}},"_links":{"self":[{"href":"https:\/\/automotiverevista.pt\/index.php\/wp-json\/wp\/v2\/posts\/1704","targetHints":{"allow":["GET"]}}],"collection":[{"href":"https:\/\/automotiverevista.pt\/index.php\/wp-json\/wp\/v2\/posts"}],"about":[{"href":"https:\/\/automotiverevista.pt\/index.php\/wp-json\/wp\/v2\/types\/post"}],"author":[{"embeddable":true,"href":"https:\/\/automotiverevista.pt\/index.php\/wp-json\/wp\/v2\/users\/1"}],"replies":[{"embeddable":true,"href":"https:\/\/automotiverevista.pt\/index.php\/wp-json\/wp\/v2\/comments?post=1704"}],"version-history":[{"count":2,"href":"https:\/\/automotiverevista.pt\/index.php\/wp-json\/wp\/v2\/posts\/1704\/revisions"}],"predecessor-version":[{"id":1711,"href":"https:\/\/automotiverevista.pt\/index.php\/wp-json\/wp\/v2\/posts\/1704\/revisions\/1711"}],"wp:featuredmedia":[{"embeddable":true,"href":"https:\/\/automotiverevista.pt\/index.php\/wp-json\/wp\/v2\/media\/1705"}],"wp:attachment":[{"href":"https:\/\/automotiverevista.pt\/index.php\/wp-json\/wp\/v2\/media?parent=1704"}],"wp:term":[{"taxonomy":"category","embeddable":true,"href":"https:\/\/automotiverevista.pt\/index.php\/wp-json\/wp\/v2\/categories?post=1704"},{"taxonomy":"post_tag","embeddable":true,"href":"https:\/\/automotiverevista.pt\/index.php\/wp-json\/wp\/v2\/tags?post=1704"}],"curies":[{"name":"wp","href":"https:\/\/api.w.org\/{rel}","templated":true}]}}