{"id":1988,"date":"2023-01-26T14:30:00","date_gmt":"2023-01-26T14:30:00","guid":{"rendered":"https:\/\/automotiverevista.pt\/?p=1988"},"modified":"2023-01-19T00:02:27","modified_gmt":"2023-01-19T00:02:27","slug":"uma-presenca-100-eletrificada-florian-huettl-ceo-da-opel-apresenta-quatro-estreias-mundiais-em-bruxelas","status":"publish","type":"post","link":"https:\/\/automotiverevista.pt\/index.php\/2023\/01\/26\/uma-presenca-100-eletrificada-florian-huettl-ceo-da-opel-apresenta-quatro-estreias-mundiais-em-bruxelas\/","title":{"rendered":"<strong>Uma presen\u00e7a 100% eletrificada: Florian Huettl, CEO da Opel, apresenta quatro estreias mundiais em Bruxelas<\/strong>"},"content":{"rendered":"\n<p>A Opel  esteve presente na 100\u00aa edi\u00e7\u00e3o do Sal\u00e3o Autom\u00f3vel de Bruxelas, nesta que \u00e9 a primeira grande exposi\u00e7\u00e3o autom\u00f3vel do calend\u00e1rio anual com quatro estreias mundiais orientadas para o futuro: O novo\u00a0<a href=\"https:\/\/www.media.stellantis.com\/pt-pt\/opel\/press\/novo-opel-astra-electric-bestseller-da-classe-dos-compactos-agora-100-eletrico\">Opel Astra Electric<\/a>, fazendo a sua estreia junto do p\u00fablico, tal como os dois novos topo de gama\u00a0<a href=\"https:\/\/www.media.stellantis.com\/pt-pt\/opel\/press\/revelados-os-novos-opel-astra-gse-e-astra-sports-tourer-gse\">Opel Astra Sports Tourer GSe<\/a>\u00a0e\u00a0<a href=\"https:\/\/www.media.stellantis.com\/pt-pt\/opel\/grandland-gse\">Opel Grandland GSe<\/a>. Em complemento, o\u00a0<a href=\"https:\/\/www.media.stellantis.com\/pt-pt\/opel\/press\/opel-mokka-electric-agora-com-ainda-maior-autonomia\">Mokka Electric<\/a>\u00a0mostra-se pela primeira vez na sua nova configura\u00e7\u00e3o de bateria, com uma autonomia 20 por cento superior \u00e0 anterior. A marca do rel\u00e2mpago exibe, assim, em Bruxelas uma gama totalmente eletrificada, com propostas el\u00e9tricas a bateria e com solu\u00e7\u00f5es h\u00edbridas\u00a0<em>plug-in<\/em>. O mesmo se aplica aos seus ve\u00edculos comerciais\u00a0<a href=\"https:\/\/www.media.stellantis.com\/pt-pt\/opel\/combo-e-cargo\">Opel Combo-e<\/a>\u00a0e\u00a0<a href=\"https:\/\/www.media.stellantis.com\/pt-pt\/opel\/vivaro-e\">Opel Vivaro-e<\/a>, que os visitantes tamb\u00e9m podem ver de perto no sal\u00e3o.<\/p>\n\n\n\n<p>&#8220;<em>O novo Opel Astra Electric ir\u00e1 eletrificar o p\u00fablico. O primeiro Astra puramente el\u00e9trico alimentado a bateria mostra que a Opel est\u00e1 consistentemente a seguir o seu caminho para se tornar uma marca totalmente el\u00e9trica na Europa. Ao mesmo tempo, j\u00e1 oferecemos a alternativa de condu\u00e7\u00e3o certa para todos os requisitos e prefer\u00eancias na importante classe dos compactos, desde os motores de combust\u00e3o altamente eficientes at\u00e9 ao h\u00edbrido \u2018plug-in\u2019 de car\u00e1cter particularmente desportivo Astra GSe, passando ainda pelo Astra Electric totalmente el\u00e9trico e sem emiss\u00f5es locais<\/em>&#8220;, disse o CEO da Opel, Florian Huettl, na abertura do Sal\u00e3o Autom\u00f3vel de Bruxelas.<\/p>\n\n\n\n<figure class=\"wp-block-image size-large\"><img decoding=\"async\" width=\"1024\" height=\"683\" src=\"https:\/\/automotiverevista.pt\/wp-content\/uploads\/2023\/01\/Opel-4-1024x683.jpg\" alt=\"\" class=\"wp-image-1990\" srcset=\"https:\/\/automotiverevista.pt\/wp-content\/uploads\/2023\/01\/Opel-4-1024x683.jpg 1024w, https:\/\/automotiverevista.pt\/wp-content\/uploads\/2023\/01\/Opel-4-300x200.jpg 300w, https:\/\/automotiverevista.pt\/wp-content\/uploads\/2023\/01\/Opel-4-768x512.jpg 768w, https:\/\/automotiverevista.pt\/wp-content\/uploads\/2023\/01\/Opel-4-1536x1024.jpg 1536w, https:\/\/automotiverevista.pt\/wp-content\/uploads\/2023\/01\/Opel-4-2048x1366.jpg 2048w, https:\/\/automotiverevista.pt\/wp-content\/uploads\/2023\/01\/Opel-4-750x500.jpg 750w, https:\/\/automotiverevista.pt\/wp-content\/uploads\/2023\/01\/Opel-4-1140x760.jpg 1140w\" sizes=\"(max-width: 1024px) 100vw, 1024px\" \/><\/figure>\n\n\n\n<p><strong>Modelos de topo eletrificados: Astra Electric, Astra Sports Tourer GSe, Grandland GSe<\/strong><\/p>\n\n\n\n<p>Com a primeira variante totalmente el\u00e9trica do vencedor do modelo que conquistou o galard\u00e3o &#8220;<a href=\"https:\/\/www.media.stellantis.com\/pt-pt\/opel\/press\/um-sucesso-em-serie-novo-opel-astra-vence-o-premio-volante-de-ouro-2022\">Volante de Ouro 2022<\/a>&#8220;<a href=\"\/\/A58518B7-121E-49AE-B011-5130B41381D2#_ftn1\"><sup>[1]<\/sup><\/a>, o novo Astra Electric, os clientes podem percorrer at\u00e9 416 quil\u00f3metros de acordo com a norma WLTP<sup>1<\/sup>\u00a0sem emiss\u00f5es locais, gra\u00e7as \u00e0 sua bateria de i\u00f5es de l\u00edtio com 54 kWh. Quando necessitar de recarregamento, o Astra el\u00e9trico a bateria pode ser ter at\u00e9 80 por cento da capacidade da bateria carregada numa esta\u00e7\u00e3o r\u00e1pida de 100 kW, de corrente cont\u00ednua, em cerca de 30 minutos. Ao mesmo tempo, o Astra Electric proporciona muito prazer de condu\u00e7\u00e3o. O motor el\u00e9trico com 115 kW\/156 cv de pot\u00eancia e 270 Nm de bin\u00e1rio assegura arranques r\u00e1pidos e uma velocidade m\u00e1xima de 170 km\/h.<\/p>\n\n\n\n<p>Tamb\u00e9m a nova submarca GSe representa o mais puro prazer de condu\u00e7\u00e3o. Dois dos modelos topo de gama \u201cGrand Sport Electric\u201d foram vistos em Bruxelas: o\u00a0<strong>Opel Astra Sports Tourer GSe\u00a0<\/strong>e o<strong>\u00a0Opel Grandland GSe<\/strong>. Em compara\u00e7\u00e3o com os seus\u00a0<em>irm\u00e3os<\/em>, os modelos GSe s\u00e3o concebidos para serem ainda mais \u00e1geis e precisos. A dire\u00e7\u00e3o, suspens\u00e3o e trav\u00f5es respondem de uma forma mais imediata e direta a qualquer comando e exig\u00eancia do condutor. Dependendo da situa\u00e7\u00e3o, a tecnologia KONI FSD permite diferentes caracter\u00edsticas de amortecimento para um comportamento din\u00e2mico preciso e um elevado conforto em igual medida. <\/p>\n\n\n\n<p>Os dados relativos \u00e0 sua performance falam por si: com uma pot\u00eancia de 165 kW\/225 cv e um bin\u00e1rio m\u00e1ximo de 360 Nm, tanto o novo Astra Sports Tourer GSe como o Astra GSe de cinco portas oferecem pura emo\u00e7\u00e3o (consumo de combust\u00edvel WLTP<a href=\"\/\/A58518B7-121E-49AE-B011-5130B41381D2#_ftn2\"><sup>[2]<\/sup><\/a>: 1,2-1,1 l\/100 km, emiss\u00f5es de CO<sub>2<\/sub>\u00a0de 26-25 g\/km; valores combinados). <\/p>\n\n\n\n<p>J\u00e1 o Grandland GSe disponibiliza a pot\u00eancia de um motor turbo, a gasolina, com uma cilindrada de 1,6 litros combinada com a de dois motores el\u00e9tricos &#8211; um em cada eixo. Entrega uma pot\u00eancia total de 221 kW\/300 cv (consumo de combust\u00edvel WLTP<sup>3<\/sup>: 1,2 l\/100 km, emiss\u00f5es de CO<sub>2<\/sub>\u00a028-27 g\/km; valores combinados, ponderados) e um poderoso bin\u00e1rio m\u00e1ximo de 520 Nm. <\/p>\n\n\n\n<p>A propuls\u00e3o h\u00edbrida\u00a0<em>plug-in<\/em>torna o Grandland GSe num SUV de desempenho emocionante com tra\u00e7\u00e3o permanente el\u00e9trica a todas as rodas e a excelente motricidade assegura a melhor acelera\u00e7\u00e3o da classe a partir de um arranque parado. O Grandland GSe cumpre o\u00a0<em>sprint<\/em>\u00a0de 0 a 100 km\/h em apenas 6,1 segundos e atinge uma velocidade m\u00e1xima de 235 km\/h (135 km\/h em modo puramente el\u00e9trico).<\/p>\n\n\n\n<figure class=\"wp-block-image size-large\"><img decoding=\"async\" width=\"1024\" height=\"683\" src=\"https:\/\/automotiverevista.pt\/wp-content\/uploads\/2023\/01\/Opel-5-1024x683.jpg\" alt=\"\" class=\"wp-image-1991\" srcset=\"https:\/\/automotiverevista.pt\/wp-content\/uploads\/2023\/01\/Opel-5-1024x683.jpg 1024w, https:\/\/automotiverevista.pt\/wp-content\/uploads\/2023\/01\/Opel-5-300x200.jpg 300w, https:\/\/automotiverevista.pt\/wp-content\/uploads\/2023\/01\/Opel-5-768x512.jpg 768w, https:\/\/automotiverevista.pt\/wp-content\/uploads\/2023\/01\/Opel-5-1536x1024.jpg 1536w, https:\/\/automotiverevista.pt\/wp-content\/uploads\/2023\/01\/Opel-5-2048x1366.jpg 2048w, https:\/\/automotiverevista.pt\/wp-content\/uploads\/2023\/01\/Opel-5-750x500.jpg 750w, https:\/\/automotiverevista.pt\/wp-content\/uploads\/2023\/01\/Opel-5-1140x760.jpg 1140w\" sizes=\"(max-width: 1024px) 100vw, 1024px\" \/><\/figure>\n\n\n\n<p><strong>Mais potente, mais longe e sem emiss\u00f5es locais: O Opel Mokka Electric<\/strong><\/p>\n\n\n\n<p>O\u00a0<strong>Opel Mokka Electric<\/strong>, vencedor do &#8220;<a href=\"https:\/\/www.media.stellantis.com\/pt-pt\/opel\/press\/novo-opel-mokka-e-vence-volante-de-ouro-2021\">Volante de Ouro 2021<\/a>&#8221;\u00a0vai estar dispon\u00edvel com uma bateria de maior capacidade, caso o cliente assim o deseje. Com uma aerodin\u00e2mica desenvolvida ao detalhe e com essa nova bateria de 54 kWh a bordo, o Mokka Electric pode percorrer at\u00e9 406 quil\u00f3metros &#8211; em vez dos anteriores 338 quil\u00f3metros &#8211; sem quaisquer emiss\u00f5es locais, de acordo com a norma WLTP- num impressionante ganho superior a 20 por cento. Al\u00e9m disso, o motor el\u00e9trico fornece mais pot\u00eancia, agora com 115 kW\/156 cv e 260 Nm de bin\u00e1rio.<\/p>\n\n\n\n<p>A &#8220;presen\u00e7a eletrificada&#8221; da Opel em Bruxelas completa-se com outras propostas el\u00e9tricas a bateria de outras segmentos &#8211; desde o\u00a0<em>bestseller<\/em>\u00a0compacto Corsa-e e do furg\u00e3o compacto Combo-e, at\u00e9 ao vers\u00e1til Vivaro-e, &#8220;International Van of the Year 2021&#8221;.\u00a0<\/p>\n\n\n\n<figure class=\"wp-block-image size-large\"><img decoding=\"async\" width=\"1024\" height=\"683\" src=\"https:\/\/automotiverevista.pt\/wp-content\/uploads\/2023\/01\/Opel-3-1024x683.jpg\" alt=\"\" class=\"wp-image-1992\" srcset=\"https:\/\/automotiverevista.pt\/wp-content\/uploads\/2023\/01\/Opel-3-1024x683.jpg 1024w, https:\/\/automotiverevista.pt\/wp-content\/uploads\/2023\/01\/Opel-3-300x200.jpg 300w, https:\/\/automotiverevista.pt\/wp-content\/uploads\/2023\/01\/Opel-3-768x512.jpg 768w, https:\/\/automotiverevista.pt\/wp-content\/uploads\/2023\/01\/Opel-3-1536x1024.jpg 1536w, https:\/\/automotiverevista.pt\/wp-content\/uploads\/2023\/01\/Opel-3-2048x1366.jpg 2048w, https:\/\/automotiverevista.pt\/wp-content\/uploads\/2023\/01\/Opel-3-750x500.jpg 750w, https:\/\/automotiverevista.pt\/wp-content\/uploads\/2023\/01\/Opel-3-1140x760.jpg 1140w\" sizes=\"(max-width: 1024px) 100vw, 1024px\" \/><\/figure>\n\n\n\n<hr class=\"wp-block-separator has-alpha-channel-opacity\" \/>\n\n\n\n<p><\/p>\n\n\n\n<p><\/p>\n","protected":false},"excerpt":{"rendered":"<p>A Opel esteve presente na 100\u00aa edi\u00e7\u00e3o do Sal\u00e3o Autom\u00f3vel de Bruxelas, nesta que \u00e9 a primeira grande exposi\u00e7\u00e3o autom\u00f3vel do calend\u00e1rio anual com quatro estreias mundiais orientadas para o futuro: O novo\u00a0Opel Astra Electric, fazendo a sua estreia junto do p\u00fablico, tal como os dois novos topo de gama\u00a0Opel Astra Sports Tourer GSe\u00a0e\u00a0Opel Grandland [&hellip;]<\/p>\n","protected":false},"author":3,"featured_media":1989,"comment_status":"closed","ping_status":"open","sticky":false,"template":"","format":"standard","meta":{"jnews-multi-image_gallery":[],"jnews_single_post":{"subtitle":"","format":"standard","video":"","gallery":"","source_name":"","source_url":"","via_name":"","via_url":"","override_template":"0","override":[{"template":"2","single_blog_custom":"","parallax":"1","fullscreen":"1","layout":"right-sidebar","sidebar":"default-sidebar","second_sidebar":"default-sidebar","sticky_sidebar":"1","share_position":"topbottom","share_float_style":"share-monocrhome","show_share_counter":"0","show_view_counter":"0","show_featured":"1","show_post_meta":"1","show_post_author":"0","show_post_author_image":"1","show_post_date":"1","post_date_format":"default","post_date_format_custom":"Y\/m\/d","show_post_category":"1","show_post_reading_time":"0","post_reading_time_wpm":"300","show_zoom_button":"0","zoom_button_out_step":"2","zoom_button_in_step":"3","show_post_tag":"1","show_prev_next_post":"0","show_popup_post":"1","number_popup_post":"1","show_author_box":"0","show_post_related":"1","show_inline_post_related":"1"}],"override_image_size":"0","image_override":[{"single_post_thumbnail_size":"crop-500","single_post_gallery_size":"crop-500"}],"trending_post":"0","trending_post_position":"meta","trending_post_label":"Trending","sponsored_post":"0","sponsored_post_label":"Sponsored by","sponsored_post_name":"","sponsored_post_url":"","sponsored_post_logo_enable":"0","sponsored_post_logo":"","sponsored_post_desc":"","disable_ad":"0"},"jnews_primary_category":{"id":"","hide":""},"footnotes":""},"categories":[23],"tags":[],"class_list":["post-1988","post","type-post","status-publish","format-standard","has-post-thumbnail","hentry","category-frotas"],"yoast_head":"<!-- This site is optimized with the Yoast SEO Premium plugin v27.5 (Yoast SEO v27.5) - https:\/\/yoast.com\/product\/yoast-seo-premium-wordpress\/ -->\n<title>Uma presen\u00e7a 100% eletrificada: Florian Huettl, CEO da Opel, apresenta quatro estreias mundiais em Bruxelas - Revista Automotive<\/title>\n<meta name=\"robots\" content=\"index, follow, max-snippet:-1, max-image-preview:large, max-video-preview:-1\" \/>\n<link rel=\"canonical\" href=\"https:\/\/automotiverevista.pt\/index.php\/2023\/01\/26\/uma-presenca-100-eletrificada-florian-huettl-ceo-da-opel-apresenta-quatro-estreias-mundiais-em-bruxelas\/\" \/>\n<meta property=\"og:locale\" content=\"pt_PT\" \/>\n<meta property=\"og:type\" content=\"article\" \/>\n<meta property=\"og:title\" content=\"Uma presen\u00e7a 100% eletrificada: Florian Huettl, CEO da Opel, apresenta quatro estreias mundiais em Bruxelas\" \/>\n<meta property=\"og:description\" content=\"A Opel esteve presente na 100\u00aa edi\u00e7\u00e3o do Sal\u00e3o Autom\u00f3vel de Bruxelas, nesta que \u00e9 a primeira grande exposi\u00e7\u00e3o autom\u00f3vel do calend\u00e1rio anual com quatro estreias mundiais orientadas para o futuro: O novo\u00a0Opel Astra Electric, fazendo a sua estreia junto do p\u00fablico, tal como os dois novos topo de gama\u00a0Opel Astra Sports Tourer GSe\u00a0e\u00a0Opel Grandland [&hellip;]\" \/>\n<meta property=\"og:url\" content=\"https:\/\/automotiverevista.pt\/index.php\/2023\/01\/26\/uma-presenca-100-eletrificada-florian-huettl-ceo-da-opel-apresenta-quatro-estreias-mundiais-em-bruxelas\/\" \/>\n<meta property=\"og:site_name\" content=\"Revista Automotive\" \/>\n<meta property=\"article:published_time\" content=\"2023-01-26T14:30:00+00:00\" \/>\n<meta property=\"og:image\" content=\"https:\/\/automotiverevista.pt\/wp-content\/uploads\/2023\/01\/FotoAbertura-1-scaled.jpg\" \/>\n\t<meta property=\"og:image:width\" content=\"2560\" \/>\n\t<meta property=\"og:image:height\" content=\"1707\" \/>\n\t<meta property=\"og:image:type\" content=\"image\/jpeg\" \/>\n<meta name=\"author\" content=\"MiguelMarques\" \/>\n<meta name=\"twitter:card\" content=\"summary_large_image\" \/>\n<meta name=\"twitter:label1\" content=\"Escrito por\" \/>\n\t<meta name=\"twitter:data1\" content=\"MiguelMarques\" \/>\n\t<meta name=\"twitter:label2\" content=\"Tempo estimado de leitura\" \/>\n\t<meta name=\"twitter:data2\" content=\"5 minutos\" \/>\n<script type=\"application\/ld+json\" class=\"yoast-schema-graph\">{\"@context\":\"https:\\\/\\\/schema.org\",\"@graph\":[{\"@type\":\"Article\",\"@id\":\"https:\\\/\\\/automotiverevista.pt\\\/index.php\\\/2023\\\/01\\\/26\\\/uma-presenca-100-eletrificada-florian-huettl-ceo-da-opel-apresenta-quatro-estreias-mundiais-em-bruxelas\\\/#article\",\"isPartOf\":{\"@id\":\"https:\\\/\\\/automotiverevista.pt\\\/index.php\\\/2023\\\/01\\\/26\\\/uma-presenca-100-eletrificada-florian-huettl-ceo-da-opel-apresenta-quatro-estreias-mundiais-em-bruxelas\\\/\"},\"author\":{\"name\":\"MiguelMarques\",\"@id\":\"https:\\\/\\\/automotiverevista.pt\\\/#\\\/schema\\\/person\\\/d705335f9c428a4a0cae3d11afb2e0ef\"},\"headline\":\"Uma presen\u00e7a 100% eletrificada: Florian Huettl, CEO da Opel, apresenta quatro estreias mundiais em Bruxelas\",\"datePublished\":\"2023-01-26T14:30:00+00:00\",\"mainEntityOfPage\":{\"@id\":\"https:\\\/\\\/automotiverevista.pt\\\/index.php\\\/2023\\\/01\\\/26\\\/uma-presenca-100-eletrificada-florian-huettl-ceo-da-opel-apresenta-quatro-estreias-mundiais-em-bruxelas\\\/\"},\"wordCount\":860,\"publisher\":{\"@id\":\"https:\\\/\\\/automotiverevista.pt\\\/#organization\"},\"image\":{\"@id\":\"https:\\\/\\\/automotiverevista.pt\\\/index.php\\\/2023\\\/01\\\/26\\\/uma-presenca-100-eletrificada-florian-huettl-ceo-da-opel-apresenta-quatro-estreias-mundiais-em-bruxelas\\\/#primaryimage\"},\"thumbnailUrl\":\"https:\\\/\\\/automotiverevista.pt\\\/wp-content\\\/uploads\\\/2023\\\/01\\\/FotoAbertura-1-scaled.jpg\",\"articleSection\":[\"Frotas\"],\"inLanguage\":\"pt-PT\"},{\"@type\":\"WebPage\",\"@id\":\"https:\\\/\\\/automotiverevista.pt\\\/index.php\\\/2023\\\/01\\\/26\\\/uma-presenca-100-eletrificada-florian-huettl-ceo-da-opel-apresenta-quatro-estreias-mundiais-em-bruxelas\\\/\",\"url\":\"https:\\\/\\\/automotiverevista.pt\\\/index.php\\\/2023\\\/01\\\/26\\\/uma-presenca-100-eletrificada-florian-huettl-ceo-da-opel-apresenta-quatro-estreias-mundiais-em-bruxelas\\\/\",\"name\":\"Uma presen\u00e7a 100% eletrificada: Florian Huettl, CEO da Opel, apresenta quatro estreias mundiais em Bruxelas - Revista Automotive\",\"isPartOf\":{\"@id\":\"https:\\\/\\\/automotiverevista.pt\\\/#website\"},\"primaryImageOfPage\":{\"@id\":\"https:\\\/\\\/automotiverevista.pt\\\/index.php\\\/2023\\\/01\\\/26\\\/uma-presenca-100-eletrificada-florian-huettl-ceo-da-opel-apresenta-quatro-estreias-mundiais-em-bruxelas\\\/#primaryimage\"},\"image\":{\"@id\":\"https:\\\/\\\/automotiverevista.pt\\\/index.php\\\/2023\\\/01\\\/26\\\/uma-presenca-100-eletrificada-florian-huettl-ceo-da-opel-apresenta-quatro-estreias-mundiais-em-bruxelas\\\/#primaryimage\"},\"thumbnailUrl\":\"https:\\\/\\\/automotiverevista.pt\\\/wp-content\\\/uploads\\\/2023\\\/01\\\/FotoAbertura-1-scaled.jpg\",\"datePublished\":\"2023-01-26T14:30:00+00:00\",\"breadcrumb\":{\"@id\":\"https:\\\/\\\/automotiverevista.pt\\\/index.php\\\/2023\\\/01\\\/26\\\/uma-presenca-100-eletrificada-florian-huettl-ceo-da-opel-apresenta-quatro-estreias-mundiais-em-bruxelas\\\/#breadcrumb\"},\"inLanguage\":\"pt-PT\",\"potentialAction\":[{\"@type\":\"ReadAction\",\"target\":[\"https:\\\/\\\/automotiverevista.pt\\\/index.php\\\/2023\\\/01\\\/26\\\/uma-presenca-100-eletrificada-florian-huettl-ceo-da-opel-apresenta-quatro-estreias-mundiais-em-bruxelas\\\/\"]}]},{\"@type\":\"ImageObject\",\"inLanguage\":\"pt-PT\",\"@id\":\"https:\\\/\\\/automotiverevista.pt\\\/index.php\\\/2023\\\/01\\\/26\\\/uma-presenca-100-eletrificada-florian-huettl-ceo-da-opel-apresenta-quatro-estreias-mundiais-em-bruxelas\\\/#primaryimage\",\"url\":\"https:\\\/\\\/automotiverevista.pt\\\/wp-content\\\/uploads\\\/2023\\\/01\\\/FotoAbertura-1-scaled.jpg\",\"contentUrl\":\"https:\\\/\\\/automotiverevista.pt\\\/wp-content\\\/uploads\\\/2023\\\/01\\\/FotoAbertura-1-scaled.jpg\",\"width\":2560,\"height\":1707},{\"@type\":\"BreadcrumbList\",\"@id\":\"https:\\\/\\\/automotiverevista.pt\\\/index.php\\\/2023\\\/01\\\/26\\\/uma-presenca-100-eletrificada-florian-huettl-ceo-da-opel-apresenta-quatro-estreias-mundiais-em-bruxelas\\\/#breadcrumb\",\"itemListElement\":[{\"@type\":\"ListItem\",\"position\":1,\"name\":\"Home\",\"item\":\"https:\\\/\\\/automotiverevista.pt\\\/\"},{\"@type\":\"ListItem\",\"position\":2,\"name\":\"Uma presen\u00e7a 100% eletrificada: Florian Huettl, CEO da Opel, apresenta quatro estreias mundiais em Bruxelas\"}]},{\"@type\":\"WebSite\",\"@id\":\"https:\\\/\\\/automotiverevista.pt\\\/#website\",\"url\":\"https:\\\/\\\/automotiverevista.pt\\\/\",\"name\":\"Revista Automotive\",\"description\":\"Revista Automotive Portugal\",\"publisher\":{\"@id\":\"https:\\\/\\\/automotiverevista.pt\\\/#organization\"},\"potentialAction\":[{\"@type\":\"SearchAction\",\"target\":{\"@type\":\"EntryPoint\",\"urlTemplate\":\"https:\\\/\\\/automotiverevista.pt\\\/?s={search_term_string}\"},\"query-input\":{\"@type\":\"PropertyValueSpecification\",\"valueRequired\":true,\"valueName\":\"search_term_string\"}}],\"inLanguage\":\"pt-PT\"},{\"@type\":\"Organization\",\"@id\":\"https:\\\/\\\/automotiverevista.pt\\\/#organization\",\"name\":\"Revista Automotive Portugal\",\"url\":\"https:\\\/\\\/automotiverevista.pt\\\/\",\"logo\":{\"@type\":\"ImageObject\",\"inLanguage\":\"pt-PT\",\"@id\":\"https:\\\/\\\/automotiverevista.pt\\\/#\\\/schema\\\/logo\\\/image\\\/\",\"url\":\"https:\\\/\\\/automotiverevista.pt\\\/wp-content\\\/uploads\\\/2022\\\/07\\\/Logo-Automotive-2021_500-1.jpg\",\"contentUrl\":\"https:\\\/\\\/automotiverevista.pt\\\/wp-content\\\/uploads\\\/2022\\\/07\\\/Logo-Automotive-2021_500-1.jpg\",\"width\":500,\"height\":160,\"caption\":\"Revista Automotive Portugal\"},\"image\":{\"@id\":\"https:\\\/\\\/automotiverevista.pt\\\/#\\\/schema\\\/logo\\\/image\\\/\"},\"sameAs\":[\"https:\\\/\\\/linkedin.com\\\/in\\\/automotiverevista\"]},{\"@type\":\"Person\",\"@id\":\"https:\\\/\\\/automotiverevista.pt\\\/#\\\/schema\\\/person\\\/d705335f9c428a4a0cae3d11afb2e0ef\",\"name\":\"MiguelMarques\",\"image\":{\"@type\":\"ImageObject\",\"inLanguage\":\"pt-PT\",\"@id\":\"https:\\\/\\\/secure.gravatar.com\\\/avatar\\\/635d1f118671d87c579d5e4f6491bfc0081e3bbddd605eb321931e9c938270b5?s=96&d=mm&r=g\",\"url\":\"https:\\\/\\\/secure.gravatar.com\\\/avatar\\\/635d1f118671d87c579d5e4f6491bfc0081e3bbddd605eb321931e9c938270b5?s=96&d=mm&r=g\",\"contentUrl\":\"https:\\\/\\\/secure.gravatar.com\\\/avatar\\\/635d1f118671d87c579d5e4f6491bfc0081e3bbddd605eb321931e9c938270b5?s=96&d=mm&r=g\",\"caption\":\"MiguelMarques\"},\"url\":\"https:\\\/\\\/automotiverevista.pt\\\/index.php\\\/author\\\/miguelmarques\\\/\"}]}<\/script>\n<!-- \/ Yoast SEO Premium plugin. -->","yoast_head_json":{"title":"Uma presen\u00e7a 100% eletrificada: Florian Huettl, CEO da Opel, apresenta quatro estreias mundiais em Bruxelas - Revista Automotive","robots":{"index":"index","follow":"follow","max-snippet":"max-snippet:-1","max-image-preview":"max-image-preview:large","max-video-preview":"max-video-preview:-1"},"canonical":"https:\/\/automotiverevista.pt\/index.php\/2023\/01\/26\/uma-presenca-100-eletrificada-florian-huettl-ceo-da-opel-apresenta-quatro-estreias-mundiais-em-bruxelas\/","og_locale":"pt_PT","og_type":"article","og_title":"Uma presen\u00e7a 100% eletrificada: Florian Huettl, CEO da Opel, apresenta quatro estreias mundiais em Bruxelas","og_description":"A Opel esteve presente na 100\u00aa edi\u00e7\u00e3o do Sal\u00e3o Autom\u00f3vel de Bruxelas, nesta que \u00e9 a primeira grande exposi\u00e7\u00e3o autom\u00f3vel do calend\u00e1rio anual com quatro estreias mundiais orientadas para o futuro: O novo\u00a0Opel Astra Electric, fazendo a sua estreia junto do p\u00fablico, tal como os dois novos topo de gama\u00a0Opel Astra Sports Tourer GSe\u00a0e\u00a0Opel Grandland [&hellip;]","og_url":"https:\/\/automotiverevista.pt\/index.php\/2023\/01\/26\/uma-presenca-100-eletrificada-florian-huettl-ceo-da-opel-apresenta-quatro-estreias-mundiais-em-bruxelas\/","og_site_name":"Revista Automotive","article_published_time":"2023-01-26T14:30:00+00:00","og_image":[{"width":2560,"height":1707,"url":"https:\/\/automotiverevista.pt\/wp-content\/uploads\/2023\/01\/FotoAbertura-1-scaled.jpg","type":"image\/jpeg"}],"author":"MiguelMarques","twitter_card":"summary_large_image","twitter_misc":{"Escrito por":"MiguelMarques","Tempo estimado de leitura":"5 minutos"},"schema":{"@context":"https:\/\/schema.org","@graph":[{"@type":"Article","@id":"https:\/\/automotiverevista.pt\/index.php\/2023\/01\/26\/uma-presenca-100-eletrificada-florian-huettl-ceo-da-opel-apresenta-quatro-estreias-mundiais-em-bruxelas\/#article","isPartOf":{"@id":"https:\/\/automotiverevista.pt\/index.php\/2023\/01\/26\/uma-presenca-100-eletrificada-florian-huettl-ceo-da-opel-apresenta-quatro-estreias-mundiais-em-bruxelas\/"},"author":{"name":"MiguelMarques","@id":"https:\/\/automotiverevista.pt\/#\/schema\/person\/d705335f9c428a4a0cae3d11afb2e0ef"},"headline":"Uma presen\u00e7a 100% eletrificada: Florian Huettl, CEO da Opel, apresenta quatro estreias mundiais em Bruxelas","datePublished":"2023-01-26T14:30:00+00:00","mainEntityOfPage":{"@id":"https:\/\/automotiverevista.pt\/index.php\/2023\/01\/26\/uma-presenca-100-eletrificada-florian-huettl-ceo-da-opel-apresenta-quatro-estreias-mundiais-em-bruxelas\/"},"wordCount":860,"publisher":{"@id":"https:\/\/automotiverevista.pt\/#organization"},"image":{"@id":"https:\/\/automotiverevista.pt\/index.php\/2023\/01\/26\/uma-presenca-100-eletrificada-florian-huettl-ceo-da-opel-apresenta-quatro-estreias-mundiais-em-bruxelas\/#primaryimage"},"thumbnailUrl":"https:\/\/automotiverevista.pt\/wp-content\/uploads\/2023\/01\/FotoAbertura-1-scaled.jpg","articleSection":["Frotas"],"inLanguage":"pt-PT"},{"@type":"WebPage","@id":"https:\/\/automotiverevista.pt\/index.php\/2023\/01\/26\/uma-presenca-100-eletrificada-florian-huettl-ceo-da-opel-apresenta-quatro-estreias-mundiais-em-bruxelas\/","url":"https:\/\/automotiverevista.pt\/index.php\/2023\/01\/26\/uma-presenca-100-eletrificada-florian-huettl-ceo-da-opel-apresenta-quatro-estreias-mundiais-em-bruxelas\/","name":"Uma presen\u00e7a 100% eletrificada: Florian Huettl, CEO da Opel, apresenta quatro estreias mundiais em Bruxelas - Revista Automotive","isPartOf":{"@id":"https:\/\/automotiverevista.pt\/#website"},"primaryImageOfPage":{"@id":"https:\/\/automotiverevista.pt\/index.php\/2023\/01\/26\/uma-presenca-100-eletrificada-florian-huettl-ceo-da-opel-apresenta-quatro-estreias-mundiais-em-bruxelas\/#primaryimage"},"image":{"@id":"https:\/\/automotiverevista.pt\/index.php\/2023\/01\/26\/uma-presenca-100-eletrificada-florian-huettl-ceo-da-opel-apresenta-quatro-estreias-mundiais-em-bruxelas\/#primaryimage"},"thumbnailUrl":"https:\/\/automotiverevista.pt\/wp-content\/uploads\/2023\/01\/FotoAbertura-1-scaled.jpg","datePublished":"2023-01-26T14:30:00+00:00","breadcrumb":{"@id":"https:\/\/automotiverevista.pt\/index.php\/2023\/01\/26\/uma-presenca-100-eletrificada-florian-huettl-ceo-da-opel-apresenta-quatro-estreias-mundiais-em-bruxelas\/#breadcrumb"},"inLanguage":"pt-PT","potentialAction":[{"@type":"ReadAction","target":["https:\/\/automotiverevista.pt\/index.php\/2023\/01\/26\/uma-presenca-100-eletrificada-florian-huettl-ceo-da-opel-apresenta-quatro-estreias-mundiais-em-bruxelas\/"]}]},{"@type":"ImageObject","inLanguage":"pt-PT","@id":"https:\/\/automotiverevista.pt\/index.php\/2023\/01\/26\/uma-presenca-100-eletrificada-florian-huettl-ceo-da-opel-apresenta-quatro-estreias-mundiais-em-bruxelas\/#primaryimage","url":"https:\/\/automotiverevista.pt\/wp-content\/uploads\/2023\/01\/FotoAbertura-1-scaled.jpg","contentUrl":"https:\/\/automotiverevista.pt\/wp-content\/uploads\/2023\/01\/FotoAbertura-1-scaled.jpg","width":2560,"height":1707},{"@type":"BreadcrumbList","@id":"https:\/\/automotiverevista.pt\/index.php\/2023\/01\/26\/uma-presenca-100-eletrificada-florian-huettl-ceo-da-opel-apresenta-quatro-estreias-mundiais-em-bruxelas\/#breadcrumb","itemListElement":[{"@type":"ListItem","position":1,"name":"Home","item":"https:\/\/automotiverevista.pt\/"},{"@type":"ListItem","position":2,"name":"Uma presen\u00e7a 100% eletrificada: Florian Huettl, CEO da Opel, apresenta quatro estreias mundiais em Bruxelas"}]},{"@type":"WebSite","@id":"https:\/\/automotiverevista.pt\/#website","url":"https:\/\/automotiverevista.pt\/","name":"Revista Automotive","description":"Revista Automotive Portugal","publisher":{"@id":"https:\/\/automotiverevista.pt\/#organization"},"potentialAction":[{"@type":"SearchAction","target":{"@type":"EntryPoint","urlTemplate":"https:\/\/automotiverevista.pt\/?s={search_term_string}"},"query-input":{"@type":"PropertyValueSpecification","valueRequired":true,"valueName":"search_term_string"}}],"inLanguage":"pt-PT"},{"@type":"Organization","@id":"https:\/\/automotiverevista.pt\/#organization","name":"Revista Automotive Portugal","url":"https:\/\/automotiverevista.pt\/","logo":{"@type":"ImageObject","inLanguage":"pt-PT","@id":"https:\/\/automotiverevista.pt\/#\/schema\/logo\/image\/","url":"https:\/\/automotiverevista.pt\/wp-content\/uploads\/2022\/07\/Logo-Automotive-2021_500-1.jpg","contentUrl":"https:\/\/automotiverevista.pt\/wp-content\/uploads\/2022\/07\/Logo-Automotive-2021_500-1.jpg","width":500,"height":160,"caption":"Revista Automotive Portugal"},"image":{"@id":"https:\/\/automotiverevista.pt\/#\/schema\/logo\/image\/"},"sameAs":["https:\/\/linkedin.com\/in\/automotiverevista"]},{"@type":"Person","@id":"https:\/\/automotiverevista.pt\/#\/schema\/person\/d705335f9c428a4a0cae3d11afb2e0ef","name":"MiguelMarques","image":{"@type":"ImageObject","inLanguage":"pt-PT","@id":"https:\/\/secure.gravatar.com\/avatar\/635d1f118671d87c579d5e4f6491bfc0081e3bbddd605eb321931e9c938270b5?s=96&d=mm&r=g","url":"https:\/\/secure.gravatar.com\/avatar\/635d1f118671d87c579d5e4f6491bfc0081e3bbddd605eb321931e9c938270b5?s=96&d=mm&r=g","contentUrl":"https:\/\/secure.gravatar.com\/avatar\/635d1f118671d87c579d5e4f6491bfc0081e3bbddd605eb321931e9c938270b5?s=96&d=mm&r=g","caption":"MiguelMarques"},"url":"https:\/\/automotiverevista.pt\/index.php\/author\/miguelmarques\/"}]}},"_links":{"self":[{"href":"https:\/\/automotiverevista.pt\/index.php\/wp-json\/wp\/v2\/posts\/1988","targetHints":{"allow":["GET"]}}],"collection":[{"href":"https:\/\/automotiverevista.pt\/index.php\/wp-json\/wp\/v2\/posts"}],"about":[{"href":"https:\/\/automotiverevista.pt\/index.php\/wp-json\/wp\/v2\/types\/post"}],"author":[{"embeddable":true,"href":"https:\/\/automotiverevista.pt\/index.php\/wp-json\/wp\/v2\/users\/3"}],"replies":[{"embeddable":true,"href":"https:\/\/automotiverevista.pt\/index.php\/wp-json\/wp\/v2\/comments?post=1988"}],"version-history":[{"count":1,"href":"https:\/\/automotiverevista.pt\/index.php\/wp-json\/wp\/v2\/posts\/1988\/revisions"}],"predecessor-version":[{"id":1993,"href":"https:\/\/automotiverevista.pt\/index.php\/wp-json\/wp\/v2\/posts\/1988\/revisions\/1993"}],"wp:featuredmedia":[{"embeddable":true,"href":"https:\/\/automotiverevista.pt\/index.php\/wp-json\/wp\/v2\/media\/1989"}],"wp:attachment":[{"href":"https:\/\/automotiverevista.pt\/index.php\/wp-json\/wp\/v2\/media?parent=1988"}],"wp:term":[{"taxonomy":"category","embeddable":true,"href":"https:\/\/automotiverevista.pt\/index.php\/wp-json\/wp\/v2\/categories?post=1988"},{"taxonomy":"post_tag","embeddable":true,"href":"https:\/\/automotiverevista.pt\/index.php\/wp-json\/wp\/v2\/tags?post=1988"}],"curies":[{"name":"wp","href":"https:\/\/api.w.org\/{rel}","templated":true}]}}