{"id":2116,"date":"2023-02-07T06:00:00","date_gmt":"2023-02-07T06:00:00","guid":{"rendered":"https:\/\/automotiverevista.pt\/?p=2116"},"modified":"2023-02-06T21:09:22","modified_gmt":"2023-02-06T21:09:22","slug":"toyota-estreia-a-quinta-geracao-do-prius-em-versao-hibrida-plug-in","status":"publish","type":"post","link":"https:\/\/automotiverevista.pt\/index.php\/2023\/02\/07\/toyota-estreia-a-quinta-geracao-do-prius-em-versao-hibrida-plug-in\/","title":{"rendered":"<strong>Toyota estreia a quinta gera\u00e7\u00e3o do Prius, em vers\u00e3o h\u00edbrida plug-in<\/strong>"},"content":{"rendered":"\n<p>Fiel ao seu&nbsp;longo&nbsp;legado&nbsp;de&nbsp;inova\u00e7\u00e3o,&nbsp;o&nbsp;Prius&nbsp;chega&nbsp;mais eficiente, com uma&nbsp;silhueta&nbsp;elegante e s\u00f3bria,&nbsp;desenhada&nbsp;para optimizar&nbsp;o&nbsp;fluxo&nbsp;de&nbsp;ar, efici\u00eancia&nbsp;de combust\u00edvel, conforto e&nbsp;estabilidade.<\/p>\n\n\n\n<p>A&nbsp;altura foi reduzida&nbsp;em&nbsp;50&nbsp;mm,&nbsp;ao&nbsp;mover&nbsp;o&nbsp;pico&nbsp;do&nbsp;teto&nbsp;para&nbsp;tr\u00e1s,&nbsp;e&nbsp;as jantes&nbsp;e&nbsp;pneus&nbsp;apresentammaior di\u00e2metro (at\u00e9 19&nbsp;polegadas),&nbsp;fortalecendo assim a gama multi-tecnol\u00f3gica que inclui el\u00e9tricos&nbsp;abateria&nbsp;(BEV)&nbsp;e&nbsp;el\u00e9tricos&nbsp;a&nbsp;pilha&nbsp;de&nbsp;combust\u00edvel&nbsp;\u2014 fuel&nbsp;cell&nbsp;(FCEV),&nbsp;proporcionando maior efici\u00eancia e uma redu\u00e7\u00e3o de emiss\u00f5es de&nbsp;carbono.<\/p>\n\n\n\n<p>&nbsp;O sistema H\u00edbrido Plug-in \u00e9 uma evolu\u00e7\u00e3o completa&nbsp;com&nbsp;pot\u00eancia&nbsp;melhorada&nbsp;atrav\u00e9s&nbsp;de&nbsp;umabateria&nbsp;de&nbsp;alta&nbsp;capacidade.&nbsp;<\/p>\n\n\n\n<p>Um&nbsp;motor el\u00e9trico mais potente e um motor de dois litros produzem uma pot\u00eancia combinada de 223 cv (164 kW) proporcionando uma forte acelera\u00e7\u00e3o. Por sua vez, a plataforma GA-C de&nbsp;segunda gera\u00e7\u00e3o da Toyota New Global Architecture (TNGA), reduz o peso e aumenta a rigidez.&nbsp;<\/p>\n\n\n\n<p>Comercializa\u00e7\u00e3o&nbsp;prevista&nbsp;em&nbsp;Portugal&nbsp;no&nbsp;fim&nbsp;do&nbsp;primeiro&nbsp;semestre&nbsp;de&nbsp;2023.<\/p>\n","protected":false},"excerpt":{"rendered":"<p>Fiel ao seu&nbsp;longo&nbsp;legado&nbsp;de&nbsp;inova\u00e7\u00e3o,&nbsp;o&nbsp;Prius&nbsp;chega&nbsp;mais eficiente, com uma&nbsp;silhueta&nbsp;elegante e s\u00f3bria,&nbsp;desenhada&nbsp;para optimizar&nbsp;o&nbsp;fluxo&nbsp;de&nbsp;ar, efici\u00eancia&nbsp;de combust\u00edvel, conforto e&nbsp;estabilidade. A&nbsp;altura foi reduzida&nbsp;em&nbsp;50&nbsp;mm,&nbsp;ao&nbsp;mover&nbsp;o&nbsp;pico&nbsp;do&nbsp;teto&nbsp;para&nbsp;tr\u00e1s,&nbsp;e&nbsp;as jantes&nbsp;e&nbsp;pneus&nbsp;apresentammaior di\u00e2metro (at\u00e9 19&nbsp;polegadas),&nbsp;fortalecendo assim a gama multi-tecnol\u00f3gica que inclui el\u00e9tricos&nbsp;abateria&nbsp;(BEV)&nbsp;e&nbsp;el\u00e9tricos&nbsp;a&nbsp;pilha&nbsp;de&nbsp;combust\u00edvel&nbsp;\u2014 fuel&nbsp;cell&nbsp;(FCEV),&nbsp;proporcionando maior efici\u00eancia e uma redu\u00e7\u00e3o de emiss\u00f5es de&nbsp;carbono. &nbsp;O sistema H\u00edbrido Plug-in \u00e9 uma evolu\u00e7\u00e3o completa&nbsp;com&nbsp;pot\u00eancia&nbsp;melhorada&nbsp;atrav\u00e9s&nbsp;de&nbsp;umabateria&nbsp;de&nbsp;alta&nbsp;capacidade.&nbsp; Um&nbsp;motor el\u00e9trico mais potente e um motor de dois litros produzem [&hellip;]<\/p>\n","protected":false},"author":3,"featured_media":2117,"comment_status":"closed","ping_status":"open","sticky":false,"template":"","format":"standard","meta":{"jnews-multi-image_gallery":[],"jnews_single_post":{"subtitle":"","format":"standard","video":"","gallery":"","source_name":"","source_url":"","via_name":"","via_url":"","override_template":"0","override":[{"template":"2","single_blog_custom":"","parallax":"1","fullscreen":"1","layout":"right-sidebar","sidebar":"default-sidebar","second_sidebar":"default-sidebar","sticky_sidebar":"1","share_position":"topbottom","share_float_style":"share-monocrhome","show_share_counter":"0","show_view_counter":"0","show_featured":"1","show_post_meta":"1","show_post_author":"0","show_post_author_image":"1","show_post_date":"1","post_date_format":"default","post_date_format_custom":"Y\/m\/d","show_post_category":"1","show_post_reading_time":"0","post_reading_time_wpm":"300","show_zoom_button":"0","zoom_button_out_step":"2","zoom_button_in_step":"3","show_post_tag":"1","show_prev_next_post":"0","show_popup_post":"1","number_popup_post":"1","show_author_box":"0","show_post_related":"1","show_inline_post_related":"1"}],"override_image_size":"0","image_override":[{"single_post_thumbnail_size":"crop-500","single_post_gallery_size":"crop-500"}],"trending_post":"0","trending_post_position":"meta","trending_post_label":"Trending","sponsored_post":"0","sponsored_post_label":"Sponsored by","sponsored_post_name":"","sponsored_post_url":"","sponsored_post_logo_enable":"0","sponsored_post_logo":"","sponsored_post_desc":"","disable_ad":"0"},"jnews_primary_category":{"id":"","hide":""},"footnotes":""},"categories":[23],"tags":[],"class_list":["post-2116","post","type-post","status-publish","format-standard","has-post-thumbnail","hentry","category-frotas"],"yoast_head":"<!-- This site is optimized with the Yoast SEO Premium plugin v27.2 (Yoast SEO v27.5) - https:\/\/yoast.com\/product\/yoast-seo-premium-wordpress\/ -->\n<title>Toyota estreia a quinta gera\u00e7\u00e3o do Prius, em vers\u00e3o h\u00edbrida plug-in - Revista Automotive<\/title>\n<meta name=\"robots\" content=\"index, follow, max-snippet:-1, max-image-preview:large, max-video-preview:-1\" \/>\n<link rel=\"canonical\" href=\"https:\/\/automotiverevista.pt\/index.php\/2023\/02\/07\/toyota-estreia-a-quinta-geracao-do-prius-em-versao-hibrida-plug-in\/\" \/>\n<meta property=\"og:locale\" content=\"pt_PT\" \/>\n<meta property=\"og:type\" content=\"article\" \/>\n<meta property=\"og:title\" content=\"Toyota estreia a quinta gera\u00e7\u00e3o do Prius, em vers\u00e3o h\u00edbrida plug-in\" \/>\n<meta property=\"og:description\" content=\"Fiel ao seu&nbsp;longo&nbsp;legado&nbsp;de&nbsp;inova\u00e7\u00e3o,&nbsp;o&nbsp;Prius&nbsp;chega&nbsp;mais eficiente, com uma&nbsp;silhueta&nbsp;elegante e s\u00f3bria,&nbsp;desenhada&nbsp;para optimizar&nbsp;o&nbsp;fluxo&nbsp;de&nbsp;ar, efici\u00eancia&nbsp;de combust\u00edvel, conforto e&nbsp;estabilidade. A&nbsp;altura foi reduzida&nbsp;em&nbsp;50&nbsp;mm,&nbsp;ao&nbsp;mover&nbsp;o&nbsp;pico&nbsp;do&nbsp;teto&nbsp;para&nbsp;tr\u00e1s,&nbsp;e&nbsp;as jantes&nbsp;e&nbsp;pneus&nbsp;apresentammaior di\u00e2metro (at\u00e9 19&nbsp;polegadas),&nbsp;fortalecendo assim a gama multi-tecnol\u00f3gica que inclui el\u00e9tricos&nbsp;abateria&nbsp;(BEV)&nbsp;e&nbsp;el\u00e9tricos&nbsp;a&nbsp;pilha&nbsp;de&nbsp;combust\u00edvel&nbsp;\u2014 fuel&nbsp;cell&nbsp;(FCEV),&nbsp;proporcionando maior efici\u00eancia e uma redu\u00e7\u00e3o de emiss\u00f5es de&nbsp;carbono. &nbsp;O sistema H\u00edbrido Plug-in \u00e9 uma evolu\u00e7\u00e3o completa&nbsp;com&nbsp;pot\u00eancia&nbsp;melhorada&nbsp;atrav\u00e9s&nbsp;de&nbsp;umabateria&nbsp;de&nbsp;alta&nbsp;capacidade.&nbsp; Um&nbsp;motor el\u00e9trico mais potente e um motor de dois litros produzem [&hellip;]\" \/>\n<meta property=\"og:url\" content=\"https:\/\/automotiverevista.pt\/index.php\/2023\/02\/07\/toyota-estreia-a-quinta-geracao-do-prius-em-versao-hibrida-plug-in\/\" \/>\n<meta property=\"og:site_name\" content=\"Revista Automotive\" \/>\n<meta property=\"article:published_time\" content=\"2023-02-07T06:00:00+00:00\" \/>\n<meta property=\"og:image\" content=\"https:\/\/automotiverevista.pt\/wp-content\/uploads\/2023\/02\/2022-PRIUS-PLUG-IN-HYBRID-1920x1080-1.jpg\" \/>\n\t<meta property=\"og:image:width\" content=\"1000\" \/>\n\t<meta property=\"og:image:height\" content=\"563\" \/>\n\t<meta property=\"og:image:type\" content=\"image\/jpeg\" \/>\n<meta name=\"author\" content=\"MiguelMarques\" \/>\n<meta name=\"twitter:card\" content=\"summary_large_image\" \/>\n<meta name=\"twitter:label1\" content=\"Escrito por\" \/>\n\t<meta name=\"twitter:data1\" content=\"MiguelMarques\" \/>\n\t<meta name=\"twitter:label2\" content=\"Tempo estimado de leitura\" \/>\n\t<meta name=\"twitter:data2\" content=\"1 minuto\" \/>\n<script type=\"application\/ld+json\" class=\"yoast-schema-graph\">{\"@context\":\"https:\\\/\\\/schema.org\",\"@graph\":[{\"@type\":\"Article\",\"@id\":\"https:\\\/\\\/automotiverevista.pt\\\/index.php\\\/2023\\\/02\\\/07\\\/toyota-estreia-a-quinta-geracao-do-prius-em-versao-hibrida-plug-in\\\/#article\",\"isPartOf\":{\"@id\":\"https:\\\/\\\/automotiverevista.pt\\\/index.php\\\/2023\\\/02\\\/07\\\/toyota-estreia-a-quinta-geracao-do-prius-em-versao-hibrida-plug-in\\\/\"},\"author\":{\"name\":\"MiguelMarques\",\"@id\":\"https:\\\/\\\/automotiverevista.pt\\\/#\\\/schema\\\/person\\\/d705335f9c428a4a0cae3d11afb2e0ef\"},\"headline\":\"Toyota estreia a quinta gera\u00e7\u00e3o do Prius, em vers\u00e3o h\u00edbrida plug-in\",\"datePublished\":\"2023-02-07T06:00:00+00:00\",\"mainEntityOfPage\":{\"@id\":\"https:\\\/\\\/automotiverevista.pt\\\/index.php\\\/2023\\\/02\\\/07\\\/toyota-estreia-a-quinta-geracao-do-prius-em-versao-hibrida-plug-in\\\/\"},\"wordCount\":263,\"publisher\":{\"@id\":\"https:\\\/\\\/automotiverevista.pt\\\/#organization\"},\"image\":{\"@id\":\"https:\\\/\\\/automotiverevista.pt\\\/index.php\\\/2023\\\/02\\\/07\\\/toyota-estreia-a-quinta-geracao-do-prius-em-versao-hibrida-plug-in\\\/#primaryimage\"},\"thumbnailUrl\":\"https:\\\/\\\/automotiverevista.pt\\\/wp-content\\\/uploads\\\/2023\\\/02\\\/2022-PRIUS-PLUG-IN-HYBRID-1920x1080-1.jpg\",\"articleSection\":[\"Frotas\"],\"inLanguage\":\"pt-PT\"},{\"@type\":\"WebPage\",\"@id\":\"https:\\\/\\\/automotiverevista.pt\\\/index.php\\\/2023\\\/02\\\/07\\\/toyota-estreia-a-quinta-geracao-do-prius-em-versao-hibrida-plug-in\\\/\",\"url\":\"https:\\\/\\\/automotiverevista.pt\\\/index.php\\\/2023\\\/02\\\/07\\\/toyota-estreia-a-quinta-geracao-do-prius-em-versao-hibrida-plug-in\\\/\",\"name\":\"Toyota estreia a quinta gera\u00e7\u00e3o do Prius, em vers\u00e3o h\u00edbrida plug-in - Revista Automotive\",\"isPartOf\":{\"@id\":\"https:\\\/\\\/automotiverevista.pt\\\/#website\"},\"primaryImageOfPage\":{\"@id\":\"https:\\\/\\\/automotiverevista.pt\\\/index.php\\\/2023\\\/02\\\/07\\\/toyota-estreia-a-quinta-geracao-do-prius-em-versao-hibrida-plug-in\\\/#primaryimage\"},\"image\":{\"@id\":\"https:\\\/\\\/automotiverevista.pt\\\/index.php\\\/2023\\\/02\\\/07\\\/toyota-estreia-a-quinta-geracao-do-prius-em-versao-hibrida-plug-in\\\/#primaryimage\"},\"thumbnailUrl\":\"https:\\\/\\\/automotiverevista.pt\\\/wp-content\\\/uploads\\\/2023\\\/02\\\/2022-PRIUS-PLUG-IN-HYBRID-1920x1080-1.jpg\",\"datePublished\":\"2023-02-07T06:00:00+00:00\",\"breadcrumb\":{\"@id\":\"https:\\\/\\\/automotiverevista.pt\\\/index.php\\\/2023\\\/02\\\/07\\\/toyota-estreia-a-quinta-geracao-do-prius-em-versao-hibrida-plug-in\\\/#breadcrumb\"},\"inLanguage\":\"pt-PT\",\"potentialAction\":[{\"@type\":\"ReadAction\",\"target\":[\"https:\\\/\\\/automotiverevista.pt\\\/index.php\\\/2023\\\/02\\\/07\\\/toyota-estreia-a-quinta-geracao-do-prius-em-versao-hibrida-plug-in\\\/\"]}]},{\"@type\":\"ImageObject\",\"inLanguage\":\"pt-PT\",\"@id\":\"https:\\\/\\\/automotiverevista.pt\\\/index.php\\\/2023\\\/02\\\/07\\\/toyota-estreia-a-quinta-geracao-do-prius-em-versao-hibrida-plug-in\\\/#primaryimage\",\"url\":\"https:\\\/\\\/automotiverevista.pt\\\/wp-content\\\/uploads\\\/2023\\\/02\\\/2022-PRIUS-PLUG-IN-HYBRID-1920x1080-1.jpg\",\"contentUrl\":\"https:\\\/\\\/automotiverevista.pt\\\/wp-content\\\/uploads\\\/2023\\\/02\\\/2022-PRIUS-PLUG-IN-HYBRID-1920x1080-1.jpg\",\"width\":1000,\"height\":563},{\"@type\":\"BreadcrumbList\",\"@id\":\"https:\\\/\\\/automotiverevista.pt\\\/index.php\\\/2023\\\/02\\\/07\\\/toyota-estreia-a-quinta-geracao-do-prius-em-versao-hibrida-plug-in\\\/#breadcrumb\",\"itemListElement\":[{\"@type\":\"ListItem\",\"position\":1,\"name\":\"Home\",\"item\":\"https:\\\/\\\/automotiverevista.pt\\\/\"},{\"@type\":\"ListItem\",\"position\":2,\"name\":\"Toyota estreia a quinta gera\u00e7\u00e3o do Prius, em vers\u00e3o h\u00edbrida plug-in\"}]},{\"@type\":\"WebSite\",\"@id\":\"https:\\\/\\\/automotiverevista.pt\\\/#website\",\"url\":\"https:\\\/\\\/automotiverevista.pt\\\/\",\"name\":\"Revista Automotive\",\"description\":\"Revista Automotive Portugal\",\"publisher\":{\"@id\":\"https:\\\/\\\/automotiverevista.pt\\\/#organization\"},\"potentialAction\":[{\"@type\":\"SearchAction\",\"target\":{\"@type\":\"EntryPoint\",\"urlTemplate\":\"https:\\\/\\\/automotiverevista.pt\\\/?s={search_term_string}\"},\"query-input\":{\"@type\":\"PropertyValueSpecification\",\"valueRequired\":true,\"valueName\":\"search_term_string\"}}],\"inLanguage\":\"pt-PT\"},{\"@type\":\"Organization\",\"@id\":\"https:\\\/\\\/automotiverevista.pt\\\/#organization\",\"name\":\"Revista Automotive Portugal\",\"url\":\"https:\\\/\\\/automotiverevista.pt\\\/\",\"logo\":{\"@type\":\"ImageObject\",\"inLanguage\":\"pt-PT\",\"@id\":\"https:\\\/\\\/automotiverevista.pt\\\/#\\\/schema\\\/logo\\\/image\\\/\",\"url\":\"https:\\\/\\\/automotiverevista.pt\\\/wp-content\\\/uploads\\\/2022\\\/07\\\/Logo-Automotive-2021_500-1.jpg\",\"contentUrl\":\"https:\\\/\\\/automotiverevista.pt\\\/wp-content\\\/uploads\\\/2022\\\/07\\\/Logo-Automotive-2021_500-1.jpg\",\"width\":500,\"height\":160,\"caption\":\"Revista Automotive Portugal\"},\"image\":{\"@id\":\"https:\\\/\\\/automotiverevista.pt\\\/#\\\/schema\\\/logo\\\/image\\\/\"},\"sameAs\":[\"https:\\\/\\\/linkedin.com\\\/in\\\/automotiverevista\"]},{\"@type\":\"Person\",\"@id\":\"https:\\\/\\\/automotiverevista.pt\\\/#\\\/schema\\\/person\\\/d705335f9c428a4a0cae3d11afb2e0ef\",\"name\":\"MiguelMarques\",\"image\":{\"@type\":\"ImageObject\",\"inLanguage\":\"pt-PT\",\"@id\":\"https:\\\/\\\/secure.gravatar.com\\\/avatar\\\/635d1f118671d87c579d5e4f6491bfc0081e3bbddd605eb321931e9c938270b5?s=96&d=mm&r=g\",\"url\":\"https:\\\/\\\/secure.gravatar.com\\\/avatar\\\/635d1f118671d87c579d5e4f6491bfc0081e3bbddd605eb321931e9c938270b5?s=96&d=mm&r=g\",\"contentUrl\":\"https:\\\/\\\/secure.gravatar.com\\\/avatar\\\/635d1f118671d87c579d5e4f6491bfc0081e3bbddd605eb321931e9c938270b5?s=96&d=mm&r=g\",\"caption\":\"MiguelMarques\"},\"url\":\"https:\\\/\\\/automotiverevista.pt\\\/index.php\\\/author\\\/miguelmarques\\\/\"}]}<\/script>\n<!-- \/ Yoast SEO Premium plugin. -->","yoast_head_json":{"title":"Toyota estreia a quinta gera\u00e7\u00e3o do Prius, em vers\u00e3o h\u00edbrida plug-in - Revista Automotive","robots":{"index":"index","follow":"follow","max-snippet":"max-snippet:-1","max-image-preview":"max-image-preview:large","max-video-preview":"max-video-preview:-1"},"canonical":"https:\/\/automotiverevista.pt\/index.php\/2023\/02\/07\/toyota-estreia-a-quinta-geracao-do-prius-em-versao-hibrida-plug-in\/","og_locale":"pt_PT","og_type":"article","og_title":"Toyota estreia a quinta gera\u00e7\u00e3o do Prius, em vers\u00e3o h\u00edbrida plug-in","og_description":"Fiel ao seu&nbsp;longo&nbsp;legado&nbsp;de&nbsp;inova\u00e7\u00e3o,&nbsp;o&nbsp;Prius&nbsp;chega&nbsp;mais eficiente, com uma&nbsp;silhueta&nbsp;elegante e s\u00f3bria,&nbsp;desenhada&nbsp;para optimizar&nbsp;o&nbsp;fluxo&nbsp;de&nbsp;ar, efici\u00eancia&nbsp;de combust\u00edvel, conforto e&nbsp;estabilidade. A&nbsp;altura foi reduzida&nbsp;em&nbsp;50&nbsp;mm,&nbsp;ao&nbsp;mover&nbsp;o&nbsp;pico&nbsp;do&nbsp;teto&nbsp;para&nbsp;tr\u00e1s,&nbsp;e&nbsp;as jantes&nbsp;e&nbsp;pneus&nbsp;apresentammaior di\u00e2metro (at\u00e9 19&nbsp;polegadas),&nbsp;fortalecendo assim a gama multi-tecnol\u00f3gica que inclui el\u00e9tricos&nbsp;abateria&nbsp;(BEV)&nbsp;e&nbsp;el\u00e9tricos&nbsp;a&nbsp;pilha&nbsp;de&nbsp;combust\u00edvel&nbsp;\u2014 fuel&nbsp;cell&nbsp;(FCEV),&nbsp;proporcionando maior efici\u00eancia e uma redu\u00e7\u00e3o de emiss\u00f5es de&nbsp;carbono. &nbsp;O sistema H\u00edbrido Plug-in \u00e9 uma evolu\u00e7\u00e3o completa&nbsp;com&nbsp;pot\u00eancia&nbsp;melhorada&nbsp;atrav\u00e9s&nbsp;de&nbsp;umabateria&nbsp;de&nbsp;alta&nbsp;capacidade.&nbsp; Um&nbsp;motor el\u00e9trico mais potente e um motor de dois litros produzem [&hellip;]","og_url":"https:\/\/automotiverevista.pt\/index.php\/2023\/02\/07\/toyota-estreia-a-quinta-geracao-do-prius-em-versao-hibrida-plug-in\/","og_site_name":"Revista Automotive","article_published_time":"2023-02-07T06:00:00+00:00","og_image":[{"width":1000,"height":563,"url":"https:\/\/automotiverevista.pt\/wp-content\/uploads\/2023\/02\/2022-PRIUS-PLUG-IN-HYBRID-1920x1080-1.jpg","type":"image\/jpeg"}],"author":"MiguelMarques","twitter_card":"summary_large_image","twitter_misc":{"Escrito por":"MiguelMarques","Tempo estimado de leitura":"1 minuto"},"schema":{"@context":"https:\/\/schema.org","@graph":[{"@type":"Article","@id":"https:\/\/automotiverevista.pt\/index.php\/2023\/02\/07\/toyota-estreia-a-quinta-geracao-do-prius-em-versao-hibrida-plug-in\/#article","isPartOf":{"@id":"https:\/\/automotiverevista.pt\/index.php\/2023\/02\/07\/toyota-estreia-a-quinta-geracao-do-prius-em-versao-hibrida-plug-in\/"},"author":{"name":"MiguelMarques","@id":"https:\/\/automotiverevista.pt\/#\/schema\/person\/d705335f9c428a4a0cae3d11afb2e0ef"},"headline":"Toyota estreia a quinta gera\u00e7\u00e3o do Prius, em vers\u00e3o h\u00edbrida plug-in","datePublished":"2023-02-07T06:00:00+00:00","mainEntityOfPage":{"@id":"https:\/\/automotiverevista.pt\/index.php\/2023\/02\/07\/toyota-estreia-a-quinta-geracao-do-prius-em-versao-hibrida-plug-in\/"},"wordCount":263,"publisher":{"@id":"https:\/\/automotiverevista.pt\/#organization"},"image":{"@id":"https:\/\/automotiverevista.pt\/index.php\/2023\/02\/07\/toyota-estreia-a-quinta-geracao-do-prius-em-versao-hibrida-plug-in\/#primaryimage"},"thumbnailUrl":"https:\/\/automotiverevista.pt\/wp-content\/uploads\/2023\/02\/2022-PRIUS-PLUG-IN-HYBRID-1920x1080-1.jpg","articleSection":["Frotas"],"inLanguage":"pt-PT"},{"@type":"WebPage","@id":"https:\/\/automotiverevista.pt\/index.php\/2023\/02\/07\/toyota-estreia-a-quinta-geracao-do-prius-em-versao-hibrida-plug-in\/","url":"https:\/\/automotiverevista.pt\/index.php\/2023\/02\/07\/toyota-estreia-a-quinta-geracao-do-prius-em-versao-hibrida-plug-in\/","name":"Toyota estreia a quinta gera\u00e7\u00e3o do Prius, em vers\u00e3o h\u00edbrida plug-in - Revista Automotive","isPartOf":{"@id":"https:\/\/automotiverevista.pt\/#website"},"primaryImageOfPage":{"@id":"https:\/\/automotiverevista.pt\/index.php\/2023\/02\/07\/toyota-estreia-a-quinta-geracao-do-prius-em-versao-hibrida-plug-in\/#primaryimage"},"image":{"@id":"https:\/\/automotiverevista.pt\/index.php\/2023\/02\/07\/toyota-estreia-a-quinta-geracao-do-prius-em-versao-hibrida-plug-in\/#primaryimage"},"thumbnailUrl":"https:\/\/automotiverevista.pt\/wp-content\/uploads\/2023\/02\/2022-PRIUS-PLUG-IN-HYBRID-1920x1080-1.jpg","datePublished":"2023-02-07T06:00:00+00:00","breadcrumb":{"@id":"https:\/\/automotiverevista.pt\/index.php\/2023\/02\/07\/toyota-estreia-a-quinta-geracao-do-prius-em-versao-hibrida-plug-in\/#breadcrumb"},"inLanguage":"pt-PT","potentialAction":[{"@type":"ReadAction","target":["https:\/\/automotiverevista.pt\/index.php\/2023\/02\/07\/toyota-estreia-a-quinta-geracao-do-prius-em-versao-hibrida-plug-in\/"]}]},{"@type":"ImageObject","inLanguage":"pt-PT","@id":"https:\/\/automotiverevista.pt\/index.php\/2023\/02\/07\/toyota-estreia-a-quinta-geracao-do-prius-em-versao-hibrida-plug-in\/#primaryimage","url":"https:\/\/automotiverevista.pt\/wp-content\/uploads\/2023\/02\/2022-PRIUS-PLUG-IN-HYBRID-1920x1080-1.jpg","contentUrl":"https:\/\/automotiverevista.pt\/wp-content\/uploads\/2023\/02\/2022-PRIUS-PLUG-IN-HYBRID-1920x1080-1.jpg","width":1000,"height":563},{"@type":"BreadcrumbList","@id":"https:\/\/automotiverevista.pt\/index.php\/2023\/02\/07\/toyota-estreia-a-quinta-geracao-do-prius-em-versao-hibrida-plug-in\/#breadcrumb","itemListElement":[{"@type":"ListItem","position":1,"name":"Home","item":"https:\/\/automotiverevista.pt\/"},{"@type":"ListItem","position":2,"name":"Toyota estreia a quinta gera\u00e7\u00e3o do Prius, em vers\u00e3o h\u00edbrida plug-in"}]},{"@type":"WebSite","@id":"https:\/\/automotiverevista.pt\/#website","url":"https:\/\/automotiverevista.pt\/","name":"Revista Automotive","description":"Revista Automotive Portugal","publisher":{"@id":"https:\/\/automotiverevista.pt\/#organization"},"potentialAction":[{"@type":"SearchAction","target":{"@type":"EntryPoint","urlTemplate":"https:\/\/automotiverevista.pt\/?s={search_term_string}"},"query-input":{"@type":"PropertyValueSpecification","valueRequired":true,"valueName":"search_term_string"}}],"inLanguage":"pt-PT"},{"@type":"Organization","@id":"https:\/\/automotiverevista.pt\/#organization","name":"Revista Automotive Portugal","url":"https:\/\/automotiverevista.pt\/","logo":{"@type":"ImageObject","inLanguage":"pt-PT","@id":"https:\/\/automotiverevista.pt\/#\/schema\/logo\/image\/","url":"https:\/\/automotiverevista.pt\/wp-content\/uploads\/2022\/07\/Logo-Automotive-2021_500-1.jpg","contentUrl":"https:\/\/automotiverevista.pt\/wp-content\/uploads\/2022\/07\/Logo-Automotive-2021_500-1.jpg","width":500,"height":160,"caption":"Revista Automotive Portugal"},"image":{"@id":"https:\/\/automotiverevista.pt\/#\/schema\/logo\/image\/"},"sameAs":["https:\/\/linkedin.com\/in\/automotiverevista"]},{"@type":"Person","@id":"https:\/\/automotiverevista.pt\/#\/schema\/person\/d705335f9c428a4a0cae3d11afb2e0ef","name":"MiguelMarques","image":{"@type":"ImageObject","inLanguage":"pt-PT","@id":"https:\/\/secure.gravatar.com\/avatar\/635d1f118671d87c579d5e4f6491bfc0081e3bbddd605eb321931e9c938270b5?s=96&d=mm&r=g","url":"https:\/\/secure.gravatar.com\/avatar\/635d1f118671d87c579d5e4f6491bfc0081e3bbddd605eb321931e9c938270b5?s=96&d=mm&r=g","contentUrl":"https:\/\/secure.gravatar.com\/avatar\/635d1f118671d87c579d5e4f6491bfc0081e3bbddd605eb321931e9c938270b5?s=96&d=mm&r=g","caption":"MiguelMarques"},"url":"https:\/\/automotiverevista.pt\/index.php\/author\/miguelmarques\/"}]}},"_links":{"self":[{"href":"https:\/\/automotiverevista.pt\/index.php\/wp-json\/wp\/v2\/posts\/2116","targetHints":{"allow":["GET"]}}],"collection":[{"href":"https:\/\/automotiverevista.pt\/index.php\/wp-json\/wp\/v2\/posts"}],"about":[{"href":"https:\/\/automotiverevista.pt\/index.php\/wp-json\/wp\/v2\/types\/post"}],"author":[{"embeddable":true,"href":"https:\/\/automotiverevista.pt\/index.php\/wp-json\/wp\/v2\/users\/3"}],"replies":[{"embeddable":true,"href":"https:\/\/automotiverevista.pt\/index.php\/wp-json\/wp\/v2\/comments?post=2116"}],"version-history":[{"count":1,"href":"https:\/\/automotiverevista.pt\/index.php\/wp-json\/wp\/v2\/posts\/2116\/revisions"}],"predecessor-version":[{"id":2118,"href":"https:\/\/automotiverevista.pt\/index.php\/wp-json\/wp\/v2\/posts\/2116\/revisions\/2118"}],"wp:featuredmedia":[{"embeddable":true,"href":"https:\/\/automotiverevista.pt\/index.php\/wp-json\/wp\/v2\/media\/2117"}],"wp:attachment":[{"href":"https:\/\/automotiverevista.pt\/index.php\/wp-json\/wp\/v2\/media?parent=2116"}],"wp:term":[{"taxonomy":"category","embeddable":true,"href":"https:\/\/automotiverevista.pt\/index.php\/wp-json\/wp\/v2\/categories?post=2116"},{"taxonomy":"post_tag","embeddable":true,"href":"https:\/\/automotiverevista.pt\/index.php\/wp-json\/wp\/v2\/tags?post=2116"}],"curies":[{"name":"wp","href":"https:\/\/api.w.org\/{rel}","templated":true}]}}