{"id":2119,"date":"2023-02-08T08:00:00","date_gmt":"2023-02-08T08:00:00","guid":{"rendered":"https:\/\/automotiverevista.pt\/?p=2119"},"modified":"2023-02-06T21:13:58","modified_gmt":"2023-02-06T21:13:58","slug":"acap-estudo-pioneiro-avalia-futuro-do-aftermarket-em-portugal","status":"publish","type":"post","link":"https:\/\/automotiverevista.pt\/index.php\/2023\/02\/08\/acap-estudo-pioneiro-avalia-futuro-do-aftermarket-em-portugal\/","title":{"rendered":"<strong>ACAP &#8211; Estudo pioneiro avalia futuro do aftermarket<\/strong>\u00a0em Portugal"},"content":{"rendered":"\n<p>A DPAI\/ACAP realizou uma sess\u00e3o de apresenta\u00e7\u00e3o de um estudo pioneiro em Portugal, sob o tema \u201cO Aftermarket em Portugal: o Presente e o Futuro\u201d, que analisa o setor do p\u00f3s-venda independente e identifica os desafios e medidas necess\u00e1rias para aumentar a competitividade das empresas deste setor.<br><br>Os resultados do estudo, com 150 p\u00e1ginas, desenvolvido por uma equipa de investigadores do ISEG \u2013 Executive Education e promovido pela ACAP, foram apresentados pelo professor&nbsp;<strong>Zorro Mendes<\/strong>, presidente do departamento de Economia do ISEG e por&nbsp;<strong>Rita Alem\u00e3o<\/strong>, coordenadores deste trabalho.&nbsp;<\/p>\n\n\n\n<p><br>Este estudo teve como temas em destaque: a caracteriza\u00e7\u00e3o do setor do aftermarket autom\u00f3vel em Portugal e do perfil do consumidor; evolu\u00e7\u00e3o futura da procura dirigida ao p\u00f3s-venda em fun\u00e7\u00e3o das inova\u00e7\u00f5es tecnol\u00f3gicas no setor autom\u00f3vel e das altera\u00e7\u00f5es nas prefer\u00eancias dos clientes;&nbsp;consequ\u00eancias da evolu\u00e7\u00e3o futura da procura, nas estrat\u00e9gias futuras do canal independente do aftermarket autom\u00f3vel.&nbsp;<\/p>\n\n\n\n<figure class=\"wp-block-image size-full\"><img decoding=\"async\" width=\"889\" height=\"667\" src=\"https:\/\/automotiverevista.pt\/wp-content\/uploads\/2023\/02\/20230125_102312.jpg\" alt=\"\" class=\"wp-image-2121\" srcset=\"https:\/\/automotiverevista.pt\/wp-content\/uploads\/2023\/02\/20230125_102312.jpg 889w, https:\/\/automotiverevista.pt\/wp-content\/uploads\/2023\/02\/20230125_102312-300x225.jpg 300w, https:\/\/automotiverevista.pt\/wp-content\/uploads\/2023\/02\/20230125_102312-768x576.jpg 768w, https:\/\/automotiverevista.pt\/wp-content\/uploads\/2023\/02\/20230125_102312-750x563.jpg 750w\" sizes=\"(max-width: 889px) 100vw, 889px\" \/><\/figure>\n\n\n\n<p><strong>Maioria prefere oficinas independentes&nbsp;<\/strong><\/p>\n\n\n\n<p><br>Na apresenta\u00e7\u00e3o efectuada por Rita Alem\u00e3o, destaque para o inqu\u00e9rito efetuado aos consumidores relacionados com a repara\u00e7\u00e3o dos seus autom\u00f3veis.&nbsp;<\/p>\n\n\n\n<p>Este inqu\u00e9rito revelou que 6 em cada 10 pessoas, escolhem oficinas independentes para reparar a sua viatura. No que respeita aos utilizadores de viaturas generalistas, 7 em 10 preferem reparar\/manter numa oficina independente.&nbsp;Tamb\u00e9m sete em 10 consumidores com menos de 30 anos,&nbsp;utilizam mais as oficinas independentes. Na faixa et\u00e1ria com mais de 50 anos, s\u00f3 4 em cada 10 preferem estas oficinas.&nbsp;<\/p>\n\n\n\n<p><br>Em fun\u00e7\u00e3o da idade da viatura, a percentagem do parque intervencionado \u00e9&nbsp;de: 39% de viaturas com menos de 3 anos; 54% viaturas entre 3 e 8 anos;&nbsp;e&nbsp;72% de viaturas com mais de 8 anos.&nbsp; A transi\u00e7\u00e3o entre a assist\u00eancia feita na marca e a passagem para os reparadores independentes ocorre entre os 3 a 4 anos da viatura ou, em m\u00e9dia, at\u00e9 aos 85.000 km.&nbsp; Tamb\u00e9m 8 em cada 10 pessoas t\u00eam um custo de repara\u00e7\u00e3o\/manuten\u00e7\u00e3o anual inferior a 400&nbsp;\u20ac.&nbsp;<\/p>\n\n\n\n<p><br><strong>Microempresas dominam&nbsp;<\/strong><\/p>\n\n\n\n<p><br>As estat\u00edsticas nacionais demostram uma grande predomin\u00e2ncia das microempresas no universo das&nbsp;empresas&nbsp;do aftermarket em Portugal, tendo as pequenas e m\u00e9dias empresas, onde se insere a grande maioria dos centros- auto\/fast&nbsp;fit, uma muito residual express\u00e3o na demografia empresarial do setor.&nbsp; Existe uma preocupa\u00e7\u00e3o de que o peso da economia paralela no neg\u00f3cio da manuten\u00e7\u00e3o e repara\u00e7\u00e3o seja igual ou superior a 30% da actividade real do setor, opini\u00e3o revelada por 56% das empresas (os reparadores independentes t\u00eam mais vincada esta percep\u00e7\u00e3o do que os&nbsp;<br>centros-auto\/fast&nbsp;fit).&nbsp;<br><br><strong>Linhas para o futuro<\/strong>&nbsp;<\/p>\n\n\n\n<p><br>No final da apresenta\u00e7\u00e3o, Rita Alem\u00e3o, apresentou um resumo do estudo com as grandes linhas de for\u00e7a para o futuro do canal independente do aftermarket (leia-se oficinas), a saber:&nbsp;<\/p>\n\n\n\n<p><br>1 \u2013 Conjugar os servi\u00e7os de manuten\u00e7\u00e3o\/repara\u00e7\u00e3o aos&nbsp;ICEV&nbsp;(ainda maiorit\u00e1rios) com a entrada gradual dos servi\u00e7os de manuten\u00e7\u00e3o\/repara\u00e7\u00e3o aos&nbsp;BEV;&nbsp;<\/p>\n\n\n\n<p><br>2 \u2013 Investir na forma\u00e7\u00e3o dos colaboradores capacitando-os para a manuten\u00e7\u00e3o\/repara\u00e7\u00e3o dos&nbsp;BEV;&nbsp;<\/p>\n\n\n\n<p><br>3 \u2013 Garantir a mobilidade dos clientes durante o tempo de manuten\u00e7\u00e3o\/repara\u00e7\u00e3o dos seus ve\u00edculos;&nbsp;<\/p>\n\n\n\n<p><br>4 \u2013 Aproveitar a electrifica\u00e7\u00e3o dos ve\u00edculos para aumentar a contribui\u00e7\u00e3o do sector para a sustentabilidade ambiental.&nbsp;<\/p>\n\n\n\n<p><br>5 \u2013 Pressionar as autoridades competentes no sentido da cria\u00e7\u00e3o de legisla\u00e7\u00e3o que permita a exist\u00eancia de uma concorr\u00eancia justa e aberta entre todos os&nbsp;players&nbsp;do setor do aftermarket em Portugal.<\/p>\n\n\n\n<figure class=\"wp-block-image size-full\"><img decoding=\"async\" width=\"889\" height=\"667\" src=\"https:\/\/automotiverevista.pt\/wp-content\/uploads\/2023\/02\/20230125_102926.jpg\" alt=\"\" class=\"wp-image-2122\" srcset=\"https:\/\/automotiverevista.pt\/wp-content\/uploads\/2023\/02\/20230125_102926.jpg 889w, https:\/\/automotiverevista.pt\/wp-content\/uploads\/2023\/02\/20230125_102926-300x225.jpg 300w, https:\/\/automotiverevista.pt\/wp-content\/uploads\/2023\/02\/20230125_102926-768x576.jpg 768w, https:\/\/automotiverevista.pt\/wp-content\/uploads\/2023\/02\/20230125_102926-750x563.jpg 750w\" sizes=\"(max-width: 889px) 100vw, 889px\" \/><\/figure>\n","protected":false},"excerpt":{"rendered":"<p>A DPAI\/ACAP realizou uma sess\u00e3o de apresenta\u00e7\u00e3o de um estudo pioneiro em Portugal, sob o tema \u201cO Aftermarket em Portugal: o Presente e o Futuro\u201d, que analisa o setor do p\u00f3s-venda independente e identifica os desafios e medidas necess\u00e1rias para aumentar a competitividade das empresas deste setor. Os resultados do estudo, com 150 p\u00e1ginas, desenvolvido [&hellip;]<\/p>\n","protected":false},"author":3,"featured_media":2120,"comment_status":"closed","ping_status":"open","sticky":false,"template":"","format":"standard","meta":{"jnews-multi-image_gallery":[],"jnews_single_post":{"subtitle":"","format":"standard","video":"","gallery":"","source_name":"","source_url":"","via_name":"","via_url":"","override_template":"0","override":[{"template":"2","single_blog_custom":"","parallax":"1","fullscreen":"1","layout":"right-sidebar","sidebar":"default-sidebar","second_sidebar":"default-sidebar","sticky_sidebar":"1","share_position":"topbottom","share_float_style":"share-monocrhome","show_share_counter":"0","show_view_counter":"0","show_featured":"1","show_post_meta":"1","show_post_author":"0","show_post_author_image":"1","show_post_date":"1","post_date_format":"default","post_date_format_custom":"Y\/m\/d","show_post_category":"1","show_post_reading_time":"0","post_reading_time_wpm":"300","show_zoom_button":"0","zoom_button_out_step":"2","zoom_button_in_step":"3","show_post_tag":"1","show_prev_next_post":"0","show_popup_post":"1","number_popup_post":"1","show_author_box":"0","show_post_related":"1","show_inline_post_related":"1"}],"override_image_size":"0","image_override":[{"single_post_thumbnail_size":"crop-500","single_post_gallery_size":"crop-500"}],"trending_post":"0","trending_post_position":"meta","trending_post_label":"Trending","sponsored_post":"0","sponsored_post_label":"Sponsored by","sponsored_post_name":"","sponsored_post_url":"","sponsored_post_logo_enable":"0","sponsored_post_logo":"","sponsored_post_desc":"","disable_ad":"0"},"jnews_primary_category":{"id":"","hide":""},"footnotes":""},"categories":[21],"tags":[],"class_list":["post-2119","post","type-post","status-publish","format-standard","has-post-thumbnail","hentry","category-pos-venda"],"yoast_head":"<!-- This site is optimized with the Yoast SEO Premium plugin v27.2 (Yoast SEO v27.5) - https:\/\/yoast.com\/product\/yoast-seo-premium-wordpress\/ -->\n<title>ACAP - Estudo pioneiro avalia futuro do aftermarket\u00a0em Portugal - Revista Automotive<\/title>\n<meta name=\"robots\" content=\"index, follow, max-snippet:-1, max-image-preview:large, max-video-preview:-1\" \/>\n<link rel=\"canonical\" href=\"https:\/\/automotiverevista.pt\/index.php\/2023\/02\/08\/acap-estudo-pioneiro-avalia-futuro-do-aftermarket-em-portugal\/\" \/>\n<meta property=\"og:locale\" content=\"pt_PT\" \/>\n<meta property=\"og:type\" content=\"article\" \/>\n<meta property=\"og:title\" content=\"ACAP - Estudo pioneiro avalia futuro do aftermarket\u00a0em Portugal\" \/>\n<meta property=\"og:description\" content=\"A DPAI\/ACAP realizou uma sess\u00e3o de apresenta\u00e7\u00e3o de um estudo pioneiro em Portugal, sob o tema \u201cO Aftermarket em Portugal: o Presente e o Futuro\u201d, que analisa o setor do p\u00f3s-venda independente e identifica os desafios e medidas necess\u00e1rias para aumentar a competitividade das empresas deste setor. Os resultados do estudo, com 150 p\u00e1ginas, desenvolvido [&hellip;]\" \/>\n<meta property=\"og:url\" content=\"https:\/\/automotiverevista.pt\/index.php\/2023\/02\/08\/acap-estudo-pioneiro-avalia-futuro-do-aftermarket-em-portugal\/\" \/>\n<meta property=\"og:site_name\" content=\"Revista Automotive\" \/>\n<meta property=\"article:published_time\" content=\"2023-02-08T08:00:00+00:00\" \/>\n<meta property=\"og:image\" content=\"https:\/\/automotiverevista.pt\/wp-content\/uploads\/2023\/02\/FotoAbertura-1.jpg\" \/>\n\t<meta property=\"og:image:width\" content=\"889\" \/>\n\t<meta property=\"og:image:height\" content=\"667\" \/>\n\t<meta property=\"og:image:type\" content=\"image\/jpeg\" \/>\n<meta name=\"author\" content=\"MiguelMarques\" \/>\n<meta name=\"twitter:card\" content=\"summary_large_image\" \/>\n<meta name=\"twitter:label1\" content=\"Escrito por\" \/>\n\t<meta name=\"twitter:data1\" content=\"MiguelMarques\" \/>\n\t<meta name=\"twitter:label2\" content=\"Tempo estimado de leitura\" \/>\n\t<meta name=\"twitter:data2\" content=\"4 minutos\" \/>\n<script type=\"application\/ld+json\" class=\"yoast-schema-graph\">{\"@context\":\"https:\\\/\\\/schema.org\",\"@graph\":[{\"@type\":\"Article\",\"@id\":\"https:\\\/\\\/automotiverevista.pt\\\/index.php\\\/2023\\\/02\\\/08\\\/acap-estudo-pioneiro-avalia-futuro-do-aftermarket-em-portugal\\\/#article\",\"isPartOf\":{\"@id\":\"https:\\\/\\\/automotiverevista.pt\\\/index.php\\\/2023\\\/02\\\/08\\\/acap-estudo-pioneiro-avalia-futuro-do-aftermarket-em-portugal\\\/\"},\"author\":{\"name\":\"MiguelMarques\",\"@id\":\"https:\\\/\\\/automotiverevista.pt\\\/#\\\/schema\\\/person\\\/d705335f9c428a4a0cae3d11afb2e0ef\"},\"headline\":\"ACAP &#8211; Estudo pioneiro avalia futuro do aftermarket\u00a0em Portugal\",\"datePublished\":\"2023-02-08T08:00:00+00:00\",\"mainEntityOfPage\":{\"@id\":\"https:\\\/\\\/automotiverevista.pt\\\/index.php\\\/2023\\\/02\\\/08\\\/acap-estudo-pioneiro-avalia-futuro-do-aftermarket-em-portugal\\\/\"},\"wordCount\":628,\"publisher\":{\"@id\":\"https:\\\/\\\/automotiverevista.pt\\\/#organization\"},\"image\":{\"@id\":\"https:\\\/\\\/automotiverevista.pt\\\/index.php\\\/2023\\\/02\\\/08\\\/acap-estudo-pioneiro-avalia-futuro-do-aftermarket-em-portugal\\\/#primaryimage\"},\"thumbnailUrl\":\"https:\\\/\\\/automotiverevista.pt\\\/wp-content\\\/uploads\\\/2023\\\/02\\\/FotoAbertura-1.jpg\",\"articleSection\":[\"P\u00f3s-Venda\"],\"inLanguage\":\"pt-PT\"},{\"@type\":\"WebPage\",\"@id\":\"https:\\\/\\\/automotiverevista.pt\\\/index.php\\\/2023\\\/02\\\/08\\\/acap-estudo-pioneiro-avalia-futuro-do-aftermarket-em-portugal\\\/\",\"url\":\"https:\\\/\\\/automotiverevista.pt\\\/index.php\\\/2023\\\/02\\\/08\\\/acap-estudo-pioneiro-avalia-futuro-do-aftermarket-em-portugal\\\/\",\"name\":\"ACAP - Estudo pioneiro avalia futuro do aftermarket\u00a0em Portugal - Revista Automotive\",\"isPartOf\":{\"@id\":\"https:\\\/\\\/automotiverevista.pt\\\/#website\"},\"primaryImageOfPage\":{\"@id\":\"https:\\\/\\\/automotiverevista.pt\\\/index.php\\\/2023\\\/02\\\/08\\\/acap-estudo-pioneiro-avalia-futuro-do-aftermarket-em-portugal\\\/#primaryimage\"},\"image\":{\"@id\":\"https:\\\/\\\/automotiverevista.pt\\\/index.php\\\/2023\\\/02\\\/08\\\/acap-estudo-pioneiro-avalia-futuro-do-aftermarket-em-portugal\\\/#primaryimage\"},\"thumbnailUrl\":\"https:\\\/\\\/automotiverevista.pt\\\/wp-content\\\/uploads\\\/2023\\\/02\\\/FotoAbertura-1.jpg\",\"datePublished\":\"2023-02-08T08:00:00+00:00\",\"breadcrumb\":{\"@id\":\"https:\\\/\\\/automotiverevista.pt\\\/index.php\\\/2023\\\/02\\\/08\\\/acap-estudo-pioneiro-avalia-futuro-do-aftermarket-em-portugal\\\/#breadcrumb\"},\"inLanguage\":\"pt-PT\",\"potentialAction\":[{\"@type\":\"ReadAction\",\"target\":[\"https:\\\/\\\/automotiverevista.pt\\\/index.php\\\/2023\\\/02\\\/08\\\/acap-estudo-pioneiro-avalia-futuro-do-aftermarket-em-portugal\\\/\"]}]},{\"@type\":\"ImageObject\",\"inLanguage\":\"pt-PT\",\"@id\":\"https:\\\/\\\/automotiverevista.pt\\\/index.php\\\/2023\\\/02\\\/08\\\/acap-estudo-pioneiro-avalia-futuro-do-aftermarket-em-portugal\\\/#primaryimage\",\"url\":\"https:\\\/\\\/automotiverevista.pt\\\/wp-content\\\/uploads\\\/2023\\\/02\\\/FotoAbertura-1.jpg\",\"contentUrl\":\"https:\\\/\\\/automotiverevista.pt\\\/wp-content\\\/uploads\\\/2023\\\/02\\\/FotoAbertura-1.jpg\",\"width\":889,\"height\":667},{\"@type\":\"BreadcrumbList\",\"@id\":\"https:\\\/\\\/automotiverevista.pt\\\/index.php\\\/2023\\\/02\\\/08\\\/acap-estudo-pioneiro-avalia-futuro-do-aftermarket-em-portugal\\\/#breadcrumb\",\"itemListElement\":[{\"@type\":\"ListItem\",\"position\":1,\"name\":\"Home\",\"item\":\"https:\\\/\\\/automotiverevista.pt\\\/\"},{\"@type\":\"ListItem\",\"position\":2,\"name\":\"ACAP &#8211; Estudo pioneiro avalia futuro do aftermarket\u00a0em Portugal\"}]},{\"@type\":\"WebSite\",\"@id\":\"https:\\\/\\\/automotiverevista.pt\\\/#website\",\"url\":\"https:\\\/\\\/automotiverevista.pt\\\/\",\"name\":\"Revista Automotive\",\"description\":\"Revista Automotive Portugal\",\"publisher\":{\"@id\":\"https:\\\/\\\/automotiverevista.pt\\\/#organization\"},\"potentialAction\":[{\"@type\":\"SearchAction\",\"target\":{\"@type\":\"EntryPoint\",\"urlTemplate\":\"https:\\\/\\\/automotiverevista.pt\\\/?s={search_term_string}\"},\"query-input\":{\"@type\":\"PropertyValueSpecification\",\"valueRequired\":true,\"valueName\":\"search_term_string\"}}],\"inLanguage\":\"pt-PT\"},{\"@type\":\"Organization\",\"@id\":\"https:\\\/\\\/automotiverevista.pt\\\/#organization\",\"name\":\"Revista Automotive Portugal\",\"url\":\"https:\\\/\\\/automotiverevista.pt\\\/\",\"logo\":{\"@type\":\"ImageObject\",\"inLanguage\":\"pt-PT\",\"@id\":\"https:\\\/\\\/automotiverevista.pt\\\/#\\\/schema\\\/logo\\\/image\\\/\",\"url\":\"https:\\\/\\\/automotiverevista.pt\\\/wp-content\\\/uploads\\\/2022\\\/07\\\/Logo-Automotive-2021_500-1.jpg\",\"contentUrl\":\"https:\\\/\\\/automotiverevista.pt\\\/wp-content\\\/uploads\\\/2022\\\/07\\\/Logo-Automotive-2021_500-1.jpg\",\"width\":500,\"height\":160,\"caption\":\"Revista Automotive Portugal\"},\"image\":{\"@id\":\"https:\\\/\\\/automotiverevista.pt\\\/#\\\/schema\\\/logo\\\/image\\\/\"},\"sameAs\":[\"https:\\\/\\\/linkedin.com\\\/in\\\/automotiverevista\"]},{\"@type\":\"Person\",\"@id\":\"https:\\\/\\\/automotiverevista.pt\\\/#\\\/schema\\\/person\\\/d705335f9c428a4a0cae3d11afb2e0ef\",\"name\":\"MiguelMarques\",\"image\":{\"@type\":\"ImageObject\",\"inLanguage\":\"pt-PT\",\"@id\":\"https:\\\/\\\/secure.gravatar.com\\\/avatar\\\/635d1f118671d87c579d5e4f6491bfc0081e3bbddd605eb321931e9c938270b5?s=96&d=mm&r=g\",\"url\":\"https:\\\/\\\/secure.gravatar.com\\\/avatar\\\/635d1f118671d87c579d5e4f6491bfc0081e3bbddd605eb321931e9c938270b5?s=96&d=mm&r=g\",\"contentUrl\":\"https:\\\/\\\/secure.gravatar.com\\\/avatar\\\/635d1f118671d87c579d5e4f6491bfc0081e3bbddd605eb321931e9c938270b5?s=96&d=mm&r=g\",\"caption\":\"MiguelMarques\"},\"url\":\"https:\\\/\\\/automotiverevista.pt\\\/index.php\\\/author\\\/miguelmarques\\\/\"}]}<\/script>\n<!-- \/ Yoast SEO Premium plugin. -->","yoast_head_json":{"title":"ACAP - Estudo pioneiro avalia futuro do aftermarket\u00a0em Portugal - Revista Automotive","robots":{"index":"index","follow":"follow","max-snippet":"max-snippet:-1","max-image-preview":"max-image-preview:large","max-video-preview":"max-video-preview:-1"},"canonical":"https:\/\/automotiverevista.pt\/index.php\/2023\/02\/08\/acap-estudo-pioneiro-avalia-futuro-do-aftermarket-em-portugal\/","og_locale":"pt_PT","og_type":"article","og_title":"ACAP - Estudo pioneiro avalia futuro do aftermarket\u00a0em Portugal","og_description":"A DPAI\/ACAP realizou uma sess\u00e3o de apresenta\u00e7\u00e3o de um estudo pioneiro em Portugal, sob o tema \u201cO Aftermarket em Portugal: o Presente e o Futuro\u201d, que analisa o setor do p\u00f3s-venda independente e identifica os desafios e medidas necess\u00e1rias para aumentar a competitividade das empresas deste setor. Os resultados do estudo, com 150 p\u00e1ginas, desenvolvido [&hellip;]","og_url":"https:\/\/automotiverevista.pt\/index.php\/2023\/02\/08\/acap-estudo-pioneiro-avalia-futuro-do-aftermarket-em-portugal\/","og_site_name":"Revista Automotive","article_published_time":"2023-02-08T08:00:00+00:00","og_image":[{"width":889,"height":667,"url":"https:\/\/automotiverevista.pt\/wp-content\/uploads\/2023\/02\/FotoAbertura-1.jpg","type":"image\/jpeg"}],"author":"MiguelMarques","twitter_card":"summary_large_image","twitter_misc":{"Escrito por":"MiguelMarques","Tempo estimado de leitura":"4 minutos"},"schema":{"@context":"https:\/\/schema.org","@graph":[{"@type":"Article","@id":"https:\/\/automotiverevista.pt\/index.php\/2023\/02\/08\/acap-estudo-pioneiro-avalia-futuro-do-aftermarket-em-portugal\/#article","isPartOf":{"@id":"https:\/\/automotiverevista.pt\/index.php\/2023\/02\/08\/acap-estudo-pioneiro-avalia-futuro-do-aftermarket-em-portugal\/"},"author":{"name":"MiguelMarques","@id":"https:\/\/automotiverevista.pt\/#\/schema\/person\/d705335f9c428a4a0cae3d11afb2e0ef"},"headline":"ACAP &#8211; Estudo pioneiro avalia futuro do aftermarket\u00a0em Portugal","datePublished":"2023-02-08T08:00:00+00:00","mainEntityOfPage":{"@id":"https:\/\/automotiverevista.pt\/index.php\/2023\/02\/08\/acap-estudo-pioneiro-avalia-futuro-do-aftermarket-em-portugal\/"},"wordCount":628,"publisher":{"@id":"https:\/\/automotiverevista.pt\/#organization"},"image":{"@id":"https:\/\/automotiverevista.pt\/index.php\/2023\/02\/08\/acap-estudo-pioneiro-avalia-futuro-do-aftermarket-em-portugal\/#primaryimage"},"thumbnailUrl":"https:\/\/automotiverevista.pt\/wp-content\/uploads\/2023\/02\/FotoAbertura-1.jpg","articleSection":["P\u00f3s-Venda"],"inLanguage":"pt-PT"},{"@type":"WebPage","@id":"https:\/\/automotiverevista.pt\/index.php\/2023\/02\/08\/acap-estudo-pioneiro-avalia-futuro-do-aftermarket-em-portugal\/","url":"https:\/\/automotiverevista.pt\/index.php\/2023\/02\/08\/acap-estudo-pioneiro-avalia-futuro-do-aftermarket-em-portugal\/","name":"ACAP - Estudo pioneiro avalia futuro do aftermarket\u00a0em Portugal - Revista Automotive","isPartOf":{"@id":"https:\/\/automotiverevista.pt\/#website"},"primaryImageOfPage":{"@id":"https:\/\/automotiverevista.pt\/index.php\/2023\/02\/08\/acap-estudo-pioneiro-avalia-futuro-do-aftermarket-em-portugal\/#primaryimage"},"image":{"@id":"https:\/\/automotiverevista.pt\/index.php\/2023\/02\/08\/acap-estudo-pioneiro-avalia-futuro-do-aftermarket-em-portugal\/#primaryimage"},"thumbnailUrl":"https:\/\/automotiverevista.pt\/wp-content\/uploads\/2023\/02\/FotoAbertura-1.jpg","datePublished":"2023-02-08T08:00:00+00:00","breadcrumb":{"@id":"https:\/\/automotiverevista.pt\/index.php\/2023\/02\/08\/acap-estudo-pioneiro-avalia-futuro-do-aftermarket-em-portugal\/#breadcrumb"},"inLanguage":"pt-PT","potentialAction":[{"@type":"ReadAction","target":["https:\/\/automotiverevista.pt\/index.php\/2023\/02\/08\/acap-estudo-pioneiro-avalia-futuro-do-aftermarket-em-portugal\/"]}]},{"@type":"ImageObject","inLanguage":"pt-PT","@id":"https:\/\/automotiverevista.pt\/index.php\/2023\/02\/08\/acap-estudo-pioneiro-avalia-futuro-do-aftermarket-em-portugal\/#primaryimage","url":"https:\/\/automotiverevista.pt\/wp-content\/uploads\/2023\/02\/FotoAbertura-1.jpg","contentUrl":"https:\/\/automotiverevista.pt\/wp-content\/uploads\/2023\/02\/FotoAbertura-1.jpg","width":889,"height":667},{"@type":"BreadcrumbList","@id":"https:\/\/automotiverevista.pt\/index.php\/2023\/02\/08\/acap-estudo-pioneiro-avalia-futuro-do-aftermarket-em-portugal\/#breadcrumb","itemListElement":[{"@type":"ListItem","position":1,"name":"Home","item":"https:\/\/automotiverevista.pt\/"},{"@type":"ListItem","position":2,"name":"ACAP &#8211; Estudo pioneiro avalia futuro do aftermarket\u00a0em Portugal"}]},{"@type":"WebSite","@id":"https:\/\/automotiverevista.pt\/#website","url":"https:\/\/automotiverevista.pt\/","name":"Revista Automotive","description":"Revista Automotive Portugal","publisher":{"@id":"https:\/\/automotiverevista.pt\/#organization"},"potentialAction":[{"@type":"SearchAction","target":{"@type":"EntryPoint","urlTemplate":"https:\/\/automotiverevista.pt\/?s={search_term_string}"},"query-input":{"@type":"PropertyValueSpecification","valueRequired":true,"valueName":"search_term_string"}}],"inLanguage":"pt-PT"},{"@type":"Organization","@id":"https:\/\/automotiverevista.pt\/#organization","name":"Revista Automotive Portugal","url":"https:\/\/automotiverevista.pt\/","logo":{"@type":"ImageObject","inLanguage":"pt-PT","@id":"https:\/\/automotiverevista.pt\/#\/schema\/logo\/image\/","url":"https:\/\/automotiverevista.pt\/wp-content\/uploads\/2022\/07\/Logo-Automotive-2021_500-1.jpg","contentUrl":"https:\/\/automotiverevista.pt\/wp-content\/uploads\/2022\/07\/Logo-Automotive-2021_500-1.jpg","width":500,"height":160,"caption":"Revista Automotive Portugal"},"image":{"@id":"https:\/\/automotiverevista.pt\/#\/schema\/logo\/image\/"},"sameAs":["https:\/\/linkedin.com\/in\/automotiverevista"]},{"@type":"Person","@id":"https:\/\/automotiverevista.pt\/#\/schema\/person\/d705335f9c428a4a0cae3d11afb2e0ef","name":"MiguelMarques","image":{"@type":"ImageObject","inLanguage":"pt-PT","@id":"https:\/\/secure.gravatar.com\/avatar\/635d1f118671d87c579d5e4f6491bfc0081e3bbddd605eb321931e9c938270b5?s=96&d=mm&r=g","url":"https:\/\/secure.gravatar.com\/avatar\/635d1f118671d87c579d5e4f6491bfc0081e3bbddd605eb321931e9c938270b5?s=96&d=mm&r=g","contentUrl":"https:\/\/secure.gravatar.com\/avatar\/635d1f118671d87c579d5e4f6491bfc0081e3bbddd605eb321931e9c938270b5?s=96&d=mm&r=g","caption":"MiguelMarques"},"url":"https:\/\/automotiverevista.pt\/index.php\/author\/miguelmarques\/"}]}},"_links":{"self":[{"href":"https:\/\/automotiverevista.pt\/index.php\/wp-json\/wp\/v2\/posts\/2119","targetHints":{"allow":["GET"]}}],"collection":[{"href":"https:\/\/automotiverevista.pt\/index.php\/wp-json\/wp\/v2\/posts"}],"about":[{"href":"https:\/\/automotiverevista.pt\/index.php\/wp-json\/wp\/v2\/types\/post"}],"author":[{"embeddable":true,"href":"https:\/\/automotiverevista.pt\/index.php\/wp-json\/wp\/v2\/users\/3"}],"replies":[{"embeddable":true,"href":"https:\/\/automotiverevista.pt\/index.php\/wp-json\/wp\/v2\/comments?post=2119"}],"version-history":[{"count":1,"href":"https:\/\/automotiverevista.pt\/index.php\/wp-json\/wp\/v2\/posts\/2119\/revisions"}],"predecessor-version":[{"id":2123,"href":"https:\/\/automotiverevista.pt\/index.php\/wp-json\/wp\/v2\/posts\/2119\/revisions\/2123"}],"wp:featuredmedia":[{"embeddable":true,"href":"https:\/\/automotiverevista.pt\/index.php\/wp-json\/wp\/v2\/media\/2120"}],"wp:attachment":[{"href":"https:\/\/automotiverevista.pt\/index.php\/wp-json\/wp\/v2\/media?parent=2119"}],"wp:term":[{"taxonomy":"category","embeddable":true,"href":"https:\/\/automotiverevista.pt\/index.php\/wp-json\/wp\/v2\/categories?post=2119"},{"taxonomy":"post_tag","embeddable":true,"href":"https:\/\/automotiverevista.pt\/index.php\/wp-json\/wp\/v2\/tags?post=2119"}],"curies":[{"name":"wp","href":"https:\/\/api.w.org\/{rel}","templated":true}]}}