{"id":2127,"date":"2023-02-09T08:00:00","date_gmt":"2023-02-09T08:00:00","guid":{"rendered":"https:\/\/automotiverevista.pt\/?p=2127"},"modified":"2023-02-06T21:23:36","modified_gmt":"2023-02-06T21:23:36","slug":"setra-apresentou-dois-novos-modelos-de-autocarros","status":"publish","type":"post","link":"https:\/\/automotiverevista.pt\/index.php\/2023\/02\/09\/setra-apresentou-dois-novos-modelos-de-autocarros\/","title":{"rendered":"<strong>Setra apresentou dois novos modelos de autocarros<\/strong>"},"content":{"rendered":"\n<p>A Setra escolheu Portugal para a apresenta\u00e7\u00e3o mundial dos seus dois novos modelos de autocarros: o ComfortClass e o TopClass. A Revista Automotive esteve presente nesta a\u00e7\u00e3o internacional em solo portugu\u00eas, e Eduardo Gaspar, diretor da Automotive, esteve ao volante para conduzir estes dois novos modelos nas estradas nacionais.&nbsp;<\/p>\n\n\n\n<p>Ambos os modelos trazem como grande novidade uma acentuada economia de combust\u00edvel. Novas motoriza\u00e7\u00f5es permitem aos modelos anunciar uma economia de diesel na ordem dos 4,5%, face \u00e0 gera\u00e7\u00e3o anterior da Setra. Tendo em conta que os autocarros Setra j\u00e1 eram uma refer\u00eancia na sua classe em termos de consumos, esta redu\u00e7\u00e3o vem consolidar ainda mais a sua posi\u00e7\u00e3o de destaque no mercado europeu.&nbsp;<\/p>\n\n\n\n<figure class=\"wp-block-image size-full\"><img decoding=\"async\" width=\"889\" height=\"667\" src=\"https:\/\/automotiverevista.pt\/wp-content\/uploads\/2023\/02\/20221110_074551.jpg\" alt=\"\" class=\"wp-image-2129\" srcset=\"https:\/\/automotiverevista.pt\/wp-content\/uploads\/2023\/02\/20221110_074551.jpg 889w, https:\/\/automotiverevista.pt\/wp-content\/uploads\/2023\/02\/20221110_074551-300x225.jpg 300w, https:\/\/automotiverevista.pt\/wp-content\/uploads\/2023\/02\/20221110_074551-768x576.jpg 768w, https:\/\/automotiverevista.pt\/wp-content\/uploads\/2023\/02\/20221110_074551-750x563.jpg 750w\" sizes=\"(max-width: 889px) 100vw, 889px\" \/><\/figure>\n\n\n\n<p><strong>Imagem evoluiu<\/strong><\/p>\n\n\n\n<p>A come\u00e7ar pelo visual, as frentes do Setra foram remodeladas, mantendo as linhas de base com que j\u00e1 nos acostumaram os seus autocarros, mas agora apresentam diversos pormenores modernizados como \u00e9 o caso do grupo \u00f3tico dianteiro e o logotipo da K\u00e4ssbohrer, posicionado acima do&nbsp;<em>lettering<\/em>&nbsp;da Setra.&nbsp;<\/p>\n\n\n\n<p>Al\u00e9m da frente, a men\u00e7\u00e3o \u00e0 K\u00e4ssbohrer \u00e9 feita com o logotipo nas jantes e tamb\u00e9m no centro do volante. Isto explica-se pelas origens da Setra, que remontam \u00e0 empresa produtora de autocarros e semirreboques alem\u00e3 K\u00e4ssbohrer, que este ano comemora os seus 130 anos desde a sua funda\u00e7\u00e3o em 1893, na cidade de Ulm, na Alemanha. No decorrer da sua hist\u00f3ria, a K\u00e4ssbohrer vendeu a sua unidade de produ\u00e7\u00e3o de autocarros ao grupo Daimler.<\/p>\n\n\n\n<figure class=\"wp-block-image size-full\"><img decoding=\"async\" width=\"889\" height=\"667\" src=\"https:\/\/automotiverevista.pt\/wp-content\/uploads\/2023\/02\/20221110_074830.jpg\" alt=\"\" class=\"wp-image-2130\" srcset=\"https:\/\/automotiverevista.pt\/wp-content\/uploads\/2023\/02\/20221110_074830.jpg 889w, https:\/\/automotiverevista.pt\/wp-content\/uploads\/2023\/02\/20221110_074830-300x225.jpg 300w, https:\/\/automotiverevista.pt\/wp-content\/uploads\/2023\/02\/20221110_074830-768x576.jpg 768w, https:\/\/automotiverevista.pt\/wp-content\/uploads\/2023\/02\/20221110_074830-750x563.jpg 750w\" sizes=\"(max-width: 889px) 100vw, 889px\" \/><\/figure>\n\n\n\n<p><strong>Double Decker<\/strong><\/p>\n\n\n\n<p>Nesta nova gera\u00e7\u00e3o dos Setra ComfortClass e o TopClass, tamb\u00e9m se incluem o novo Double Decker da marca. A come\u00e7ar pelo ComfortClass, este \u00e9 o modelo de \u201centrada\u201d na gama Setra, sendo constitu\u00eddo por seis variantes. Estas v\u00e3o desde as vers\u00f5es de dois e tr\u00eas eixos, come\u00e7ando nos 10,5 metros, indo at\u00e9 aos 15 metros de comprimento.&nbsp;<\/p>\n\n\n\n<p>As variantes do ComfortClass est\u00e3o equipadas com motoriza\u00e7\u00f5es diferentes. As variantes de dois eixos (dos 10,5 at\u00e9 aos 13 metros) t\u00eam o motor OM470 de 10,7 litros, dispon\u00edvel nas pot\u00eancias de 394, 428 e 456 cavalos. As variantes de tr\u00eas eixos, est\u00e3o equipadas com motor OM471 de 12,8 litros com a pot\u00eancia \u00fanica de 476cv. Ambos os motores t\u00eam acoplados a caixa de velocidades autom\u00e1tica GO 250-8 PowerShift de 8 mudan\u00e7as.<\/p>\n\n\n\n<figure class=\"wp-block-image size-full\"><img decoding=\"async\" width=\"889\" height=\"667\" src=\"https:\/\/automotiverevista.pt\/wp-content\/uploads\/2023\/02\/20221110_075001.jpg\" alt=\"\" class=\"wp-image-2131\" srcset=\"https:\/\/automotiverevista.pt\/wp-content\/uploads\/2023\/02\/20221110_075001.jpg 889w, https:\/\/automotiverevista.pt\/wp-content\/uploads\/2023\/02\/20221110_075001-300x225.jpg 300w, https:\/\/automotiverevista.pt\/wp-content\/uploads\/2023\/02\/20221110_075001-768x576.jpg 768w, https:\/\/automotiverevista.pt\/wp-content\/uploads\/2023\/02\/20221110_075001-750x563.jpg 750w\" sizes=\"(max-width: 889px) 100vw, 889px\" \/><\/figure>\n\n\n\n<p><strong>Muitas op\u00e7\u00f5es<\/strong><\/p>\n\n\n\n<p>Se a marca Setra \u00e9 sin\u00f3nimo de luxo, ent\u00e3o vers\u00e3o TopClass representa o que de mais luxuoso existe no mundo dos autocarros. Aqui os clientes t\u00eam \u00e0 disposi\u00e7\u00e3o tr\u00eas variantes, dos 12,5 metros at\u00e9 aos 14,2 metros de comprimento, todas elas com tr\u00eas eixos. Quanto \u00e0 motoriza\u00e7\u00e3o, todas as variantes do TopClass est\u00e3o equipadas com o motor OM471 de 12,8 litros e 476 cavalos, e caixa de velocidades autom\u00e1tica GO 250-8 PowerShift de 8 mudan\u00e7as. Como opcional, \u00e9 poss\u00edvel encomendar uma pot\u00eancia superior, de 510cv.<\/p>\n\n\n\n<p>Agora, com a implementa\u00e7\u00e3o da igni\u00e7\u00e3o keyless e trav\u00e3o de estacionamento eletr\u00f3nico, ambas as vers\u00f5es ComfortClass e TopClass beneficiam de novos sistemas de assist\u00eancia \u00e0 condu\u00e7\u00e3o e de seguran\u00e7a. Os detalhes e caracter\u00edsticas da condu\u00e7\u00e3o destes dois modelos ser\u00e3o demonstrados em maior din\u00e2mica, num v\u00eddeo que brevemente iremos publicar no nosso&nbsp;<strong>Canal do YouTube da Automotive<\/strong>. At\u00e9 l\u00e1, podemos dizer que as dezenas de sistemas de assist\u00eancia s\u00e3o surpreendentes (pela positiva) e que o conforto a bordo, quer para os passageiros, quer para o motorista, s\u00e3o a nova refer\u00eancia do mercado dos autocarros de luxo.<\/p>\n\n\n\n<figure class=\"wp-block-image size-full\"><img decoding=\"async\" width=\"500\" height=\"667\" src=\"https:\/\/automotiverevista.pt\/wp-content\/uploads\/2023\/02\/20221110_075227.jpg\" alt=\"\" class=\"wp-image-2132\" srcset=\"https:\/\/automotiverevista.pt\/wp-content\/uploads\/2023\/02\/20221110_075227.jpg 500w, https:\/\/automotiverevista.pt\/wp-content\/uploads\/2023\/02\/20221110_075227-225x300.jpg 225w\" sizes=\"(max-width: 500px) 100vw, 500px\" \/><\/figure>\n","protected":false},"excerpt":{"rendered":"<p>A Setra escolheu Portugal para a apresenta\u00e7\u00e3o mundial dos seus dois novos modelos de autocarros: o ComfortClass e o TopClass. A Revista Automotive esteve presente nesta a\u00e7\u00e3o internacional em solo portugu\u00eas, e Eduardo Gaspar, diretor da Automotive, esteve ao volante para conduzir estes dois novos modelos nas estradas nacionais.&nbsp; Ambos os modelos trazem como grande [&hellip;]<\/p>\n","protected":false},"author":3,"featured_media":2128,"comment_status":"closed","ping_status":"open","sticky":false,"template":"","format":"standard","meta":{"jnews-multi-image_gallery":[],"jnews_single_post":{"subtitle":"","format":"standard","video":"","gallery":"","source_name":"","source_url":"","via_name":"","via_url":"","override_template":"0","override":[{"template":"2","single_blog_custom":"","parallax":"1","fullscreen":"1","layout":"right-sidebar","sidebar":"default-sidebar","second_sidebar":"default-sidebar","sticky_sidebar":"1","share_position":"topbottom","share_float_style":"share-monocrhome","show_share_counter":"0","show_view_counter":"0","show_featured":"1","show_post_meta":"1","show_post_author":"0","show_post_author_image":"1","show_post_date":"1","post_date_format":"default","post_date_format_custom":"Y\/m\/d","show_post_category":"1","show_post_reading_time":"0","post_reading_time_wpm":"300","show_zoom_button":"0","zoom_button_out_step":"2","zoom_button_in_step":"3","show_post_tag":"1","show_prev_next_post":"0","show_popup_post":"1","number_popup_post":"1","show_author_box":"0","show_post_related":"1","show_inline_post_related":"1"}],"override_image_size":"0","image_override":[{"single_post_thumbnail_size":"crop-500","single_post_gallery_size":"crop-500"}],"trending_post":"0","trending_post_position":"meta","trending_post_label":"Trending","sponsored_post":"0","sponsored_post_label":"Sponsored by","sponsored_post_name":"","sponsored_post_url":"","sponsored_post_logo_enable":"0","sponsored_post_logo":"","sponsored_post_desc":"","disable_ad":"0"},"jnews_primary_category":{"id":"","hide":""},"footnotes":""},"categories":[25],"tags":[],"class_list":["post-2127","post","type-post","status-publish","format-standard","has-post-thumbnail","hentry","category-pesados-e-maquinas"],"yoast_head":"<!-- This site is optimized with the Yoast SEO Premium plugin v27.2 (Yoast SEO v27.5) - https:\/\/yoast.com\/product\/yoast-seo-premium-wordpress\/ -->\n<title>Setra apresentou dois novos modelos de autocarros - Revista Automotive<\/title>\n<meta name=\"robots\" content=\"index, follow, max-snippet:-1, max-image-preview:large, max-video-preview:-1\" \/>\n<link rel=\"canonical\" href=\"https:\/\/automotiverevista.pt\/index.php\/2023\/02\/09\/setra-apresentou-dois-novos-modelos-de-autocarros\/\" \/>\n<meta property=\"og:locale\" content=\"pt_PT\" \/>\n<meta property=\"og:type\" content=\"article\" \/>\n<meta property=\"og:title\" content=\"Setra apresentou dois novos modelos de autocarros\" \/>\n<meta property=\"og:description\" content=\"A Setra escolheu Portugal para a apresenta\u00e7\u00e3o mundial dos seus dois novos modelos de autocarros: o ComfortClass e o TopClass. A Revista Automotive esteve presente nesta a\u00e7\u00e3o internacional em solo portugu\u00eas, e Eduardo Gaspar, diretor da Automotive, esteve ao volante para conduzir estes dois novos modelos nas estradas nacionais.&nbsp; Ambos os modelos trazem como grande [&hellip;]\" \/>\n<meta property=\"og:url\" content=\"https:\/\/automotiverevista.pt\/index.php\/2023\/02\/09\/setra-apresentou-dois-novos-modelos-de-autocarros\/\" \/>\n<meta property=\"og:site_name\" content=\"Revista Automotive\" \/>\n<meta property=\"article:published_time\" content=\"2023-02-09T08:00:00+00:00\" \/>\n<meta property=\"og:image\" content=\"https:\/\/automotiverevista.pt\/wp-content\/uploads\/2023\/02\/FotoAbertura-2.jpg\" \/>\n\t<meta property=\"og:image:width\" content=\"889\" \/>\n\t<meta property=\"og:image:height\" content=\"667\" \/>\n\t<meta property=\"og:image:type\" content=\"image\/jpeg\" \/>\n<meta name=\"author\" content=\"MiguelMarques\" \/>\n<meta name=\"twitter:card\" content=\"summary_large_image\" \/>\n<meta name=\"twitter:label1\" content=\"Escrito por\" \/>\n\t<meta name=\"twitter:data1\" content=\"MiguelMarques\" \/>\n\t<meta name=\"twitter:label2\" content=\"Tempo estimado de leitura\" \/>\n\t<meta name=\"twitter:data2\" content=\"4 minutos\" \/>\n<script type=\"application\/ld+json\" class=\"yoast-schema-graph\">{\"@context\":\"https:\\\/\\\/schema.org\",\"@graph\":[{\"@type\":\"Article\",\"@id\":\"https:\\\/\\\/automotiverevista.pt\\\/index.php\\\/2023\\\/02\\\/09\\\/setra-apresentou-dois-novos-modelos-de-autocarros\\\/#article\",\"isPartOf\":{\"@id\":\"https:\\\/\\\/automotiverevista.pt\\\/index.php\\\/2023\\\/02\\\/09\\\/setra-apresentou-dois-novos-modelos-de-autocarros\\\/\"},\"author\":{\"name\":\"MiguelMarques\",\"@id\":\"https:\\\/\\\/automotiverevista.pt\\\/#\\\/schema\\\/person\\\/d705335f9c428a4a0cae3d11afb2e0ef\"},\"headline\":\"Setra apresentou dois novos modelos de autocarros\",\"datePublished\":\"2023-02-09T08:00:00+00:00\",\"mainEntityOfPage\":{\"@id\":\"https:\\\/\\\/automotiverevista.pt\\\/index.php\\\/2023\\\/02\\\/09\\\/setra-apresentou-dois-novos-modelos-de-autocarros\\\/\"},\"wordCount\":605,\"publisher\":{\"@id\":\"https:\\\/\\\/automotiverevista.pt\\\/#organization\"},\"image\":{\"@id\":\"https:\\\/\\\/automotiverevista.pt\\\/index.php\\\/2023\\\/02\\\/09\\\/setra-apresentou-dois-novos-modelos-de-autocarros\\\/#primaryimage\"},\"thumbnailUrl\":\"https:\\\/\\\/automotiverevista.pt\\\/wp-content\\\/uploads\\\/2023\\\/02\\\/FotoAbertura-2.jpg\",\"articleSection\":[\"Pesados e M\u00e1quinas\"],\"inLanguage\":\"pt-PT\"},{\"@type\":\"WebPage\",\"@id\":\"https:\\\/\\\/automotiverevista.pt\\\/index.php\\\/2023\\\/02\\\/09\\\/setra-apresentou-dois-novos-modelos-de-autocarros\\\/\",\"url\":\"https:\\\/\\\/automotiverevista.pt\\\/index.php\\\/2023\\\/02\\\/09\\\/setra-apresentou-dois-novos-modelos-de-autocarros\\\/\",\"name\":\"Setra apresentou dois novos modelos de autocarros - Revista Automotive\",\"isPartOf\":{\"@id\":\"https:\\\/\\\/automotiverevista.pt\\\/#website\"},\"primaryImageOfPage\":{\"@id\":\"https:\\\/\\\/automotiverevista.pt\\\/index.php\\\/2023\\\/02\\\/09\\\/setra-apresentou-dois-novos-modelos-de-autocarros\\\/#primaryimage\"},\"image\":{\"@id\":\"https:\\\/\\\/automotiverevista.pt\\\/index.php\\\/2023\\\/02\\\/09\\\/setra-apresentou-dois-novos-modelos-de-autocarros\\\/#primaryimage\"},\"thumbnailUrl\":\"https:\\\/\\\/automotiverevista.pt\\\/wp-content\\\/uploads\\\/2023\\\/02\\\/FotoAbertura-2.jpg\",\"datePublished\":\"2023-02-09T08:00:00+00:00\",\"breadcrumb\":{\"@id\":\"https:\\\/\\\/automotiverevista.pt\\\/index.php\\\/2023\\\/02\\\/09\\\/setra-apresentou-dois-novos-modelos-de-autocarros\\\/#breadcrumb\"},\"inLanguage\":\"pt-PT\",\"potentialAction\":[{\"@type\":\"ReadAction\",\"target\":[\"https:\\\/\\\/automotiverevista.pt\\\/index.php\\\/2023\\\/02\\\/09\\\/setra-apresentou-dois-novos-modelos-de-autocarros\\\/\"]}]},{\"@type\":\"ImageObject\",\"inLanguage\":\"pt-PT\",\"@id\":\"https:\\\/\\\/automotiverevista.pt\\\/index.php\\\/2023\\\/02\\\/09\\\/setra-apresentou-dois-novos-modelos-de-autocarros\\\/#primaryimage\",\"url\":\"https:\\\/\\\/automotiverevista.pt\\\/wp-content\\\/uploads\\\/2023\\\/02\\\/FotoAbertura-2.jpg\",\"contentUrl\":\"https:\\\/\\\/automotiverevista.pt\\\/wp-content\\\/uploads\\\/2023\\\/02\\\/FotoAbertura-2.jpg\",\"width\":889,\"height\":667},{\"@type\":\"BreadcrumbList\",\"@id\":\"https:\\\/\\\/automotiverevista.pt\\\/index.php\\\/2023\\\/02\\\/09\\\/setra-apresentou-dois-novos-modelos-de-autocarros\\\/#breadcrumb\",\"itemListElement\":[{\"@type\":\"ListItem\",\"position\":1,\"name\":\"Home\",\"item\":\"https:\\\/\\\/automotiverevista.pt\\\/\"},{\"@type\":\"ListItem\",\"position\":2,\"name\":\"Setra apresentou dois novos modelos de autocarros\"}]},{\"@type\":\"WebSite\",\"@id\":\"https:\\\/\\\/automotiverevista.pt\\\/#website\",\"url\":\"https:\\\/\\\/automotiverevista.pt\\\/\",\"name\":\"Revista Automotive\",\"description\":\"Revista Automotive Portugal\",\"publisher\":{\"@id\":\"https:\\\/\\\/automotiverevista.pt\\\/#organization\"},\"potentialAction\":[{\"@type\":\"SearchAction\",\"target\":{\"@type\":\"EntryPoint\",\"urlTemplate\":\"https:\\\/\\\/automotiverevista.pt\\\/?s={search_term_string}\"},\"query-input\":{\"@type\":\"PropertyValueSpecification\",\"valueRequired\":true,\"valueName\":\"search_term_string\"}}],\"inLanguage\":\"pt-PT\"},{\"@type\":\"Organization\",\"@id\":\"https:\\\/\\\/automotiverevista.pt\\\/#organization\",\"name\":\"Revista Automotive Portugal\",\"url\":\"https:\\\/\\\/automotiverevista.pt\\\/\",\"logo\":{\"@type\":\"ImageObject\",\"inLanguage\":\"pt-PT\",\"@id\":\"https:\\\/\\\/automotiverevista.pt\\\/#\\\/schema\\\/logo\\\/image\\\/\",\"url\":\"https:\\\/\\\/automotiverevista.pt\\\/wp-content\\\/uploads\\\/2022\\\/07\\\/Logo-Automotive-2021_500-1.jpg\",\"contentUrl\":\"https:\\\/\\\/automotiverevista.pt\\\/wp-content\\\/uploads\\\/2022\\\/07\\\/Logo-Automotive-2021_500-1.jpg\",\"width\":500,\"height\":160,\"caption\":\"Revista Automotive Portugal\"},\"image\":{\"@id\":\"https:\\\/\\\/automotiverevista.pt\\\/#\\\/schema\\\/logo\\\/image\\\/\"},\"sameAs\":[\"https:\\\/\\\/linkedin.com\\\/in\\\/automotiverevista\"]},{\"@type\":\"Person\",\"@id\":\"https:\\\/\\\/automotiverevista.pt\\\/#\\\/schema\\\/person\\\/d705335f9c428a4a0cae3d11afb2e0ef\",\"name\":\"MiguelMarques\",\"image\":{\"@type\":\"ImageObject\",\"inLanguage\":\"pt-PT\",\"@id\":\"https:\\\/\\\/secure.gravatar.com\\\/avatar\\\/635d1f118671d87c579d5e4f6491bfc0081e3bbddd605eb321931e9c938270b5?s=96&d=mm&r=g\",\"url\":\"https:\\\/\\\/secure.gravatar.com\\\/avatar\\\/635d1f118671d87c579d5e4f6491bfc0081e3bbddd605eb321931e9c938270b5?s=96&d=mm&r=g\",\"contentUrl\":\"https:\\\/\\\/secure.gravatar.com\\\/avatar\\\/635d1f118671d87c579d5e4f6491bfc0081e3bbddd605eb321931e9c938270b5?s=96&d=mm&r=g\",\"caption\":\"MiguelMarques\"},\"url\":\"https:\\\/\\\/automotiverevista.pt\\\/index.php\\\/author\\\/miguelmarques\\\/\"}]}<\/script>\n<!-- \/ Yoast SEO Premium plugin. -->","yoast_head_json":{"title":"Setra apresentou dois novos modelos de autocarros - Revista Automotive","robots":{"index":"index","follow":"follow","max-snippet":"max-snippet:-1","max-image-preview":"max-image-preview:large","max-video-preview":"max-video-preview:-1"},"canonical":"https:\/\/automotiverevista.pt\/index.php\/2023\/02\/09\/setra-apresentou-dois-novos-modelos-de-autocarros\/","og_locale":"pt_PT","og_type":"article","og_title":"Setra apresentou dois novos modelos de autocarros","og_description":"A Setra escolheu Portugal para a apresenta\u00e7\u00e3o mundial dos seus dois novos modelos de autocarros: o ComfortClass e o TopClass. A Revista Automotive esteve presente nesta a\u00e7\u00e3o internacional em solo portugu\u00eas, e Eduardo Gaspar, diretor da Automotive, esteve ao volante para conduzir estes dois novos modelos nas estradas nacionais.&nbsp; Ambos os modelos trazem como grande [&hellip;]","og_url":"https:\/\/automotiverevista.pt\/index.php\/2023\/02\/09\/setra-apresentou-dois-novos-modelos-de-autocarros\/","og_site_name":"Revista Automotive","article_published_time":"2023-02-09T08:00:00+00:00","og_image":[{"width":889,"height":667,"url":"https:\/\/automotiverevista.pt\/wp-content\/uploads\/2023\/02\/FotoAbertura-2.jpg","type":"image\/jpeg"}],"author":"MiguelMarques","twitter_card":"summary_large_image","twitter_misc":{"Escrito por":"MiguelMarques","Tempo estimado de leitura":"4 minutos"},"schema":{"@context":"https:\/\/schema.org","@graph":[{"@type":"Article","@id":"https:\/\/automotiverevista.pt\/index.php\/2023\/02\/09\/setra-apresentou-dois-novos-modelos-de-autocarros\/#article","isPartOf":{"@id":"https:\/\/automotiverevista.pt\/index.php\/2023\/02\/09\/setra-apresentou-dois-novos-modelos-de-autocarros\/"},"author":{"name":"MiguelMarques","@id":"https:\/\/automotiverevista.pt\/#\/schema\/person\/d705335f9c428a4a0cae3d11afb2e0ef"},"headline":"Setra apresentou dois novos modelos de autocarros","datePublished":"2023-02-09T08:00:00+00:00","mainEntityOfPage":{"@id":"https:\/\/automotiverevista.pt\/index.php\/2023\/02\/09\/setra-apresentou-dois-novos-modelos-de-autocarros\/"},"wordCount":605,"publisher":{"@id":"https:\/\/automotiverevista.pt\/#organization"},"image":{"@id":"https:\/\/automotiverevista.pt\/index.php\/2023\/02\/09\/setra-apresentou-dois-novos-modelos-de-autocarros\/#primaryimage"},"thumbnailUrl":"https:\/\/automotiverevista.pt\/wp-content\/uploads\/2023\/02\/FotoAbertura-2.jpg","articleSection":["Pesados e M\u00e1quinas"],"inLanguage":"pt-PT"},{"@type":"WebPage","@id":"https:\/\/automotiverevista.pt\/index.php\/2023\/02\/09\/setra-apresentou-dois-novos-modelos-de-autocarros\/","url":"https:\/\/automotiverevista.pt\/index.php\/2023\/02\/09\/setra-apresentou-dois-novos-modelos-de-autocarros\/","name":"Setra apresentou dois novos modelos de autocarros - Revista Automotive","isPartOf":{"@id":"https:\/\/automotiverevista.pt\/#website"},"primaryImageOfPage":{"@id":"https:\/\/automotiverevista.pt\/index.php\/2023\/02\/09\/setra-apresentou-dois-novos-modelos-de-autocarros\/#primaryimage"},"image":{"@id":"https:\/\/automotiverevista.pt\/index.php\/2023\/02\/09\/setra-apresentou-dois-novos-modelos-de-autocarros\/#primaryimage"},"thumbnailUrl":"https:\/\/automotiverevista.pt\/wp-content\/uploads\/2023\/02\/FotoAbertura-2.jpg","datePublished":"2023-02-09T08:00:00+00:00","breadcrumb":{"@id":"https:\/\/automotiverevista.pt\/index.php\/2023\/02\/09\/setra-apresentou-dois-novos-modelos-de-autocarros\/#breadcrumb"},"inLanguage":"pt-PT","potentialAction":[{"@type":"ReadAction","target":["https:\/\/automotiverevista.pt\/index.php\/2023\/02\/09\/setra-apresentou-dois-novos-modelos-de-autocarros\/"]}]},{"@type":"ImageObject","inLanguage":"pt-PT","@id":"https:\/\/automotiverevista.pt\/index.php\/2023\/02\/09\/setra-apresentou-dois-novos-modelos-de-autocarros\/#primaryimage","url":"https:\/\/automotiverevista.pt\/wp-content\/uploads\/2023\/02\/FotoAbertura-2.jpg","contentUrl":"https:\/\/automotiverevista.pt\/wp-content\/uploads\/2023\/02\/FotoAbertura-2.jpg","width":889,"height":667},{"@type":"BreadcrumbList","@id":"https:\/\/automotiverevista.pt\/index.php\/2023\/02\/09\/setra-apresentou-dois-novos-modelos-de-autocarros\/#breadcrumb","itemListElement":[{"@type":"ListItem","position":1,"name":"Home","item":"https:\/\/automotiverevista.pt\/"},{"@type":"ListItem","position":2,"name":"Setra apresentou dois novos modelos de autocarros"}]},{"@type":"WebSite","@id":"https:\/\/automotiverevista.pt\/#website","url":"https:\/\/automotiverevista.pt\/","name":"Revista Automotive","description":"Revista Automotive Portugal","publisher":{"@id":"https:\/\/automotiverevista.pt\/#organization"},"potentialAction":[{"@type":"SearchAction","target":{"@type":"EntryPoint","urlTemplate":"https:\/\/automotiverevista.pt\/?s={search_term_string}"},"query-input":{"@type":"PropertyValueSpecification","valueRequired":true,"valueName":"search_term_string"}}],"inLanguage":"pt-PT"},{"@type":"Organization","@id":"https:\/\/automotiverevista.pt\/#organization","name":"Revista Automotive Portugal","url":"https:\/\/automotiverevista.pt\/","logo":{"@type":"ImageObject","inLanguage":"pt-PT","@id":"https:\/\/automotiverevista.pt\/#\/schema\/logo\/image\/","url":"https:\/\/automotiverevista.pt\/wp-content\/uploads\/2022\/07\/Logo-Automotive-2021_500-1.jpg","contentUrl":"https:\/\/automotiverevista.pt\/wp-content\/uploads\/2022\/07\/Logo-Automotive-2021_500-1.jpg","width":500,"height":160,"caption":"Revista Automotive Portugal"},"image":{"@id":"https:\/\/automotiverevista.pt\/#\/schema\/logo\/image\/"},"sameAs":["https:\/\/linkedin.com\/in\/automotiverevista"]},{"@type":"Person","@id":"https:\/\/automotiverevista.pt\/#\/schema\/person\/d705335f9c428a4a0cae3d11afb2e0ef","name":"MiguelMarques","image":{"@type":"ImageObject","inLanguage":"pt-PT","@id":"https:\/\/secure.gravatar.com\/avatar\/635d1f118671d87c579d5e4f6491bfc0081e3bbddd605eb321931e9c938270b5?s=96&d=mm&r=g","url":"https:\/\/secure.gravatar.com\/avatar\/635d1f118671d87c579d5e4f6491bfc0081e3bbddd605eb321931e9c938270b5?s=96&d=mm&r=g","contentUrl":"https:\/\/secure.gravatar.com\/avatar\/635d1f118671d87c579d5e4f6491bfc0081e3bbddd605eb321931e9c938270b5?s=96&d=mm&r=g","caption":"MiguelMarques"},"url":"https:\/\/automotiverevista.pt\/index.php\/author\/miguelmarques\/"}]}},"_links":{"self":[{"href":"https:\/\/automotiverevista.pt\/index.php\/wp-json\/wp\/v2\/posts\/2127","targetHints":{"allow":["GET"]}}],"collection":[{"href":"https:\/\/automotiverevista.pt\/index.php\/wp-json\/wp\/v2\/posts"}],"about":[{"href":"https:\/\/automotiverevista.pt\/index.php\/wp-json\/wp\/v2\/types\/post"}],"author":[{"embeddable":true,"href":"https:\/\/automotiverevista.pt\/index.php\/wp-json\/wp\/v2\/users\/3"}],"replies":[{"embeddable":true,"href":"https:\/\/automotiverevista.pt\/index.php\/wp-json\/wp\/v2\/comments?post=2127"}],"version-history":[{"count":1,"href":"https:\/\/automotiverevista.pt\/index.php\/wp-json\/wp\/v2\/posts\/2127\/revisions"}],"predecessor-version":[{"id":2133,"href":"https:\/\/automotiverevista.pt\/index.php\/wp-json\/wp\/v2\/posts\/2127\/revisions\/2133"}],"wp:featuredmedia":[{"embeddable":true,"href":"https:\/\/automotiverevista.pt\/index.php\/wp-json\/wp\/v2\/media\/2128"}],"wp:attachment":[{"href":"https:\/\/automotiverevista.pt\/index.php\/wp-json\/wp\/v2\/media?parent=2127"}],"wp:term":[{"taxonomy":"category","embeddable":true,"href":"https:\/\/automotiverevista.pt\/index.php\/wp-json\/wp\/v2\/categories?post=2127"},{"taxonomy":"post_tag","embeddable":true,"href":"https:\/\/automotiverevista.pt\/index.php\/wp-json\/wp\/v2\/tags?post=2127"}],"curies":[{"name":"wp","href":"https:\/\/api.w.org\/{rel}","templated":true}]}}