{"id":2219,"date":"2023-02-21T05:03:00","date_gmt":"2023-02-21T05:03:00","guid":{"rendered":"https:\/\/automotiverevista.pt\/?p=2219"},"modified":"2023-02-07T13:07:55","modified_gmt":"2023-02-07T13:07:55","slug":"iveco-bus-com-encomenda-de-150-autocarros-eletricos","status":"publish","type":"post","link":"https:\/\/automotiverevista.pt\/index.php\/2023\/02\/21\/iveco-bus-com-encomenda-de-150-autocarros-eletricos\/","title":{"rendered":"<strong>Iveco Bus com encomenda de 150 autocarros el\u00e9tricos\u00a0<\/strong>"},"content":{"rendered":"\n<p>A Iveco BUS vai fornecer um total de 150 autocarros urbanos 100% el\u00e9tricos E-WAY, com 12 metros de comprimento, \u00e0 Busitalia, no \u00e2mbito de um acordo a tr\u00eas anos.<\/p>\n\n\n\n<p>Esta \u00e9 a maior encomenda de autocarros urbanos E-WAY at\u00e9 \u00e0 data no mercado italiano.<\/p>\n\n\n\n<p>Os autocarros E-WAY de 12 metros e carregamento noturno que a Busitalia ir\u00e1 operar, incluem numerosos equipamentos, tais como ar condicionado, liga\u00e7\u00f5es USB, \u00e1reas dedicadas para passageiros em cadeiras de rodas, bem como um sistema de vis\u00e3o traseira. Duas configura\u00e7\u00f5es diferentes oferecem uma elevada lota\u00e7\u00e3o sem comprometer a autonomia de uma \u00fanica carga. Alguns ve\u00edculos est\u00e3o equipados para poderem transportar 28 passageiros sentados em meio urbano, enquanto outros oferecer\u00e3o uma combina\u00e7\u00e3o otimizada de 32 lugares para servi\u00e7os suburbanos.<\/p>\n\n\n\n<p>A Busitalia \u00e9 uma empresa do FS Italiane Group, tendo como principal miss\u00e3o a gest\u00e3o dos servi\u00e7os de transporte p\u00fablico local (TPL) em autocarros, nas regi\u00f5es de Umbria, Veneto e Campania, e na Holanda, com a Qbuzz, nas \u00e1reas de Utrecht e Groningen-Drenthe.&nbsp;<\/p>\n","protected":false},"excerpt":{"rendered":"<p>A Iveco BUS vai fornecer um total de 150 autocarros urbanos 100% el\u00e9tricos E-WAY, com 12 metros de comprimento, \u00e0 Busitalia, no \u00e2mbito de um acordo a tr\u00eas anos. Esta \u00e9 a maior encomenda de autocarros urbanos E-WAY at\u00e9 \u00e0 data no mercado italiano. Os autocarros E-WAY de 12 metros e carregamento noturno que a [&hellip;]<\/p>\n","protected":false},"author":3,"featured_media":2220,"comment_status":"closed","ping_status":"open","sticky":false,"template":"","format":"standard","meta":{"jnews-multi-image_gallery":[],"jnews_single_post":{"subtitle":"","format":"standard","video":"","gallery":"","source_name":"","source_url":"","via_name":"","via_url":"","override_template":"0","override":[{"template":"2","single_blog_custom":"","parallax":"1","fullscreen":"1","layout":"right-sidebar","sidebar":"default-sidebar","second_sidebar":"default-sidebar","sticky_sidebar":"1","share_position":"topbottom","share_float_style":"share-monocrhome","show_share_counter":"0","show_view_counter":"0","show_featured":"1","show_post_meta":"1","show_post_author":"0","show_post_author_image":"1","show_post_date":"1","post_date_format":"default","post_date_format_custom":"Y\/m\/d","show_post_category":"1","show_post_reading_time":"0","post_reading_time_wpm":"300","show_zoom_button":"0","zoom_button_out_step":"2","zoom_button_in_step":"3","show_post_tag":"1","show_prev_next_post":"0","show_popup_post":"1","number_popup_post":"1","show_author_box":"0","show_post_related":"1","show_inline_post_related":"1"}],"override_image_size":"0","image_override":[{"single_post_thumbnail_size":"crop-500","single_post_gallery_size":"crop-500"}],"trending_post":"0","trending_post_position":"meta","trending_post_label":"Trending","sponsored_post":"0","sponsored_post_label":"Sponsored by","sponsored_post_name":"","sponsored_post_url":"","sponsored_post_logo_enable":"0","sponsored_post_logo":"","sponsored_post_desc":"","disable_ad":"0"},"jnews_primary_category":{"id":"","hide":""},"footnotes":""},"categories":[25],"tags":[],"class_list":["post-2219","post","type-post","status-publish","format-standard","has-post-thumbnail","hentry","category-pesados-e-maquinas"],"yoast_head":"<!-- This site is optimized with the Yoast SEO Premium plugin v27.2 (Yoast SEO v27.5) - https:\/\/yoast.com\/product\/yoast-seo-premium-wordpress\/ -->\n<title>Iveco Bus com encomenda de 150 autocarros el\u00e9tricos\u00a0 - Revista Automotive<\/title>\n<meta name=\"robots\" content=\"index, follow, max-snippet:-1, max-image-preview:large, max-video-preview:-1\" \/>\n<link rel=\"canonical\" href=\"https:\/\/automotiverevista.pt\/index.php\/2023\/02\/21\/iveco-bus-com-encomenda-de-150-autocarros-eletricos\/\" \/>\n<meta property=\"og:locale\" content=\"pt_PT\" \/>\n<meta property=\"og:type\" content=\"article\" \/>\n<meta property=\"og:title\" content=\"Iveco Bus com encomenda de 150 autocarros el\u00e9tricos\u00a0\" \/>\n<meta property=\"og:description\" content=\"A Iveco BUS vai fornecer um total de 150 autocarros urbanos 100% el\u00e9tricos E-WAY, com 12 metros de comprimento, \u00e0 Busitalia, no \u00e2mbito de um acordo a tr\u00eas anos. Esta \u00e9 a maior encomenda de autocarros urbanos E-WAY at\u00e9 \u00e0 data no mercado italiano. Os autocarros E-WAY de 12 metros e carregamento noturno que a [&hellip;]\" \/>\n<meta property=\"og:url\" content=\"https:\/\/automotiverevista.pt\/index.php\/2023\/02\/21\/iveco-bus-com-encomenda-de-150-autocarros-eletricos\/\" \/>\n<meta property=\"og:site_name\" content=\"Revista Automotive\" \/>\n<meta property=\"article:published_time\" content=\"2023-02-21T05:03:00+00:00\" \/>\n<meta property=\"og:image\" content=\"https:\/\/automotiverevista.pt\/wp-content\/uploads\/2023\/02\/12-m-long-night-charging-E-WAY-full-electric-city-bus_634195.jpg\" \/>\n\t<meta property=\"og:image:width\" content=\"1000\" \/>\n\t<meta property=\"og:image:height\" content=\"667\" \/>\n\t<meta property=\"og:image:type\" content=\"image\/jpeg\" \/>\n<meta name=\"author\" content=\"MiguelMarques\" \/>\n<meta name=\"twitter:card\" content=\"summary_large_image\" \/>\n<meta name=\"twitter:label1\" content=\"Escrito por\" \/>\n\t<meta name=\"twitter:data1\" content=\"MiguelMarques\" \/>\n\t<meta name=\"twitter:label2\" content=\"Tempo estimado de leitura\" \/>\n\t<meta name=\"twitter:data2\" content=\"1 minuto\" \/>\n<script type=\"application\/ld+json\" class=\"yoast-schema-graph\">{\"@context\":\"https:\\\/\\\/schema.org\",\"@graph\":[{\"@type\":\"Article\",\"@id\":\"https:\\\/\\\/automotiverevista.pt\\\/index.php\\\/2023\\\/02\\\/21\\\/iveco-bus-com-encomenda-de-150-autocarros-eletricos\\\/#article\",\"isPartOf\":{\"@id\":\"https:\\\/\\\/automotiverevista.pt\\\/index.php\\\/2023\\\/02\\\/21\\\/iveco-bus-com-encomenda-de-150-autocarros-eletricos\\\/\"},\"author\":{\"name\":\"MiguelMarques\",\"@id\":\"https:\\\/\\\/automotiverevista.pt\\\/#\\\/schema\\\/person\\\/d705335f9c428a4a0cae3d11afb2e0ef\"},\"headline\":\"Iveco Bus com encomenda de 150 autocarros el\u00e9tricos\u00a0\",\"datePublished\":\"2023-02-21T05:03:00+00:00\",\"mainEntityOfPage\":{\"@id\":\"https:\\\/\\\/automotiverevista.pt\\\/index.php\\\/2023\\\/02\\\/21\\\/iveco-bus-com-encomenda-de-150-autocarros-eletricos\\\/\"},\"wordCount\":180,\"publisher\":{\"@id\":\"https:\\\/\\\/automotiverevista.pt\\\/#organization\"},\"image\":{\"@id\":\"https:\\\/\\\/automotiverevista.pt\\\/index.php\\\/2023\\\/02\\\/21\\\/iveco-bus-com-encomenda-de-150-autocarros-eletricos\\\/#primaryimage\"},\"thumbnailUrl\":\"https:\\\/\\\/automotiverevista.pt\\\/wp-content\\\/uploads\\\/2023\\\/02\\\/12-m-long-night-charging-E-WAY-full-electric-city-bus_634195.jpg\",\"articleSection\":[\"Pesados e M\u00e1quinas\"],\"inLanguage\":\"pt-PT\"},{\"@type\":\"WebPage\",\"@id\":\"https:\\\/\\\/automotiverevista.pt\\\/index.php\\\/2023\\\/02\\\/21\\\/iveco-bus-com-encomenda-de-150-autocarros-eletricos\\\/\",\"url\":\"https:\\\/\\\/automotiverevista.pt\\\/index.php\\\/2023\\\/02\\\/21\\\/iveco-bus-com-encomenda-de-150-autocarros-eletricos\\\/\",\"name\":\"Iveco Bus com encomenda de 150 autocarros el\u00e9tricos\u00a0 - Revista Automotive\",\"isPartOf\":{\"@id\":\"https:\\\/\\\/automotiverevista.pt\\\/#website\"},\"primaryImageOfPage\":{\"@id\":\"https:\\\/\\\/automotiverevista.pt\\\/index.php\\\/2023\\\/02\\\/21\\\/iveco-bus-com-encomenda-de-150-autocarros-eletricos\\\/#primaryimage\"},\"image\":{\"@id\":\"https:\\\/\\\/automotiverevista.pt\\\/index.php\\\/2023\\\/02\\\/21\\\/iveco-bus-com-encomenda-de-150-autocarros-eletricos\\\/#primaryimage\"},\"thumbnailUrl\":\"https:\\\/\\\/automotiverevista.pt\\\/wp-content\\\/uploads\\\/2023\\\/02\\\/12-m-long-night-charging-E-WAY-full-electric-city-bus_634195.jpg\",\"datePublished\":\"2023-02-21T05:03:00+00:00\",\"breadcrumb\":{\"@id\":\"https:\\\/\\\/automotiverevista.pt\\\/index.php\\\/2023\\\/02\\\/21\\\/iveco-bus-com-encomenda-de-150-autocarros-eletricos\\\/#breadcrumb\"},\"inLanguage\":\"pt-PT\",\"potentialAction\":[{\"@type\":\"ReadAction\",\"target\":[\"https:\\\/\\\/automotiverevista.pt\\\/index.php\\\/2023\\\/02\\\/21\\\/iveco-bus-com-encomenda-de-150-autocarros-eletricos\\\/\"]}]},{\"@type\":\"ImageObject\",\"inLanguage\":\"pt-PT\",\"@id\":\"https:\\\/\\\/automotiverevista.pt\\\/index.php\\\/2023\\\/02\\\/21\\\/iveco-bus-com-encomenda-de-150-autocarros-eletricos\\\/#primaryimage\",\"url\":\"https:\\\/\\\/automotiverevista.pt\\\/wp-content\\\/uploads\\\/2023\\\/02\\\/12-m-long-night-charging-E-WAY-full-electric-city-bus_634195.jpg\",\"contentUrl\":\"https:\\\/\\\/automotiverevista.pt\\\/wp-content\\\/uploads\\\/2023\\\/02\\\/12-m-long-night-charging-E-WAY-full-electric-city-bus_634195.jpg\",\"width\":1000,\"height\":667},{\"@type\":\"BreadcrumbList\",\"@id\":\"https:\\\/\\\/automotiverevista.pt\\\/index.php\\\/2023\\\/02\\\/21\\\/iveco-bus-com-encomenda-de-150-autocarros-eletricos\\\/#breadcrumb\",\"itemListElement\":[{\"@type\":\"ListItem\",\"position\":1,\"name\":\"Home\",\"item\":\"https:\\\/\\\/automotiverevista.pt\\\/\"},{\"@type\":\"ListItem\",\"position\":2,\"name\":\"Iveco Bus com encomenda de 150 autocarros el\u00e9tricos\u00a0\"}]},{\"@type\":\"WebSite\",\"@id\":\"https:\\\/\\\/automotiverevista.pt\\\/#website\",\"url\":\"https:\\\/\\\/automotiverevista.pt\\\/\",\"name\":\"Revista Automotive\",\"description\":\"Revista Automotive Portugal\",\"publisher\":{\"@id\":\"https:\\\/\\\/automotiverevista.pt\\\/#organization\"},\"potentialAction\":[{\"@type\":\"SearchAction\",\"target\":{\"@type\":\"EntryPoint\",\"urlTemplate\":\"https:\\\/\\\/automotiverevista.pt\\\/?s={search_term_string}\"},\"query-input\":{\"@type\":\"PropertyValueSpecification\",\"valueRequired\":true,\"valueName\":\"search_term_string\"}}],\"inLanguage\":\"pt-PT\"},{\"@type\":\"Organization\",\"@id\":\"https:\\\/\\\/automotiverevista.pt\\\/#organization\",\"name\":\"Revista Automotive Portugal\",\"url\":\"https:\\\/\\\/automotiverevista.pt\\\/\",\"logo\":{\"@type\":\"ImageObject\",\"inLanguage\":\"pt-PT\",\"@id\":\"https:\\\/\\\/automotiverevista.pt\\\/#\\\/schema\\\/logo\\\/image\\\/\",\"url\":\"https:\\\/\\\/automotiverevista.pt\\\/wp-content\\\/uploads\\\/2022\\\/07\\\/Logo-Automotive-2021_500-1.jpg\",\"contentUrl\":\"https:\\\/\\\/automotiverevista.pt\\\/wp-content\\\/uploads\\\/2022\\\/07\\\/Logo-Automotive-2021_500-1.jpg\",\"width\":500,\"height\":160,\"caption\":\"Revista Automotive Portugal\"},\"image\":{\"@id\":\"https:\\\/\\\/automotiverevista.pt\\\/#\\\/schema\\\/logo\\\/image\\\/\"},\"sameAs\":[\"https:\\\/\\\/linkedin.com\\\/in\\\/automotiverevista\"]},{\"@type\":\"Person\",\"@id\":\"https:\\\/\\\/automotiverevista.pt\\\/#\\\/schema\\\/person\\\/d705335f9c428a4a0cae3d11afb2e0ef\",\"name\":\"MiguelMarques\",\"image\":{\"@type\":\"ImageObject\",\"inLanguage\":\"pt-PT\",\"@id\":\"https:\\\/\\\/secure.gravatar.com\\\/avatar\\\/635d1f118671d87c579d5e4f6491bfc0081e3bbddd605eb321931e9c938270b5?s=96&d=mm&r=g\",\"url\":\"https:\\\/\\\/secure.gravatar.com\\\/avatar\\\/635d1f118671d87c579d5e4f6491bfc0081e3bbddd605eb321931e9c938270b5?s=96&d=mm&r=g\",\"contentUrl\":\"https:\\\/\\\/secure.gravatar.com\\\/avatar\\\/635d1f118671d87c579d5e4f6491bfc0081e3bbddd605eb321931e9c938270b5?s=96&d=mm&r=g\",\"caption\":\"MiguelMarques\"},\"url\":\"https:\\\/\\\/automotiverevista.pt\\\/index.php\\\/author\\\/miguelmarques\\\/\"}]}<\/script>\n<!-- \/ Yoast SEO Premium plugin. -->","yoast_head_json":{"title":"Iveco Bus com encomenda de 150 autocarros el\u00e9tricos\u00a0 - Revista Automotive","robots":{"index":"index","follow":"follow","max-snippet":"max-snippet:-1","max-image-preview":"max-image-preview:large","max-video-preview":"max-video-preview:-1"},"canonical":"https:\/\/automotiverevista.pt\/index.php\/2023\/02\/21\/iveco-bus-com-encomenda-de-150-autocarros-eletricos\/","og_locale":"pt_PT","og_type":"article","og_title":"Iveco Bus com encomenda de 150 autocarros el\u00e9tricos\u00a0","og_description":"A Iveco BUS vai fornecer um total de 150 autocarros urbanos 100% el\u00e9tricos E-WAY, com 12 metros de comprimento, \u00e0 Busitalia, no \u00e2mbito de um acordo a tr\u00eas anos. Esta \u00e9 a maior encomenda de autocarros urbanos E-WAY at\u00e9 \u00e0 data no mercado italiano. Os autocarros E-WAY de 12 metros e carregamento noturno que a [&hellip;]","og_url":"https:\/\/automotiverevista.pt\/index.php\/2023\/02\/21\/iveco-bus-com-encomenda-de-150-autocarros-eletricos\/","og_site_name":"Revista Automotive","article_published_time":"2023-02-21T05:03:00+00:00","og_image":[{"width":1000,"height":667,"url":"https:\/\/automotiverevista.pt\/wp-content\/uploads\/2023\/02\/12-m-long-night-charging-E-WAY-full-electric-city-bus_634195.jpg","type":"image\/jpeg"}],"author":"MiguelMarques","twitter_card":"summary_large_image","twitter_misc":{"Escrito por":"MiguelMarques","Tempo estimado de leitura":"1 minuto"},"schema":{"@context":"https:\/\/schema.org","@graph":[{"@type":"Article","@id":"https:\/\/automotiverevista.pt\/index.php\/2023\/02\/21\/iveco-bus-com-encomenda-de-150-autocarros-eletricos\/#article","isPartOf":{"@id":"https:\/\/automotiverevista.pt\/index.php\/2023\/02\/21\/iveco-bus-com-encomenda-de-150-autocarros-eletricos\/"},"author":{"name":"MiguelMarques","@id":"https:\/\/automotiverevista.pt\/#\/schema\/person\/d705335f9c428a4a0cae3d11afb2e0ef"},"headline":"Iveco Bus com encomenda de 150 autocarros el\u00e9tricos\u00a0","datePublished":"2023-02-21T05:03:00+00:00","mainEntityOfPage":{"@id":"https:\/\/automotiverevista.pt\/index.php\/2023\/02\/21\/iveco-bus-com-encomenda-de-150-autocarros-eletricos\/"},"wordCount":180,"publisher":{"@id":"https:\/\/automotiverevista.pt\/#organization"},"image":{"@id":"https:\/\/automotiverevista.pt\/index.php\/2023\/02\/21\/iveco-bus-com-encomenda-de-150-autocarros-eletricos\/#primaryimage"},"thumbnailUrl":"https:\/\/automotiverevista.pt\/wp-content\/uploads\/2023\/02\/12-m-long-night-charging-E-WAY-full-electric-city-bus_634195.jpg","articleSection":["Pesados e M\u00e1quinas"],"inLanguage":"pt-PT"},{"@type":"WebPage","@id":"https:\/\/automotiverevista.pt\/index.php\/2023\/02\/21\/iveco-bus-com-encomenda-de-150-autocarros-eletricos\/","url":"https:\/\/automotiverevista.pt\/index.php\/2023\/02\/21\/iveco-bus-com-encomenda-de-150-autocarros-eletricos\/","name":"Iveco Bus com encomenda de 150 autocarros el\u00e9tricos\u00a0 - Revista Automotive","isPartOf":{"@id":"https:\/\/automotiverevista.pt\/#website"},"primaryImageOfPage":{"@id":"https:\/\/automotiverevista.pt\/index.php\/2023\/02\/21\/iveco-bus-com-encomenda-de-150-autocarros-eletricos\/#primaryimage"},"image":{"@id":"https:\/\/automotiverevista.pt\/index.php\/2023\/02\/21\/iveco-bus-com-encomenda-de-150-autocarros-eletricos\/#primaryimage"},"thumbnailUrl":"https:\/\/automotiverevista.pt\/wp-content\/uploads\/2023\/02\/12-m-long-night-charging-E-WAY-full-electric-city-bus_634195.jpg","datePublished":"2023-02-21T05:03:00+00:00","breadcrumb":{"@id":"https:\/\/automotiverevista.pt\/index.php\/2023\/02\/21\/iveco-bus-com-encomenda-de-150-autocarros-eletricos\/#breadcrumb"},"inLanguage":"pt-PT","potentialAction":[{"@type":"ReadAction","target":["https:\/\/automotiverevista.pt\/index.php\/2023\/02\/21\/iveco-bus-com-encomenda-de-150-autocarros-eletricos\/"]}]},{"@type":"ImageObject","inLanguage":"pt-PT","@id":"https:\/\/automotiverevista.pt\/index.php\/2023\/02\/21\/iveco-bus-com-encomenda-de-150-autocarros-eletricos\/#primaryimage","url":"https:\/\/automotiverevista.pt\/wp-content\/uploads\/2023\/02\/12-m-long-night-charging-E-WAY-full-electric-city-bus_634195.jpg","contentUrl":"https:\/\/automotiverevista.pt\/wp-content\/uploads\/2023\/02\/12-m-long-night-charging-E-WAY-full-electric-city-bus_634195.jpg","width":1000,"height":667},{"@type":"BreadcrumbList","@id":"https:\/\/automotiverevista.pt\/index.php\/2023\/02\/21\/iveco-bus-com-encomenda-de-150-autocarros-eletricos\/#breadcrumb","itemListElement":[{"@type":"ListItem","position":1,"name":"Home","item":"https:\/\/automotiverevista.pt\/"},{"@type":"ListItem","position":2,"name":"Iveco Bus com encomenda de 150 autocarros el\u00e9tricos\u00a0"}]},{"@type":"WebSite","@id":"https:\/\/automotiverevista.pt\/#website","url":"https:\/\/automotiverevista.pt\/","name":"Revista Automotive","description":"Revista Automotive Portugal","publisher":{"@id":"https:\/\/automotiverevista.pt\/#organization"},"potentialAction":[{"@type":"SearchAction","target":{"@type":"EntryPoint","urlTemplate":"https:\/\/automotiverevista.pt\/?s={search_term_string}"},"query-input":{"@type":"PropertyValueSpecification","valueRequired":true,"valueName":"search_term_string"}}],"inLanguage":"pt-PT"},{"@type":"Organization","@id":"https:\/\/automotiverevista.pt\/#organization","name":"Revista Automotive Portugal","url":"https:\/\/automotiverevista.pt\/","logo":{"@type":"ImageObject","inLanguage":"pt-PT","@id":"https:\/\/automotiverevista.pt\/#\/schema\/logo\/image\/","url":"https:\/\/automotiverevista.pt\/wp-content\/uploads\/2022\/07\/Logo-Automotive-2021_500-1.jpg","contentUrl":"https:\/\/automotiverevista.pt\/wp-content\/uploads\/2022\/07\/Logo-Automotive-2021_500-1.jpg","width":500,"height":160,"caption":"Revista Automotive Portugal"},"image":{"@id":"https:\/\/automotiverevista.pt\/#\/schema\/logo\/image\/"},"sameAs":["https:\/\/linkedin.com\/in\/automotiverevista"]},{"@type":"Person","@id":"https:\/\/automotiverevista.pt\/#\/schema\/person\/d705335f9c428a4a0cae3d11afb2e0ef","name":"MiguelMarques","image":{"@type":"ImageObject","inLanguage":"pt-PT","@id":"https:\/\/secure.gravatar.com\/avatar\/635d1f118671d87c579d5e4f6491bfc0081e3bbddd605eb321931e9c938270b5?s=96&d=mm&r=g","url":"https:\/\/secure.gravatar.com\/avatar\/635d1f118671d87c579d5e4f6491bfc0081e3bbddd605eb321931e9c938270b5?s=96&d=mm&r=g","contentUrl":"https:\/\/secure.gravatar.com\/avatar\/635d1f118671d87c579d5e4f6491bfc0081e3bbddd605eb321931e9c938270b5?s=96&d=mm&r=g","caption":"MiguelMarques"},"url":"https:\/\/automotiverevista.pt\/index.php\/author\/miguelmarques\/"}]}},"_links":{"self":[{"href":"https:\/\/automotiverevista.pt\/index.php\/wp-json\/wp\/v2\/posts\/2219","targetHints":{"allow":["GET"]}}],"collection":[{"href":"https:\/\/automotiverevista.pt\/index.php\/wp-json\/wp\/v2\/posts"}],"about":[{"href":"https:\/\/automotiverevista.pt\/index.php\/wp-json\/wp\/v2\/types\/post"}],"author":[{"embeddable":true,"href":"https:\/\/automotiverevista.pt\/index.php\/wp-json\/wp\/v2\/users\/3"}],"replies":[{"embeddable":true,"href":"https:\/\/automotiverevista.pt\/index.php\/wp-json\/wp\/v2\/comments?post=2219"}],"version-history":[{"count":1,"href":"https:\/\/automotiverevista.pt\/index.php\/wp-json\/wp\/v2\/posts\/2219\/revisions"}],"predecessor-version":[{"id":2221,"href":"https:\/\/automotiverevista.pt\/index.php\/wp-json\/wp\/v2\/posts\/2219\/revisions\/2221"}],"wp:featuredmedia":[{"embeddable":true,"href":"https:\/\/automotiverevista.pt\/index.php\/wp-json\/wp\/v2\/media\/2220"}],"wp:attachment":[{"href":"https:\/\/automotiverevista.pt\/index.php\/wp-json\/wp\/v2\/media?parent=2219"}],"wp:term":[{"taxonomy":"category","embeddable":true,"href":"https:\/\/automotiverevista.pt\/index.php\/wp-json\/wp\/v2\/categories?post=2219"},{"taxonomy":"post_tag","embeddable":true,"href":"https:\/\/automotiverevista.pt\/index.php\/wp-json\/wp\/v2\/tags?post=2219"}],"curies":[{"name":"wp","href":"https:\/\/api.w.org\/{rel}","templated":true}]}}