{"id":2366,"date":"2023-03-10T08:00:00","date_gmt":"2023-03-10T08:00:00","guid":{"rendered":"https:\/\/automotiverevista.pt\/?p=2366"},"modified":"2023-03-01T19:58:50","modified_gmt":"2023-03-01T19:58:50","slug":"volvo-car-portugal-anteve-um-aumento-de-vendas-a-frotas-este-ano","status":"publish","type":"post","link":"https:\/\/automotiverevista.pt\/index.php\/2023\/03\/10\/volvo-car-portugal-anteve-um-aumento-de-vendas-a-frotas-este-ano\/","title":{"rendered":"<strong>Volvo Car Portugal antev\u00ea um aumento de vendas a frotas este ano\u00a0<\/strong>"},"content":{"rendered":"\n<p><strong>Nuno Silva<\/strong>,&nbsp;Commercial&nbsp;\/&nbsp;Fleet&nbsp;Sales Manager da Volvo Car Portugal, \u00e9 o entrevistado da Automotive, onde aborda as atividades da empresa para 2023.&nbsp;<\/p>\n\n\n\n<p><br>\u201cApesar de todas as turbul\u00eancias que existem no setor autom\u00f3vel, conseguimos realizar 3.594 matr\u00edculas em 2022, o que nos permitiu ter uma quota de mercado na presen\u00e7a de 2.3%. Em rela\u00e7\u00e3o ao ano anterior (2021), tivemos uma ligeira quebra cerca de 10% em termos de volume pois, em 2021, t\u00ednhamos alcan\u00e7ado uma cota de 2,7%\u201d.&nbsp;<\/p>\n\n\n\n<p><br>Para este respons\u00e1vel estes valores n\u00e3o s\u00e3o \u201cobviamente um factor positivo, mas as boas not\u00edcias s\u00e3o que temos em encomendas no pipeline um n\u00famero muito superior a este. O que nos permite&nbsp;ter&nbsp;uma perspetiva bastante positiva para 2023\u201d.&nbsp;<\/p>\n\n\n\n<p><br>Segundo Nuno Silva, a Volvo Car tem \u201cuma pol\u00edtica que diferencia claramente uma empresa com um parque de cerca de dez viaturas e uma empresa que tenha um parque superior a dez viaturas. Temos uma pol\u00edtica diferente no que diz respeito tamb\u00e9m \u00e0s frotas\u201d.<\/p>\n\n\n\n<figure class=\"wp-block-image size-full\"><img decoding=\"async\" width=\"1000\" height=\"667\" src=\"https:\/\/automotiverevista.pt\/wp-content\/uploads\/2023\/03\/IMG_3982.jpg\" alt=\"\" class=\"wp-image-2368\" srcset=\"https:\/\/automotiverevista.pt\/wp-content\/uploads\/2023\/03\/IMG_3982.jpg 1000w, https:\/\/automotiverevista.pt\/wp-content\/uploads\/2023\/03\/IMG_3982-300x200.jpg 300w, https:\/\/automotiverevista.pt\/wp-content\/uploads\/2023\/03\/IMG_3982-768x512.jpg 768w, https:\/\/automotiverevista.pt\/wp-content\/uploads\/2023\/03\/IMG_3982-750x500.jpg 750w\" sizes=\"(max-width: 1000px) 100vw, 1000px\" \/><\/figure>\n\n\n\n<p><br><strong>Solu\u00e7\u00f5es de financiamento<\/strong>&nbsp;<\/p>\n\n\n\n<p><br>No que respeita \u00e0s solu\u00e7\u00f5es de financiamento, a marca tem \u201cum produto espec\u00edfico que \u00e9 o&nbsp;<em>Car&nbsp;Finantial&nbsp;Service<\/em>, onde est\u00e3o inclu\u00eddos dois vetores. Um \u00e9 o&nbsp;AOV, que \u00e9 feito atrav\u00e9s da ALD Automotive, sendo uma das solu\u00e7\u00f5es que proporcionamos aos nossos clientes&nbsp;corporate. J\u00e1 no financiamento tradicional, trabalhamos com a&nbsp;Cetelem&nbsp;desde outubro do ano passado.&nbsp;E&nbsp;aqui tamb\u00e9m temos algumas solu\u00e7\u00f5es de financiamento mais&nbsp;direcionadas&nbsp;para o cliente particular, mas que tamb\u00e9m se ajustam ao cliente corporate de menor dimens\u00e3o.&nbsp;&nbsp;<\/p>\n\n\n\n<p>A nossa empresa disponibiliza ainda os&nbsp;TCMs (<em>total cost of mobility<\/em>, ou custo total de mobilidade),&nbsp;com vantagens muito interessantes. O&nbsp;TCM&nbsp;permite que o cliente adquira o carro hoje e daqui a quatro anos s\u00e3o dadas v\u00e1rias solu\u00e7\u00f5es para que possa ou devolver o carro ou comprar o mesmo. Entrega aquele e compra um novo. Uma estrat\u00e9gia que permite manter o cliente ligado \u00e0 marca\u201d, sublinha Nuno Silva.&nbsp;<\/p>\n\n\n\n<figure class=\"wp-block-image size-full\"><img decoding=\"async\" width=\"1000\" height=\"667\" src=\"https:\/\/automotiverevista.pt\/wp-content\/uploads\/2023\/03\/IMG_3983.jpg\" alt=\"\" class=\"wp-image-2369\" srcset=\"https:\/\/automotiverevista.pt\/wp-content\/uploads\/2023\/03\/IMG_3983.jpg 1000w, https:\/\/automotiverevista.pt\/wp-content\/uploads\/2023\/03\/IMG_3983-300x200.jpg 300w, https:\/\/automotiverevista.pt\/wp-content\/uploads\/2023\/03\/IMG_3983-768x512.jpg 768w, https:\/\/automotiverevista.pt\/wp-content\/uploads\/2023\/03\/IMG_3983-750x500.jpg 750w\" sizes=\"(max-width: 1000px) 100vw, 1000px\" \/><\/figure>\n\n\n\n<p><strong>Modelos mais vendidos<\/strong><\/p>\n\n\n\n<p>\u201cEm 2022, o X40 foi o modelo mais vendido da Volvo a n\u00edvel mundial e tamb\u00e9m em Portugal\u201d, refere o Fleet Sales manager da Volvo. &nbsp;\u201cA seguir temos o V60 plug-in, no segmento dos 35.000 euros mais IVA. \u00c9 um carro muito apetec\u00edvel e muito procurado para as empresas.\u201d<\/p>\n\n\n\n<p>Nuno Silva ressalta ainda o modelo XC60, \u201cque fica no patamar fiscal acima dos 50.000 euros mais IVA, dois modelos nitidamente orientados para quadros diretivos, onde tamb\u00e9m h\u00e1 muita procura pelos clientes empresariais. S\u00e3o modelos que tamb\u00e9m contribuem para alicer\u00e7armos as nossas vendas, sendo ambos plugin, ou seja, em linha com a estrat\u00e9gia de eletrifica\u00e7\u00e3o da gama Volvo Car, iniciada em 2018. &nbsp;<\/p>\n\n\n\n<figure class=\"wp-block-image size-full\"><img decoding=\"async\" width=\"1000\" height=\"667\" src=\"https:\/\/automotiverevista.pt\/wp-content\/uploads\/2023\/03\/IMG_3993.jpg\" alt=\"\" class=\"wp-image-2370\" srcset=\"https:\/\/automotiverevista.pt\/wp-content\/uploads\/2023\/03\/IMG_3993.jpg 1000w, https:\/\/automotiverevista.pt\/wp-content\/uploads\/2023\/03\/IMG_3993-300x200.jpg 300w, https:\/\/automotiverevista.pt\/wp-content\/uploads\/2023\/03\/IMG_3993-768x512.jpg 768w, https:\/\/automotiverevista.pt\/wp-content\/uploads\/2023\/03\/IMG_3993-750x500.jpg 750w\" sizes=\"(max-width: 1000px) 100vw, 1000px\" \/><\/figure>\n\n\n\n<p><strong>Eletrificar frotas<\/strong><\/p>\n\n\n\n<p>Nota-se que a maior parte das empresas j\u00e1 come\u00e7aram a implementar pol\u00edticas de frotas mais ambientais, para que os utilizadores ou os seus colaboradores tenham carros 100% el\u00e9tricos\u201d, adianta Nuno Silva.&nbsp;<\/p>\n\n\n\n<p>Como exemplo dessa mudan\u00e7a \u201ctemos uma empresa farmac\u00eautica que adquiriu uma frota XC40 100% el\u00e9trico, o que mostra a import\u00e2ncia dos modelos el\u00e9tricos. Muitos respons\u00e1veis de compras optam pela transforma\u00e7\u00e3o direta do motor a combust\u00e3o para o carro 100% el\u00e9trico, na renova\u00e7\u00e3o das suas frotas.<\/p>\n\n\n\n<p>Em Portugal, 84% das nossas vendas j\u00e1 s\u00e3o carros plugin. E do total de carros vendidos, 24% s\u00e3o carros 100% el\u00e9tricos. Face \u00e0 nossa regi\u00e3o EMEA, conseguimos ter uma performance superior \u00e0 m\u00e9dia da regi\u00e3o europeia. Sabemos que a parte fiscal ajuda, mas n\u00e3o \u00e9 s\u00f3 isso. As viaturas t\u00eam autonomias muito interessantes e isso ajuda os clientes a passarem para a eletrifica\u00e7\u00e3o.<\/p>\n\n\n\n<figure class=\"wp-block-image size-full\"><img decoding=\"async\" width=\"831\" height=\"667\" src=\"https:\/\/automotiverevista.pt\/wp-content\/uploads\/2023\/03\/IMG_4001.jpg\" alt=\"\" class=\"wp-image-2373\" srcset=\"https:\/\/automotiverevista.pt\/wp-content\/uploads\/2023\/03\/IMG_4001.jpg 831w, https:\/\/automotiverevista.pt\/wp-content\/uploads\/2023\/03\/IMG_4001-300x241.jpg 300w, https:\/\/automotiverevista.pt\/wp-content\/uploads\/2023\/03\/IMG_4001-768x616.jpg 768w, https:\/\/automotiverevista.pt\/wp-content\/uploads\/2023\/03\/IMG_4001-750x602.jpg 750w\" sizes=\"(max-width: 831px) 100vw, 831px\" \/><\/figure>\n\n\n\n<p>No ano de 2018 introduzimos o XC40 e a\u00ed sim, com esse modelo mais jovem, atra\u00edmos um segmento mais jovem. E vamos continuar nessa senda. O \u00faltimo modelo que lan\u00e7\u00e1mos foi o C40 que \u00e9 um carro 100% el\u00e9trico. E vamos lan\u00e7ar at\u00e9 2025 dois modelos novos todos os anos, o que nos vai permitir manter esta margem de crescimento.<\/p>\n\n\n\n<p>Lan\u00e7\u00e1mos em setembro do ano passado um modelo, que para n\u00f3s \u00e9 um flagship: o EX90, que \u00e9 um SUV 100% el\u00e9trico de sete lugares, com novos par\u00e2metros de seguran\u00e7a e de tecnologia. J\u00e1 est\u00e1 a ser comercializado em outros pa\u00edses, mas ainda n\u00e3o chegou a Portugal.<\/p>\n\n\n\n<p>Deveremos lan\u00e7ar daqui a quatro meses um SUV, mais pequeno que o XC40, 100% el\u00e9trico, um modelo que acreditamos que vai ter muito sucesso em Portugal, visto ser um modelo mais pequeno que o XC40, com um pre\u00e7o muito competitivo e com autonomia acima dos 400 km, reunindo boas caracter\u00edsticas para o mercado empresarial.<\/p>\n\n\n\n<figure class=\"wp-block-image size-full\"><img decoding=\"async\" width=\"1000\" height=\"667\" src=\"https:\/\/automotiverevista.pt\/wp-content\/uploads\/2023\/03\/IMG_3996.jpg\" alt=\"\" class=\"wp-image-2371\" srcset=\"https:\/\/automotiverevista.pt\/wp-content\/uploads\/2023\/03\/IMG_3996.jpg 1000w, https:\/\/automotiverevista.pt\/wp-content\/uploads\/2023\/03\/IMG_3996-300x200.jpg 300w, https:\/\/automotiverevista.pt\/wp-content\/uploads\/2023\/03\/IMG_3996-768x512.jpg 768w, https:\/\/automotiverevista.pt\/wp-content\/uploads\/2023\/03\/IMG_3996-750x500.jpg 750w\" sizes=\"(max-width: 1000px) 100vw, 1000px\" \/><\/figure>\n\n\n\n<p><strong>Boas perspetivas para 2023<\/strong><\/p>\n\n\n\n<p>\u00c9 nas desloca\u00e7\u00f5es casa-trabalho que apostamos e demostramos isso com pr\u00e1tica. Tenho uma&nbsp;<em>pool&nbsp;<\/em>de carros que disponibilizo sempre \u00e0s empresas, antes de tomarem uma decis\u00e3o. Para facilitar essa decis\u00e3o, fazemos eventos, roadshows nas empresas. Estivemos no ano passado numa empresa tecnol\u00f3gica, com carros 100% el\u00e9tricos e os utilizadores adoraram a experi\u00eancia.<\/p>\n\n\n\n<p>A nossa ambi\u00e7\u00e3o tamb\u00e9m passa por diminuir os tempos de entrega dos nossos autom\u00f3veis, embora n\u00e3o seja um problema transversal a todos os nossos produtos, visto que os nossos modelos el\u00e9tricos t\u00eam um prazo de entrega mais r\u00e1pido, de 7\/8 meses.<\/p>\n\n\n\n<p>Este ano ambicionamos ter um crescimento robusto, assim as cadeias de abastecimento e as quest\u00f5es de produ\u00e7\u00e3o dinamizem os seus fluxos. A nossa expectativa \u00e9 de que, j\u00e1 no segundo semestre de 2023, todas estas situa\u00e7\u00f5es de falta de componentes venha a estabilizar a cadeia de produ\u00e7\u00e3o e contribua para uma certa normaliza\u00e7\u00e3o nas entregas\u201d, conclui Nuno Silva.<\/p>\n\n\n\n<figure class=\"wp-block-image size-full\"><img decoding=\"async\" width=\"1000\" height=\"667\" src=\"https:\/\/automotiverevista.pt\/wp-content\/uploads\/2023\/03\/IMG_3997.jpg\" alt=\"\" class=\"wp-image-2372\" srcset=\"https:\/\/automotiverevista.pt\/wp-content\/uploads\/2023\/03\/IMG_3997.jpg 1000w, https:\/\/automotiverevista.pt\/wp-content\/uploads\/2023\/03\/IMG_3997-300x200.jpg 300w, https:\/\/automotiverevista.pt\/wp-content\/uploads\/2023\/03\/IMG_3997-768x512.jpg 768w, https:\/\/automotiverevista.pt\/wp-content\/uploads\/2023\/03\/IMG_3997-750x500.jpg 750w\" sizes=\"(max-width: 1000px) 100vw, 1000px\" \/><\/figure>\n","protected":false},"excerpt":{"rendered":"<p>Nuno Silva,&nbsp;Commercial&nbsp;\/&nbsp;Fleet&nbsp;Sales Manager da Volvo Car Portugal, \u00e9 o entrevistado da Automotive, onde aborda as atividades da empresa para 2023.&nbsp; \u201cApesar de todas as turbul\u00eancias que existem no setor autom\u00f3vel, conseguimos realizar 3.594 matr\u00edculas em 2022, o que nos permitiu ter uma quota de mercado na presen\u00e7a de 2.3%. Em rela\u00e7\u00e3o ao ano anterior (2021), [&hellip;]<\/p>\n","protected":false},"author":3,"featured_media":2367,"comment_status":"closed","ping_status":"open","sticky":false,"template":"","format":"standard","meta":{"jnews-multi-image_gallery":[],"jnews_single_post":{"subtitle":"","format":"standard","video":"","gallery":"","source_name":"","source_url":"","via_name":"","via_url":"","override_template":"0","override":[{"template":"2","single_blog_custom":"","parallax":"1","fullscreen":"1","layout":"right-sidebar","sidebar":"default-sidebar","second_sidebar":"default-sidebar","sticky_sidebar":"1","share_position":"topbottom","share_float_style":"share-monocrhome","show_share_counter":"0","show_view_counter":"0","show_featured":"1","show_post_meta":"1","show_post_author":"0","show_post_author_image":"1","show_post_date":"1","post_date_format":"default","post_date_format_custom":"Y\/m\/d","show_post_category":"1","show_post_reading_time":"0","post_reading_time_wpm":"300","show_zoom_button":"0","zoom_button_out_step":"2","zoom_button_in_step":"3","show_post_tag":"1","show_prev_next_post":"0","show_popup_post":"1","number_popup_post":"1","show_author_box":"0","show_post_related":"1","show_inline_post_related":"1"}],"override_image_size":"0","image_override":[{"single_post_thumbnail_size":"crop-500","single_post_gallery_size":"crop-500"}],"trending_post":"0","trending_post_position":"meta","trending_post_label":"Trending","sponsored_post":"0","sponsored_post_label":"Sponsored by","sponsored_post_name":"","sponsored_post_url":"","sponsored_post_logo_enable":"0","sponsored_post_logo":"","sponsored_post_desc":"","disable_ad":"0"},"jnews_primary_category":{"id":"","hide":""},"footnotes":""},"categories":[23],"tags":[],"class_list":["post-2366","post","type-post","status-publish","format-standard","has-post-thumbnail","hentry","category-frotas"],"yoast_head":"<!-- This site is optimized with the Yoast SEO Premium plugin v27.5 (Yoast SEO v27.5) - https:\/\/yoast.com\/product\/yoast-seo-premium-wordpress\/ -->\n<title>Volvo Car Portugal antev\u00ea um aumento de vendas a frotas este ano\u00a0 - Revista Automotive<\/title>\n<meta name=\"robots\" content=\"index, follow, max-snippet:-1, max-image-preview:large, max-video-preview:-1\" \/>\n<link rel=\"canonical\" href=\"https:\/\/automotiverevista.pt\/index.php\/2023\/03\/10\/volvo-car-portugal-anteve-um-aumento-de-vendas-a-frotas-este-ano\/\" \/>\n<meta property=\"og:locale\" content=\"pt_PT\" \/>\n<meta property=\"og:type\" content=\"article\" \/>\n<meta property=\"og:title\" content=\"Volvo Car Portugal antev\u00ea um aumento de vendas a frotas este ano\u00a0\" \/>\n<meta property=\"og:description\" content=\"Nuno Silva,&nbsp;Commercial&nbsp;\/&nbsp;Fleet&nbsp;Sales Manager da Volvo Car Portugal, \u00e9 o entrevistado da Automotive, onde aborda as atividades da empresa para 2023.&nbsp; \u201cApesar de todas as turbul\u00eancias que existem no setor autom\u00f3vel, conseguimos realizar 3.594 matr\u00edculas em 2022, o que nos permitiu ter uma quota de mercado na presen\u00e7a de 2.3%. Em rela\u00e7\u00e3o ao ano anterior (2021), [&hellip;]\" \/>\n<meta property=\"og:url\" content=\"https:\/\/automotiverevista.pt\/index.php\/2023\/03\/10\/volvo-car-portugal-anteve-um-aumento-de-vendas-a-frotas-este-ano\/\" \/>\n<meta property=\"og:site_name\" content=\"Revista Automotive\" \/>\n<meta property=\"article:published_time\" content=\"2023-03-10T08:00:00+00:00\" \/>\n<meta property=\"og:image\" content=\"https:\/\/automotiverevista.pt\/wp-content\/uploads\/2023\/03\/FotoAbertura-8.jpg\" \/>\n\t<meta property=\"og:image:width\" content=\"1000\" \/>\n\t<meta property=\"og:image:height\" content=\"667\" \/>\n\t<meta property=\"og:image:type\" content=\"image\/jpeg\" \/>\n<meta name=\"author\" content=\"MiguelMarques\" \/>\n<meta name=\"twitter:card\" content=\"summary_large_image\" \/>\n<meta name=\"twitter:label1\" content=\"Escrito por\" \/>\n\t<meta name=\"twitter:data1\" content=\"MiguelMarques\" \/>\n\t<meta name=\"twitter:label2\" content=\"Tempo estimado de leitura\" \/>\n\t<meta name=\"twitter:data2\" content=\"7 minutos\" \/>\n<script type=\"application\/ld+json\" class=\"yoast-schema-graph\">{\"@context\":\"https:\\\/\\\/schema.org\",\"@graph\":[{\"@type\":\"Article\",\"@id\":\"https:\\\/\\\/automotiverevista.pt\\\/index.php\\\/2023\\\/03\\\/10\\\/volvo-car-portugal-anteve-um-aumento-de-vendas-a-frotas-este-ano\\\/#article\",\"isPartOf\":{\"@id\":\"https:\\\/\\\/automotiverevista.pt\\\/index.php\\\/2023\\\/03\\\/10\\\/volvo-car-portugal-anteve-um-aumento-de-vendas-a-frotas-este-ano\\\/\"},\"author\":{\"name\":\"MiguelMarques\",\"@id\":\"https:\\\/\\\/automotiverevista.pt\\\/#\\\/schema\\\/person\\\/d705335f9c428a4a0cae3d11afb2e0ef\"},\"headline\":\"Volvo Car Portugal antev\u00ea um aumento de vendas a frotas este ano\u00a0\",\"datePublished\":\"2023-03-10T08:00:00+00:00\",\"mainEntityOfPage\":{\"@id\":\"https:\\\/\\\/automotiverevista.pt\\\/index.php\\\/2023\\\/03\\\/10\\\/volvo-car-portugal-anteve-um-aumento-de-vendas-a-frotas-este-ano\\\/\"},\"wordCount\":985,\"publisher\":{\"@id\":\"https:\\\/\\\/automotiverevista.pt\\\/#organization\"},\"image\":{\"@id\":\"https:\\\/\\\/automotiverevista.pt\\\/index.php\\\/2023\\\/03\\\/10\\\/volvo-car-portugal-anteve-um-aumento-de-vendas-a-frotas-este-ano\\\/#primaryimage\"},\"thumbnailUrl\":\"https:\\\/\\\/automotiverevista.pt\\\/wp-content\\\/uploads\\\/2023\\\/03\\\/FotoAbertura-8.jpg\",\"articleSection\":[\"Frotas\"],\"inLanguage\":\"pt-PT\"},{\"@type\":\"WebPage\",\"@id\":\"https:\\\/\\\/automotiverevista.pt\\\/index.php\\\/2023\\\/03\\\/10\\\/volvo-car-portugal-anteve-um-aumento-de-vendas-a-frotas-este-ano\\\/\",\"url\":\"https:\\\/\\\/automotiverevista.pt\\\/index.php\\\/2023\\\/03\\\/10\\\/volvo-car-portugal-anteve-um-aumento-de-vendas-a-frotas-este-ano\\\/\",\"name\":\"Volvo Car Portugal antev\u00ea um aumento de vendas a frotas este ano\u00a0 - Revista Automotive\",\"isPartOf\":{\"@id\":\"https:\\\/\\\/automotiverevista.pt\\\/#website\"},\"primaryImageOfPage\":{\"@id\":\"https:\\\/\\\/automotiverevista.pt\\\/index.php\\\/2023\\\/03\\\/10\\\/volvo-car-portugal-anteve-um-aumento-de-vendas-a-frotas-este-ano\\\/#primaryimage\"},\"image\":{\"@id\":\"https:\\\/\\\/automotiverevista.pt\\\/index.php\\\/2023\\\/03\\\/10\\\/volvo-car-portugal-anteve-um-aumento-de-vendas-a-frotas-este-ano\\\/#primaryimage\"},\"thumbnailUrl\":\"https:\\\/\\\/automotiverevista.pt\\\/wp-content\\\/uploads\\\/2023\\\/03\\\/FotoAbertura-8.jpg\",\"datePublished\":\"2023-03-10T08:00:00+00:00\",\"breadcrumb\":{\"@id\":\"https:\\\/\\\/automotiverevista.pt\\\/index.php\\\/2023\\\/03\\\/10\\\/volvo-car-portugal-anteve-um-aumento-de-vendas-a-frotas-este-ano\\\/#breadcrumb\"},\"inLanguage\":\"pt-PT\",\"potentialAction\":[{\"@type\":\"ReadAction\",\"target\":[\"https:\\\/\\\/automotiverevista.pt\\\/index.php\\\/2023\\\/03\\\/10\\\/volvo-car-portugal-anteve-um-aumento-de-vendas-a-frotas-este-ano\\\/\"]}]},{\"@type\":\"ImageObject\",\"inLanguage\":\"pt-PT\",\"@id\":\"https:\\\/\\\/automotiverevista.pt\\\/index.php\\\/2023\\\/03\\\/10\\\/volvo-car-portugal-anteve-um-aumento-de-vendas-a-frotas-este-ano\\\/#primaryimage\",\"url\":\"https:\\\/\\\/automotiverevista.pt\\\/wp-content\\\/uploads\\\/2023\\\/03\\\/FotoAbertura-8.jpg\",\"contentUrl\":\"https:\\\/\\\/automotiverevista.pt\\\/wp-content\\\/uploads\\\/2023\\\/03\\\/FotoAbertura-8.jpg\",\"width\":1000,\"height\":667},{\"@type\":\"BreadcrumbList\",\"@id\":\"https:\\\/\\\/automotiverevista.pt\\\/index.php\\\/2023\\\/03\\\/10\\\/volvo-car-portugal-anteve-um-aumento-de-vendas-a-frotas-este-ano\\\/#breadcrumb\",\"itemListElement\":[{\"@type\":\"ListItem\",\"position\":1,\"name\":\"Home\",\"item\":\"https:\\\/\\\/automotiverevista.pt\\\/\"},{\"@type\":\"ListItem\",\"position\":2,\"name\":\"Volvo Car Portugal antev\u00ea um aumento de vendas a frotas este ano\u00a0\"}]},{\"@type\":\"WebSite\",\"@id\":\"https:\\\/\\\/automotiverevista.pt\\\/#website\",\"url\":\"https:\\\/\\\/automotiverevista.pt\\\/\",\"name\":\"Revista Automotive\",\"description\":\"Revista Automotive Portugal\",\"publisher\":{\"@id\":\"https:\\\/\\\/automotiverevista.pt\\\/#organization\"},\"potentialAction\":[{\"@type\":\"SearchAction\",\"target\":{\"@type\":\"EntryPoint\",\"urlTemplate\":\"https:\\\/\\\/automotiverevista.pt\\\/?s={search_term_string}\"},\"query-input\":{\"@type\":\"PropertyValueSpecification\",\"valueRequired\":true,\"valueName\":\"search_term_string\"}}],\"inLanguage\":\"pt-PT\"},{\"@type\":\"Organization\",\"@id\":\"https:\\\/\\\/automotiverevista.pt\\\/#organization\",\"name\":\"Revista Automotive Portugal\",\"url\":\"https:\\\/\\\/automotiverevista.pt\\\/\",\"logo\":{\"@type\":\"ImageObject\",\"inLanguage\":\"pt-PT\",\"@id\":\"https:\\\/\\\/automotiverevista.pt\\\/#\\\/schema\\\/logo\\\/image\\\/\",\"url\":\"https:\\\/\\\/automotiverevista.pt\\\/wp-content\\\/uploads\\\/2022\\\/07\\\/Logo-Automotive-2021_500-1.jpg\",\"contentUrl\":\"https:\\\/\\\/automotiverevista.pt\\\/wp-content\\\/uploads\\\/2022\\\/07\\\/Logo-Automotive-2021_500-1.jpg\",\"width\":500,\"height\":160,\"caption\":\"Revista Automotive Portugal\"},\"image\":{\"@id\":\"https:\\\/\\\/automotiverevista.pt\\\/#\\\/schema\\\/logo\\\/image\\\/\"},\"sameAs\":[\"https:\\\/\\\/linkedin.com\\\/in\\\/automotiverevista\"]},{\"@type\":\"Person\",\"@id\":\"https:\\\/\\\/automotiverevista.pt\\\/#\\\/schema\\\/person\\\/d705335f9c428a4a0cae3d11afb2e0ef\",\"name\":\"MiguelMarques\",\"image\":{\"@type\":\"ImageObject\",\"inLanguage\":\"pt-PT\",\"@id\":\"https:\\\/\\\/secure.gravatar.com\\\/avatar\\\/635d1f118671d87c579d5e4f6491bfc0081e3bbddd605eb321931e9c938270b5?s=96&d=mm&r=g\",\"url\":\"https:\\\/\\\/secure.gravatar.com\\\/avatar\\\/635d1f118671d87c579d5e4f6491bfc0081e3bbddd605eb321931e9c938270b5?s=96&d=mm&r=g\",\"contentUrl\":\"https:\\\/\\\/secure.gravatar.com\\\/avatar\\\/635d1f118671d87c579d5e4f6491bfc0081e3bbddd605eb321931e9c938270b5?s=96&d=mm&r=g\",\"caption\":\"MiguelMarques\"},\"url\":\"https:\\\/\\\/automotiverevista.pt\\\/index.php\\\/author\\\/miguelmarques\\\/\"}]}<\/script>\n<!-- \/ Yoast SEO Premium plugin. -->","yoast_head_json":{"title":"Volvo Car Portugal antev\u00ea um aumento de vendas a frotas este ano\u00a0 - Revista Automotive","robots":{"index":"index","follow":"follow","max-snippet":"max-snippet:-1","max-image-preview":"max-image-preview:large","max-video-preview":"max-video-preview:-1"},"canonical":"https:\/\/automotiverevista.pt\/index.php\/2023\/03\/10\/volvo-car-portugal-anteve-um-aumento-de-vendas-a-frotas-este-ano\/","og_locale":"pt_PT","og_type":"article","og_title":"Volvo Car Portugal antev\u00ea um aumento de vendas a frotas este ano\u00a0","og_description":"Nuno Silva,&nbsp;Commercial&nbsp;\/&nbsp;Fleet&nbsp;Sales Manager da Volvo Car Portugal, \u00e9 o entrevistado da Automotive, onde aborda as atividades da empresa para 2023.&nbsp; \u201cApesar de todas as turbul\u00eancias que existem no setor autom\u00f3vel, conseguimos realizar 3.594 matr\u00edculas em 2022, o que nos permitiu ter uma quota de mercado na presen\u00e7a de 2.3%. Em rela\u00e7\u00e3o ao ano anterior (2021), [&hellip;]","og_url":"https:\/\/automotiverevista.pt\/index.php\/2023\/03\/10\/volvo-car-portugal-anteve-um-aumento-de-vendas-a-frotas-este-ano\/","og_site_name":"Revista Automotive","article_published_time":"2023-03-10T08:00:00+00:00","og_image":[{"width":1000,"height":667,"url":"https:\/\/automotiverevista.pt\/wp-content\/uploads\/2023\/03\/FotoAbertura-8.jpg","type":"image\/jpeg"}],"author":"MiguelMarques","twitter_card":"summary_large_image","twitter_misc":{"Escrito por":"MiguelMarques","Tempo estimado de leitura":"7 minutos"},"schema":{"@context":"https:\/\/schema.org","@graph":[{"@type":"Article","@id":"https:\/\/automotiverevista.pt\/index.php\/2023\/03\/10\/volvo-car-portugal-anteve-um-aumento-de-vendas-a-frotas-este-ano\/#article","isPartOf":{"@id":"https:\/\/automotiverevista.pt\/index.php\/2023\/03\/10\/volvo-car-portugal-anteve-um-aumento-de-vendas-a-frotas-este-ano\/"},"author":{"name":"MiguelMarques","@id":"https:\/\/automotiverevista.pt\/#\/schema\/person\/d705335f9c428a4a0cae3d11afb2e0ef"},"headline":"Volvo Car Portugal antev\u00ea um aumento de vendas a frotas este ano\u00a0","datePublished":"2023-03-10T08:00:00+00:00","mainEntityOfPage":{"@id":"https:\/\/automotiverevista.pt\/index.php\/2023\/03\/10\/volvo-car-portugal-anteve-um-aumento-de-vendas-a-frotas-este-ano\/"},"wordCount":985,"publisher":{"@id":"https:\/\/automotiverevista.pt\/#organization"},"image":{"@id":"https:\/\/automotiverevista.pt\/index.php\/2023\/03\/10\/volvo-car-portugal-anteve-um-aumento-de-vendas-a-frotas-este-ano\/#primaryimage"},"thumbnailUrl":"https:\/\/automotiverevista.pt\/wp-content\/uploads\/2023\/03\/FotoAbertura-8.jpg","articleSection":["Frotas"],"inLanguage":"pt-PT"},{"@type":"WebPage","@id":"https:\/\/automotiverevista.pt\/index.php\/2023\/03\/10\/volvo-car-portugal-anteve-um-aumento-de-vendas-a-frotas-este-ano\/","url":"https:\/\/automotiverevista.pt\/index.php\/2023\/03\/10\/volvo-car-portugal-anteve-um-aumento-de-vendas-a-frotas-este-ano\/","name":"Volvo Car Portugal antev\u00ea um aumento de vendas a frotas este ano\u00a0 - Revista Automotive","isPartOf":{"@id":"https:\/\/automotiverevista.pt\/#website"},"primaryImageOfPage":{"@id":"https:\/\/automotiverevista.pt\/index.php\/2023\/03\/10\/volvo-car-portugal-anteve-um-aumento-de-vendas-a-frotas-este-ano\/#primaryimage"},"image":{"@id":"https:\/\/automotiverevista.pt\/index.php\/2023\/03\/10\/volvo-car-portugal-anteve-um-aumento-de-vendas-a-frotas-este-ano\/#primaryimage"},"thumbnailUrl":"https:\/\/automotiverevista.pt\/wp-content\/uploads\/2023\/03\/FotoAbertura-8.jpg","datePublished":"2023-03-10T08:00:00+00:00","breadcrumb":{"@id":"https:\/\/automotiverevista.pt\/index.php\/2023\/03\/10\/volvo-car-portugal-anteve-um-aumento-de-vendas-a-frotas-este-ano\/#breadcrumb"},"inLanguage":"pt-PT","potentialAction":[{"@type":"ReadAction","target":["https:\/\/automotiverevista.pt\/index.php\/2023\/03\/10\/volvo-car-portugal-anteve-um-aumento-de-vendas-a-frotas-este-ano\/"]}]},{"@type":"ImageObject","inLanguage":"pt-PT","@id":"https:\/\/automotiverevista.pt\/index.php\/2023\/03\/10\/volvo-car-portugal-anteve-um-aumento-de-vendas-a-frotas-este-ano\/#primaryimage","url":"https:\/\/automotiverevista.pt\/wp-content\/uploads\/2023\/03\/FotoAbertura-8.jpg","contentUrl":"https:\/\/automotiverevista.pt\/wp-content\/uploads\/2023\/03\/FotoAbertura-8.jpg","width":1000,"height":667},{"@type":"BreadcrumbList","@id":"https:\/\/automotiverevista.pt\/index.php\/2023\/03\/10\/volvo-car-portugal-anteve-um-aumento-de-vendas-a-frotas-este-ano\/#breadcrumb","itemListElement":[{"@type":"ListItem","position":1,"name":"Home","item":"https:\/\/automotiverevista.pt\/"},{"@type":"ListItem","position":2,"name":"Volvo Car Portugal antev\u00ea um aumento de vendas a frotas este ano\u00a0"}]},{"@type":"WebSite","@id":"https:\/\/automotiverevista.pt\/#website","url":"https:\/\/automotiverevista.pt\/","name":"Revista Automotive","description":"Revista Automotive Portugal","publisher":{"@id":"https:\/\/automotiverevista.pt\/#organization"},"potentialAction":[{"@type":"SearchAction","target":{"@type":"EntryPoint","urlTemplate":"https:\/\/automotiverevista.pt\/?s={search_term_string}"},"query-input":{"@type":"PropertyValueSpecification","valueRequired":true,"valueName":"search_term_string"}}],"inLanguage":"pt-PT"},{"@type":"Organization","@id":"https:\/\/automotiverevista.pt\/#organization","name":"Revista Automotive Portugal","url":"https:\/\/automotiverevista.pt\/","logo":{"@type":"ImageObject","inLanguage":"pt-PT","@id":"https:\/\/automotiverevista.pt\/#\/schema\/logo\/image\/","url":"https:\/\/automotiverevista.pt\/wp-content\/uploads\/2022\/07\/Logo-Automotive-2021_500-1.jpg","contentUrl":"https:\/\/automotiverevista.pt\/wp-content\/uploads\/2022\/07\/Logo-Automotive-2021_500-1.jpg","width":500,"height":160,"caption":"Revista Automotive Portugal"},"image":{"@id":"https:\/\/automotiverevista.pt\/#\/schema\/logo\/image\/"},"sameAs":["https:\/\/linkedin.com\/in\/automotiverevista"]},{"@type":"Person","@id":"https:\/\/automotiverevista.pt\/#\/schema\/person\/d705335f9c428a4a0cae3d11afb2e0ef","name":"MiguelMarques","image":{"@type":"ImageObject","inLanguage":"pt-PT","@id":"https:\/\/secure.gravatar.com\/avatar\/635d1f118671d87c579d5e4f6491bfc0081e3bbddd605eb321931e9c938270b5?s=96&d=mm&r=g","url":"https:\/\/secure.gravatar.com\/avatar\/635d1f118671d87c579d5e4f6491bfc0081e3bbddd605eb321931e9c938270b5?s=96&d=mm&r=g","contentUrl":"https:\/\/secure.gravatar.com\/avatar\/635d1f118671d87c579d5e4f6491bfc0081e3bbddd605eb321931e9c938270b5?s=96&d=mm&r=g","caption":"MiguelMarques"},"url":"https:\/\/automotiverevista.pt\/index.php\/author\/miguelmarques\/"}]}},"_links":{"self":[{"href":"https:\/\/automotiverevista.pt\/index.php\/wp-json\/wp\/v2\/posts\/2366","targetHints":{"allow":["GET"]}}],"collection":[{"href":"https:\/\/automotiverevista.pt\/index.php\/wp-json\/wp\/v2\/posts"}],"about":[{"href":"https:\/\/automotiverevista.pt\/index.php\/wp-json\/wp\/v2\/types\/post"}],"author":[{"embeddable":true,"href":"https:\/\/automotiverevista.pt\/index.php\/wp-json\/wp\/v2\/users\/3"}],"replies":[{"embeddable":true,"href":"https:\/\/automotiverevista.pt\/index.php\/wp-json\/wp\/v2\/comments?post=2366"}],"version-history":[{"count":1,"href":"https:\/\/automotiverevista.pt\/index.php\/wp-json\/wp\/v2\/posts\/2366\/revisions"}],"predecessor-version":[{"id":2374,"href":"https:\/\/automotiverevista.pt\/index.php\/wp-json\/wp\/v2\/posts\/2366\/revisions\/2374"}],"wp:featuredmedia":[{"embeddable":true,"href":"https:\/\/automotiverevista.pt\/index.php\/wp-json\/wp\/v2\/media\/2367"}],"wp:attachment":[{"href":"https:\/\/automotiverevista.pt\/index.php\/wp-json\/wp\/v2\/media?parent=2366"}],"wp:term":[{"taxonomy":"category","embeddable":true,"href":"https:\/\/automotiverevista.pt\/index.php\/wp-json\/wp\/v2\/categories?post=2366"},{"taxonomy":"post_tag","embeddable":true,"href":"https:\/\/automotiverevista.pt\/index.php\/wp-json\/wp\/v2\/tags?post=2366"}],"curies":[{"name":"wp","href":"https:\/\/api.w.org\/{rel}","templated":true}]}}