{"id":237,"date":"2022-05-12T09:06:00","date_gmt":"2022-05-12T09:06:00","guid":{"rendered":"https:\/\/automotiverevista.pt\/?p=237"},"modified":"2022-07-08T09:08:30","modified_gmt":"2022-07-08T09:08:30","slug":"renault-trafic-spaceclass-lounge-executivo-para-todas-as-viagens","status":"publish","type":"post","link":"https:\/\/automotiverevista.pt\/index.php\/2022\/05\/12\/renault-trafic-spaceclass-lounge-executivo-para-todas-as-viagens\/","title":{"rendered":"Renault Trafic Spaceclass \u2013 lounge executivo para todas as viagens"},"content":{"rendered":"\n<p>O novo Renault Trafic Spaceclass \u00e9 um convite \u00e0s viagens. Quer seja para viajar exclusivamente nesta viatura, quer seja como&nbsp;<em>transfer<\/em>, o Trafic Spaceclass \u00e9 um modelo que combina praticidade com um car\u00e1ter executivo. Vocacionado para o transporte de passageiros, a vers\u00e3o que test\u00e1mos estava equipada com um lounge a bordo, o que permite uma viagem confort\u00e1vel para 7 ocupantes (6 passageiros + motorista).<\/p>\n\n\n\n<figure class=\"wp-block-image\"><img decoding=\"async\" src=\"https:\/\/automotiverevista.com\/wp-content\/uploads\/2022\/05\/20220305_162951.jpg\" alt=\"\" class=\"wp-image-13381\"\/><\/figure>\n\n\n\n<p>Com pre\u00e7os na vers\u00e3o base a rondar os 56 mil euros, o Trafic Spaceclass tem uma gama completa de equipamentos e mais de 50 configura\u00e7\u00f5es poss\u00edveis. Face \u00e0 gera\u00e7\u00e3o anterior, este novo Trafic Spaceclass tem grandes diferen\u00e7as, principalmente ao n\u00edvel do interior e tecnologias de assist\u00eancia \u00e0 condu\u00e7\u00e3o.<\/p>\n\n\n\n<p>Tipicamente este tipo de ve\u00edculos sofre de uma \u201cfurganiza\u00e7\u00e3o\u201d, ou seja, s\u00e3o carros desenvolvidos para serem furg\u00f5es de carga, mas que com algumas adapta\u00e7\u00f5es tornam-se ligeiros de passageiros. Isto resulta em carros com interiores robustos e pouco trabalhados, o que neste Trafic Spaceclass n\u00e3o acontece. Ali\u00e1s, parece que foi o contr\u00e1rio: a vers\u00e3o de passageiros \u00e9 que depois foi adaptada para furg\u00e3o de carga.<\/p>\n\n\n\n<figure class=\"wp-block-image\"><img decoding=\"async\" src=\"https:\/\/automotiverevista.com\/wp-content\/uploads\/2022\/05\/20220305_163023.jpg\" alt=\"\" class=\"wp-image-13383\"\/><\/figure>\n\n\n\n<p><strong>Posicionamento superior<\/strong><\/p>\n\n\n\n<p>O tablier \u00e9 assim muito mais trabalhado do que se esperava, com um ambiente que se assemelha muito mais ao Renault Talism\u00e3. No entanto, e por ser uma viatura de trabalho, aspetos pr\u00e1ticos aliados ao conforto n\u00e3o foram esquecidos, para quem passa o dia ao volante deste Renault. Disto resultam pormenores como os diversos arrumos, os comandos do ar condicionado anal\u00f3gicos, encostos de bra\u00e7os para o motorista, uma posi\u00e7\u00e3o de condu\u00e7\u00e3o exemplar, os bancos em couro, o volante multifun\u00e7\u00f5es em couro, a igni\u00e7\u00e3o&nbsp;<em>keyless<\/em>, entre outros.<\/p>\n\n\n\n<p>Destaque para a caixa de velocidades autom\u00e1tica EDC, que tem uma utiliza\u00e7\u00e3o muito f\u00e1cil e est\u00e1 bem posicionada pr\u00f3ximo ao volante. As passagens de caixa s\u00e3o muito suaves e conferem ao ve\u00edculo uma condu\u00e7\u00e3o confort\u00e1vel, sem subidas de rota\u00e7\u00e3o elevadas que podem melindrar alguns passageiros. A caixa autom\u00e1tica permite tamb\u00e9m um conforto adicional para o motorista, quando a condu\u00e7\u00e3o \u00e9 feita exclusivamente em ambiente citadino, como \u00e9 o caso dos servi\u00e7os de&nbsp;<em>shuttle<\/em>.<\/p>\n\n\n\n<figure class=\"wp-block-image\"><img decoding=\"async\" src=\"https:\/\/automotiverevista.com\/wp-content\/uploads\/2022\/05\/20220305_163140.jpg\" alt=\"\" class=\"wp-image-13384\"\/><\/figure>\n\n\n\n<p><strong>Conforto para passageiros<\/strong><\/p>\n\n\n\n<p>No Trafic Spaceclass h\u00e1 um pensamento de conforto para o motorista, mas tamb\u00e9m um esmero no conforto para os passageiros. Bancos largos e com espa\u00e7o entre si, tornam a viagem agrad\u00e1vel para quem vai atr\u00e1s, com a possibilidade de mudar a configura\u00e7\u00e3o dos lugares traseiros a qualquer momento. Isto \u00e9 poss\u00edvel atrav\u00e9s de calhas onde os bancos correm, em conjunto com uma divis\u00f3ria que se transforma em mesa central.<\/p>\n\n\n\n<p>Durante o ensaio, opt\u00e1mos por manter a configura\u00e7\u00e3o \u201clounge\u201d onde todos os passageiros traseiros ficam posicionados de frente uns para os outros, com a mesa ao centro. Na traseira este modelo Trafic conta com diversos arrumos, boa ilumina\u00e7\u00e3o e a possibilidade de abrir dois vidros traseiros \u2013 o que n\u00e3o torna a viagem claustrof\u00f3bica, como acontece em outros modelos deste segmento.<\/p>\n\n\n\n<figure class=\"wp-block-image\"><img decoding=\"async\" src=\"https:\/\/automotiverevista.com\/wp-content\/uploads\/2022\/05\/20220305_163007.jpg\" alt=\"\" class=\"wp-image-13382\"\/><\/figure>\n\n\n\n<p>Atr\u00e1s destacamos tamb\u00e9m a boa visibilidade que se tem para\u2026a frente. Quando o banco do motorista e do passageiro da frente s\u00e3o demasiado altos, os passageiros atr\u00e1s n\u00e3o t\u00eam boa visibilidade para a frente, algo que n\u00e3o ocorre neste Trafic Spaceclass. Os bancos atr\u00e1s tamb\u00e9m t\u00eam apoios de bra\u00e7os e s\u00e3o revestidos a couro. As diversas tomadas 12V e carregadores USB, juntamente com o ar condicionado independente para tr\u00e1s, complementa o pack de conforto.<\/p>\n\n\n\n<p>Pela aten\u00e7\u00e3o aos detalhes, este Renault permite ser uma boa viatura de&nbsp;<em>shuttle<\/em>, ou tamb\u00e9m o ve\u00edculo principal da viagem, onde temos a sensa\u00e7\u00e3o de que longas horas dentre deste Trafic Spaceclass ser\u00e3o bem passadas, como se num lounge de hotel se tratasse. A capacidade da bagageira \u00e9 mais que suficiente para acomodar as malas de at\u00e9 6 passageiros.<\/p>\n\n\n\n<figure class=\"wp-block-image is-resized\"><img decoding=\"async\" src=\"https:\/\/automotiverevista.com\/wp-content\/uploads\/2022\/05\/20220305_163235.jpg\" alt=\"\" class=\"wp-image-13386\" width=\"649\" height=\"487\"\/><\/figure>\n\n\n\n<p>Do ponto de vista din\u00e2mico, este Trafic Spaceclass vem equipado com diversos sistemas de ajuda \u00e0 condu\u00e7\u00e3o, e sistemas de seguran\u00e7a passiva e ativa, numa lista bastante extensa. Curiosamente, \u00e9 um carro onde sentimos as irregularidades da estrada quando circulamos a baixas velocidades, mas quando circulamos a mais de 60km\/h isso muda \u2013 todo o ve\u00edculo fica muito mais suave e at\u00e9 mesmo quando passamos por lombas, sente-se muito pouco a vibra\u00e7\u00e3o.<\/p>\n\n\n\n<figure class=\"wp-block-image is-resized\"><img decoding=\"async\" src=\"https:\/\/automotiverevista.com\/wp-content\/uploads\/2022\/05\/20220305_164435.jpg\" alt=\"\" class=\"wp-image-13380\" width=\"654\" height=\"491\"\/><\/figure>\n\n\n\n<p>Sendo o Trafic Spaceclass um modelo de classe 2 nas portagens, poder-se-ia pensar que \u00e9 mais vantajoso comprar o modelo acima (Renault Master Bus) por apenas mais 5.000 euros. No entanto, face ao Renault Master Bus, o Trafic Spaceclass consegue entrar em locais mais ex\u00edguos, tais como garagens de hot\u00e9is, estacionamentos subterr\u00e2neos, entre outros. Al\u00e9m disso, o Master Bus (ou outro similar) se tiverem mais de 9 lugares s\u00e3o considerados pesados de passageiros, tendo o motorista necessariamente que ter carta de condu\u00e7\u00e3o D, e condu\u00e7\u00e3o sujeita \u00e0s limita\u00e7\u00f5es dos tac\u00f3grafos.<\/p>\n\n\n\n<p>Em resumo, o Trafic Spaceclass \u00e9 um modelo com um car\u00e1ter executivo, com uma motoriza\u00e7\u00e3o diesel de 150CV mais do que suficiente para as necessidades deste segmento, e com um pre\u00e7o que rivaliza com as marcas&nbsp;<em>premium<\/em>&nbsp;face ao n\u00edvel de equipamento que incorpora. Assim sendo, boa viagem!<\/p>\n\n\n\n<figure class=\"wp-block-image\"><img decoding=\"async\" src=\"https:\/\/automotiverevista.com\/wp-content\/uploads\/2022\/05\/20220305_164227.jpg\" alt=\"\" class=\"wp-image-13391\"\/><\/figure>\n","protected":false},"excerpt":{"rendered":"<p>O novo Renault Trafic Spaceclass \u00e9 um convite \u00e0s viagens. Quer seja para viajar exclusivamente nesta viatura, quer seja como&nbsp;transfer, o Trafic Spaceclass \u00e9 um modelo que combina praticidade com um car\u00e1ter executivo. Vocacionado para o transporte de passageiros, a vers\u00e3o que test\u00e1mos estava equipada com um lounge a bordo, o que permite uma viagem [&hellip;]<\/p>\n","protected":false},"author":1,"featured_media":238,"comment_status":"closed","ping_status":"open","sticky":false,"template":"","format":"standard","meta":{"jnews-multi-image_gallery":[],"jnews_single_post":{"subtitle":"","format":"standard","video":"","gallery":"","source_name":"","source_url":"","via_name":"","via_url":"","override_template":"0","override":[{"template":"2","single_blog_custom":"","parallax":"1","fullscreen":"1","layout":"right-sidebar","sidebar":"default-sidebar","second_sidebar":"default-sidebar","sticky_sidebar":"1","share_position":"topbottom","share_float_style":"share-monocrhome","show_share_counter":"0","show_view_counter":"0","show_featured":"1","show_post_meta":"1","show_post_author":"0","show_post_author_image":"1","show_post_date":"1","post_date_format":"default","post_date_format_custom":"Y\/m\/d","show_post_category":"1","show_post_reading_time":"0","post_reading_time_wpm":"300","show_zoom_button":"0","zoom_button_out_step":"2","zoom_button_in_step":"3","show_post_tag":"1","show_prev_next_post":"0","show_popup_post":"1","number_popup_post":"1","show_author_box":"0","show_post_related":"1","show_inline_post_related":"1"}],"override_image_size":"0","image_override":[{"single_post_thumbnail_size":"crop-500","single_post_gallery_size":"crop-500"}],"trending_post":"0","trending_post_position":"meta","trending_post_label":"Trending","sponsored_post":"0","sponsored_post_label":"Sponsored by","sponsored_post_name":"","sponsored_post_url":"","sponsored_post_logo_enable":"0","sponsored_post_logo":"","sponsored_post_desc":"","disable_ad":"0"},"jnews_primary_category":{"id":""},"footnotes":""},"categories":[23],"tags":[45,44,46],"class_list":["post-237","post","type-post","status-publish","format-standard","has-post-thumbnail","hentry","category-frotas","tag-ensaio","tag-furgoes","tag-renault"],"yoast_head":"<!-- This site is optimized with the Yoast SEO Premium plugin v27.2 (Yoast SEO v27.5) - https:\/\/yoast.com\/product\/yoast-seo-premium-wordpress\/ -->\n<title>Renault Trafic Spaceclass \u2013 lounge executivo para todas as viagens - Revista Automotive<\/title>\n<meta name=\"robots\" content=\"index, follow, max-snippet:-1, max-image-preview:large, max-video-preview:-1\" \/>\n<link rel=\"canonical\" href=\"https:\/\/automotiverevista.pt\/index.php\/2022\/05\/12\/renault-trafic-spaceclass-lounge-executivo-para-todas-as-viagens\/\" \/>\n<meta property=\"og:locale\" content=\"pt_PT\" \/>\n<meta property=\"og:type\" content=\"article\" \/>\n<meta property=\"og:title\" content=\"Renault Trafic Spaceclass \u2013 lounge executivo para todas as viagens\" \/>\n<meta property=\"og:description\" content=\"O novo Renault Trafic Spaceclass \u00e9 um convite \u00e0s viagens. Quer seja para viajar exclusivamente nesta viatura, quer seja como&nbsp;transfer, o Trafic Spaceclass \u00e9 um modelo que combina praticidade com um car\u00e1ter executivo. Vocacionado para o transporte de passageiros, a vers\u00e3o que test\u00e1mos estava equipada com um lounge a bordo, o que permite uma viagem [&hellip;]\" \/>\n<meta property=\"og:url\" content=\"https:\/\/automotiverevista.pt\/index.php\/2022\/05\/12\/renault-trafic-spaceclass-lounge-executivo-para-todas-as-viagens\/\" \/>\n<meta property=\"og:site_name\" content=\"Revista Automotive\" \/>\n<meta property=\"article:published_time\" content=\"2022-05-12T09:06:00+00:00\" \/>\n<meta property=\"article:modified_time\" content=\"2022-07-08T09:08:30+00:00\" \/>\n<meta property=\"og:image\" content=\"https:\/\/automotiverevista.pt\/wp-content\/uploads\/2022\/07\/20220305_164216.jpg\" \/>\n\t<meta property=\"og:image:width\" content=\"2000\" \/>\n\t<meta property=\"og:image:height\" content=\"1500\" \/>\n\t<meta property=\"og:image:type\" content=\"image\/jpeg\" \/>\n<meta name=\"author\" content=\"adminNovo\" \/>\n<meta name=\"twitter:card\" content=\"summary_large_image\" \/>\n<meta name=\"twitter:label1\" content=\"Escrito por\" \/>\n\t<meta name=\"twitter:data1\" content=\"adminNovo\" \/>\n\t<meta name=\"twitter:label2\" content=\"Tempo estimado de leitura\" \/>\n\t<meta name=\"twitter:data2\" content=\"4 minutos\" \/>\n<script type=\"application\/ld+json\" class=\"yoast-schema-graph\">{\"@context\":\"https:\\\/\\\/schema.org\",\"@graph\":[{\"@type\":\"Article\",\"@id\":\"https:\\\/\\\/automotiverevista.pt\\\/index.php\\\/2022\\\/05\\\/12\\\/renault-trafic-spaceclass-lounge-executivo-para-todas-as-viagens\\\/#article\",\"isPartOf\":{\"@id\":\"https:\\\/\\\/automotiverevista.pt\\\/index.php\\\/2022\\\/05\\\/12\\\/renault-trafic-spaceclass-lounge-executivo-para-todas-as-viagens\\\/\"},\"author\":{\"name\":\"adminNovo\",\"@id\":\"https:\\\/\\\/automotiverevista.pt\\\/#\\\/schema\\\/person\\\/1265858bc8c78a0f969de814da8be281\"},\"headline\":\"Renault Trafic Spaceclass \u2013 lounge executivo para todas as viagens\",\"datePublished\":\"2022-05-12T09:06:00+00:00\",\"dateModified\":\"2022-07-08T09:08:30+00:00\",\"mainEntityOfPage\":{\"@id\":\"https:\\\/\\\/automotiverevista.pt\\\/index.php\\\/2022\\\/05\\\/12\\\/renault-trafic-spaceclass-lounge-executivo-para-todas-as-viagens\\\/\"},\"wordCount\":898,\"publisher\":{\"@id\":\"https:\\\/\\\/automotiverevista.pt\\\/#organization\"},\"image\":{\"@id\":\"https:\\\/\\\/automotiverevista.pt\\\/index.php\\\/2022\\\/05\\\/12\\\/renault-trafic-spaceclass-lounge-executivo-para-todas-as-viagens\\\/#primaryimage\"},\"thumbnailUrl\":\"https:\\\/\\\/automotiverevista.pt\\\/wp-content\\\/uploads\\\/2022\\\/07\\\/20220305_164216.jpg\",\"keywords\":[\"Ensaio\",\"Furg\u00f5es\",\"Renault\"],\"articleSection\":[\"Frotas\"],\"inLanguage\":\"pt-PT\"},{\"@type\":\"WebPage\",\"@id\":\"https:\\\/\\\/automotiverevista.pt\\\/index.php\\\/2022\\\/05\\\/12\\\/renault-trafic-spaceclass-lounge-executivo-para-todas-as-viagens\\\/\",\"url\":\"https:\\\/\\\/automotiverevista.pt\\\/index.php\\\/2022\\\/05\\\/12\\\/renault-trafic-spaceclass-lounge-executivo-para-todas-as-viagens\\\/\",\"name\":\"Renault Trafic Spaceclass \u2013 lounge executivo para todas as viagens - Revista Automotive\",\"isPartOf\":{\"@id\":\"https:\\\/\\\/automotiverevista.pt\\\/#website\"},\"primaryImageOfPage\":{\"@id\":\"https:\\\/\\\/automotiverevista.pt\\\/index.php\\\/2022\\\/05\\\/12\\\/renault-trafic-spaceclass-lounge-executivo-para-todas-as-viagens\\\/#primaryimage\"},\"image\":{\"@id\":\"https:\\\/\\\/automotiverevista.pt\\\/index.php\\\/2022\\\/05\\\/12\\\/renault-trafic-spaceclass-lounge-executivo-para-todas-as-viagens\\\/#primaryimage\"},\"thumbnailUrl\":\"https:\\\/\\\/automotiverevista.pt\\\/wp-content\\\/uploads\\\/2022\\\/07\\\/20220305_164216.jpg\",\"datePublished\":\"2022-05-12T09:06:00+00:00\",\"dateModified\":\"2022-07-08T09:08:30+00:00\",\"breadcrumb\":{\"@id\":\"https:\\\/\\\/automotiverevista.pt\\\/index.php\\\/2022\\\/05\\\/12\\\/renault-trafic-spaceclass-lounge-executivo-para-todas-as-viagens\\\/#breadcrumb\"},\"inLanguage\":\"pt-PT\",\"potentialAction\":[{\"@type\":\"ReadAction\",\"target\":[\"https:\\\/\\\/automotiverevista.pt\\\/index.php\\\/2022\\\/05\\\/12\\\/renault-trafic-spaceclass-lounge-executivo-para-todas-as-viagens\\\/\"]}]},{\"@type\":\"ImageObject\",\"inLanguage\":\"pt-PT\",\"@id\":\"https:\\\/\\\/automotiverevista.pt\\\/index.php\\\/2022\\\/05\\\/12\\\/renault-trafic-spaceclass-lounge-executivo-para-todas-as-viagens\\\/#primaryimage\",\"url\":\"https:\\\/\\\/automotiverevista.pt\\\/wp-content\\\/uploads\\\/2022\\\/07\\\/20220305_164216.jpg\",\"contentUrl\":\"https:\\\/\\\/automotiverevista.pt\\\/wp-content\\\/uploads\\\/2022\\\/07\\\/20220305_164216.jpg\",\"width\":2000,\"height\":1500},{\"@type\":\"BreadcrumbList\",\"@id\":\"https:\\\/\\\/automotiverevista.pt\\\/index.php\\\/2022\\\/05\\\/12\\\/renault-trafic-spaceclass-lounge-executivo-para-todas-as-viagens\\\/#breadcrumb\",\"itemListElement\":[{\"@type\":\"ListItem\",\"position\":1,\"name\":\"Home\",\"item\":\"https:\\\/\\\/automotiverevista.pt\\\/\"},{\"@type\":\"ListItem\",\"position\":2,\"name\":\"Renault Trafic Spaceclass \u2013 lounge executivo para todas as viagens\"}]},{\"@type\":\"WebSite\",\"@id\":\"https:\\\/\\\/automotiverevista.pt\\\/#website\",\"url\":\"https:\\\/\\\/automotiverevista.pt\\\/\",\"name\":\"Revista Automotive\",\"description\":\"Revista Automotive Portugal\",\"publisher\":{\"@id\":\"https:\\\/\\\/automotiverevista.pt\\\/#organization\"},\"potentialAction\":[{\"@type\":\"SearchAction\",\"target\":{\"@type\":\"EntryPoint\",\"urlTemplate\":\"https:\\\/\\\/automotiverevista.pt\\\/?s={search_term_string}\"},\"query-input\":{\"@type\":\"PropertyValueSpecification\",\"valueRequired\":true,\"valueName\":\"search_term_string\"}}],\"inLanguage\":\"pt-PT\"},{\"@type\":\"Organization\",\"@id\":\"https:\\\/\\\/automotiverevista.pt\\\/#organization\",\"name\":\"Revista Automotive Portugal\",\"url\":\"https:\\\/\\\/automotiverevista.pt\\\/\",\"logo\":{\"@type\":\"ImageObject\",\"inLanguage\":\"pt-PT\",\"@id\":\"https:\\\/\\\/automotiverevista.pt\\\/#\\\/schema\\\/logo\\\/image\\\/\",\"url\":\"https:\\\/\\\/automotiverevista.pt\\\/wp-content\\\/uploads\\\/2022\\\/07\\\/Logo-Automotive-2021_500-1.jpg\",\"contentUrl\":\"https:\\\/\\\/automotiverevista.pt\\\/wp-content\\\/uploads\\\/2022\\\/07\\\/Logo-Automotive-2021_500-1.jpg\",\"width\":500,\"height\":160,\"caption\":\"Revista Automotive Portugal\"},\"image\":{\"@id\":\"https:\\\/\\\/automotiverevista.pt\\\/#\\\/schema\\\/logo\\\/image\\\/\"},\"sameAs\":[\"https:\\\/\\\/linkedin.com\\\/in\\\/automotiverevista\"]},{\"@type\":\"Person\",\"@id\":\"https:\\\/\\\/automotiverevista.pt\\\/#\\\/schema\\\/person\\\/1265858bc8c78a0f969de814da8be281\",\"name\":\"adminNovo\",\"image\":{\"@type\":\"ImageObject\",\"inLanguage\":\"pt-PT\",\"@id\":\"https:\\\/\\\/secure.gravatar.com\\\/avatar\\\/c606c1288dcc11eb4c709aa5136fdb962583c410f5c23c0b7bf6917c542be355?s=96&d=mm&r=g\",\"url\":\"https:\\\/\\\/secure.gravatar.com\\\/avatar\\\/c606c1288dcc11eb4c709aa5136fdb962583c410f5c23c0b7bf6917c542be355?s=96&d=mm&r=g\",\"contentUrl\":\"https:\\\/\\\/secure.gravatar.com\\\/avatar\\\/c606c1288dcc11eb4c709aa5136fdb962583c410f5c23c0b7bf6917c542be355?s=96&d=mm&r=g\",\"caption\":\"adminNovo\"},\"sameAs\":[\"https:\\\/\\\/automotiverevista.pt\"],\"url\":\"https:\\\/\\\/automotiverevista.pt\\\/index.php\\\/author\\\/adminnovo\\\/\"}]}<\/script>\n<!-- \/ Yoast SEO Premium plugin. -->","yoast_head_json":{"title":"Renault Trafic Spaceclass \u2013 lounge executivo para todas as viagens - Revista Automotive","robots":{"index":"index","follow":"follow","max-snippet":"max-snippet:-1","max-image-preview":"max-image-preview:large","max-video-preview":"max-video-preview:-1"},"canonical":"https:\/\/automotiverevista.pt\/index.php\/2022\/05\/12\/renault-trafic-spaceclass-lounge-executivo-para-todas-as-viagens\/","og_locale":"pt_PT","og_type":"article","og_title":"Renault Trafic Spaceclass \u2013 lounge executivo para todas as viagens","og_description":"O novo Renault Trafic Spaceclass \u00e9 um convite \u00e0s viagens. Quer seja para viajar exclusivamente nesta viatura, quer seja como&nbsp;transfer, o Trafic Spaceclass \u00e9 um modelo que combina praticidade com um car\u00e1ter executivo. Vocacionado para o transporte de passageiros, a vers\u00e3o que test\u00e1mos estava equipada com um lounge a bordo, o que permite uma viagem [&hellip;]","og_url":"https:\/\/automotiverevista.pt\/index.php\/2022\/05\/12\/renault-trafic-spaceclass-lounge-executivo-para-todas-as-viagens\/","og_site_name":"Revista Automotive","article_published_time":"2022-05-12T09:06:00+00:00","article_modified_time":"2022-07-08T09:08:30+00:00","og_image":[{"width":2000,"height":1500,"url":"https:\/\/automotiverevista.pt\/wp-content\/uploads\/2022\/07\/20220305_164216.jpg","type":"image\/jpeg"}],"author":"adminNovo","twitter_card":"summary_large_image","twitter_misc":{"Escrito por":"adminNovo","Tempo estimado de leitura":"4 minutos"},"schema":{"@context":"https:\/\/schema.org","@graph":[{"@type":"Article","@id":"https:\/\/automotiverevista.pt\/index.php\/2022\/05\/12\/renault-trafic-spaceclass-lounge-executivo-para-todas-as-viagens\/#article","isPartOf":{"@id":"https:\/\/automotiverevista.pt\/index.php\/2022\/05\/12\/renault-trafic-spaceclass-lounge-executivo-para-todas-as-viagens\/"},"author":{"name":"adminNovo","@id":"https:\/\/automotiverevista.pt\/#\/schema\/person\/1265858bc8c78a0f969de814da8be281"},"headline":"Renault Trafic Spaceclass \u2013 lounge executivo para todas as viagens","datePublished":"2022-05-12T09:06:00+00:00","dateModified":"2022-07-08T09:08:30+00:00","mainEntityOfPage":{"@id":"https:\/\/automotiverevista.pt\/index.php\/2022\/05\/12\/renault-trafic-spaceclass-lounge-executivo-para-todas-as-viagens\/"},"wordCount":898,"publisher":{"@id":"https:\/\/automotiverevista.pt\/#organization"},"image":{"@id":"https:\/\/automotiverevista.pt\/index.php\/2022\/05\/12\/renault-trafic-spaceclass-lounge-executivo-para-todas-as-viagens\/#primaryimage"},"thumbnailUrl":"https:\/\/automotiverevista.pt\/wp-content\/uploads\/2022\/07\/20220305_164216.jpg","keywords":["Ensaio","Furg\u00f5es","Renault"],"articleSection":["Frotas"],"inLanguage":"pt-PT"},{"@type":"WebPage","@id":"https:\/\/automotiverevista.pt\/index.php\/2022\/05\/12\/renault-trafic-spaceclass-lounge-executivo-para-todas-as-viagens\/","url":"https:\/\/automotiverevista.pt\/index.php\/2022\/05\/12\/renault-trafic-spaceclass-lounge-executivo-para-todas-as-viagens\/","name":"Renault Trafic Spaceclass \u2013 lounge executivo para todas as viagens - Revista Automotive","isPartOf":{"@id":"https:\/\/automotiverevista.pt\/#website"},"primaryImageOfPage":{"@id":"https:\/\/automotiverevista.pt\/index.php\/2022\/05\/12\/renault-trafic-spaceclass-lounge-executivo-para-todas-as-viagens\/#primaryimage"},"image":{"@id":"https:\/\/automotiverevista.pt\/index.php\/2022\/05\/12\/renault-trafic-spaceclass-lounge-executivo-para-todas-as-viagens\/#primaryimage"},"thumbnailUrl":"https:\/\/automotiverevista.pt\/wp-content\/uploads\/2022\/07\/20220305_164216.jpg","datePublished":"2022-05-12T09:06:00+00:00","dateModified":"2022-07-08T09:08:30+00:00","breadcrumb":{"@id":"https:\/\/automotiverevista.pt\/index.php\/2022\/05\/12\/renault-trafic-spaceclass-lounge-executivo-para-todas-as-viagens\/#breadcrumb"},"inLanguage":"pt-PT","potentialAction":[{"@type":"ReadAction","target":["https:\/\/automotiverevista.pt\/index.php\/2022\/05\/12\/renault-trafic-spaceclass-lounge-executivo-para-todas-as-viagens\/"]}]},{"@type":"ImageObject","inLanguage":"pt-PT","@id":"https:\/\/automotiverevista.pt\/index.php\/2022\/05\/12\/renault-trafic-spaceclass-lounge-executivo-para-todas-as-viagens\/#primaryimage","url":"https:\/\/automotiverevista.pt\/wp-content\/uploads\/2022\/07\/20220305_164216.jpg","contentUrl":"https:\/\/automotiverevista.pt\/wp-content\/uploads\/2022\/07\/20220305_164216.jpg","width":2000,"height":1500},{"@type":"BreadcrumbList","@id":"https:\/\/automotiverevista.pt\/index.php\/2022\/05\/12\/renault-trafic-spaceclass-lounge-executivo-para-todas-as-viagens\/#breadcrumb","itemListElement":[{"@type":"ListItem","position":1,"name":"Home","item":"https:\/\/automotiverevista.pt\/"},{"@type":"ListItem","position":2,"name":"Renault Trafic Spaceclass \u2013 lounge executivo para todas as viagens"}]},{"@type":"WebSite","@id":"https:\/\/automotiverevista.pt\/#website","url":"https:\/\/automotiverevista.pt\/","name":"Revista Automotive","description":"Revista Automotive Portugal","publisher":{"@id":"https:\/\/automotiverevista.pt\/#organization"},"potentialAction":[{"@type":"SearchAction","target":{"@type":"EntryPoint","urlTemplate":"https:\/\/automotiverevista.pt\/?s={search_term_string}"},"query-input":{"@type":"PropertyValueSpecification","valueRequired":true,"valueName":"search_term_string"}}],"inLanguage":"pt-PT"},{"@type":"Organization","@id":"https:\/\/automotiverevista.pt\/#organization","name":"Revista Automotive Portugal","url":"https:\/\/automotiverevista.pt\/","logo":{"@type":"ImageObject","inLanguage":"pt-PT","@id":"https:\/\/automotiverevista.pt\/#\/schema\/logo\/image\/","url":"https:\/\/automotiverevista.pt\/wp-content\/uploads\/2022\/07\/Logo-Automotive-2021_500-1.jpg","contentUrl":"https:\/\/automotiverevista.pt\/wp-content\/uploads\/2022\/07\/Logo-Automotive-2021_500-1.jpg","width":500,"height":160,"caption":"Revista Automotive Portugal"},"image":{"@id":"https:\/\/automotiverevista.pt\/#\/schema\/logo\/image\/"},"sameAs":["https:\/\/linkedin.com\/in\/automotiverevista"]},{"@type":"Person","@id":"https:\/\/automotiverevista.pt\/#\/schema\/person\/1265858bc8c78a0f969de814da8be281","name":"adminNovo","image":{"@type":"ImageObject","inLanguage":"pt-PT","@id":"https:\/\/secure.gravatar.com\/avatar\/c606c1288dcc11eb4c709aa5136fdb962583c410f5c23c0b7bf6917c542be355?s=96&d=mm&r=g","url":"https:\/\/secure.gravatar.com\/avatar\/c606c1288dcc11eb4c709aa5136fdb962583c410f5c23c0b7bf6917c542be355?s=96&d=mm&r=g","contentUrl":"https:\/\/secure.gravatar.com\/avatar\/c606c1288dcc11eb4c709aa5136fdb962583c410f5c23c0b7bf6917c542be355?s=96&d=mm&r=g","caption":"adminNovo"},"sameAs":["https:\/\/automotiverevista.pt"],"url":"https:\/\/automotiverevista.pt\/index.php\/author\/adminnovo\/"}]}},"_links":{"self":[{"href":"https:\/\/automotiverevista.pt\/index.php\/wp-json\/wp\/v2\/posts\/237","targetHints":{"allow":["GET"]}}],"collection":[{"href":"https:\/\/automotiverevista.pt\/index.php\/wp-json\/wp\/v2\/posts"}],"about":[{"href":"https:\/\/automotiverevista.pt\/index.php\/wp-json\/wp\/v2\/types\/post"}],"author":[{"embeddable":true,"href":"https:\/\/automotiverevista.pt\/index.php\/wp-json\/wp\/v2\/users\/1"}],"replies":[{"embeddable":true,"href":"https:\/\/automotiverevista.pt\/index.php\/wp-json\/wp\/v2\/comments?post=237"}],"version-history":[{"count":1,"href":"https:\/\/automotiverevista.pt\/index.php\/wp-json\/wp\/v2\/posts\/237\/revisions"}],"predecessor-version":[{"id":239,"href":"https:\/\/automotiverevista.pt\/index.php\/wp-json\/wp\/v2\/posts\/237\/revisions\/239"}],"wp:featuredmedia":[{"embeddable":true,"href":"https:\/\/automotiverevista.pt\/index.php\/wp-json\/wp\/v2\/media\/238"}],"wp:attachment":[{"href":"https:\/\/automotiverevista.pt\/index.php\/wp-json\/wp\/v2\/media?parent=237"}],"wp:term":[{"taxonomy":"category","embeddable":true,"href":"https:\/\/automotiverevista.pt\/index.php\/wp-json\/wp\/v2\/categories?post=237"},{"taxonomy":"post_tag","embeddable":true,"href":"https:\/\/automotiverevista.pt\/index.php\/wp-json\/wp\/v2\/tags?post=237"}],"curies":[{"name":"wp","href":"https:\/\/api.w.org\/{rel}","templated":true}]}}