{"id":2379,"date":"2023-03-13T08:00:00","date_gmt":"2023-03-13T08:00:00","guid":{"rendered":"https:\/\/automotiverevista.pt\/?p=2379"},"modified":"2023-03-03T12:02:10","modified_gmt":"2023-03-03T12:02:10","slug":"20-anos-da-valorpneu-da-necessidade-fez-se-uma-obra","status":"publish","type":"post","link":"https:\/\/automotiverevista.pt\/index.php\/2023\/03\/13\/20-anos-da-valorpneu-da-necessidade-fez-se-uma-obra\/","title":{"rendered":"<strong>20 anos da Valorpneu: da necessidade fez-se uma obra\u00a0<\/strong>"},"content":{"rendered":"\n<p>Constitu\u00edda em fevereiro de 2002, a Valorpneu dedicou o primeiro ano de exist\u00eancia \u00e0 prepara\u00e7\u00e3o do seu caderno de encargos, obten\u00e7\u00e3o de licenciamentos e negocia\u00e7\u00f5es com operadores de recolha e reciclagem de pneus. S\u00f3 em fevereiro do ano seguinte (2003) arrancaria com um amplo sistema inform\u00e1tico global articulado, onde v\u00e1rios operadores passariam a atuar, com sucesso indiscut\u00edvel at\u00e9 aos dias de hoje.<\/p>\n\n\n\n<p>A Revista Automotive entrevistou&nbsp;<strong>Clim\u00e9nia Silva<\/strong>, diretora da Valorpneu, \u00e0 frente desta entidade desde a sua constitui\u00e7\u00e3o, que aqui faz um resumo de 20 anos muito exigentes, desafiantes e de grande import\u00e2ncia para o nosso meio ambiente. Duas d\u00e9cadas de muito trabalho, que permitiu criar empresas inovadoras e novos empregos em Portugal.<\/p>\n\n\n\n<p>\u201cFaz este m\u00eas, precisamente em fevereiro, 20 anos que o sistema de gest\u00e3o integrado da Valorpneu foi concebido. Na verdade, fomos constitu\u00eddos para resolver um problema ambiental, no seguimento de um diploma publicado pelo Estado Portugu\u00eas \u2013 o Decreto-lei 111 \u2013 que visava travar o fluxo de gest\u00e3o de res\u00edduos. O diploma \u00e9 homologado na consequ\u00eancia de diretivas comunit\u00e1rias que obrigaram a que assim fosse, e dirigia a responsabilidade do tratamento de pneus em fim de vida a quem os introduzia no mercado.&nbsp;<\/p>\n\n\n\n<figure class=\"wp-block-image size-full\"><img decoding=\"async\" width=\"1000\" height=\"667\" src=\"https:\/\/automotiverevista.pt\/wp-content\/uploads\/2023\/03\/IMG_4151.jpg\" alt=\"\" class=\"wp-image-2381\" srcset=\"https:\/\/automotiverevista.pt\/wp-content\/uploads\/2023\/03\/IMG_4151.jpg 1000w, https:\/\/automotiverevista.pt\/wp-content\/uploads\/2023\/03\/IMG_4151-300x200.jpg 300w, https:\/\/automotiverevista.pt\/wp-content\/uploads\/2023\/03\/IMG_4151-768x512.jpg 768w, https:\/\/automotiverevista.pt\/wp-content\/uploads\/2023\/03\/IMG_4151-750x500.jpg 750w\" sizes=\"(max-width: 1000px) 100vw, 1000px\" \/><\/figure>\n\n\n\n<p><strong>Gest\u00e3o equilibrada<\/strong><\/p>\n\n\n\n<p>Por\u00e9m, nem sempre quem os introduz (tamb\u00e9m designado por produtor) pode ser quem os fabrica. Seja como for, a partir do momento em que o pneu entra em Portugal fica abrangido pela legisla\u00e7\u00e3o que responsabiliza o produtor pelo tratamento do pneu em fim de vida. Responsabilidade essa que tem de passar por uma entidade gestora. Os produtores precisam, assim, de aderir \u00e0 Valorpneu para cumprir com esta obriga\u00e7\u00e3o, agora, denominada tamb\u00e9m de &#8211; responsabilidade alargada do produtor.<\/p>\n\n\n\n<p>Gra\u00e7as \u00e0 organiza\u00e7\u00e3o do nosso sistema inform\u00e1tico, conseguimos gerir todos os pneus gerados em Portugal Continental e regi\u00f5es aut\u00f3nomas com recurso a uma Rede de Centros de Recolha de pneus, distribu\u00eddos de norte a sul do pa\u00eds (e regi\u00f5es aut\u00f3nomas). Inicialmente, eram 13, hoje, s\u00e3o 52. \u00c9 aqui, a partir destes Centros, que obtemos a vis\u00e3o geral da quantidade de pneus que temos na rede, pois o dep\u00f3sito dos pneus por parte dos detentores, nos agentes de rece\u00e7\u00e3o, passa por um registo no sistema inform\u00e1tico da Valorpneu.<\/p>\n\n\n\n<p>Para que esta gest\u00e3o seja equilibrada, fazemos um planeamento semanal e mensal, onde atribu\u00edmos cargas, isto \u00e9, as sa\u00eddas desses Centros de Recolha para os destinos finais com as cargas devidamente contratadas. Os recicladores, que n\u00e3o deixam de ser ind\u00fastrias, necessitam n\u00e3o s\u00f3 desta gest\u00e3o muito bem organizada como de ter quantidade &#8211; e qualidade (pneus descontaminados) &#8211; regular de pneu para exercerem a sua atividade. Algumas destas ind\u00fastrias vivem, em exclusivo, do pneu.<\/p>\n\n\n\n<p>Depois deste planeamento, programa-se o levantamento de pneus no Centro de Rece\u00e7\u00e3o por cami\u00f5es para, de seguida, entrar no sistema inform\u00e1tico e o reciclador o poder transformar nas suas partes f\u00edsicas (a\u00e7o, borracha e t\u00eaxtil). A borracha \u00e9 o que mais nos interessa e tem como destinos principais os relvados sint\u00e9ticos, os pavimentos desportivos (a maioria) e a ind\u00fastria de isolamentos.<\/p>\n\n\n\n<figure class=\"wp-block-image size-full\"><img decoding=\"async\" width=\"1000\" height=\"667\" src=\"https:\/\/automotiverevista.pt\/wp-content\/uploads\/2023\/03\/IMG_4178.jpg\" alt=\"\" class=\"wp-image-2382\" srcset=\"https:\/\/automotiverevista.pt\/wp-content\/uploads\/2023\/03\/IMG_4178.jpg 1000w, https:\/\/automotiverevista.pt\/wp-content\/uploads\/2023\/03\/IMG_4178-300x200.jpg 300w, https:\/\/automotiverevista.pt\/wp-content\/uploads\/2023\/03\/IMG_4178-768x512.jpg 768w, https:\/\/automotiverevista.pt\/wp-content\/uploads\/2023\/03\/IMG_4178-750x500.jpg 750w\" sizes=\"(max-width: 1000px) 100vw, 1000px\" \/><\/figure>\n\n\n\n<p><strong>Sensibiliza\u00e7\u00e3o<\/strong><\/p>\n\n\n\n<p>Temos investido muito em desenvolver campanhas informativas e alternativas de sensibiliza\u00e7\u00e3o no mercado. Desde 2019 que promovemos o&nbsp;<strong>Pr\u00e9mio Inova\u00e7\u00e3o Valorpneu<\/strong>, conhecido agora por Inov.a\u00e7\u00e3o, porque nos apercebemos de muitos projetos desenvolvidos em academias, laborat\u00f3rios e institui\u00e7\u00f5es cient\u00edficas, demasiado interessantes para ficarem apenas pelo papel.&nbsp;<\/p>\n\n\n\n<p>Cri\u00e1mos, tamb\u00e9m, com a empresa multinacional Genan, e a Beta-I (consultora em inova\u00e7\u00e3o,), o Next Lap (j\u00e1 com segunda edi\u00e7\u00e3o), um programa que coloca face a face inovadores e parceiros (a Decathlon e as Estradas de Portugal s\u00e3o 2 exemplos) para um cruzamento entre as ideias e algu\u00e9m que as possa potenciar porque as solu\u00e7\u00f5es no final da cadeia s\u00e3o vitais para um bom in\u00edcio do processo e at\u00e9 durante. Sem solu\u00e7\u00f5es para os materiais que derivam dos pneus, que destino ir\u00e3o ter os pneus usados em geral?<\/p>\n\n\n\n<figure class=\"wp-block-image size-full\"><img decoding=\"async\" width=\"1000\" height=\"667\" src=\"https:\/\/automotiverevista.pt\/wp-content\/uploads\/2023\/03\/Trienal-3.jpg\" alt=\"\" class=\"wp-image-2386\" srcset=\"https:\/\/automotiverevista.pt\/wp-content\/uploads\/2023\/03\/Trienal-3.jpg 1000w, https:\/\/automotiverevista.pt\/wp-content\/uploads\/2023\/03\/Trienal-3-300x200.jpg 300w, https:\/\/automotiverevista.pt\/wp-content\/uploads\/2023\/03\/Trienal-3-768x512.jpg 768w, https:\/\/automotiverevista.pt\/wp-content\/uploads\/2023\/03\/Trienal-3-750x500.jpg 750w\" sizes=\"(max-width: 1000px) 100vw, 1000px\" \/><\/figure>\n\n\n\n<p>A Valorpneu tem sido uma refer\u00eancia para os pa\u00edses da Europa &#8211; e n\u00e3o s\u00f3 (Brasil, \u00c1frica do Sul) &#8211; que constitu\u00edram entidades gestoras depois de n\u00f3s, preocupando-nos em lhes transmitir a nossa forma de trabalho, sendo que a Europa se desenvolveu j\u00e1 baseada neste princ\u00edpio de responsabilidade alargado do produtor.&nbsp;<\/p>\n\n\n\n<p>O sistema, no fundo, \u00e9 simples. A dificuldade \u00e9 articul\u00e1-lo e conjug\u00e1-lo com os operadores. Para isso, promovemos a forma\u00e7\u00e3o e sensibiliza\u00e7\u00e3o dos operadores, realizando, anualmente, o Encontro Valorpneu que j\u00e1 vai na sua vig\u00e9sima edi\u00e7\u00e3o, onde se re\u00fanem todos os operadores e parceiros, de norte a sul do pa\u00eds.&nbsp;<\/p>\n\n\n\n<figure class=\"wp-block-image size-full\"><img decoding=\"async\" width=\"500\" height=\"667\" src=\"https:\/\/automotiverevista.pt\/wp-content\/uploads\/2023\/03\/Bordallo-II.jpg\" alt=\"\" class=\"wp-image-2383\" srcset=\"https:\/\/automotiverevista.pt\/wp-content\/uploads\/2023\/03\/Bordallo-II.jpg 500w, https:\/\/automotiverevista.pt\/wp-content\/uploads\/2023\/03\/Bordallo-II-225x300.jpg 225w\" sizes=\"(max-width: 500px) 100vw, 500px\" \/><\/figure>\n\n\n\n<p><strong>Articula\u00e7\u00e3o<\/strong><\/p>\n\n\n\n<p>Neste momento, estamos com uma recolha muito acima da nossa capacidade, um problema para n\u00f3s porque somos financiados a 100% sobre os pneus declarados, mas na pr\u00e1tica recolhemos 115%, mais do que as declara\u00e7\u00f5es feitas, isto significa que h\u00e1 produtores fora do sistema. Garantidamente, trabalhamos todos os anos muito mais pneus do que os declarados e financiados.&nbsp;<\/p>\n\n\n\n<p>A articula\u00e7\u00e3o com as entidades de inspe\u00e7\u00e3o torna-se aqui fundamental e \u00e9 \u00f3bvio que temos a perce\u00e7\u00e3o real de quem est\u00e1 fora do sistema, mas como n\u00e3o queremos promover o abandono do pneu, arrancamos com a\u00e7\u00f5es de sensibiliza\u00e7\u00e3o para o efeito, entre elas est\u00e3o:&nbsp;<em>Webinares<\/em>, o Circuito Portugal Valorpneu, onde, em 2019, visit\u00e1mos 3000 instala\u00e7\u00f5es de pneus usados para transmitir as melhores pr\u00e1ticas, e o Panda feito de pneus pelo escultor Bordalo, em 2022, artista que usa res\u00edduos na constru\u00e7\u00e3o das suas esculturas. O Panda foi feito com 1000 pneus e teve 8 metros de altura. Isto, sem deixar de parte as iniciativas educativas dirigidas aos mais novos nas escolas.&nbsp;<\/p>\n\n\n\n<figure class=\"wp-block-image size-full\"><img decoding=\"async\" width=\"500\" height=\"667\" src=\"https:\/\/automotiverevista.pt\/wp-content\/uploads\/2023\/03\/Greenfest.jpg\" alt=\"\" class=\"wp-image-2385\" srcset=\"https:\/\/automotiverevista.pt\/wp-content\/uploads\/2023\/03\/Greenfest.jpg 500w, https:\/\/automotiverevista.pt\/wp-content\/uploads\/2023\/03\/Greenfest-225x300.jpg 225w\" sizes=\"(max-width: 500px) 100vw, 500px\" \/><\/figure>\n\n\n\n<p>Para 2023, h\u00e1 mais desafios para cumprir. Aderimos, recentemente, a um operador no Algarve \u00e0 luz das novas normas emitidas pela Ag\u00eancia Portuguesa do Ambiente; vamos abrir um novo Centro de Recolha em Beja; existir\u00e3o novos Centros a serem substitu\u00eddos e queremos manter o excelente n\u00edvel de reciclagem que estamos a conseguir em Portugal.&nbsp;<\/p>\n\n\n\n<p>O ano passado,&nbsp;<strong>trataram-se 86 mil toneladas de pneus<\/strong>, parte seguiu para valoriza\u00e7\u00e3o energ\u00e9tica, parte para a recauchutagem (a&nbsp;rede de empresas de recauchutagem aderente \u00e0 Valorpneu \u00e9 constitu\u00edda atualmente por 21 empresa, ndr.), se estiver em condi\u00e7\u00f5es de ser recauchutado\u201d, salientou Clim\u00e9nia Silva.<\/p>\n\n\n\n<figure class=\"wp-block-image size-full\"><img decoding=\"async\" width=\"500\" height=\"667\" src=\"https:\/\/automotiverevista.pt\/wp-content\/uploads\/2023\/03\/Greenfest-1.jpg\" alt=\"\" class=\"wp-image-2384\" srcset=\"https:\/\/automotiverevista.pt\/wp-content\/uploads\/2023\/03\/Greenfest-1.jpg 500w, https:\/\/automotiverevista.pt\/wp-content\/uploads\/2023\/03\/Greenfest-1-225x300.jpg 225w\" sizes=\"(max-width: 500px) 100vw, 500px\" \/><\/figure>\n","protected":false},"excerpt":{"rendered":"<p>Constitu\u00edda em fevereiro de 2002, a Valorpneu dedicou o primeiro ano de exist\u00eancia \u00e0 prepara\u00e7\u00e3o do seu caderno de encargos, obten\u00e7\u00e3o de licenciamentos e negocia\u00e7\u00f5es com operadores de recolha e reciclagem de pneus. S\u00f3 em fevereiro do ano seguinte (2003) arrancaria com um amplo sistema inform\u00e1tico global articulado, onde v\u00e1rios operadores passariam a atuar, com [&hellip;]<\/p>\n","protected":false},"author":3,"featured_media":2380,"comment_status":"closed","ping_status":"open","sticky":false,"template":"","format":"standard","meta":{"jnews-multi-image_gallery":[],"jnews_single_post":{"subtitle":"","format":"standard","video":"","gallery":"","source_name":"","source_url":"","via_name":"","via_url":"","override_template":"0","override":[{"template":"2","single_blog_custom":"","parallax":"1","fullscreen":"1","layout":"right-sidebar","sidebar":"default-sidebar","second_sidebar":"default-sidebar","sticky_sidebar":"1","share_position":"topbottom","share_float_style":"share-monocrhome","show_share_counter":"0","show_view_counter":"0","show_featured":"1","show_post_meta":"1","show_post_author":"0","show_post_author_image":"1","show_post_date":"1","post_date_format":"default","post_date_format_custom":"Y\/m\/d","show_post_category":"1","show_post_reading_time":"0","post_reading_time_wpm":"300","show_zoom_button":"0","zoom_button_out_step":"2","zoom_button_in_step":"3","show_post_tag":"1","show_prev_next_post":"0","show_popup_post":"1","number_popup_post":"1","show_author_box":"0","show_post_related":"1","show_inline_post_related":"1"}],"override_image_size":"0","image_override":[{"single_post_thumbnail_size":"crop-500","single_post_gallery_size":"crop-500"}],"trending_post":"0","trending_post_position":"meta","trending_post_label":"Trending","sponsored_post":"0","sponsored_post_label":"Sponsored by","sponsored_post_name":"","sponsored_post_url":"","sponsored_post_logo_enable":"0","sponsored_post_logo":"","sponsored_post_desc":"","disable_ad":"0"},"jnews_primary_category":{"id":"","hide":""},"footnotes":""},"categories":[21],"tags":[],"class_list":["post-2379","post","type-post","status-publish","format-standard","has-post-thumbnail","hentry","category-pos-venda"],"yoast_head":"<!-- This site is optimized with the Yoast SEO Premium plugin v27.5 (Yoast SEO v27.5) - https:\/\/yoast.com\/product\/yoast-seo-premium-wordpress\/ -->\n<title>20 anos da Valorpneu: da necessidade fez-se uma obra\u00a0 - Revista Automotive<\/title>\n<meta name=\"robots\" content=\"index, follow, max-snippet:-1, max-image-preview:large, max-video-preview:-1\" \/>\n<link rel=\"canonical\" href=\"https:\/\/automotiverevista.pt\/index.php\/2023\/03\/13\/20-anos-da-valorpneu-da-necessidade-fez-se-uma-obra\/\" \/>\n<meta property=\"og:locale\" content=\"pt_PT\" \/>\n<meta property=\"og:type\" content=\"article\" \/>\n<meta property=\"og:title\" content=\"20 anos da Valorpneu: da necessidade fez-se uma obra\u00a0\" \/>\n<meta property=\"og:description\" content=\"Constitu\u00edda em fevereiro de 2002, a Valorpneu dedicou o primeiro ano de exist\u00eancia \u00e0 prepara\u00e7\u00e3o do seu caderno de encargos, obten\u00e7\u00e3o de licenciamentos e negocia\u00e7\u00f5es com operadores de recolha e reciclagem de pneus. S\u00f3 em fevereiro do ano seguinte (2003) arrancaria com um amplo sistema inform\u00e1tico global articulado, onde v\u00e1rios operadores passariam a atuar, com [&hellip;]\" \/>\n<meta property=\"og:url\" content=\"https:\/\/automotiverevista.pt\/index.php\/2023\/03\/13\/20-anos-da-valorpneu-da-necessidade-fez-se-uma-obra\/\" \/>\n<meta property=\"og:site_name\" content=\"Revista Automotive\" \/>\n<meta property=\"article:published_time\" content=\"2023-03-13T08:00:00+00:00\" \/>\n<meta property=\"og:image\" content=\"https:\/\/automotiverevista.pt\/wp-content\/uploads\/2023\/03\/FotoAbertura-9.jpg\" \/>\n\t<meta property=\"og:image:width\" content=\"1000\" \/>\n\t<meta property=\"og:image:height\" content=\"667\" \/>\n\t<meta property=\"og:image:type\" content=\"image\/jpeg\" \/>\n<meta name=\"author\" content=\"MiguelMarques\" \/>\n<meta name=\"twitter:card\" content=\"summary_large_image\" \/>\n<meta name=\"twitter:label1\" content=\"Escrito por\" \/>\n\t<meta name=\"twitter:data1\" content=\"MiguelMarques\" \/>\n\t<meta name=\"twitter:label2\" content=\"Tempo estimado de leitura\" \/>\n\t<meta name=\"twitter:data2\" content=\"7 minutos\" \/>\n<script type=\"application\/ld+json\" class=\"yoast-schema-graph\">{\"@context\":\"https:\\\/\\\/schema.org\",\"@graph\":[{\"@type\":\"Article\",\"@id\":\"https:\\\/\\\/automotiverevista.pt\\\/index.php\\\/2023\\\/03\\\/13\\\/20-anos-da-valorpneu-da-necessidade-fez-se-uma-obra\\\/#article\",\"isPartOf\":{\"@id\":\"https:\\\/\\\/automotiverevista.pt\\\/index.php\\\/2023\\\/03\\\/13\\\/20-anos-da-valorpneu-da-necessidade-fez-se-uma-obra\\\/\"},\"author\":{\"name\":\"MiguelMarques\",\"@id\":\"https:\\\/\\\/automotiverevista.pt\\\/#\\\/schema\\\/person\\\/d705335f9c428a4a0cae3d11afb2e0ef\"},\"headline\":\"20 anos da Valorpneu: da necessidade fez-se uma obra\u00a0\",\"datePublished\":\"2023-03-13T08:00:00+00:00\",\"mainEntityOfPage\":{\"@id\":\"https:\\\/\\\/automotiverevista.pt\\\/index.php\\\/2023\\\/03\\\/13\\\/20-anos-da-valorpneu-da-necessidade-fez-se-uma-obra\\\/\"},\"wordCount\":1099,\"publisher\":{\"@id\":\"https:\\\/\\\/automotiverevista.pt\\\/#organization\"},\"image\":{\"@id\":\"https:\\\/\\\/automotiverevista.pt\\\/index.php\\\/2023\\\/03\\\/13\\\/20-anos-da-valorpneu-da-necessidade-fez-se-uma-obra\\\/#primaryimage\"},\"thumbnailUrl\":\"https:\\\/\\\/automotiverevista.pt\\\/wp-content\\\/uploads\\\/2023\\\/03\\\/FotoAbertura-9.jpg\",\"articleSection\":[\"P\u00f3s-Venda\"],\"inLanguage\":\"pt-PT\"},{\"@type\":\"WebPage\",\"@id\":\"https:\\\/\\\/automotiverevista.pt\\\/index.php\\\/2023\\\/03\\\/13\\\/20-anos-da-valorpneu-da-necessidade-fez-se-uma-obra\\\/\",\"url\":\"https:\\\/\\\/automotiverevista.pt\\\/index.php\\\/2023\\\/03\\\/13\\\/20-anos-da-valorpneu-da-necessidade-fez-se-uma-obra\\\/\",\"name\":\"20 anos da Valorpneu: da necessidade fez-se uma obra\u00a0 - Revista Automotive\",\"isPartOf\":{\"@id\":\"https:\\\/\\\/automotiverevista.pt\\\/#website\"},\"primaryImageOfPage\":{\"@id\":\"https:\\\/\\\/automotiverevista.pt\\\/index.php\\\/2023\\\/03\\\/13\\\/20-anos-da-valorpneu-da-necessidade-fez-se-uma-obra\\\/#primaryimage\"},\"image\":{\"@id\":\"https:\\\/\\\/automotiverevista.pt\\\/index.php\\\/2023\\\/03\\\/13\\\/20-anos-da-valorpneu-da-necessidade-fez-se-uma-obra\\\/#primaryimage\"},\"thumbnailUrl\":\"https:\\\/\\\/automotiverevista.pt\\\/wp-content\\\/uploads\\\/2023\\\/03\\\/FotoAbertura-9.jpg\",\"datePublished\":\"2023-03-13T08:00:00+00:00\",\"breadcrumb\":{\"@id\":\"https:\\\/\\\/automotiverevista.pt\\\/index.php\\\/2023\\\/03\\\/13\\\/20-anos-da-valorpneu-da-necessidade-fez-se-uma-obra\\\/#breadcrumb\"},\"inLanguage\":\"pt-PT\",\"potentialAction\":[{\"@type\":\"ReadAction\",\"target\":[\"https:\\\/\\\/automotiverevista.pt\\\/index.php\\\/2023\\\/03\\\/13\\\/20-anos-da-valorpneu-da-necessidade-fez-se-uma-obra\\\/\"]}]},{\"@type\":\"ImageObject\",\"inLanguage\":\"pt-PT\",\"@id\":\"https:\\\/\\\/automotiverevista.pt\\\/index.php\\\/2023\\\/03\\\/13\\\/20-anos-da-valorpneu-da-necessidade-fez-se-uma-obra\\\/#primaryimage\",\"url\":\"https:\\\/\\\/automotiverevista.pt\\\/wp-content\\\/uploads\\\/2023\\\/03\\\/FotoAbertura-9.jpg\",\"contentUrl\":\"https:\\\/\\\/automotiverevista.pt\\\/wp-content\\\/uploads\\\/2023\\\/03\\\/FotoAbertura-9.jpg\",\"width\":1000,\"height\":667},{\"@type\":\"BreadcrumbList\",\"@id\":\"https:\\\/\\\/automotiverevista.pt\\\/index.php\\\/2023\\\/03\\\/13\\\/20-anos-da-valorpneu-da-necessidade-fez-se-uma-obra\\\/#breadcrumb\",\"itemListElement\":[{\"@type\":\"ListItem\",\"position\":1,\"name\":\"Home\",\"item\":\"https:\\\/\\\/automotiverevista.pt\\\/\"},{\"@type\":\"ListItem\",\"position\":2,\"name\":\"20 anos da Valorpneu: da necessidade fez-se uma obra\u00a0\"}]},{\"@type\":\"WebSite\",\"@id\":\"https:\\\/\\\/automotiverevista.pt\\\/#website\",\"url\":\"https:\\\/\\\/automotiverevista.pt\\\/\",\"name\":\"Revista Automotive\",\"description\":\"Revista Automotive Portugal\",\"publisher\":{\"@id\":\"https:\\\/\\\/automotiverevista.pt\\\/#organization\"},\"potentialAction\":[{\"@type\":\"SearchAction\",\"target\":{\"@type\":\"EntryPoint\",\"urlTemplate\":\"https:\\\/\\\/automotiverevista.pt\\\/?s={search_term_string}\"},\"query-input\":{\"@type\":\"PropertyValueSpecification\",\"valueRequired\":true,\"valueName\":\"search_term_string\"}}],\"inLanguage\":\"pt-PT\"},{\"@type\":\"Organization\",\"@id\":\"https:\\\/\\\/automotiverevista.pt\\\/#organization\",\"name\":\"Revista Automotive Portugal\",\"url\":\"https:\\\/\\\/automotiverevista.pt\\\/\",\"logo\":{\"@type\":\"ImageObject\",\"inLanguage\":\"pt-PT\",\"@id\":\"https:\\\/\\\/automotiverevista.pt\\\/#\\\/schema\\\/logo\\\/image\\\/\",\"url\":\"https:\\\/\\\/automotiverevista.pt\\\/wp-content\\\/uploads\\\/2022\\\/07\\\/Logo-Automotive-2021_500-1.jpg\",\"contentUrl\":\"https:\\\/\\\/automotiverevista.pt\\\/wp-content\\\/uploads\\\/2022\\\/07\\\/Logo-Automotive-2021_500-1.jpg\",\"width\":500,\"height\":160,\"caption\":\"Revista Automotive Portugal\"},\"image\":{\"@id\":\"https:\\\/\\\/automotiverevista.pt\\\/#\\\/schema\\\/logo\\\/image\\\/\"},\"sameAs\":[\"https:\\\/\\\/linkedin.com\\\/in\\\/automotiverevista\"]},{\"@type\":\"Person\",\"@id\":\"https:\\\/\\\/automotiverevista.pt\\\/#\\\/schema\\\/person\\\/d705335f9c428a4a0cae3d11afb2e0ef\",\"name\":\"MiguelMarques\",\"image\":{\"@type\":\"ImageObject\",\"inLanguage\":\"pt-PT\",\"@id\":\"https:\\\/\\\/secure.gravatar.com\\\/avatar\\\/635d1f118671d87c579d5e4f6491bfc0081e3bbddd605eb321931e9c938270b5?s=96&d=mm&r=g\",\"url\":\"https:\\\/\\\/secure.gravatar.com\\\/avatar\\\/635d1f118671d87c579d5e4f6491bfc0081e3bbddd605eb321931e9c938270b5?s=96&d=mm&r=g\",\"contentUrl\":\"https:\\\/\\\/secure.gravatar.com\\\/avatar\\\/635d1f118671d87c579d5e4f6491bfc0081e3bbddd605eb321931e9c938270b5?s=96&d=mm&r=g\",\"caption\":\"MiguelMarques\"},\"url\":\"https:\\\/\\\/automotiverevista.pt\\\/index.php\\\/author\\\/miguelmarques\\\/\"}]}<\/script>\n<!-- \/ Yoast SEO Premium plugin. -->","yoast_head_json":{"title":"20 anos da Valorpneu: da necessidade fez-se uma obra\u00a0 - Revista Automotive","robots":{"index":"index","follow":"follow","max-snippet":"max-snippet:-1","max-image-preview":"max-image-preview:large","max-video-preview":"max-video-preview:-1"},"canonical":"https:\/\/automotiverevista.pt\/index.php\/2023\/03\/13\/20-anos-da-valorpneu-da-necessidade-fez-se-uma-obra\/","og_locale":"pt_PT","og_type":"article","og_title":"20 anos da Valorpneu: da necessidade fez-se uma obra\u00a0","og_description":"Constitu\u00edda em fevereiro de 2002, a Valorpneu dedicou o primeiro ano de exist\u00eancia \u00e0 prepara\u00e7\u00e3o do seu caderno de encargos, obten\u00e7\u00e3o de licenciamentos e negocia\u00e7\u00f5es com operadores de recolha e reciclagem de pneus. S\u00f3 em fevereiro do ano seguinte (2003) arrancaria com um amplo sistema inform\u00e1tico global articulado, onde v\u00e1rios operadores passariam a atuar, com [&hellip;]","og_url":"https:\/\/automotiverevista.pt\/index.php\/2023\/03\/13\/20-anos-da-valorpneu-da-necessidade-fez-se-uma-obra\/","og_site_name":"Revista Automotive","article_published_time":"2023-03-13T08:00:00+00:00","og_image":[{"width":1000,"height":667,"url":"https:\/\/automotiverevista.pt\/wp-content\/uploads\/2023\/03\/FotoAbertura-9.jpg","type":"image\/jpeg"}],"author":"MiguelMarques","twitter_card":"summary_large_image","twitter_misc":{"Escrito por":"MiguelMarques","Tempo estimado de leitura":"7 minutos"},"schema":{"@context":"https:\/\/schema.org","@graph":[{"@type":"Article","@id":"https:\/\/automotiverevista.pt\/index.php\/2023\/03\/13\/20-anos-da-valorpneu-da-necessidade-fez-se-uma-obra\/#article","isPartOf":{"@id":"https:\/\/automotiverevista.pt\/index.php\/2023\/03\/13\/20-anos-da-valorpneu-da-necessidade-fez-se-uma-obra\/"},"author":{"name":"MiguelMarques","@id":"https:\/\/automotiverevista.pt\/#\/schema\/person\/d705335f9c428a4a0cae3d11afb2e0ef"},"headline":"20 anos da Valorpneu: da necessidade fez-se uma obra\u00a0","datePublished":"2023-03-13T08:00:00+00:00","mainEntityOfPage":{"@id":"https:\/\/automotiverevista.pt\/index.php\/2023\/03\/13\/20-anos-da-valorpneu-da-necessidade-fez-se-uma-obra\/"},"wordCount":1099,"publisher":{"@id":"https:\/\/automotiverevista.pt\/#organization"},"image":{"@id":"https:\/\/automotiverevista.pt\/index.php\/2023\/03\/13\/20-anos-da-valorpneu-da-necessidade-fez-se-uma-obra\/#primaryimage"},"thumbnailUrl":"https:\/\/automotiverevista.pt\/wp-content\/uploads\/2023\/03\/FotoAbertura-9.jpg","articleSection":["P\u00f3s-Venda"],"inLanguage":"pt-PT"},{"@type":"WebPage","@id":"https:\/\/automotiverevista.pt\/index.php\/2023\/03\/13\/20-anos-da-valorpneu-da-necessidade-fez-se-uma-obra\/","url":"https:\/\/automotiverevista.pt\/index.php\/2023\/03\/13\/20-anos-da-valorpneu-da-necessidade-fez-se-uma-obra\/","name":"20 anos da Valorpneu: da necessidade fez-se uma obra\u00a0 - Revista Automotive","isPartOf":{"@id":"https:\/\/automotiverevista.pt\/#website"},"primaryImageOfPage":{"@id":"https:\/\/automotiverevista.pt\/index.php\/2023\/03\/13\/20-anos-da-valorpneu-da-necessidade-fez-se-uma-obra\/#primaryimage"},"image":{"@id":"https:\/\/automotiverevista.pt\/index.php\/2023\/03\/13\/20-anos-da-valorpneu-da-necessidade-fez-se-uma-obra\/#primaryimage"},"thumbnailUrl":"https:\/\/automotiverevista.pt\/wp-content\/uploads\/2023\/03\/FotoAbertura-9.jpg","datePublished":"2023-03-13T08:00:00+00:00","breadcrumb":{"@id":"https:\/\/automotiverevista.pt\/index.php\/2023\/03\/13\/20-anos-da-valorpneu-da-necessidade-fez-se-uma-obra\/#breadcrumb"},"inLanguage":"pt-PT","potentialAction":[{"@type":"ReadAction","target":["https:\/\/automotiverevista.pt\/index.php\/2023\/03\/13\/20-anos-da-valorpneu-da-necessidade-fez-se-uma-obra\/"]}]},{"@type":"ImageObject","inLanguage":"pt-PT","@id":"https:\/\/automotiverevista.pt\/index.php\/2023\/03\/13\/20-anos-da-valorpneu-da-necessidade-fez-se-uma-obra\/#primaryimage","url":"https:\/\/automotiverevista.pt\/wp-content\/uploads\/2023\/03\/FotoAbertura-9.jpg","contentUrl":"https:\/\/automotiverevista.pt\/wp-content\/uploads\/2023\/03\/FotoAbertura-9.jpg","width":1000,"height":667},{"@type":"BreadcrumbList","@id":"https:\/\/automotiverevista.pt\/index.php\/2023\/03\/13\/20-anos-da-valorpneu-da-necessidade-fez-se-uma-obra\/#breadcrumb","itemListElement":[{"@type":"ListItem","position":1,"name":"Home","item":"https:\/\/automotiverevista.pt\/"},{"@type":"ListItem","position":2,"name":"20 anos da Valorpneu: da necessidade fez-se uma obra\u00a0"}]},{"@type":"WebSite","@id":"https:\/\/automotiverevista.pt\/#website","url":"https:\/\/automotiverevista.pt\/","name":"Revista Automotive","description":"Revista Automotive Portugal","publisher":{"@id":"https:\/\/automotiverevista.pt\/#organization"},"potentialAction":[{"@type":"SearchAction","target":{"@type":"EntryPoint","urlTemplate":"https:\/\/automotiverevista.pt\/?s={search_term_string}"},"query-input":{"@type":"PropertyValueSpecification","valueRequired":true,"valueName":"search_term_string"}}],"inLanguage":"pt-PT"},{"@type":"Organization","@id":"https:\/\/automotiverevista.pt\/#organization","name":"Revista Automotive Portugal","url":"https:\/\/automotiverevista.pt\/","logo":{"@type":"ImageObject","inLanguage":"pt-PT","@id":"https:\/\/automotiverevista.pt\/#\/schema\/logo\/image\/","url":"https:\/\/automotiverevista.pt\/wp-content\/uploads\/2022\/07\/Logo-Automotive-2021_500-1.jpg","contentUrl":"https:\/\/automotiverevista.pt\/wp-content\/uploads\/2022\/07\/Logo-Automotive-2021_500-1.jpg","width":500,"height":160,"caption":"Revista Automotive Portugal"},"image":{"@id":"https:\/\/automotiverevista.pt\/#\/schema\/logo\/image\/"},"sameAs":["https:\/\/linkedin.com\/in\/automotiverevista"]},{"@type":"Person","@id":"https:\/\/automotiverevista.pt\/#\/schema\/person\/d705335f9c428a4a0cae3d11afb2e0ef","name":"MiguelMarques","image":{"@type":"ImageObject","inLanguage":"pt-PT","@id":"https:\/\/secure.gravatar.com\/avatar\/635d1f118671d87c579d5e4f6491bfc0081e3bbddd605eb321931e9c938270b5?s=96&d=mm&r=g","url":"https:\/\/secure.gravatar.com\/avatar\/635d1f118671d87c579d5e4f6491bfc0081e3bbddd605eb321931e9c938270b5?s=96&d=mm&r=g","contentUrl":"https:\/\/secure.gravatar.com\/avatar\/635d1f118671d87c579d5e4f6491bfc0081e3bbddd605eb321931e9c938270b5?s=96&d=mm&r=g","caption":"MiguelMarques"},"url":"https:\/\/automotiverevista.pt\/index.php\/author\/miguelmarques\/"}]}},"_links":{"self":[{"href":"https:\/\/automotiverevista.pt\/index.php\/wp-json\/wp\/v2\/posts\/2379","targetHints":{"allow":["GET"]}}],"collection":[{"href":"https:\/\/automotiverevista.pt\/index.php\/wp-json\/wp\/v2\/posts"}],"about":[{"href":"https:\/\/automotiverevista.pt\/index.php\/wp-json\/wp\/v2\/types\/post"}],"author":[{"embeddable":true,"href":"https:\/\/automotiverevista.pt\/index.php\/wp-json\/wp\/v2\/users\/3"}],"replies":[{"embeddable":true,"href":"https:\/\/automotiverevista.pt\/index.php\/wp-json\/wp\/v2\/comments?post=2379"}],"version-history":[{"count":1,"href":"https:\/\/automotiverevista.pt\/index.php\/wp-json\/wp\/v2\/posts\/2379\/revisions"}],"predecessor-version":[{"id":2387,"href":"https:\/\/automotiverevista.pt\/index.php\/wp-json\/wp\/v2\/posts\/2379\/revisions\/2387"}],"wp:featuredmedia":[{"embeddable":true,"href":"https:\/\/automotiverevista.pt\/index.php\/wp-json\/wp\/v2\/media\/2380"}],"wp:attachment":[{"href":"https:\/\/automotiverevista.pt\/index.php\/wp-json\/wp\/v2\/media?parent=2379"}],"wp:term":[{"taxonomy":"category","embeddable":true,"href":"https:\/\/automotiverevista.pt\/index.php\/wp-json\/wp\/v2\/categories?post=2379"},{"taxonomy":"post_tag","embeddable":true,"href":"https:\/\/automotiverevista.pt\/index.php\/wp-json\/wp\/v2\/tags?post=2379"}],"curies":[{"name":"wp","href":"https:\/\/api.w.org\/{rel}","templated":true}]}}