{"id":2541,"date":"2023-03-24T06:00:00","date_gmt":"2023-03-24T06:00:00","guid":{"rendered":"https:\/\/automotiverevista.pt\/?p=2541"},"modified":"2023-03-14T18:52:54","modified_gmt":"2023-03-14T18:52:54","slug":"msc-cruzeiros-abres-vendas-para-o-world-cruise-2025","status":"publish","type":"post","link":"https:\/\/automotiverevista.pt\/index.php\/2023\/03\/24\/msc-cruzeiros-abres-vendas-para-o-world-cruise-2025\/","title":{"rendered":"<strong>MSC Cruzeiros abres vendas para o World Cruise 2025&nbsp;<\/strong>"},"content":{"rendered":"\n<p>A MSC Cruzeiros abriu as vendas para o MSC World Cruise 2025 com um itiner\u00e1rio inteiramente novo a bordo do MSC Magnifica. Os passageiros podem embarcar nesta viagem \u00fanica de uma vida a partir de quatro portos europeus-Civitavecchia\/Roma, G\u00e9nova, Marselha e Barcelona (nos dias 4,5,6 e 7 de Janeiro de 2025, respetivamente).<\/p>\n\n\n\n<p>A viagem de 116 noites \u00e0 volta do mundo visitar\u00e1 50 destinos em 21 pa\u00edses, com sete pernoitas e 22 destinos que nunca tinham sido apresentados num World Cruise. A longa viagem de tr\u00eas meses levar\u00e1 os passageiros a cinco continentes, atravessando tr\u00eas dos maiores oceanos do mundo, navegando mais de 30.000 milhas n\u00e1uticas. Quer se trate de esplendor natural, cidades cosmopolitas vibrantes ou locais hist\u00f3ricos mundialmente famosos, este incr\u00edvel itiner\u00e1rio assinalar\u00e1 muitos lugares de visita obrigat\u00f3ria na \u201c<em>bucket-list<\/em>\u201d e alargar\u00e1 horizontes com novos sabores e tradi\u00e7\u00f5es, diversas culturas e comunidades, tudo isto enquanto proporciona experi\u00eancias globais aut\u00eanticas.<\/p>\n\n\n\n<p>A viagem passar\u00e1 por cidades e portos mundialmente famosos em It\u00e1lia, Fran\u00e7a e Espanha antes de navegar para Casablanca em Marrocos, que oferece uma infinidade de mercados e medinas. Uma semana ap\u00f3s o inicio da viagem, os passageiros passar\u00e3o os seus primeiros dias no mar, seguidos de um dia de viagem \u00e0 capital de Cabo Verde- Mindelo.<\/p>\n\n\n\n<p>Depois de atravessar o Oceano Atl\u00e2ntico, os passageiros passar\u00e3o dez dias a explorar a Am\u00e9rica do Sul, incluindo pernoitas no Rio de Janeiro, Brasil, Buenos Aires, Argentina e Valpara\u00edso, Chile, bem como uma visita \u00e0s Ilhas Falkland com as suas vistas deslumbrantes e visitas ao ponto mais a sul do continente- Ushuaia.<\/p>\n\n\n\n<p>De seguida, o navio atravessa o Oceano Pac\u00edfico Sul visitando ilhas tropicais durante quase duas semanas- a mundialmente famosa Ilha de P\u00e1scoa (Chile), Moorea (Polin\u00e9sia Francesa) e Aitutaki e Rarotonga nas Ilhas Cook.<\/p>\n\n\n\n<p>O navio inicia uma descoberta alargada pela Nova Zel\u00e2ndia e Austr\u00e1lia come\u00e7ando pelas Ilhas do Norte da Nova Zel\u00e2ndia. Esta \u00e1rea desportiva \u00e9 um destino popular para a pesca desportiva e para aprender sobre os habitantes ind\u00edgenas do pa\u00eds -os Maoris.<\/p>\n\n\n\n<p>Em oito dias, os passageiros visitam as cidades de Auckland, Tauranga, Napier, Christchurch e Dunedin, seguidas de um cruzeiro excecional pelo fiorde de Milford Sound no sul da Nova Zel\u00e2ndia.<\/p>\n\n\n\n<p>Marcando o segundo m\u00eas de navega\u00e7\u00e3o, o MSC Magnifica far\u00e1 escala em Sydney, na Austr\u00e1lia, e iniciar\u00e1 uma das pernas de destaque do cruzeiro- navegando pelas belas costas Sul e Oeste do pa\u00eds, escalando em impressionantes pontos de beleza, parques nacionais e cidades de praia que est\u00e3o na moda.<\/p>\n\n\n\n<p>Os passageiros podem visitar o para\u00edso natural de \u00c9den, famoso pelas suas ostras, comida e praias incr\u00edveis, mergulhe na cidade de Melbourne, desfrute de aventuras ao ar livre em Adelaide, Penneshaw, mergulhe na cidade hist\u00f3rica de Albany, explore a vibrante cidade de praia de Busselton e a famosa regi\u00e3o vin\u00edcola de Margaret River. De seguida, absorva as vibra\u00e7\u00f5es descontra\u00eddas de Perth e maravilhe-se com a bela cidade de Broome, onde poder\u00e1 ver o encontro de uma cidade com o mar.<\/p>\n\n\n\n<p>Chegando ao exuberante clima tropical da \u00c1sia, o navio far\u00e1 a primeira escala no porto de Benoa, em Bali, na Indon\u00e9sia. Ap\u00f3s uma pernoita, permitindo aos passageiros muito tempo para explorar a beleza natural da ilha, o cen\u00e1rio mudar\u00e1 completamente quando o MSC Magn\u00edfica navegar para a joia do Sudeste Asi\u00e1tico, Singapura. Aqui, os passageiros podem maravilhar-se com a arquitetura futur\u00edstica decorada por um mosaico de jardins verticais. Para completar o itiner\u00e1rio asi\u00e1tico, os passageiros visitar\u00e3o Port Klang e Penang na Mal\u00e1sia, seguidos pela id\u00edlica ilha de Phuket na Tail\u00e2ndia.<\/p>\n\n\n\n<p>Durante a viagem pelo Oceano \u00cdndico, os passageiros podem desfrutar de uma visita \u00e0 capital do Siri Lanka, Colombo. De seguida, o navio ir\u00e1 para o Porto de Aqaba, na Jord\u00e2nia, onde os passageiros podem visitar o mundialmente famoso s\u00edtio arqueol\u00f3gico de Petra. Logo a seguir, os viajantes podem desfrutar do belo resort do Mar Vermelho de Sharm El-Sheik, os locais antigos em Luxor (a partir do porto de Safaga), a circula\u00e7\u00e3o atrav\u00e9s do Canal do Suez e depois para Alexandria, de onde \u00e9 poss\u00edvel visitar o Cairo e as Pir\u00e2mides de Giz\u00e9.<\/p>\n\n\n\n<p>Para completar este itiner\u00e1rio \u00fanico na vida, o MSC Magn\u00edfica navegar\u00e1 de volta \u00e0 Europa, visitando quatro cidades ic\u00f3nicas em It\u00e1lia, terminando uma viagem cheia de descobertas em G\u00e9nova.<\/p>\n\n\n\n<figure class=\"wp-block-image size-large\"><img decoding=\"async\" width=\"1024\" height=\"693\" src=\"https:\/\/automotiverevista.pt\/wp-content\/uploads\/2023\/03\/MSC-Magnifica-Press-release-World-Cruise-2025-1024x693.jpg\" alt=\"\" class=\"wp-image-2543\" srcset=\"https:\/\/automotiverevista.pt\/wp-content\/uploads\/2023\/03\/MSC-Magnifica-Press-release-World-Cruise-2025-1024x693.jpg 1024w, https:\/\/automotiverevista.pt\/wp-content\/uploads\/2023\/03\/MSC-Magnifica-Press-release-World-Cruise-2025-300x203.jpg 300w, https:\/\/automotiverevista.pt\/wp-content\/uploads\/2023\/03\/MSC-Magnifica-Press-release-World-Cruise-2025-768x519.jpg 768w, https:\/\/automotiverevista.pt\/wp-content\/uploads\/2023\/03\/MSC-Magnifica-Press-release-World-Cruise-2025-750x507.jpg 750w, https:\/\/automotiverevista.pt\/wp-content\/uploads\/2023\/03\/MSC-Magnifica-Press-release-World-Cruise-2025.jpg 1100w\" sizes=\"(max-width: 1024px) 100vw, 1024px\" \/><\/figure>\n","protected":false},"excerpt":{"rendered":"<p>A MSC Cruzeiros abriu as vendas para o MSC World Cruise 2025 com um itiner\u00e1rio inteiramente novo a bordo do MSC Magnifica. Os passageiros podem embarcar nesta viagem \u00fanica de uma vida a partir de quatro portos europeus-Civitavecchia\/Roma, G\u00e9nova, Marselha e Barcelona (nos dias 4,5,6 e 7 de Janeiro de 2025, respetivamente). A viagem de [&hellip;]<\/p>\n","protected":false},"author":3,"featured_media":2542,"comment_status":"closed","ping_status":"open","sticky":false,"template":"","format":"standard","meta":{"jnews-multi-image_gallery":[],"jnews_single_post":{"subtitle":"","format":"standard","video":"","gallery":"","source_name":"","source_url":"","via_name":"","via_url":"","override_template":"0","override":[{"template":"2","single_blog_custom":"","parallax":"1","fullscreen":"1","layout":"right-sidebar","sidebar":"default-sidebar","second_sidebar":"default-sidebar","sticky_sidebar":"1","share_position":"topbottom","share_float_style":"share-monocrhome","show_share_counter":"0","show_view_counter":"0","show_featured":"1","show_post_meta":"1","show_post_author":"0","show_post_author_image":"1","show_post_date":"1","post_date_format":"default","post_date_format_custom":"Y\/m\/d","show_post_category":"1","show_post_reading_time":"0","post_reading_time_wpm":"300","show_zoom_button":"0","zoom_button_out_step":"2","zoom_button_in_step":"3","show_post_tag":"1","show_prev_next_post":"0","show_popup_post":"1","number_popup_post":"1","show_author_box":"0","show_post_related":"1","show_inline_post_related":"1"}],"override_image_size":"0","image_override":[{"single_post_thumbnail_size":"crop-500","single_post_gallery_size":"crop-500"}],"trending_post":"0","trending_post_position":"meta","trending_post_label":"Trending","sponsored_post":"0","sponsored_post_label":"Sponsored by","sponsored_post_name":"","sponsored_post_url":"","sponsored_post_logo_enable":"0","sponsored_post_logo":"","sponsored_post_desc":"","disable_ad":"0"},"jnews_primary_category":{"id":"","hide":""},"footnotes":""},"categories":[111],"tags":[],"class_list":["post-2541","post","type-post","status-publish","format-standard","has-post-thumbnail","hentry","category-coffee-break"],"yoast_head":"<!-- This site is optimized with the Yoast SEO Premium plugin v27.2 (Yoast SEO v27.5) - https:\/\/yoast.com\/product\/yoast-seo-premium-wordpress\/ -->\n<title>MSC Cruzeiros abres vendas para o World Cruise 2025&nbsp; - Revista Automotive<\/title>\n<meta name=\"robots\" content=\"index, follow, max-snippet:-1, max-image-preview:large, max-video-preview:-1\" \/>\n<link rel=\"canonical\" href=\"https:\/\/automotiverevista.pt\/index.php\/2023\/03\/24\/msc-cruzeiros-abres-vendas-para-o-world-cruise-2025\/\" \/>\n<meta property=\"og:locale\" content=\"pt_PT\" \/>\n<meta property=\"og:type\" content=\"article\" \/>\n<meta property=\"og:title\" content=\"MSC Cruzeiros abres vendas para o World Cruise 2025&nbsp;\" \/>\n<meta property=\"og:description\" content=\"A MSC Cruzeiros abriu as vendas para o MSC World Cruise 2025 com um itiner\u00e1rio inteiramente novo a bordo do MSC Magnifica. Os passageiros podem embarcar nesta viagem \u00fanica de uma vida a partir de quatro portos europeus-Civitavecchia\/Roma, G\u00e9nova, Marselha e Barcelona (nos dias 4,5,6 e 7 de Janeiro de 2025, respetivamente). A viagem de [&hellip;]\" \/>\n<meta property=\"og:url\" content=\"https:\/\/automotiverevista.pt\/index.php\/2023\/03\/24\/msc-cruzeiros-abres-vendas-para-o-world-cruise-2025\/\" \/>\n<meta property=\"og:site_name\" content=\"Revista Automotive\" \/>\n<meta property=\"article:published_time\" content=\"2023-03-24T06:00:00+00:00\" \/>\n<meta property=\"og:image\" content=\"https:\/\/automotiverevista.pt\/wp-content\/uploads\/2023\/03\/FotoAbertura-28.jpg\" \/>\n\t<meta property=\"og:image:width\" content=\"1100\" \/>\n\t<meta property=\"og:image:height\" content=\"825\" \/>\n\t<meta property=\"og:image:type\" content=\"image\/jpeg\" \/>\n<meta name=\"author\" content=\"MiguelMarques\" \/>\n<meta name=\"twitter:card\" content=\"summary_large_image\" \/>\n<meta name=\"twitter:label1\" content=\"Escrito por\" \/>\n\t<meta name=\"twitter:data1\" content=\"MiguelMarques\" \/>\n\t<meta name=\"twitter:label2\" content=\"Tempo estimado de leitura\" \/>\n\t<meta name=\"twitter:data2\" content=\"5 minutos\" \/>\n<script type=\"application\/ld+json\" class=\"yoast-schema-graph\">{\"@context\":\"https:\\\/\\\/schema.org\",\"@graph\":[{\"@type\":\"Article\",\"@id\":\"https:\\\/\\\/automotiverevista.pt\\\/index.php\\\/2023\\\/03\\\/24\\\/msc-cruzeiros-abres-vendas-para-o-world-cruise-2025\\\/#article\",\"isPartOf\":{\"@id\":\"https:\\\/\\\/automotiverevista.pt\\\/index.php\\\/2023\\\/03\\\/24\\\/msc-cruzeiros-abres-vendas-para-o-world-cruise-2025\\\/\"},\"author\":{\"name\":\"MiguelMarques\",\"@id\":\"https:\\\/\\\/automotiverevista.pt\\\/#\\\/schema\\\/person\\\/d705335f9c428a4a0cae3d11afb2e0ef\"},\"headline\":\"MSC Cruzeiros abres vendas para o World Cruise 2025&nbsp;\",\"datePublished\":\"2023-03-24T06:00:00+00:00\",\"mainEntityOfPage\":{\"@id\":\"https:\\\/\\\/automotiverevista.pt\\\/index.php\\\/2023\\\/03\\\/24\\\/msc-cruzeiros-abres-vendas-para-o-world-cruise-2025\\\/\"},\"wordCount\":766,\"publisher\":{\"@id\":\"https:\\\/\\\/automotiverevista.pt\\\/#organization\"},\"image\":{\"@id\":\"https:\\\/\\\/automotiverevista.pt\\\/index.php\\\/2023\\\/03\\\/24\\\/msc-cruzeiros-abres-vendas-para-o-world-cruise-2025\\\/#primaryimage\"},\"thumbnailUrl\":\"https:\\\/\\\/automotiverevista.pt\\\/wp-content\\\/uploads\\\/2023\\\/03\\\/FotoAbertura-28.jpg\",\"articleSection\":[\"Coffee Break\"],\"inLanguage\":\"pt-PT\"},{\"@type\":\"WebPage\",\"@id\":\"https:\\\/\\\/automotiverevista.pt\\\/index.php\\\/2023\\\/03\\\/24\\\/msc-cruzeiros-abres-vendas-para-o-world-cruise-2025\\\/\",\"url\":\"https:\\\/\\\/automotiverevista.pt\\\/index.php\\\/2023\\\/03\\\/24\\\/msc-cruzeiros-abres-vendas-para-o-world-cruise-2025\\\/\",\"name\":\"MSC Cruzeiros abres vendas para o World Cruise 2025&nbsp; - Revista Automotive\",\"isPartOf\":{\"@id\":\"https:\\\/\\\/automotiverevista.pt\\\/#website\"},\"primaryImageOfPage\":{\"@id\":\"https:\\\/\\\/automotiverevista.pt\\\/index.php\\\/2023\\\/03\\\/24\\\/msc-cruzeiros-abres-vendas-para-o-world-cruise-2025\\\/#primaryimage\"},\"image\":{\"@id\":\"https:\\\/\\\/automotiverevista.pt\\\/index.php\\\/2023\\\/03\\\/24\\\/msc-cruzeiros-abres-vendas-para-o-world-cruise-2025\\\/#primaryimage\"},\"thumbnailUrl\":\"https:\\\/\\\/automotiverevista.pt\\\/wp-content\\\/uploads\\\/2023\\\/03\\\/FotoAbertura-28.jpg\",\"datePublished\":\"2023-03-24T06:00:00+00:00\",\"breadcrumb\":{\"@id\":\"https:\\\/\\\/automotiverevista.pt\\\/index.php\\\/2023\\\/03\\\/24\\\/msc-cruzeiros-abres-vendas-para-o-world-cruise-2025\\\/#breadcrumb\"},\"inLanguage\":\"pt-PT\",\"potentialAction\":[{\"@type\":\"ReadAction\",\"target\":[\"https:\\\/\\\/automotiverevista.pt\\\/index.php\\\/2023\\\/03\\\/24\\\/msc-cruzeiros-abres-vendas-para-o-world-cruise-2025\\\/\"]}]},{\"@type\":\"ImageObject\",\"inLanguage\":\"pt-PT\",\"@id\":\"https:\\\/\\\/automotiverevista.pt\\\/index.php\\\/2023\\\/03\\\/24\\\/msc-cruzeiros-abres-vendas-para-o-world-cruise-2025\\\/#primaryimage\",\"url\":\"https:\\\/\\\/automotiverevista.pt\\\/wp-content\\\/uploads\\\/2023\\\/03\\\/FotoAbertura-28.jpg\",\"contentUrl\":\"https:\\\/\\\/automotiverevista.pt\\\/wp-content\\\/uploads\\\/2023\\\/03\\\/FotoAbertura-28.jpg\",\"width\":1100,\"height\":825,\"caption\":\"MSC Euribia\"},{\"@type\":\"BreadcrumbList\",\"@id\":\"https:\\\/\\\/automotiverevista.pt\\\/index.php\\\/2023\\\/03\\\/24\\\/msc-cruzeiros-abres-vendas-para-o-world-cruise-2025\\\/#breadcrumb\",\"itemListElement\":[{\"@type\":\"ListItem\",\"position\":1,\"name\":\"Home\",\"item\":\"https:\\\/\\\/automotiverevista.pt\\\/\"},{\"@type\":\"ListItem\",\"position\":2,\"name\":\"MSC Cruzeiros abres vendas para o World Cruise 2025&nbsp;\"}]},{\"@type\":\"WebSite\",\"@id\":\"https:\\\/\\\/automotiverevista.pt\\\/#website\",\"url\":\"https:\\\/\\\/automotiverevista.pt\\\/\",\"name\":\"Revista Automotive\",\"description\":\"Revista Automotive Portugal\",\"publisher\":{\"@id\":\"https:\\\/\\\/automotiverevista.pt\\\/#organization\"},\"potentialAction\":[{\"@type\":\"SearchAction\",\"target\":{\"@type\":\"EntryPoint\",\"urlTemplate\":\"https:\\\/\\\/automotiverevista.pt\\\/?s={search_term_string}\"},\"query-input\":{\"@type\":\"PropertyValueSpecification\",\"valueRequired\":true,\"valueName\":\"search_term_string\"}}],\"inLanguage\":\"pt-PT\"},{\"@type\":\"Organization\",\"@id\":\"https:\\\/\\\/automotiverevista.pt\\\/#organization\",\"name\":\"Revista Automotive Portugal\",\"url\":\"https:\\\/\\\/automotiverevista.pt\\\/\",\"logo\":{\"@type\":\"ImageObject\",\"inLanguage\":\"pt-PT\",\"@id\":\"https:\\\/\\\/automotiverevista.pt\\\/#\\\/schema\\\/logo\\\/image\\\/\",\"url\":\"https:\\\/\\\/automotiverevista.pt\\\/wp-content\\\/uploads\\\/2022\\\/07\\\/Logo-Automotive-2021_500-1.jpg\",\"contentUrl\":\"https:\\\/\\\/automotiverevista.pt\\\/wp-content\\\/uploads\\\/2022\\\/07\\\/Logo-Automotive-2021_500-1.jpg\",\"width\":500,\"height\":160,\"caption\":\"Revista Automotive Portugal\"},\"image\":{\"@id\":\"https:\\\/\\\/automotiverevista.pt\\\/#\\\/schema\\\/logo\\\/image\\\/\"},\"sameAs\":[\"https:\\\/\\\/linkedin.com\\\/in\\\/automotiverevista\"]},{\"@type\":\"Person\",\"@id\":\"https:\\\/\\\/automotiverevista.pt\\\/#\\\/schema\\\/person\\\/d705335f9c428a4a0cae3d11afb2e0ef\",\"name\":\"MiguelMarques\",\"image\":{\"@type\":\"ImageObject\",\"inLanguage\":\"pt-PT\",\"@id\":\"https:\\\/\\\/secure.gravatar.com\\\/avatar\\\/635d1f118671d87c579d5e4f6491bfc0081e3bbddd605eb321931e9c938270b5?s=96&d=mm&r=g\",\"url\":\"https:\\\/\\\/secure.gravatar.com\\\/avatar\\\/635d1f118671d87c579d5e4f6491bfc0081e3bbddd605eb321931e9c938270b5?s=96&d=mm&r=g\",\"contentUrl\":\"https:\\\/\\\/secure.gravatar.com\\\/avatar\\\/635d1f118671d87c579d5e4f6491bfc0081e3bbddd605eb321931e9c938270b5?s=96&d=mm&r=g\",\"caption\":\"MiguelMarques\"},\"url\":\"https:\\\/\\\/automotiverevista.pt\\\/index.php\\\/author\\\/miguelmarques\\\/\"}]}<\/script>\n<!-- \/ Yoast SEO Premium plugin. -->","yoast_head_json":{"title":"MSC Cruzeiros abres vendas para o World Cruise 2025&nbsp; - Revista Automotive","robots":{"index":"index","follow":"follow","max-snippet":"max-snippet:-1","max-image-preview":"max-image-preview:large","max-video-preview":"max-video-preview:-1"},"canonical":"https:\/\/automotiverevista.pt\/index.php\/2023\/03\/24\/msc-cruzeiros-abres-vendas-para-o-world-cruise-2025\/","og_locale":"pt_PT","og_type":"article","og_title":"MSC Cruzeiros abres vendas para o World Cruise 2025&nbsp;","og_description":"A MSC Cruzeiros abriu as vendas para o MSC World Cruise 2025 com um itiner\u00e1rio inteiramente novo a bordo do MSC Magnifica. Os passageiros podem embarcar nesta viagem \u00fanica de uma vida a partir de quatro portos europeus-Civitavecchia\/Roma, G\u00e9nova, Marselha e Barcelona (nos dias 4,5,6 e 7 de Janeiro de 2025, respetivamente). A viagem de [&hellip;]","og_url":"https:\/\/automotiverevista.pt\/index.php\/2023\/03\/24\/msc-cruzeiros-abres-vendas-para-o-world-cruise-2025\/","og_site_name":"Revista Automotive","article_published_time":"2023-03-24T06:00:00+00:00","og_image":[{"width":1100,"height":825,"url":"https:\/\/automotiverevista.pt\/wp-content\/uploads\/2023\/03\/FotoAbertura-28.jpg","type":"image\/jpeg"}],"author":"MiguelMarques","twitter_card":"summary_large_image","twitter_misc":{"Escrito por":"MiguelMarques","Tempo estimado de leitura":"5 minutos"},"schema":{"@context":"https:\/\/schema.org","@graph":[{"@type":"Article","@id":"https:\/\/automotiverevista.pt\/index.php\/2023\/03\/24\/msc-cruzeiros-abres-vendas-para-o-world-cruise-2025\/#article","isPartOf":{"@id":"https:\/\/automotiverevista.pt\/index.php\/2023\/03\/24\/msc-cruzeiros-abres-vendas-para-o-world-cruise-2025\/"},"author":{"name":"MiguelMarques","@id":"https:\/\/automotiverevista.pt\/#\/schema\/person\/d705335f9c428a4a0cae3d11afb2e0ef"},"headline":"MSC Cruzeiros abres vendas para o World Cruise 2025&nbsp;","datePublished":"2023-03-24T06:00:00+00:00","mainEntityOfPage":{"@id":"https:\/\/automotiverevista.pt\/index.php\/2023\/03\/24\/msc-cruzeiros-abres-vendas-para-o-world-cruise-2025\/"},"wordCount":766,"publisher":{"@id":"https:\/\/automotiverevista.pt\/#organization"},"image":{"@id":"https:\/\/automotiverevista.pt\/index.php\/2023\/03\/24\/msc-cruzeiros-abres-vendas-para-o-world-cruise-2025\/#primaryimage"},"thumbnailUrl":"https:\/\/automotiverevista.pt\/wp-content\/uploads\/2023\/03\/FotoAbertura-28.jpg","articleSection":["Coffee Break"],"inLanguage":"pt-PT"},{"@type":"WebPage","@id":"https:\/\/automotiverevista.pt\/index.php\/2023\/03\/24\/msc-cruzeiros-abres-vendas-para-o-world-cruise-2025\/","url":"https:\/\/automotiverevista.pt\/index.php\/2023\/03\/24\/msc-cruzeiros-abres-vendas-para-o-world-cruise-2025\/","name":"MSC Cruzeiros abres vendas para o World Cruise 2025&nbsp; - Revista Automotive","isPartOf":{"@id":"https:\/\/automotiverevista.pt\/#website"},"primaryImageOfPage":{"@id":"https:\/\/automotiverevista.pt\/index.php\/2023\/03\/24\/msc-cruzeiros-abres-vendas-para-o-world-cruise-2025\/#primaryimage"},"image":{"@id":"https:\/\/automotiverevista.pt\/index.php\/2023\/03\/24\/msc-cruzeiros-abres-vendas-para-o-world-cruise-2025\/#primaryimage"},"thumbnailUrl":"https:\/\/automotiverevista.pt\/wp-content\/uploads\/2023\/03\/FotoAbertura-28.jpg","datePublished":"2023-03-24T06:00:00+00:00","breadcrumb":{"@id":"https:\/\/automotiverevista.pt\/index.php\/2023\/03\/24\/msc-cruzeiros-abres-vendas-para-o-world-cruise-2025\/#breadcrumb"},"inLanguage":"pt-PT","potentialAction":[{"@type":"ReadAction","target":["https:\/\/automotiverevista.pt\/index.php\/2023\/03\/24\/msc-cruzeiros-abres-vendas-para-o-world-cruise-2025\/"]}]},{"@type":"ImageObject","inLanguage":"pt-PT","@id":"https:\/\/automotiverevista.pt\/index.php\/2023\/03\/24\/msc-cruzeiros-abres-vendas-para-o-world-cruise-2025\/#primaryimage","url":"https:\/\/automotiverevista.pt\/wp-content\/uploads\/2023\/03\/FotoAbertura-28.jpg","contentUrl":"https:\/\/automotiverevista.pt\/wp-content\/uploads\/2023\/03\/FotoAbertura-28.jpg","width":1100,"height":825,"caption":"MSC Euribia"},{"@type":"BreadcrumbList","@id":"https:\/\/automotiverevista.pt\/index.php\/2023\/03\/24\/msc-cruzeiros-abres-vendas-para-o-world-cruise-2025\/#breadcrumb","itemListElement":[{"@type":"ListItem","position":1,"name":"Home","item":"https:\/\/automotiverevista.pt\/"},{"@type":"ListItem","position":2,"name":"MSC Cruzeiros abres vendas para o World Cruise 2025&nbsp;"}]},{"@type":"WebSite","@id":"https:\/\/automotiverevista.pt\/#website","url":"https:\/\/automotiverevista.pt\/","name":"Revista Automotive","description":"Revista Automotive Portugal","publisher":{"@id":"https:\/\/automotiverevista.pt\/#organization"},"potentialAction":[{"@type":"SearchAction","target":{"@type":"EntryPoint","urlTemplate":"https:\/\/automotiverevista.pt\/?s={search_term_string}"},"query-input":{"@type":"PropertyValueSpecification","valueRequired":true,"valueName":"search_term_string"}}],"inLanguage":"pt-PT"},{"@type":"Organization","@id":"https:\/\/automotiverevista.pt\/#organization","name":"Revista Automotive Portugal","url":"https:\/\/automotiverevista.pt\/","logo":{"@type":"ImageObject","inLanguage":"pt-PT","@id":"https:\/\/automotiverevista.pt\/#\/schema\/logo\/image\/","url":"https:\/\/automotiverevista.pt\/wp-content\/uploads\/2022\/07\/Logo-Automotive-2021_500-1.jpg","contentUrl":"https:\/\/automotiverevista.pt\/wp-content\/uploads\/2022\/07\/Logo-Automotive-2021_500-1.jpg","width":500,"height":160,"caption":"Revista Automotive Portugal"},"image":{"@id":"https:\/\/automotiverevista.pt\/#\/schema\/logo\/image\/"},"sameAs":["https:\/\/linkedin.com\/in\/automotiverevista"]},{"@type":"Person","@id":"https:\/\/automotiverevista.pt\/#\/schema\/person\/d705335f9c428a4a0cae3d11afb2e0ef","name":"MiguelMarques","image":{"@type":"ImageObject","inLanguage":"pt-PT","@id":"https:\/\/secure.gravatar.com\/avatar\/635d1f118671d87c579d5e4f6491bfc0081e3bbddd605eb321931e9c938270b5?s=96&d=mm&r=g","url":"https:\/\/secure.gravatar.com\/avatar\/635d1f118671d87c579d5e4f6491bfc0081e3bbddd605eb321931e9c938270b5?s=96&d=mm&r=g","contentUrl":"https:\/\/secure.gravatar.com\/avatar\/635d1f118671d87c579d5e4f6491bfc0081e3bbddd605eb321931e9c938270b5?s=96&d=mm&r=g","caption":"MiguelMarques"},"url":"https:\/\/automotiverevista.pt\/index.php\/author\/miguelmarques\/"}]}},"_links":{"self":[{"href":"https:\/\/automotiverevista.pt\/index.php\/wp-json\/wp\/v2\/posts\/2541","targetHints":{"allow":["GET"]}}],"collection":[{"href":"https:\/\/automotiverevista.pt\/index.php\/wp-json\/wp\/v2\/posts"}],"about":[{"href":"https:\/\/automotiverevista.pt\/index.php\/wp-json\/wp\/v2\/types\/post"}],"author":[{"embeddable":true,"href":"https:\/\/automotiverevista.pt\/index.php\/wp-json\/wp\/v2\/users\/3"}],"replies":[{"embeddable":true,"href":"https:\/\/automotiverevista.pt\/index.php\/wp-json\/wp\/v2\/comments?post=2541"}],"version-history":[{"count":1,"href":"https:\/\/automotiverevista.pt\/index.php\/wp-json\/wp\/v2\/posts\/2541\/revisions"}],"predecessor-version":[{"id":2544,"href":"https:\/\/automotiverevista.pt\/index.php\/wp-json\/wp\/v2\/posts\/2541\/revisions\/2544"}],"wp:featuredmedia":[{"embeddable":true,"href":"https:\/\/automotiverevista.pt\/index.php\/wp-json\/wp\/v2\/media\/2542"}],"wp:attachment":[{"href":"https:\/\/automotiverevista.pt\/index.php\/wp-json\/wp\/v2\/media?parent=2541"}],"wp:term":[{"taxonomy":"category","embeddable":true,"href":"https:\/\/automotiverevista.pt\/index.php\/wp-json\/wp\/v2\/categories?post=2541"},{"taxonomy":"post_tag","embeddable":true,"href":"https:\/\/automotiverevista.pt\/index.php\/wp-json\/wp\/v2\/tags?post=2541"}],"curies":[{"name":"wp","href":"https:\/\/api.w.org\/{rel}","templated":true}]}}