{"id":258,"date":"2022-05-30T09:24:00","date_gmt":"2022-05-30T09:24:00","guid":{"rendered":"https:\/\/automotiverevista.pt\/?p=258"},"modified":"2022-07-08T09:25:50","modified_gmt":"2022-07-08T09:25:50","slug":"s-jose-pneus-investimento-em-novo-armazem","status":"publish","type":"post","link":"https:\/\/automotiverevista.pt\/index.php\/2022\/05\/30\/s-jose-pneus-investimento-em-novo-armazem\/","title":{"rendered":"S. Jos\u00e9 Pneus \u2013 investimento em novo armaz\u00e9m"},"content":{"rendered":"\n<p>A S. Jos\u00e9 Pneus, importador da BKT para a Pen\u00ednsula Ib\u00e9rica, anunciou a constru\u00e7\u00e3o de uma nova nave de armaz\u00e9m com mais 5.000 m2, ampliando para 32.000 m2 as suas instala\u00e7\u00f5es, localizadas na Zona Industrial de Cantanhede.<\/p>\n\n\n\n<p>O objetivo, segundo a dire\u00e7\u00e3o da empresa, \u201cser\u00e1 o de continuar a suportar um aumento de stock, nomeadamente em pneus agr\u00edcolas, de modo a poder garantir o fornecimento de pneus \u00e0s m\u00e1quinas agr\u00edcolas, beneficiando assim os agricultores seja na sementeira, seja na fase da colheita\u201d.<\/p>\n\n\n\n<p>Num contexto de incerteza econ\u00f3mica mundial, a agricultura na Europa tornou-se um eixo fundamental na necessidade de aumentar os \u00edndices de autonomia alimentar. Neste aspeto a Pen\u00ednsula Ib\u00e9rica tem uma fun\u00e7\u00e3o importante, mercado onde a tem uma importante presen\u00e7a na distribui\u00e7\u00e3o de pneus agr\u00edcolas.<\/p>\n\n\n\n<p><strong>Din\u00e2mica BKT<\/strong><\/p>\n\n\n\n<p>Durante os 2 anos de pandemia, a S. Jos\u00e9 Pneus esteve sempre ativa e, atrav\u00e9s dos seus distribuidores regionais em Espanha, conseguiu manter uma regular entrega de pneus agr\u00edcolas aos agricultores ib\u00e9ricos, com destaque para a gama de pneus BKT.<\/p>\n\n\n\n<p>Agora, o substancial investimento na expans\u00e3o da \u00e1rea do armaz\u00e9m central BKT na pen\u00ednsula ib\u00e9rica, ir\u00e1 permitir manter o elevado n\u00edvel de fornecimentos de pneus aos seus distribuidores em Espanha e, estes, \u00e0s oficinas e utilizadores, em cada uma das suas regi\u00f5es de distribui\u00e7\u00e3o.<\/p>\n\n\n\n<p>\u201cEm tudo isto \u00e9 fundamental o apoio que a marca BKT tem dado ao nosso projeto, mantendo um bom n\u00edvel de entregas e carregamento de contentores, servi\u00e7o que ser\u00e1 refor\u00e7ado em breve com as novas f\u00e1bricas j\u00e1 a produzir.<\/p>\n\n\n\n<p>A estrat\u00e9gia da BKT tem sido a de se manter como marca independente, investindo para aumentar a dimens\u00e3o das suas f\u00e1bricas e, consequentemente, a sua produ\u00e7\u00e3o e assim crescer organicamente\u201d, destaca a dire\u00e7\u00e3o da S. Jos\u00e9 Pneus.<\/p>\n","protected":false},"excerpt":{"rendered":"<p>A S. Jos\u00e9 Pneus, importador da BKT para a Pen\u00ednsula Ib\u00e9rica, anunciou a constru\u00e7\u00e3o de uma nova nave de armaz\u00e9m com mais 5.000 m2, ampliando para 32.000 m2 as suas instala\u00e7\u00f5es, localizadas na Zona Industrial de Cantanhede. O objetivo, segundo a dire\u00e7\u00e3o da empresa, \u201cser\u00e1 o de continuar a suportar um aumento de stock, nomeadamente [&hellip;]<\/p>\n","protected":false},"author":1,"featured_media":259,"comment_status":"closed","ping_status":"open","sticky":false,"template":"","format":"standard","meta":{"jnews-multi-image_gallery":[],"jnews_single_post":{"subtitle":"","format":"standard","video":"","gallery":"","source_name":"","source_url":"","via_name":"","via_url":"","override_template":"0","override":[{"template":"2","single_blog_custom":"","parallax":"1","fullscreen":"1","layout":"right-sidebar","sidebar":"default-sidebar","second_sidebar":"default-sidebar","sticky_sidebar":"1","share_position":"topbottom","share_float_style":"share-monocrhome","show_share_counter":"0","show_view_counter":"0","show_featured":"1","show_post_meta":"1","show_post_author":"0","show_post_author_image":"1","show_post_date":"1","post_date_format":"default","post_date_format_custom":"Y\/m\/d","show_post_category":"1","show_post_reading_time":"0","post_reading_time_wpm":"300","show_zoom_button":"0","zoom_button_out_step":"2","zoom_button_in_step":"3","show_post_tag":"1","show_prev_next_post":"0","show_popup_post":"1","number_popup_post":"1","show_author_box":"0","show_post_related":"1","show_inline_post_related":"1"}],"override_image_size":"0","image_override":[{"single_post_thumbnail_size":"crop-500","single_post_gallery_size":"crop-500"}],"trending_post":"0","trending_post_position":"meta","trending_post_label":"Trending","sponsored_post":"0","sponsored_post_label":"Sponsored by","sponsored_post_name":"","sponsored_post_url":"","sponsored_post_logo_enable":"0","sponsored_post_logo":"","sponsored_post_desc":"","disable_ad":"0"},"jnews_primary_category":{"id":""},"footnotes":""},"categories":[23,25,21],"tags":[],"class_list":["post-258","post","type-post","status-publish","format-standard","has-post-thumbnail","hentry","category-frotas","category-pesados-e-maquinas","category-pos-venda"],"yoast_head":"<!-- This site is optimized with the Yoast SEO Premium plugin v27.2 (Yoast SEO v27.5) - https:\/\/yoast.com\/product\/yoast-seo-premium-wordpress\/ -->\n<title>S. Jos\u00e9 Pneus \u2013 investimento em novo armaz\u00e9m - Revista Automotive<\/title>\n<meta name=\"robots\" content=\"index, follow, max-snippet:-1, max-image-preview:large, max-video-preview:-1\" \/>\n<link rel=\"canonical\" href=\"https:\/\/automotiverevista.pt\/index.php\/2022\/05\/30\/s-jose-pneus-investimento-em-novo-armazem\/\" \/>\n<meta property=\"og:locale\" content=\"pt_PT\" \/>\n<meta property=\"og:type\" content=\"article\" \/>\n<meta property=\"og:title\" content=\"S. Jos\u00e9 Pneus \u2013 investimento em novo armaz\u00e9m\" \/>\n<meta property=\"og:description\" content=\"A S. Jos\u00e9 Pneus, importador da BKT para a Pen\u00ednsula Ib\u00e9rica, anunciou a constru\u00e7\u00e3o de uma nova nave de armaz\u00e9m com mais 5.000 m2, ampliando para 32.000 m2 as suas instala\u00e7\u00f5es, localizadas na Zona Industrial de Cantanhede. O objetivo, segundo a dire\u00e7\u00e3o da empresa, \u201cser\u00e1 o de continuar a suportar um aumento de stock, nomeadamente [&hellip;]\" \/>\n<meta property=\"og:url\" content=\"https:\/\/automotiverevista.pt\/index.php\/2022\/05\/30\/s-jose-pneus-investimento-em-novo-armazem\/\" \/>\n<meta property=\"og:site_name\" content=\"Revista Automotive\" \/>\n<meta property=\"article:published_time\" content=\"2022-05-30T09:24:00+00:00\" \/>\n<meta property=\"article:modified_time\" content=\"2022-07-08T09:25:50+00:00\" \/>\n<meta property=\"og:image\" content=\"https:\/\/automotiverevista.pt\/wp-content\/uploads\/2022\/07\/sjp_headquarters.jpg\" \/>\n\t<meta property=\"og:image:width\" content=\"889\" \/>\n\t<meta property=\"og:image:height\" content=\"667\" \/>\n\t<meta property=\"og:image:type\" content=\"image\/jpeg\" \/>\n<meta name=\"author\" content=\"adminNovo\" \/>\n<meta name=\"twitter:card\" content=\"summary_large_image\" \/>\n<meta name=\"twitter:label1\" content=\"Escrito por\" \/>\n\t<meta name=\"twitter:data1\" content=\"adminNovo\" \/>\n\t<meta name=\"twitter:label2\" content=\"Tempo estimado de leitura\" \/>\n\t<meta name=\"twitter:data2\" content=\"2 minutos\" \/>\n<script type=\"application\/ld+json\" class=\"yoast-schema-graph\">{\"@context\":\"https:\\\/\\\/schema.org\",\"@graph\":[{\"@type\":\"Article\",\"@id\":\"https:\\\/\\\/automotiverevista.pt\\\/index.php\\\/2022\\\/05\\\/30\\\/s-jose-pneus-investimento-em-novo-armazem\\\/#article\",\"isPartOf\":{\"@id\":\"https:\\\/\\\/automotiverevista.pt\\\/index.php\\\/2022\\\/05\\\/30\\\/s-jose-pneus-investimento-em-novo-armazem\\\/\"},\"author\":{\"name\":\"adminNovo\",\"@id\":\"https:\\\/\\\/automotiverevista.pt\\\/#\\\/schema\\\/person\\\/1265858bc8c78a0f969de814da8be281\"},\"headline\":\"S. Jos\u00e9 Pneus \u2013 investimento em novo armaz\u00e9m\",\"datePublished\":\"2022-05-30T09:24:00+00:00\",\"dateModified\":\"2022-07-08T09:25:50+00:00\",\"mainEntityOfPage\":{\"@id\":\"https:\\\/\\\/automotiverevista.pt\\\/index.php\\\/2022\\\/05\\\/30\\\/s-jose-pneus-investimento-em-novo-armazem\\\/\"},\"wordCount\":328,\"publisher\":{\"@id\":\"https:\\\/\\\/automotiverevista.pt\\\/#organization\"},\"image\":{\"@id\":\"https:\\\/\\\/automotiverevista.pt\\\/index.php\\\/2022\\\/05\\\/30\\\/s-jose-pneus-investimento-em-novo-armazem\\\/#primaryimage\"},\"thumbnailUrl\":\"https:\\\/\\\/automotiverevista.pt\\\/wp-content\\\/uploads\\\/2022\\\/07\\\/sjp_headquarters.jpg\",\"articleSection\":[\"Frotas\",\"Pesados e M\u00e1quinas\",\"P\u00f3s-Venda\"],\"inLanguage\":\"pt-PT\"},{\"@type\":\"WebPage\",\"@id\":\"https:\\\/\\\/automotiverevista.pt\\\/index.php\\\/2022\\\/05\\\/30\\\/s-jose-pneus-investimento-em-novo-armazem\\\/\",\"url\":\"https:\\\/\\\/automotiverevista.pt\\\/index.php\\\/2022\\\/05\\\/30\\\/s-jose-pneus-investimento-em-novo-armazem\\\/\",\"name\":\"S. Jos\u00e9 Pneus \u2013 investimento em novo armaz\u00e9m - Revista Automotive\",\"isPartOf\":{\"@id\":\"https:\\\/\\\/automotiverevista.pt\\\/#website\"},\"primaryImageOfPage\":{\"@id\":\"https:\\\/\\\/automotiverevista.pt\\\/index.php\\\/2022\\\/05\\\/30\\\/s-jose-pneus-investimento-em-novo-armazem\\\/#primaryimage\"},\"image\":{\"@id\":\"https:\\\/\\\/automotiverevista.pt\\\/index.php\\\/2022\\\/05\\\/30\\\/s-jose-pneus-investimento-em-novo-armazem\\\/#primaryimage\"},\"thumbnailUrl\":\"https:\\\/\\\/automotiverevista.pt\\\/wp-content\\\/uploads\\\/2022\\\/07\\\/sjp_headquarters.jpg\",\"datePublished\":\"2022-05-30T09:24:00+00:00\",\"dateModified\":\"2022-07-08T09:25:50+00:00\",\"breadcrumb\":{\"@id\":\"https:\\\/\\\/automotiverevista.pt\\\/index.php\\\/2022\\\/05\\\/30\\\/s-jose-pneus-investimento-em-novo-armazem\\\/#breadcrumb\"},\"inLanguage\":\"pt-PT\",\"potentialAction\":[{\"@type\":\"ReadAction\",\"target\":[\"https:\\\/\\\/automotiverevista.pt\\\/index.php\\\/2022\\\/05\\\/30\\\/s-jose-pneus-investimento-em-novo-armazem\\\/\"]}]},{\"@type\":\"ImageObject\",\"inLanguage\":\"pt-PT\",\"@id\":\"https:\\\/\\\/automotiverevista.pt\\\/index.php\\\/2022\\\/05\\\/30\\\/s-jose-pneus-investimento-em-novo-armazem\\\/#primaryimage\",\"url\":\"https:\\\/\\\/automotiverevista.pt\\\/wp-content\\\/uploads\\\/2022\\\/07\\\/sjp_headquarters.jpg\",\"contentUrl\":\"https:\\\/\\\/automotiverevista.pt\\\/wp-content\\\/uploads\\\/2022\\\/07\\\/sjp_headquarters.jpg\",\"width\":889,\"height\":667,\"caption\":\"default\"},{\"@type\":\"BreadcrumbList\",\"@id\":\"https:\\\/\\\/automotiverevista.pt\\\/index.php\\\/2022\\\/05\\\/30\\\/s-jose-pneus-investimento-em-novo-armazem\\\/#breadcrumb\",\"itemListElement\":[{\"@type\":\"ListItem\",\"position\":1,\"name\":\"Home\",\"item\":\"https:\\\/\\\/automotiverevista.pt\\\/\"},{\"@type\":\"ListItem\",\"position\":2,\"name\":\"S. Jos\u00e9 Pneus \u2013 investimento em novo armaz\u00e9m\"}]},{\"@type\":\"WebSite\",\"@id\":\"https:\\\/\\\/automotiverevista.pt\\\/#website\",\"url\":\"https:\\\/\\\/automotiverevista.pt\\\/\",\"name\":\"Revista Automotive\",\"description\":\"Revista Automotive Portugal\",\"publisher\":{\"@id\":\"https:\\\/\\\/automotiverevista.pt\\\/#organization\"},\"potentialAction\":[{\"@type\":\"SearchAction\",\"target\":{\"@type\":\"EntryPoint\",\"urlTemplate\":\"https:\\\/\\\/automotiverevista.pt\\\/?s={search_term_string}\"},\"query-input\":{\"@type\":\"PropertyValueSpecification\",\"valueRequired\":true,\"valueName\":\"search_term_string\"}}],\"inLanguage\":\"pt-PT\"},{\"@type\":\"Organization\",\"@id\":\"https:\\\/\\\/automotiverevista.pt\\\/#organization\",\"name\":\"Revista Automotive Portugal\",\"url\":\"https:\\\/\\\/automotiverevista.pt\\\/\",\"logo\":{\"@type\":\"ImageObject\",\"inLanguage\":\"pt-PT\",\"@id\":\"https:\\\/\\\/automotiverevista.pt\\\/#\\\/schema\\\/logo\\\/image\\\/\",\"url\":\"https:\\\/\\\/automotiverevista.pt\\\/wp-content\\\/uploads\\\/2022\\\/07\\\/Logo-Automotive-2021_500-1.jpg\",\"contentUrl\":\"https:\\\/\\\/automotiverevista.pt\\\/wp-content\\\/uploads\\\/2022\\\/07\\\/Logo-Automotive-2021_500-1.jpg\",\"width\":500,\"height\":160,\"caption\":\"Revista Automotive Portugal\"},\"image\":{\"@id\":\"https:\\\/\\\/automotiverevista.pt\\\/#\\\/schema\\\/logo\\\/image\\\/\"},\"sameAs\":[\"https:\\\/\\\/linkedin.com\\\/in\\\/automotiverevista\"]},{\"@type\":\"Person\",\"@id\":\"https:\\\/\\\/automotiverevista.pt\\\/#\\\/schema\\\/person\\\/1265858bc8c78a0f969de814da8be281\",\"name\":\"adminNovo\",\"image\":{\"@type\":\"ImageObject\",\"inLanguage\":\"pt-PT\",\"@id\":\"https:\\\/\\\/secure.gravatar.com\\\/avatar\\\/c606c1288dcc11eb4c709aa5136fdb962583c410f5c23c0b7bf6917c542be355?s=96&d=mm&r=g\",\"url\":\"https:\\\/\\\/secure.gravatar.com\\\/avatar\\\/c606c1288dcc11eb4c709aa5136fdb962583c410f5c23c0b7bf6917c542be355?s=96&d=mm&r=g\",\"contentUrl\":\"https:\\\/\\\/secure.gravatar.com\\\/avatar\\\/c606c1288dcc11eb4c709aa5136fdb962583c410f5c23c0b7bf6917c542be355?s=96&d=mm&r=g\",\"caption\":\"adminNovo\"},\"sameAs\":[\"https:\\\/\\\/automotiverevista.pt\"],\"url\":\"https:\\\/\\\/automotiverevista.pt\\\/index.php\\\/author\\\/adminnovo\\\/\"}]}<\/script>\n<!-- \/ Yoast SEO Premium plugin. -->","yoast_head_json":{"title":"S. Jos\u00e9 Pneus \u2013 investimento em novo armaz\u00e9m - Revista Automotive","robots":{"index":"index","follow":"follow","max-snippet":"max-snippet:-1","max-image-preview":"max-image-preview:large","max-video-preview":"max-video-preview:-1"},"canonical":"https:\/\/automotiverevista.pt\/index.php\/2022\/05\/30\/s-jose-pneus-investimento-em-novo-armazem\/","og_locale":"pt_PT","og_type":"article","og_title":"S. Jos\u00e9 Pneus \u2013 investimento em novo armaz\u00e9m","og_description":"A S. Jos\u00e9 Pneus, importador da BKT para a Pen\u00ednsula Ib\u00e9rica, anunciou a constru\u00e7\u00e3o de uma nova nave de armaz\u00e9m com mais 5.000 m2, ampliando para 32.000 m2 as suas instala\u00e7\u00f5es, localizadas na Zona Industrial de Cantanhede. O objetivo, segundo a dire\u00e7\u00e3o da empresa, \u201cser\u00e1 o de continuar a suportar um aumento de stock, nomeadamente [&hellip;]","og_url":"https:\/\/automotiverevista.pt\/index.php\/2022\/05\/30\/s-jose-pneus-investimento-em-novo-armazem\/","og_site_name":"Revista Automotive","article_published_time":"2022-05-30T09:24:00+00:00","article_modified_time":"2022-07-08T09:25:50+00:00","og_image":[{"width":889,"height":667,"url":"https:\/\/automotiverevista.pt\/wp-content\/uploads\/2022\/07\/sjp_headquarters.jpg","type":"image\/jpeg"}],"author":"adminNovo","twitter_card":"summary_large_image","twitter_misc":{"Escrito por":"adminNovo","Tempo estimado de leitura":"2 minutos"},"schema":{"@context":"https:\/\/schema.org","@graph":[{"@type":"Article","@id":"https:\/\/automotiverevista.pt\/index.php\/2022\/05\/30\/s-jose-pneus-investimento-em-novo-armazem\/#article","isPartOf":{"@id":"https:\/\/automotiverevista.pt\/index.php\/2022\/05\/30\/s-jose-pneus-investimento-em-novo-armazem\/"},"author":{"name":"adminNovo","@id":"https:\/\/automotiverevista.pt\/#\/schema\/person\/1265858bc8c78a0f969de814da8be281"},"headline":"S. Jos\u00e9 Pneus \u2013 investimento em novo armaz\u00e9m","datePublished":"2022-05-30T09:24:00+00:00","dateModified":"2022-07-08T09:25:50+00:00","mainEntityOfPage":{"@id":"https:\/\/automotiverevista.pt\/index.php\/2022\/05\/30\/s-jose-pneus-investimento-em-novo-armazem\/"},"wordCount":328,"publisher":{"@id":"https:\/\/automotiverevista.pt\/#organization"},"image":{"@id":"https:\/\/automotiverevista.pt\/index.php\/2022\/05\/30\/s-jose-pneus-investimento-em-novo-armazem\/#primaryimage"},"thumbnailUrl":"https:\/\/automotiverevista.pt\/wp-content\/uploads\/2022\/07\/sjp_headquarters.jpg","articleSection":["Frotas","Pesados e M\u00e1quinas","P\u00f3s-Venda"],"inLanguage":"pt-PT"},{"@type":"WebPage","@id":"https:\/\/automotiverevista.pt\/index.php\/2022\/05\/30\/s-jose-pneus-investimento-em-novo-armazem\/","url":"https:\/\/automotiverevista.pt\/index.php\/2022\/05\/30\/s-jose-pneus-investimento-em-novo-armazem\/","name":"S. Jos\u00e9 Pneus \u2013 investimento em novo armaz\u00e9m - Revista Automotive","isPartOf":{"@id":"https:\/\/automotiverevista.pt\/#website"},"primaryImageOfPage":{"@id":"https:\/\/automotiverevista.pt\/index.php\/2022\/05\/30\/s-jose-pneus-investimento-em-novo-armazem\/#primaryimage"},"image":{"@id":"https:\/\/automotiverevista.pt\/index.php\/2022\/05\/30\/s-jose-pneus-investimento-em-novo-armazem\/#primaryimage"},"thumbnailUrl":"https:\/\/automotiverevista.pt\/wp-content\/uploads\/2022\/07\/sjp_headquarters.jpg","datePublished":"2022-05-30T09:24:00+00:00","dateModified":"2022-07-08T09:25:50+00:00","breadcrumb":{"@id":"https:\/\/automotiverevista.pt\/index.php\/2022\/05\/30\/s-jose-pneus-investimento-em-novo-armazem\/#breadcrumb"},"inLanguage":"pt-PT","potentialAction":[{"@type":"ReadAction","target":["https:\/\/automotiverevista.pt\/index.php\/2022\/05\/30\/s-jose-pneus-investimento-em-novo-armazem\/"]}]},{"@type":"ImageObject","inLanguage":"pt-PT","@id":"https:\/\/automotiverevista.pt\/index.php\/2022\/05\/30\/s-jose-pneus-investimento-em-novo-armazem\/#primaryimage","url":"https:\/\/automotiverevista.pt\/wp-content\/uploads\/2022\/07\/sjp_headquarters.jpg","contentUrl":"https:\/\/automotiverevista.pt\/wp-content\/uploads\/2022\/07\/sjp_headquarters.jpg","width":889,"height":667,"caption":"default"},{"@type":"BreadcrumbList","@id":"https:\/\/automotiverevista.pt\/index.php\/2022\/05\/30\/s-jose-pneus-investimento-em-novo-armazem\/#breadcrumb","itemListElement":[{"@type":"ListItem","position":1,"name":"Home","item":"https:\/\/automotiverevista.pt\/"},{"@type":"ListItem","position":2,"name":"S. Jos\u00e9 Pneus \u2013 investimento em novo armaz\u00e9m"}]},{"@type":"WebSite","@id":"https:\/\/automotiverevista.pt\/#website","url":"https:\/\/automotiverevista.pt\/","name":"Revista Automotive","description":"Revista Automotive Portugal","publisher":{"@id":"https:\/\/automotiverevista.pt\/#organization"},"potentialAction":[{"@type":"SearchAction","target":{"@type":"EntryPoint","urlTemplate":"https:\/\/automotiverevista.pt\/?s={search_term_string}"},"query-input":{"@type":"PropertyValueSpecification","valueRequired":true,"valueName":"search_term_string"}}],"inLanguage":"pt-PT"},{"@type":"Organization","@id":"https:\/\/automotiverevista.pt\/#organization","name":"Revista Automotive Portugal","url":"https:\/\/automotiverevista.pt\/","logo":{"@type":"ImageObject","inLanguage":"pt-PT","@id":"https:\/\/automotiverevista.pt\/#\/schema\/logo\/image\/","url":"https:\/\/automotiverevista.pt\/wp-content\/uploads\/2022\/07\/Logo-Automotive-2021_500-1.jpg","contentUrl":"https:\/\/automotiverevista.pt\/wp-content\/uploads\/2022\/07\/Logo-Automotive-2021_500-1.jpg","width":500,"height":160,"caption":"Revista Automotive Portugal"},"image":{"@id":"https:\/\/automotiverevista.pt\/#\/schema\/logo\/image\/"},"sameAs":["https:\/\/linkedin.com\/in\/automotiverevista"]},{"@type":"Person","@id":"https:\/\/automotiverevista.pt\/#\/schema\/person\/1265858bc8c78a0f969de814da8be281","name":"adminNovo","image":{"@type":"ImageObject","inLanguage":"pt-PT","@id":"https:\/\/secure.gravatar.com\/avatar\/c606c1288dcc11eb4c709aa5136fdb962583c410f5c23c0b7bf6917c542be355?s=96&d=mm&r=g","url":"https:\/\/secure.gravatar.com\/avatar\/c606c1288dcc11eb4c709aa5136fdb962583c410f5c23c0b7bf6917c542be355?s=96&d=mm&r=g","contentUrl":"https:\/\/secure.gravatar.com\/avatar\/c606c1288dcc11eb4c709aa5136fdb962583c410f5c23c0b7bf6917c542be355?s=96&d=mm&r=g","caption":"adminNovo"},"sameAs":["https:\/\/automotiverevista.pt"],"url":"https:\/\/automotiverevista.pt\/index.php\/author\/adminnovo\/"}]}},"_links":{"self":[{"href":"https:\/\/automotiverevista.pt\/index.php\/wp-json\/wp\/v2\/posts\/258","targetHints":{"allow":["GET"]}}],"collection":[{"href":"https:\/\/automotiverevista.pt\/index.php\/wp-json\/wp\/v2\/posts"}],"about":[{"href":"https:\/\/automotiverevista.pt\/index.php\/wp-json\/wp\/v2\/types\/post"}],"author":[{"embeddable":true,"href":"https:\/\/automotiverevista.pt\/index.php\/wp-json\/wp\/v2\/users\/1"}],"replies":[{"embeddable":true,"href":"https:\/\/automotiverevista.pt\/index.php\/wp-json\/wp\/v2\/comments?post=258"}],"version-history":[{"count":1,"href":"https:\/\/automotiverevista.pt\/index.php\/wp-json\/wp\/v2\/posts\/258\/revisions"}],"predecessor-version":[{"id":260,"href":"https:\/\/automotiverevista.pt\/index.php\/wp-json\/wp\/v2\/posts\/258\/revisions\/260"}],"wp:featuredmedia":[{"embeddable":true,"href":"https:\/\/automotiverevista.pt\/index.php\/wp-json\/wp\/v2\/media\/259"}],"wp:attachment":[{"href":"https:\/\/automotiverevista.pt\/index.php\/wp-json\/wp\/v2\/media?parent=258"}],"wp:term":[{"taxonomy":"category","embeddable":true,"href":"https:\/\/automotiverevista.pt\/index.php\/wp-json\/wp\/v2\/categories?post=258"},{"taxonomy":"post_tag","embeddable":true,"href":"https:\/\/automotiverevista.pt\/index.php\/wp-json\/wp\/v2\/tags?post=258"}],"curies":[{"name":"wp","href":"https:\/\/api.w.org\/{rel}","templated":true}]}}