{"id":270,"date":"2022-06-02T09:31:00","date_gmt":"2022-06-02T09:31:00","guid":{"rendered":"https:\/\/automotiverevista.pt\/?p=270"},"modified":"2022-07-08T09:33:02","modified_gmt":"2022-07-08T09:33:02","slug":"valeo-ibsg-menos-emissoes-maior-desempenho","status":"publish","type":"post","link":"https:\/\/automotiverevista.pt\/index.php\/2022\/06\/02\/valeo-ibsg-menos-emissoes-maior-desempenho\/","title":{"rendered":"Valeo iBSG \u2013 menos emiss\u00f5es, maior desempenho"},"content":{"rendered":"\n<p>Com seu iBSG 48V (Integrated Belt Starter Generator ou Gerador e motor de arranque integrado por correia), a Valeo enfrenta com determina\u00e7\u00e3o o desafio de aumentar o desempenho dos ve\u00edculos de combust\u00e3o interna, atrav\u00e9s da redu\u00e7\u00e3o do seu consumo de combust\u00edvel. Uma tecnologia destinada a generalizar-se nos pr\u00f3ximos anos e que a marca j\u00e1 disponibiliza para o mercado de p\u00f3s-venda.<\/p>\n\n\n\n<p><strong>Impulsionar o desenvolvimento de ve\u00edculos el\u00e9tricos<\/strong><\/p>\n\n\n\n<p>Com regulamentos europeus e mundiais cada vez mais rigorosos sobre emiss\u00f5es de CO2 e polui\u00e7\u00e3o, e uma mudan\u00e7a cada vez mais evidente dos consumidores para ofertas mais ecol\u00f3gicas, tanto os fabricantes como os fornecedores de equipamento original est\u00e3o a enfrentar a necessidade de desenvolver produtos mais respons\u00e1veis.<\/p>\n\n\n\n<p>A tecnologia Stop-start, pioneira da Valeo com i-StARS em 2010, foi um grande passo em frente. Desde ent\u00e3o, foram estabelecidos desenvolvimentos tecnol\u00f3gicos cada vez mais complexos a fim de reduzir as emiss\u00f5es de CO2, incluindo a tecnologia de 48V que se tornar\u00e1 indispens\u00e1vel nos pr\u00f3ximos anos. Consequentemente, \u00e9 previs\u00edvel que os ve\u00edculos el\u00e9tricos e a tecnologia de 48V sejam utilizadas com maior frequ\u00eancia at\u00e9 2030.<\/p>\n\n\n\n<figure class=\"wp-block-image\"><img decoding=\"async\" src=\"https:\/\/automotiverevista.com\/wp-content\/uploads\/2022\/06\/VS-VES_IBSG_Ambiance-Picture.jpg\" alt=\"\" class=\"wp-image-13445\"\/><\/figure>\n\n\n\n<p><strong>Sistema de desempenho ultraelevado<\/strong><\/p>\n\n\n\n<p>Em 2017, a Valeo come\u00e7ou a fornecer o primeiro equipamento com sistemas iBSG 48V com eletr\u00f3nica integrada. Al\u00e9m de funcionar como alternador e motor de arranque, este sistema executa quatro fun\u00e7\u00f5es adicionais que reduzem o consumo de combust\u00edvel e, portanto, a emiss\u00e3o de CO2 at\u00e9 6%: 1)Recarrega a bateria para ajudar o motor e para fornecer energia aos servi\u00e7os do ve\u00edculo. 2)Assiste o motor quando o ve\u00edculo viaja a uma velocidade constante (em autoestradas, por exemplo) para reduzir o consumo de combust\u00edvel. 3)Fornece apoio adicional ao motor durante a acelera\u00e7\u00e3o. 4) Permite ao ve\u00edculo conduzir curtas dist\u00e2ncias em modo 100% el\u00e9trico.<\/p>\n\n\n\n<p>Fabricado na f\u00e1brica de Valeo em \u00c9taples, localizada no norte de Fran\u00e7a e uma das maiores f\u00e1bricas de m\u00e1quinas el\u00e9tricas da Europa, o sistema iBSG j\u00e1 est\u00e1 instalado em centenas de milhares de ve\u00edculos, incluindo aplica\u00e7\u00f5es de gama asi\u00e1tica, alem\u00e3, brit\u00e2nica e francesa.<\/p>\n","protected":false},"excerpt":{"rendered":"<p>Com seu iBSG 48V (Integrated Belt Starter Generator ou Gerador e motor de arranque integrado por correia), a Valeo enfrenta com determina\u00e7\u00e3o o desafio de aumentar o desempenho dos ve\u00edculos de combust\u00e3o interna, atrav\u00e9s da redu\u00e7\u00e3o do seu consumo de combust\u00edvel. Uma tecnologia destinada a generalizar-se nos pr\u00f3ximos anos e que a marca j\u00e1 disponibiliza [&hellip;]<\/p>\n","protected":false},"author":1,"featured_media":271,"comment_status":"closed","ping_status":"open","sticky":false,"template":"","format":"standard","meta":{"jnews-multi-image_gallery":[],"jnews_single_post":{"subtitle":"","format":"standard","video":"","gallery":"","source_name":"","source_url":"","via_name":"","via_url":"","override_template":"0","override":[{"template":"2","single_blog_custom":"","parallax":"1","fullscreen":"1","layout":"right-sidebar","sidebar":"default-sidebar","second_sidebar":"default-sidebar","sticky_sidebar":"1","share_position":"topbottom","share_float_style":"share-monocrhome","show_share_counter":"0","show_view_counter":"0","show_featured":"1","show_post_meta":"1","show_post_author":"0","show_post_author_image":"1","show_post_date":"1","post_date_format":"default","post_date_format_custom":"Y\/m\/d","show_post_category":"1","show_post_reading_time":"0","post_reading_time_wpm":"300","show_zoom_button":"0","zoom_button_out_step":"2","zoom_button_in_step":"3","show_post_tag":"1","show_prev_next_post":"0","show_popup_post":"1","number_popup_post":"1","show_author_box":"0","show_post_related":"1","show_inline_post_related":"1"}],"override_image_size":"0","image_override":[{"single_post_thumbnail_size":"crop-500","single_post_gallery_size":"crop-500"}],"trending_post":"0","trending_post_position":"meta","trending_post_label":"Trending","sponsored_post":"0","sponsored_post_label":"Sponsored by","sponsored_post_name":"","sponsored_post_url":"","sponsored_post_logo_enable":"0","sponsored_post_logo":"","sponsored_post_desc":"","disable_ad":"0"},"jnews_primary_category":{"id":""},"footnotes":""},"categories":[21],"tags":[55,54,56],"class_list":["post-270","post","type-post","status-publish","format-standard","has-post-thumbnail","hentry","category-pos-venda","tag-48v","tag-eletricos","tag-valeo"],"yoast_head":"<!-- This site is optimized with the Yoast SEO Premium plugin v27.2 (Yoast SEO v27.5) - https:\/\/yoast.com\/product\/yoast-seo-premium-wordpress\/ -->\n<title>Valeo iBSG \u2013 menos emiss\u00f5es, maior desempenho - Revista Automotive<\/title>\n<meta name=\"robots\" content=\"index, follow, max-snippet:-1, max-image-preview:large, max-video-preview:-1\" \/>\n<link rel=\"canonical\" href=\"https:\/\/automotiverevista.pt\/index.php\/2022\/06\/02\/valeo-ibsg-menos-emissoes-maior-desempenho\/\" \/>\n<meta property=\"og:locale\" content=\"pt_PT\" \/>\n<meta property=\"og:type\" content=\"article\" \/>\n<meta property=\"og:title\" content=\"Valeo iBSG \u2013 menos emiss\u00f5es, maior desempenho\" \/>\n<meta property=\"og:description\" content=\"Com seu iBSG 48V (Integrated Belt Starter Generator ou Gerador e motor de arranque integrado por correia), a Valeo enfrenta com determina\u00e7\u00e3o o desafio de aumentar o desempenho dos ve\u00edculos de combust\u00e3o interna, atrav\u00e9s da redu\u00e7\u00e3o do seu consumo de combust\u00edvel. Uma tecnologia destinada a generalizar-se nos pr\u00f3ximos anos e que a marca j\u00e1 disponibiliza [&hellip;]\" \/>\n<meta property=\"og:url\" content=\"https:\/\/automotiverevista.pt\/index.php\/2022\/06\/02\/valeo-ibsg-menos-emissoes-maior-desempenho\/\" \/>\n<meta property=\"og:site_name\" content=\"Revista Automotive\" \/>\n<meta property=\"article:published_time\" content=\"2022-06-02T09:31:00+00:00\" \/>\n<meta property=\"article:modified_time\" content=\"2022-07-08T09:33:02+00:00\" \/>\n<meta property=\"og:image\" content=\"https:\/\/automotiverevista.pt\/wp-content\/uploads\/2022\/07\/Valeo.jpg\" \/>\n\t<meta property=\"og:image:width\" content=\"801\" \/>\n\t<meta property=\"og:image:height\" content=\"421\" \/>\n\t<meta property=\"og:image:type\" content=\"image\/jpeg\" \/>\n<meta name=\"author\" content=\"adminNovo\" \/>\n<meta name=\"twitter:card\" content=\"summary_large_image\" \/>\n<meta name=\"twitter:label1\" content=\"Escrito por\" \/>\n\t<meta name=\"twitter:data1\" content=\"adminNovo\" \/>\n\t<meta name=\"twitter:label2\" content=\"Tempo estimado de leitura\" \/>\n\t<meta name=\"twitter:data2\" content=\"2 minutos\" \/>\n<script type=\"application\/ld+json\" class=\"yoast-schema-graph\">{\"@context\":\"https:\\\/\\\/schema.org\",\"@graph\":[{\"@type\":\"Article\",\"@id\":\"https:\\\/\\\/automotiverevista.pt\\\/index.php\\\/2022\\\/06\\\/02\\\/valeo-ibsg-menos-emissoes-maior-desempenho\\\/#article\",\"isPartOf\":{\"@id\":\"https:\\\/\\\/automotiverevista.pt\\\/index.php\\\/2022\\\/06\\\/02\\\/valeo-ibsg-menos-emissoes-maior-desempenho\\\/\"},\"author\":{\"name\":\"adminNovo\",\"@id\":\"https:\\\/\\\/automotiverevista.pt\\\/#\\\/schema\\\/person\\\/1265858bc8c78a0f969de814da8be281\"},\"headline\":\"Valeo iBSG \u2013 menos emiss\u00f5es, maior desempenho\",\"datePublished\":\"2022-06-02T09:31:00+00:00\",\"dateModified\":\"2022-07-08T09:33:02+00:00\",\"mainEntityOfPage\":{\"@id\":\"https:\\\/\\\/automotiverevista.pt\\\/index.php\\\/2022\\\/06\\\/02\\\/valeo-ibsg-menos-emissoes-maior-desempenho\\\/\"},\"wordCount\":374,\"publisher\":{\"@id\":\"https:\\\/\\\/automotiverevista.pt\\\/#organization\"},\"image\":{\"@id\":\"https:\\\/\\\/automotiverevista.pt\\\/index.php\\\/2022\\\/06\\\/02\\\/valeo-ibsg-menos-emissoes-maior-desempenho\\\/#primaryimage\"},\"thumbnailUrl\":\"https:\\\/\\\/automotiverevista.pt\\\/wp-content\\\/uploads\\\/2022\\\/07\\\/Valeo.jpg\",\"keywords\":[\"48v\",\"el\u00e9tricos\",\"Valeo\"],\"articleSection\":[\"P\u00f3s-Venda\"],\"inLanguage\":\"pt-PT\"},{\"@type\":\"WebPage\",\"@id\":\"https:\\\/\\\/automotiverevista.pt\\\/index.php\\\/2022\\\/06\\\/02\\\/valeo-ibsg-menos-emissoes-maior-desempenho\\\/\",\"url\":\"https:\\\/\\\/automotiverevista.pt\\\/index.php\\\/2022\\\/06\\\/02\\\/valeo-ibsg-menos-emissoes-maior-desempenho\\\/\",\"name\":\"Valeo iBSG \u2013 menos emiss\u00f5es, maior desempenho - Revista Automotive\",\"isPartOf\":{\"@id\":\"https:\\\/\\\/automotiverevista.pt\\\/#website\"},\"primaryImageOfPage\":{\"@id\":\"https:\\\/\\\/automotiverevista.pt\\\/index.php\\\/2022\\\/06\\\/02\\\/valeo-ibsg-menos-emissoes-maior-desempenho\\\/#primaryimage\"},\"image\":{\"@id\":\"https:\\\/\\\/automotiverevista.pt\\\/index.php\\\/2022\\\/06\\\/02\\\/valeo-ibsg-menos-emissoes-maior-desempenho\\\/#primaryimage\"},\"thumbnailUrl\":\"https:\\\/\\\/automotiverevista.pt\\\/wp-content\\\/uploads\\\/2022\\\/07\\\/Valeo.jpg\",\"datePublished\":\"2022-06-02T09:31:00+00:00\",\"dateModified\":\"2022-07-08T09:33:02+00:00\",\"breadcrumb\":{\"@id\":\"https:\\\/\\\/automotiverevista.pt\\\/index.php\\\/2022\\\/06\\\/02\\\/valeo-ibsg-menos-emissoes-maior-desempenho\\\/#breadcrumb\"},\"inLanguage\":\"pt-PT\",\"potentialAction\":[{\"@type\":\"ReadAction\",\"target\":[\"https:\\\/\\\/automotiverevista.pt\\\/index.php\\\/2022\\\/06\\\/02\\\/valeo-ibsg-menos-emissoes-maior-desempenho\\\/\"]}]},{\"@type\":\"ImageObject\",\"inLanguage\":\"pt-PT\",\"@id\":\"https:\\\/\\\/automotiverevista.pt\\\/index.php\\\/2022\\\/06\\\/02\\\/valeo-ibsg-menos-emissoes-maior-desempenho\\\/#primaryimage\",\"url\":\"https:\\\/\\\/automotiverevista.pt\\\/wp-content\\\/uploads\\\/2022\\\/07\\\/Valeo.jpg\",\"contentUrl\":\"https:\\\/\\\/automotiverevista.pt\\\/wp-content\\\/uploads\\\/2022\\\/07\\\/Valeo.jpg\",\"width\":801,\"height\":421},{\"@type\":\"BreadcrumbList\",\"@id\":\"https:\\\/\\\/automotiverevista.pt\\\/index.php\\\/2022\\\/06\\\/02\\\/valeo-ibsg-menos-emissoes-maior-desempenho\\\/#breadcrumb\",\"itemListElement\":[{\"@type\":\"ListItem\",\"position\":1,\"name\":\"Home\",\"item\":\"https:\\\/\\\/automotiverevista.pt\\\/\"},{\"@type\":\"ListItem\",\"position\":2,\"name\":\"Valeo iBSG \u2013 menos emiss\u00f5es, maior desempenho\"}]},{\"@type\":\"WebSite\",\"@id\":\"https:\\\/\\\/automotiverevista.pt\\\/#website\",\"url\":\"https:\\\/\\\/automotiverevista.pt\\\/\",\"name\":\"Revista Automotive\",\"description\":\"Revista Automotive Portugal\",\"publisher\":{\"@id\":\"https:\\\/\\\/automotiverevista.pt\\\/#organization\"},\"potentialAction\":[{\"@type\":\"SearchAction\",\"target\":{\"@type\":\"EntryPoint\",\"urlTemplate\":\"https:\\\/\\\/automotiverevista.pt\\\/?s={search_term_string}\"},\"query-input\":{\"@type\":\"PropertyValueSpecification\",\"valueRequired\":true,\"valueName\":\"search_term_string\"}}],\"inLanguage\":\"pt-PT\"},{\"@type\":\"Organization\",\"@id\":\"https:\\\/\\\/automotiverevista.pt\\\/#organization\",\"name\":\"Revista Automotive Portugal\",\"url\":\"https:\\\/\\\/automotiverevista.pt\\\/\",\"logo\":{\"@type\":\"ImageObject\",\"inLanguage\":\"pt-PT\",\"@id\":\"https:\\\/\\\/automotiverevista.pt\\\/#\\\/schema\\\/logo\\\/image\\\/\",\"url\":\"https:\\\/\\\/automotiverevista.pt\\\/wp-content\\\/uploads\\\/2022\\\/07\\\/Logo-Automotive-2021_500-1.jpg\",\"contentUrl\":\"https:\\\/\\\/automotiverevista.pt\\\/wp-content\\\/uploads\\\/2022\\\/07\\\/Logo-Automotive-2021_500-1.jpg\",\"width\":500,\"height\":160,\"caption\":\"Revista Automotive Portugal\"},\"image\":{\"@id\":\"https:\\\/\\\/automotiverevista.pt\\\/#\\\/schema\\\/logo\\\/image\\\/\"},\"sameAs\":[\"https:\\\/\\\/linkedin.com\\\/in\\\/automotiverevista\"]},{\"@type\":\"Person\",\"@id\":\"https:\\\/\\\/automotiverevista.pt\\\/#\\\/schema\\\/person\\\/1265858bc8c78a0f969de814da8be281\",\"name\":\"adminNovo\",\"image\":{\"@type\":\"ImageObject\",\"inLanguage\":\"pt-PT\",\"@id\":\"https:\\\/\\\/secure.gravatar.com\\\/avatar\\\/c606c1288dcc11eb4c709aa5136fdb962583c410f5c23c0b7bf6917c542be355?s=96&d=mm&r=g\",\"url\":\"https:\\\/\\\/secure.gravatar.com\\\/avatar\\\/c606c1288dcc11eb4c709aa5136fdb962583c410f5c23c0b7bf6917c542be355?s=96&d=mm&r=g\",\"contentUrl\":\"https:\\\/\\\/secure.gravatar.com\\\/avatar\\\/c606c1288dcc11eb4c709aa5136fdb962583c410f5c23c0b7bf6917c542be355?s=96&d=mm&r=g\",\"caption\":\"adminNovo\"},\"sameAs\":[\"https:\\\/\\\/automotiverevista.pt\"],\"url\":\"https:\\\/\\\/automotiverevista.pt\\\/index.php\\\/author\\\/adminnovo\\\/\"}]}<\/script>\n<!-- \/ Yoast SEO Premium plugin. -->","yoast_head_json":{"title":"Valeo iBSG \u2013 menos emiss\u00f5es, maior desempenho - Revista Automotive","robots":{"index":"index","follow":"follow","max-snippet":"max-snippet:-1","max-image-preview":"max-image-preview:large","max-video-preview":"max-video-preview:-1"},"canonical":"https:\/\/automotiverevista.pt\/index.php\/2022\/06\/02\/valeo-ibsg-menos-emissoes-maior-desempenho\/","og_locale":"pt_PT","og_type":"article","og_title":"Valeo iBSG \u2013 menos emiss\u00f5es, maior desempenho","og_description":"Com seu iBSG 48V (Integrated Belt Starter Generator ou Gerador e motor de arranque integrado por correia), a Valeo enfrenta com determina\u00e7\u00e3o o desafio de aumentar o desempenho dos ve\u00edculos de combust\u00e3o interna, atrav\u00e9s da redu\u00e7\u00e3o do seu consumo de combust\u00edvel. Uma tecnologia destinada a generalizar-se nos pr\u00f3ximos anos e que a marca j\u00e1 disponibiliza [&hellip;]","og_url":"https:\/\/automotiverevista.pt\/index.php\/2022\/06\/02\/valeo-ibsg-menos-emissoes-maior-desempenho\/","og_site_name":"Revista Automotive","article_published_time":"2022-06-02T09:31:00+00:00","article_modified_time":"2022-07-08T09:33:02+00:00","og_image":[{"width":801,"height":421,"url":"https:\/\/automotiverevista.pt\/wp-content\/uploads\/2022\/07\/Valeo.jpg","type":"image\/jpeg"}],"author":"adminNovo","twitter_card":"summary_large_image","twitter_misc":{"Escrito por":"adminNovo","Tempo estimado de leitura":"2 minutos"},"schema":{"@context":"https:\/\/schema.org","@graph":[{"@type":"Article","@id":"https:\/\/automotiverevista.pt\/index.php\/2022\/06\/02\/valeo-ibsg-menos-emissoes-maior-desempenho\/#article","isPartOf":{"@id":"https:\/\/automotiverevista.pt\/index.php\/2022\/06\/02\/valeo-ibsg-menos-emissoes-maior-desempenho\/"},"author":{"name":"adminNovo","@id":"https:\/\/automotiverevista.pt\/#\/schema\/person\/1265858bc8c78a0f969de814da8be281"},"headline":"Valeo iBSG \u2013 menos emiss\u00f5es, maior desempenho","datePublished":"2022-06-02T09:31:00+00:00","dateModified":"2022-07-08T09:33:02+00:00","mainEntityOfPage":{"@id":"https:\/\/automotiverevista.pt\/index.php\/2022\/06\/02\/valeo-ibsg-menos-emissoes-maior-desempenho\/"},"wordCount":374,"publisher":{"@id":"https:\/\/automotiverevista.pt\/#organization"},"image":{"@id":"https:\/\/automotiverevista.pt\/index.php\/2022\/06\/02\/valeo-ibsg-menos-emissoes-maior-desempenho\/#primaryimage"},"thumbnailUrl":"https:\/\/automotiverevista.pt\/wp-content\/uploads\/2022\/07\/Valeo.jpg","keywords":["48v","el\u00e9tricos","Valeo"],"articleSection":["P\u00f3s-Venda"],"inLanguage":"pt-PT"},{"@type":"WebPage","@id":"https:\/\/automotiverevista.pt\/index.php\/2022\/06\/02\/valeo-ibsg-menos-emissoes-maior-desempenho\/","url":"https:\/\/automotiverevista.pt\/index.php\/2022\/06\/02\/valeo-ibsg-menos-emissoes-maior-desempenho\/","name":"Valeo iBSG \u2013 menos emiss\u00f5es, maior desempenho - Revista Automotive","isPartOf":{"@id":"https:\/\/automotiverevista.pt\/#website"},"primaryImageOfPage":{"@id":"https:\/\/automotiverevista.pt\/index.php\/2022\/06\/02\/valeo-ibsg-menos-emissoes-maior-desempenho\/#primaryimage"},"image":{"@id":"https:\/\/automotiverevista.pt\/index.php\/2022\/06\/02\/valeo-ibsg-menos-emissoes-maior-desempenho\/#primaryimage"},"thumbnailUrl":"https:\/\/automotiverevista.pt\/wp-content\/uploads\/2022\/07\/Valeo.jpg","datePublished":"2022-06-02T09:31:00+00:00","dateModified":"2022-07-08T09:33:02+00:00","breadcrumb":{"@id":"https:\/\/automotiverevista.pt\/index.php\/2022\/06\/02\/valeo-ibsg-menos-emissoes-maior-desempenho\/#breadcrumb"},"inLanguage":"pt-PT","potentialAction":[{"@type":"ReadAction","target":["https:\/\/automotiverevista.pt\/index.php\/2022\/06\/02\/valeo-ibsg-menos-emissoes-maior-desempenho\/"]}]},{"@type":"ImageObject","inLanguage":"pt-PT","@id":"https:\/\/automotiverevista.pt\/index.php\/2022\/06\/02\/valeo-ibsg-menos-emissoes-maior-desempenho\/#primaryimage","url":"https:\/\/automotiverevista.pt\/wp-content\/uploads\/2022\/07\/Valeo.jpg","contentUrl":"https:\/\/automotiverevista.pt\/wp-content\/uploads\/2022\/07\/Valeo.jpg","width":801,"height":421},{"@type":"BreadcrumbList","@id":"https:\/\/automotiverevista.pt\/index.php\/2022\/06\/02\/valeo-ibsg-menos-emissoes-maior-desempenho\/#breadcrumb","itemListElement":[{"@type":"ListItem","position":1,"name":"Home","item":"https:\/\/automotiverevista.pt\/"},{"@type":"ListItem","position":2,"name":"Valeo iBSG \u2013 menos emiss\u00f5es, maior desempenho"}]},{"@type":"WebSite","@id":"https:\/\/automotiverevista.pt\/#website","url":"https:\/\/automotiverevista.pt\/","name":"Revista Automotive","description":"Revista Automotive Portugal","publisher":{"@id":"https:\/\/automotiverevista.pt\/#organization"},"potentialAction":[{"@type":"SearchAction","target":{"@type":"EntryPoint","urlTemplate":"https:\/\/automotiverevista.pt\/?s={search_term_string}"},"query-input":{"@type":"PropertyValueSpecification","valueRequired":true,"valueName":"search_term_string"}}],"inLanguage":"pt-PT"},{"@type":"Organization","@id":"https:\/\/automotiverevista.pt\/#organization","name":"Revista Automotive Portugal","url":"https:\/\/automotiverevista.pt\/","logo":{"@type":"ImageObject","inLanguage":"pt-PT","@id":"https:\/\/automotiverevista.pt\/#\/schema\/logo\/image\/","url":"https:\/\/automotiverevista.pt\/wp-content\/uploads\/2022\/07\/Logo-Automotive-2021_500-1.jpg","contentUrl":"https:\/\/automotiverevista.pt\/wp-content\/uploads\/2022\/07\/Logo-Automotive-2021_500-1.jpg","width":500,"height":160,"caption":"Revista Automotive Portugal"},"image":{"@id":"https:\/\/automotiverevista.pt\/#\/schema\/logo\/image\/"},"sameAs":["https:\/\/linkedin.com\/in\/automotiverevista"]},{"@type":"Person","@id":"https:\/\/automotiverevista.pt\/#\/schema\/person\/1265858bc8c78a0f969de814da8be281","name":"adminNovo","image":{"@type":"ImageObject","inLanguage":"pt-PT","@id":"https:\/\/secure.gravatar.com\/avatar\/c606c1288dcc11eb4c709aa5136fdb962583c410f5c23c0b7bf6917c542be355?s=96&d=mm&r=g","url":"https:\/\/secure.gravatar.com\/avatar\/c606c1288dcc11eb4c709aa5136fdb962583c410f5c23c0b7bf6917c542be355?s=96&d=mm&r=g","contentUrl":"https:\/\/secure.gravatar.com\/avatar\/c606c1288dcc11eb4c709aa5136fdb962583c410f5c23c0b7bf6917c542be355?s=96&d=mm&r=g","caption":"adminNovo"},"sameAs":["https:\/\/automotiverevista.pt"],"url":"https:\/\/automotiverevista.pt\/index.php\/author\/adminnovo\/"}]}},"_links":{"self":[{"href":"https:\/\/automotiverevista.pt\/index.php\/wp-json\/wp\/v2\/posts\/270","targetHints":{"allow":["GET"]}}],"collection":[{"href":"https:\/\/automotiverevista.pt\/index.php\/wp-json\/wp\/v2\/posts"}],"about":[{"href":"https:\/\/automotiverevista.pt\/index.php\/wp-json\/wp\/v2\/types\/post"}],"author":[{"embeddable":true,"href":"https:\/\/automotiverevista.pt\/index.php\/wp-json\/wp\/v2\/users\/1"}],"replies":[{"embeddable":true,"href":"https:\/\/automotiverevista.pt\/index.php\/wp-json\/wp\/v2\/comments?post=270"}],"version-history":[{"count":1,"href":"https:\/\/automotiverevista.pt\/index.php\/wp-json\/wp\/v2\/posts\/270\/revisions"}],"predecessor-version":[{"id":272,"href":"https:\/\/automotiverevista.pt\/index.php\/wp-json\/wp\/v2\/posts\/270\/revisions\/272"}],"wp:featuredmedia":[{"embeddable":true,"href":"https:\/\/automotiverevista.pt\/index.php\/wp-json\/wp\/v2\/media\/271"}],"wp:attachment":[{"href":"https:\/\/automotiverevista.pt\/index.php\/wp-json\/wp\/v2\/media?parent=270"}],"wp:term":[{"taxonomy":"category","embeddable":true,"href":"https:\/\/automotiverevista.pt\/index.php\/wp-json\/wp\/v2\/categories?post=270"},{"taxonomy":"post_tag","embeddable":true,"href":"https:\/\/automotiverevista.pt\/index.php\/wp-json\/wp\/v2\/tags?post=270"}],"curies":[{"name":"wp","href":"https:\/\/api.w.org\/{rel}","templated":true}]}}