{"id":2834,"date":"2023-05-04T06:00:00","date_gmt":"2023-05-04T06:00:00","guid":{"rendered":"https:\/\/automotiverevista.pt\/?p=2834"},"modified":"2023-04-28T20:30:42","modified_gmt":"2023-04-28T20:30:42","slug":"schmitz-cargobull-revela-sua-nova-fabrica-no-reino-unido","status":"publish","type":"post","link":"https:\/\/automotiverevista.pt\/index.php\/2023\/05\/04\/schmitz-cargobull-revela-sua-nova-fabrica-no-reino-unido\/","title":{"rendered":"Schmitz Cargobull revela sua nova f\u00e1brica no Reino Unido"},"content":{"rendered":"\n<p>Cerca de 200 clientes, dignit\u00e1rios e membros da imprensa se reuniram na f\u00e1brica da Schmitz Cargobull no Reino Unido para comemorar a inaugura\u00e7\u00e3o oficial da f\u00e1brica.<\/p>\n\n\n\n<p>Na instala\u00e7\u00e3o de produ\u00e7\u00e3o em Wythenshawe, Greater Manchester, os reboques foram desenvolvidos especialmente para o Reino Unido e a Irlanda desde o ver\u00e3o de 2021 &#8211; equipados de acordo com os requisitos espec\u00edficos do cliente do mercado. Al\u00e9m da caixa de carga seca S.BO PACE e da cortina lateral S.CS FIXED ROOF, a cortina lateral &#8220;sem pilar&#8221; S.CS FREEPOST agora complementa o portf\u00f3lio de reboques fabricados em Manchester.<\/p>\n\n\n\n<p>&#8220;A Schmitz Cargobull representa confiabilidade e inova\u00e7\u00e3o e garante consistentemente padr\u00f5es de alta qualidade em todo o mundo, desde a configura\u00e7\u00e3o do ve\u00edculo at\u00e9 a entrega do ve\u00edculo ao cliente. A abertura da f\u00e1brica, aqui em Manchester, \u00e9, portanto, um passo importante. A f\u00e1brica junta-se \u00e0 nossa rede de instala\u00e7\u00f5es de produ\u00e7\u00e3o altamente flex\u00edveis, permitindo-nos responder rapidamente \u00e0s exig\u00eancias do mercado local&#8221;, afirma Andreas Schmitz, CEO da Schmitz Cargobull.<\/p>\n\n\n\n<p>&#8220;A nova f\u00e1brica de Manchester nos permite trazer reboques para nossos clientes no Reino Unido e na Irlanda que atendem \u00e0s demandas espec\u00edficas do mercado, oferecendo as solu\u00e7\u00f5es de chassi mais confi\u00e1veis e comprovadas para ajudar a alcan\u00e7ar o melhor custo total de propriedade. Al\u00e9m disso, os custos de transfer\u00eancia, As emiss\u00f5es de CO2 e os tempos de produ\u00e7\u00e3o s\u00e3o minimizados&#8221;, acrescenta Boris Billich, diretor de vendas da Schmitz Cargobull.<\/p>\n\n\n\n<p>A nova instala\u00e7\u00e3o da Schmitz Cargobull no Reino Unido \u00e9 a mais recente de um total de dez locais de produ\u00e7\u00e3o na Alemanha (Altenberge, Vreden, Gotha), Litu\u00e2nia, Espanha, Eslov\u00e1quia, Turquia, Austr\u00e1lia e \u00c1frica do Sul. A \u00e1rea de produ\u00e7\u00e3o de 7.500 m2 em Manchester oferece uma capacidade total de 60<br>unidades por semana em opera\u00e7\u00e3o de turno \u00fanico. O dep\u00f3sito de pe\u00e7as de reposi\u00e7\u00e3o de 1.000 m\u00b2 garante um abastecimento local r\u00e1pido.<\/p>\n\n\n\n\n\n<p>A Schmitz Cargobull emprega um total de 72 pessoas no Reino Unido. A equipe \u00e9 liderada por Paul Avery, diretor administrativo de opera\u00e7\u00f5es, e Colin Maher, que ocupa o cargo de diretor administrativo de vendas e servi\u00e7os desde janeiro de 2023.<\/p>\n\n\n\n<p>\u201cQueremos apoiar as empresas de transporte no Reino Unido e na Irlanda da melhor maneira poss\u00edvel com nossa ampla gama de solu\u00e7\u00f5es de transporte confi\u00e1veis e inovadoras. Isso inclui ve\u00edculos com caracter\u00edsticas espec\u00edficas do mercado, os prazos de entrega mais curtos, um amplo fornecimento de pe\u00e7as de reposi\u00e7\u00e3o 24 horas por dia, 7 dias por semana, bem como nossa gama comprovada de servi\u00e7os, desde financiamento at\u00e9 telem\u00e1tica e vendas de ve\u00edculos usados\u201d, diz Maher. \u201cA introdu\u00e7\u00e3o dos novos semirreboques significa que agora temos nosso portf\u00f3lio de produtos mais forte de todos os tempos no Reino Unido.\u201d<\/p>\n\n\n\n<p>\u201cManchester provou ser o local perfeito para n\u00f3s com sua forte heran\u00e7a industrial\u201d, acrescenta Avery. \u201cJ\u00e1 estamos vendo um influxo significativo na demanda e esperamos que continue a crescer nos pr\u00f3ximos anos.\u201d<\/p>\n","protected":false},"excerpt":{"rendered":"<p>Cerca de 200 clientes, dignit\u00e1rios e membros da imprensa se reuniram na f\u00e1brica da Schmitz Cargobull no Reino Unido para comemorar a inaugura\u00e7\u00e3o oficial da f\u00e1brica. Na instala\u00e7\u00e3o de produ\u00e7\u00e3o em Wythenshawe, Greater Manchester, os reboques foram desenvolvidos especialmente para o Reino Unido e a Irlanda desde o ver\u00e3o de 2021 &#8211; equipados de acordo [&hellip;]<\/p>\n","protected":false},"author":3,"featured_media":2835,"comment_status":"closed","ping_status":"open","sticky":false,"template":"","format":"standard","meta":{"jnews-multi-image_gallery":[],"jnews_single_post":{"subtitle":"","format":"standard","video":"","gallery":"","source_name":"","source_url":"","via_name":"","via_url":"","override_template":"0","override":[{"template":"2","single_blog_custom":"","parallax":"1","fullscreen":"1","layout":"right-sidebar","sidebar":"default-sidebar","second_sidebar":"default-sidebar","sticky_sidebar":"1","share_position":"topbottom","share_float_style":"share-monocrhome","show_share_counter":"0","show_view_counter":"0","show_featured":"1","show_post_meta":"1","show_post_author":"0","show_post_author_image":"1","show_post_date":"1","post_date_format":"default","post_date_format_custom":"Y\/m\/d","show_post_category":"1","show_post_reading_time":"0","post_reading_time_wpm":"300","show_zoom_button":"0","zoom_button_out_step":"2","zoom_button_in_step":"3","show_post_tag":"1","show_prev_next_post":"0","show_popup_post":"1","number_popup_post":"1","show_author_box":"0","show_post_related":"1","show_inline_post_related":"1"}],"override_image_size":"0","image_override":[{"single_post_thumbnail_size":"crop-500","single_post_gallery_size":"crop-500"}],"trending_post":"0","trending_post_position":"meta","trending_post_label":"Trending","sponsored_post":"0","sponsored_post_label":"Sponsored by","sponsored_post_name":"","sponsored_post_url":"","sponsored_post_logo_enable":"0","sponsored_post_logo":"","sponsored_post_desc":"","disable_ad":"0"},"jnews_primary_category":{"id":"","hide":""},"footnotes":""},"categories":[25],"tags":[],"class_list":["post-2834","post","type-post","status-publish","format-standard","has-post-thumbnail","hentry","category-pesados-e-maquinas"],"yoast_head":"<!-- This site is optimized with the Yoast SEO Premium plugin v27.2 (Yoast SEO v27.5) - https:\/\/yoast.com\/product\/yoast-seo-premium-wordpress\/ -->\n<title>Schmitz Cargobull revela sua nova f\u00e1brica no Reino Unido - Revista Automotive<\/title>\n<meta name=\"robots\" content=\"index, follow, max-snippet:-1, max-image-preview:large, max-video-preview:-1\" \/>\n<link rel=\"canonical\" href=\"https:\/\/automotiverevista.pt\/index.php\/2023\/05\/04\/schmitz-cargobull-revela-sua-nova-fabrica-no-reino-unido\/\" \/>\n<meta property=\"og:locale\" content=\"pt_PT\" \/>\n<meta property=\"og:type\" content=\"article\" \/>\n<meta property=\"og:title\" content=\"Schmitz Cargobull revela sua nova f\u00e1brica no Reino Unido\" \/>\n<meta property=\"og:description\" content=\"Cerca de 200 clientes, dignit\u00e1rios e membros da imprensa se reuniram na f\u00e1brica da Schmitz Cargobull no Reino Unido para comemorar a inaugura\u00e7\u00e3o oficial da f\u00e1brica. Na instala\u00e7\u00e3o de produ\u00e7\u00e3o em Wythenshawe, Greater Manchester, os reboques foram desenvolvidos especialmente para o Reino Unido e a Irlanda desde o ver\u00e3o de 2021 &#8211; equipados de acordo [&hellip;]\" \/>\n<meta property=\"og:url\" content=\"https:\/\/automotiverevista.pt\/index.php\/2023\/05\/04\/schmitz-cargobull-revela-sua-nova-fabrica-no-reino-unido\/\" \/>\n<meta property=\"og:site_name\" content=\"Revista Automotive\" \/>\n<meta property=\"article:published_time\" content=\"2023-05-04T06:00:00+00:00\" \/>\n<meta property=\"og:image\" content=\"https:\/\/automotiverevista.pt\/wp-content\/uploads\/2023\/04\/Paul-Avery_Managing-Director-Operations_hr.jpg\" \/>\n\t<meta property=\"og:image:width\" content=\"2480\" \/>\n\t<meta property=\"og:image:height\" content=\"1654\" \/>\n\t<meta property=\"og:image:type\" content=\"image\/jpeg\" \/>\n<meta name=\"author\" content=\"MiguelMarques\" \/>\n<meta name=\"twitter:card\" content=\"summary_large_image\" \/>\n<meta name=\"twitter:label1\" content=\"Escrito por\" \/>\n\t<meta name=\"twitter:data1\" content=\"MiguelMarques\" \/>\n\t<meta name=\"twitter:label2\" content=\"Tempo estimado de leitura\" \/>\n\t<meta name=\"twitter:data2\" content=\"3 minutos\" \/>\n<script type=\"application\/ld+json\" class=\"yoast-schema-graph\">{\"@context\":\"https:\\\/\\\/schema.org\",\"@graph\":[{\"@type\":\"Article\",\"@id\":\"https:\\\/\\\/automotiverevista.pt\\\/index.php\\\/2023\\\/05\\\/04\\\/schmitz-cargobull-revela-sua-nova-fabrica-no-reino-unido\\\/#article\",\"isPartOf\":{\"@id\":\"https:\\\/\\\/automotiverevista.pt\\\/index.php\\\/2023\\\/05\\\/04\\\/schmitz-cargobull-revela-sua-nova-fabrica-no-reino-unido\\\/\"},\"author\":{\"name\":\"MiguelMarques\",\"@id\":\"https:\\\/\\\/automotiverevista.pt\\\/#\\\/schema\\\/person\\\/d705335f9c428a4a0cae3d11afb2e0ef\"},\"headline\":\"Schmitz Cargobull revela sua nova f\u00e1brica no Reino Unido\",\"datePublished\":\"2023-05-04T06:00:00+00:00\",\"mainEntityOfPage\":{\"@id\":\"https:\\\/\\\/automotiverevista.pt\\\/index.php\\\/2023\\\/05\\\/04\\\/schmitz-cargobull-revela-sua-nova-fabrica-no-reino-unido\\\/\"},\"wordCount\":534,\"publisher\":{\"@id\":\"https:\\\/\\\/automotiverevista.pt\\\/#organization\"},\"image\":{\"@id\":\"https:\\\/\\\/automotiverevista.pt\\\/index.php\\\/2023\\\/05\\\/04\\\/schmitz-cargobull-revela-sua-nova-fabrica-no-reino-unido\\\/#primaryimage\"},\"thumbnailUrl\":\"https:\\\/\\\/automotiverevista.pt\\\/wp-content\\\/uploads\\\/2023\\\/04\\\/Paul-Avery_Managing-Director-Operations_hr.jpg\",\"articleSection\":[\"Pesados e M\u00e1quinas\"],\"inLanguage\":\"pt-PT\"},{\"@type\":\"WebPage\",\"@id\":\"https:\\\/\\\/automotiverevista.pt\\\/index.php\\\/2023\\\/05\\\/04\\\/schmitz-cargobull-revela-sua-nova-fabrica-no-reino-unido\\\/\",\"url\":\"https:\\\/\\\/automotiverevista.pt\\\/index.php\\\/2023\\\/05\\\/04\\\/schmitz-cargobull-revela-sua-nova-fabrica-no-reino-unido\\\/\",\"name\":\"Schmitz Cargobull revela sua nova f\u00e1brica no Reino Unido - Revista Automotive\",\"isPartOf\":{\"@id\":\"https:\\\/\\\/automotiverevista.pt\\\/#website\"},\"primaryImageOfPage\":{\"@id\":\"https:\\\/\\\/automotiverevista.pt\\\/index.php\\\/2023\\\/05\\\/04\\\/schmitz-cargobull-revela-sua-nova-fabrica-no-reino-unido\\\/#primaryimage\"},\"image\":{\"@id\":\"https:\\\/\\\/automotiverevista.pt\\\/index.php\\\/2023\\\/05\\\/04\\\/schmitz-cargobull-revela-sua-nova-fabrica-no-reino-unido\\\/#primaryimage\"},\"thumbnailUrl\":\"https:\\\/\\\/automotiverevista.pt\\\/wp-content\\\/uploads\\\/2023\\\/04\\\/Paul-Avery_Managing-Director-Operations_hr.jpg\",\"datePublished\":\"2023-05-04T06:00:00+00:00\",\"breadcrumb\":{\"@id\":\"https:\\\/\\\/automotiverevista.pt\\\/index.php\\\/2023\\\/05\\\/04\\\/schmitz-cargobull-revela-sua-nova-fabrica-no-reino-unido\\\/#breadcrumb\"},\"inLanguage\":\"pt-PT\",\"potentialAction\":[{\"@type\":\"ReadAction\",\"target\":[\"https:\\\/\\\/automotiverevista.pt\\\/index.php\\\/2023\\\/05\\\/04\\\/schmitz-cargobull-revela-sua-nova-fabrica-no-reino-unido\\\/\"]}]},{\"@type\":\"ImageObject\",\"inLanguage\":\"pt-PT\",\"@id\":\"https:\\\/\\\/automotiverevista.pt\\\/index.php\\\/2023\\\/05\\\/04\\\/schmitz-cargobull-revela-sua-nova-fabrica-no-reino-unido\\\/#primaryimage\",\"url\":\"https:\\\/\\\/automotiverevista.pt\\\/wp-content\\\/uploads\\\/2023\\\/04\\\/Paul-Avery_Managing-Director-Operations_hr.jpg\",\"contentUrl\":\"https:\\\/\\\/automotiverevista.pt\\\/wp-content\\\/uploads\\\/2023\\\/04\\\/Paul-Avery_Managing-Director-Operations_hr.jpg\",\"width\":2480,\"height\":1654},{\"@type\":\"BreadcrumbList\",\"@id\":\"https:\\\/\\\/automotiverevista.pt\\\/index.php\\\/2023\\\/05\\\/04\\\/schmitz-cargobull-revela-sua-nova-fabrica-no-reino-unido\\\/#breadcrumb\",\"itemListElement\":[{\"@type\":\"ListItem\",\"position\":1,\"name\":\"Home\",\"item\":\"https:\\\/\\\/automotiverevista.pt\\\/\"},{\"@type\":\"ListItem\",\"position\":2,\"name\":\"Schmitz Cargobull revela sua nova f\u00e1brica no Reino Unido\"}]},{\"@type\":\"WebSite\",\"@id\":\"https:\\\/\\\/automotiverevista.pt\\\/#website\",\"url\":\"https:\\\/\\\/automotiverevista.pt\\\/\",\"name\":\"Revista Automotive\",\"description\":\"Revista Automotive Portugal\",\"publisher\":{\"@id\":\"https:\\\/\\\/automotiverevista.pt\\\/#organization\"},\"potentialAction\":[{\"@type\":\"SearchAction\",\"target\":{\"@type\":\"EntryPoint\",\"urlTemplate\":\"https:\\\/\\\/automotiverevista.pt\\\/?s={search_term_string}\"},\"query-input\":{\"@type\":\"PropertyValueSpecification\",\"valueRequired\":true,\"valueName\":\"search_term_string\"}}],\"inLanguage\":\"pt-PT\"},{\"@type\":\"Organization\",\"@id\":\"https:\\\/\\\/automotiverevista.pt\\\/#organization\",\"name\":\"Revista Automotive Portugal\",\"url\":\"https:\\\/\\\/automotiverevista.pt\\\/\",\"logo\":{\"@type\":\"ImageObject\",\"inLanguage\":\"pt-PT\",\"@id\":\"https:\\\/\\\/automotiverevista.pt\\\/#\\\/schema\\\/logo\\\/image\\\/\",\"url\":\"https:\\\/\\\/automotiverevista.pt\\\/wp-content\\\/uploads\\\/2022\\\/07\\\/Logo-Automotive-2021_500-1.jpg\",\"contentUrl\":\"https:\\\/\\\/automotiverevista.pt\\\/wp-content\\\/uploads\\\/2022\\\/07\\\/Logo-Automotive-2021_500-1.jpg\",\"width\":500,\"height\":160,\"caption\":\"Revista Automotive Portugal\"},\"image\":{\"@id\":\"https:\\\/\\\/automotiverevista.pt\\\/#\\\/schema\\\/logo\\\/image\\\/\"},\"sameAs\":[\"https:\\\/\\\/linkedin.com\\\/in\\\/automotiverevista\"]},{\"@type\":\"Person\",\"@id\":\"https:\\\/\\\/automotiverevista.pt\\\/#\\\/schema\\\/person\\\/d705335f9c428a4a0cae3d11afb2e0ef\",\"name\":\"MiguelMarques\",\"image\":{\"@type\":\"ImageObject\",\"inLanguage\":\"pt-PT\",\"@id\":\"https:\\\/\\\/secure.gravatar.com\\\/avatar\\\/635d1f118671d87c579d5e4f6491bfc0081e3bbddd605eb321931e9c938270b5?s=96&d=mm&r=g\",\"url\":\"https:\\\/\\\/secure.gravatar.com\\\/avatar\\\/635d1f118671d87c579d5e4f6491bfc0081e3bbddd605eb321931e9c938270b5?s=96&d=mm&r=g\",\"contentUrl\":\"https:\\\/\\\/secure.gravatar.com\\\/avatar\\\/635d1f118671d87c579d5e4f6491bfc0081e3bbddd605eb321931e9c938270b5?s=96&d=mm&r=g\",\"caption\":\"MiguelMarques\"},\"url\":\"https:\\\/\\\/automotiverevista.pt\\\/index.php\\\/author\\\/miguelmarques\\\/\"}]}<\/script>\n<!-- \/ Yoast SEO Premium plugin. -->","yoast_head_json":{"title":"Schmitz Cargobull revela sua nova f\u00e1brica no Reino Unido - Revista Automotive","robots":{"index":"index","follow":"follow","max-snippet":"max-snippet:-1","max-image-preview":"max-image-preview:large","max-video-preview":"max-video-preview:-1"},"canonical":"https:\/\/automotiverevista.pt\/index.php\/2023\/05\/04\/schmitz-cargobull-revela-sua-nova-fabrica-no-reino-unido\/","og_locale":"pt_PT","og_type":"article","og_title":"Schmitz Cargobull revela sua nova f\u00e1brica no Reino Unido","og_description":"Cerca de 200 clientes, dignit\u00e1rios e membros da imprensa se reuniram na f\u00e1brica da Schmitz Cargobull no Reino Unido para comemorar a inaugura\u00e7\u00e3o oficial da f\u00e1brica. Na instala\u00e7\u00e3o de produ\u00e7\u00e3o em Wythenshawe, Greater Manchester, os reboques foram desenvolvidos especialmente para o Reino Unido e a Irlanda desde o ver\u00e3o de 2021 &#8211; equipados de acordo [&hellip;]","og_url":"https:\/\/automotiverevista.pt\/index.php\/2023\/05\/04\/schmitz-cargobull-revela-sua-nova-fabrica-no-reino-unido\/","og_site_name":"Revista Automotive","article_published_time":"2023-05-04T06:00:00+00:00","og_image":[{"width":2480,"height":1654,"url":"https:\/\/automotiverevista.pt\/wp-content\/uploads\/2023\/04\/Paul-Avery_Managing-Director-Operations_hr.jpg","type":"image\/jpeg"}],"author":"MiguelMarques","twitter_card":"summary_large_image","twitter_misc":{"Escrito por":"MiguelMarques","Tempo estimado de leitura":"3 minutos"},"schema":{"@context":"https:\/\/schema.org","@graph":[{"@type":"Article","@id":"https:\/\/automotiverevista.pt\/index.php\/2023\/05\/04\/schmitz-cargobull-revela-sua-nova-fabrica-no-reino-unido\/#article","isPartOf":{"@id":"https:\/\/automotiverevista.pt\/index.php\/2023\/05\/04\/schmitz-cargobull-revela-sua-nova-fabrica-no-reino-unido\/"},"author":{"name":"MiguelMarques","@id":"https:\/\/automotiverevista.pt\/#\/schema\/person\/d705335f9c428a4a0cae3d11afb2e0ef"},"headline":"Schmitz Cargobull revela sua nova f\u00e1brica no Reino Unido","datePublished":"2023-05-04T06:00:00+00:00","mainEntityOfPage":{"@id":"https:\/\/automotiverevista.pt\/index.php\/2023\/05\/04\/schmitz-cargobull-revela-sua-nova-fabrica-no-reino-unido\/"},"wordCount":534,"publisher":{"@id":"https:\/\/automotiverevista.pt\/#organization"},"image":{"@id":"https:\/\/automotiverevista.pt\/index.php\/2023\/05\/04\/schmitz-cargobull-revela-sua-nova-fabrica-no-reino-unido\/#primaryimage"},"thumbnailUrl":"https:\/\/automotiverevista.pt\/wp-content\/uploads\/2023\/04\/Paul-Avery_Managing-Director-Operations_hr.jpg","articleSection":["Pesados e M\u00e1quinas"],"inLanguage":"pt-PT"},{"@type":"WebPage","@id":"https:\/\/automotiverevista.pt\/index.php\/2023\/05\/04\/schmitz-cargobull-revela-sua-nova-fabrica-no-reino-unido\/","url":"https:\/\/automotiverevista.pt\/index.php\/2023\/05\/04\/schmitz-cargobull-revela-sua-nova-fabrica-no-reino-unido\/","name":"Schmitz Cargobull revela sua nova f\u00e1brica no Reino Unido - Revista Automotive","isPartOf":{"@id":"https:\/\/automotiverevista.pt\/#website"},"primaryImageOfPage":{"@id":"https:\/\/automotiverevista.pt\/index.php\/2023\/05\/04\/schmitz-cargobull-revela-sua-nova-fabrica-no-reino-unido\/#primaryimage"},"image":{"@id":"https:\/\/automotiverevista.pt\/index.php\/2023\/05\/04\/schmitz-cargobull-revela-sua-nova-fabrica-no-reino-unido\/#primaryimage"},"thumbnailUrl":"https:\/\/automotiverevista.pt\/wp-content\/uploads\/2023\/04\/Paul-Avery_Managing-Director-Operations_hr.jpg","datePublished":"2023-05-04T06:00:00+00:00","breadcrumb":{"@id":"https:\/\/automotiverevista.pt\/index.php\/2023\/05\/04\/schmitz-cargobull-revela-sua-nova-fabrica-no-reino-unido\/#breadcrumb"},"inLanguage":"pt-PT","potentialAction":[{"@type":"ReadAction","target":["https:\/\/automotiverevista.pt\/index.php\/2023\/05\/04\/schmitz-cargobull-revela-sua-nova-fabrica-no-reino-unido\/"]}]},{"@type":"ImageObject","inLanguage":"pt-PT","@id":"https:\/\/automotiverevista.pt\/index.php\/2023\/05\/04\/schmitz-cargobull-revela-sua-nova-fabrica-no-reino-unido\/#primaryimage","url":"https:\/\/automotiverevista.pt\/wp-content\/uploads\/2023\/04\/Paul-Avery_Managing-Director-Operations_hr.jpg","contentUrl":"https:\/\/automotiverevista.pt\/wp-content\/uploads\/2023\/04\/Paul-Avery_Managing-Director-Operations_hr.jpg","width":2480,"height":1654},{"@type":"BreadcrumbList","@id":"https:\/\/automotiverevista.pt\/index.php\/2023\/05\/04\/schmitz-cargobull-revela-sua-nova-fabrica-no-reino-unido\/#breadcrumb","itemListElement":[{"@type":"ListItem","position":1,"name":"Home","item":"https:\/\/automotiverevista.pt\/"},{"@type":"ListItem","position":2,"name":"Schmitz Cargobull revela sua nova f\u00e1brica no Reino Unido"}]},{"@type":"WebSite","@id":"https:\/\/automotiverevista.pt\/#website","url":"https:\/\/automotiverevista.pt\/","name":"Revista Automotive","description":"Revista Automotive Portugal","publisher":{"@id":"https:\/\/automotiverevista.pt\/#organization"},"potentialAction":[{"@type":"SearchAction","target":{"@type":"EntryPoint","urlTemplate":"https:\/\/automotiverevista.pt\/?s={search_term_string}"},"query-input":{"@type":"PropertyValueSpecification","valueRequired":true,"valueName":"search_term_string"}}],"inLanguage":"pt-PT"},{"@type":"Organization","@id":"https:\/\/automotiverevista.pt\/#organization","name":"Revista Automotive Portugal","url":"https:\/\/automotiverevista.pt\/","logo":{"@type":"ImageObject","inLanguage":"pt-PT","@id":"https:\/\/automotiverevista.pt\/#\/schema\/logo\/image\/","url":"https:\/\/automotiverevista.pt\/wp-content\/uploads\/2022\/07\/Logo-Automotive-2021_500-1.jpg","contentUrl":"https:\/\/automotiverevista.pt\/wp-content\/uploads\/2022\/07\/Logo-Automotive-2021_500-1.jpg","width":500,"height":160,"caption":"Revista Automotive Portugal"},"image":{"@id":"https:\/\/automotiverevista.pt\/#\/schema\/logo\/image\/"},"sameAs":["https:\/\/linkedin.com\/in\/automotiverevista"]},{"@type":"Person","@id":"https:\/\/automotiverevista.pt\/#\/schema\/person\/d705335f9c428a4a0cae3d11afb2e0ef","name":"MiguelMarques","image":{"@type":"ImageObject","inLanguage":"pt-PT","@id":"https:\/\/secure.gravatar.com\/avatar\/635d1f118671d87c579d5e4f6491bfc0081e3bbddd605eb321931e9c938270b5?s=96&d=mm&r=g","url":"https:\/\/secure.gravatar.com\/avatar\/635d1f118671d87c579d5e4f6491bfc0081e3bbddd605eb321931e9c938270b5?s=96&d=mm&r=g","contentUrl":"https:\/\/secure.gravatar.com\/avatar\/635d1f118671d87c579d5e4f6491bfc0081e3bbddd605eb321931e9c938270b5?s=96&d=mm&r=g","caption":"MiguelMarques"},"url":"https:\/\/automotiverevista.pt\/index.php\/author\/miguelmarques\/"}]}},"_links":{"self":[{"href":"https:\/\/automotiverevista.pt\/index.php\/wp-json\/wp\/v2\/posts\/2834","targetHints":{"allow":["GET"]}}],"collection":[{"href":"https:\/\/automotiverevista.pt\/index.php\/wp-json\/wp\/v2\/posts"}],"about":[{"href":"https:\/\/automotiverevista.pt\/index.php\/wp-json\/wp\/v2\/types\/post"}],"author":[{"embeddable":true,"href":"https:\/\/automotiverevista.pt\/index.php\/wp-json\/wp\/v2\/users\/3"}],"replies":[{"embeddable":true,"href":"https:\/\/automotiverevista.pt\/index.php\/wp-json\/wp\/v2\/comments?post=2834"}],"version-history":[{"count":1,"href":"https:\/\/automotiverevista.pt\/index.php\/wp-json\/wp\/v2\/posts\/2834\/revisions"}],"predecessor-version":[{"id":2837,"href":"https:\/\/automotiverevista.pt\/index.php\/wp-json\/wp\/v2\/posts\/2834\/revisions\/2837"}],"wp:featuredmedia":[{"embeddable":true,"href":"https:\/\/automotiverevista.pt\/index.php\/wp-json\/wp\/v2\/media\/2835"}],"wp:attachment":[{"href":"https:\/\/automotiverevista.pt\/index.php\/wp-json\/wp\/v2\/media?parent=2834"}],"wp:term":[{"taxonomy":"category","embeddable":true,"href":"https:\/\/automotiverevista.pt\/index.php\/wp-json\/wp\/v2\/categories?post=2834"},{"taxonomy":"post_tag","embeddable":true,"href":"https:\/\/automotiverevista.pt\/index.php\/wp-json\/wp\/v2\/tags?post=2834"}],"curies":[{"name":"wp","href":"https:\/\/api.w.org\/{rel}","templated":true}]}}