{"id":2849,"date":"2023-05-08T08:00:00","date_gmt":"2023-05-08T08:00:00","guid":{"rendered":"https:\/\/automotiverevista.pt\/?p=2849"},"modified":"2023-04-29T09:44:45","modified_gmt":"2023-04-29T09:44:45","slug":"14-daf-totalmente-eletricos-para-recolha-de-lixo","status":"publish","type":"post","link":"https:\/\/automotiverevista.pt\/index.php\/2023\/05\/08\/14-daf-totalmente-eletricos-para-recolha-de-lixo\/","title":{"rendered":"14 DAF totalmente el\u00e9tricos para recolha de lixo"},"content":{"rendered":"\n<p><strong>A empresa de gest\u00e3o de res\u00edduos Cure recebeu 7 cami\u00f5es DAF CF Electric de recolha de lixo totalmente el\u00e9tricos. Os ve\u00edculos 6&#215;2 silenciosos e sem emiss\u00f5es, equipados com carregadores laterais VDL totalmente el\u00e9tricos, ser\u00e3o utilizados para a recolha de lixo dom\u00e9stico nas \u00e1reas de Eindhoven, Valkenswaard e Geldrop-Mierlo.&nbsp;<\/strong><strong><\/strong><\/p>\n\n\n\n<p>A empresa de gest\u00e3o de res\u00edduos Cure consiste num empreendimento conjunto que envolve as autoridades locais em Eindhoven, Geldrop-Mierlo e Valkenswaard. A empresa recolhe o lixo de quase 150&nbsp;000 agregados familiares, incluindo res\u00edduos gerais, papel, pl\u00e1stico, vidro e res\u00edduos org\u00e2nicos. A empresa de gest\u00e3o de res\u00edduos Cure tamb\u00e9m opera quatro centros de reciclagem na regi\u00e3o de Eindhoven.<\/p>\n\n\n\n<p><strong>Est\u00e3o a caminho 7 DAF el\u00e9tricos adicionais<br><\/strong>Os ve\u00edculos recentemente entregues est\u00e3o equipados com um carregador lateral el\u00e9trico VDL, que permite esvaziar os contentores de res\u00edduos de forma silenciosa e autom\u00e1tica para a carro\u00e7aria do CF Electric. Em breve, a empresa de gest\u00e3o de res\u00edduos Cure ir\u00e1 receber mais 7 cami\u00f5es DAF CF Electric, seis dos quais est\u00e3o equipados com um carregador traseiro totalmente el\u00e9trico. O s\u00e9timo cami\u00e3o est\u00e1 equipado com um sistema de limpeza para limpar contentores de res\u00edduos subterr\u00e2neos e de superf\u00edcie.&nbsp;<\/p>\n\n\n\n<p><strong>Sustentabilidade como uma ambi\u00e7\u00e3o<\/strong><br>&#8220;Tentamos trabalhar de forma t\u00e3o sustent\u00e1vel quanto poss\u00edvel, e esta s\u00e9rie de cami\u00f5es CF Electric totalmente el\u00e9tricos combina na perfei\u00e7\u00e3o com esta ambi\u00e7\u00e3o&#8221;, afirma Frans van Strijp, diretor-geral da empresa de gest\u00e3o de res\u00edduos Cure. &#8220;Os cami\u00f5es asseguram uma recolha de lixo silenciosa e sem emiss\u00f5es, o que representa uma excelente not\u00edcia para os residentes de Eindhoven, Valkenswaard e Geldrop-Mierlo. Al\u00e9m disso, a nossa nova esta\u00e7\u00e3o de carregamento permite-nos carregar rapidamente v\u00e1rios ve\u00edculos ao mesmo tempo.&#8221;<\/p>\n","protected":false},"excerpt":{"rendered":"<p>A empresa de gest\u00e3o de res\u00edduos Cure recebeu 7 cami\u00f5es DAF CF Electric de recolha de lixo totalmente el\u00e9tricos. Os ve\u00edculos 6&#215;2 silenciosos e sem emiss\u00f5es, equipados com carregadores laterais VDL totalmente el\u00e9tricos, ser\u00e3o utilizados para a recolha de lixo dom\u00e9stico nas \u00e1reas de Eindhoven, Valkenswaard e Geldrop-Mierlo.&nbsp; A empresa de gest\u00e3o de res\u00edduos Cure [&hellip;]<\/p>\n","protected":false},"author":3,"featured_media":2850,"comment_status":"closed","ping_status":"open","sticky":false,"template":"","format":"standard","meta":{"jnews-multi-image_gallery":[],"jnews_single_post":{"subtitle":"","format":"standard","video":"","gallery":"","source_name":"","source_url":"","via_name":"","via_url":"","override_template":"0","override":[{"template":"2","single_blog_custom":"","parallax":"1","fullscreen":"1","layout":"right-sidebar","sidebar":"default-sidebar","second_sidebar":"default-sidebar","sticky_sidebar":"1","share_position":"topbottom","share_float_style":"share-monocrhome","show_share_counter":"0","show_view_counter":"0","show_featured":"1","show_post_meta":"1","show_post_author":"0","show_post_author_image":"1","show_post_date":"1","post_date_format":"default","post_date_format_custom":"Y\/m\/d","show_post_category":"1","show_post_reading_time":"0","post_reading_time_wpm":"300","show_zoom_button":"0","zoom_button_out_step":"2","zoom_button_in_step":"3","show_post_tag":"1","show_prev_next_post":"0","show_popup_post":"1","number_popup_post":"1","show_author_box":"0","show_post_related":"1","show_inline_post_related":"1"}],"override_image_size":"0","image_override":[{"single_post_thumbnail_size":"crop-500","single_post_gallery_size":"crop-500"}],"trending_post":"0","trending_post_position":"meta","trending_post_label":"Trending","sponsored_post":"0","sponsored_post_label":"Sponsored by","sponsored_post_name":"","sponsored_post_url":"","sponsored_post_logo_enable":"0","sponsored_post_logo":"","sponsored_post_desc":"","disable_ad":"0"},"jnews_primary_category":{"id":"","hide":""},"footnotes":""},"categories":[25],"tags":[],"class_list":["post-2849","post","type-post","status-publish","format-standard","has-post-thumbnail","hentry","category-pesados-e-maquinas"],"yoast_head":"<!-- This site is optimized with the Yoast SEO Premium plugin v27.5 (Yoast SEO v27.5) - https:\/\/yoast.com\/product\/yoast-seo-premium-wordpress\/ -->\n<title>14 DAF totalmente el\u00e9tricos para recolha de lixo - Revista Automotive<\/title>\n<meta name=\"robots\" content=\"index, follow, max-snippet:-1, max-image-preview:large, max-video-preview:-1\" \/>\n<link rel=\"canonical\" href=\"https:\/\/automotiverevista.pt\/index.php\/2023\/05\/08\/14-daf-totalmente-eletricos-para-recolha-de-lixo\/\" \/>\n<meta property=\"og:locale\" content=\"pt_PT\" \/>\n<meta property=\"og:type\" content=\"article\" \/>\n<meta property=\"og:title\" content=\"14 DAF totalmente el\u00e9tricos para recolha de lixo\" \/>\n<meta property=\"og:description\" content=\"A empresa de gest\u00e3o de res\u00edduos Cure recebeu 7 cami\u00f5es DAF CF Electric de recolha de lixo totalmente el\u00e9tricos. Os ve\u00edculos 6&#215;2 silenciosos e sem emiss\u00f5es, equipados com carregadores laterais VDL totalmente el\u00e9tricos, ser\u00e3o utilizados para a recolha de lixo dom\u00e9stico nas \u00e1reas de Eindhoven, Valkenswaard e Geldrop-Mierlo.&nbsp; A empresa de gest\u00e3o de res\u00edduos Cure [&hellip;]\" \/>\n<meta property=\"og:url\" content=\"https:\/\/automotiverevista.pt\/index.php\/2023\/05\/08\/14-daf-totalmente-eletricos-para-recolha-de-lixo\/\" \/>\n<meta property=\"og:site_name\" content=\"Revista Automotive\" \/>\n<meta property=\"article:published_time\" content=\"2023-05-08T08:00:00+00:00\" \/>\n<meta property=\"og:image\" content=\"https:\/\/automotiverevista.pt\/wp-content\/uploads\/2023\/04\/14-fully-electric-DAFs-for-garbage-collection-scaled.jpg\" \/>\n\t<meta property=\"og:image:width\" content=\"2560\" \/>\n\t<meta property=\"og:image:height\" content=\"1144\" \/>\n\t<meta property=\"og:image:type\" content=\"image\/jpeg\" \/>\n<meta name=\"author\" content=\"MiguelMarques\" \/>\n<meta name=\"twitter:card\" content=\"summary_large_image\" \/>\n<meta name=\"twitter:label1\" content=\"Escrito por\" \/>\n\t<meta name=\"twitter:data1\" content=\"MiguelMarques\" \/>\n\t<meta name=\"twitter:label2\" content=\"Tempo estimado de leitura\" \/>\n\t<meta name=\"twitter:data2\" content=\"2 minutos\" \/>\n<script type=\"application\/ld+json\" class=\"yoast-schema-graph\">{\"@context\":\"https:\\\/\\\/schema.org\",\"@graph\":[{\"@type\":\"Article\",\"@id\":\"https:\\\/\\\/automotiverevista.pt\\\/index.php\\\/2023\\\/05\\\/08\\\/14-daf-totalmente-eletricos-para-recolha-de-lixo\\\/#article\",\"isPartOf\":{\"@id\":\"https:\\\/\\\/automotiverevista.pt\\\/index.php\\\/2023\\\/05\\\/08\\\/14-daf-totalmente-eletricos-para-recolha-de-lixo\\\/\"},\"author\":{\"name\":\"MiguelMarques\",\"@id\":\"https:\\\/\\\/automotiverevista.pt\\\/#\\\/schema\\\/person\\\/d705335f9c428a4a0cae3d11afb2e0ef\"},\"headline\":\"14 DAF totalmente el\u00e9tricos para recolha de lixo\",\"datePublished\":\"2023-05-08T08:00:00+00:00\",\"mainEntityOfPage\":{\"@id\":\"https:\\\/\\\/automotiverevista.pt\\\/index.php\\\/2023\\\/05\\\/08\\\/14-daf-totalmente-eletricos-para-recolha-de-lixo\\\/\"},\"wordCount\":331,\"publisher\":{\"@id\":\"https:\\\/\\\/automotiverevista.pt\\\/#organization\"},\"image\":{\"@id\":\"https:\\\/\\\/automotiverevista.pt\\\/index.php\\\/2023\\\/05\\\/08\\\/14-daf-totalmente-eletricos-para-recolha-de-lixo\\\/#primaryimage\"},\"thumbnailUrl\":\"https:\\\/\\\/automotiverevista.pt\\\/wp-content\\\/uploads\\\/2023\\\/04\\\/14-fully-electric-DAFs-for-garbage-collection-scaled.jpg\",\"articleSection\":[\"Pesados e M\u00e1quinas\"],\"inLanguage\":\"pt-PT\"},{\"@type\":\"WebPage\",\"@id\":\"https:\\\/\\\/automotiverevista.pt\\\/index.php\\\/2023\\\/05\\\/08\\\/14-daf-totalmente-eletricos-para-recolha-de-lixo\\\/\",\"url\":\"https:\\\/\\\/automotiverevista.pt\\\/index.php\\\/2023\\\/05\\\/08\\\/14-daf-totalmente-eletricos-para-recolha-de-lixo\\\/\",\"name\":\"14 DAF totalmente el\u00e9tricos para recolha de lixo - Revista Automotive\",\"isPartOf\":{\"@id\":\"https:\\\/\\\/automotiverevista.pt\\\/#website\"},\"primaryImageOfPage\":{\"@id\":\"https:\\\/\\\/automotiverevista.pt\\\/index.php\\\/2023\\\/05\\\/08\\\/14-daf-totalmente-eletricos-para-recolha-de-lixo\\\/#primaryimage\"},\"image\":{\"@id\":\"https:\\\/\\\/automotiverevista.pt\\\/index.php\\\/2023\\\/05\\\/08\\\/14-daf-totalmente-eletricos-para-recolha-de-lixo\\\/#primaryimage\"},\"thumbnailUrl\":\"https:\\\/\\\/automotiverevista.pt\\\/wp-content\\\/uploads\\\/2023\\\/04\\\/14-fully-electric-DAFs-for-garbage-collection-scaled.jpg\",\"datePublished\":\"2023-05-08T08:00:00+00:00\",\"breadcrumb\":{\"@id\":\"https:\\\/\\\/automotiverevista.pt\\\/index.php\\\/2023\\\/05\\\/08\\\/14-daf-totalmente-eletricos-para-recolha-de-lixo\\\/#breadcrumb\"},\"inLanguage\":\"pt-PT\",\"potentialAction\":[{\"@type\":\"ReadAction\",\"target\":[\"https:\\\/\\\/automotiverevista.pt\\\/index.php\\\/2023\\\/05\\\/08\\\/14-daf-totalmente-eletricos-para-recolha-de-lixo\\\/\"]}]},{\"@type\":\"ImageObject\",\"inLanguage\":\"pt-PT\",\"@id\":\"https:\\\/\\\/automotiverevista.pt\\\/index.php\\\/2023\\\/05\\\/08\\\/14-daf-totalmente-eletricos-para-recolha-de-lixo\\\/#primaryimage\",\"url\":\"https:\\\/\\\/automotiverevista.pt\\\/wp-content\\\/uploads\\\/2023\\\/04\\\/14-fully-electric-DAFs-for-garbage-collection-scaled.jpg\",\"contentUrl\":\"https:\\\/\\\/automotiverevista.pt\\\/wp-content\\\/uploads\\\/2023\\\/04\\\/14-fully-electric-DAFs-for-garbage-collection-scaled.jpg\",\"width\":2560,\"height\":1144},{\"@type\":\"BreadcrumbList\",\"@id\":\"https:\\\/\\\/automotiverevista.pt\\\/index.php\\\/2023\\\/05\\\/08\\\/14-daf-totalmente-eletricos-para-recolha-de-lixo\\\/#breadcrumb\",\"itemListElement\":[{\"@type\":\"ListItem\",\"position\":1,\"name\":\"Home\",\"item\":\"https:\\\/\\\/automotiverevista.pt\\\/\"},{\"@type\":\"ListItem\",\"position\":2,\"name\":\"14 DAF totalmente el\u00e9tricos para recolha de lixo\"}]},{\"@type\":\"WebSite\",\"@id\":\"https:\\\/\\\/automotiverevista.pt\\\/#website\",\"url\":\"https:\\\/\\\/automotiverevista.pt\\\/\",\"name\":\"Revista Automotive\",\"description\":\"Revista Automotive Portugal\",\"publisher\":{\"@id\":\"https:\\\/\\\/automotiverevista.pt\\\/#organization\"},\"potentialAction\":[{\"@type\":\"SearchAction\",\"target\":{\"@type\":\"EntryPoint\",\"urlTemplate\":\"https:\\\/\\\/automotiverevista.pt\\\/?s={search_term_string}\"},\"query-input\":{\"@type\":\"PropertyValueSpecification\",\"valueRequired\":true,\"valueName\":\"search_term_string\"}}],\"inLanguage\":\"pt-PT\"},{\"@type\":\"Organization\",\"@id\":\"https:\\\/\\\/automotiverevista.pt\\\/#organization\",\"name\":\"Revista Automotive Portugal\",\"url\":\"https:\\\/\\\/automotiverevista.pt\\\/\",\"logo\":{\"@type\":\"ImageObject\",\"inLanguage\":\"pt-PT\",\"@id\":\"https:\\\/\\\/automotiverevista.pt\\\/#\\\/schema\\\/logo\\\/image\\\/\",\"url\":\"https:\\\/\\\/automotiverevista.pt\\\/wp-content\\\/uploads\\\/2022\\\/07\\\/Logo-Automotive-2021_500-1.jpg\",\"contentUrl\":\"https:\\\/\\\/automotiverevista.pt\\\/wp-content\\\/uploads\\\/2022\\\/07\\\/Logo-Automotive-2021_500-1.jpg\",\"width\":500,\"height\":160,\"caption\":\"Revista Automotive Portugal\"},\"image\":{\"@id\":\"https:\\\/\\\/automotiverevista.pt\\\/#\\\/schema\\\/logo\\\/image\\\/\"},\"sameAs\":[\"https:\\\/\\\/linkedin.com\\\/in\\\/automotiverevista\"]},{\"@type\":\"Person\",\"@id\":\"https:\\\/\\\/automotiverevista.pt\\\/#\\\/schema\\\/person\\\/d705335f9c428a4a0cae3d11afb2e0ef\",\"name\":\"MiguelMarques\",\"image\":{\"@type\":\"ImageObject\",\"inLanguage\":\"pt-PT\",\"@id\":\"https:\\\/\\\/secure.gravatar.com\\\/avatar\\\/635d1f118671d87c579d5e4f6491bfc0081e3bbddd605eb321931e9c938270b5?s=96&d=mm&r=g\",\"url\":\"https:\\\/\\\/secure.gravatar.com\\\/avatar\\\/635d1f118671d87c579d5e4f6491bfc0081e3bbddd605eb321931e9c938270b5?s=96&d=mm&r=g\",\"contentUrl\":\"https:\\\/\\\/secure.gravatar.com\\\/avatar\\\/635d1f118671d87c579d5e4f6491bfc0081e3bbddd605eb321931e9c938270b5?s=96&d=mm&r=g\",\"caption\":\"MiguelMarques\"},\"url\":\"https:\\\/\\\/automotiverevista.pt\\\/index.php\\\/author\\\/miguelmarques\\\/\"}]}<\/script>\n<!-- \/ Yoast SEO Premium plugin. -->","yoast_head_json":{"title":"14 DAF totalmente el\u00e9tricos para recolha de lixo - Revista Automotive","robots":{"index":"index","follow":"follow","max-snippet":"max-snippet:-1","max-image-preview":"max-image-preview:large","max-video-preview":"max-video-preview:-1"},"canonical":"https:\/\/automotiverevista.pt\/index.php\/2023\/05\/08\/14-daf-totalmente-eletricos-para-recolha-de-lixo\/","og_locale":"pt_PT","og_type":"article","og_title":"14 DAF totalmente el\u00e9tricos para recolha de lixo","og_description":"A empresa de gest\u00e3o de res\u00edduos Cure recebeu 7 cami\u00f5es DAF CF Electric de recolha de lixo totalmente el\u00e9tricos. Os ve\u00edculos 6&#215;2 silenciosos e sem emiss\u00f5es, equipados com carregadores laterais VDL totalmente el\u00e9tricos, ser\u00e3o utilizados para a recolha de lixo dom\u00e9stico nas \u00e1reas de Eindhoven, Valkenswaard e Geldrop-Mierlo.&nbsp; A empresa de gest\u00e3o de res\u00edduos Cure [&hellip;]","og_url":"https:\/\/automotiverevista.pt\/index.php\/2023\/05\/08\/14-daf-totalmente-eletricos-para-recolha-de-lixo\/","og_site_name":"Revista Automotive","article_published_time":"2023-05-08T08:00:00+00:00","og_image":[{"width":2560,"height":1144,"url":"https:\/\/automotiverevista.pt\/wp-content\/uploads\/2023\/04\/14-fully-electric-DAFs-for-garbage-collection-scaled.jpg","type":"image\/jpeg"}],"author":"MiguelMarques","twitter_card":"summary_large_image","twitter_misc":{"Escrito por":"MiguelMarques","Tempo estimado de leitura":"2 minutos"},"schema":{"@context":"https:\/\/schema.org","@graph":[{"@type":"Article","@id":"https:\/\/automotiverevista.pt\/index.php\/2023\/05\/08\/14-daf-totalmente-eletricos-para-recolha-de-lixo\/#article","isPartOf":{"@id":"https:\/\/automotiverevista.pt\/index.php\/2023\/05\/08\/14-daf-totalmente-eletricos-para-recolha-de-lixo\/"},"author":{"name":"MiguelMarques","@id":"https:\/\/automotiverevista.pt\/#\/schema\/person\/d705335f9c428a4a0cae3d11afb2e0ef"},"headline":"14 DAF totalmente el\u00e9tricos para recolha de lixo","datePublished":"2023-05-08T08:00:00+00:00","mainEntityOfPage":{"@id":"https:\/\/automotiverevista.pt\/index.php\/2023\/05\/08\/14-daf-totalmente-eletricos-para-recolha-de-lixo\/"},"wordCount":331,"publisher":{"@id":"https:\/\/automotiverevista.pt\/#organization"},"image":{"@id":"https:\/\/automotiverevista.pt\/index.php\/2023\/05\/08\/14-daf-totalmente-eletricos-para-recolha-de-lixo\/#primaryimage"},"thumbnailUrl":"https:\/\/automotiverevista.pt\/wp-content\/uploads\/2023\/04\/14-fully-electric-DAFs-for-garbage-collection-scaled.jpg","articleSection":["Pesados e M\u00e1quinas"],"inLanguage":"pt-PT"},{"@type":"WebPage","@id":"https:\/\/automotiverevista.pt\/index.php\/2023\/05\/08\/14-daf-totalmente-eletricos-para-recolha-de-lixo\/","url":"https:\/\/automotiverevista.pt\/index.php\/2023\/05\/08\/14-daf-totalmente-eletricos-para-recolha-de-lixo\/","name":"14 DAF totalmente el\u00e9tricos para recolha de lixo - Revista Automotive","isPartOf":{"@id":"https:\/\/automotiverevista.pt\/#website"},"primaryImageOfPage":{"@id":"https:\/\/automotiverevista.pt\/index.php\/2023\/05\/08\/14-daf-totalmente-eletricos-para-recolha-de-lixo\/#primaryimage"},"image":{"@id":"https:\/\/automotiverevista.pt\/index.php\/2023\/05\/08\/14-daf-totalmente-eletricos-para-recolha-de-lixo\/#primaryimage"},"thumbnailUrl":"https:\/\/automotiverevista.pt\/wp-content\/uploads\/2023\/04\/14-fully-electric-DAFs-for-garbage-collection-scaled.jpg","datePublished":"2023-05-08T08:00:00+00:00","breadcrumb":{"@id":"https:\/\/automotiverevista.pt\/index.php\/2023\/05\/08\/14-daf-totalmente-eletricos-para-recolha-de-lixo\/#breadcrumb"},"inLanguage":"pt-PT","potentialAction":[{"@type":"ReadAction","target":["https:\/\/automotiverevista.pt\/index.php\/2023\/05\/08\/14-daf-totalmente-eletricos-para-recolha-de-lixo\/"]}]},{"@type":"ImageObject","inLanguage":"pt-PT","@id":"https:\/\/automotiverevista.pt\/index.php\/2023\/05\/08\/14-daf-totalmente-eletricos-para-recolha-de-lixo\/#primaryimage","url":"https:\/\/automotiverevista.pt\/wp-content\/uploads\/2023\/04\/14-fully-electric-DAFs-for-garbage-collection-scaled.jpg","contentUrl":"https:\/\/automotiverevista.pt\/wp-content\/uploads\/2023\/04\/14-fully-electric-DAFs-for-garbage-collection-scaled.jpg","width":2560,"height":1144},{"@type":"BreadcrumbList","@id":"https:\/\/automotiverevista.pt\/index.php\/2023\/05\/08\/14-daf-totalmente-eletricos-para-recolha-de-lixo\/#breadcrumb","itemListElement":[{"@type":"ListItem","position":1,"name":"Home","item":"https:\/\/automotiverevista.pt\/"},{"@type":"ListItem","position":2,"name":"14 DAF totalmente el\u00e9tricos para recolha de lixo"}]},{"@type":"WebSite","@id":"https:\/\/automotiverevista.pt\/#website","url":"https:\/\/automotiverevista.pt\/","name":"Revista Automotive","description":"Revista Automotive Portugal","publisher":{"@id":"https:\/\/automotiverevista.pt\/#organization"},"potentialAction":[{"@type":"SearchAction","target":{"@type":"EntryPoint","urlTemplate":"https:\/\/automotiverevista.pt\/?s={search_term_string}"},"query-input":{"@type":"PropertyValueSpecification","valueRequired":true,"valueName":"search_term_string"}}],"inLanguage":"pt-PT"},{"@type":"Organization","@id":"https:\/\/automotiverevista.pt\/#organization","name":"Revista Automotive Portugal","url":"https:\/\/automotiverevista.pt\/","logo":{"@type":"ImageObject","inLanguage":"pt-PT","@id":"https:\/\/automotiverevista.pt\/#\/schema\/logo\/image\/","url":"https:\/\/automotiverevista.pt\/wp-content\/uploads\/2022\/07\/Logo-Automotive-2021_500-1.jpg","contentUrl":"https:\/\/automotiverevista.pt\/wp-content\/uploads\/2022\/07\/Logo-Automotive-2021_500-1.jpg","width":500,"height":160,"caption":"Revista Automotive Portugal"},"image":{"@id":"https:\/\/automotiverevista.pt\/#\/schema\/logo\/image\/"},"sameAs":["https:\/\/linkedin.com\/in\/automotiverevista"]},{"@type":"Person","@id":"https:\/\/automotiverevista.pt\/#\/schema\/person\/d705335f9c428a4a0cae3d11afb2e0ef","name":"MiguelMarques","image":{"@type":"ImageObject","inLanguage":"pt-PT","@id":"https:\/\/secure.gravatar.com\/avatar\/635d1f118671d87c579d5e4f6491bfc0081e3bbddd605eb321931e9c938270b5?s=96&d=mm&r=g","url":"https:\/\/secure.gravatar.com\/avatar\/635d1f118671d87c579d5e4f6491bfc0081e3bbddd605eb321931e9c938270b5?s=96&d=mm&r=g","contentUrl":"https:\/\/secure.gravatar.com\/avatar\/635d1f118671d87c579d5e4f6491bfc0081e3bbddd605eb321931e9c938270b5?s=96&d=mm&r=g","caption":"MiguelMarques"},"url":"https:\/\/automotiverevista.pt\/index.php\/author\/miguelmarques\/"}]}},"_links":{"self":[{"href":"https:\/\/automotiverevista.pt\/index.php\/wp-json\/wp\/v2\/posts\/2849","targetHints":{"allow":["GET"]}}],"collection":[{"href":"https:\/\/automotiverevista.pt\/index.php\/wp-json\/wp\/v2\/posts"}],"about":[{"href":"https:\/\/automotiverevista.pt\/index.php\/wp-json\/wp\/v2\/types\/post"}],"author":[{"embeddable":true,"href":"https:\/\/automotiverevista.pt\/index.php\/wp-json\/wp\/v2\/users\/3"}],"replies":[{"embeddable":true,"href":"https:\/\/automotiverevista.pt\/index.php\/wp-json\/wp\/v2\/comments?post=2849"}],"version-history":[{"count":1,"href":"https:\/\/automotiverevista.pt\/index.php\/wp-json\/wp\/v2\/posts\/2849\/revisions"}],"predecessor-version":[{"id":2851,"href":"https:\/\/automotiverevista.pt\/index.php\/wp-json\/wp\/v2\/posts\/2849\/revisions\/2851"}],"wp:featuredmedia":[{"embeddable":true,"href":"https:\/\/automotiverevista.pt\/index.php\/wp-json\/wp\/v2\/media\/2850"}],"wp:attachment":[{"href":"https:\/\/automotiverevista.pt\/index.php\/wp-json\/wp\/v2\/media?parent=2849"}],"wp:term":[{"taxonomy":"category","embeddable":true,"href":"https:\/\/automotiverevista.pt\/index.php\/wp-json\/wp\/v2\/categories?post=2849"},{"taxonomy":"post_tag","embeddable":true,"href":"https:\/\/automotiverevista.pt\/index.php\/wp-json\/wp\/v2\/tags?post=2849"}],"curies":[{"name":"wp","href":"https:\/\/api.w.org\/{rel}","templated":true}]}}