{"id":2852,"date":"2023-05-08T06:00:00","date_gmt":"2023-05-08T06:00:00","guid":{"rendered":"https:\/\/automotiverevista.pt\/?p=2852"},"modified":"2023-04-29T10:00:35","modified_gmt":"2023-04-29T10:00:35","slug":"ford-apresenta-novo-explorer-100-eletrico-desenvolvido-e-construido-na-europa","status":"publish","type":"post","link":"https:\/\/automotiverevista.pt\/index.php\/2023\/05\/08\/ford-apresenta-novo-explorer-100-eletrico-desenvolvido-e-construido-na-europa\/","title":{"rendered":"Ford apresenta novo Explorer 100% el\u00e9trico desenvolvido e constru\u00eddo na Europa"},"content":{"rendered":"\n<p>A Ford apresentou o novo Explorer 100% el\u00e9trico, uma nova e arrojada proposta el\u00e9trica que combina a engenharia alem\u00e3 com a o arrojado estilo americano. O Explorer \u00e9 o primeiro modelo de uma nova vaga de novos e inovadores ve\u00edculos el\u00e9tricos da Ford, delineando o percurso que aponta a uma completa reinven\u00e7\u00e3o da marca Ford na Europa. <\/p>\n\n\n\n<p>Este crossover m\u00e9dio conta com um total de cinco lugares, em duas filas de bancos, encontrando-se profusamente equipado para responder \u00e0s necessidades das fam\u00edlias nas suas viagens de aventuras. Desenvolvido e constru\u00eddo na Alemanha, o novo Explorer 100 por cento el\u00e9trico oferece uma fant\u00e1stica experi\u00eancia digital, ajudando condutores e passageiros a manterem-se conectados e confort\u00e1veis em viagem. Do equipamento fazem parte o touchscreen m\u00f3vel de grandes dimens\u00f5es SYNC Move 2 e um sistema de infotainment totalmente conectado com sistema \u00e1udio adaptado \u00e0s caracter\u00edsticas interiores, integra\u00e7\u00e3o sem fios para aplica\u00e7\u00f5es e tecnologia avan\u00e7ada de apoio \u00e0 condu\u00e7\u00e3o. <\/p>\n\n\n\n\n\n<p>Um design e uma capacidade de armazenamento apta para a aventura, com cerca de 470 litros, em modo de cinco lugares, tornam o mais recente ve\u00edculo el\u00e9trico da Ford ideal para explorar as cidades e n\u00e3o s\u00f3. Uma consola de 17 litros, colocada entre os bancos da frente do condutor e passageiro, pode comportar um laptop de 15 polegadas, combinando-se com um espa\u00e7o de arruma\u00e7\u00e3o privado e com outro dispon\u00edvel na bagageira, de acesso m\u00e3os-livres, conjunto que permite ao Ford Explorer 100% el\u00e9trico definir um novo padr\u00e3o.<br>O estilo exterior futurista v\u00ea-se acompanhado por um interior ultramoderno, com materiais e caracter\u00edsticas premium, como sejam os bancos desportivos esculpidos e uma sofisticada barra de som mais t\u00edpica em concept-cars revolucion\u00e1rios do que em ve\u00edculos familiares. Tudo isto conjugado com uma capacidade de carregamento r\u00e1pido de 10 a 80 por cento da bateria em apenas 25 minutos 1, ve\u00edculo que ter\u00e1 acesso, at\u00e9 ao pr\u00f3ximo ano, a um total de 500.000 pontos de carregamento em toda a Europa.<br>&#8220;O Explorer \u00e9 um pioneiro para uma nova gera\u00e7\u00e3o de ve\u00edculos el\u00e9tricos da Ford. Definido nas nossas ra\u00edzes americanas, mas constru\u00eddo em Col\u00f3nia para os nossos clientes na Europa, est\u00e1 apto para grandes aventuras e totalmente equipado com tudo o que os nossos clientes ir\u00e3o precisar para as suas viagens di\u00e1rias&#8221;, disse Martin Sander, Diretor Geral, Ford Model e, Europa.<br>Com estilo, inteligente e pronto para partir para a estrada<br>Na vanguarda da estrat\u00e9gia de ve\u00edculos el\u00e9tricos da Ford, o novo Explorer 100 por cento el\u00e9trico \u00e9 o primeiro modelo el\u00e9trico da companhia a ser constru\u00eddo em escala no novo Centro VE da Ford Col\u00f3nia, na Alemanha. A Ford na Europa est\u00e1 empenhada em oferecer um portef\u00f3lio integralmente el\u00e9trico de ve\u00edculos de passageiros at\u00e9 2030. Um exterior aerodin\u00e2mico capta o esp\u00edrito e o estilo assertivo do ic\u00f3nico SUV americano da Ford para uma nova era el\u00e9trica, numa proposta tamb\u00e9m definida por um design arrojado em &#8220;escudo&#8221;, em vez de uma grelha tradicional.<br>O sistema de infotainment SYNC Move 2 do Explorer n\u00e3o s\u00f3 mant\u00e9m os ocupantes conectados, como tamb\u00e9m possui um touchscreen m\u00f3vel de 15 polegadas, que pode deslizar suavemente para cima e para baixo, adequando-se \u00e0s necessidades do condutor, tamb\u00e9m ocultando um espa\u00e7o de armazenamento privado, para guardar objetos de valor. Um compartimento para dois smartphones grandes est\u00e1 equipado com um carregador de dispositivos sem fios 4 de s\u00e9rie; o sistema SYNC Move permite compatibilidade sem fios com as plataformas Android Auto e Apple CarPlay. <br>O carregamento da bateria pode fazer-se r\u00e1pida e facilmente, seja na estrada ou em casa. O Explorer pode ajudar a encontrar os pontos de paragem mais convenientes na estrada, ou , caso o carregamento se fa\u00e7a em casa, pode ser programado para usar eletricidade mais barata, quando dispon\u00edvel, garantindo uma bateria completa e um habit\u00e1culo pr\u00e9-aquecido para sa\u00eddas antecipadas.<br>Dispon\u00edvel em vers\u00f5es de tra\u00e7\u00e3o \u00e0s rodas traseiras e tra\u00e7\u00e3o integral, o Explorer tamb\u00e9m oferece um conjunto de funcionalidades que asseguram que condutor e passageiros se mantenham refrescados e descansados quando chegam aos seus destinos, tal como estavam quando partiram em viagem. As especifica\u00e7\u00f5es de s\u00e9rie para aumentar o conforto incluem bancos dianteiros e volante aquecidos, banco do condutor com fun\u00e7\u00e3o massagem e sistema de climatiza\u00e7\u00e3o, este permitindo ao condutor e passageiro da frente escolher a sua pr\u00f3pria temperatura. Qualquer regresso ao interior deste crossover \u00e9 simplificado com a entrada sem chave de s\u00e9rie e uma tampa de bagageira de acesso m\u00e3os-livres, significando que os propriet\u00e1rios podem aceder a esse espa\u00e7o mesmo quando t\u00eam os bra\u00e7os ocupados por um qualquer kit desportivo, recorrendo a um simples movimento de chuto sob o para-choques traseiro.<br>Entre os avan\u00e7ados sistemas de apoio ao condutor contam-se, em estreia na Ford na Europa, o sistema de Ajuda \u00e0 Mudan\u00e7a de Faixa 3 para uma suave e Segura transi\u00e7\u00e3o entre faixas de rodagem com uma simples press\u00e3o do indicador de mudan\u00e7a de direc\u00e7\u00e3o, e o sistema Clear Exit Assist 3 que gera um aviso na eventual aproxima\u00e7\u00e3o de um ciclista, imediatamente antes da abertura das portas, nos movimentados centros das cidades.<\/p>\n\n\n","protected":false},"excerpt":{"rendered":"<p>A Ford apresentou o novo Explorer 100% el\u00e9trico, uma nova e arrojada proposta el\u00e9trica que combina a engenharia alem\u00e3 com a o arrojado estilo americano. O Explorer \u00e9 o primeiro modelo de uma nova vaga de novos e inovadores ve\u00edculos el\u00e9tricos da Ford, delineando o percurso que aponta a uma completa reinven\u00e7\u00e3o da marca Ford [&hellip;]<\/p>\n","protected":false},"author":3,"featured_media":2853,"comment_status":"closed","ping_status":"open","sticky":false,"template":"","format":"standard","meta":{"jnews-multi-image_gallery":[],"jnews_single_post":{"subtitle":"","format":"standard","video":"","gallery":"","source_name":"","source_url":"","via_name":"","via_url":"","override_template":"0","override":[{"template":"2","single_blog_custom":"","parallax":"1","fullscreen":"1","layout":"right-sidebar","sidebar":"default-sidebar","second_sidebar":"default-sidebar","sticky_sidebar":"1","share_position":"topbottom","share_float_style":"share-monocrhome","show_share_counter":"0","show_view_counter":"0","show_featured":"1","show_post_meta":"1","show_post_author":"0","show_post_author_image":"1","show_post_date":"1","post_date_format":"default","post_date_format_custom":"Y\/m\/d","show_post_category":"1","show_post_reading_time":"0","post_reading_time_wpm":"300","show_zoom_button":"0","zoom_button_out_step":"2","zoom_button_in_step":"3","show_post_tag":"1","show_prev_next_post":"0","show_popup_post":"1","number_popup_post":"1","show_author_box":"0","show_post_related":"1","show_inline_post_related":"1"}],"override_image_size":"0","image_override":[{"single_post_thumbnail_size":"crop-500","single_post_gallery_size":"crop-500"}],"trending_post":"0","trending_post_position":"meta","trending_post_label":"Trending","sponsored_post":"0","sponsored_post_label":"Sponsored by","sponsored_post_name":"","sponsored_post_url":"","sponsored_post_logo_enable":"0","sponsored_post_logo":"","sponsored_post_desc":"","disable_ad":"0"},"jnews_primary_category":{"id":"","hide":""},"footnotes":""},"categories":[23],"tags":[],"class_list":["post-2852","post","type-post","status-publish","format-standard","has-post-thumbnail","hentry","category-frotas"],"yoast_head":"<!-- This site is optimized with the Yoast SEO Premium plugin v27.5 (Yoast SEO v27.5) - https:\/\/yoast.com\/product\/yoast-seo-premium-wordpress\/ -->\n<title>Ford apresenta novo Explorer 100% el\u00e9trico desenvolvido e constru\u00eddo na Europa - Revista Automotive<\/title>\n<meta name=\"robots\" content=\"index, follow, max-snippet:-1, max-image-preview:large, max-video-preview:-1\" \/>\n<link rel=\"canonical\" href=\"https:\/\/automotiverevista.pt\/index.php\/2023\/05\/08\/ford-apresenta-novo-explorer-100-eletrico-desenvolvido-e-construido-na-europa\/\" \/>\n<meta property=\"og:locale\" content=\"pt_PT\" \/>\n<meta property=\"og:type\" content=\"article\" \/>\n<meta property=\"og:title\" content=\"Ford apresenta novo Explorer 100% el\u00e9trico desenvolvido e constru\u00eddo na Europa\" \/>\n<meta property=\"og:description\" content=\"A Ford apresentou o novo Explorer 100% el\u00e9trico, uma nova e arrojada proposta el\u00e9trica que combina a engenharia alem\u00e3 com a o arrojado estilo americano. O Explorer \u00e9 o primeiro modelo de uma nova vaga de novos e inovadores ve\u00edculos el\u00e9tricos da Ford, delineando o percurso que aponta a uma completa reinven\u00e7\u00e3o da marca Ford [&hellip;]\" \/>\n<meta property=\"og:url\" content=\"https:\/\/automotiverevista.pt\/index.php\/2023\/05\/08\/ford-apresenta-novo-explorer-100-eletrico-desenvolvido-e-construido-na-europa\/\" \/>\n<meta property=\"og:site_name\" content=\"Revista Automotive\" \/>\n<meta property=\"article:published_time\" content=\"2023-05-08T06:00:00+00:00\" \/>\n<meta property=\"og:image\" content=\"https:\/\/automotiverevista.pt\/wp-content\/uploads\/2023\/04\/FotoAbertura-3.jpg\" \/>\n\t<meta property=\"og:image:width\" content=\"2362\" \/>\n\t<meta property=\"og:image:height\" content=\"1285\" \/>\n\t<meta property=\"og:image:type\" content=\"image\/jpeg\" \/>\n<meta name=\"author\" content=\"MiguelMarques\" \/>\n<meta name=\"twitter:card\" content=\"summary_large_image\" \/>\n<meta name=\"twitter:label1\" content=\"Escrito por\" \/>\n\t<meta name=\"twitter:data1\" content=\"MiguelMarques\" \/>\n\t<meta name=\"twitter:label2\" content=\"Tempo estimado de leitura\" \/>\n\t<meta name=\"twitter:data2\" content=\"5 minutos\" \/>\n<script type=\"application\/ld+json\" class=\"yoast-schema-graph\">{\"@context\":\"https:\\\/\\\/schema.org\",\"@graph\":[{\"@type\":\"Article\",\"@id\":\"https:\\\/\\\/automotiverevista.pt\\\/index.php\\\/2023\\\/05\\\/08\\\/ford-apresenta-novo-explorer-100-eletrico-desenvolvido-e-construido-na-europa\\\/#article\",\"isPartOf\":{\"@id\":\"https:\\\/\\\/automotiverevista.pt\\\/index.php\\\/2023\\\/05\\\/08\\\/ford-apresenta-novo-explorer-100-eletrico-desenvolvido-e-construido-na-europa\\\/\"},\"author\":{\"name\":\"MiguelMarques\",\"@id\":\"https:\\\/\\\/automotiverevista.pt\\\/#\\\/schema\\\/person\\\/d705335f9c428a4a0cae3d11afb2e0ef\"},\"headline\":\"Ford apresenta novo Explorer 100% el\u00e9trico desenvolvido e constru\u00eddo na Europa\",\"datePublished\":\"2023-05-08T06:00:00+00:00\",\"mainEntityOfPage\":{\"@id\":\"https:\\\/\\\/automotiverevista.pt\\\/index.php\\\/2023\\\/05\\\/08\\\/ford-apresenta-novo-explorer-100-eletrico-desenvolvido-e-construido-na-europa\\\/\"},\"wordCount\":909,\"publisher\":{\"@id\":\"https:\\\/\\\/automotiverevista.pt\\\/#organization\"},\"image\":{\"@id\":\"https:\\\/\\\/automotiverevista.pt\\\/index.php\\\/2023\\\/05\\\/08\\\/ford-apresenta-novo-explorer-100-eletrico-desenvolvido-e-construido-na-europa\\\/#primaryimage\"},\"thumbnailUrl\":\"https:\\\/\\\/automotiverevista.pt\\\/wp-content\\\/uploads\\\/2023\\\/04\\\/FotoAbertura-3.jpg\",\"articleSection\":[\"Frotas\"],\"inLanguage\":\"pt-PT\"},{\"@type\":\"WebPage\",\"@id\":\"https:\\\/\\\/automotiverevista.pt\\\/index.php\\\/2023\\\/05\\\/08\\\/ford-apresenta-novo-explorer-100-eletrico-desenvolvido-e-construido-na-europa\\\/\",\"url\":\"https:\\\/\\\/automotiverevista.pt\\\/index.php\\\/2023\\\/05\\\/08\\\/ford-apresenta-novo-explorer-100-eletrico-desenvolvido-e-construido-na-europa\\\/\",\"name\":\"Ford apresenta novo Explorer 100% el\u00e9trico desenvolvido e constru\u00eddo na Europa - Revista Automotive\",\"isPartOf\":{\"@id\":\"https:\\\/\\\/automotiverevista.pt\\\/#website\"},\"primaryImageOfPage\":{\"@id\":\"https:\\\/\\\/automotiverevista.pt\\\/index.php\\\/2023\\\/05\\\/08\\\/ford-apresenta-novo-explorer-100-eletrico-desenvolvido-e-construido-na-europa\\\/#primaryimage\"},\"image\":{\"@id\":\"https:\\\/\\\/automotiverevista.pt\\\/index.php\\\/2023\\\/05\\\/08\\\/ford-apresenta-novo-explorer-100-eletrico-desenvolvido-e-construido-na-europa\\\/#primaryimage\"},\"thumbnailUrl\":\"https:\\\/\\\/automotiverevista.pt\\\/wp-content\\\/uploads\\\/2023\\\/04\\\/FotoAbertura-3.jpg\",\"datePublished\":\"2023-05-08T06:00:00+00:00\",\"breadcrumb\":{\"@id\":\"https:\\\/\\\/automotiverevista.pt\\\/index.php\\\/2023\\\/05\\\/08\\\/ford-apresenta-novo-explorer-100-eletrico-desenvolvido-e-construido-na-europa\\\/#breadcrumb\"},\"inLanguage\":\"pt-PT\",\"potentialAction\":[{\"@type\":\"ReadAction\",\"target\":[\"https:\\\/\\\/automotiverevista.pt\\\/index.php\\\/2023\\\/05\\\/08\\\/ford-apresenta-novo-explorer-100-eletrico-desenvolvido-e-construido-na-europa\\\/\"]}]},{\"@type\":\"ImageObject\",\"inLanguage\":\"pt-PT\",\"@id\":\"https:\\\/\\\/automotiverevista.pt\\\/index.php\\\/2023\\\/05\\\/08\\\/ford-apresenta-novo-explorer-100-eletrico-desenvolvido-e-construido-na-europa\\\/#primaryimage\",\"url\":\"https:\\\/\\\/automotiverevista.pt\\\/wp-content\\\/uploads\\\/2023\\\/04\\\/FotoAbertura-3.jpg\",\"contentUrl\":\"https:\\\/\\\/automotiverevista.pt\\\/wp-content\\\/uploads\\\/2023\\\/04\\\/FotoAbertura-3.jpg\",\"width\":2362,\"height\":1285},{\"@type\":\"BreadcrumbList\",\"@id\":\"https:\\\/\\\/automotiverevista.pt\\\/index.php\\\/2023\\\/05\\\/08\\\/ford-apresenta-novo-explorer-100-eletrico-desenvolvido-e-construido-na-europa\\\/#breadcrumb\",\"itemListElement\":[{\"@type\":\"ListItem\",\"position\":1,\"name\":\"Home\",\"item\":\"https:\\\/\\\/automotiverevista.pt\\\/\"},{\"@type\":\"ListItem\",\"position\":2,\"name\":\"Ford apresenta novo Explorer 100% el\u00e9trico desenvolvido e constru\u00eddo na Europa\"}]},{\"@type\":\"WebSite\",\"@id\":\"https:\\\/\\\/automotiverevista.pt\\\/#website\",\"url\":\"https:\\\/\\\/automotiverevista.pt\\\/\",\"name\":\"Revista Automotive\",\"description\":\"Revista Automotive Portugal\",\"publisher\":{\"@id\":\"https:\\\/\\\/automotiverevista.pt\\\/#organization\"},\"potentialAction\":[{\"@type\":\"SearchAction\",\"target\":{\"@type\":\"EntryPoint\",\"urlTemplate\":\"https:\\\/\\\/automotiverevista.pt\\\/?s={search_term_string}\"},\"query-input\":{\"@type\":\"PropertyValueSpecification\",\"valueRequired\":true,\"valueName\":\"search_term_string\"}}],\"inLanguage\":\"pt-PT\"},{\"@type\":\"Organization\",\"@id\":\"https:\\\/\\\/automotiverevista.pt\\\/#organization\",\"name\":\"Revista Automotive Portugal\",\"url\":\"https:\\\/\\\/automotiverevista.pt\\\/\",\"logo\":{\"@type\":\"ImageObject\",\"inLanguage\":\"pt-PT\",\"@id\":\"https:\\\/\\\/automotiverevista.pt\\\/#\\\/schema\\\/logo\\\/image\\\/\",\"url\":\"https:\\\/\\\/automotiverevista.pt\\\/wp-content\\\/uploads\\\/2022\\\/07\\\/Logo-Automotive-2021_500-1.jpg\",\"contentUrl\":\"https:\\\/\\\/automotiverevista.pt\\\/wp-content\\\/uploads\\\/2022\\\/07\\\/Logo-Automotive-2021_500-1.jpg\",\"width\":500,\"height\":160,\"caption\":\"Revista Automotive Portugal\"},\"image\":{\"@id\":\"https:\\\/\\\/automotiverevista.pt\\\/#\\\/schema\\\/logo\\\/image\\\/\"},\"sameAs\":[\"https:\\\/\\\/linkedin.com\\\/in\\\/automotiverevista\"]},{\"@type\":\"Person\",\"@id\":\"https:\\\/\\\/automotiverevista.pt\\\/#\\\/schema\\\/person\\\/d705335f9c428a4a0cae3d11afb2e0ef\",\"name\":\"MiguelMarques\",\"image\":{\"@type\":\"ImageObject\",\"inLanguage\":\"pt-PT\",\"@id\":\"https:\\\/\\\/secure.gravatar.com\\\/avatar\\\/635d1f118671d87c579d5e4f6491bfc0081e3bbddd605eb321931e9c938270b5?s=96&d=mm&r=g\",\"url\":\"https:\\\/\\\/secure.gravatar.com\\\/avatar\\\/635d1f118671d87c579d5e4f6491bfc0081e3bbddd605eb321931e9c938270b5?s=96&d=mm&r=g\",\"contentUrl\":\"https:\\\/\\\/secure.gravatar.com\\\/avatar\\\/635d1f118671d87c579d5e4f6491bfc0081e3bbddd605eb321931e9c938270b5?s=96&d=mm&r=g\",\"caption\":\"MiguelMarques\"},\"url\":\"https:\\\/\\\/automotiverevista.pt\\\/index.php\\\/author\\\/miguelmarques\\\/\"}]}<\/script>\n<!-- \/ Yoast SEO Premium plugin. -->","yoast_head_json":{"title":"Ford apresenta novo Explorer 100% el\u00e9trico desenvolvido e constru\u00eddo na Europa - Revista Automotive","robots":{"index":"index","follow":"follow","max-snippet":"max-snippet:-1","max-image-preview":"max-image-preview:large","max-video-preview":"max-video-preview:-1"},"canonical":"https:\/\/automotiverevista.pt\/index.php\/2023\/05\/08\/ford-apresenta-novo-explorer-100-eletrico-desenvolvido-e-construido-na-europa\/","og_locale":"pt_PT","og_type":"article","og_title":"Ford apresenta novo Explorer 100% el\u00e9trico desenvolvido e constru\u00eddo na Europa","og_description":"A Ford apresentou o novo Explorer 100% el\u00e9trico, uma nova e arrojada proposta el\u00e9trica que combina a engenharia alem\u00e3 com a o arrojado estilo americano. O Explorer \u00e9 o primeiro modelo de uma nova vaga de novos e inovadores ve\u00edculos el\u00e9tricos da Ford, delineando o percurso que aponta a uma completa reinven\u00e7\u00e3o da marca Ford [&hellip;]","og_url":"https:\/\/automotiverevista.pt\/index.php\/2023\/05\/08\/ford-apresenta-novo-explorer-100-eletrico-desenvolvido-e-construido-na-europa\/","og_site_name":"Revista Automotive","article_published_time":"2023-05-08T06:00:00+00:00","og_image":[{"width":2362,"height":1285,"url":"https:\/\/automotiverevista.pt\/wp-content\/uploads\/2023\/04\/FotoAbertura-3.jpg","type":"image\/jpeg"}],"author":"MiguelMarques","twitter_card":"summary_large_image","twitter_misc":{"Escrito por":"MiguelMarques","Tempo estimado de leitura":"5 minutos"},"schema":{"@context":"https:\/\/schema.org","@graph":[{"@type":"Article","@id":"https:\/\/automotiverevista.pt\/index.php\/2023\/05\/08\/ford-apresenta-novo-explorer-100-eletrico-desenvolvido-e-construido-na-europa\/#article","isPartOf":{"@id":"https:\/\/automotiverevista.pt\/index.php\/2023\/05\/08\/ford-apresenta-novo-explorer-100-eletrico-desenvolvido-e-construido-na-europa\/"},"author":{"name":"MiguelMarques","@id":"https:\/\/automotiverevista.pt\/#\/schema\/person\/d705335f9c428a4a0cae3d11afb2e0ef"},"headline":"Ford apresenta novo Explorer 100% el\u00e9trico desenvolvido e constru\u00eddo na Europa","datePublished":"2023-05-08T06:00:00+00:00","mainEntityOfPage":{"@id":"https:\/\/automotiverevista.pt\/index.php\/2023\/05\/08\/ford-apresenta-novo-explorer-100-eletrico-desenvolvido-e-construido-na-europa\/"},"wordCount":909,"publisher":{"@id":"https:\/\/automotiverevista.pt\/#organization"},"image":{"@id":"https:\/\/automotiverevista.pt\/index.php\/2023\/05\/08\/ford-apresenta-novo-explorer-100-eletrico-desenvolvido-e-construido-na-europa\/#primaryimage"},"thumbnailUrl":"https:\/\/automotiverevista.pt\/wp-content\/uploads\/2023\/04\/FotoAbertura-3.jpg","articleSection":["Frotas"],"inLanguage":"pt-PT"},{"@type":"WebPage","@id":"https:\/\/automotiverevista.pt\/index.php\/2023\/05\/08\/ford-apresenta-novo-explorer-100-eletrico-desenvolvido-e-construido-na-europa\/","url":"https:\/\/automotiverevista.pt\/index.php\/2023\/05\/08\/ford-apresenta-novo-explorer-100-eletrico-desenvolvido-e-construido-na-europa\/","name":"Ford apresenta novo Explorer 100% el\u00e9trico desenvolvido e constru\u00eddo na Europa - Revista Automotive","isPartOf":{"@id":"https:\/\/automotiverevista.pt\/#website"},"primaryImageOfPage":{"@id":"https:\/\/automotiverevista.pt\/index.php\/2023\/05\/08\/ford-apresenta-novo-explorer-100-eletrico-desenvolvido-e-construido-na-europa\/#primaryimage"},"image":{"@id":"https:\/\/automotiverevista.pt\/index.php\/2023\/05\/08\/ford-apresenta-novo-explorer-100-eletrico-desenvolvido-e-construido-na-europa\/#primaryimage"},"thumbnailUrl":"https:\/\/automotiverevista.pt\/wp-content\/uploads\/2023\/04\/FotoAbertura-3.jpg","datePublished":"2023-05-08T06:00:00+00:00","breadcrumb":{"@id":"https:\/\/automotiverevista.pt\/index.php\/2023\/05\/08\/ford-apresenta-novo-explorer-100-eletrico-desenvolvido-e-construido-na-europa\/#breadcrumb"},"inLanguage":"pt-PT","potentialAction":[{"@type":"ReadAction","target":["https:\/\/automotiverevista.pt\/index.php\/2023\/05\/08\/ford-apresenta-novo-explorer-100-eletrico-desenvolvido-e-construido-na-europa\/"]}]},{"@type":"ImageObject","inLanguage":"pt-PT","@id":"https:\/\/automotiverevista.pt\/index.php\/2023\/05\/08\/ford-apresenta-novo-explorer-100-eletrico-desenvolvido-e-construido-na-europa\/#primaryimage","url":"https:\/\/automotiverevista.pt\/wp-content\/uploads\/2023\/04\/FotoAbertura-3.jpg","contentUrl":"https:\/\/automotiverevista.pt\/wp-content\/uploads\/2023\/04\/FotoAbertura-3.jpg","width":2362,"height":1285},{"@type":"BreadcrumbList","@id":"https:\/\/automotiverevista.pt\/index.php\/2023\/05\/08\/ford-apresenta-novo-explorer-100-eletrico-desenvolvido-e-construido-na-europa\/#breadcrumb","itemListElement":[{"@type":"ListItem","position":1,"name":"Home","item":"https:\/\/automotiverevista.pt\/"},{"@type":"ListItem","position":2,"name":"Ford apresenta novo Explorer 100% el\u00e9trico desenvolvido e constru\u00eddo na Europa"}]},{"@type":"WebSite","@id":"https:\/\/automotiverevista.pt\/#website","url":"https:\/\/automotiverevista.pt\/","name":"Revista Automotive","description":"Revista Automotive Portugal","publisher":{"@id":"https:\/\/automotiverevista.pt\/#organization"},"potentialAction":[{"@type":"SearchAction","target":{"@type":"EntryPoint","urlTemplate":"https:\/\/automotiverevista.pt\/?s={search_term_string}"},"query-input":{"@type":"PropertyValueSpecification","valueRequired":true,"valueName":"search_term_string"}}],"inLanguage":"pt-PT"},{"@type":"Organization","@id":"https:\/\/automotiverevista.pt\/#organization","name":"Revista Automotive Portugal","url":"https:\/\/automotiverevista.pt\/","logo":{"@type":"ImageObject","inLanguage":"pt-PT","@id":"https:\/\/automotiverevista.pt\/#\/schema\/logo\/image\/","url":"https:\/\/automotiverevista.pt\/wp-content\/uploads\/2022\/07\/Logo-Automotive-2021_500-1.jpg","contentUrl":"https:\/\/automotiverevista.pt\/wp-content\/uploads\/2022\/07\/Logo-Automotive-2021_500-1.jpg","width":500,"height":160,"caption":"Revista Automotive Portugal"},"image":{"@id":"https:\/\/automotiverevista.pt\/#\/schema\/logo\/image\/"},"sameAs":["https:\/\/linkedin.com\/in\/automotiverevista"]},{"@type":"Person","@id":"https:\/\/automotiverevista.pt\/#\/schema\/person\/d705335f9c428a4a0cae3d11afb2e0ef","name":"MiguelMarques","image":{"@type":"ImageObject","inLanguage":"pt-PT","@id":"https:\/\/secure.gravatar.com\/avatar\/635d1f118671d87c579d5e4f6491bfc0081e3bbddd605eb321931e9c938270b5?s=96&d=mm&r=g","url":"https:\/\/secure.gravatar.com\/avatar\/635d1f118671d87c579d5e4f6491bfc0081e3bbddd605eb321931e9c938270b5?s=96&d=mm&r=g","contentUrl":"https:\/\/secure.gravatar.com\/avatar\/635d1f118671d87c579d5e4f6491bfc0081e3bbddd605eb321931e9c938270b5?s=96&d=mm&r=g","caption":"MiguelMarques"},"url":"https:\/\/automotiverevista.pt\/index.php\/author\/miguelmarques\/"}]}},"_links":{"self":[{"href":"https:\/\/automotiverevista.pt\/index.php\/wp-json\/wp\/v2\/posts\/2852","targetHints":{"allow":["GET"]}}],"collection":[{"href":"https:\/\/automotiverevista.pt\/index.php\/wp-json\/wp\/v2\/posts"}],"about":[{"href":"https:\/\/automotiverevista.pt\/index.php\/wp-json\/wp\/v2\/types\/post"}],"author":[{"embeddable":true,"href":"https:\/\/automotiverevista.pt\/index.php\/wp-json\/wp\/v2\/users\/3"}],"replies":[{"embeddable":true,"href":"https:\/\/automotiverevista.pt\/index.php\/wp-json\/wp\/v2\/comments?post=2852"}],"version-history":[{"count":1,"href":"https:\/\/automotiverevista.pt\/index.php\/wp-json\/wp\/v2\/posts\/2852\/revisions"}],"predecessor-version":[{"id":2856,"href":"https:\/\/automotiverevista.pt\/index.php\/wp-json\/wp\/v2\/posts\/2852\/revisions\/2856"}],"wp:featuredmedia":[{"embeddable":true,"href":"https:\/\/automotiverevista.pt\/index.php\/wp-json\/wp\/v2\/media\/2853"}],"wp:attachment":[{"href":"https:\/\/automotiverevista.pt\/index.php\/wp-json\/wp\/v2\/media?parent=2852"}],"wp:term":[{"taxonomy":"category","embeddable":true,"href":"https:\/\/automotiverevista.pt\/index.php\/wp-json\/wp\/v2\/categories?post=2852"},{"taxonomy":"post_tag","embeddable":true,"href":"https:\/\/automotiverevista.pt\/index.php\/wp-json\/wp\/v2\/tags?post=2852"}],"curies":[{"name":"wp","href":"https:\/\/api.w.org\/{rel}","templated":true}]}}