{"id":2869,"date":"2023-05-10T08:00:00","date_gmt":"2023-05-10T08:00:00","guid":{"rendered":"https:\/\/automotiverevista.pt\/?p=2869"},"modified":"2023-04-29T10:14:46","modified_gmt":"2023-04-29T10:14:46","slug":"suzuki-portugal-aumenta-vendas-em-217","status":"publish","type":"post","link":"https:\/\/automotiverevista.pt\/index.php\/2023\/05\/10\/suzuki-portugal-aumenta-vendas-em-217\/","title":{"rendered":"Suzuki Portugal aumenta vendas em 217%\u00a0"},"content":{"rendered":"\n<p>A Suzuki conseguiu um bom arranque de ano em Portugal, com um incremento de cerca de 217% nas suas vendas relativamente ao primeiro trimestre de 2022 gra\u00e7as a uma maior din\u00e2mica em toda a gama de modelos eletrificados. O aumento do stock de modelos permitiu, para al\u00e9m disso, realizar entregas que se encontravam em espera na maioria dos modelos. O S-Cross, por exemplo, \u00e9 oferecido com disponibilidade imediata.<\/p>\n\n\n\n<p>A Suzuki protagonizou um s\u00f3lido incremento de vendas no primeiro trimestre do ano. O crescimento dos cerca de 217% \u00e9 muito superior ao aumento do mercado de Ve\u00edculos Ligeiros em Portugal, que cresceu cerca de 42% no primeiro trimestre do ano. Todos os modelos da gama Suzuki viram as suas vendas crescerem se comparadas com os primeiros tr\u00eas meses do ano passado.<\/p>\n\n\n\n<figure class=\"wp-block-image size-large\"><img decoding=\"async\" width=\"1024\" height=\"576\" src=\"https:\/\/automotiverevista.pt\/wp-content\/uploads\/2023\/04\/key_img02-1024x576.jpg\" alt=\"\" class=\"wp-image-2871\" srcset=\"https:\/\/automotiverevista.pt\/wp-content\/uploads\/2023\/04\/key_img02-1024x576.jpg 1024w, https:\/\/automotiverevista.pt\/wp-content\/uploads\/2023\/04\/key_img02-300x169.jpg 300w, https:\/\/automotiverevista.pt\/wp-content\/uploads\/2023\/04\/key_img02-768x432.jpg 768w, https:\/\/automotiverevista.pt\/wp-content\/uploads\/2023\/04\/key_img02-1536x863.jpg 1536w, https:\/\/automotiverevista.pt\/wp-content\/uploads\/2023\/04\/key_img02-2048x1151.jpg 2048w, https:\/\/automotiverevista.pt\/wp-content\/uploads\/2023\/04\/key_img02-750x422.jpg 750w, https:\/\/automotiverevista.pt\/wp-content\/uploads\/2023\/04\/key_img02-1140x641.jpg 1140w\" sizes=\"(max-width: 1024px) 100vw, 1024px\" \/><\/figure>\n\n\n\n<p>O Suzuki S-Cross a celebrar o seu d\u00e9cimo anivers\u00e1rio \u00e9 o que apresenta um maior peso dentro da gama Suzuki nas vendas do trimestre e que se situa em 29%. Analisando por segmentos, os modelos mais citadinos, Ignis, Swift, Swift Sport e Swace representaram 48% das vendas do trimestre e as gamas SUV, Vitara, S-Cross, Across e Jimny Pro, representaram 52%.<\/p>\n\n\n\n<p><strong>Gama eletrificada com 5 sistemas de hibridiza\u00e7\u00e3o e 4 de tra\u00e7\u00e3o<\/strong><\/p>\n\n\n\n<p>A Suzuki disp\u00f5e de uma gama completa em Portugal que inclui cinco tecnologias de hibridiza\u00e7\u00e3o, sete modelos eletrificados e quatro sistemas de tra\u00e7\u00e3o total. \u00c9 o resultado de um longo caminho explorando todas as tecnologias dispon\u00edveis para propulsionar um autom\u00f3vel, que se solidificou em uma gama eletrificada que se conjuga na perfei\u00e7\u00e3o com a filosofia da marca, e tamb\u00e9m \u00e9 sin\u00f3nimo de divers\u00e3o ao volante e esp\u00edrito de aventura.<\/p>\n\n\n\n<figure class=\"wp-block-image size-large\"><img decoding=\"async\" width=\"1024\" height=\"576\" src=\"https:\/\/automotiverevista.pt\/wp-content\/uploads\/2023\/04\/key_img03-1024x576.jpg\" alt=\"\" class=\"wp-image-2872\" srcset=\"https:\/\/automotiverevista.pt\/wp-content\/uploads\/2023\/04\/key_img03-1024x576.jpg 1024w, https:\/\/automotiverevista.pt\/wp-content\/uploads\/2023\/04\/key_img03-300x169.jpg 300w, https:\/\/automotiverevista.pt\/wp-content\/uploads\/2023\/04\/key_img03-768x432.jpg 768w, https:\/\/automotiverevista.pt\/wp-content\/uploads\/2023\/04\/key_img03-1536x864.jpg 1536w, https:\/\/automotiverevista.pt\/wp-content\/uploads\/2023\/04\/key_img03-2048x1152.jpg 2048w, https:\/\/automotiverevista.pt\/wp-content\/uploads\/2023\/04\/key_img03-750x422.jpg 750w, https:\/\/automotiverevista.pt\/wp-content\/uploads\/2023\/04\/key_img03-1140x641.jpg 1140w\" sizes=\"(max-width: 1024px) 100vw, 1024px\" \/><\/figure>\n\n\n\n<p>Com exce\u00e7\u00e3o do Jimny Pro, todos os modelos da Suzuki em Portugal (Ignis, Swift, Swift Sport, Vitara, S-Cross, Swace e Across) est\u00e3o eletrificados. A marca oferece cinco tecnologias h\u00edbridas que se adaptam \u00e0s necessidades dos condutores e \u00e0s diferentes filosofias de cada modelo.&nbsp;<\/p>\n\n\n\n<p>Desde a hibridiza\u00e7\u00e3o ligeira MHEV, com sistemas de 12V e 48V, at\u00e9 aos h\u00edbridos auto carreg\u00e1veis HEV e Strong Hybrid, passando pela tecnologia h\u00edbrida plug-in PHEV, a Suzuki oferece todos os sistemas de hibridiza\u00e7\u00e3o existentes na sua gama de modelos. Os modelos Ignis, Swift, Swift Sport, Vitara e S-Cross, t\u00eam hibridiza\u00e7\u00e3o ligeira (MHEV) com sistemas de 12 volts para os dois primeiros e 48 V para os tr\u00eas restantes.&nbsp;<\/p>\n\n\n\n<figure class=\"wp-block-image size-large\"><img decoding=\"async\" width=\"1024\" height=\"576\" src=\"https:\/\/automotiverevista.pt\/wp-content\/uploads\/2023\/04\/key_img05-1024x576.jpg\" alt=\"\" class=\"wp-image-2873\" srcset=\"https:\/\/automotiverevista.pt\/wp-content\/uploads\/2023\/04\/key_img05-1024x576.jpg 1024w, https:\/\/automotiverevista.pt\/wp-content\/uploads\/2023\/04\/key_img05-300x169.jpg 300w, https:\/\/automotiverevista.pt\/wp-content\/uploads\/2023\/04\/key_img05-768x432.jpg 768w, https:\/\/automotiverevista.pt\/wp-content\/uploads\/2023\/04\/key_img05-1536x864.jpg 1536w, https:\/\/automotiverevista.pt\/wp-content\/uploads\/2023\/04\/key_img05-2048x1152.jpg 2048w, https:\/\/automotiverevista.pt\/wp-content\/uploads\/2023\/04\/key_img05-750x422.jpg 750w, https:\/\/automotiverevista.pt\/wp-content\/uploads\/2023\/04\/key_img05-1140x641.jpg 1140w\" sizes=\"(max-width: 1024px) 100vw, 1024px\" \/><\/figure>\n\n\n\n<p>O familiar Suzuki Swace e os modelos Vitara e S-Cross Strong Hybrid, t\u00eam diferentes sistemas h\u00edbridos de recarga autom\u00e1tica, enquanto o Suzuki Across possui um sistema h\u00edbrido plug-in (PHEV) que oferece 75 km de autonomia em modo el\u00e9trico (WLTP), sem gerar emiss\u00f5es poluentes.<\/p>\n\n\n","protected":false},"excerpt":{"rendered":"<p>A Suzuki conseguiu um bom arranque de ano em Portugal, com um incremento de cerca de 217% nas suas vendas relativamente ao primeiro trimestre de 2022 gra\u00e7as a uma maior din\u00e2mica em toda a gama de modelos eletrificados. O aumento do stock de modelos permitiu, para al\u00e9m disso, realizar entregas que se encontravam em espera [&hellip;]<\/p>\n","protected":false},"author":3,"featured_media":2870,"comment_status":"closed","ping_status":"open","sticky":false,"template":"","format":"standard","meta":{"jnews-multi-image_gallery":[],"jnews_single_post":{"subtitle":"","format":"standard","video":"","gallery":"","source_name":"","source_url":"","via_name":"","via_url":"","override_template":"0","override":[{"template":"2","single_blog_custom":"","parallax":"1","fullscreen":"1","layout":"right-sidebar","sidebar":"default-sidebar","second_sidebar":"default-sidebar","sticky_sidebar":"1","share_position":"topbottom","share_float_style":"share-monocrhome","show_share_counter":"0","show_view_counter":"0","show_featured":"1","show_post_meta":"1","show_post_author":"0","show_post_author_image":"1","show_post_date":"1","post_date_format":"default","post_date_format_custom":"Y\/m\/d","show_post_category":"1","show_post_reading_time":"0","post_reading_time_wpm":"300","show_zoom_button":"0","zoom_button_out_step":"2","zoom_button_in_step":"3","show_post_tag":"1","show_prev_next_post":"0","show_popup_post":"1","number_popup_post":"1","show_author_box":"0","show_post_related":"1","show_inline_post_related":"1"}],"override_image_size":"0","image_override":[{"single_post_thumbnail_size":"crop-500","single_post_gallery_size":"crop-500"}],"trending_post":"0","trending_post_position":"meta","trending_post_label":"Trending","sponsored_post":"0","sponsored_post_label":"Sponsored by","sponsored_post_name":"","sponsored_post_url":"","sponsored_post_logo_enable":"0","sponsored_post_logo":"","sponsored_post_desc":"","disable_ad":"0"},"jnews_primary_category":{"id":"","hide":""},"footnotes":""},"categories":[23],"tags":[],"class_list":["post-2869","post","type-post","status-publish","format-standard","has-post-thumbnail","hentry","category-frotas"],"yoast_head":"<!-- This site is optimized with the Yoast SEO Premium plugin v27.5 (Yoast SEO v27.5) - https:\/\/yoast.com\/product\/yoast-seo-premium-wordpress\/ -->\n<title>Suzuki Portugal aumenta vendas em 217%\u00a0 - Revista Automotive<\/title>\n<meta name=\"robots\" content=\"index, follow, max-snippet:-1, max-image-preview:large, max-video-preview:-1\" \/>\n<link rel=\"canonical\" href=\"https:\/\/automotiverevista.pt\/index.php\/2023\/05\/10\/suzuki-portugal-aumenta-vendas-em-217\/\" \/>\n<meta property=\"og:locale\" content=\"pt_PT\" \/>\n<meta property=\"og:type\" content=\"article\" \/>\n<meta property=\"og:title\" content=\"Suzuki Portugal aumenta vendas em 217%\u00a0\" \/>\n<meta property=\"og:description\" content=\"A Suzuki conseguiu um bom arranque de ano em Portugal, com um incremento de cerca de 217% nas suas vendas relativamente ao primeiro trimestre de 2022 gra\u00e7as a uma maior din\u00e2mica em toda a gama de modelos eletrificados. O aumento do stock de modelos permitiu, para al\u00e9m disso, realizar entregas que se encontravam em espera [&hellip;]\" \/>\n<meta property=\"og:url\" content=\"https:\/\/automotiverevista.pt\/index.php\/2023\/05\/10\/suzuki-portugal-aumenta-vendas-em-217\/\" \/>\n<meta property=\"og:site_name\" content=\"Revista Automotive\" \/>\n<meta property=\"article:published_time\" content=\"2023-05-10T08:00:00+00:00\" \/>\n<meta property=\"og:image\" content=\"https:\/\/automotiverevista.pt\/wp-content\/uploads\/2023\/04\/key_img01.jpg\" \/>\n\t<meta property=\"og:image:width\" content=\"2560\" \/>\n\t<meta property=\"og:image:height\" content=\"1440\" \/>\n\t<meta property=\"og:image:type\" content=\"image\/jpeg\" \/>\n<meta name=\"author\" content=\"MiguelMarques\" \/>\n<meta name=\"twitter:card\" content=\"summary_large_image\" \/>\n<meta name=\"twitter:label1\" content=\"Escrito por\" \/>\n\t<meta name=\"twitter:data1\" content=\"MiguelMarques\" \/>\n\t<meta name=\"twitter:label2\" content=\"Tempo estimado de leitura\" \/>\n\t<meta name=\"twitter:data2\" content=\"4 minutos\" \/>\n<script type=\"application\/ld+json\" class=\"yoast-schema-graph\">{\"@context\":\"https:\\\/\\\/schema.org\",\"@graph\":[{\"@type\":\"Article\",\"@id\":\"https:\\\/\\\/automotiverevista.pt\\\/index.php\\\/2023\\\/05\\\/10\\\/suzuki-portugal-aumenta-vendas-em-217\\\/#article\",\"isPartOf\":{\"@id\":\"https:\\\/\\\/automotiverevista.pt\\\/index.php\\\/2023\\\/05\\\/10\\\/suzuki-portugal-aumenta-vendas-em-217\\\/\"},\"author\":{\"name\":\"MiguelMarques\",\"@id\":\"https:\\\/\\\/automotiverevista.pt\\\/#\\\/schema\\\/person\\\/d705335f9c428a4a0cae3d11afb2e0ef\"},\"headline\":\"Suzuki Portugal aumenta vendas em 217%\u00a0\",\"datePublished\":\"2023-05-10T08:00:00+00:00\",\"mainEntityOfPage\":{\"@id\":\"https:\\\/\\\/automotiverevista.pt\\\/index.php\\\/2023\\\/05\\\/10\\\/suzuki-portugal-aumenta-vendas-em-217\\\/\"},\"wordCount\":453,\"publisher\":{\"@id\":\"https:\\\/\\\/automotiverevista.pt\\\/#organization\"},\"image\":{\"@id\":\"https:\\\/\\\/automotiverevista.pt\\\/index.php\\\/2023\\\/05\\\/10\\\/suzuki-portugal-aumenta-vendas-em-217\\\/#primaryimage\"},\"thumbnailUrl\":\"https:\\\/\\\/automotiverevista.pt\\\/wp-content\\\/uploads\\\/2023\\\/04\\\/key_img01.jpg\",\"articleSection\":[\"Frotas\"],\"inLanguage\":\"pt-PT\"},{\"@type\":\"WebPage\",\"@id\":\"https:\\\/\\\/automotiverevista.pt\\\/index.php\\\/2023\\\/05\\\/10\\\/suzuki-portugal-aumenta-vendas-em-217\\\/\",\"url\":\"https:\\\/\\\/automotiverevista.pt\\\/index.php\\\/2023\\\/05\\\/10\\\/suzuki-portugal-aumenta-vendas-em-217\\\/\",\"name\":\"Suzuki Portugal aumenta vendas em 217%\u00a0 - Revista Automotive\",\"isPartOf\":{\"@id\":\"https:\\\/\\\/automotiverevista.pt\\\/#website\"},\"primaryImageOfPage\":{\"@id\":\"https:\\\/\\\/automotiverevista.pt\\\/index.php\\\/2023\\\/05\\\/10\\\/suzuki-portugal-aumenta-vendas-em-217\\\/#primaryimage\"},\"image\":{\"@id\":\"https:\\\/\\\/automotiverevista.pt\\\/index.php\\\/2023\\\/05\\\/10\\\/suzuki-portugal-aumenta-vendas-em-217\\\/#primaryimage\"},\"thumbnailUrl\":\"https:\\\/\\\/automotiverevista.pt\\\/wp-content\\\/uploads\\\/2023\\\/04\\\/key_img01.jpg\",\"datePublished\":\"2023-05-10T08:00:00+00:00\",\"breadcrumb\":{\"@id\":\"https:\\\/\\\/automotiverevista.pt\\\/index.php\\\/2023\\\/05\\\/10\\\/suzuki-portugal-aumenta-vendas-em-217\\\/#breadcrumb\"},\"inLanguage\":\"pt-PT\",\"potentialAction\":[{\"@type\":\"ReadAction\",\"target\":[\"https:\\\/\\\/automotiverevista.pt\\\/index.php\\\/2023\\\/05\\\/10\\\/suzuki-portugal-aumenta-vendas-em-217\\\/\"]}]},{\"@type\":\"ImageObject\",\"inLanguage\":\"pt-PT\",\"@id\":\"https:\\\/\\\/automotiverevista.pt\\\/index.php\\\/2023\\\/05\\\/10\\\/suzuki-portugal-aumenta-vendas-em-217\\\/#primaryimage\",\"url\":\"https:\\\/\\\/automotiverevista.pt\\\/wp-content\\\/uploads\\\/2023\\\/04\\\/key_img01.jpg\",\"contentUrl\":\"https:\\\/\\\/automotiverevista.pt\\\/wp-content\\\/uploads\\\/2023\\\/04\\\/key_img01.jpg\",\"width\":2560,\"height\":1440},{\"@type\":\"BreadcrumbList\",\"@id\":\"https:\\\/\\\/automotiverevista.pt\\\/index.php\\\/2023\\\/05\\\/10\\\/suzuki-portugal-aumenta-vendas-em-217\\\/#breadcrumb\",\"itemListElement\":[{\"@type\":\"ListItem\",\"position\":1,\"name\":\"Home\",\"item\":\"https:\\\/\\\/automotiverevista.pt\\\/\"},{\"@type\":\"ListItem\",\"position\":2,\"name\":\"Suzuki Portugal aumenta vendas em 217%\u00a0\"}]},{\"@type\":\"WebSite\",\"@id\":\"https:\\\/\\\/automotiverevista.pt\\\/#website\",\"url\":\"https:\\\/\\\/automotiverevista.pt\\\/\",\"name\":\"Revista Automotive\",\"description\":\"Revista Automotive Portugal\",\"publisher\":{\"@id\":\"https:\\\/\\\/automotiverevista.pt\\\/#organization\"},\"potentialAction\":[{\"@type\":\"SearchAction\",\"target\":{\"@type\":\"EntryPoint\",\"urlTemplate\":\"https:\\\/\\\/automotiverevista.pt\\\/?s={search_term_string}\"},\"query-input\":{\"@type\":\"PropertyValueSpecification\",\"valueRequired\":true,\"valueName\":\"search_term_string\"}}],\"inLanguage\":\"pt-PT\"},{\"@type\":\"Organization\",\"@id\":\"https:\\\/\\\/automotiverevista.pt\\\/#organization\",\"name\":\"Revista Automotive Portugal\",\"url\":\"https:\\\/\\\/automotiverevista.pt\\\/\",\"logo\":{\"@type\":\"ImageObject\",\"inLanguage\":\"pt-PT\",\"@id\":\"https:\\\/\\\/automotiverevista.pt\\\/#\\\/schema\\\/logo\\\/image\\\/\",\"url\":\"https:\\\/\\\/automotiverevista.pt\\\/wp-content\\\/uploads\\\/2022\\\/07\\\/Logo-Automotive-2021_500-1.jpg\",\"contentUrl\":\"https:\\\/\\\/automotiverevista.pt\\\/wp-content\\\/uploads\\\/2022\\\/07\\\/Logo-Automotive-2021_500-1.jpg\",\"width\":500,\"height\":160,\"caption\":\"Revista Automotive Portugal\"},\"image\":{\"@id\":\"https:\\\/\\\/automotiverevista.pt\\\/#\\\/schema\\\/logo\\\/image\\\/\"},\"sameAs\":[\"https:\\\/\\\/linkedin.com\\\/in\\\/automotiverevista\"]},{\"@type\":\"Person\",\"@id\":\"https:\\\/\\\/automotiverevista.pt\\\/#\\\/schema\\\/person\\\/d705335f9c428a4a0cae3d11afb2e0ef\",\"name\":\"MiguelMarques\",\"image\":{\"@type\":\"ImageObject\",\"inLanguage\":\"pt-PT\",\"@id\":\"https:\\\/\\\/secure.gravatar.com\\\/avatar\\\/635d1f118671d87c579d5e4f6491bfc0081e3bbddd605eb321931e9c938270b5?s=96&d=mm&r=g\",\"url\":\"https:\\\/\\\/secure.gravatar.com\\\/avatar\\\/635d1f118671d87c579d5e4f6491bfc0081e3bbddd605eb321931e9c938270b5?s=96&d=mm&r=g\",\"contentUrl\":\"https:\\\/\\\/secure.gravatar.com\\\/avatar\\\/635d1f118671d87c579d5e4f6491bfc0081e3bbddd605eb321931e9c938270b5?s=96&d=mm&r=g\",\"caption\":\"MiguelMarques\"},\"url\":\"https:\\\/\\\/automotiverevista.pt\\\/index.php\\\/author\\\/miguelmarques\\\/\"}]}<\/script>\n<!-- \/ Yoast SEO Premium plugin. -->","yoast_head_json":{"title":"Suzuki Portugal aumenta vendas em 217%\u00a0 - Revista Automotive","robots":{"index":"index","follow":"follow","max-snippet":"max-snippet:-1","max-image-preview":"max-image-preview:large","max-video-preview":"max-video-preview:-1"},"canonical":"https:\/\/automotiverevista.pt\/index.php\/2023\/05\/10\/suzuki-portugal-aumenta-vendas-em-217\/","og_locale":"pt_PT","og_type":"article","og_title":"Suzuki Portugal aumenta vendas em 217%\u00a0","og_description":"A Suzuki conseguiu um bom arranque de ano em Portugal, com um incremento de cerca de 217% nas suas vendas relativamente ao primeiro trimestre de 2022 gra\u00e7as a uma maior din\u00e2mica em toda a gama de modelos eletrificados. O aumento do stock de modelos permitiu, para al\u00e9m disso, realizar entregas que se encontravam em espera [&hellip;]","og_url":"https:\/\/automotiverevista.pt\/index.php\/2023\/05\/10\/suzuki-portugal-aumenta-vendas-em-217\/","og_site_name":"Revista Automotive","article_published_time":"2023-05-10T08:00:00+00:00","og_image":[{"width":2560,"height":1440,"url":"https:\/\/automotiverevista.pt\/wp-content\/uploads\/2023\/04\/key_img01.jpg","type":"image\/jpeg"}],"author":"MiguelMarques","twitter_card":"summary_large_image","twitter_misc":{"Escrito por":"MiguelMarques","Tempo estimado de leitura":"4 minutos"},"schema":{"@context":"https:\/\/schema.org","@graph":[{"@type":"Article","@id":"https:\/\/automotiverevista.pt\/index.php\/2023\/05\/10\/suzuki-portugal-aumenta-vendas-em-217\/#article","isPartOf":{"@id":"https:\/\/automotiverevista.pt\/index.php\/2023\/05\/10\/suzuki-portugal-aumenta-vendas-em-217\/"},"author":{"name":"MiguelMarques","@id":"https:\/\/automotiverevista.pt\/#\/schema\/person\/d705335f9c428a4a0cae3d11afb2e0ef"},"headline":"Suzuki Portugal aumenta vendas em 217%\u00a0","datePublished":"2023-05-10T08:00:00+00:00","mainEntityOfPage":{"@id":"https:\/\/automotiverevista.pt\/index.php\/2023\/05\/10\/suzuki-portugal-aumenta-vendas-em-217\/"},"wordCount":453,"publisher":{"@id":"https:\/\/automotiverevista.pt\/#organization"},"image":{"@id":"https:\/\/automotiverevista.pt\/index.php\/2023\/05\/10\/suzuki-portugal-aumenta-vendas-em-217\/#primaryimage"},"thumbnailUrl":"https:\/\/automotiverevista.pt\/wp-content\/uploads\/2023\/04\/key_img01.jpg","articleSection":["Frotas"],"inLanguage":"pt-PT"},{"@type":"WebPage","@id":"https:\/\/automotiverevista.pt\/index.php\/2023\/05\/10\/suzuki-portugal-aumenta-vendas-em-217\/","url":"https:\/\/automotiverevista.pt\/index.php\/2023\/05\/10\/suzuki-portugal-aumenta-vendas-em-217\/","name":"Suzuki Portugal aumenta vendas em 217%\u00a0 - Revista Automotive","isPartOf":{"@id":"https:\/\/automotiverevista.pt\/#website"},"primaryImageOfPage":{"@id":"https:\/\/automotiverevista.pt\/index.php\/2023\/05\/10\/suzuki-portugal-aumenta-vendas-em-217\/#primaryimage"},"image":{"@id":"https:\/\/automotiverevista.pt\/index.php\/2023\/05\/10\/suzuki-portugal-aumenta-vendas-em-217\/#primaryimage"},"thumbnailUrl":"https:\/\/automotiverevista.pt\/wp-content\/uploads\/2023\/04\/key_img01.jpg","datePublished":"2023-05-10T08:00:00+00:00","breadcrumb":{"@id":"https:\/\/automotiverevista.pt\/index.php\/2023\/05\/10\/suzuki-portugal-aumenta-vendas-em-217\/#breadcrumb"},"inLanguage":"pt-PT","potentialAction":[{"@type":"ReadAction","target":["https:\/\/automotiverevista.pt\/index.php\/2023\/05\/10\/suzuki-portugal-aumenta-vendas-em-217\/"]}]},{"@type":"ImageObject","inLanguage":"pt-PT","@id":"https:\/\/automotiverevista.pt\/index.php\/2023\/05\/10\/suzuki-portugal-aumenta-vendas-em-217\/#primaryimage","url":"https:\/\/automotiverevista.pt\/wp-content\/uploads\/2023\/04\/key_img01.jpg","contentUrl":"https:\/\/automotiverevista.pt\/wp-content\/uploads\/2023\/04\/key_img01.jpg","width":2560,"height":1440},{"@type":"BreadcrumbList","@id":"https:\/\/automotiverevista.pt\/index.php\/2023\/05\/10\/suzuki-portugal-aumenta-vendas-em-217\/#breadcrumb","itemListElement":[{"@type":"ListItem","position":1,"name":"Home","item":"https:\/\/automotiverevista.pt\/"},{"@type":"ListItem","position":2,"name":"Suzuki Portugal aumenta vendas em 217%\u00a0"}]},{"@type":"WebSite","@id":"https:\/\/automotiverevista.pt\/#website","url":"https:\/\/automotiverevista.pt\/","name":"Revista Automotive","description":"Revista Automotive Portugal","publisher":{"@id":"https:\/\/automotiverevista.pt\/#organization"},"potentialAction":[{"@type":"SearchAction","target":{"@type":"EntryPoint","urlTemplate":"https:\/\/automotiverevista.pt\/?s={search_term_string}"},"query-input":{"@type":"PropertyValueSpecification","valueRequired":true,"valueName":"search_term_string"}}],"inLanguage":"pt-PT"},{"@type":"Organization","@id":"https:\/\/automotiverevista.pt\/#organization","name":"Revista Automotive Portugal","url":"https:\/\/automotiverevista.pt\/","logo":{"@type":"ImageObject","inLanguage":"pt-PT","@id":"https:\/\/automotiverevista.pt\/#\/schema\/logo\/image\/","url":"https:\/\/automotiverevista.pt\/wp-content\/uploads\/2022\/07\/Logo-Automotive-2021_500-1.jpg","contentUrl":"https:\/\/automotiverevista.pt\/wp-content\/uploads\/2022\/07\/Logo-Automotive-2021_500-1.jpg","width":500,"height":160,"caption":"Revista Automotive Portugal"},"image":{"@id":"https:\/\/automotiverevista.pt\/#\/schema\/logo\/image\/"},"sameAs":["https:\/\/linkedin.com\/in\/automotiverevista"]},{"@type":"Person","@id":"https:\/\/automotiverevista.pt\/#\/schema\/person\/d705335f9c428a4a0cae3d11afb2e0ef","name":"MiguelMarques","image":{"@type":"ImageObject","inLanguage":"pt-PT","@id":"https:\/\/secure.gravatar.com\/avatar\/635d1f118671d87c579d5e4f6491bfc0081e3bbddd605eb321931e9c938270b5?s=96&d=mm&r=g","url":"https:\/\/secure.gravatar.com\/avatar\/635d1f118671d87c579d5e4f6491bfc0081e3bbddd605eb321931e9c938270b5?s=96&d=mm&r=g","contentUrl":"https:\/\/secure.gravatar.com\/avatar\/635d1f118671d87c579d5e4f6491bfc0081e3bbddd605eb321931e9c938270b5?s=96&d=mm&r=g","caption":"MiguelMarques"},"url":"https:\/\/automotiverevista.pt\/index.php\/author\/miguelmarques\/"}]}},"_links":{"self":[{"href":"https:\/\/automotiverevista.pt\/index.php\/wp-json\/wp\/v2\/posts\/2869","targetHints":{"allow":["GET"]}}],"collection":[{"href":"https:\/\/automotiverevista.pt\/index.php\/wp-json\/wp\/v2\/posts"}],"about":[{"href":"https:\/\/automotiverevista.pt\/index.php\/wp-json\/wp\/v2\/types\/post"}],"author":[{"embeddable":true,"href":"https:\/\/automotiverevista.pt\/index.php\/wp-json\/wp\/v2\/users\/3"}],"replies":[{"embeddable":true,"href":"https:\/\/automotiverevista.pt\/index.php\/wp-json\/wp\/v2\/comments?post=2869"}],"version-history":[{"count":2,"href":"https:\/\/automotiverevista.pt\/index.php\/wp-json\/wp\/v2\/posts\/2869\/revisions"}],"predecessor-version":[{"id":2876,"href":"https:\/\/automotiverevista.pt\/index.php\/wp-json\/wp\/v2\/posts\/2869\/revisions\/2876"}],"wp:featuredmedia":[{"embeddable":true,"href":"https:\/\/automotiverevista.pt\/index.php\/wp-json\/wp\/v2\/media\/2870"}],"wp:attachment":[{"href":"https:\/\/automotiverevista.pt\/index.php\/wp-json\/wp\/v2\/media?parent=2869"}],"wp:term":[{"taxonomy":"category","embeddable":true,"href":"https:\/\/automotiverevista.pt\/index.php\/wp-json\/wp\/v2\/categories?post=2869"},{"taxonomy":"post_tag","embeddable":true,"href":"https:\/\/automotiverevista.pt\/index.php\/wp-json\/wp\/v2\/tags?post=2869"}],"curies":[{"name":"wp","href":"https:\/\/api.w.org\/{rel}","templated":true}]}}