{"id":2877,"date":"2023-05-10T06:00:00","date_gmt":"2023-05-10T06:00:00","guid":{"rendered":"https:\/\/automotiverevista.pt\/?p=2877"},"modified":"2023-04-29T10:23:10","modified_gmt":"2023-04-29T10:23:10","slug":"ronal-produz-rodas-com-100-aluminio-secundario","status":"publish","type":"post","link":"https:\/\/automotiverevista.pt\/index.php\/2023\/05\/10\/ronal-produz-rodas-com-100-aluminio-secundario\/","title":{"rendered":"Ronal produz rodas com 100% alum\u00ednio secund\u00e1rio"},"content":{"rendered":"\n<p>Como parte de sua estrat\u00e9gia de sustentabilidade PLANBLUE, o Grupo RONAL estabeleceu a meta de reduzir em 50% suas emiss\u00f5es de CO2 na produ\u00e7\u00e3o at\u00e9 2030 e produzir rodas completamente neutras em CO2 at\u00e9 2050. A f\u00e1brica alem\u00e3 em Landau est\u00e1 liderando essa iniciativa, produzindo as primeiras rodas de liga leve feitas de 100% de alum\u00ednio secund\u00e1rio para o novo MINI Cooper SE Convers\u00edvel totalmente el\u00e9trico.<\/p>\n\n\n\n<p>A produ\u00e7\u00e3o de alum\u00ednio prim\u00e1rio \u00e9 um processo intensivo em energia que impacta o meio ambiente: a balan\u00e7a de carbono do Grupo RONAL mostra que 74% da gera\u00e7\u00e3o de CO2 \u00e9 atribu\u00edvel \u00e0 obten\u00e7\u00e3o de alum\u00ednio. A empresa obt\u00e9m 100% de seu alum\u00ednio de membros da Iniciativa de Administra\u00e7\u00e3o de Alum\u00ednio (ASI), e 63% do alum\u00ednio que adquire \u00e9 produzido com energia renov\u00e1vel comprovada. O fabricante de rodas tamb\u00e9m \u00e9 certificado pelo Padr\u00e3o de Desempenho ASI desde setembro de 2022.<\/p>\n\n\n\n<p>Al\u00e9m disso, o Grupo RONAL vem trabalhando h\u00e1 anos para expandir seus recursos sustent\u00e1veis e aumentar a propor\u00e7\u00e3o de materiais reciclados em suas opera\u00e7\u00f5es de produ\u00e7\u00e3o, a fim de reduzir continuamente a pegada ecol\u00f3gica da empresa. A planta de produ\u00e7\u00e3o do Grupo RONAL em Landau, Alemanha, pretende obter a aprova\u00e7\u00e3o de todos os seus clientes OEM para o uso de alum\u00ednio secund\u00e1rio at\u00e9 o meio do ano, a fim de reduzir sua pegada de CO2 pela metade at\u00e9 o final do ano.<\/p>\n\n\n\n<p>Em colabora\u00e7\u00e3o com a fabricante de carros MINI, o Grupo RONAL produziu as primeiras rodas de liga leve do mundo feitas de 100% de alum\u00ednio secund\u00e1rio para uso em um ve\u00edculo em produ\u00e7\u00e3o em s\u00e9rie. O novo MINI Cooper SE Convers\u00edvel est\u00e1 equipado com rodas feitas de 40% de material pr\u00e9-consumidor e 60% de material p\u00f3s-consumidor.<\/p>\n\n\n\n<p>Os res\u00edduos pr\u00e9-consumidor incluem res\u00edduos de alum\u00ednio, como cavacos gerados na produ\u00e7\u00e3o, que devem ser processados em um est\u00e1gio intermedi\u00e1rio antes de serem reintroduzidos no processo de fus\u00e3o. Eles devem ser lavados e secos antes de poderem ser reutilizados.<\/p>\n\n\n\n<p>O alum\u00ednio p\u00f3s-consumidor \u00e9 fornecido pela empresa Eccomelt. A qualidade \u00e9 a mesma do alum\u00ednio prim\u00e1rio e atualmente apresenta a melhor pegada de CO2 do mercado. Ao usar material reciclado, as emiss\u00f5es de CO2e na produ\u00e7\u00e3o podem ser reduzidas em at\u00e9 75%. No final de sua vida \u00fatil, a roda de liga do MINI Cooper SE Convers\u00edvel pode ser reciclada para fazer uma nova roda.<\/p>\n","protected":false},"excerpt":{"rendered":"<p>Como parte de sua estrat\u00e9gia de sustentabilidade PLANBLUE, o Grupo RONAL estabeleceu a meta de reduzir em 50% suas emiss\u00f5es de CO2 na produ\u00e7\u00e3o at\u00e9 2030 e produzir rodas completamente neutras em CO2 at\u00e9 2050. A f\u00e1brica alem\u00e3 em Landau est\u00e1 liderando essa iniciativa, produzindo as primeiras rodas de liga leve feitas de 100% de [&hellip;]<\/p>\n","protected":false},"author":3,"featured_media":2878,"comment_status":"closed","ping_status":"open","sticky":false,"template":"","format":"standard","meta":{"jnews-multi-image_gallery":[],"jnews_single_post":{"subtitle":"","format":"standard","video":"","gallery":"","source_name":"","source_url":"","via_name":"","via_url":"","override_template":"0","override":[{"template":"2","single_blog_custom":"","parallax":"1","fullscreen":"1","layout":"right-sidebar","sidebar":"default-sidebar","second_sidebar":"default-sidebar","sticky_sidebar":"1","share_position":"topbottom","share_float_style":"share-monocrhome","show_share_counter":"0","show_view_counter":"0","show_featured":"1","show_post_meta":"1","show_post_author":"0","show_post_author_image":"1","show_post_date":"1","post_date_format":"default","post_date_format_custom":"Y\/m\/d","show_post_category":"1","show_post_reading_time":"0","post_reading_time_wpm":"300","show_zoom_button":"0","zoom_button_out_step":"2","zoom_button_in_step":"3","show_post_tag":"1","show_prev_next_post":"0","show_popup_post":"1","number_popup_post":"1","show_author_box":"0","show_post_related":"1","show_inline_post_related":"1"}],"override_image_size":"0","image_override":[{"single_post_thumbnail_size":"crop-500","single_post_gallery_size":"crop-500"}],"trending_post":"0","trending_post_position":"meta","trending_post_label":"Trending","sponsored_post":"0","sponsored_post_label":"Sponsored by","sponsored_post_name":"","sponsored_post_url":"","sponsored_post_logo_enable":"0","sponsored_post_logo":"","sponsored_post_desc":"","disable_ad":"0"},"jnews_primary_category":{"id":"","hide":""},"footnotes":""},"categories":[23],"tags":[],"class_list":["post-2877","post","type-post","status-publish","format-standard","has-post-thumbnail","hentry","category-frotas"],"yoast_head":"<!-- This site is optimized with the Yoast SEO Premium plugin v27.5 (Yoast SEO v27.5) - https:\/\/yoast.com\/product\/yoast-seo-premium-wordpress\/ -->\n<title>Ronal produz rodas com 100% alum\u00ednio secund\u00e1rio - Revista Automotive<\/title>\n<meta name=\"robots\" content=\"index, follow, max-snippet:-1, max-image-preview:large, max-video-preview:-1\" \/>\n<link rel=\"canonical\" href=\"https:\/\/automotiverevista.pt\/index.php\/2023\/05\/10\/ronal-produz-rodas-com-100-aluminio-secundario\/\" \/>\n<meta property=\"og:locale\" content=\"pt_PT\" \/>\n<meta property=\"og:type\" content=\"article\" \/>\n<meta property=\"og:title\" content=\"Ronal produz rodas com 100% alum\u00ednio secund\u00e1rio\" \/>\n<meta property=\"og:description\" content=\"Como parte de sua estrat\u00e9gia de sustentabilidade PLANBLUE, o Grupo RONAL estabeleceu a meta de reduzir em 50% suas emiss\u00f5es de CO2 na produ\u00e7\u00e3o at\u00e9 2030 e produzir rodas completamente neutras em CO2 at\u00e9 2050. A f\u00e1brica alem\u00e3 em Landau est\u00e1 liderando essa iniciativa, produzindo as primeiras rodas de liga leve feitas de 100% de [&hellip;]\" \/>\n<meta property=\"og:url\" content=\"https:\/\/automotiverevista.pt\/index.php\/2023\/05\/10\/ronal-produz-rodas-com-100-aluminio-secundario\/\" \/>\n<meta property=\"og:site_name\" content=\"Revista Automotive\" \/>\n<meta property=\"article:published_time\" content=\"2023-05-10T06:00:00+00:00\" \/>\n<meta property=\"og:image\" content=\"https:\/\/automotiverevista.pt\/wp-content\/uploads\/2023\/04\/FotoAbertura-5.jpg\" \/>\n\t<meta property=\"og:image:width\" content=\"2000\" \/>\n\t<meta property=\"og:image:height\" content=\"1333\" \/>\n\t<meta property=\"og:image:type\" content=\"image\/jpeg\" \/>\n<meta name=\"author\" content=\"MiguelMarques\" \/>\n<meta name=\"twitter:card\" content=\"summary_large_image\" \/>\n<meta name=\"twitter:label1\" content=\"Escrito por\" \/>\n\t<meta name=\"twitter:data1\" content=\"MiguelMarques\" \/>\n\t<meta name=\"twitter:label2\" content=\"Tempo estimado de leitura\" \/>\n\t<meta name=\"twitter:data2\" content=\"3 minutos\" \/>\n<script type=\"application\/ld+json\" class=\"yoast-schema-graph\">{\"@context\":\"https:\\\/\\\/schema.org\",\"@graph\":[{\"@type\":\"Article\",\"@id\":\"https:\\\/\\\/automotiverevista.pt\\\/index.php\\\/2023\\\/05\\\/10\\\/ronal-produz-rodas-com-100-aluminio-secundario\\\/#article\",\"isPartOf\":{\"@id\":\"https:\\\/\\\/automotiverevista.pt\\\/index.php\\\/2023\\\/05\\\/10\\\/ronal-produz-rodas-com-100-aluminio-secundario\\\/\"},\"author\":{\"name\":\"MiguelMarques\",\"@id\":\"https:\\\/\\\/automotiverevista.pt\\\/#\\\/schema\\\/person\\\/d705335f9c428a4a0cae3d11afb2e0ef\"},\"headline\":\"Ronal produz rodas com 100% alum\u00ednio secund\u00e1rio\",\"datePublished\":\"2023-05-10T06:00:00+00:00\",\"mainEntityOfPage\":{\"@id\":\"https:\\\/\\\/automotiverevista.pt\\\/index.php\\\/2023\\\/05\\\/10\\\/ronal-produz-rodas-com-100-aluminio-secundario\\\/\"},\"wordCount\":436,\"publisher\":{\"@id\":\"https:\\\/\\\/automotiverevista.pt\\\/#organization\"},\"image\":{\"@id\":\"https:\\\/\\\/automotiverevista.pt\\\/index.php\\\/2023\\\/05\\\/10\\\/ronal-produz-rodas-com-100-aluminio-secundario\\\/#primaryimage\"},\"thumbnailUrl\":\"https:\\\/\\\/automotiverevista.pt\\\/wp-content\\\/uploads\\\/2023\\\/04\\\/FotoAbertura-5.jpg\",\"articleSection\":[\"Frotas\"],\"inLanguage\":\"pt-PT\"},{\"@type\":\"WebPage\",\"@id\":\"https:\\\/\\\/automotiverevista.pt\\\/index.php\\\/2023\\\/05\\\/10\\\/ronal-produz-rodas-com-100-aluminio-secundario\\\/\",\"url\":\"https:\\\/\\\/automotiverevista.pt\\\/index.php\\\/2023\\\/05\\\/10\\\/ronal-produz-rodas-com-100-aluminio-secundario\\\/\",\"name\":\"Ronal produz rodas com 100% alum\u00ednio secund\u00e1rio - Revista Automotive\",\"isPartOf\":{\"@id\":\"https:\\\/\\\/automotiverevista.pt\\\/#website\"},\"primaryImageOfPage\":{\"@id\":\"https:\\\/\\\/automotiverevista.pt\\\/index.php\\\/2023\\\/05\\\/10\\\/ronal-produz-rodas-com-100-aluminio-secundario\\\/#primaryimage\"},\"image\":{\"@id\":\"https:\\\/\\\/automotiverevista.pt\\\/index.php\\\/2023\\\/05\\\/10\\\/ronal-produz-rodas-com-100-aluminio-secundario\\\/#primaryimage\"},\"thumbnailUrl\":\"https:\\\/\\\/automotiverevista.pt\\\/wp-content\\\/uploads\\\/2023\\\/04\\\/FotoAbertura-5.jpg\",\"datePublished\":\"2023-05-10T06:00:00+00:00\",\"breadcrumb\":{\"@id\":\"https:\\\/\\\/automotiverevista.pt\\\/index.php\\\/2023\\\/05\\\/10\\\/ronal-produz-rodas-com-100-aluminio-secundario\\\/#breadcrumb\"},\"inLanguage\":\"pt-PT\",\"potentialAction\":[{\"@type\":\"ReadAction\",\"target\":[\"https:\\\/\\\/automotiverevista.pt\\\/index.php\\\/2023\\\/05\\\/10\\\/ronal-produz-rodas-com-100-aluminio-secundario\\\/\"]}]},{\"@type\":\"ImageObject\",\"inLanguage\":\"pt-PT\",\"@id\":\"https:\\\/\\\/automotiverevista.pt\\\/index.php\\\/2023\\\/05\\\/10\\\/ronal-produz-rodas-com-100-aluminio-secundario\\\/#primaryimage\",\"url\":\"https:\\\/\\\/automotiverevista.pt\\\/wp-content\\\/uploads\\\/2023\\\/04\\\/FotoAbertura-5.jpg\",\"contentUrl\":\"https:\\\/\\\/automotiverevista.pt\\\/wp-content\\\/uploads\\\/2023\\\/04\\\/FotoAbertura-5.jpg\",\"width\":2000,\"height\":1333},{\"@type\":\"BreadcrumbList\",\"@id\":\"https:\\\/\\\/automotiverevista.pt\\\/index.php\\\/2023\\\/05\\\/10\\\/ronal-produz-rodas-com-100-aluminio-secundario\\\/#breadcrumb\",\"itemListElement\":[{\"@type\":\"ListItem\",\"position\":1,\"name\":\"Home\",\"item\":\"https:\\\/\\\/automotiverevista.pt\\\/\"},{\"@type\":\"ListItem\",\"position\":2,\"name\":\"Ronal produz rodas com 100% alum\u00ednio secund\u00e1rio\"}]},{\"@type\":\"WebSite\",\"@id\":\"https:\\\/\\\/automotiverevista.pt\\\/#website\",\"url\":\"https:\\\/\\\/automotiverevista.pt\\\/\",\"name\":\"Revista Automotive\",\"description\":\"Revista Automotive Portugal\",\"publisher\":{\"@id\":\"https:\\\/\\\/automotiverevista.pt\\\/#organization\"},\"potentialAction\":[{\"@type\":\"SearchAction\",\"target\":{\"@type\":\"EntryPoint\",\"urlTemplate\":\"https:\\\/\\\/automotiverevista.pt\\\/?s={search_term_string}\"},\"query-input\":{\"@type\":\"PropertyValueSpecification\",\"valueRequired\":true,\"valueName\":\"search_term_string\"}}],\"inLanguage\":\"pt-PT\"},{\"@type\":\"Organization\",\"@id\":\"https:\\\/\\\/automotiverevista.pt\\\/#organization\",\"name\":\"Revista Automotive Portugal\",\"url\":\"https:\\\/\\\/automotiverevista.pt\\\/\",\"logo\":{\"@type\":\"ImageObject\",\"inLanguage\":\"pt-PT\",\"@id\":\"https:\\\/\\\/automotiverevista.pt\\\/#\\\/schema\\\/logo\\\/image\\\/\",\"url\":\"https:\\\/\\\/automotiverevista.pt\\\/wp-content\\\/uploads\\\/2022\\\/07\\\/Logo-Automotive-2021_500-1.jpg\",\"contentUrl\":\"https:\\\/\\\/automotiverevista.pt\\\/wp-content\\\/uploads\\\/2022\\\/07\\\/Logo-Automotive-2021_500-1.jpg\",\"width\":500,\"height\":160,\"caption\":\"Revista Automotive Portugal\"},\"image\":{\"@id\":\"https:\\\/\\\/automotiverevista.pt\\\/#\\\/schema\\\/logo\\\/image\\\/\"},\"sameAs\":[\"https:\\\/\\\/linkedin.com\\\/in\\\/automotiverevista\"]},{\"@type\":\"Person\",\"@id\":\"https:\\\/\\\/automotiverevista.pt\\\/#\\\/schema\\\/person\\\/d705335f9c428a4a0cae3d11afb2e0ef\",\"name\":\"MiguelMarques\",\"image\":{\"@type\":\"ImageObject\",\"inLanguage\":\"pt-PT\",\"@id\":\"https:\\\/\\\/secure.gravatar.com\\\/avatar\\\/635d1f118671d87c579d5e4f6491bfc0081e3bbddd605eb321931e9c938270b5?s=96&d=mm&r=g\",\"url\":\"https:\\\/\\\/secure.gravatar.com\\\/avatar\\\/635d1f118671d87c579d5e4f6491bfc0081e3bbddd605eb321931e9c938270b5?s=96&d=mm&r=g\",\"contentUrl\":\"https:\\\/\\\/secure.gravatar.com\\\/avatar\\\/635d1f118671d87c579d5e4f6491bfc0081e3bbddd605eb321931e9c938270b5?s=96&d=mm&r=g\",\"caption\":\"MiguelMarques\"},\"url\":\"https:\\\/\\\/automotiverevista.pt\\\/index.php\\\/author\\\/miguelmarques\\\/\"}]}<\/script>\n<!-- \/ Yoast SEO Premium plugin. -->","yoast_head_json":{"title":"Ronal produz rodas com 100% alum\u00ednio secund\u00e1rio - Revista Automotive","robots":{"index":"index","follow":"follow","max-snippet":"max-snippet:-1","max-image-preview":"max-image-preview:large","max-video-preview":"max-video-preview:-1"},"canonical":"https:\/\/automotiverevista.pt\/index.php\/2023\/05\/10\/ronal-produz-rodas-com-100-aluminio-secundario\/","og_locale":"pt_PT","og_type":"article","og_title":"Ronal produz rodas com 100% alum\u00ednio secund\u00e1rio","og_description":"Como parte de sua estrat\u00e9gia de sustentabilidade PLANBLUE, o Grupo RONAL estabeleceu a meta de reduzir em 50% suas emiss\u00f5es de CO2 na produ\u00e7\u00e3o at\u00e9 2030 e produzir rodas completamente neutras em CO2 at\u00e9 2050. A f\u00e1brica alem\u00e3 em Landau est\u00e1 liderando essa iniciativa, produzindo as primeiras rodas de liga leve feitas de 100% de [&hellip;]","og_url":"https:\/\/automotiverevista.pt\/index.php\/2023\/05\/10\/ronal-produz-rodas-com-100-aluminio-secundario\/","og_site_name":"Revista Automotive","article_published_time":"2023-05-10T06:00:00+00:00","og_image":[{"width":2000,"height":1333,"url":"https:\/\/automotiverevista.pt\/wp-content\/uploads\/2023\/04\/FotoAbertura-5.jpg","type":"image\/jpeg"}],"author":"MiguelMarques","twitter_card":"summary_large_image","twitter_misc":{"Escrito por":"MiguelMarques","Tempo estimado de leitura":"3 minutos"},"schema":{"@context":"https:\/\/schema.org","@graph":[{"@type":"Article","@id":"https:\/\/automotiverevista.pt\/index.php\/2023\/05\/10\/ronal-produz-rodas-com-100-aluminio-secundario\/#article","isPartOf":{"@id":"https:\/\/automotiverevista.pt\/index.php\/2023\/05\/10\/ronal-produz-rodas-com-100-aluminio-secundario\/"},"author":{"name":"MiguelMarques","@id":"https:\/\/automotiverevista.pt\/#\/schema\/person\/d705335f9c428a4a0cae3d11afb2e0ef"},"headline":"Ronal produz rodas com 100% alum\u00ednio secund\u00e1rio","datePublished":"2023-05-10T06:00:00+00:00","mainEntityOfPage":{"@id":"https:\/\/automotiverevista.pt\/index.php\/2023\/05\/10\/ronal-produz-rodas-com-100-aluminio-secundario\/"},"wordCount":436,"publisher":{"@id":"https:\/\/automotiverevista.pt\/#organization"},"image":{"@id":"https:\/\/automotiverevista.pt\/index.php\/2023\/05\/10\/ronal-produz-rodas-com-100-aluminio-secundario\/#primaryimage"},"thumbnailUrl":"https:\/\/automotiverevista.pt\/wp-content\/uploads\/2023\/04\/FotoAbertura-5.jpg","articleSection":["Frotas"],"inLanguage":"pt-PT"},{"@type":"WebPage","@id":"https:\/\/automotiverevista.pt\/index.php\/2023\/05\/10\/ronal-produz-rodas-com-100-aluminio-secundario\/","url":"https:\/\/automotiverevista.pt\/index.php\/2023\/05\/10\/ronal-produz-rodas-com-100-aluminio-secundario\/","name":"Ronal produz rodas com 100% alum\u00ednio secund\u00e1rio - Revista Automotive","isPartOf":{"@id":"https:\/\/automotiverevista.pt\/#website"},"primaryImageOfPage":{"@id":"https:\/\/automotiverevista.pt\/index.php\/2023\/05\/10\/ronal-produz-rodas-com-100-aluminio-secundario\/#primaryimage"},"image":{"@id":"https:\/\/automotiverevista.pt\/index.php\/2023\/05\/10\/ronal-produz-rodas-com-100-aluminio-secundario\/#primaryimage"},"thumbnailUrl":"https:\/\/automotiverevista.pt\/wp-content\/uploads\/2023\/04\/FotoAbertura-5.jpg","datePublished":"2023-05-10T06:00:00+00:00","breadcrumb":{"@id":"https:\/\/automotiverevista.pt\/index.php\/2023\/05\/10\/ronal-produz-rodas-com-100-aluminio-secundario\/#breadcrumb"},"inLanguage":"pt-PT","potentialAction":[{"@type":"ReadAction","target":["https:\/\/automotiverevista.pt\/index.php\/2023\/05\/10\/ronal-produz-rodas-com-100-aluminio-secundario\/"]}]},{"@type":"ImageObject","inLanguage":"pt-PT","@id":"https:\/\/automotiverevista.pt\/index.php\/2023\/05\/10\/ronal-produz-rodas-com-100-aluminio-secundario\/#primaryimage","url":"https:\/\/automotiverevista.pt\/wp-content\/uploads\/2023\/04\/FotoAbertura-5.jpg","contentUrl":"https:\/\/automotiverevista.pt\/wp-content\/uploads\/2023\/04\/FotoAbertura-5.jpg","width":2000,"height":1333},{"@type":"BreadcrumbList","@id":"https:\/\/automotiverevista.pt\/index.php\/2023\/05\/10\/ronal-produz-rodas-com-100-aluminio-secundario\/#breadcrumb","itemListElement":[{"@type":"ListItem","position":1,"name":"Home","item":"https:\/\/automotiverevista.pt\/"},{"@type":"ListItem","position":2,"name":"Ronal produz rodas com 100% alum\u00ednio secund\u00e1rio"}]},{"@type":"WebSite","@id":"https:\/\/automotiverevista.pt\/#website","url":"https:\/\/automotiverevista.pt\/","name":"Revista Automotive","description":"Revista Automotive Portugal","publisher":{"@id":"https:\/\/automotiverevista.pt\/#organization"},"potentialAction":[{"@type":"SearchAction","target":{"@type":"EntryPoint","urlTemplate":"https:\/\/automotiverevista.pt\/?s={search_term_string}"},"query-input":{"@type":"PropertyValueSpecification","valueRequired":true,"valueName":"search_term_string"}}],"inLanguage":"pt-PT"},{"@type":"Organization","@id":"https:\/\/automotiverevista.pt\/#organization","name":"Revista Automotive Portugal","url":"https:\/\/automotiverevista.pt\/","logo":{"@type":"ImageObject","inLanguage":"pt-PT","@id":"https:\/\/automotiverevista.pt\/#\/schema\/logo\/image\/","url":"https:\/\/automotiverevista.pt\/wp-content\/uploads\/2022\/07\/Logo-Automotive-2021_500-1.jpg","contentUrl":"https:\/\/automotiverevista.pt\/wp-content\/uploads\/2022\/07\/Logo-Automotive-2021_500-1.jpg","width":500,"height":160,"caption":"Revista Automotive Portugal"},"image":{"@id":"https:\/\/automotiverevista.pt\/#\/schema\/logo\/image\/"},"sameAs":["https:\/\/linkedin.com\/in\/automotiverevista"]},{"@type":"Person","@id":"https:\/\/automotiverevista.pt\/#\/schema\/person\/d705335f9c428a4a0cae3d11afb2e0ef","name":"MiguelMarques","image":{"@type":"ImageObject","inLanguage":"pt-PT","@id":"https:\/\/secure.gravatar.com\/avatar\/635d1f118671d87c579d5e4f6491bfc0081e3bbddd605eb321931e9c938270b5?s=96&d=mm&r=g","url":"https:\/\/secure.gravatar.com\/avatar\/635d1f118671d87c579d5e4f6491bfc0081e3bbddd605eb321931e9c938270b5?s=96&d=mm&r=g","contentUrl":"https:\/\/secure.gravatar.com\/avatar\/635d1f118671d87c579d5e4f6491bfc0081e3bbddd605eb321931e9c938270b5?s=96&d=mm&r=g","caption":"MiguelMarques"},"url":"https:\/\/automotiverevista.pt\/index.php\/author\/miguelmarques\/"}]}},"_links":{"self":[{"href":"https:\/\/automotiverevista.pt\/index.php\/wp-json\/wp\/v2\/posts\/2877","targetHints":{"allow":["GET"]}}],"collection":[{"href":"https:\/\/automotiverevista.pt\/index.php\/wp-json\/wp\/v2\/posts"}],"about":[{"href":"https:\/\/automotiverevista.pt\/index.php\/wp-json\/wp\/v2\/types\/post"}],"author":[{"embeddable":true,"href":"https:\/\/automotiverevista.pt\/index.php\/wp-json\/wp\/v2\/users\/3"}],"replies":[{"embeddable":true,"href":"https:\/\/automotiverevista.pt\/index.php\/wp-json\/wp\/v2\/comments?post=2877"}],"version-history":[{"count":1,"href":"https:\/\/automotiverevista.pt\/index.php\/wp-json\/wp\/v2\/posts\/2877\/revisions"}],"predecessor-version":[{"id":2879,"href":"https:\/\/automotiverevista.pt\/index.php\/wp-json\/wp\/v2\/posts\/2877\/revisions\/2879"}],"wp:featuredmedia":[{"embeddable":true,"href":"https:\/\/automotiverevista.pt\/index.php\/wp-json\/wp\/v2\/media\/2878"}],"wp:attachment":[{"href":"https:\/\/automotiverevista.pt\/index.php\/wp-json\/wp\/v2\/media?parent=2877"}],"wp:term":[{"taxonomy":"category","embeddable":true,"href":"https:\/\/automotiverevista.pt\/index.php\/wp-json\/wp\/v2\/categories?post=2877"},{"taxonomy":"post_tag","embeddable":true,"href":"https:\/\/automotiverevista.pt\/index.php\/wp-json\/wp\/v2\/tags?post=2877"}],"curies":[{"name":"wp","href":"https:\/\/api.w.org\/{rel}","templated":true}]}}