{"id":2880,"date":"2023-05-10T05:00:00","date_gmt":"2023-05-10T05:00:00","guid":{"rendered":"https:\/\/automotiverevista.pt\/?p=2880"},"modified":"2023-04-29T10:29:09","modified_gmt":"2023-04-29T10:29:09","slug":"novo-porsche-cayenne-com-alteracoes-profundas","status":"publish","type":"post","link":"https:\/\/automotiverevista.pt\/index.php\/2023\/05\/10\/novo-porsche-cayenne-com-alteracoes-profundas\/","title":{"rendered":"Novo Porsche Cayenne com altera\u00e7\u00f5es profundas"},"content":{"rendered":"\n<p>&nbsp;Porsche aprimorou o bem-sucedido SUV de luxo. O novo Cayenne es-treia um conceito de controlo e visualiza\u00e7\u00e3o altamente digital, nova tecnologia de chassis e inova\u00e7\u00f5es tecnol\u00f3gicas. \u201c\u00c9 uma das atualiza\u00e7\u00f5es de produto mais extensas da hist\u00f3ria da Porsche\u201d, diz Michael Sch\u00e4tzle, Vice President Product Line Cayenne.&nbsp;<\/p>\n\n\n\n<figure class=\"wp-block-image size-large\"><img decoding=\"async\" width=\"1024\" height=\"576\" src=\"https:\/\/automotiverevista.pt\/wp-content\/uploads\/2023\/04\/0337_saturn_AKOS0471_V02-1024x576.jpg\" alt=\"\" class=\"wp-image-2882\" srcset=\"https:\/\/automotiverevista.pt\/wp-content\/uploads\/2023\/04\/0337_saturn_AKOS0471_V02-1024x576.jpg 1024w, https:\/\/automotiverevista.pt\/wp-content\/uploads\/2023\/04\/0337_saturn_AKOS0471_V02-300x169.jpg 300w, https:\/\/automotiverevista.pt\/wp-content\/uploads\/2023\/04\/0337_saturn_AKOS0471_V02-768x432.jpg 768w, https:\/\/automotiverevista.pt\/wp-content\/uploads\/2023\/04\/0337_saturn_AKOS0471_V02-1536x864.jpg 1536w, https:\/\/automotiverevista.pt\/wp-content\/uploads\/2023\/04\/0337_saturn_AKOS0471_V02-750x422.jpg 750w, https:\/\/automotiverevista.pt\/wp-content\/uploads\/2023\/04\/0337_saturn_AKOS0471_V02-1140x641.jpg 1140w, https:\/\/automotiverevista.pt\/wp-content\/uploads\/2023\/04\/0337_saturn_AKOS0471_V02.jpg 1920w\" sizes=\"(max-width: 1024px) 100vw, 1024px\" \/><\/figure>\n\n\n\n<p>Os far\u00f3is em LED HD Matrix garantem a ilumina\u00e7\u00e3o da estrada adaptada a cada situ-a\u00e7\u00e3o de condu\u00e7\u00e3o, um sistema de qualidade de ar filtra as part\u00edculas poluentes no interior e, pela primeira vez no Cayenne, o passageiro dianteiro tem o seu pr\u00f3prio ecr\u00e3 de infotainment \u2013 para, por exemplo, transmiss\u00e3o de v\u00eddeos durante uma viagem. Com o design amplamente melhorado e um aumento de pot\u00eancia na gama de motores, o Cayenne sublinha a intens\u00e3o de ser o modelo mais desportivo do seu segmento.<\/p>\n\n\n\n<figure class=\"wp-block-image size-large\"><img decoding=\"async\" width=\"1024\" height=\"576\" src=\"https:\/\/automotiverevista.pt\/wp-content\/uploads\/2023\/04\/1031_saturn_AKOS1541_V01-1024x576.jpg\" alt=\"\" class=\"wp-image-2883\" srcset=\"https:\/\/automotiverevista.pt\/wp-content\/uploads\/2023\/04\/1031_saturn_AKOS1541_V01-1024x576.jpg 1024w, https:\/\/automotiverevista.pt\/wp-content\/uploads\/2023\/04\/1031_saturn_AKOS1541_V01-300x169.jpg 300w, https:\/\/automotiverevista.pt\/wp-content\/uploads\/2023\/04\/1031_saturn_AKOS1541_V01-768x432.jpg 768w, https:\/\/automotiverevista.pt\/wp-content\/uploads\/2023\/04\/1031_saturn_AKOS1541_V01-1536x864.jpg 1536w, https:\/\/automotiverevista.pt\/wp-content\/uploads\/2023\/04\/1031_saturn_AKOS1541_V01-750x422.jpg 750w, https:\/\/automotiverevista.pt\/wp-content\/uploads\/2023\/04\/1031_saturn_AKOS1541_V01-1140x641.jpg 1140w, https:\/\/automotiverevista.pt\/wp-content\/uploads\/2023\/04\/1031_saturn_AKOS1541_V01.jpg 1920w\" sizes=\"(max-width: 1024px) 100vw, 1024px\" \/><\/figure>\n\n\n\n<p>Na Europa, o novo Cayenne \u00e9 apresentado com tr\u00eas motoriza\u00e7\u00f5es. O refinamento profundo do motor V8 de 4.0 litros biturbo, desenvolvido pela Porsche, substitui o motor V6 no novo Cayenne S. Com uma pot\u00eancia m\u00e1xima de 349 kW (474 CV) e um bin\u00e1rio de 600 Nm \u2013 mais 25 kW (34 CV) e 50 Nm do que o antecessor \u2013 tanto o SUV como o SUV Coup\u00e9 conseguem acelerar dos 0 aos 100 km\/h em 4,7 segundos. A velocidade m\u00e1xima \u00e9 de 273 km\/h. A vers\u00e3o de entrada na gama Cayenne est\u00e1 equipada com o motor V6 de 3.0 litros turbo otimizado. Agora, debita 260 kW (353 CV) e 500 Nm de bin\u00e1rio, um acr\u00e9scimo de 10 kW (13 CV) e 50 Nm.<\/p>\n\n\n\n<figure class=\"wp-block-image size-large\"><img decoding=\"async\" width=\"1024\" height=\"576\" src=\"https:\/\/automotiverevista.pt\/wp-content\/uploads\/2023\/04\/Interior_1_1-1024x576.jpg\" alt=\"\" class=\"wp-image-2884\" srcset=\"https:\/\/automotiverevista.pt\/wp-content\/uploads\/2023\/04\/Interior_1_1-1024x576.jpg 1024w, https:\/\/automotiverevista.pt\/wp-content\/uploads\/2023\/04\/Interior_1_1-300x169.jpg 300w, https:\/\/automotiverevista.pt\/wp-content\/uploads\/2023\/04\/Interior_1_1-768x432.jpg 768w, https:\/\/automotiverevista.pt\/wp-content\/uploads\/2023\/04\/Interior_1_1-1536x864.jpg 1536w, https:\/\/automotiverevista.pt\/wp-content\/uploads\/2023\/04\/Interior_1_1-750x422.jpg 750w, https:\/\/automotiverevista.pt\/wp-content\/uploads\/2023\/04\/Interior_1_1-1140x641.jpg 1140w, https:\/\/automotiverevista.pt\/wp-content\/uploads\/2023\/04\/Interior_1_1.jpg 1920w\" sizes=\"(max-width: 1024px) 100vw, 1024px\" \/><\/figure>\n","protected":false},"excerpt":{"rendered":"<p>&nbsp;Porsche aprimorou o bem-sucedido SUV de luxo. O novo Cayenne es-treia um conceito de controlo e visualiza\u00e7\u00e3o altamente digital, nova tecnologia de chassis e inova\u00e7\u00f5es tecnol\u00f3gicas. \u201c\u00c9 uma das atualiza\u00e7\u00f5es de produto mais extensas da hist\u00f3ria da Porsche\u201d, diz Michael Sch\u00e4tzle, Vice President Product Line Cayenne.&nbsp; Os far\u00f3is em LED HD Matrix garantem a ilumina\u00e7\u00e3o [&hellip;]<\/p>\n","protected":false},"author":3,"featured_media":2881,"comment_status":"closed","ping_status":"open","sticky":false,"template":"","format":"standard","meta":{"jnews-multi-image_gallery":[],"jnews_single_post":{"subtitle":"","format":"standard","video":"","gallery":"","source_name":"","source_url":"","via_name":"","via_url":"","override_template":"0","override":[{"template":"2","single_blog_custom":"","parallax":"1","fullscreen":"1","layout":"right-sidebar","sidebar":"default-sidebar","second_sidebar":"default-sidebar","sticky_sidebar":"1","share_position":"topbottom","share_float_style":"share-monocrhome","show_share_counter":"0","show_view_counter":"0","show_featured":"1","show_post_meta":"1","show_post_author":"0","show_post_author_image":"1","show_post_date":"1","post_date_format":"default","post_date_format_custom":"Y\/m\/d","show_post_category":"1","show_post_reading_time":"0","post_reading_time_wpm":"300","show_zoom_button":"0","zoom_button_out_step":"2","zoom_button_in_step":"3","show_post_tag":"1","show_prev_next_post":"0","show_popup_post":"1","number_popup_post":"1","show_author_box":"0","show_post_related":"1","show_inline_post_related":"1"}],"override_image_size":"0","image_override":[{"single_post_thumbnail_size":"crop-500","single_post_gallery_size":"crop-500"}],"trending_post":"0","trending_post_position":"meta","trending_post_label":"Trending","sponsored_post":"0","sponsored_post_label":"Sponsored by","sponsored_post_name":"","sponsored_post_url":"","sponsored_post_logo_enable":"0","sponsored_post_logo":"","sponsored_post_desc":"","disable_ad":"0"},"jnews_primary_category":{"id":"","hide":""},"footnotes":""},"categories":[23],"tags":[],"class_list":["post-2880","post","type-post","status-publish","format-standard","has-post-thumbnail","hentry","category-frotas"],"yoast_head":"<!-- This site is optimized with the Yoast SEO Premium plugin v27.5 (Yoast SEO v27.5) - https:\/\/yoast.com\/product\/yoast-seo-premium-wordpress\/ -->\n<title>Novo Porsche Cayenne com altera\u00e7\u00f5es profundas - Revista Automotive<\/title>\n<meta name=\"robots\" content=\"index, follow, max-snippet:-1, max-image-preview:large, max-video-preview:-1\" \/>\n<link rel=\"canonical\" href=\"https:\/\/automotiverevista.pt\/index.php\/2023\/05\/10\/novo-porsche-cayenne-com-alteracoes-profundas\/\" \/>\n<meta property=\"og:locale\" content=\"pt_PT\" \/>\n<meta property=\"og:type\" content=\"article\" \/>\n<meta property=\"og:title\" content=\"Novo Porsche Cayenne com altera\u00e7\u00f5es profundas\" \/>\n<meta property=\"og:description\" content=\"&nbsp;Porsche aprimorou o bem-sucedido SUV de luxo. O novo Cayenne es-treia um conceito de controlo e visualiza\u00e7\u00e3o altamente digital, nova tecnologia de chassis e inova\u00e7\u00f5es tecnol\u00f3gicas. \u201c\u00c9 uma das atualiza\u00e7\u00f5es de produto mais extensas da hist\u00f3ria da Porsche\u201d, diz Michael Sch\u00e4tzle, Vice President Product Line Cayenne.&nbsp; Os far\u00f3is em LED HD Matrix garantem a ilumina\u00e7\u00e3o [&hellip;]\" \/>\n<meta property=\"og:url\" content=\"https:\/\/automotiverevista.pt\/index.php\/2023\/05\/10\/novo-porsche-cayenne-com-alteracoes-profundas\/\" \/>\n<meta property=\"og:site_name\" content=\"Revista Automotive\" \/>\n<meta property=\"article:published_time\" content=\"2023-05-10T05:00:00+00:00\" \/>\n<meta property=\"og:image\" content=\"https:\/\/automotiverevista.pt\/wp-content\/uploads\/2023\/04\/0150_saturn_AKOS3557_V02.jpg\" \/>\n\t<meta property=\"og:image:width\" content=\"1920\" \/>\n\t<meta property=\"og:image:height\" content=\"1080\" \/>\n\t<meta property=\"og:image:type\" content=\"image\/jpeg\" \/>\n<meta name=\"author\" content=\"MiguelMarques\" \/>\n<meta name=\"twitter:card\" content=\"summary_large_image\" \/>\n<meta name=\"twitter:label1\" content=\"Escrito por\" \/>\n\t<meta name=\"twitter:data1\" content=\"MiguelMarques\" \/>\n\t<meta name=\"twitter:label2\" content=\"Tempo estimado de leitura\" \/>\n\t<meta name=\"twitter:data2\" content=\"2 minutos\" \/>\n<script type=\"application\/ld+json\" class=\"yoast-schema-graph\">{\"@context\":\"https:\\\/\\\/schema.org\",\"@graph\":[{\"@type\":\"Article\",\"@id\":\"https:\\\/\\\/automotiverevista.pt\\\/index.php\\\/2023\\\/05\\\/10\\\/novo-porsche-cayenne-com-alteracoes-profundas\\\/#article\",\"isPartOf\":{\"@id\":\"https:\\\/\\\/automotiverevista.pt\\\/index.php\\\/2023\\\/05\\\/10\\\/novo-porsche-cayenne-com-alteracoes-profundas\\\/\"},\"author\":{\"name\":\"MiguelMarques\",\"@id\":\"https:\\\/\\\/automotiverevista.pt\\\/#\\\/schema\\\/person\\\/d705335f9c428a4a0cae3d11afb2e0ef\"},\"headline\":\"Novo Porsche Cayenne com altera\u00e7\u00f5es profundas\",\"datePublished\":\"2023-05-10T05:00:00+00:00\",\"mainEntityOfPage\":{\"@id\":\"https:\\\/\\\/automotiverevista.pt\\\/index.php\\\/2023\\\/05\\\/10\\\/novo-porsche-cayenne-com-alteracoes-profundas\\\/\"},\"wordCount\":264,\"publisher\":{\"@id\":\"https:\\\/\\\/automotiverevista.pt\\\/#organization\"},\"image\":{\"@id\":\"https:\\\/\\\/automotiverevista.pt\\\/index.php\\\/2023\\\/05\\\/10\\\/novo-porsche-cayenne-com-alteracoes-profundas\\\/#primaryimage\"},\"thumbnailUrl\":\"https:\\\/\\\/automotiverevista.pt\\\/wp-content\\\/uploads\\\/2023\\\/04\\\/0150_saturn_AKOS3557_V02.jpg\",\"articleSection\":[\"Frotas\"],\"inLanguage\":\"pt-PT\"},{\"@type\":\"WebPage\",\"@id\":\"https:\\\/\\\/automotiverevista.pt\\\/index.php\\\/2023\\\/05\\\/10\\\/novo-porsche-cayenne-com-alteracoes-profundas\\\/\",\"url\":\"https:\\\/\\\/automotiverevista.pt\\\/index.php\\\/2023\\\/05\\\/10\\\/novo-porsche-cayenne-com-alteracoes-profundas\\\/\",\"name\":\"Novo Porsche Cayenne com altera\u00e7\u00f5es profundas - Revista Automotive\",\"isPartOf\":{\"@id\":\"https:\\\/\\\/automotiverevista.pt\\\/#website\"},\"primaryImageOfPage\":{\"@id\":\"https:\\\/\\\/automotiverevista.pt\\\/index.php\\\/2023\\\/05\\\/10\\\/novo-porsche-cayenne-com-alteracoes-profundas\\\/#primaryimage\"},\"image\":{\"@id\":\"https:\\\/\\\/automotiverevista.pt\\\/index.php\\\/2023\\\/05\\\/10\\\/novo-porsche-cayenne-com-alteracoes-profundas\\\/#primaryimage\"},\"thumbnailUrl\":\"https:\\\/\\\/automotiverevista.pt\\\/wp-content\\\/uploads\\\/2023\\\/04\\\/0150_saturn_AKOS3557_V02.jpg\",\"datePublished\":\"2023-05-10T05:00:00+00:00\",\"breadcrumb\":{\"@id\":\"https:\\\/\\\/automotiverevista.pt\\\/index.php\\\/2023\\\/05\\\/10\\\/novo-porsche-cayenne-com-alteracoes-profundas\\\/#breadcrumb\"},\"inLanguage\":\"pt-PT\",\"potentialAction\":[{\"@type\":\"ReadAction\",\"target\":[\"https:\\\/\\\/automotiverevista.pt\\\/index.php\\\/2023\\\/05\\\/10\\\/novo-porsche-cayenne-com-alteracoes-profundas\\\/\"]}]},{\"@type\":\"ImageObject\",\"inLanguage\":\"pt-PT\",\"@id\":\"https:\\\/\\\/automotiverevista.pt\\\/index.php\\\/2023\\\/05\\\/10\\\/novo-porsche-cayenne-com-alteracoes-profundas\\\/#primaryimage\",\"url\":\"https:\\\/\\\/automotiverevista.pt\\\/wp-content\\\/uploads\\\/2023\\\/04\\\/0150_saturn_AKOS3557_V02.jpg\",\"contentUrl\":\"https:\\\/\\\/automotiverevista.pt\\\/wp-content\\\/uploads\\\/2023\\\/04\\\/0150_saturn_AKOS3557_V02.jpg\",\"width\":1920,\"height\":1080},{\"@type\":\"BreadcrumbList\",\"@id\":\"https:\\\/\\\/automotiverevista.pt\\\/index.php\\\/2023\\\/05\\\/10\\\/novo-porsche-cayenne-com-alteracoes-profundas\\\/#breadcrumb\",\"itemListElement\":[{\"@type\":\"ListItem\",\"position\":1,\"name\":\"Home\",\"item\":\"https:\\\/\\\/automotiverevista.pt\\\/\"},{\"@type\":\"ListItem\",\"position\":2,\"name\":\"Novo Porsche Cayenne com altera\u00e7\u00f5es profundas\"}]},{\"@type\":\"WebSite\",\"@id\":\"https:\\\/\\\/automotiverevista.pt\\\/#website\",\"url\":\"https:\\\/\\\/automotiverevista.pt\\\/\",\"name\":\"Revista Automotive\",\"description\":\"Revista Automotive Portugal\",\"publisher\":{\"@id\":\"https:\\\/\\\/automotiverevista.pt\\\/#organization\"},\"potentialAction\":[{\"@type\":\"SearchAction\",\"target\":{\"@type\":\"EntryPoint\",\"urlTemplate\":\"https:\\\/\\\/automotiverevista.pt\\\/?s={search_term_string}\"},\"query-input\":{\"@type\":\"PropertyValueSpecification\",\"valueRequired\":true,\"valueName\":\"search_term_string\"}}],\"inLanguage\":\"pt-PT\"},{\"@type\":\"Organization\",\"@id\":\"https:\\\/\\\/automotiverevista.pt\\\/#organization\",\"name\":\"Revista Automotive Portugal\",\"url\":\"https:\\\/\\\/automotiverevista.pt\\\/\",\"logo\":{\"@type\":\"ImageObject\",\"inLanguage\":\"pt-PT\",\"@id\":\"https:\\\/\\\/automotiverevista.pt\\\/#\\\/schema\\\/logo\\\/image\\\/\",\"url\":\"https:\\\/\\\/automotiverevista.pt\\\/wp-content\\\/uploads\\\/2022\\\/07\\\/Logo-Automotive-2021_500-1.jpg\",\"contentUrl\":\"https:\\\/\\\/automotiverevista.pt\\\/wp-content\\\/uploads\\\/2022\\\/07\\\/Logo-Automotive-2021_500-1.jpg\",\"width\":500,\"height\":160,\"caption\":\"Revista Automotive Portugal\"},\"image\":{\"@id\":\"https:\\\/\\\/automotiverevista.pt\\\/#\\\/schema\\\/logo\\\/image\\\/\"},\"sameAs\":[\"https:\\\/\\\/linkedin.com\\\/in\\\/automotiverevista\"]},{\"@type\":\"Person\",\"@id\":\"https:\\\/\\\/automotiverevista.pt\\\/#\\\/schema\\\/person\\\/d705335f9c428a4a0cae3d11afb2e0ef\",\"name\":\"MiguelMarques\",\"image\":{\"@type\":\"ImageObject\",\"inLanguage\":\"pt-PT\",\"@id\":\"https:\\\/\\\/secure.gravatar.com\\\/avatar\\\/635d1f118671d87c579d5e4f6491bfc0081e3bbddd605eb321931e9c938270b5?s=96&d=mm&r=g\",\"url\":\"https:\\\/\\\/secure.gravatar.com\\\/avatar\\\/635d1f118671d87c579d5e4f6491bfc0081e3bbddd605eb321931e9c938270b5?s=96&d=mm&r=g\",\"contentUrl\":\"https:\\\/\\\/secure.gravatar.com\\\/avatar\\\/635d1f118671d87c579d5e4f6491bfc0081e3bbddd605eb321931e9c938270b5?s=96&d=mm&r=g\",\"caption\":\"MiguelMarques\"},\"url\":\"https:\\\/\\\/automotiverevista.pt\\\/index.php\\\/author\\\/miguelmarques\\\/\"}]}<\/script>\n<!-- \/ Yoast SEO Premium plugin. -->","yoast_head_json":{"title":"Novo Porsche Cayenne com altera\u00e7\u00f5es profundas - Revista Automotive","robots":{"index":"index","follow":"follow","max-snippet":"max-snippet:-1","max-image-preview":"max-image-preview:large","max-video-preview":"max-video-preview:-1"},"canonical":"https:\/\/automotiverevista.pt\/index.php\/2023\/05\/10\/novo-porsche-cayenne-com-alteracoes-profundas\/","og_locale":"pt_PT","og_type":"article","og_title":"Novo Porsche Cayenne com altera\u00e7\u00f5es profundas","og_description":"&nbsp;Porsche aprimorou o bem-sucedido SUV de luxo. O novo Cayenne es-treia um conceito de controlo e visualiza\u00e7\u00e3o altamente digital, nova tecnologia de chassis e inova\u00e7\u00f5es tecnol\u00f3gicas. \u201c\u00c9 uma das atualiza\u00e7\u00f5es de produto mais extensas da hist\u00f3ria da Porsche\u201d, diz Michael Sch\u00e4tzle, Vice President Product Line Cayenne.&nbsp; Os far\u00f3is em LED HD Matrix garantem a ilumina\u00e7\u00e3o [&hellip;]","og_url":"https:\/\/automotiverevista.pt\/index.php\/2023\/05\/10\/novo-porsche-cayenne-com-alteracoes-profundas\/","og_site_name":"Revista Automotive","article_published_time":"2023-05-10T05:00:00+00:00","og_image":[{"width":1920,"height":1080,"url":"https:\/\/automotiverevista.pt\/wp-content\/uploads\/2023\/04\/0150_saturn_AKOS3557_V02.jpg","type":"image\/jpeg"}],"author":"MiguelMarques","twitter_card":"summary_large_image","twitter_misc":{"Escrito por":"MiguelMarques","Tempo estimado de leitura":"2 minutos"},"schema":{"@context":"https:\/\/schema.org","@graph":[{"@type":"Article","@id":"https:\/\/automotiverevista.pt\/index.php\/2023\/05\/10\/novo-porsche-cayenne-com-alteracoes-profundas\/#article","isPartOf":{"@id":"https:\/\/automotiverevista.pt\/index.php\/2023\/05\/10\/novo-porsche-cayenne-com-alteracoes-profundas\/"},"author":{"name":"MiguelMarques","@id":"https:\/\/automotiverevista.pt\/#\/schema\/person\/d705335f9c428a4a0cae3d11afb2e0ef"},"headline":"Novo Porsche Cayenne com altera\u00e7\u00f5es profundas","datePublished":"2023-05-10T05:00:00+00:00","mainEntityOfPage":{"@id":"https:\/\/automotiverevista.pt\/index.php\/2023\/05\/10\/novo-porsche-cayenne-com-alteracoes-profundas\/"},"wordCount":264,"publisher":{"@id":"https:\/\/automotiverevista.pt\/#organization"},"image":{"@id":"https:\/\/automotiverevista.pt\/index.php\/2023\/05\/10\/novo-porsche-cayenne-com-alteracoes-profundas\/#primaryimage"},"thumbnailUrl":"https:\/\/automotiverevista.pt\/wp-content\/uploads\/2023\/04\/0150_saturn_AKOS3557_V02.jpg","articleSection":["Frotas"],"inLanguage":"pt-PT"},{"@type":"WebPage","@id":"https:\/\/automotiverevista.pt\/index.php\/2023\/05\/10\/novo-porsche-cayenne-com-alteracoes-profundas\/","url":"https:\/\/automotiverevista.pt\/index.php\/2023\/05\/10\/novo-porsche-cayenne-com-alteracoes-profundas\/","name":"Novo Porsche Cayenne com altera\u00e7\u00f5es profundas - Revista Automotive","isPartOf":{"@id":"https:\/\/automotiverevista.pt\/#website"},"primaryImageOfPage":{"@id":"https:\/\/automotiverevista.pt\/index.php\/2023\/05\/10\/novo-porsche-cayenne-com-alteracoes-profundas\/#primaryimage"},"image":{"@id":"https:\/\/automotiverevista.pt\/index.php\/2023\/05\/10\/novo-porsche-cayenne-com-alteracoes-profundas\/#primaryimage"},"thumbnailUrl":"https:\/\/automotiverevista.pt\/wp-content\/uploads\/2023\/04\/0150_saturn_AKOS3557_V02.jpg","datePublished":"2023-05-10T05:00:00+00:00","breadcrumb":{"@id":"https:\/\/automotiverevista.pt\/index.php\/2023\/05\/10\/novo-porsche-cayenne-com-alteracoes-profundas\/#breadcrumb"},"inLanguage":"pt-PT","potentialAction":[{"@type":"ReadAction","target":["https:\/\/automotiverevista.pt\/index.php\/2023\/05\/10\/novo-porsche-cayenne-com-alteracoes-profundas\/"]}]},{"@type":"ImageObject","inLanguage":"pt-PT","@id":"https:\/\/automotiverevista.pt\/index.php\/2023\/05\/10\/novo-porsche-cayenne-com-alteracoes-profundas\/#primaryimage","url":"https:\/\/automotiverevista.pt\/wp-content\/uploads\/2023\/04\/0150_saturn_AKOS3557_V02.jpg","contentUrl":"https:\/\/automotiverevista.pt\/wp-content\/uploads\/2023\/04\/0150_saturn_AKOS3557_V02.jpg","width":1920,"height":1080},{"@type":"BreadcrumbList","@id":"https:\/\/automotiverevista.pt\/index.php\/2023\/05\/10\/novo-porsche-cayenne-com-alteracoes-profundas\/#breadcrumb","itemListElement":[{"@type":"ListItem","position":1,"name":"Home","item":"https:\/\/automotiverevista.pt\/"},{"@type":"ListItem","position":2,"name":"Novo Porsche Cayenne com altera\u00e7\u00f5es profundas"}]},{"@type":"WebSite","@id":"https:\/\/automotiverevista.pt\/#website","url":"https:\/\/automotiverevista.pt\/","name":"Revista Automotive","description":"Revista Automotive Portugal","publisher":{"@id":"https:\/\/automotiverevista.pt\/#organization"},"potentialAction":[{"@type":"SearchAction","target":{"@type":"EntryPoint","urlTemplate":"https:\/\/automotiverevista.pt\/?s={search_term_string}"},"query-input":{"@type":"PropertyValueSpecification","valueRequired":true,"valueName":"search_term_string"}}],"inLanguage":"pt-PT"},{"@type":"Organization","@id":"https:\/\/automotiverevista.pt\/#organization","name":"Revista Automotive Portugal","url":"https:\/\/automotiverevista.pt\/","logo":{"@type":"ImageObject","inLanguage":"pt-PT","@id":"https:\/\/automotiverevista.pt\/#\/schema\/logo\/image\/","url":"https:\/\/automotiverevista.pt\/wp-content\/uploads\/2022\/07\/Logo-Automotive-2021_500-1.jpg","contentUrl":"https:\/\/automotiverevista.pt\/wp-content\/uploads\/2022\/07\/Logo-Automotive-2021_500-1.jpg","width":500,"height":160,"caption":"Revista Automotive Portugal"},"image":{"@id":"https:\/\/automotiverevista.pt\/#\/schema\/logo\/image\/"},"sameAs":["https:\/\/linkedin.com\/in\/automotiverevista"]},{"@type":"Person","@id":"https:\/\/automotiverevista.pt\/#\/schema\/person\/d705335f9c428a4a0cae3d11afb2e0ef","name":"MiguelMarques","image":{"@type":"ImageObject","inLanguage":"pt-PT","@id":"https:\/\/secure.gravatar.com\/avatar\/635d1f118671d87c579d5e4f6491bfc0081e3bbddd605eb321931e9c938270b5?s=96&d=mm&r=g","url":"https:\/\/secure.gravatar.com\/avatar\/635d1f118671d87c579d5e4f6491bfc0081e3bbddd605eb321931e9c938270b5?s=96&d=mm&r=g","contentUrl":"https:\/\/secure.gravatar.com\/avatar\/635d1f118671d87c579d5e4f6491bfc0081e3bbddd605eb321931e9c938270b5?s=96&d=mm&r=g","caption":"MiguelMarques"},"url":"https:\/\/automotiverevista.pt\/index.php\/author\/miguelmarques\/"}]}},"_links":{"self":[{"href":"https:\/\/automotiverevista.pt\/index.php\/wp-json\/wp\/v2\/posts\/2880","targetHints":{"allow":["GET"]}}],"collection":[{"href":"https:\/\/automotiverevista.pt\/index.php\/wp-json\/wp\/v2\/posts"}],"about":[{"href":"https:\/\/automotiverevista.pt\/index.php\/wp-json\/wp\/v2\/types\/post"}],"author":[{"embeddable":true,"href":"https:\/\/automotiverevista.pt\/index.php\/wp-json\/wp\/v2\/users\/3"}],"replies":[{"embeddable":true,"href":"https:\/\/automotiverevista.pt\/index.php\/wp-json\/wp\/v2\/comments?post=2880"}],"version-history":[{"count":1,"href":"https:\/\/automotiverevista.pt\/index.php\/wp-json\/wp\/v2\/posts\/2880\/revisions"}],"predecessor-version":[{"id":2885,"href":"https:\/\/automotiverevista.pt\/index.php\/wp-json\/wp\/v2\/posts\/2880\/revisions\/2885"}],"wp:featuredmedia":[{"embeddable":true,"href":"https:\/\/automotiverevista.pt\/index.php\/wp-json\/wp\/v2\/media\/2881"}],"wp:attachment":[{"href":"https:\/\/automotiverevista.pt\/index.php\/wp-json\/wp\/v2\/media?parent=2880"}],"wp:term":[{"taxonomy":"category","embeddable":true,"href":"https:\/\/automotiverevista.pt\/index.php\/wp-json\/wp\/v2\/categories?post=2880"},{"taxonomy":"post_tag","embeddable":true,"href":"https:\/\/automotiverevista.pt\/index.php\/wp-json\/wp\/v2\/tags?post=2880"}],"curies":[{"name":"wp","href":"https:\/\/api.w.org\/{rel}","templated":true}]}}