{"id":2898,"date":"2023-05-08T08:05:00","date_gmt":"2023-05-08T08:05:00","guid":{"rendered":"https:\/\/automotiverevista.pt\/?p=2898"},"modified":"2023-05-07T21:01:03","modified_gmt":"2023-05-07T21:01:03","slug":"lecitrailer-recebeu-premio-dinamica-empresarial","status":"publish","type":"post","link":"https:\/\/automotiverevista.pt\/index.php\/2023\/05\/08\/lecitrailer-recebeu-premio-dinamica-empresarial\/","title":{"rendered":"Lecitrailer recebeu Pr\u00e9mio Din\u00e2mica Empresarial"},"content":{"rendered":"\n<p>A Revista Automotive distinguiu a empresa Lecitrailer com o Pr\u00e9mio Din\u00e2mica Empresarial de 2022, pelo investimento realizado em Portugal e materializado atrav\u00e9s da edifica\u00e7\u00e3o da primeira filial no nosso pa\u00eds, com uma unidade de montagem de semirreboques da sua marca e de assist\u00eancia t\u00e9cnica multimarca, localizada em Mangualde.<\/p>\n\n\n\n<p>A entrega do pr\u00e9mio ocorreu recentemente nas novas instala\u00e7\u00f5es da Lecitrailer em Mangualde, unidade que ser\u00e1 oficialmente inaugurada em junho pr\u00f3ximo. Na imagem, <strong>Karlos Mart\u00ednez Alcalde<\/strong>, diretor comercial, na companhia de <strong>Sebasti\u00e1n Esteban Bueno<\/strong>, diretor de marketing e comunica\u00e7\u00e3o, juntamente com <strong>Ant\u00f3nio Carvalho<\/strong>, respons\u00e1vel de vendas da Lecitrailer em Portugal, receberam de Ricardo Miranda, diretor comercial da Revista Automotive, o <strong>Pr\u00e9mio Din\u00e2mica Empresarial<\/strong> referente ao ano de 2022.<\/p>\n\n\n\n<figure class=\"wp-block-image size-large\"><img decoding=\"async\" width=\"1024\" height=\"683\" src=\"https:\/\/automotiverevista.pt\/wp-content\/uploads\/2023\/05\/IMG_0525-1024x683.jpg\" alt=\"\" class=\"wp-image-2901\" srcset=\"https:\/\/automotiverevista.pt\/wp-content\/uploads\/2023\/05\/IMG_0525-1024x683.jpg 1024w, https:\/\/automotiverevista.pt\/wp-content\/uploads\/2023\/05\/IMG_0525-300x200.jpg 300w, https:\/\/automotiverevista.pt\/wp-content\/uploads\/2023\/05\/IMG_0525-768x512.jpg 768w, https:\/\/automotiverevista.pt\/wp-content\/uploads\/2023\/05\/IMG_0525-1536x1024.jpg 1536w, https:\/\/automotiverevista.pt\/wp-content\/uploads\/2023\/05\/IMG_0525-2048x1365.jpg 2048w, https:\/\/automotiverevista.pt\/wp-content\/uploads\/2023\/05\/IMG_0525-750x500.jpg 750w, https:\/\/automotiverevista.pt\/wp-content\/uploads\/2023\/05\/IMG_0525-1140x760.jpg 1140w\" sizes=\"(max-width: 1024px) 100vw, 1024px\" \/><\/figure>\n\n\n\n<p>Por ocasi\u00e3o da entrega, Karlos Mart\u00ednez agradeceu esta distin\u00e7\u00e3o da Revista Automotive e destacou que \u201c\u00e9 com orgulho e satisfa\u00e7\u00e3o que a Lecitrailer recebe este honroso pr\u00e9mio, em reconhecimento ao investimento e trabalho que a nossa empresa tem vindo a realizar em Portugal, de forma mais vis\u00edvel atrav\u00e9s desta nossa unidade em Mangualde.<\/p>\n\n\n\n<p>Trata-se de um investimento estrat\u00e9gico, que confirma a nossa ambi\u00e7\u00e3o de ampliarmos a presen\u00e7a da Lecitrailer em Portugal, imprimindo uma nova din\u00e2mica em termos de semirreboques. Por outro lado, tamb\u00e9m \u00e9 uma resposta \u00e0 altura da confian\u00e7a depositada pelos nossos clientes transportadores, que h\u00e1 anos utilizam os nossos semirreboques nas suas frotas de cami\u00f5es, e que agora passam a dispor de uma unidade localizada numa regi\u00e3o exportadora e na rota internacional dos seus cami\u00f5es\u201d.<\/p>\n\n\n\n<figure class=\"wp-block-image size-large\"><img decoding=\"async\" width=\"1024\" height=\"683\" src=\"https:\/\/automotiverevista.pt\/wp-content\/uploads\/2023\/05\/IMG_0608-1024x683.jpg\" alt=\"\" class=\"wp-image-2902\" srcset=\"https:\/\/automotiverevista.pt\/wp-content\/uploads\/2023\/05\/IMG_0608-1024x683.jpg 1024w, https:\/\/automotiverevista.pt\/wp-content\/uploads\/2023\/05\/IMG_0608-300x200.jpg 300w, https:\/\/automotiverevista.pt\/wp-content\/uploads\/2023\/05\/IMG_0608-768x512.jpg 768w, https:\/\/automotiverevista.pt\/wp-content\/uploads\/2023\/05\/IMG_0608-1536x1024.jpg 1536w, https:\/\/automotiverevista.pt\/wp-content\/uploads\/2023\/05\/IMG_0608-2048x1365.jpg 2048w, https:\/\/automotiverevista.pt\/wp-content\/uploads\/2023\/05\/IMG_0608-750x500.jpg 750w, https:\/\/automotiverevista.pt\/wp-content\/uploads\/2023\/05\/IMG_0608-1140x760.jpg 1140w\" sizes=\"(max-width: 1024px) 100vw, 1024px\" \/><\/figure>\n\n\n\n<p><strong>Emprego e desenvolvimento<\/strong><\/p>\n\n\n\n<p>Numa visita guiada \u00e0s novas instala\u00e7\u00f5es da Lecitrailer em Mangualde, a Revista Automotive teve a oportunidade de conhecer as diversas \u00e1reas de neg\u00f3cio, sobretudo a linha de montagem de semirreboques que \u00e9 o cora\u00e7\u00e3o da empresa, bem como as \u00e1reas dedicadas \u00e0 assist\u00eancia t\u00e9cnica e repara\u00e7\u00e3o multimarcas, onde est\u00e3o instaladas duas estufas de pintura de grandes dimens\u00f5es, para al\u00e9m de uma loja de pe\u00e7as e atendimento ao cliente, com um amplo parque de estacionamento \u00e0 volta do edif\u00edcio.<\/p>\n\n\n\n<p>Segundo Karlos Mart\u00ednez \u201cdispomos de uma equipa de 17 profissionais residentes nas proximidades, o que significa dizer que a Lecitrailer tamb\u00e9m est\u00e1 a contribuir para o desenvolvimento socioec\u00f3nomico da regi\u00e3o de Mangualde, com novos empregos. Investimos na renova\u00e7\u00e3o de uma antiga estrutura reequipando-a com ferramentas adequadas e dotando-a de condi\u00e7\u00f5es para um servi\u00e7o de qualidade elevada, inclusive com viaturas de assist\u00eancia t\u00e9cnica em estrada.<\/p>\n\n\n\n<p><\/p>\n\n\n\n<figure class=\"wp-block-image size-large\"><img decoding=\"async\" width=\"1024\" height=\"683\" src=\"https:\/\/automotiverevista.pt\/wp-content\/uploads\/2023\/05\/IMG_0550-1024x683.jpg\" alt=\"\" class=\"wp-image-2903\" srcset=\"https:\/\/automotiverevista.pt\/wp-content\/uploads\/2023\/05\/IMG_0550-1024x683.jpg 1024w, https:\/\/automotiverevista.pt\/wp-content\/uploads\/2023\/05\/IMG_0550-300x200.jpg 300w, https:\/\/automotiverevista.pt\/wp-content\/uploads\/2023\/05\/IMG_0550-768x512.jpg 768w, https:\/\/automotiverevista.pt\/wp-content\/uploads\/2023\/05\/IMG_0550-1536x1024.jpg 1536w, https:\/\/automotiverevista.pt\/wp-content\/uploads\/2023\/05\/IMG_0550-2048x1365.jpg 2048w, https:\/\/automotiverevista.pt\/wp-content\/uploads\/2023\/05\/IMG_0550-750x500.jpg 750w, https:\/\/automotiverevista.pt\/wp-content\/uploads\/2023\/05\/IMG_0550-1140x760.jpg 1140w\" sizes=\"(max-width: 1024px) 100vw, 1024px\" \/><\/figure>\n\n\n\n<p>A Lecitrailer h\u00e1 anos lidera as vendas de semirreboques na Espanha e, posso adiantar que no primeiro trimestre de 2023, tamb\u00e9m estivemos \u00e0 frente das matr\u00edculas em Portugal, inclusive com crescimento da nossa quota de mercado. Estamos confiantes no futuro da Lecitrailer em Portugal que ainda tem muito espa\u00e7o para crescer, e por isto agradecemos o reconhecimento de todo este nosso trabalho pela Revista Automotive\u201d, salientou o diretor da empresa<\/p>\n","protected":false},"excerpt":{"rendered":"<p>A Revista Automotive distinguiu a empresa Lecitrailer com o Pr\u00e9mio Din\u00e2mica Empresarial de 2022, pelo investimento realizado em Portugal e materializado atrav\u00e9s da edifica\u00e7\u00e3o da primeira filial no nosso pa\u00eds, com uma unidade de montagem de semirreboques da sua marca e de assist\u00eancia t\u00e9cnica multimarca, localizada em Mangualde. A entrega do pr\u00e9mio ocorreu recentemente nas [&hellip;]<\/p>\n","protected":false},"author":1,"featured_media":2899,"comment_status":"closed","ping_status":"open","sticky":false,"template":"","format":"standard","meta":{"jnews-multi-image_gallery":[],"jnews_single_post":{"subtitle":"","format":"standard","video":"","gallery":"","source_name":"","source_url":"","via_name":"","via_url":"","override_template":"0","override":[{"template":"2","single_blog_custom":"","parallax":"1","fullscreen":"1","layout":"right-sidebar","sidebar":"default-sidebar","second_sidebar":"default-sidebar","sticky_sidebar":"1","share_position":"topbottom","share_float_style":"share-monocrhome","show_share_counter":"0","show_view_counter":"0","show_featured":"1","show_post_meta":"1","show_post_author":"0","show_post_author_image":"1","show_post_date":"1","post_date_format":"default","post_date_format_custom":"Y\/m\/d","show_post_category":"1","show_post_reading_time":"0","post_reading_time_wpm":"300","show_zoom_button":"0","zoom_button_out_step":"2","zoom_button_in_step":"3","show_post_tag":"1","show_prev_next_post":"0","show_popup_post":"1","number_popup_post":"1","show_author_box":"0","show_post_related":"1","show_inline_post_related":"1"}],"override_image_size":"0","image_override":[{"single_post_thumbnail_size":"crop-500","single_post_gallery_size":"crop-500"}],"trending_post":"0","trending_post_position":"meta","trending_post_label":"Trending","sponsored_post":"0","sponsored_post_label":"Sponsored by","sponsored_post_name":"","sponsored_post_url":"","sponsored_post_logo_enable":"0","sponsored_post_logo":"","sponsored_post_desc":"","disable_ad":"0"},"jnews_primary_category":{"id":"","hide":""},"footnotes":""},"categories":[25],"tags":[],"class_list":["post-2898","post","type-post","status-publish","format-standard","has-post-thumbnail","hentry","category-pesados-e-maquinas"],"yoast_head":"<!-- This site is optimized with the Yoast SEO Premium plugin v27.5 (Yoast SEO v27.5) - https:\/\/yoast.com\/product\/yoast-seo-premium-wordpress\/ -->\n<title>Lecitrailer recebeu Pr\u00e9mio Din\u00e2mica Empresarial - Revista Automotive<\/title>\n<meta name=\"description\" content=\"A Revista Automotive distinguiu a empresa Lecitrailer com o Pr\u00e9mio Din\u00e2mica Empresarial de 2022, pelo investimento realizado em Portugal\" \/>\n<meta name=\"robots\" content=\"index, follow, max-snippet:-1, max-image-preview:large, max-video-preview:-1\" \/>\n<link rel=\"canonical\" href=\"https:\/\/automotiverevista.pt\/index.php\/2023\/05\/08\/lecitrailer-recebeu-premio-dinamica-empresarial\/\" \/>\n<meta property=\"og:locale\" content=\"pt_PT\" \/>\n<meta property=\"og:type\" content=\"article\" \/>\n<meta property=\"og:title\" content=\"Lecitrailer recebeu Pr\u00e9mio Din\u00e2mica Empresarial\" \/>\n<meta property=\"og:description\" content=\"A Revista Automotive distinguiu a empresa Lecitrailer com o Pr\u00e9mio Din\u00e2mica Empresarial de 2022, pelo investimento realizado em Portugal\" \/>\n<meta property=\"og:url\" content=\"https:\/\/automotiverevista.pt\/index.php\/2023\/05\/08\/lecitrailer-recebeu-premio-dinamica-empresarial\/\" \/>\n<meta property=\"og:site_name\" content=\"Revista Automotive\" \/>\n<meta property=\"article:published_time\" content=\"2023-05-08T08:05:00+00:00\" \/>\n<meta property=\"og:image\" content=\"https:\/\/automotiverevista.pt\/wp-content\/uploads\/2023\/05\/IMG_0503-scaled.jpg\" \/>\n\t<meta property=\"og:image:width\" content=\"2560\" \/>\n\t<meta property=\"og:image:height\" content=\"1355\" \/>\n\t<meta property=\"og:image:type\" content=\"image\/jpeg\" \/>\n<meta name=\"author\" content=\"adminNovo\" \/>\n<meta name=\"twitter:card\" content=\"summary_large_image\" \/>\n<meta name=\"twitter:label1\" content=\"Escrito por\" \/>\n\t<meta name=\"twitter:data1\" content=\"adminNovo\" \/>\n\t<meta name=\"twitter:label2\" content=\"Tempo estimado de leitura\" \/>\n\t<meta name=\"twitter:data2\" content=\"4 minutos\" \/>\n<script type=\"application\/ld+json\" class=\"yoast-schema-graph\">{\"@context\":\"https:\\\/\\\/schema.org\",\"@graph\":[{\"@type\":\"Article\",\"@id\":\"https:\\\/\\\/automotiverevista.pt\\\/index.php\\\/2023\\\/05\\\/08\\\/lecitrailer-recebeu-premio-dinamica-empresarial\\\/#article\",\"isPartOf\":{\"@id\":\"https:\\\/\\\/automotiverevista.pt\\\/index.php\\\/2023\\\/05\\\/08\\\/lecitrailer-recebeu-premio-dinamica-empresarial\\\/\"},\"author\":{\"name\":\"adminNovo\",\"@id\":\"https:\\\/\\\/automotiverevista.pt\\\/#\\\/schema\\\/person\\\/1265858bc8c78a0f969de814da8be281\"},\"headline\":\"Lecitrailer recebeu Pr\u00e9mio Din\u00e2mica Empresarial\",\"datePublished\":\"2023-05-08T08:05:00+00:00\",\"mainEntityOfPage\":{\"@id\":\"https:\\\/\\\/automotiverevista.pt\\\/index.php\\\/2023\\\/05\\\/08\\\/lecitrailer-recebeu-premio-dinamica-empresarial\\\/\"},\"wordCount\":510,\"publisher\":{\"@id\":\"https:\\\/\\\/automotiverevista.pt\\\/#organization\"},\"image\":{\"@id\":\"https:\\\/\\\/automotiverevista.pt\\\/index.php\\\/2023\\\/05\\\/08\\\/lecitrailer-recebeu-premio-dinamica-empresarial\\\/#primaryimage\"},\"thumbnailUrl\":\"https:\\\/\\\/automotiverevista.pt\\\/wp-content\\\/uploads\\\/2023\\\/05\\\/IMG_0503-scaled.jpg\",\"articleSection\":[\"Pesados e M\u00e1quinas\"],\"inLanguage\":\"pt-PT\"},{\"@type\":\"WebPage\",\"@id\":\"https:\\\/\\\/automotiverevista.pt\\\/index.php\\\/2023\\\/05\\\/08\\\/lecitrailer-recebeu-premio-dinamica-empresarial\\\/\",\"url\":\"https:\\\/\\\/automotiverevista.pt\\\/index.php\\\/2023\\\/05\\\/08\\\/lecitrailer-recebeu-premio-dinamica-empresarial\\\/\",\"name\":\"Lecitrailer recebeu Pr\u00e9mio Din\u00e2mica Empresarial - Revista Automotive\",\"isPartOf\":{\"@id\":\"https:\\\/\\\/automotiverevista.pt\\\/#website\"},\"primaryImageOfPage\":{\"@id\":\"https:\\\/\\\/automotiverevista.pt\\\/index.php\\\/2023\\\/05\\\/08\\\/lecitrailer-recebeu-premio-dinamica-empresarial\\\/#primaryimage\"},\"image\":{\"@id\":\"https:\\\/\\\/automotiverevista.pt\\\/index.php\\\/2023\\\/05\\\/08\\\/lecitrailer-recebeu-premio-dinamica-empresarial\\\/#primaryimage\"},\"thumbnailUrl\":\"https:\\\/\\\/automotiverevista.pt\\\/wp-content\\\/uploads\\\/2023\\\/05\\\/IMG_0503-scaled.jpg\",\"datePublished\":\"2023-05-08T08:05:00+00:00\",\"description\":\"A Revista Automotive distinguiu a empresa Lecitrailer com o Pr\u00e9mio Din\u00e2mica Empresarial de 2022, pelo investimento realizado em Portugal\",\"breadcrumb\":{\"@id\":\"https:\\\/\\\/automotiverevista.pt\\\/index.php\\\/2023\\\/05\\\/08\\\/lecitrailer-recebeu-premio-dinamica-empresarial\\\/#breadcrumb\"},\"inLanguage\":\"pt-PT\",\"potentialAction\":[{\"@type\":\"ReadAction\",\"target\":[\"https:\\\/\\\/automotiverevista.pt\\\/index.php\\\/2023\\\/05\\\/08\\\/lecitrailer-recebeu-premio-dinamica-empresarial\\\/\"]}]},{\"@type\":\"ImageObject\",\"inLanguage\":\"pt-PT\",\"@id\":\"https:\\\/\\\/automotiverevista.pt\\\/index.php\\\/2023\\\/05\\\/08\\\/lecitrailer-recebeu-premio-dinamica-empresarial\\\/#primaryimage\",\"url\":\"https:\\\/\\\/automotiverevista.pt\\\/wp-content\\\/uploads\\\/2023\\\/05\\\/IMG_0503-scaled.jpg\",\"contentUrl\":\"https:\\\/\\\/automotiverevista.pt\\\/wp-content\\\/uploads\\\/2023\\\/05\\\/IMG_0503-scaled.jpg\",\"width\":2560,\"height\":1355},{\"@type\":\"BreadcrumbList\",\"@id\":\"https:\\\/\\\/automotiverevista.pt\\\/index.php\\\/2023\\\/05\\\/08\\\/lecitrailer-recebeu-premio-dinamica-empresarial\\\/#breadcrumb\",\"itemListElement\":[{\"@type\":\"ListItem\",\"position\":1,\"name\":\"Home\",\"item\":\"https:\\\/\\\/automotiverevista.pt\\\/\"},{\"@type\":\"ListItem\",\"position\":2,\"name\":\"Lecitrailer recebeu Pr\u00e9mio Din\u00e2mica Empresarial\"}]},{\"@type\":\"WebSite\",\"@id\":\"https:\\\/\\\/automotiverevista.pt\\\/#website\",\"url\":\"https:\\\/\\\/automotiverevista.pt\\\/\",\"name\":\"Revista Automotive\",\"description\":\"Revista Automotive Portugal\",\"publisher\":{\"@id\":\"https:\\\/\\\/automotiverevista.pt\\\/#organization\"},\"potentialAction\":[{\"@type\":\"SearchAction\",\"target\":{\"@type\":\"EntryPoint\",\"urlTemplate\":\"https:\\\/\\\/automotiverevista.pt\\\/?s={search_term_string}\"},\"query-input\":{\"@type\":\"PropertyValueSpecification\",\"valueRequired\":true,\"valueName\":\"search_term_string\"}}],\"inLanguage\":\"pt-PT\"},{\"@type\":\"Organization\",\"@id\":\"https:\\\/\\\/automotiverevista.pt\\\/#organization\",\"name\":\"Revista Automotive Portugal\",\"url\":\"https:\\\/\\\/automotiverevista.pt\\\/\",\"logo\":{\"@type\":\"ImageObject\",\"inLanguage\":\"pt-PT\",\"@id\":\"https:\\\/\\\/automotiverevista.pt\\\/#\\\/schema\\\/logo\\\/image\\\/\",\"url\":\"https:\\\/\\\/automotiverevista.pt\\\/wp-content\\\/uploads\\\/2022\\\/07\\\/Logo-Automotive-2021_500-1.jpg\",\"contentUrl\":\"https:\\\/\\\/automotiverevista.pt\\\/wp-content\\\/uploads\\\/2022\\\/07\\\/Logo-Automotive-2021_500-1.jpg\",\"width\":500,\"height\":160,\"caption\":\"Revista Automotive Portugal\"},\"image\":{\"@id\":\"https:\\\/\\\/automotiverevista.pt\\\/#\\\/schema\\\/logo\\\/image\\\/\"},\"sameAs\":[\"https:\\\/\\\/linkedin.com\\\/in\\\/automotiverevista\"]},{\"@type\":\"Person\",\"@id\":\"https:\\\/\\\/automotiverevista.pt\\\/#\\\/schema\\\/person\\\/1265858bc8c78a0f969de814da8be281\",\"name\":\"adminNovo\",\"image\":{\"@type\":\"ImageObject\",\"inLanguage\":\"pt-PT\",\"@id\":\"https:\\\/\\\/secure.gravatar.com\\\/avatar\\\/c606c1288dcc11eb4c709aa5136fdb962583c410f5c23c0b7bf6917c542be355?s=96&d=mm&r=g\",\"url\":\"https:\\\/\\\/secure.gravatar.com\\\/avatar\\\/c606c1288dcc11eb4c709aa5136fdb962583c410f5c23c0b7bf6917c542be355?s=96&d=mm&r=g\",\"contentUrl\":\"https:\\\/\\\/secure.gravatar.com\\\/avatar\\\/c606c1288dcc11eb4c709aa5136fdb962583c410f5c23c0b7bf6917c542be355?s=96&d=mm&r=g\",\"caption\":\"adminNovo\"},\"sameAs\":[\"https:\\\/\\\/automotiverevista.pt\"],\"url\":\"https:\\\/\\\/automotiverevista.pt\\\/index.php\\\/author\\\/adminnovo\\\/\"}]}<\/script>\n<!-- \/ Yoast SEO Premium plugin. -->","yoast_head_json":{"title":"Lecitrailer recebeu Pr\u00e9mio Din\u00e2mica Empresarial - Revista Automotive","description":"A Revista Automotive distinguiu a empresa Lecitrailer com o Pr\u00e9mio Din\u00e2mica Empresarial de 2022, pelo investimento realizado em Portugal","robots":{"index":"index","follow":"follow","max-snippet":"max-snippet:-1","max-image-preview":"max-image-preview:large","max-video-preview":"max-video-preview:-1"},"canonical":"https:\/\/automotiverevista.pt\/index.php\/2023\/05\/08\/lecitrailer-recebeu-premio-dinamica-empresarial\/","og_locale":"pt_PT","og_type":"article","og_title":"Lecitrailer recebeu Pr\u00e9mio Din\u00e2mica Empresarial","og_description":"A Revista Automotive distinguiu a empresa Lecitrailer com o Pr\u00e9mio Din\u00e2mica Empresarial de 2022, pelo investimento realizado em Portugal","og_url":"https:\/\/automotiverevista.pt\/index.php\/2023\/05\/08\/lecitrailer-recebeu-premio-dinamica-empresarial\/","og_site_name":"Revista Automotive","article_published_time":"2023-05-08T08:05:00+00:00","og_image":[{"width":2560,"height":1355,"url":"https:\/\/automotiverevista.pt\/wp-content\/uploads\/2023\/05\/IMG_0503-scaled.jpg","type":"image\/jpeg"}],"author":"adminNovo","twitter_card":"summary_large_image","twitter_misc":{"Escrito por":"adminNovo","Tempo estimado de leitura":"4 minutos"},"schema":{"@context":"https:\/\/schema.org","@graph":[{"@type":"Article","@id":"https:\/\/automotiverevista.pt\/index.php\/2023\/05\/08\/lecitrailer-recebeu-premio-dinamica-empresarial\/#article","isPartOf":{"@id":"https:\/\/automotiverevista.pt\/index.php\/2023\/05\/08\/lecitrailer-recebeu-premio-dinamica-empresarial\/"},"author":{"name":"adminNovo","@id":"https:\/\/automotiverevista.pt\/#\/schema\/person\/1265858bc8c78a0f969de814da8be281"},"headline":"Lecitrailer recebeu Pr\u00e9mio Din\u00e2mica Empresarial","datePublished":"2023-05-08T08:05:00+00:00","mainEntityOfPage":{"@id":"https:\/\/automotiverevista.pt\/index.php\/2023\/05\/08\/lecitrailer-recebeu-premio-dinamica-empresarial\/"},"wordCount":510,"publisher":{"@id":"https:\/\/automotiverevista.pt\/#organization"},"image":{"@id":"https:\/\/automotiverevista.pt\/index.php\/2023\/05\/08\/lecitrailer-recebeu-premio-dinamica-empresarial\/#primaryimage"},"thumbnailUrl":"https:\/\/automotiverevista.pt\/wp-content\/uploads\/2023\/05\/IMG_0503-scaled.jpg","articleSection":["Pesados e M\u00e1quinas"],"inLanguage":"pt-PT"},{"@type":"WebPage","@id":"https:\/\/automotiverevista.pt\/index.php\/2023\/05\/08\/lecitrailer-recebeu-premio-dinamica-empresarial\/","url":"https:\/\/automotiverevista.pt\/index.php\/2023\/05\/08\/lecitrailer-recebeu-premio-dinamica-empresarial\/","name":"Lecitrailer recebeu Pr\u00e9mio Din\u00e2mica Empresarial - Revista Automotive","isPartOf":{"@id":"https:\/\/automotiverevista.pt\/#website"},"primaryImageOfPage":{"@id":"https:\/\/automotiverevista.pt\/index.php\/2023\/05\/08\/lecitrailer-recebeu-premio-dinamica-empresarial\/#primaryimage"},"image":{"@id":"https:\/\/automotiverevista.pt\/index.php\/2023\/05\/08\/lecitrailer-recebeu-premio-dinamica-empresarial\/#primaryimage"},"thumbnailUrl":"https:\/\/automotiverevista.pt\/wp-content\/uploads\/2023\/05\/IMG_0503-scaled.jpg","datePublished":"2023-05-08T08:05:00+00:00","description":"A Revista Automotive distinguiu a empresa Lecitrailer com o Pr\u00e9mio Din\u00e2mica Empresarial de 2022, pelo investimento realizado em Portugal","breadcrumb":{"@id":"https:\/\/automotiverevista.pt\/index.php\/2023\/05\/08\/lecitrailer-recebeu-premio-dinamica-empresarial\/#breadcrumb"},"inLanguage":"pt-PT","potentialAction":[{"@type":"ReadAction","target":["https:\/\/automotiverevista.pt\/index.php\/2023\/05\/08\/lecitrailer-recebeu-premio-dinamica-empresarial\/"]}]},{"@type":"ImageObject","inLanguage":"pt-PT","@id":"https:\/\/automotiverevista.pt\/index.php\/2023\/05\/08\/lecitrailer-recebeu-premio-dinamica-empresarial\/#primaryimage","url":"https:\/\/automotiverevista.pt\/wp-content\/uploads\/2023\/05\/IMG_0503-scaled.jpg","contentUrl":"https:\/\/automotiverevista.pt\/wp-content\/uploads\/2023\/05\/IMG_0503-scaled.jpg","width":2560,"height":1355},{"@type":"BreadcrumbList","@id":"https:\/\/automotiverevista.pt\/index.php\/2023\/05\/08\/lecitrailer-recebeu-premio-dinamica-empresarial\/#breadcrumb","itemListElement":[{"@type":"ListItem","position":1,"name":"Home","item":"https:\/\/automotiverevista.pt\/"},{"@type":"ListItem","position":2,"name":"Lecitrailer recebeu Pr\u00e9mio Din\u00e2mica Empresarial"}]},{"@type":"WebSite","@id":"https:\/\/automotiverevista.pt\/#website","url":"https:\/\/automotiverevista.pt\/","name":"Revista Automotive","description":"Revista Automotive Portugal","publisher":{"@id":"https:\/\/automotiverevista.pt\/#organization"},"potentialAction":[{"@type":"SearchAction","target":{"@type":"EntryPoint","urlTemplate":"https:\/\/automotiverevista.pt\/?s={search_term_string}"},"query-input":{"@type":"PropertyValueSpecification","valueRequired":true,"valueName":"search_term_string"}}],"inLanguage":"pt-PT"},{"@type":"Organization","@id":"https:\/\/automotiverevista.pt\/#organization","name":"Revista Automotive Portugal","url":"https:\/\/automotiverevista.pt\/","logo":{"@type":"ImageObject","inLanguage":"pt-PT","@id":"https:\/\/automotiverevista.pt\/#\/schema\/logo\/image\/","url":"https:\/\/automotiverevista.pt\/wp-content\/uploads\/2022\/07\/Logo-Automotive-2021_500-1.jpg","contentUrl":"https:\/\/automotiverevista.pt\/wp-content\/uploads\/2022\/07\/Logo-Automotive-2021_500-1.jpg","width":500,"height":160,"caption":"Revista Automotive Portugal"},"image":{"@id":"https:\/\/automotiverevista.pt\/#\/schema\/logo\/image\/"},"sameAs":["https:\/\/linkedin.com\/in\/automotiverevista"]},{"@type":"Person","@id":"https:\/\/automotiverevista.pt\/#\/schema\/person\/1265858bc8c78a0f969de814da8be281","name":"adminNovo","image":{"@type":"ImageObject","inLanguage":"pt-PT","@id":"https:\/\/secure.gravatar.com\/avatar\/c606c1288dcc11eb4c709aa5136fdb962583c410f5c23c0b7bf6917c542be355?s=96&d=mm&r=g","url":"https:\/\/secure.gravatar.com\/avatar\/c606c1288dcc11eb4c709aa5136fdb962583c410f5c23c0b7bf6917c542be355?s=96&d=mm&r=g","contentUrl":"https:\/\/secure.gravatar.com\/avatar\/c606c1288dcc11eb4c709aa5136fdb962583c410f5c23c0b7bf6917c542be355?s=96&d=mm&r=g","caption":"adminNovo"},"sameAs":["https:\/\/automotiverevista.pt"],"url":"https:\/\/automotiverevista.pt\/index.php\/author\/adminnovo\/"}]}},"_links":{"self":[{"href":"https:\/\/automotiverevista.pt\/index.php\/wp-json\/wp\/v2\/posts\/2898","targetHints":{"allow":["GET"]}}],"collection":[{"href":"https:\/\/automotiverevista.pt\/index.php\/wp-json\/wp\/v2\/posts"}],"about":[{"href":"https:\/\/automotiverevista.pt\/index.php\/wp-json\/wp\/v2\/types\/post"}],"author":[{"embeddable":true,"href":"https:\/\/automotiverevista.pt\/index.php\/wp-json\/wp\/v2\/users\/1"}],"replies":[{"embeddable":true,"href":"https:\/\/automotiverevista.pt\/index.php\/wp-json\/wp\/v2\/comments?post=2898"}],"version-history":[{"count":3,"href":"https:\/\/automotiverevista.pt\/index.php\/wp-json\/wp\/v2\/posts\/2898\/revisions"}],"predecessor-version":[{"id":2905,"href":"https:\/\/automotiverevista.pt\/index.php\/wp-json\/wp\/v2\/posts\/2898\/revisions\/2905"}],"wp:featuredmedia":[{"embeddable":true,"href":"https:\/\/automotiverevista.pt\/index.php\/wp-json\/wp\/v2\/media\/2899"}],"wp:attachment":[{"href":"https:\/\/automotiverevista.pt\/index.php\/wp-json\/wp\/v2\/media?parent=2898"}],"wp:term":[{"taxonomy":"category","embeddable":true,"href":"https:\/\/automotiverevista.pt\/index.php\/wp-json\/wp\/v2\/categories?post=2898"},{"taxonomy":"post_tag","embeddable":true,"href":"https:\/\/automotiverevista.pt\/index.php\/wp-json\/wp\/v2\/tags?post=2898"}],"curies":[{"name":"wp","href":"https:\/\/api.w.org\/{rel}","templated":true}]}}