{"id":2952,"date":"2023-05-17T08:00:00","date_gmt":"2023-05-17T08:00:00","guid":{"rendered":"https:\/\/automotiverevista.pt\/?p=2952"},"modified":"2023-05-11T20:40:37","modified_gmt":"2023-05-11T20:40:37","slug":"daf-mais-atrativa-com-campanha-em-boa-forma-2023","status":"publish","type":"post","link":"https:\/\/automotiverevista.pt\/index.php\/2023\/05\/17\/daf-mais-atrativa-com-campanha-em-boa-forma-2023\/","title":{"rendered":"DAF mais\u00a0atrativa\u00a0com Campanha em Boa Forma 2023"},"content":{"rendered":"\n<p>Distinguida no ano passado com&nbsp;<strong>Pr\u00e9mio&nbsp;<\/strong><strong>Fleet<\/strong><strong>&nbsp;&amp;&nbsp;<\/strong><strong>Service<\/strong><strong>&nbsp;Pesados<\/strong>&nbsp;pela Revista&nbsp;Automotive, com base na transpar\u00eancia e pre\u00e7os controlados da sua campanha destinada aos servi\u00e7os de p\u00f3s-venda, a marca DAF volta a demostrar a sua for\u00e7a com o relan\u00e7amento da sua campanha Em Boa Forma de 2023.<\/p>\n\n\n\n<p>Para falar sobre a estrat\u00e9gia por detr\u00e1s desta campanha,&nbsp;<strong>Juno Ces\u00e1rio<\/strong>,&nbsp;<em>District<\/em><em>&nbsp;<\/em><em>Parts<\/em><em>Manager PACCAR&nbsp;<\/em><em>Parts<\/em><em>&nbsp;<\/em><em>Europe<\/em><em>,&nbsp;<\/em>d\u00e1-nos a conhecer o \u00e2mbito desta iniciativa.<\/p>\n\n\n\n<p>\u201cTemos&nbsp;um enorme orgulho! Orgulho na nossa&nbsp;nova&nbsp;gama de viaturas,&nbsp;pela&nbsp;sua inova\u00e7\u00e3o&nbsp;e qualidade, orgulho nos nossos servi\u00e7os e&nbsp;nos t\u00e9cnicos DAF, nas longas horas de forma\u00e7\u00e3o;&nbsp;orgulho na atividade de pe\u00e7as e&nbsp;log\u00edstica,&nbsp;nas pessoas que diariamente fazem chegar solu\u00e7\u00f5es a clientes;&nbsp;orgulho nas nossas ideias e programas como&nbsp;DAF&nbsp;Webshop&nbsp;e&nbsp;PACCAR&nbsp;Parts&nbsp;Fleet&nbsp;Services&nbsp;e,&nbsp;especial orgulho,&nbsp;na&nbsp;rede&nbsp;de concession\u00e1rios&nbsp;DAF em Portugal&nbsp;onde&nbsp;contamos atualmente&nbsp;com&nbsp;dois concession\u00e1rios&nbsp;Full&nbsp;Dealer e seis localiza\u00e7\u00f5es Service Dealer, estrategicamente distribu\u00eddos por todo o pa\u00eds.&nbsp;<\/p>\n\n\n\n<figure class=\"wp-block-image size-full\"><img decoding=\"async\" width=\"889\" height=\"667\" src=\"https:\/\/automotiverevista.pt\/wp-content\/uploads\/2023\/05\/20220919_114329.jpg\" alt=\"\" class=\"wp-image-2954\" srcset=\"https:\/\/automotiverevista.pt\/wp-content\/uploads\/2023\/05\/20220919_114329.jpg 889w, https:\/\/automotiverevista.pt\/wp-content\/uploads\/2023\/05\/20220919_114329-300x225.jpg 300w, https:\/\/automotiverevista.pt\/wp-content\/uploads\/2023\/05\/20220919_114329-768x576.jpg 768w, https:\/\/automotiverevista.pt\/wp-content\/uploads\/2023\/05\/20220919_114329-750x563.jpg 750w\" sizes=\"(max-width: 889px) 100vw, 889px\" \/><\/figure>\n\n\n\n<p><strong>Superar desafios<\/strong><\/p>\n\n\n\n<p>Acreditamos no sucesso!&nbsp;Ano-ap\u00f3s-ano sempre conseguimos superar o&nbsp;exerc\u00edcio&nbsp;anterior,&nbsp;com novas ideias, novos produtos e novas a\u00e7\u00f5es dirigidas aos nossos clientes. Os concession\u00e1rios DAF&nbsp;em Portugal t\u00eam-se mostrado \u00e0 altura do desafio seguindo um&nbsp;s\u00f3lido&nbsp;plano de investimentos&nbsp;nas suas instala\u00e7\u00f5es&nbsp;em disponibilidade de pe\u00e7as,&nbsp;em&nbsp;t\u00e9cnicos e&nbsp;em&nbsp;otimiza\u00e7\u00e3o de&nbsp;recursos, tudo&nbsp;para&nbsp;disponibilizar&nbsp;aos clientes&nbsp;mais e&nbsp;melhores&nbsp;solu\u00e7\u00f5es de&nbsp;servi\u00e7o&nbsp;dando resposta \u00e0s necessidades emergentes do setor.<\/p>\n\n\n\n<figure class=\"wp-block-image size-full\"><img decoding=\"async\" width=\"1000\" height=\"667\" src=\"https:\/\/automotiverevista.pt\/wp-content\/uploads\/2023\/05\/eIMG_9093.jpg\" alt=\"\" class=\"wp-image-2955\" srcset=\"https:\/\/automotiverevista.pt\/wp-content\/uploads\/2023\/05\/eIMG_9093.jpg 1000w, https:\/\/automotiverevista.pt\/wp-content\/uploads\/2023\/05\/eIMG_9093-300x200.jpg 300w, https:\/\/automotiverevista.pt\/wp-content\/uploads\/2023\/05\/eIMG_9093-768x512.jpg 768w, https:\/\/automotiverevista.pt\/wp-content\/uploads\/2023\/05\/eIMG_9093-750x500.jpg 750w\" sizes=\"(max-width: 1000px) 100vw, 1000px\" \/><\/figure>\n\n\n\n<p>O ano de&nbsp;2022 foi&nbsp;um excelente&nbsp;ano&nbsp;para o p\u00f3s-venda&nbsp;da&nbsp;DAF e,&nbsp;2023,&nbsp;revela-se um ano de oportunidades para&nbsp;continuar a&nbsp;crescer e consolidar rela\u00e7\u00f5es.&nbsp;Continuaremos em 2023 a desenvolver estrat\u00e9gias chave para o sucesso&nbsp;na rede DAF&nbsp;tais&nbsp;como \u201cFirst&nbsp;Time&nbsp;Right\u201d e \u201cOne-Stop-Shop\u201d, ou seja, a capacidade de prestar servi\u00e7os&nbsp;de qualidade a cada visita&nbsp;ao concession\u00e1rio,&nbsp;n\u00e3o s\u00f3&nbsp;a&nbsp;viaturas&nbsp;DAF, mas tamb\u00e9m ao&nbsp;semirreboque e mesmo a viaturas de outras marcas atrav\u00e9s&nbsp;da&nbsp;TRP&nbsp;(pe\u00e7as para todas as marcas de viaturas&nbsp;com a garantia PACCAR),&nbsp;onde&nbsp;inici\u00e1mos&nbsp;por toda a Am\u00e9rica e Europa a criar uma rede de servi\u00e7o sobre a marca TRP.&nbsp;<\/p>\n\n\n\n<figure class=\"wp-block-image size-full\"><img decoding=\"async\" width=\"1000\" height=\"667\" src=\"https:\/\/automotiverevista.pt\/wp-content\/uploads\/2023\/05\/IMG_2353.jpg\" alt=\"\" class=\"wp-image-2956\" srcset=\"https:\/\/automotiverevista.pt\/wp-content\/uploads\/2023\/05\/IMG_2353.jpg 1000w, https:\/\/automotiverevista.pt\/wp-content\/uploads\/2023\/05\/IMG_2353-300x200.jpg 300w, https:\/\/automotiverevista.pt\/wp-content\/uploads\/2023\/05\/IMG_2353-768x512.jpg 768w, https:\/\/automotiverevista.pt\/wp-content\/uploads\/2023\/05\/IMG_2353-750x500.jpg 750w\" sizes=\"(max-width: 1000px) 100vw, 1000px\" \/><\/figure>\n\n\n\n<p><strong>Investir em talento<\/strong><\/p>\n\n\n\n<p>Continuaremos a investir em t\u00e9cnicos com a\u00e7\u00f5es de capta\u00e7\u00e3o de talentos como \u00e9 exemplo o programa \u201cmade&nbsp;for DAF\u201d,&nbsp;bem como em novas tecnologias&nbsp;de informa\u00e7\u00e3o ao cliente como \u00e9 o&nbsp;\u201cDAF&nbsp;Connect\u201d&nbsp;(conectividade inteligente da viatura para solu\u00e7\u00f5es log\u00edsticas mais eficientes), e a&nbsp;loja online de pe\u00e7as&nbsp;\u201cDAF&nbsp;Webshop\u201d&nbsp;(com&nbsp;informa\u00e7\u00e3o em tempo real de pre\u00e7os e stock e um programa de fideliza\u00e7\u00e3o com pontos por compras que pode ser usado na loja DAF).<\/p>\n\n\n\n<p>Sabemos, por\u00e9m,&nbsp;o quanto tem sido dif\u00edcil para todos no setor&nbsp;os \u00faltimos tempos,&nbsp;com escassez&nbsp;de componentes,&nbsp;sucessivos&nbsp;aumentos de pre\u00e7o&nbsp;e&nbsp;incremento&nbsp;dos&nbsp;custos operacionais&nbsp;afetando o TCO. Somos sens\u00edveis a estes fatores e&nbsp;\u201c<strong><em>Juntos hoje, mais fortes&nbsp;<\/em><\/strong><strong><em>amanh\u00e3\u201d<\/em><\/strong>&nbsp;tem sido um dos pilares&nbsp;para&nbsp;as&nbsp;a\u00e7\u00f5es que desenvolvemos. Efetu\u00e1mos fortes investimentos em stock para garantir uma maior disponibilidade de pe\u00e7as, melhor\u00e1mos a sua&nbsp;log\u00edstica&nbsp;e entrega, cri\u00e1mos garantias&nbsp;alargadas&nbsp;de 2 anos para alguns componentes,&nbsp;disponibilizamos a capacidade de identifica\u00e7\u00e3o, informa\u00e7\u00e3o de stock em tempo real 24&nbsp;horas&nbsp;por dia,&nbsp;tudo para garantir que o cliente DAF tenha&nbsp;uma solu\u00e7\u00e3o r\u00e1pida,&nbsp;seja na sua pr\u00f3pria oficina,&nbsp;seja no seu concession\u00e1rio DAF.<\/p>\n\n\n\n<figure class=\"wp-block-image size-full\"><img decoding=\"async\" width=\"1000\" height=\"667\" src=\"https:\/\/automotiverevista.pt\/wp-content\/uploads\/2023\/05\/04_DAF_Trucks_opens_second_Paris_dealership.jpg\" alt=\"\" class=\"wp-image-2957\" srcset=\"https:\/\/automotiverevista.pt\/wp-content\/uploads\/2023\/05\/04_DAF_Trucks_opens_second_Paris_dealership.jpg 1000w, https:\/\/automotiverevista.pt\/wp-content\/uploads\/2023\/05\/04_DAF_Trucks_opens_second_Paris_dealership-300x200.jpg 300w, https:\/\/automotiverevista.pt\/wp-content\/uploads\/2023\/05\/04_DAF_Trucks_opens_second_Paris_dealership-768x512.jpg 768w, https:\/\/automotiverevista.pt\/wp-content\/uploads\/2023\/05\/04_DAF_Trucks_opens_second_Paris_dealership-750x500.jpg 750w\" sizes=\"(max-width: 1000px) 100vw, 1000px\" \/><figcaption class=\"wp-element-caption\">DAF Trucks &#8211; Louvres &#8211; France<\/figcaption><\/figure>\n\n\n\n<p><strong>Fazer a diferen\u00e7a<\/strong><\/p>\n\n\n\n<p>E claro,&nbsp;o fator pre\u00e7o,&nbsp;n\u00e3o s\u00f3 da&nbsp;pe\u00e7a,&nbsp;mas de todo o servi\u00e7o. Face \u00e0&nbsp;procura crescente de transporte&nbsp;rodovi\u00e1rio&nbsp;torna-se critico para qualquer transportador maximizar a fiabilidade da viatura&nbsp;onde&nbsp;pe\u00e7as e servi\u00e7os de qualidade&nbsp;assumem elevada import\u00e2ncia. \u00c9 aqui que procuramos fazer a diferen\u00e7a com uma mensagem clara: servi\u00e7os de qualidade, pe\u00e7as&nbsp;e m\u00e3o-de-obra inclu\u00edda,&nbsp;a pre\u00e7os fixos e competitivos,&nbsp;tudo para manter&nbsp;o&nbsp;cami\u00e3o&nbsp;DAF&nbsp;em \u201cBoa Forma\u201d.<\/p>\n\n\n\n<p>Esta \u00e9 a base da nossa campanha de servi\u00e7os&nbsp;nas oficinas&nbsp;DAF em Portugal.&nbsp;Conhecida como campanha \u201cBoa Forma\u201d,&nbsp;definimos&nbsp;v\u00e1rios&nbsp;servi\u00e7os de manuten\u00e7\u00e3o e substitui\u00e7\u00e3o de componentes&nbsp;como&nbsp;pastilhas, discos,&nbsp;radiador, embraiagem entre outros a pre\u00e7os&nbsp;fechados, permitindo aos nossos clientes ter&nbsp;acesso a servi\u00e7os de qualidade&nbsp;sem sofrer de varia\u00e7\u00f5es de custo, infla\u00e7\u00e3o ou outro durante o per\u00edodo da campanha (a que temos a decorrer iniciou a 1 de&nbsp;abril&nbsp;terminar\u00e1 a 30 de&nbsp;junho&nbsp;pr\u00f3ximo). Servi\u00e7os de qualidade na marca sem romper o or\u00e7amento,&nbsp;para uma&nbsp;maior fiabilidade da viatura e como tal&nbsp;mais quil\u00f3metros percorridos.<\/p>\n\n\n\n<figure class=\"wp-block-image size-full\"><img decoding=\"async\" width=\"944\" height=\"667\" src=\"https:\/\/automotiverevista.pt\/wp-content\/uploads\/2023\/05\/DAF-ITS-hr-roadside-assistance.jpg\" alt=\"\" class=\"wp-image-2958\" srcset=\"https:\/\/automotiverevista.pt\/wp-content\/uploads\/2023\/05\/DAF-ITS-hr-roadside-assistance.jpg 944w, https:\/\/automotiverevista.pt\/wp-content\/uploads\/2023\/05\/DAF-ITS-hr-roadside-assistance-300x212.jpg 300w, https:\/\/automotiverevista.pt\/wp-content\/uploads\/2023\/05\/DAF-ITS-hr-roadside-assistance-768x543.jpg 768w, https:\/\/automotiverevista.pt\/wp-content\/uploads\/2023\/05\/DAF-ITS-hr-roadside-assistance-120x86.jpg 120w, https:\/\/automotiverevista.pt\/wp-content\/uploads\/2023\/05\/DAF-ITS-hr-roadside-assistance-750x530.jpg 750w\" sizes=\"(max-width: 944px) 100vw, 944px\" \/><figcaption class=\"wp-element-caption\">workhouse<\/figcaption><\/figure>\n\n\n\n<p>Tem sido um sucesso, cada vez mais clientes optam por fazer a manuten\u00e7\u00e3o e repara\u00e7\u00e3o das suas unidades na rede de concession\u00e1rios DAF, porque respondemos \u00e0s suas necessidades de servi\u00e7o,&nbsp;de&nbsp;disponibilidade e&nbsp;de&nbsp;custos com&nbsp;uma solu\u00e7\u00e3o&nbsp;pr\u00e1tica e transparente. Esse \u00e9 o&nbsp;nosso objetivo.<\/p>\n\n\n\n<p>Acreditamos que&nbsp;a rede de concession\u00e1rios DAF&nbsp;tem&nbsp;a melhor rela\u00e7\u00e3o pre\u00e7o-qualidade&nbsp;para a manuten\u00e7\u00e3o e servi\u00e7o de uma viatura&nbsp;da nossa marca,&nbsp;e esfor\u00e7amo-nos para que&nbsp;os nossos clientes&nbsp;se sintam confiantes de uma boa decis\u00e3o quando visitam um&nbsp;concession\u00e1rio da nossa rede.&nbsp;Afinal de contas&nbsp;nada supera o original DAF\u201d, enfatizou Juno Ces\u00e1rio.<\/p>\n\n\n\n<p><\/p>\n\n\n","protected":false},"excerpt":{"rendered":"<p>Distinguida no ano passado com&nbsp;Pr\u00e9mio&nbsp;Fleet&nbsp;&amp;&nbsp;Service&nbsp;Pesados&nbsp;pela Revista&nbsp;Automotive, com base na transpar\u00eancia e pre\u00e7os controlados da sua campanha destinada aos servi\u00e7os de p\u00f3s-venda, a marca DAF volta a demostrar a sua for\u00e7a com o relan\u00e7amento da sua campanha Em Boa Forma de 2023. Para falar sobre a estrat\u00e9gia por detr\u00e1s desta campanha,&nbsp;Juno Ces\u00e1rio,&nbsp;District&nbsp;PartsManager PACCAR&nbsp;Parts&nbsp;Europe,&nbsp;d\u00e1-nos a conhecer o [&hellip;]<\/p>\n","protected":false},"author":3,"featured_media":2953,"comment_status":"closed","ping_status":"open","sticky":false,"template":"","format":"standard","meta":{"jnews-multi-image_gallery":[],"jnews_single_post":{"subtitle":"","format":"standard","video":"","gallery":"","source_name":"","source_url":"","via_name":"","via_url":"","override_template":"0","override":[{"template":"2","single_blog_custom":"","parallax":"1","fullscreen":"1","layout":"right-sidebar","sidebar":"default-sidebar","second_sidebar":"default-sidebar","sticky_sidebar":"1","share_position":"topbottom","share_float_style":"share-monocrhome","show_share_counter":"0","show_view_counter":"0","show_featured":"1","show_post_meta":"1","show_post_author":"0","show_post_author_image":"1","show_post_date":"1","post_date_format":"default","post_date_format_custom":"Y\/m\/d","show_post_category":"1","show_post_reading_time":"0","post_reading_time_wpm":"300","show_zoom_button":"0","zoom_button_out_step":"2","zoom_button_in_step":"3","show_post_tag":"1","show_prev_next_post":"0","show_popup_post":"1","number_popup_post":"1","show_author_box":"0","show_post_related":"1","show_inline_post_related":"1"}],"override_image_size":"0","image_override":[{"single_post_thumbnail_size":"crop-500","single_post_gallery_size":"crop-500"}],"trending_post":"0","trending_post_position":"meta","trending_post_label":"Trending","sponsored_post":"0","sponsored_post_label":"Sponsored by","sponsored_post_name":"","sponsored_post_url":"","sponsored_post_logo_enable":"0","sponsored_post_logo":"","sponsored_post_desc":"","disable_ad":"0"},"jnews_primary_category":{"id":"","hide":""},"footnotes":""},"categories":[25],"tags":[],"class_list":["post-2952","post","type-post","status-publish","format-standard","has-post-thumbnail","hentry","category-pesados-e-maquinas"],"yoast_head":"<!-- This site is optimized with the Yoast SEO Premium plugin v27.2 (Yoast SEO v27.5) - https:\/\/yoast.com\/product\/yoast-seo-premium-wordpress\/ -->\n<title>DAF mais\u00a0atrativa\u00a0com Campanha em Boa Forma 2023 - Revista Automotive<\/title>\n<meta name=\"robots\" content=\"index, follow, max-snippet:-1, max-image-preview:large, max-video-preview:-1\" \/>\n<link rel=\"canonical\" href=\"https:\/\/automotiverevista.pt\/index.php\/2023\/05\/17\/daf-mais-atrativa-com-campanha-em-boa-forma-2023\/\" \/>\n<meta property=\"og:locale\" content=\"pt_PT\" \/>\n<meta property=\"og:type\" content=\"article\" \/>\n<meta property=\"og:title\" content=\"DAF mais\u00a0atrativa\u00a0com Campanha em Boa Forma 2023\" \/>\n<meta property=\"og:description\" content=\"Distinguida no ano passado com&nbsp;Pr\u00e9mio&nbsp;Fleet&nbsp;&amp;&nbsp;Service&nbsp;Pesados&nbsp;pela Revista&nbsp;Automotive, com base na transpar\u00eancia e pre\u00e7os controlados da sua campanha destinada aos servi\u00e7os de p\u00f3s-venda, a marca DAF volta a demostrar a sua for\u00e7a com o relan\u00e7amento da sua campanha Em Boa Forma de 2023. Para falar sobre a estrat\u00e9gia por detr\u00e1s desta campanha,&nbsp;Juno Ces\u00e1rio,&nbsp;District&nbsp;PartsManager PACCAR&nbsp;Parts&nbsp;Europe,&nbsp;d\u00e1-nos a conhecer o [&hellip;]\" \/>\n<meta property=\"og:url\" content=\"https:\/\/automotiverevista.pt\/index.php\/2023\/05\/17\/daf-mais-atrativa-com-campanha-em-boa-forma-2023\/\" \/>\n<meta property=\"og:site_name\" content=\"Revista Automotive\" \/>\n<meta property=\"article:published_time\" content=\"2023-05-17T08:00:00+00:00\" \/>\n<meta property=\"og:image\" content=\"https:\/\/automotiverevista.pt\/wp-content\/uploads\/2023\/05\/FotoAbertura-6.jpg\" \/>\n\t<meta property=\"og:image:width\" content=\"1000\" \/>\n\t<meta property=\"og:image:height\" content=\"667\" \/>\n\t<meta property=\"og:image:type\" content=\"image\/jpeg\" \/>\n<meta name=\"author\" content=\"MiguelMarques\" \/>\n<meta name=\"twitter:card\" content=\"summary_large_image\" \/>\n<meta name=\"twitter:label1\" content=\"Escrito por\" \/>\n\t<meta name=\"twitter:data1\" content=\"MiguelMarques\" \/>\n\t<meta name=\"twitter:label2\" content=\"Tempo estimado de leitura\" \/>\n\t<meta name=\"twitter:data2\" content=\"6 minutos\" \/>\n<script type=\"application\/ld+json\" class=\"yoast-schema-graph\">{\"@context\":\"https:\\\/\\\/schema.org\",\"@graph\":[{\"@type\":\"Article\",\"@id\":\"https:\\\/\\\/automotiverevista.pt\\\/index.php\\\/2023\\\/05\\\/17\\\/daf-mais-atrativa-com-campanha-em-boa-forma-2023\\\/#article\",\"isPartOf\":{\"@id\":\"https:\\\/\\\/automotiverevista.pt\\\/index.php\\\/2023\\\/05\\\/17\\\/daf-mais-atrativa-com-campanha-em-boa-forma-2023\\\/\"},\"author\":{\"name\":\"MiguelMarques\",\"@id\":\"https:\\\/\\\/automotiverevista.pt\\\/#\\\/schema\\\/person\\\/d705335f9c428a4a0cae3d11afb2e0ef\"},\"headline\":\"DAF mais\u00a0atrativa\u00a0com Campanha em Boa Forma 2023\",\"datePublished\":\"2023-05-17T08:00:00+00:00\",\"mainEntityOfPage\":{\"@id\":\"https:\\\/\\\/automotiverevista.pt\\\/index.php\\\/2023\\\/05\\\/17\\\/daf-mais-atrativa-com-campanha-em-boa-forma-2023\\\/\"},\"wordCount\":1117,\"publisher\":{\"@id\":\"https:\\\/\\\/automotiverevista.pt\\\/#organization\"},\"image\":{\"@id\":\"https:\\\/\\\/automotiverevista.pt\\\/index.php\\\/2023\\\/05\\\/17\\\/daf-mais-atrativa-com-campanha-em-boa-forma-2023\\\/#primaryimage\"},\"thumbnailUrl\":\"https:\\\/\\\/automotiverevista.pt\\\/wp-content\\\/uploads\\\/2023\\\/05\\\/FotoAbertura-6.jpg\",\"articleSection\":[\"Pesados e M\u00e1quinas\"],\"inLanguage\":\"pt-PT\"},{\"@type\":\"WebPage\",\"@id\":\"https:\\\/\\\/automotiverevista.pt\\\/index.php\\\/2023\\\/05\\\/17\\\/daf-mais-atrativa-com-campanha-em-boa-forma-2023\\\/\",\"url\":\"https:\\\/\\\/automotiverevista.pt\\\/index.php\\\/2023\\\/05\\\/17\\\/daf-mais-atrativa-com-campanha-em-boa-forma-2023\\\/\",\"name\":\"DAF mais\u00a0atrativa\u00a0com Campanha em Boa Forma 2023 - Revista Automotive\",\"isPartOf\":{\"@id\":\"https:\\\/\\\/automotiverevista.pt\\\/#website\"},\"primaryImageOfPage\":{\"@id\":\"https:\\\/\\\/automotiverevista.pt\\\/index.php\\\/2023\\\/05\\\/17\\\/daf-mais-atrativa-com-campanha-em-boa-forma-2023\\\/#primaryimage\"},\"image\":{\"@id\":\"https:\\\/\\\/automotiverevista.pt\\\/index.php\\\/2023\\\/05\\\/17\\\/daf-mais-atrativa-com-campanha-em-boa-forma-2023\\\/#primaryimage\"},\"thumbnailUrl\":\"https:\\\/\\\/automotiverevista.pt\\\/wp-content\\\/uploads\\\/2023\\\/05\\\/FotoAbertura-6.jpg\",\"datePublished\":\"2023-05-17T08:00:00+00:00\",\"breadcrumb\":{\"@id\":\"https:\\\/\\\/automotiverevista.pt\\\/index.php\\\/2023\\\/05\\\/17\\\/daf-mais-atrativa-com-campanha-em-boa-forma-2023\\\/#breadcrumb\"},\"inLanguage\":\"pt-PT\",\"potentialAction\":[{\"@type\":\"ReadAction\",\"target\":[\"https:\\\/\\\/automotiverevista.pt\\\/index.php\\\/2023\\\/05\\\/17\\\/daf-mais-atrativa-com-campanha-em-boa-forma-2023\\\/\"]}]},{\"@type\":\"ImageObject\",\"inLanguage\":\"pt-PT\",\"@id\":\"https:\\\/\\\/automotiverevista.pt\\\/index.php\\\/2023\\\/05\\\/17\\\/daf-mais-atrativa-com-campanha-em-boa-forma-2023\\\/#primaryimage\",\"url\":\"https:\\\/\\\/automotiverevista.pt\\\/wp-content\\\/uploads\\\/2023\\\/05\\\/FotoAbertura-6.jpg\",\"contentUrl\":\"https:\\\/\\\/automotiverevista.pt\\\/wp-content\\\/uploads\\\/2023\\\/05\\\/FotoAbertura-6.jpg\",\"width\":1000,\"height\":667},{\"@type\":\"BreadcrumbList\",\"@id\":\"https:\\\/\\\/automotiverevista.pt\\\/index.php\\\/2023\\\/05\\\/17\\\/daf-mais-atrativa-com-campanha-em-boa-forma-2023\\\/#breadcrumb\",\"itemListElement\":[{\"@type\":\"ListItem\",\"position\":1,\"name\":\"Home\",\"item\":\"https:\\\/\\\/automotiverevista.pt\\\/\"},{\"@type\":\"ListItem\",\"position\":2,\"name\":\"DAF mais\u00a0atrativa\u00a0com Campanha em Boa Forma 2023\"}]},{\"@type\":\"WebSite\",\"@id\":\"https:\\\/\\\/automotiverevista.pt\\\/#website\",\"url\":\"https:\\\/\\\/automotiverevista.pt\\\/\",\"name\":\"Revista Automotive\",\"description\":\"Revista Automotive Portugal\",\"publisher\":{\"@id\":\"https:\\\/\\\/automotiverevista.pt\\\/#organization\"},\"potentialAction\":[{\"@type\":\"SearchAction\",\"target\":{\"@type\":\"EntryPoint\",\"urlTemplate\":\"https:\\\/\\\/automotiverevista.pt\\\/?s={search_term_string}\"},\"query-input\":{\"@type\":\"PropertyValueSpecification\",\"valueRequired\":true,\"valueName\":\"search_term_string\"}}],\"inLanguage\":\"pt-PT\"},{\"@type\":\"Organization\",\"@id\":\"https:\\\/\\\/automotiverevista.pt\\\/#organization\",\"name\":\"Revista Automotive Portugal\",\"url\":\"https:\\\/\\\/automotiverevista.pt\\\/\",\"logo\":{\"@type\":\"ImageObject\",\"inLanguage\":\"pt-PT\",\"@id\":\"https:\\\/\\\/automotiverevista.pt\\\/#\\\/schema\\\/logo\\\/image\\\/\",\"url\":\"https:\\\/\\\/automotiverevista.pt\\\/wp-content\\\/uploads\\\/2022\\\/07\\\/Logo-Automotive-2021_500-1.jpg\",\"contentUrl\":\"https:\\\/\\\/automotiverevista.pt\\\/wp-content\\\/uploads\\\/2022\\\/07\\\/Logo-Automotive-2021_500-1.jpg\",\"width\":500,\"height\":160,\"caption\":\"Revista Automotive Portugal\"},\"image\":{\"@id\":\"https:\\\/\\\/automotiverevista.pt\\\/#\\\/schema\\\/logo\\\/image\\\/\"},\"sameAs\":[\"https:\\\/\\\/linkedin.com\\\/in\\\/automotiverevista\"]},{\"@type\":\"Person\",\"@id\":\"https:\\\/\\\/automotiverevista.pt\\\/#\\\/schema\\\/person\\\/d705335f9c428a4a0cae3d11afb2e0ef\",\"name\":\"MiguelMarques\",\"image\":{\"@type\":\"ImageObject\",\"inLanguage\":\"pt-PT\",\"@id\":\"https:\\\/\\\/secure.gravatar.com\\\/avatar\\\/635d1f118671d87c579d5e4f6491bfc0081e3bbddd605eb321931e9c938270b5?s=96&d=mm&r=g\",\"url\":\"https:\\\/\\\/secure.gravatar.com\\\/avatar\\\/635d1f118671d87c579d5e4f6491bfc0081e3bbddd605eb321931e9c938270b5?s=96&d=mm&r=g\",\"contentUrl\":\"https:\\\/\\\/secure.gravatar.com\\\/avatar\\\/635d1f118671d87c579d5e4f6491bfc0081e3bbddd605eb321931e9c938270b5?s=96&d=mm&r=g\",\"caption\":\"MiguelMarques\"},\"url\":\"https:\\\/\\\/automotiverevista.pt\\\/index.php\\\/author\\\/miguelmarques\\\/\"}]}<\/script>\n<!-- \/ Yoast SEO Premium plugin. -->","yoast_head_json":{"title":"DAF mais\u00a0atrativa\u00a0com Campanha em Boa Forma 2023 - Revista Automotive","robots":{"index":"index","follow":"follow","max-snippet":"max-snippet:-1","max-image-preview":"max-image-preview:large","max-video-preview":"max-video-preview:-1"},"canonical":"https:\/\/automotiverevista.pt\/index.php\/2023\/05\/17\/daf-mais-atrativa-com-campanha-em-boa-forma-2023\/","og_locale":"pt_PT","og_type":"article","og_title":"DAF mais\u00a0atrativa\u00a0com Campanha em Boa Forma 2023","og_description":"Distinguida no ano passado com&nbsp;Pr\u00e9mio&nbsp;Fleet&nbsp;&amp;&nbsp;Service&nbsp;Pesados&nbsp;pela Revista&nbsp;Automotive, com base na transpar\u00eancia e pre\u00e7os controlados da sua campanha destinada aos servi\u00e7os de p\u00f3s-venda, a marca DAF volta a demostrar a sua for\u00e7a com o relan\u00e7amento da sua campanha Em Boa Forma de 2023. Para falar sobre a estrat\u00e9gia por detr\u00e1s desta campanha,&nbsp;Juno Ces\u00e1rio,&nbsp;District&nbsp;PartsManager PACCAR&nbsp;Parts&nbsp;Europe,&nbsp;d\u00e1-nos a conhecer o [&hellip;]","og_url":"https:\/\/automotiverevista.pt\/index.php\/2023\/05\/17\/daf-mais-atrativa-com-campanha-em-boa-forma-2023\/","og_site_name":"Revista Automotive","article_published_time":"2023-05-17T08:00:00+00:00","og_image":[{"width":1000,"height":667,"url":"https:\/\/automotiverevista.pt\/wp-content\/uploads\/2023\/05\/FotoAbertura-6.jpg","type":"image\/jpeg"}],"author":"MiguelMarques","twitter_card":"summary_large_image","twitter_misc":{"Escrito por":"MiguelMarques","Tempo estimado de leitura":"6 minutos"},"schema":{"@context":"https:\/\/schema.org","@graph":[{"@type":"Article","@id":"https:\/\/automotiverevista.pt\/index.php\/2023\/05\/17\/daf-mais-atrativa-com-campanha-em-boa-forma-2023\/#article","isPartOf":{"@id":"https:\/\/automotiverevista.pt\/index.php\/2023\/05\/17\/daf-mais-atrativa-com-campanha-em-boa-forma-2023\/"},"author":{"name":"MiguelMarques","@id":"https:\/\/automotiverevista.pt\/#\/schema\/person\/d705335f9c428a4a0cae3d11afb2e0ef"},"headline":"DAF mais\u00a0atrativa\u00a0com Campanha em Boa Forma 2023","datePublished":"2023-05-17T08:00:00+00:00","mainEntityOfPage":{"@id":"https:\/\/automotiverevista.pt\/index.php\/2023\/05\/17\/daf-mais-atrativa-com-campanha-em-boa-forma-2023\/"},"wordCount":1117,"publisher":{"@id":"https:\/\/automotiverevista.pt\/#organization"},"image":{"@id":"https:\/\/automotiverevista.pt\/index.php\/2023\/05\/17\/daf-mais-atrativa-com-campanha-em-boa-forma-2023\/#primaryimage"},"thumbnailUrl":"https:\/\/automotiverevista.pt\/wp-content\/uploads\/2023\/05\/FotoAbertura-6.jpg","articleSection":["Pesados e M\u00e1quinas"],"inLanguage":"pt-PT"},{"@type":"WebPage","@id":"https:\/\/automotiverevista.pt\/index.php\/2023\/05\/17\/daf-mais-atrativa-com-campanha-em-boa-forma-2023\/","url":"https:\/\/automotiverevista.pt\/index.php\/2023\/05\/17\/daf-mais-atrativa-com-campanha-em-boa-forma-2023\/","name":"DAF mais\u00a0atrativa\u00a0com Campanha em Boa Forma 2023 - Revista Automotive","isPartOf":{"@id":"https:\/\/automotiverevista.pt\/#website"},"primaryImageOfPage":{"@id":"https:\/\/automotiverevista.pt\/index.php\/2023\/05\/17\/daf-mais-atrativa-com-campanha-em-boa-forma-2023\/#primaryimage"},"image":{"@id":"https:\/\/automotiverevista.pt\/index.php\/2023\/05\/17\/daf-mais-atrativa-com-campanha-em-boa-forma-2023\/#primaryimage"},"thumbnailUrl":"https:\/\/automotiverevista.pt\/wp-content\/uploads\/2023\/05\/FotoAbertura-6.jpg","datePublished":"2023-05-17T08:00:00+00:00","breadcrumb":{"@id":"https:\/\/automotiverevista.pt\/index.php\/2023\/05\/17\/daf-mais-atrativa-com-campanha-em-boa-forma-2023\/#breadcrumb"},"inLanguage":"pt-PT","potentialAction":[{"@type":"ReadAction","target":["https:\/\/automotiverevista.pt\/index.php\/2023\/05\/17\/daf-mais-atrativa-com-campanha-em-boa-forma-2023\/"]}]},{"@type":"ImageObject","inLanguage":"pt-PT","@id":"https:\/\/automotiverevista.pt\/index.php\/2023\/05\/17\/daf-mais-atrativa-com-campanha-em-boa-forma-2023\/#primaryimage","url":"https:\/\/automotiverevista.pt\/wp-content\/uploads\/2023\/05\/FotoAbertura-6.jpg","contentUrl":"https:\/\/automotiverevista.pt\/wp-content\/uploads\/2023\/05\/FotoAbertura-6.jpg","width":1000,"height":667},{"@type":"BreadcrumbList","@id":"https:\/\/automotiverevista.pt\/index.php\/2023\/05\/17\/daf-mais-atrativa-com-campanha-em-boa-forma-2023\/#breadcrumb","itemListElement":[{"@type":"ListItem","position":1,"name":"Home","item":"https:\/\/automotiverevista.pt\/"},{"@type":"ListItem","position":2,"name":"DAF mais\u00a0atrativa\u00a0com Campanha em Boa Forma 2023"}]},{"@type":"WebSite","@id":"https:\/\/automotiverevista.pt\/#website","url":"https:\/\/automotiverevista.pt\/","name":"Revista Automotive","description":"Revista Automotive Portugal","publisher":{"@id":"https:\/\/automotiverevista.pt\/#organization"},"potentialAction":[{"@type":"SearchAction","target":{"@type":"EntryPoint","urlTemplate":"https:\/\/automotiverevista.pt\/?s={search_term_string}"},"query-input":{"@type":"PropertyValueSpecification","valueRequired":true,"valueName":"search_term_string"}}],"inLanguage":"pt-PT"},{"@type":"Organization","@id":"https:\/\/automotiverevista.pt\/#organization","name":"Revista Automotive Portugal","url":"https:\/\/automotiverevista.pt\/","logo":{"@type":"ImageObject","inLanguage":"pt-PT","@id":"https:\/\/automotiverevista.pt\/#\/schema\/logo\/image\/","url":"https:\/\/automotiverevista.pt\/wp-content\/uploads\/2022\/07\/Logo-Automotive-2021_500-1.jpg","contentUrl":"https:\/\/automotiverevista.pt\/wp-content\/uploads\/2022\/07\/Logo-Automotive-2021_500-1.jpg","width":500,"height":160,"caption":"Revista Automotive Portugal"},"image":{"@id":"https:\/\/automotiverevista.pt\/#\/schema\/logo\/image\/"},"sameAs":["https:\/\/linkedin.com\/in\/automotiverevista"]},{"@type":"Person","@id":"https:\/\/automotiverevista.pt\/#\/schema\/person\/d705335f9c428a4a0cae3d11afb2e0ef","name":"MiguelMarques","image":{"@type":"ImageObject","inLanguage":"pt-PT","@id":"https:\/\/secure.gravatar.com\/avatar\/635d1f118671d87c579d5e4f6491bfc0081e3bbddd605eb321931e9c938270b5?s=96&d=mm&r=g","url":"https:\/\/secure.gravatar.com\/avatar\/635d1f118671d87c579d5e4f6491bfc0081e3bbddd605eb321931e9c938270b5?s=96&d=mm&r=g","contentUrl":"https:\/\/secure.gravatar.com\/avatar\/635d1f118671d87c579d5e4f6491bfc0081e3bbddd605eb321931e9c938270b5?s=96&d=mm&r=g","caption":"MiguelMarques"},"url":"https:\/\/automotiverevista.pt\/index.php\/author\/miguelmarques\/"}]}},"_links":{"self":[{"href":"https:\/\/automotiverevista.pt\/index.php\/wp-json\/wp\/v2\/posts\/2952","targetHints":{"allow":["GET"]}}],"collection":[{"href":"https:\/\/automotiverevista.pt\/index.php\/wp-json\/wp\/v2\/posts"}],"about":[{"href":"https:\/\/automotiverevista.pt\/index.php\/wp-json\/wp\/v2\/types\/post"}],"author":[{"embeddable":true,"href":"https:\/\/automotiverevista.pt\/index.php\/wp-json\/wp\/v2\/users\/3"}],"replies":[{"embeddable":true,"href":"https:\/\/automotiverevista.pt\/index.php\/wp-json\/wp\/v2\/comments?post=2952"}],"version-history":[{"count":1,"href":"https:\/\/automotiverevista.pt\/index.php\/wp-json\/wp\/v2\/posts\/2952\/revisions"}],"predecessor-version":[{"id":2960,"href":"https:\/\/automotiverevista.pt\/index.php\/wp-json\/wp\/v2\/posts\/2952\/revisions\/2960"}],"wp:featuredmedia":[{"embeddable":true,"href":"https:\/\/automotiverevista.pt\/index.php\/wp-json\/wp\/v2\/media\/2953"}],"wp:attachment":[{"href":"https:\/\/automotiverevista.pt\/index.php\/wp-json\/wp\/v2\/media?parent=2952"}],"wp:term":[{"taxonomy":"category","embeddable":true,"href":"https:\/\/automotiverevista.pt\/index.php\/wp-json\/wp\/v2\/categories?post=2952"},{"taxonomy":"post_tag","embeddable":true,"href":"https:\/\/automotiverevista.pt\/index.php\/wp-json\/wp\/v2\/tags?post=2952"}],"curies":[{"name":"wp","href":"https:\/\/api.w.org\/{rel}","templated":true}]}}