{"id":299,"date":"2022-06-15T09:47:00","date_gmt":"2022-06-15T09:47:00","guid":{"rendered":"https:\/\/automotiverevista.pt\/?p=299"},"modified":"2022-07-08T09:51:41","modified_gmt":"2022-07-08T09:51:41","slug":"daf-xg-supera-testes-de-consumo-com-carga-total","status":"publish","type":"post","link":"https:\/\/automotiverevista.pt\/index.php\/2022\/06\/15\/daf-xg-supera-testes-de-consumo-com-carga-total\/","title":{"rendered":"DAF XG+ supera testes de consumo com carga total"},"content":{"rendered":"\n<p>A DAF realizou em Madrid os testes de consumo do novo DAF XG+, ocasi\u00e3o onde pudemos uma vez mais estar ao volante da nova referencia de cami\u00f5es no mercado. O modelo XG+ j\u00e1 tinha sido&nbsp;<a href=\"https:\/\/youtu.be\/xcg1y6VNchg\">testado<\/a>&nbsp;em primeira m\u00e3o em Portugal pela Revista Automotive, onde conduzimos o cami\u00e3o desde M\u00e9rida at\u00e9 Lisboa.<\/p>\n\n\n\n<figure class=\"wp-block-image\"><img decoding=\"async\" src=\"https:\/\/automotiverevista.com\/wp-content\/uploads\/2022\/06\/20220502_100728.jpg\" alt=\"\" class=\"wp-image-13450\"\/><\/figure>\n\n\n\n<p>No entanto, aquele primeiro teste foi vocacionado para demonstrar as v\u00e1rias novidades da unidade tratora, ainda sem carga. Daquele teste, resultou um&nbsp;<a href=\"https:\/\/youtu.be\/xcg1y6VNchg\">v\u00eddeo<\/a>&nbsp;que public\u00e1mos no&nbsp;<a href=\"https:\/\/youtu.be\/xcg1y6VNchg\">Canal da Automotive<\/a>&nbsp;no YouTube e que tem tido uma ades\u00e3o muito positiva por parte dos nossos leitores.<\/p>\n\n\n\n<figure class=\"wp-block-image\"><img decoding=\"async\" src=\"https:\/\/automotiverevista.com\/wp-content\/uploads\/2022\/06\/20220502_100843.jpg\" alt=\"\" class=\"wp-image-13451\"\/><\/figure>\n\n\n\n<p>Mas faltava o d<strong>erradeiro teste dos consumos<\/strong>&nbsp;e foi isso que fizemos em Madrid.<\/p>\n\n\n\n<p>No trajeto que realiz\u00e1mos, com cerca de 140 km, conduzimos no percurso de ida e volta do concession\u00e1rio DAF Truckland em Alcal\u00e1 de Henares, at\u00e9 \u00e0 localidade de Almadrones. A rota era maioritariamente em autoestrada, mas com uma topografia acidentada \u2013 muitas montanhas \u00edngremes. O cami\u00e3o estava carregado com blocos de cimento, que totalizavam 40 toneladas de peso total desde DAF XG+.<\/p>\n\n\n\n<figure class=\"wp-block-image\"><img decoding=\"async\" src=\"https:\/\/automotiverevista.com\/wp-content\/uploads\/2022\/06\/20220502_101052.jpg\" alt=\"\" class=\"wp-image-13452\"\/><\/figure>\n\n\n\n<p>E assim fizemo-nos \u00e0 estrada, com a vantagem de termos o XG+ equipado com c\u00e2maras de filmar, ao inv\u00e9s de espelhos retrovisores. A visibilidade desde novos equipamentos \u00e9 muito boa, e a adapta\u00e7\u00e3o \u00e9 r\u00e1pida. Uma das vantagens destas c\u00e2maras \u00e9 acompanharem o semirreboque todo quando curvamos o cami\u00e3o, possibilitando assim uma excelente visibilidade de todo o conjunto e consequente aumento da seguran\u00e7a nas manobras.<\/p>\n\n\n\n<figure class=\"wp-block-image\"><img decoding=\"async\" src=\"https:\/\/automotiverevista.com\/wp-content\/uploads\/2022\/06\/20220502_121100.jpg\" alt=\"\" class=\"wp-image-13458\"\/><\/figure>\n\n\n\n<p>Estipul\u00e1mos como velocidade de cruzeiro os 83km\/h, e a m\u00e1xima nos 87km\/h, para beneficiar os consumos. Em termos tecnol\u00f3gicos, o DAF resume-se ao essencial, focado na rentabilidade do frotista e do conforto do condutor. Assim, \u00e9 s\u00f3 deixar o cruise control preditivo fazer o seu trabalho, e manter a aten\u00e7\u00e3o na estrada ao mesmo tempo que usufru\u00edmos do conforto da espa\u00e7osa cabine XG+.<\/p>\n\n\n\n<figure class=\"wp-block-image\"><img decoding=\"async\" src=\"https:\/\/automotiverevista.com\/wp-content\/uploads\/2022\/06\/20220502_105921.jpg\" alt=\"\" class=\"wp-image-13454\"\/><\/figure>\n\n\n\n<p>Os 480cv desta unidade com motor 13 litros \u00e9 suficiente para as 40 toneladas do peso do conjunto, sem nunca deixar de ter for\u00e7a, mesmo nas subidas mais ingremes. No regresso, quando efetu\u00e1mos um percurso por descidas, o retarder mostrou toda a sua potencialidade e compet\u00eancia em suportar o conjunto, mesmo nas inclina\u00e7\u00f5es mais acentuadas. Dir\u00edamos que a vers\u00e3o de 480cv \u00e9 aquela mais gen\u00e9rica, que serve bem a maior parte dos servi\u00e7os de transporte, sem comprometer os consumos.<\/p>\n\n\n\n<figure class=\"wp-block-image\"><img decoding=\"async\" src=\"https:\/\/automotiverevista.com\/wp-content\/uploads\/2022\/06\/20220502_112015.jpg\" alt=\"\" class=\"wp-image-13455\"\/><\/figure>\n\n\n\n<p>Com um clima inst\u00e1vel, as c\u00e2maras de filmar acabaram por revelar-se grandes aliadas, porque n\u00e3o ficaram molhadas, nem sob chuva intensa. Tornou muito f\u00e1cil vermos os outros carros na estrada, mesmo com o enorme \u201cspray\u201d que o nosso cami\u00e3o levantava. Fic\u00e1mos muito satisfeitos com este sistema, que tamb\u00e9m auxilia nas manobras de ultrapassagem, pois sabemos claramente onde acaba o nosso semirreboque e conseguimos voltar \u00e0 nossa faixa de rodagem mais r\u00e1pido e com muito mais seguran\u00e7a.<\/p>\n\n\n\n<figure class=\"wp-block-image\"><img decoding=\"async\" src=\"https:\/\/automotiverevista.com\/wp-content\/uploads\/2022\/06\/20220502_105821.jpg\" alt=\"\" class=\"wp-image-13453\"\/><\/figure>\n\n\n\n<p>Em termos de avalia\u00e7\u00e3o da cabine, como j\u00e1 t\u00ednhamos feito no teste anterior (e fic\u00e1mos maravilhados!), concentramo-nos agora nos consumos, ao tentar aproveitar ao m\u00e1ximo a in\u00e9rcia quando entramos em circuito citadino. Acompanhamos sempre os consumos atrav\u00e9s de um dispositivo independente instalado no tanque de combust\u00edvel, o AIC.<\/p>\n\n\n\n<figure class=\"wp-block-image\"><img decoding=\"async\" src=\"https:\/\/automotiverevista.com\/wp-content\/uploads\/2022\/06\/20220502_120758.jpg\" alt=\"\" class=\"wp-image-13456\"\/><\/figure>\n\n\n\n<p><strong>No final, o veredicto: 25,6 litros\/100km.<\/strong><\/p>\n\n\n\n<p>\u00c9 o consumo mais baixo que regist\u00e1mos na hist\u00f3ria dos testes da Automotive! Fazer estes consumos com 40 toneladas, demonstra que a nova gera\u00e7\u00e3o DAF para al\u00e9m inovar com uma excelente cabine, tamb\u00e9m no \u00e2mbito dos consumos demonstrou ser a nova refer\u00eancia do mercado de cami\u00f5es. Assim, o DAF XG+ justifica mais uma vez o pr\u00e9mio atribu\u00eddo de Cami\u00e3o do Ano em Portugal 2022, atribu\u00eddo pela Revista Automotive.<\/p>\n\n\n\n<figure class=\"wp-block-image\"><img decoding=\"async\" src=\"https:\/\/automotiverevista.com\/wp-content\/uploads\/2022\/06\/20220502_120840.jpg\" alt=\"\" class=\"wp-image-13457\"\/><\/figure>\n","protected":false},"excerpt":{"rendered":"<p>A DAF realizou em Madrid os testes de consumo do novo DAF XG+, ocasi\u00e3o onde pudemos uma vez mais estar ao volante da nova referencia de cami\u00f5es no mercado. O modelo XG+ j\u00e1 tinha sido&nbsp;testado&nbsp;em primeira m\u00e3o em Portugal pela Revista Automotive, onde conduzimos o cami\u00e3o desde M\u00e9rida at\u00e9 Lisboa. No entanto, aquele primeiro teste [&hellip;]<\/p>\n","protected":false},"author":1,"featured_media":300,"comment_status":"closed","ping_status":"open","sticky":false,"template":"","format":"standard","meta":{"jnews-multi-image_gallery":[],"jnews_single_post":{"subtitle":"","format":"standard","video":"","gallery":"","source_name":"","source_url":"","via_name":"","via_url":"","override_template":"0","override":[{"template":"2","single_blog_custom":"","parallax":"1","fullscreen":"1","layout":"right-sidebar","sidebar":"default-sidebar","second_sidebar":"default-sidebar","sticky_sidebar":"1","share_position":"topbottom","share_float_style":"share-monocrhome","show_share_counter":"0","show_view_counter":"0","show_featured":"1","show_post_meta":"1","show_post_author":"0","show_post_author_image":"1","show_post_date":"1","post_date_format":"default","post_date_format_custom":"Y\/m\/d","show_post_category":"1","show_post_reading_time":"0","post_reading_time_wpm":"300","show_zoom_button":"0","zoom_button_out_step":"2","zoom_button_in_step":"3","show_post_tag":"1","show_prev_next_post":"0","show_popup_post":"1","number_popup_post":"1","show_author_box":"0","show_post_related":"1","show_inline_post_related":"1"}],"override_image_size":"0","image_override":[{"single_post_thumbnail_size":"crop-500","single_post_gallery_size":"crop-500"}],"trending_post":"0","trending_post_position":"meta","trending_post_label":"Trending","sponsored_post":"0","sponsored_post_label":"Sponsored by","sponsored_post_name":"","sponsored_post_url":"","sponsored_post_logo_enable":"0","sponsored_post_logo":"","sponsored_post_desc":"","disable_ad":"0"},"jnews_primary_category":{"id":""},"footnotes":""},"categories":[25],"tags":[49,77,45],"class_list":["post-299","post","type-post","status-publish","format-standard","has-post-thumbnail","hentry","category-pesados-e-maquinas","tag-camiao","tag-daf","tag-ensaio"],"yoast_head":"<!-- This site is optimized with the Yoast SEO Premium plugin v27.2 (Yoast SEO v27.5) - https:\/\/yoast.com\/product\/yoast-seo-premium-wordpress\/ -->\n<title>DAF XG+ supera testes de consumo com carga total - Revista Automotive<\/title>\n<meta name=\"robots\" content=\"index, follow, max-snippet:-1, max-image-preview:large, max-video-preview:-1\" \/>\n<link rel=\"canonical\" href=\"https:\/\/automotiverevista.pt\/index.php\/2022\/06\/15\/daf-xg-supera-testes-de-consumo-com-carga-total\/\" \/>\n<meta property=\"og:locale\" content=\"pt_PT\" \/>\n<meta property=\"og:type\" content=\"article\" \/>\n<meta property=\"og:title\" content=\"DAF XG+ supera testes de consumo com carga total\" \/>\n<meta property=\"og:description\" content=\"A DAF realizou em Madrid os testes de consumo do novo DAF XG+, ocasi\u00e3o onde pudemos uma vez mais estar ao volante da nova referencia de cami\u00f5es no mercado. O modelo XG+ j\u00e1 tinha sido&nbsp;testado&nbsp;em primeira m\u00e3o em Portugal pela Revista Automotive, onde conduzimos o cami\u00e3o desde M\u00e9rida at\u00e9 Lisboa. No entanto, aquele primeiro teste [&hellip;]\" \/>\n<meta property=\"og:url\" content=\"https:\/\/automotiverevista.pt\/index.php\/2022\/06\/15\/daf-xg-supera-testes-de-consumo-com-carga-total\/\" \/>\n<meta property=\"og:site_name\" content=\"Revista Automotive\" \/>\n<meta property=\"article:published_time\" content=\"2022-06-15T09:47:00+00:00\" \/>\n<meta property=\"article:modified_time\" content=\"2022-07-08T09:51:41+00:00\" \/>\n<meta property=\"og:image\" content=\"https:\/\/automotiverevista.pt\/wp-content\/uploads\/2022\/07\/20220502_100252.jpg\" \/>\n\t<meta property=\"og:image:width\" content=\"889\" \/>\n\t<meta property=\"og:image:height\" content=\"667\" \/>\n\t<meta property=\"og:image:type\" content=\"image\/jpeg\" \/>\n<meta name=\"author\" content=\"adminNovo\" \/>\n<meta name=\"twitter:card\" content=\"summary_large_image\" \/>\n<meta name=\"twitter:label1\" content=\"Escrito por\" \/>\n\t<meta name=\"twitter:data1\" content=\"adminNovo\" \/>\n\t<meta name=\"twitter:label2\" content=\"Tempo estimado de leitura\" \/>\n\t<meta name=\"twitter:data2\" content=\"3 minutos\" \/>\n<script type=\"application\/ld+json\" class=\"yoast-schema-graph\">{\"@context\":\"https:\\\/\\\/schema.org\",\"@graph\":[{\"@type\":\"Article\",\"@id\":\"https:\\\/\\\/automotiverevista.pt\\\/index.php\\\/2022\\\/06\\\/15\\\/daf-xg-supera-testes-de-consumo-com-carga-total\\\/#article\",\"isPartOf\":{\"@id\":\"https:\\\/\\\/automotiverevista.pt\\\/index.php\\\/2022\\\/06\\\/15\\\/daf-xg-supera-testes-de-consumo-com-carga-total\\\/\"},\"author\":{\"name\":\"adminNovo\",\"@id\":\"https:\\\/\\\/automotiverevista.pt\\\/#\\\/schema\\\/person\\\/1265858bc8c78a0f969de814da8be281\"},\"headline\":\"DAF XG+ supera testes de consumo com carga total\",\"datePublished\":\"2022-06-15T09:47:00+00:00\",\"dateModified\":\"2022-07-08T09:51:41+00:00\",\"mainEntityOfPage\":{\"@id\":\"https:\\\/\\\/automotiverevista.pt\\\/index.php\\\/2022\\\/06\\\/15\\\/daf-xg-supera-testes-de-consumo-com-carga-total\\\/\"},\"wordCount\":638,\"publisher\":{\"@id\":\"https:\\\/\\\/automotiverevista.pt\\\/#organization\"},\"image\":{\"@id\":\"https:\\\/\\\/automotiverevista.pt\\\/index.php\\\/2022\\\/06\\\/15\\\/daf-xg-supera-testes-de-consumo-com-carga-total\\\/#primaryimage\"},\"thumbnailUrl\":\"https:\\\/\\\/automotiverevista.pt\\\/wp-content\\\/uploads\\\/2022\\\/07\\\/20220502_100252.jpg\",\"keywords\":[\"cami\u00e3o\",\"DAF\",\"Ensaio\"],\"articleSection\":[\"Pesados e M\u00e1quinas\"],\"inLanguage\":\"pt-PT\"},{\"@type\":\"WebPage\",\"@id\":\"https:\\\/\\\/automotiverevista.pt\\\/index.php\\\/2022\\\/06\\\/15\\\/daf-xg-supera-testes-de-consumo-com-carga-total\\\/\",\"url\":\"https:\\\/\\\/automotiverevista.pt\\\/index.php\\\/2022\\\/06\\\/15\\\/daf-xg-supera-testes-de-consumo-com-carga-total\\\/\",\"name\":\"DAF XG+ supera testes de consumo com carga total - Revista Automotive\",\"isPartOf\":{\"@id\":\"https:\\\/\\\/automotiverevista.pt\\\/#website\"},\"primaryImageOfPage\":{\"@id\":\"https:\\\/\\\/automotiverevista.pt\\\/index.php\\\/2022\\\/06\\\/15\\\/daf-xg-supera-testes-de-consumo-com-carga-total\\\/#primaryimage\"},\"image\":{\"@id\":\"https:\\\/\\\/automotiverevista.pt\\\/index.php\\\/2022\\\/06\\\/15\\\/daf-xg-supera-testes-de-consumo-com-carga-total\\\/#primaryimage\"},\"thumbnailUrl\":\"https:\\\/\\\/automotiverevista.pt\\\/wp-content\\\/uploads\\\/2022\\\/07\\\/20220502_100252.jpg\",\"datePublished\":\"2022-06-15T09:47:00+00:00\",\"dateModified\":\"2022-07-08T09:51:41+00:00\",\"breadcrumb\":{\"@id\":\"https:\\\/\\\/automotiverevista.pt\\\/index.php\\\/2022\\\/06\\\/15\\\/daf-xg-supera-testes-de-consumo-com-carga-total\\\/#breadcrumb\"},\"inLanguage\":\"pt-PT\",\"potentialAction\":[{\"@type\":\"ReadAction\",\"target\":[\"https:\\\/\\\/automotiverevista.pt\\\/index.php\\\/2022\\\/06\\\/15\\\/daf-xg-supera-testes-de-consumo-com-carga-total\\\/\"]}]},{\"@type\":\"ImageObject\",\"inLanguage\":\"pt-PT\",\"@id\":\"https:\\\/\\\/automotiverevista.pt\\\/index.php\\\/2022\\\/06\\\/15\\\/daf-xg-supera-testes-de-consumo-com-carga-total\\\/#primaryimage\",\"url\":\"https:\\\/\\\/automotiverevista.pt\\\/wp-content\\\/uploads\\\/2022\\\/07\\\/20220502_100252.jpg\",\"contentUrl\":\"https:\\\/\\\/automotiverevista.pt\\\/wp-content\\\/uploads\\\/2022\\\/07\\\/20220502_100252.jpg\",\"width\":889,\"height\":667},{\"@type\":\"BreadcrumbList\",\"@id\":\"https:\\\/\\\/automotiverevista.pt\\\/index.php\\\/2022\\\/06\\\/15\\\/daf-xg-supera-testes-de-consumo-com-carga-total\\\/#breadcrumb\",\"itemListElement\":[{\"@type\":\"ListItem\",\"position\":1,\"name\":\"Home\",\"item\":\"https:\\\/\\\/automotiverevista.pt\\\/\"},{\"@type\":\"ListItem\",\"position\":2,\"name\":\"DAF XG+ supera testes de consumo com carga total\"}]},{\"@type\":\"WebSite\",\"@id\":\"https:\\\/\\\/automotiverevista.pt\\\/#website\",\"url\":\"https:\\\/\\\/automotiverevista.pt\\\/\",\"name\":\"Revista Automotive\",\"description\":\"Revista Automotive Portugal\",\"publisher\":{\"@id\":\"https:\\\/\\\/automotiverevista.pt\\\/#organization\"},\"potentialAction\":[{\"@type\":\"SearchAction\",\"target\":{\"@type\":\"EntryPoint\",\"urlTemplate\":\"https:\\\/\\\/automotiverevista.pt\\\/?s={search_term_string}\"},\"query-input\":{\"@type\":\"PropertyValueSpecification\",\"valueRequired\":true,\"valueName\":\"search_term_string\"}}],\"inLanguage\":\"pt-PT\"},{\"@type\":\"Organization\",\"@id\":\"https:\\\/\\\/automotiverevista.pt\\\/#organization\",\"name\":\"Revista Automotive Portugal\",\"url\":\"https:\\\/\\\/automotiverevista.pt\\\/\",\"logo\":{\"@type\":\"ImageObject\",\"inLanguage\":\"pt-PT\",\"@id\":\"https:\\\/\\\/automotiverevista.pt\\\/#\\\/schema\\\/logo\\\/image\\\/\",\"url\":\"https:\\\/\\\/automotiverevista.pt\\\/wp-content\\\/uploads\\\/2022\\\/07\\\/Logo-Automotive-2021_500-1.jpg\",\"contentUrl\":\"https:\\\/\\\/automotiverevista.pt\\\/wp-content\\\/uploads\\\/2022\\\/07\\\/Logo-Automotive-2021_500-1.jpg\",\"width\":500,\"height\":160,\"caption\":\"Revista Automotive Portugal\"},\"image\":{\"@id\":\"https:\\\/\\\/automotiverevista.pt\\\/#\\\/schema\\\/logo\\\/image\\\/\"},\"sameAs\":[\"https:\\\/\\\/linkedin.com\\\/in\\\/automotiverevista\"]},{\"@type\":\"Person\",\"@id\":\"https:\\\/\\\/automotiverevista.pt\\\/#\\\/schema\\\/person\\\/1265858bc8c78a0f969de814da8be281\",\"name\":\"adminNovo\",\"image\":{\"@type\":\"ImageObject\",\"inLanguage\":\"pt-PT\",\"@id\":\"https:\\\/\\\/secure.gravatar.com\\\/avatar\\\/c606c1288dcc11eb4c709aa5136fdb962583c410f5c23c0b7bf6917c542be355?s=96&d=mm&r=g\",\"url\":\"https:\\\/\\\/secure.gravatar.com\\\/avatar\\\/c606c1288dcc11eb4c709aa5136fdb962583c410f5c23c0b7bf6917c542be355?s=96&d=mm&r=g\",\"contentUrl\":\"https:\\\/\\\/secure.gravatar.com\\\/avatar\\\/c606c1288dcc11eb4c709aa5136fdb962583c410f5c23c0b7bf6917c542be355?s=96&d=mm&r=g\",\"caption\":\"adminNovo\"},\"sameAs\":[\"https:\\\/\\\/automotiverevista.pt\"],\"url\":\"https:\\\/\\\/automotiverevista.pt\\\/index.php\\\/author\\\/adminnovo\\\/\"}]}<\/script>\n<!-- \/ Yoast SEO Premium plugin. -->","yoast_head_json":{"title":"DAF XG+ supera testes de consumo com carga total - Revista Automotive","robots":{"index":"index","follow":"follow","max-snippet":"max-snippet:-1","max-image-preview":"max-image-preview:large","max-video-preview":"max-video-preview:-1"},"canonical":"https:\/\/automotiverevista.pt\/index.php\/2022\/06\/15\/daf-xg-supera-testes-de-consumo-com-carga-total\/","og_locale":"pt_PT","og_type":"article","og_title":"DAF XG+ supera testes de consumo com carga total","og_description":"A DAF realizou em Madrid os testes de consumo do novo DAF XG+, ocasi\u00e3o onde pudemos uma vez mais estar ao volante da nova referencia de cami\u00f5es no mercado. O modelo XG+ j\u00e1 tinha sido&nbsp;testado&nbsp;em primeira m\u00e3o em Portugal pela Revista Automotive, onde conduzimos o cami\u00e3o desde M\u00e9rida at\u00e9 Lisboa. No entanto, aquele primeiro teste [&hellip;]","og_url":"https:\/\/automotiverevista.pt\/index.php\/2022\/06\/15\/daf-xg-supera-testes-de-consumo-com-carga-total\/","og_site_name":"Revista Automotive","article_published_time":"2022-06-15T09:47:00+00:00","article_modified_time":"2022-07-08T09:51:41+00:00","og_image":[{"width":889,"height":667,"url":"https:\/\/automotiverevista.pt\/wp-content\/uploads\/2022\/07\/20220502_100252.jpg","type":"image\/jpeg"}],"author":"adminNovo","twitter_card":"summary_large_image","twitter_misc":{"Escrito por":"adminNovo","Tempo estimado de leitura":"3 minutos"},"schema":{"@context":"https:\/\/schema.org","@graph":[{"@type":"Article","@id":"https:\/\/automotiverevista.pt\/index.php\/2022\/06\/15\/daf-xg-supera-testes-de-consumo-com-carga-total\/#article","isPartOf":{"@id":"https:\/\/automotiverevista.pt\/index.php\/2022\/06\/15\/daf-xg-supera-testes-de-consumo-com-carga-total\/"},"author":{"name":"adminNovo","@id":"https:\/\/automotiverevista.pt\/#\/schema\/person\/1265858bc8c78a0f969de814da8be281"},"headline":"DAF XG+ supera testes de consumo com carga total","datePublished":"2022-06-15T09:47:00+00:00","dateModified":"2022-07-08T09:51:41+00:00","mainEntityOfPage":{"@id":"https:\/\/automotiverevista.pt\/index.php\/2022\/06\/15\/daf-xg-supera-testes-de-consumo-com-carga-total\/"},"wordCount":638,"publisher":{"@id":"https:\/\/automotiverevista.pt\/#organization"},"image":{"@id":"https:\/\/automotiverevista.pt\/index.php\/2022\/06\/15\/daf-xg-supera-testes-de-consumo-com-carga-total\/#primaryimage"},"thumbnailUrl":"https:\/\/automotiverevista.pt\/wp-content\/uploads\/2022\/07\/20220502_100252.jpg","keywords":["cami\u00e3o","DAF","Ensaio"],"articleSection":["Pesados e M\u00e1quinas"],"inLanguage":"pt-PT"},{"@type":"WebPage","@id":"https:\/\/automotiverevista.pt\/index.php\/2022\/06\/15\/daf-xg-supera-testes-de-consumo-com-carga-total\/","url":"https:\/\/automotiverevista.pt\/index.php\/2022\/06\/15\/daf-xg-supera-testes-de-consumo-com-carga-total\/","name":"DAF XG+ supera testes de consumo com carga total - Revista Automotive","isPartOf":{"@id":"https:\/\/automotiverevista.pt\/#website"},"primaryImageOfPage":{"@id":"https:\/\/automotiverevista.pt\/index.php\/2022\/06\/15\/daf-xg-supera-testes-de-consumo-com-carga-total\/#primaryimage"},"image":{"@id":"https:\/\/automotiverevista.pt\/index.php\/2022\/06\/15\/daf-xg-supera-testes-de-consumo-com-carga-total\/#primaryimage"},"thumbnailUrl":"https:\/\/automotiverevista.pt\/wp-content\/uploads\/2022\/07\/20220502_100252.jpg","datePublished":"2022-06-15T09:47:00+00:00","dateModified":"2022-07-08T09:51:41+00:00","breadcrumb":{"@id":"https:\/\/automotiverevista.pt\/index.php\/2022\/06\/15\/daf-xg-supera-testes-de-consumo-com-carga-total\/#breadcrumb"},"inLanguage":"pt-PT","potentialAction":[{"@type":"ReadAction","target":["https:\/\/automotiverevista.pt\/index.php\/2022\/06\/15\/daf-xg-supera-testes-de-consumo-com-carga-total\/"]}]},{"@type":"ImageObject","inLanguage":"pt-PT","@id":"https:\/\/automotiverevista.pt\/index.php\/2022\/06\/15\/daf-xg-supera-testes-de-consumo-com-carga-total\/#primaryimage","url":"https:\/\/automotiverevista.pt\/wp-content\/uploads\/2022\/07\/20220502_100252.jpg","contentUrl":"https:\/\/automotiverevista.pt\/wp-content\/uploads\/2022\/07\/20220502_100252.jpg","width":889,"height":667},{"@type":"BreadcrumbList","@id":"https:\/\/automotiverevista.pt\/index.php\/2022\/06\/15\/daf-xg-supera-testes-de-consumo-com-carga-total\/#breadcrumb","itemListElement":[{"@type":"ListItem","position":1,"name":"Home","item":"https:\/\/automotiverevista.pt\/"},{"@type":"ListItem","position":2,"name":"DAF XG+ supera testes de consumo com carga total"}]},{"@type":"WebSite","@id":"https:\/\/automotiverevista.pt\/#website","url":"https:\/\/automotiverevista.pt\/","name":"Revista Automotive","description":"Revista Automotive Portugal","publisher":{"@id":"https:\/\/automotiverevista.pt\/#organization"},"potentialAction":[{"@type":"SearchAction","target":{"@type":"EntryPoint","urlTemplate":"https:\/\/automotiverevista.pt\/?s={search_term_string}"},"query-input":{"@type":"PropertyValueSpecification","valueRequired":true,"valueName":"search_term_string"}}],"inLanguage":"pt-PT"},{"@type":"Organization","@id":"https:\/\/automotiverevista.pt\/#organization","name":"Revista Automotive Portugal","url":"https:\/\/automotiverevista.pt\/","logo":{"@type":"ImageObject","inLanguage":"pt-PT","@id":"https:\/\/automotiverevista.pt\/#\/schema\/logo\/image\/","url":"https:\/\/automotiverevista.pt\/wp-content\/uploads\/2022\/07\/Logo-Automotive-2021_500-1.jpg","contentUrl":"https:\/\/automotiverevista.pt\/wp-content\/uploads\/2022\/07\/Logo-Automotive-2021_500-1.jpg","width":500,"height":160,"caption":"Revista Automotive Portugal"},"image":{"@id":"https:\/\/automotiverevista.pt\/#\/schema\/logo\/image\/"},"sameAs":["https:\/\/linkedin.com\/in\/automotiverevista"]},{"@type":"Person","@id":"https:\/\/automotiverevista.pt\/#\/schema\/person\/1265858bc8c78a0f969de814da8be281","name":"adminNovo","image":{"@type":"ImageObject","inLanguage":"pt-PT","@id":"https:\/\/secure.gravatar.com\/avatar\/c606c1288dcc11eb4c709aa5136fdb962583c410f5c23c0b7bf6917c542be355?s=96&d=mm&r=g","url":"https:\/\/secure.gravatar.com\/avatar\/c606c1288dcc11eb4c709aa5136fdb962583c410f5c23c0b7bf6917c542be355?s=96&d=mm&r=g","contentUrl":"https:\/\/secure.gravatar.com\/avatar\/c606c1288dcc11eb4c709aa5136fdb962583c410f5c23c0b7bf6917c542be355?s=96&d=mm&r=g","caption":"adminNovo"},"sameAs":["https:\/\/automotiverevista.pt"],"url":"https:\/\/automotiverevista.pt\/index.php\/author\/adminnovo\/"}]}},"_links":{"self":[{"href":"https:\/\/automotiverevista.pt\/index.php\/wp-json\/wp\/v2\/posts\/299","targetHints":{"allow":["GET"]}}],"collection":[{"href":"https:\/\/automotiverevista.pt\/index.php\/wp-json\/wp\/v2\/posts"}],"about":[{"href":"https:\/\/automotiverevista.pt\/index.php\/wp-json\/wp\/v2\/types\/post"}],"author":[{"embeddable":true,"href":"https:\/\/automotiverevista.pt\/index.php\/wp-json\/wp\/v2\/users\/1"}],"replies":[{"embeddable":true,"href":"https:\/\/automotiverevista.pt\/index.php\/wp-json\/wp\/v2\/comments?post=299"}],"version-history":[{"count":1,"href":"https:\/\/automotiverevista.pt\/index.php\/wp-json\/wp\/v2\/posts\/299\/revisions"}],"predecessor-version":[{"id":301,"href":"https:\/\/automotiverevista.pt\/index.php\/wp-json\/wp\/v2\/posts\/299\/revisions\/301"}],"wp:featuredmedia":[{"embeddable":true,"href":"https:\/\/automotiverevista.pt\/index.php\/wp-json\/wp\/v2\/media\/300"}],"wp:attachment":[{"href":"https:\/\/automotiverevista.pt\/index.php\/wp-json\/wp\/v2\/media?parent=299"}],"wp:term":[{"taxonomy":"category","embeddable":true,"href":"https:\/\/automotiverevista.pt\/index.php\/wp-json\/wp\/v2\/categories?post=299"},{"taxonomy":"post_tag","embeddable":true,"href":"https:\/\/automotiverevista.pt\/index.php\/wp-json\/wp\/v2\/tags?post=299"}],"curies":[{"name":"wp","href":"https:\/\/api.w.org\/{rel}","templated":true}]}}