{"id":2992,"date":"2023-05-22T08:00:00","date_gmt":"2023-05-22T08:00:00","guid":{"rendered":"https:\/\/automotiverevista.pt\/?p=2992"},"modified":"2023-05-12T17:49:57","modified_gmt":"2023-05-12T17:49:57","slug":"astara-e-caetano-retail-porta-aberta-aos-chineses","status":"publish","type":"post","link":"https:\/\/automotiverevista.pt\/index.php\/2023\/05\/22\/astara-e-caetano-retail-porta-aberta-aos-chineses\/","title":{"rendered":"Astara e Caetano Retail \u2013 porta aberta aos chineses\u00a0"},"content":{"rendered":"\n<p>Sopram ventos de mudan\u00e7a na vizinha Espanha. O Grupo Astara, que em Portugal comercializa, entre outras marcas, os modelos chineses Aiways e Maxus (esta \u00faltima integrada na SAIC Motor, com sede em Shangai), e a Caetano Retail (que no nosso pa\u00eds representa, atrav\u00e9s da Caetano Auto as marcas Toyota, Lexus, Hyundai e Honda), abriram as portas dos seus concession\u00e1rios no pa\u00eds vizinho, para mais autom\u00f3veis chineses.<\/p>\n\n\n\n<p>Estes dois importantes grupos de retalho autom\u00f3vel, fortemente implementados em Portugal, est\u00e3o a vender mais marcas chinesas, tais como a BYD, aproveitando a grande procura, por parte dos espanh\u00f3is, de ve\u00edculos el\u00e9tricos ou eletrificados chineses, que agora est\u00e3o \u00e0 venda, e lado-a-lado, com os modelos das marcas europeias, coreanas e japonesas.<\/p>\n\n\n\n<p>A pr\u00f3pria Faconauto, associa\u00e7\u00e3o patronal dos concession\u00e1rios autom\u00f3veis em Espanha, na voz do seu presidente, declarou recentemente que \u201cas marcas chinesas s\u00e3o uma grande oportunidade para os concession\u00e1rios espanh\u00f3is ampliarem as suas ofertas de produtos, com diferentes motoriza\u00e7\u00f5es, sobretudo com base nos ve\u00edculos el\u00e9tricos chineses.&nbsp;<\/p>\n\n\n\n<p>As pol\u00edticas europeias abriram as portas dos nossos mercados para as marcas chinesas e longe de consider\u00e1-las uma amea\u00e7a, entendemos que s\u00e3o uma grande oportunidade para ocuparem espa\u00e7os vazios, nos concession\u00e1rios que tanto se ressentem da falta de modelos novos\u201d, destacou.&nbsp;<\/p>\n\n\n\n<p><strong>Vendas f\u00edsicas e n\u00e3o online<\/strong><\/p>\n\n\n\n<p>Enquanto algumas marcas europeias apostam cada vez mais nas vendas online, o modelo de neg\u00f3cio dos chineses assenta em vendas presenciais dentro dos concession\u00e1rios. Aproveitam o investimento j\u00e1 realizado em mega-instala\u00e7\u00f5es, boas localiza\u00e7\u00f5es, profissionais qualificados e no contato direto e presencial com os clientes.<\/p>\n\n\n\n<p>Esta estrat\u00e9gia de vender atrav\u00e9s do mundo f\u00edsico e n\u00e3o no digital, est\u00e1 a dar bons resultados \u00e0s marcas chinesas. A MG (da chinesa SAIC) por exemplo, cresceu quase 400% as suas vendas no primeiro trimestre deste ano, em Espanha. Ainda segundo o respons\u00e1vel da Faconauto \u201cas marcas MG e BYD investem num modelo de venda tradicional junto \u00e0 rede de concession\u00e1rios, ao contr\u00e1rio de alguns fabricantes europeus, como Stellantis e Volkswagen, que est\u00e3o a transformar o modelo de vendas, onde os concession\u00e1rios oficiais passam a ser meros entregadores de ve\u00edculos\u201d.<\/p>\n","protected":false},"excerpt":{"rendered":"<p>Sopram ventos de mudan\u00e7a na vizinha Espanha. O Grupo Astara, que em Portugal comercializa, entre outras marcas, os modelos chineses Aiways e Maxus (esta \u00faltima integrada na SAIC Motor, com sede em Shangai), e a Caetano Retail (que no nosso pa\u00eds representa, atrav\u00e9s da Caetano Auto as marcas Toyota, Lexus, Hyundai e Honda), abriram as [&hellip;]<\/p>\n","protected":false},"author":3,"featured_media":2993,"comment_status":"closed","ping_status":"open","sticky":false,"template":"","format":"standard","meta":{"jnews-multi-image_gallery":[],"jnews_single_post":{"subtitle":"","format":"standard","video":"","gallery":"","source_name":"","source_url":"","via_name":"","via_url":"","override_template":"0","override":[{"template":"2","single_blog_custom":"","parallax":"1","fullscreen":"1","layout":"right-sidebar","sidebar":"default-sidebar","second_sidebar":"default-sidebar","sticky_sidebar":"1","share_position":"topbottom","share_float_style":"share-monocrhome","show_share_counter":"0","show_view_counter":"0","show_featured":"1","show_post_meta":"1","show_post_author":"0","show_post_author_image":"1","show_post_date":"1","post_date_format":"default","post_date_format_custom":"Y\/m\/d","show_post_category":"1","show_post_reading_time":"0","post_reading_time_wpm":"300","show_zoom_button":"0","zoom_button_out_step":"2","zoom_button_in_step":"3","show_post_tag":"1","show_prev_next_post":"0","show_popup_post":"1","number_popup_post":"1","show_author_box":"0","show_post_related":"1","show_inline_post_related":"1"}],"override_image_size":"0","image_override":[{"single_post_thumbnail_size":"crop-500","single_post_gallery_size":"crop-500"}],"trending_post":"0","trending_post_position":"meta","trending_post_label":"Trending","sponsored_post":"0","sponsored_post_label":"Sponsored by","sponsored_post_name":"","sponsored_post_url":"","sponsored_post_logo_enable":"0","sponsored_post_logo":"","sponsored_post_desc":"","disable_ad":"0"},"jnews_primary_category":{"id":"","hide":""},"footnotes":""},"categories":[23],"tags":[],"class_list":["post-2992","post","type-post","status-publish","format-standard","has-post-thumbnail","hentry","category-frotas"],"yoast_head":"<!-- This site is optimized with the Yoast SEO Premium plugin v27.2 (Yoast SEO v27.5) - https:\/\/yoast.com\/product\/yoast-seo-premium-wordpress\/ -->\n<title>Astara e Caetano Retail \u2013 porta aberta aos chineses\u00a0 - Revista Automotive<\/title>\n<meta name=\"robots\" content=\"index, follow, max-snippet:-1, max-image-preview:large, max-video-preview:-1\" \/>\n<link rel=\"canonical\" href=\"https:\/\/automotiverevista.pt\/index.php\/2023\/05\/22\/astara-e-caetano-retail-porta-aberta-aos-chineses\/\" \/>\n<meta property=\"og:locale\" content=\"pt_PT\" \/>\n<meta property=\"og:type\" content=\"article\" \/>\n<meta property=\"og:title\" content=\"Astara e Caetano Retail \u2013 porta aberta aos chineses\u00a0\" \/>\n<meta property=\"og:description\" content=\"Sopram ventos de mudan\u00e7a na vizinha Espanha. O Grupo Astara, que em Portugal comercializa, entre outras marcas, os modelos chineses Aiways e Maxus (esta \u00faltima integrada na SAIC Motor, com sede em Shangai), e a Caetano Retail (que no nosso pa\u00eds representa, atrav\u00e9s da Caetano Auto as marcas Toyota, Lexus, Hyundai e Honda), abriram as [&hellip;]\" \/>\n<meta property=\"og:url\" content=\"https:\/\/automotiverevista.pt\/index.php\/2023\/05\/22\/astara-e-caetano-retail-porta-aberta-aos-chineses\/\" \/>\n<meta property=\"og:site_name\" content=\"Revista Automotive\" \/>\n<meta property=\"article:published_time\" content=\"2023-05-22T08:00:00+00:00\" \/>\n<meta property=\"og:image\" content=\"https:\/\/automotiverevista.pt\/wp-content\/uploads\/2023\/05\/IMG_3481.jpg\" \/>\n\t<meta property=\"og:image:width\" content=\"1000\" \/>\n\t<meta property=\"og:image:height\" content=\"667\" \/>\n\t<meta property=\"og:image:type\" content=\"image\/jpeg\" \/>\n<meta name=\"author\" content=\"MiguelMarques\" \/>\n<meta name=\"twitter:card\" content=\"summary_large_image\" \/>\n<meta name=\"twitter:label1\" content=\"Escrito por\" \/>\n\t<meta name=\"twitter:data1\" content=\"MiguelMarques\" \/>\n\t<meta name=\"twitter:label2\" content=\"Tempo estimado de leitura\" \/>\n\t<meta name=\"twitter:data2\" content=\"2 minutos\" \/>\n<script type=\"application\/ld+json\" class=\"yoast-schema-graph\">{\"@context\":\"https:\\\/\\\/schema.org\",\"@graph\":[{\"@type\":\"Article\",\"@id\":\"https:\\\/\\\/automotiverevista.pt\\\/index.php\\\/2023\\\/05\\\/22\\\/astara-e-caetano-retail-porta-aberta-aos-chineses\\\/#article\",\"isPartOf\":{\"@id\":\"https:\\\/\\\/automotiverevista.pt\\\/index.php\\\/2023\\\/05\\\/22\\\/astara-e-caetano-retail-porta-aberta-aos-chineses\\\/\"},\"author\":{\"name\":\"MiguelMarques\",\"@id\":\"https:\\\/\\\/automotiverevista.pt\\\/#\\\/schema\\\/person\\\/d705335f9c428a4a0cae3d11afb2e0ef\"},\"headline\":\"Astara e Caetano Retail \u2013 porta aberta aos chineses\u00a0\",\"datePublished\":\"2023-05-22T08:00:00+00:00\",\"mainEntityOfPage\":{\"@id\":\"https:\\\/\\\/automotiverevista.pt\\\/index.php\\\/2023\\\/05\\\/22\\\/astara-e-caetano-retail-porta-aberta-aos-chineses\\\/\"},\"wordCount\":394,\"publisher\":{\"@id\":\"https:\\\/\\\/automotiverevista.pt\\\/#organization\"},\"image\":{\"@id\":\"https:\\\/\\\/automotiverevista.pt\\\/index.php\\\/2023\\\/05\\\/22\\\/astara-e-caetano-retail-porta-aberta-aos-chineses\\\/#primaryimage\"},\"thumbnailUrl\":\"https:\\\/\\\/automotiverevista.pt\\\/wp-content\\\/uploads\\\/2023\\\/05\\\/IMG_3481.jpg\",\"articleSection\":[\"Frotas\"],\"inLanguage\":\"pt-PT\"},{\"@type\":\"WebPage\",\"@id\":\"https:\\\/\\\/automotiverevista.pt\\\/index.php\\\/2023\\\/05\\\/22\\\/astara-e-caetano-retail-porta-aberta-aos-chineses\\\/\",\"url\":\"https:\\\/\\\/automotiverevista.pt\\\/index.php\\\/2023\\\/05\\\/22\\\/astara-e-caetano-retail-porta-aberta-aos-chineses\\\/\",\"name\":\"Astara e Caetano Retail \u2013 porta aberta aos chineses\u00a0 - Revista Automotive\",\"isPartOf\":{\"@id\":\"https:\\\/\\\/automotiverevista.pt\\\/#website\"},\"primaryImageOfPage\":{\"@id\":\"https:\\\/\\\/automotiverevista.pt\\\/index.php\\\/2023\\\/05\\\/22\\\/astara-e-caetano-retail-porta-aberta-aos-chineses\\\/#primaryimage\"},\"image\":{\"@id\":\"https:\\\/\\\/automotiverevista.pt\\\/index.php\\\/2023\\\/05\\\/22\\\/astara-e-caetano-retail-porta-aberta-aos-chineses\\\/#primaryimage\"},\"thumbnailUrl\":\"https:\\\/\\\/automotiverevista.pt\\\/wp-content\\\/uploads\\\/2023\\\/05\\\/IMG_3481.jpg\",\"datePublished\":\"2023-05-22T08:00:00+00:00\",\"breadcrumb\":{\"@id\":\"https:\\\/\\\/automotiverevista.pt\\\/index.php\\\/2023\\\/05\\\/22\\\/astara-e-caetano-retail-porta-aberta-aos-chineses\\\/#breadcrumb\"},\"inLanguage\":\"pt-PT\",\"potentialAction\":[{\"@type\":\"ReadAction\",\"target\":[\"https:\\\/\\\/automotiverevista.pt\\\/index.php\\\/2023\\\/05\\\/22\\\/astara-e-caetano-retail-porta-aberta-aos-chineses\\\/\"]}]},{\"@type\":\"ImageObject\",\"inLanguage\":\"pt-PT\",\"@id\":\"https:\\\/\\\/automotiverevista.pt\\\/index.php\\\/2023\\\/05\\\/22\\\/astara-e-caetano-retail-porta-aberta-aos-chineses\\\/#primaryimage\",\"url\":\"https:\\\/\\\/automotiverevista.pt\\\/wp-content\\\/uploads\\\/2023\\\/05\\\/IMG_3481.jpg\",\"contentUrl\":\"https:\\\/\\\/automotiverevista.pt\\\/wp-content\\\/uploads\\\/2023\\\/05\\\/IMG_3481.jpg\",\"width\":1000,\"height\":667},{\"@type\":\"BreadcrumbList\",\"@id\":\"https:\\\/\\\/automotiverevista.pt\\\/index.php\\\/2023\\\/05\\\/22\\\/astara-e-caetano-retail-porta-aberta-aos-chineses\\\/#breadcrumb\",\"itemListElement\":[{\"@type\":\"ListItem\",\"position\":1,\"name\":\"Home\",\"item\":\"https:\\\/\\\/automotiverevista.pt\\\/\"},{\"@type\":\"ListItem\",\"position\":2,\"name\":\"Astara e Caetano Retail \u2013 porta aberta aos chineses\u00a0\"}]},{\"@type\":\"WebSite\",\"@id\":\"https:\\\/\\\/automotiverevista.pt\\\/#website\",\"url\":\"https:\\\/\\\/automotiverevista.pt\\\/\",\"name\":\"Revista Automotive\",\"description\":\"Revista Automotive Portugal\",\"publisher\":{\"@id\":\"https:\\\/\\\/automotiverevista.pt\\\/#organization\"},\"potentialAction\":[{\"@type\":\"SearchAction\",\"target\":{\"@type\":\"EntryPoint\",\"urlTemplate\":\"https:\\\/\\\/automotiverevista.pt\\\/?s={search_term_string}\"},\"query-input\":{\"@type\":\"PropertyValueSpecification\",\"valueRequired\":true,\"valueName\":\"search_term_string\"}}],\"inLanguage\":\"pt-PT\"},{\"@type\":\"Organization\",\"@id\":\"https:\\\/\\\/automotiverevista.pt\\\/#organization\",\"name\":\"Revista Automotive Portugal\",\"url\":\"https:\\\/\\\/automotiverevista.pt\\\/\",\"logo\":{\"@type\":\"ImageObject\",\"inLanguage\":\"pt-PT\",\"@id\":\"https:\\\/\\\/automotiverevista.pt\\\/#\\\/schema\\\/logo\\\/image\\\/\",\"url\":\"https:\\\/\\\/automotiverevista.pt\\\/wp-content\\\/uploads\\\/2022\\\/07\\\/Logo-Automotive-2021_500-1.jpg\",\"contentUrl\":\"https:\\\/\\\/automotiverevista.pt\\\/wp-content\\\/uploads\\\/2022\\\/07\\\/Logo-Automotive-2021_500-1.jpg\",\"width\":500,\"height\":160,\"caption\":\"Revista Automotive Portugal\"},\"image\":{\"@id\":\"https:\\\/\\\/automotiverevista.pt\\\/#\\\/schema\\\/logo\\\/image\\\/\"},\"sameAs\":[\"https:\\\/\\\/linkedin.com\\\/in\\\/automotiverevista\"]},{\"@type\":\"Person\",\"@id\":\"https:\\\/\\\/automotiverevista.pt\\\/#\\\/schema\\\/person\\\/d705335f9c428a4a0cae3d11afb2e0ef\",\"name\":\"MiguelMarques\",\"image\":{\"@type\":\"ImageObject\",\"inLanguage\":\"pt-PT\",\"@id\":\"https:\\\/\\\/secure.gravatar.com\\\/avatar\\\/635d1f118671d87c579d5e4f6491bfc0081e3bbddd605eb321931e9c938270b5?s=96&d=mm&r=g\",\"url\":\"https:\\\/\\\/secure.gravatar.com\\\/avatar\\\/635d1f118671d87c579d5e4f6491bfc0081e3bbddd605eb321931e9c938270b5?s=96&d=mm&r=g\",\"contentUrl\":\"https:\\\/\\\/secure.gravatar.com\\\/avatar\\\/635d1f118671d87c579d5e4f6491bfc0081e3bbddd605eb321931e9c938270b5?s=96&d=mm&r=g\",\"caption\":\"MiguelMarques\"},\"url\":\"https:\\\/\\\/automotiverevista.pt\\\/index.php\\\/author\\\/miguelmarques\\\/\"}]}<\/script>\n<!-- \/ Yoast SEO Premium plugin. -->","yoast_head_json":{"title":"Astara e Caetano Retail \u2013 porta aberta aos chineses\u00a0 - Revista Automotive","robots":{"index":"index","follow":"follow","max-snippet":"max-snippet:-1","max-image-preview":"max-image-preview:large","max-video-preview":"max-video-preview:-1"},"canonical":"https:\/\/automotiverevista.pt\/index.php\/2023\/05\/22\/astara-e-caetano-retail-porta-aberta-aos-chineses\/","og_locale":"pt_PT","og_type":"article","og_title":"Astara e Caetano Retail \u2013 porta aberta aos chineses\u00a0","og_description":"Sopram ventos de mudan\u00e7a na vizinha Espanha. O Grupo Astara, que em Portugal comercializa, entre outras marcas, os modelos chineses Aiways e Maxus (esta \u00faltima integrada na SAIC Motor, com sede em Shangai), e a Caetano Retail (que no nosso pa\u00eds representa, atrav\u00e9s da Caetano Auto as marcas Toyota, Lexus, Hyundai e Honda), abriram as [&hellip;]","og_url":"https:\/\/automotiverevista.pt\/index.php\/2023\/05\/22\/astara-e-caetano-retail-porta-aberta-aos-chineses\/","og_site_name":"Revista Automotive","article_published_time":"2023-05-22T08:00:00+00:00","og_image":[{"width":1000,"height":667,"url":"https:\/\/automotiverevista.pt\/wp-content\/uploads\/2023\/05\/IMG_3481.jpg","type":"image\/jpeg"}],"author":"MiguelMarques","twitter_card":"summary_large_image","twitter_misc":{"Escrito por":"MiguelMarques","Tempo estimado de leitura":"2 minutos"},"schema":{"@context":"https:\/\/schema.org","@graph":[{"@type":"Article","@id":"https:\/\/automotiverevista.pt\/index.php\/2023\/05\/22\/astara-e-caetano-retail-porta-aberta-aos-chineses\/#article","isPartOf":{"@id":"https:\/\/automotiverevista.pt\/index.php\/2023\/05\/22\/astara-e-caetano-retail-porta-aberta-aos-chineses\/"},"author":{"name":"MiguelMarques","@id":"https:\/\/automotiverevista.pt\/#\/schema\/person\/d705335f9c428a4a0cae3d11afb2e0ef"},"headline":"Astara e Caetano Retail \u2013 porta aberta aos chineses\u00a0","datePublished":"2023-05-22T08:00:00+00:00","mainEntityOfPage":{"@id":"https:\/\/automotiverevista.pt\/index.php\/2023\/05\/22\/astara-e-caetano-retail-porta-aberta-aos-chineses\/"},"wordCount":394,"publisher":{"@id":"https:\/\/automotiverevista.pt\/#organization"},"image":{"@id":"https:\/\/automotiverevista.pt\/index.php\/2023\/05\/22\/astara-e-caetano-retail-porta-aberta-aos-chineses\/#primaryimage"},"thumbnailUrl":"https:\/\/automotiverevista.pt\/wp-content\/uploads\/2023\/05\/IMG_3481.jpg","articleSection":["Frotas"],"inLanguage":"pt-PT"},{"@type":"WebPage","@id":"https:\/\/automotiverevista.pt\/index.php\/2023\/05\/22\/astara-e-caetano-retail-porta-aberta-aos-chineses\/","url":"https:\/\/automotiverevista.pt\/index.php\/2023\/05\/22\/astara-e-caetano-retail-porta-aberta-aos-chineses\/","name":"Astara e Caetano Retail \u2013 porta aberta aos chineses\u00a0 - Revista Automotive","isPartOf":{"@id":"https:\/\/automotiverevista.pt\/#website"},"primaryImageOfPage":{"@id":"https:\/\/automotiverevista.pt\/index.php\/2023\/05\/22\/astara-e-caetano-retail-porta-aberta-aos-chineses\/#primaryimage"},"image":{"@id":"https:\/\/automotiverevista.pt\/index.php\/2023\/05\/22\/astara-e-caetano-retail-porta-aberta-aos-chineses\/#primaryimage"},"thumbnailUrl":"https:\/\/automotiverevista.pt\/wp-content\/uploads\/2023\/05\/IMG_3481.jpg","datePublished":"2023-05-22T08:00:00+00:00","breadcrumb":{"@id":"https:\/\/automotiverevista.pt\/index.php\/2023\/05\/22\/astara-e-caetano-retail-porta-aberta-aos-chineses\/#breadcrumb"},"inLanguage":"pt-PT","potentialAction":[{"@type":"ReadAction","target":["https:\/\/automotiverevista.pt\/index.php\/2023\/05\/22\/astara-e-caetano-retail-porta-aberta-aos-chineses\/"]}]},{"@type":"ImageObject","inLanguage":"pt-PT","@id":"https:\/\/automotiverevista.pt\/index.php\/2023\/05\/22\/astara-e-caetano-retail-porta-aberta-aos-chineses\/#primaryimage","url":"https:\/\/automotiverevista.pt\/wp-content\/uploads\/2023\/05\/IMG_3481.jpg","contentUrl":"https:\/\/automotiverevista.pt\/wp-content\/uploads\/2023\/05\/IMG_3481.jpg","width":1000,"height":667},{"@type":"BreadcrumbList","@id":"https:\/\/automotiverevista.pt\/index.php\/2023\/05\/22\/astara-e-caetano-retail-porta-aberta-aos-chineses\/#breadcrumb","itemListElement":[{"@type":"ListItem","position":1,"name":"Home","item":"https:\/\/automotiverevista.pt\/"},{"@type":"ListItem","position":2,"name":"Astara e Caetano Retail \u2013 porta aberta aos chineses\u00a0"}]},{"@type":"WebSite","@id":"https:\/\/automotiverevista.pt\/#website","url":"https:\/\/automotiverevista.pt\/","name":"Revista Automotive","description":"Revista Automotive Portugal","publisher":{"@id":"https:\/\/automotiverevista.pt\/#organization"},"potentialAction":[{"@type":"SearchAction","target":{"@type":"EntryPoint","urlTemplate":"https:\/\/automotiverevista.pt\/?s={search_term_string}"},"query-input":{"@type":"PropertyValueSpecification","valueRequired":true,"valueName":"search_term_string"}}],"inLanguage":"pt-PT"},{"@type":"Organization","@id":"https:\/\/automotiverevista.pt\/#organization","name":"Revista Automotive Portugal","url":"https:\/\/automotiverevista.pt\/","logo":{"@type":"ImageObject","inLanguage":"pt-PT","@id":"https:\/\/automotiverevista.pt\/#\/schema\/logo\/image\/","url":"https:\/\/automotiverevista.pt\/wp-content\/uploads\/2022\/07\/Logo-Automotive-2021_500-1.jpg","contentUrl":"https:\/\/automotiverevista.pt\/wp-content\/uploads\/2022\/07\/Logo-Automotive-2021_500-1.jpg","width":500,"height":160,"caption":"Revista Automotive Portugal"},"image":{"@id":"https:\/\/automotiverevista.pt\/#\/schema\/logo\/image\/"},"sameAs":["https:\/\/linkedin.com\/in\/automotiverevista"]},{"@type":"Person","@id":"https:\/\/automotiverevista.pt\/#\/schema\/person\/d705335f9c428a4a0cae3d11afb2e0ef","name":"MiguelMarques","image":{"@type":"ImageObject","inLanguage":"pt-PT","@id":"https:\/\/secure.gravatar.com\/avatar\/635d1f118671d87c579d5e4f6491bfc0081e3bbddd605eb321931e9c938270b5?s=96&d=mm&r=g","url":"https:\/\/secure.gravatar.com\/avatar\/635d1f118671d87c579d5e4f6491bfc0081e3bbddd605eb321931e9c938270b5?s=96&d=mm&r=g","contentUrl":"https:\/\/secure.gravatar.com\/avatar\/635d1f118671d87c579d5e4f6491bfc0081e3bbddd605eb321931e9c938270b5?s=96&d=mm&r=g","caption":"MiguelMarques"},"url":"https:\/\/automotiverevista.pt\/index.php\/author\/miguelmarques\/"}]}},"_links":{"self":[{"href":"https:\/\/automotiverevista.pt\/index.php\/wp-json\/wp\/v2\/posts\/2992","targetHints":{"allow":["GET"]}}],"collection":[{"href":"https:\/\/automotiverevista.pt\/index.php\/wp-json\/wp\/v2\/posts"}],"about":[{"href":"https:\/\/automotiverevista.pt\/index.php\/wp-json\/wp\/v2\/types\/post"}],"author":[{"embeddable":true,"href":"https:\/\/automotiverevista.pt\/index.php\/wp-json\/wp\/v2\/users\/3"}],"replies":[{"embeddable":true,"href":"https:\/\/automotiverevista.pt\/index.php\/wp-json\/wp\/v2\/comments?post=2992"}],"version-history":[{"count":1,"href":"https:\/\/automotiverevista.pt\/index.php\/wp-json\/wp\/v2\/posts\/2992\/revisions"}],"predecessor-version":[{"id":2994,"href":"https:\/\/automotiverevista.pt\/index.php\/wp-json\/wp\/v2\/posts\/2992\/revisions\/2994"}],"wp:featuredmedia":[{"embeddable":true,"href":"https:\/\/automotiverevista.pt\/index.php\/wp-json\/wp\/v2\/media\/2993"}],"wp:attachment":[{"href":"https:\/\/automotiverevista.pt\/index.php\/wp-json\/wp\/v2\/media?parent=2992"}],"wp:term":[{"taxonomy":"category","embeddable":true,"href":"https:\/\/automotiverevista.pt\/index.php\/wp-json\/wp\/v2\/categories?post=2992"},{"taxonomy":"post_tag","embeddable":true,"href":"https:\/\/automotiverevista.pt\/index.php\/wp-json\/wp\/v2\/tags?post=2992"}],"curies":[{"name":"wp","href":"https:\/\/api.w.org\/{rel}","templated":true}]}}