{"id":3016,"date":"2023-05-24T08:00:00","date_gmt":"2023-05-24T08:00:00","guid":{"rendered":"https:\/\/automotiverevista.pt\/?p=3016"},"modified":"2023-05-12T18:48:25","modified_gmt":"2023-05-12T18:48:25","slug":"salao-watches-wonders-espelho-de-um-setor-valorizado","status":"publish","type":"post","link":"https:\/\/automotiverevista.pt\/index.php\/2023\/05\/24\/salao-watches-wonders-espelho-de-um-setor-valorizado\/","title":{"rendered":"Sal\u00e3o Watches &amp; Wonders \u2013 espelho de um setor valorizado"},"content":{"rendered":"\n<p>O local onde se realizava o sal\u00e3o autom\u00f3vel de Genebra (extinto), cedeu lugar ao sal\u00e3o&nbsp;<strong>Watches &amp; Wonders<\/strong>(W&amp;W); em simult\u00e2neo com dois outros sal\u00f5es de rel\u00f3gios:&nbsp;<strong>Time to Watches<\/strong>&nbsp;na Haute \u00c9cole d\u2019Art et de Design e o&nbsp;<strong>WPHH<\/strong>&nbsp;\u2013 World Presentation Haute Horologerie na Domaine du Grand Malagny.&nbsp;<\/p>\n\n\n\n<p>Todos&nbsp;realizados na cidade&nbsp;de Genebra.&nbsp;Por\u00e9m,&nbsp;com organizadores e expositores diferentes. As raz\u00f5es que levaram esta esplendorosa demonstra\u00e7\u00e3o de diversidade, variedade e escolha, predem-se por raz\u00f5es de discord\u00e2ncias que levaram a que cada marca escolhesse op\u00e7\u00f5es diferentes. Quem ganhou? Todos.&nbsp;<\/p>\n\n\n\n<p>O p\u00fablico,&nbsp;porque p\u00f4de usufruir de tr\u00eas tipologias de abordagem; as marcas porque puderam escolher a sua forma de comunicar com os clientes; os hot\u00e9is,&nbsp;a&nbsp;restaura\u00e7\u00e3o, etc.,&nbsp;dinamizando&nbsp;uma economia circular de qualidade, conforto e conhecimento.<\/p>\n\n\n\n<figure class=\"wp-block-image size-full\"><img decoding=\"async\" width=\"889\" height=\"667\" src=\"https:\/\/automotiverevista.pt\/wp-content\/uploads\/2023\/05\/20230401_111840.jpg\" alt=\"\" class=\"wp-image-3018\" srcset=\"https:\/\/automotiverevista.pt\/wp-content\/uploads\/2023\/05\/20230401_111840.jpg 889w, https:\/\/automotiverevista.pt\/wp-content\/uploads\/2023\/05\/20230401_111840-300x225.jpg 300w, https:\/\/automotiverevista.pt\/wp-content\/uploads\/2023\/05\/20230401_111840-768x576.jpg 768w, https:\/\/automotiverevista.pt\/wp-content\/uploads\/2023\/05\/20230401_111840-750x563.jpg 750w\" sizes=\"(max-width: 889px) 100vw, 889px\" \/><\/figure>\n\n\n\n<p><strong>Qualidade<\/strong><\/p>\n\n\n\n<p>Como no&nbsp;<strong>W&amp;W<\/strong>&nbsp;havia mais expositores, vamo-nos focar neste&nbsp;evento. O sal\u00e3o privilegiou acima de tudo, o bem-estar e conforto dos seus visitantes, em todas as suas vertentes. Por exemplo, no sal\u00e3o autom\u00f3vel s\u00f3 existia um min\u00fasculo balc\u00e3o que servia sandes e bebidas; na&nbsp;<strong>W&amp;W<\/strong>&nbsp;cont\u00e1mos 20 locais de restaura\u00e7\u00e3o diversificados entre si, com um leque de op\u00e7\u00f5es do mais simples ao mais sofisticado, para todas as carteiras e prefer\u00eancias.&nbsp;<\/p>\n\n\n\n<figure class=\"wp-block-image size-full\"><img decoding=\"async\" width=\"889\" height=\"667\" src=\"https:\/\/automotiverevista.pt\/wp-content\/uploads\/2023\/05\/20230401_160015.jpg\" alt=\"\" class=\"wp-image-3026\" srcset=\"https:\/\/automotiverevista.pt\/wp-content\/uploads\/2023\/05\/20230401_160015.jpg 889w, https:\/\/automotiverevista.pt\/wp-content\/uploads\/2023\/05\/20230401_160015-300x225.jpg 300w, https:\/\/automotiverevista.pt\/wp-content\/uploads\/2023\/05\/20230401_160015-768x576.jpg 768w, https:\/\/automotiverevista.pt\/wp-content\/uploads\/2023\/05\/20230401_160015-750x563.jpg 750w\" sizes=\"(max-width: 889px) 100vw, 889px\" \/><\/figure>\n\n\n\n<p>Com incont\u00e1veis lugares sentados e mesas dispon\u00edveis para usufruir e saborear as deliciosas iguarias. Nos corredores, havia lugares para sentar e apreciar os expositores e a exposi\u00e7\u00e3o; para fazer uma pausa revigorante, para um momento de deleite ou simplesmente descansar.<\/p>\n\n\n\n<figure class=\"wp-block-image size-full\"><img decoding=\"async\" width=\"889\" height=\"667\" src=\"https:\/\/automotiverevista.pt\/wp-content\/uploads\/2023\/05\/20230401_112750.jpg\" alt=\"\" class=\"wp-image-3019\" srcset=\"https:\/\/automotiverevista.pt\/wp-content\/uploads\/2023\/05\/20230401_112750.jpg 889w, https:\/\/automotiverevista.pt\/wp-content\/uploads\/2023\/05\/20230401_112750-300x225.jpg 300w, https:\/\/automotiverevista.pt\/wp-content\/uploads\/2023\/05\/20230401_112750-768x576.jpg 768w, https:\/\/automotiverevista.pt\/wp-content\/uploads\/2023\/05\/20230401_112750-750x563.jpg 750w\" sizes=\"(max-width: 889px) 100vw, 889px\" \/><\/figure>\n\n\n\n<p>Em termos de pujan\u00e7a expositiva, poder comunicacional e acolhimento dos visitantes por parte das marcas, todos refletiram a sua filosofia empresarial e posicionamento. Nada compar\u00e1vel com os autom\u00f3veis, que vertiam dinheiro em stands, onde a comunica\u00e7\u00e3o se fazia com panfletos, pouco amiga do cliente (com cavalagem, potencia, rota\u00e7\u00f5es); enquanto o cliente procurava: pre\u00e7o, disponibilidade, diferencia\u00e7\u00e3o, informa\u00e7\u00e3o pertinente e que o ajudasse a fazer a melhor escolha de acordo com as suas necessidades\/desejos, quem sabe uma promo\u00e7\u00e3o da marca para quem adquirisse a viatura no sal\u00e3o&#8230;&nbsp;<\/p>\n\n\n\n<figure class=\"wp-block-image size-full\"><img decoding=\"async\" width=\"889\" height=\"667\" src=\"https:\/\/automotiverevista.pt\/wp-content\/uploads\/2023\/05\/20230401_112953.jpg\" alt=\"\" class=\"wp-image-3020\" srcset=\"https:\/\/automotiverevista.pt\/wp-content\/uploads\/2023\/05\/20230401_112953.jpg 889w, https:\/\/automotiverevista.pt\/wp-content\/uploads\/2023\/05\/20230401_112953-300x225.jpg 300w, https:\/\/automotiverevista.pt\/wp-content\/uploads\/2023\/05\/20230401_112953-768x576.jpg 768w, https:\/\/automotiverevista.pt\/wp-content\/uploads\/2023\/05\/20230401_112953-750x563.jpg 750w\" sizes=\"(max-width: 889px) 100vw, 889px\" \/><\/figure>\n\n\n\n<p><strong>Arte e bom ambiente<\/strong><\/p>\n\n\n\n<p>Na W&amp;W, exceto as marcas organizadoras (Rolex\/Tudor, Patek Philippe e Chopard), todas as outras marcas tinham espa\u00e7os standards: padronizados, harmoniosos entre si, pr\u00e1ticos, funcionais; muito agrad\u00e1veis ao olhar.<\/p>\n\n\n\n<p>A criatividade de cada marca verificava-se no interior de cada stand e refletia a filosofia e o posicionamento empresarial e comunicacional de cada uma. Numa demonstra\u00e7\u00e3o clara de que sabem de onde vieram e para onde querem ir. Ao contr\u00e1rio das marcas autom\u00f3veis que n\u00e3o valorizam a sua hist\u00f3ria \u2013 nomeadamente nos el\u00e9tricos \u2013; n\u00e3o valorizam os seus produtos: os carros t\u00eam basicamente o mesmo chassis s\u00f3 muda o desenho do pl\u00e1stico \u00e0 volta; e n\u00e3o sabem para onde querem ir: gas\u00f3leo, gasolina, h\u00edbrido, el\u00e9trico, hidrog\u00e9nio, g\u00e1s, etc.<\/p>\n\n\n\n<figure class=\"wp-block-image size-full\"><img decoding=\"async\" width=\"889\" height=\"667\" src=\"https:\/\/automotiverevista.pt\/wp-content\/uploads\/2023\/05\/20230401_114323.jpg\" alt=\"\" class=\"wp-image-3021\" srcset=\"https:\/\/automotiverevista.pt\/wp-content\/uploads\/2023\/05\/20230401_114323.jpg 889w, https:\/\/automotiverevista.pt\/wp-content\/uploads\/2023\/05\/20230401_114323-300x225.jpg 300w, https:\/\/automotiverevista.pt\/wp-content\/uploads\/2023\/05\/20230401_114323-768x576.jpg 768w, https:\/\/automotiverevista.pt\/wp-content\/uploads\/2023\/05\/20230401_114323-750x563.jpg 750w\" sizes=\"(max-width: 889px) 100vw, 889px\" \/><\/figure>\n\n\n\n<p>Por exemplo, a U-Boat optou por um ambiente renascentista, com pain\u00e9is a reproduzir o nascimento da primavera de Boticelli. A delicadeza e o frescor da pintura a \u00f3leo eram continuados pelos modelos de rel\u00f3gio da U-Boat, compostos por mostradores de grandes dimens\u00f5es, robustos e inclusive banhados a \u00f3leo.&nbsp;<\/p>\n\n\n\n<p>A Chronoswiss trouxe o torno da sua f\u00e1brica, para demonstrar a complexidade que \u00e9 tornear os seus mostradores. A Jaeger Le Coultre, al\u00e9m de ter um espet\u00e1culo permanente com uma cascata, evidenciou os trabalhos manuais, ao ter, entre outros, um artes\u00e3o da Casa Fagliano em perman\u00eancia a criar as braceletes em couro. A Chopard, com o seu imenso stand, optou por destacar a atriz Julia Roberts (uma das suas embaixadoras), que marcou presen\u00e7a no sal\u00e3o, fazendo o deleite dos presentes.<\/p>\n\n\n\n<figure class=\"wp-block-image size-full\"><img decoding=\"async\" width=\"889\" height=\"667\" src=\"https:\/\/automotiverevista.pt\/wp-content\/uploads\/2023\/05\/20230401_114435.jpg\" alt=\"\" class=\"wp-image-3022\" srcset=\"https:\/\/automotiverevista.pt\/wp-content\/uploads\/2023\/05\/20230401_114435.jpg 889w, https:\/\/automotiverevista.pt\/wp-content\/uploads\/2023\/05\/20230401_114435-300x225.jpg 300w, https:\/\/automotiverevista.pt\/wp-content\/uploads\/2023\/05\/20230401_114435-768x576.jpg 768w, https:\/\/automotiverevista.pt\/wp-content\/uploads\/2023\/05\/20230401_114435-750x563.jpg 750w\" sizes=\"(max-width: 889px) 100vw, 889px\" \/><\/figure>\n\n\n\n<p><strong>Magia do tempo<\/strong><\/p>\n\n\n\n<p>Tendo o menor stand do sal\u00e3o, a Charriol nem assim ficou atr\u00e1s das \u201cgrandes\u201d marcas, com um stand t\u00e3o bem decorado e acolhedor, que dava a sensa\u00e7\u00e3o de estarmos a entrar dentro de uma joia. Por falar em joia, a Van Cleef &amp; Arpels apresentou um stand tamb\u00e9m inspirado na sua cole\u00e7\u00e3o de joias. Com tra\u00e7os de inspira\u00e7\u00e3o Art Noveau, a Van Cleef &amp; Arpels criou uma floresta fe\u00e9rica, onde resplandeceram as suas cria\u00e7\u00f5es de rel\u00f3gios embutidos em joias, ou de joias que cont\u00e9m rel\u00f3gios \u2013 a diferen\u00e7a entre os conceitos dissolve-se na magia do tempo e espa\u00e7o.&nbsp;<\/p>\n\n\n\n<p>A Ulysse Nardin, recriou um rel\u00f3gio gigante, onde os visitantes podiam andar dentro dele e \u201csentir por dentro\u201d os mecanismos que os comp\u00f5em. Um espelho de grandes dimens\u00f5es permitia aos visitantes eternizarem-se dentro do rel\u00f3gio, sem ter de recorrer \u00e0 &#8211; j\u00e1 fora de moda &#8211; selfie.&nbsp;<\/p>\n\n\n\n<figure class=\"wp-block-image size-full\"><img decoding=\"async\" width=\"889\" height=\"667\" src=\"https:\/\/automotiverevista.pt\/wp-content\/uploads\/2023\/05\/20230401_123711.jpg\" alt=\"\" class=\"wp-image-3023\" srcset=\"https:\/\/automotiverevista.pt\/wp-content\/uploads\/2023\/05\/20230401_123711.jpg 889w, https:\/\/automotiverevista.pt\/wp-content\/uploads\/2023\/05\/20230401_123711-300x225.jpg 300w, https:\/\/automotiverevista.pt\/wp-content\/uploads\/2023\/05\/20230401_123711-768x576.jpg 768w, https:\/\/automotiverevista.pt\/wp-content\/uploads\/2023\/05\/20230401_123711-750x563.jpg 750w\" sizes=\"(max-width: 889px) 100vw, 889px\" \/><\/figure>\n\n\n\n<p>Longe v\u00e3o os tempos da rela\u00e7\u00e3o prof\u00edcua entre autom\u00f3veis e rel\u00f3gios. Vale lembrar o Smart original, diferente&nbsp;do atual&nbsp;fabricado pela Geely, que perdeu o conceito, mas leva o nome.<\/p>\n\n\n\n<p>N\u00e3o ignorando nem esquecendo a sua hist\u00f3ria, a TagHeuer apresentou o seu novo rel\u00f3gio comemorativo dos 60 anos do modelo Carrera. Adicionalmente exp\u00f4s uma viatura, o primeiro modelo Carrera da Porsche. A F\u00f3rmula 1 ainda mant\u00e9m a sua presen\u00e7a na TagHeuer, que lhe dedicou uma cole\u00e7\u00e3o inteira \u2013 vale a pena lembrar que os rel\u00f3gios tamb\u00e9m fazem parte de pagamentos: haja visto o leil\u00e3o que foi feito pela Christie\u2019s dos rel\u00f3gios de \u201ccole\u00e7\u00e3o\u201d de Jean Todt, ex-presidente da FIA.&nbsp;<\/p>\n\n\n\n<p>A IWC&nbsp;tamb\u00e9m&nbsp;fez a ponte entre engenharia de rel\u00f3gios e engenharia autom\u00f3vel, ao expor o Mercedes-Benz C 111-iii, uma viatura ic\u00f3nica em termos de desenvolvimento para a ind\u00fastria autom\u00f3vel. Se por um lado a Chopard apelou ao p\u00fablico feminino com a Julia Roberts, por outro, tentou aumentar a sua atratividade ao p\u00fablico masculino, com as cole\u00e7\u00f5es da m\u00edtica (e ainda parcamente existente) prova automobil\u00edstica Mille Miglia.&nbsp;<\/p>\n\n\n\n<figure class=\"wp-block-image size-full\"><img decoding=\"async\" width=\"889\" height=\"667\" src=\"https:\/\/automotiverevista.pt\/wp-content\/uploads\/2023\/05\/20230401_125107.jpg\" alt=\"\" class=\"wp-image-3024\" srcset=\"https:\/\/automotiverevista.pt\/wp-content\/uploads\/2023\/05\/20230401_125107.jpg 889w, https:\/\/automotiverevista.pt\/wp-content\/uploads\/2023\/05\/20230401_125107-300x225.jpg 300w, https:\/\/automotiverevista.pt\/wp-content\/uploads\/2023\/05\/20230401_125107-768x576.jpg 768w, https:\/\/automotiverevista.pt\/wp-content\/uploads\/2023\/05\/20230401_125107-750x563.jpg 750w\" sizes=\"(max-width: 889px) 100vw, 889px\" \/><\/figure>\n\n\n\n<p><strong>Acessibilidade<\/strong><\/p>\n\n\n\n<p>H\u00e1 pontos a melhorar, a evoluir e a rentabilizar. Como por exemplo, nos acessos ao local do sal\u00e3o, mant\u00e9m-se a confus\u00e3o de h\u00e1 anos. Perduram as obras ao redor do aeroporto de Genebra que, por proximidade, tamb\u00e9m&nbsp;afetam&nbsp;o sal\u00e3o. As placas e informa\u00e7\u00f5es do fluxo do tr\u00e2nsito mudam a cada dia e torna-se um caos todo o entorno. O parqueamento tamb\u00e9m tem car\u00eancias, n\u00e3o h\u00e1 demarca\u00e7\u00e3o de lugares no estacionamento, por isso encontr\u00e1mos muitas pessoas \u00e0 procura do seu carro sem poder indicar qual o n\u00famero da vaga ou tampouco a fila, v\u00e1 l\u00e1, lembrar do piso, j\u00e1 n\u00e3o \u00e9 mau!<\/p>\n\n\n\n<figure class=\"wp-block-image size-full\"><img decoding=\"async\" width=\"889\" height=\"667\" src=\"https:\/\/automotiverevista.pt\/wp-content\/uploads\/2023\/05\/20230401_153843.jpg\" alt=\"\" class=\"wp-image-3025\" srcset=\"https:\/\/automotiverevista.pt\/wp-content\/uploads\/2023\/05\/20230401_153843.jpg 889w, https:\/\/automotiverevista.pt\/wp-content\/uploads\/2023\/05\/20230401_153843-300x225.jpg 300w, https:\/\/automotiverevista.pt\/wp-content\/uploads\/2023\/05\/20230401_153843-768x576.jpg 768w, https:\/\/automotiverevista.pt\/wp-content\/uploads\/2023\/05\/20230401_153843-750x563.jpg 750w\" sizes=\"(max-width: 889px) 100vw, 889px\" \/><\/figure>\n\n\n\n<p>O estacionamento subterr\u00e2neo, tem o espa\u00e7o de manobra muito reduzido, quem trouxe o seu Ferrari, Lamborghini ou outra viatura semelhante, n\u00e3o tinha um local pr\u00f3prio para parque\u00e1-lo. Foram horas a fazer manobras e percorrer labirintos at\u00e9 conseguir parquear, causando stress, desconforto, claustrofobia e at\u00e9 desist\u00eancias. Roubou assim, tempo de visita\u00e7\u00e3o, boa disposi\u00e7\u00e3o e bom acolhimento.<\/p>\n\n\n\n<p>Para complicar mais ainda, n\u00e3o existe a zona de Kiss &amp; Go (onde se deixa o passageiro e segue-se viajem), o que provoca filas (com \u201ctoques\u201d) desnecess\u00e1rias, condicionamento do tr\u00e2nsito e toda a gente sai da viatura em qualquer lugar (lentid\u00e3o e sujei\u00e7\u00e3o ao atropelamento).<\/p>\n\n\n\n<p>Ouviu-se rumores de que est\u00e3o a planear voltar a fazer o sal\u00e3o autom\u00f3vel em 2024. Conv\u00e9m que antes colmatem as defici\u00eancias que antes j\u00e1 havia e as que agora s\u00e3o claramente evidentes. Sob pena de ser em 2024 e depois nada mais\u2026<\/p>\n\n\n","protected":false},"excerpt":{"rendered":"<p>O local onde se realizava o sal\u00e3o autom\u00f3vel de Genebra (extinto), cedeu lugar ao sal\u00e3o&nbsp;Watches &amp; Wonders(W&amp;W); em simult\u00e2neo com dois outros sal\u00f5es de rel\u00f3gios:&nbsp;Time to Watches&nbsp;na Haute \u00c9cole d\u2019Art et de Design e o&nbsp;WPHH&nbsp;\u2013 World Presentation Haute Horologerie na Domaine du Grand Malagny.&nbsp; Todos&nbsp;realizados na cidade&nbsp;de Genebra.&nbsp;Por\u00e9m,&nbsp;com organizadores e expositores diferentes. As raz\u00f5es que [&hellip;]<\/p>\n","protected":false},"author":3,"featured_media":3017,"comment_status":"closed","ping_status":"open","sticky":false,"template":"","format":"standard","meta":{"jnews-multi-image_gallery":[],"jnews_single_post":{"subtitle":"","format":"standard","video":"","gallery":"","source_name":"","source_url":"","via_name":"","via_url":"","override_template":"0","override":[{"template":"2","single_blog_custom":"","parallax":"1","fullscreen":"1","layout":"right-sidebar","sidebar":"default-sidebar","second_sidebar":"default-sidebar","sticky_sidebar":"1","share_position":"topbottom","share_float_style":"share-monocrhome","show_share_counter":"0","show_view_counter":"0","show_featured":"1","show_post_meta":"1","show_post_author":"0","show_post_author_image":"1","show_post_date":"1","post_date_format":"default","post_date_format_custom":"Y\/m\/d","show_post_category":"1","show_post_reading_time":"0","post_reading_time_wpm":"300","show_zoom_button":"0","zoom_button_out_step":"2","zoom_button_in_step":"3","show_post_tag":"1","show_prev_next_post":"0","show_popup_post":"1","number_popup_post":"1","show_author_box":"0","show_post_related":"1","show_inline_post_related":"1"}],"override_image_size":"0","image_override":[{"single_post_thumbnail_size":"crop-500","single_post_gallery_size":"crop-500"}],"trending_post":"0","trending_post_position":"meta","trending_post_label":"Trending","sponsored_post":"0","sponsored_post_label":"Sponsored by","sponsored_post_name":"","sponsored_post_url":"","sponsored_post_logo_enable":"0","sponsored_post_logo":"","sponsored_post_desc":"","disable_ad":"0"},"jnews_primary_category":{"id":"","hide":""},"footnotes":""},"categories":[111],"tags":[],"class_list":["post-3016","post","type-post","status-publish","format-standard","has-post-thumbnail","hentry","category-coffee-break"],"yoast_head":"<!-- This site is optimized with the Yoast SEO Premium plugin v27.2 (Yoast SEO v27.5) - https:\/\/yoast.com\/product\/yoast-seo-premium-wordpress\/ -->\n<title>Sal\u00e3o Watches &amp; Wonders \u2013 espelho de um setor valorizado - Revista Automotive<\/title>\n<meta name=\"robots\" content=\"index, follow, max-snippet:-1, max-image-preview:large, max-video-preview:-1\" \/>\n<link rel=\"canonical\" href=\"https:\/\/automotiverevista.pt\/index.php\/2023\/05\/24\/salao-watches-wonders-espelho-de-um-setor-valorizado\/\" \/>\n<meta property=\"og:locale\" content=\"pt_PT\" \/>\n<meta property=\"og:type\" content=\"article\" \/>\n<meta property=\"og:title\" content=\"Sal\u00e3o Watches &amp; Wonders \u2013 espelho de um setor valorizado\" \/>\n<meta property=\"og:description\" content=\"O local onde se realizava o sal\u00e3o autom\u00f3vel de Genebra (extinto), cedeu lugar ao sal\u00e3o&nbsp;Watches &amp; Wonders(W&amp;W); em simult\u00e2neo com dois outros sal\u00f5es de rel\u00f3gios:&nbsp;Time to Watches&nbsp;na Haute \u00c9cole d\u2019Art et de Design e o&nbsp;WPHH&nbsp;\u2013 World Presentation Haute Horologerie na Domaine du Grand Malagny.&nbsp; Todos&nbsp;realizados na cidade&nbsp;de Genebra.&nbsp;Por\u00e9m,&nbsp;com organizadores e expositores diferentes. As raz\u00f5es que [&hellip;]\" \/>\n<meta property=\"og:url\" content=\"https:\/\/automotiverevista.pt\/index.php\/2023\/05\/24\/salao-watches-wonders-espelho-de-um-setor-valorizado\/\" \/>\n<meta property=\"og:site_name\" content=\"Revista Automotive\" \/>\n<meta property=\"article:published_time\" content=\"2023-05-24T08:00:00+00:00\" \/>\n<meta property=\"og:image\" content=\"https:\/\/automotiverevista.pt\/wp-content\/uploads\/2023\/05\/FotoAbertura-13.jpg\" \/>\n\t<meta property=\"og:image:width\" content=\"889\" \/>\n\t<meta property=\"og:image:height\" content=\"524\" \/>\n\t<meta property=\"og:image:type\" content=\"image\/jpeg\" \/>\n<meta name=\"author\" content=\"MiguelMarques\" \/>\n<meta name=\"twitter:card\" content=\"summary_large_image\" \/>\n<meta name=\"twitter:label1\" content=\"Escrito por\" \/>\n\t<meta name=\"twitter:data1\" content=\"MiguelMarques\" \/>\n\t<meta name=\"twitter:label2\" content=\"Tempo estimado de leitura\" \/>\n\t<meta name=\"twitter:data2\" content=\"9 minutos\" \/>\n<script type=\"application\/ld+json\" class=\"yoast-schema-graph\">{\"@context\":\"https:\\\/\\\/schema.org\",\"@graph\":[{\"@type\":\"Article\",\"@id\":\"https:\\\/\\\/automotiverevista.pt\\\/index.php\\\/2023\\\/05\\\/24\\\/salao-watches-wonders-espelho-de-um-setor-valorizado\\\/#article\",\"isPartOf\":{\"@id\":\"https:\\\/\\\/automotiverevista.pt\\\/index.php\\\/2023\\\/05\\\/24\\\/salao-watches-wonders-espelho-de-um-setor-valorizado\\\/\"},\"author\":{\"name\":\"MiguelMarques\",\"@id\":\"https:\\\/\\\/automotiverevista.pt\\\/#\\\/schema\\\/person\\\/d705335f9c428a4a0cae3d11afb2e0ef\"},\"headline\":\"Sal\u00e3o Watches &amp; Wonders \u2013 espelho de um setor valorizado\",\"datePublished\":\"2023-05-24T08:00:00+00:00\",\"mainEntityOfPage\":{\"@id\":\"https:\\\/\\\/automotiverevista.pt\\\/index.php\\\/2023\\\/05\\\/24\\\/salao-watches-wonders-espelho-de-um-setor-valorizado\\\/\"},\"wordCount\":1330,\"publisher\":{\"@id\":\"https:\\\/\\\/automotiverevista.pt\\\/#organization\"},\"image\":{\"@id\":\"https:\\\/\\\/automotiverevista.pt\\\/index.php\\\/2023\\\/05\\\/24\\\/salao-watches-wonders-espelho-de-um-setor-valorizado\\\/#primaryimage\"},\"thumbnailUrl\":\"https:\\\/\\\/automotiverevista.pt\\\/wp-content\\\/uploads\\\/2023\\\/05\\\/FotoAbertura-13.jpg\",\"articleSection\":[\"Coffee Break\"],\"inLanguage\":\"pt-PT\"},{\"@type\":\"WebPage\",\"@id\":\"https:\\\/\\\/automotiverevista.pt\\\/index.php\\\/2023\\\/05\\\/24\\\/salao-watches-wonders-espelho-de-um-setor-valorizado\\\/\",\"url\":\"https:\\\/\\\/automotiverevista.pt\\\/index.php\\\/2023\\\/05\\\/24\\\/salao-watches-wonders-espelho-de-um-setor-valorizado\\\/\",\"name\":\"Sal\u00e3o Watches &amp; Wonders \u2013 espelho de um setor valorizado - Revista Automotive\",\"isPartOf\":{\"@id\":\"https:\\\/\\\/automotiverevista.pt\\\/#website\"},\"primaryImageOfPage\":{\"@id\":\"https:\\\/\\\/automotiverevista.pt\\\/index.php\\\/2023\\\/05\\\/24\\\/salao-watches-wonders-espelho-de-um-setor-valorizado\\\/#primaryimage\"},\"image\":{\"@id\":\"https:\\\/\\\/automotiverevista.pt\\\/index.php\\\/2023\\\/05\\\/24\\\/salao-watches-wonders-espelho-de-um-setor-valorizado\\\/#primaryimage\"},\"thumbnailUrl\":\"https:\\\/\\\/automotiverevista.pt\\\/wp-content\\\/uploads\\\/2023\\\/05\\\/FotoAbertura-13.jpg\",\"datePublished\":\"2023-05-24T08:00:00+00:00\",\"breadcrumb\":{\"@id\":\"https:\\\/\\\/automotiverevista.pt\\\/index.php\\\/2023\\\/05\\\/24\\\/salao-watches-wonders-espelho-de-um-setor-valorizado\\\/#breadcrumb\"},\"inLanguage\":\"pt-PT\",\"potentialAction\":[{\"@type\":\"ReadAction\",\"target\":[\"https:\\\/\\\/automotiverevista.pt\\\/index.php\\\/2023\\\/05\\\/24\\\/salao-watches-wonders-espelho-de-um-setor-valorizado\\\/\"]}]},{\"@type\":\"ImageObject\",\"inLanguage\":\"pt-PT\",\"@id\":\"https:\\\/\\\/automotiverevista.pt\\\/index.php\\\/2023\\\/05\\\/24\\\/salao-watches-wonders-espelho-de-um-setor-valorizado\\\/#primaryimage\",\"url\":\"https:\\\/\\\/automotiverevista.pt\\\/wp-content\\\/uploads\\\/2023\\\/05\\\/FotoAbertura-13.jpg\",\"contentUrl\":\"https:\\\/\\\/automotiverevista.pt\\\/wp-content\\\/uploads\\\/2023\\\/05\\\/FotoAbertura-13.jpg\",\"width\":889,\"height\":524},{\"@type\":\"BreadcrumbList\",\"@id\":\"https:\\\/\\\/automotiverevista.pt\\\/index.php\\\/2023\\\/05\\\/24\\\/salao-watches-wonders-espelho-de-um-setor-valorizado\\\/#breadcrumb\",\"itemListElement\":[{\"@type\":\"ListItem\",\"position\":1,\"name\":\"Home\",\"item\":\"https:\\\/\\\/automotiverevista.pt\\\/\"},{\"@type\":\"ListItem\",\"position\":2,\"name\":\"Sal\u00e3o Watches &amp; Wonders \u2013 espelho de um setor valorizado\"}]},{\"@type\":\"WebSite\",\"@id\":\"https:\\\/\\\/automotiverevista.pt\\\/#website\",\"url\":\"https:\\\/\\\/automotiverevista.pt\\\/\",\"name\":\"Revista Automotive\",\"description\":\"Revista Automotive Portugal\",\"publisher\":{\"@id\":\"https:\\\/\\\/automotiverevista.pt\\\/#organization\"},\"potentialAction\":[{\"@type\":\"SearchAction\",\"target\":{\"@type\":\"EntryPoint\",\"urlTemplate\":\"https:\\\/\\\/automotiverevista.pt\\\/?s={search_term_string}\"},\"query-input\":{\"@type\":\"PropertyValueSpecification\",\"valueRequired\":true,\"valueName\":\"search_term_string\"}}],\"inLanguage\":\"pt-PT\"},{\"@type\":\"Organization\",\"@id\":\"https:\\\/\\\/automotiverevista.pt\\\/#organization\",\"name\":\"Revista Automotive Portugal\",\"url\":\"https:\\\/\\\/automotiverevista.pt\\\/\",\"logo\":{\"@type\":\"ImageObject\",\"inLanguage\":\"pt-PT\",\"@id\":\"https:\\\/\\\/automotiverevista.pt\\\/#\\\/schema\\\/logo\\\/image\\\/\",\"url\":\"https:\\\/\\\/automotiverevista.pt\\\/wp-content\\\/uploads\\\/2022\\\/07\\\/Logo-Automotive-2021_500-1.jpg\",\"contentUrl\":\"https:\\\/\\\/automotiverevista.pt\\\/wp-content\\\/uploads\\\/2022\\\/07\\\/Logo-Automotive-2021_500-1.jpg\",\"width\":500,\"height\":160,\"caption\":\"Revista Automotive Portugal\"},\"image\":{\"@id\":\"https:\\\/\\\/automotiverevista.pt\\\/#\\\/schema\\\/logo\\\/image\\\/\"},\"sameAs\":[\"https:\\\/\\\/linkedin.com\\\/in\\\/automotiverevista\"]},{\"@type\":\"Person\",\"@id\":\"https:\\\/\\\/automotiverevista.pt\\\/#\\\/schema\\\/person\\\/d705335f9c428a4a0cae3d11afb2e0ef\",\"name\":\"MiguelMarques\",\"image\":{\"@type\":\"ImageObject\",\"inLanguage\":\"pt-PT\",\"@id\":\"https:\\\/\\\/secure.gravatar.com\\\/avatar\\\/635d1f118671d87c579d5e4f6491bfc0081e3bbddd605eb321931e9c938270b5?s=96&d=mm&r=g\",\"url\":\"https:\\\/\\\/secure.gravatar.com\\\/avatar\\\/635d1f118671d87c579d5e4f6491bfc0081e3bbddd605eb321931e9c938270b5?s=96&d=mm&r=g\",\"contentUrl\":\"https:\\\/\\\/secure.gravatar.com\\\/avatar\\\/635d1f118671d87c579d5e4f6491bfc0081e3bbddd605eb321931e9c938270b5?s=96&d=mm&r=g\",\"caption\":\"MiguelMarques\"},\"url\":\"https:\\\/\\\/automotiverevista.pt\\\/index.php\\\/author\\\/miguelmarques\\\/\"}]}<\/script>\n<!-- \/ Yoast SEO Premium plugin. -->","yoast_head_json":{"title":"Sal\u00e3o Watches &amp; Wonders \u2013 espelho de um setor valorizado - Revista Automotive","robots":{"index":"index","follow":"follow","max-snippet":"max-snippet:-1","max-image-preview":"max-image-preview:large","max-video-preview":"max-video-preview:-1"},"canonical":"https:\/\/automotiverevista.pt\/index.php\/2023\/05\/24\/salao-watches-wonders-espelho-de-um-setor-valorizado\/","og_locale":"pt_PT","og_type":"article","og_title":"Sal\u00e3o Watches &amp; Wonders \u2013 espelho de um setor valorizado","og_description":"O local onde se realizava o sal\u00e3o autom\u00f3vel de Genebra (extinto), cedeu lugar ao sal\u00e3o&nbsp;Watches &amp; Wonders(W&amp;W); em simult\u00e2neo com dois outros sal\u00f5es de rel\u00f3gios:&nbsp;Time to Watches&nbsp;na Haute \u00c9cole d\u2019Art et de Design e o&nbsp;WPHH&nbsp;\u2013 World Presentation Haute Horologerie na Domaine du Grand Malagny.&nbsp; Todos&nbsp;realizados na cidade&nbsp;de Genebra.&nbsp;Por\u00e9m,&nbsp;com organizadores e expositores diferentes. As raz\u00f5es que [&hellip;]","og_url":"https:\/\/automotiverevista.pt\/index.php\/2023\/05\/24\/salao-watches-wonders-espelho-de-um-setor-valorizado\/","og_site_name":"Revista Automotive","article_published_time":"2023-05-24T08:00:00+00:00","og_image":[{"width":889,"height":524,"url":"https:\/\/automotiverevista.pt\/wp-content\/uploads\/2023\/05\/FotoAbertura-13.jpg","type":"image\/jpeg"}],"author":"MiguelMarques","twitter_card":"summary_large_image","twitter_misc":{"Escrito por":"MiguelMarques","Tempo estimado de leitura":"9 minutos"},"schema":{"@context":"https:\/\/schema.org","@graph":[{"@type":"Article","@id":"https:\/\/automotiverevista.pt\/index.php\/2023\/05\/24\/salao-watches-wonders-espelho-de-um-setor-valorizado\/#article","isPartOf":{"@id":"https:\/\/automotiverevista.pt\/index.php\/2023\/05\/24\/salao-watches-wonders-espelho-de-um-setor-valorizado\/"},"author":{"name":"MiguelMarques","@id":"https:\/\/automotiverevista.pt\/#\/schema\/person\/d705335f9c428a4a0cae3d11afb2e0ef"},"headline":"Sal\u00e3o Watches &amp; Wonders \u2013 espelho de um setor valorizado","datePublished":"2023-05-24T08:00:00+00:00","mainEntityOfPage":{"@id":"https:\/\/automotiverevista.pt\/index.php\/2023\/05\/24\/salao-watches-wonders-espelho-de-um-setor-valorizado\/"},"wordCount":1330,"publisher":{"@id":"https:\/\/automotiverevista.pt\/#organization"},"image":{"@id":"https:\/\/automotiverevista.pt\/index.php\/2023\/05\/24\/salao-watches-wonders-espelho-de-um-setor-valorizado\/#primaryimage"},"thumbnailUrl":"https:\/\/automotiverevista.pt\/wp-content\/uploads\/2023\/05\/FotoAbertura-13.jpg","articleSection":["Coffee Break"],"inLanguage":"pt-PT"},{"@type":"WebPage","@id":"https:\/\/automotiverevista.pt\/index.php\/2023\/05\/24\/salao-watches-wonders-espelho-de-um-setor-valorizado\/","url":"https:\/\/automotiverevista.pt\/index.php\/2023\/05\/24\/salao-watches-wonders-espelho-de-um-setor-valorizado\/","name":"Sal\u00e3o Watches &amp; Wonders \u2013 espelho de um setor valorizado - Revista Automotive","isPartOf":{"@id":"https:\/\/automotiverevista.pt\/#website"},"primaryImageOfPage":{"@id":"https:\/\/automotiverevista.pt\/index.php\/2023\/05\/24\/salao-watches-wonders-espelho-de-um-setor-valorizado\/#primaryimage"},"image":{"@id":"https:\/\/automotiverevista.pt\/index.php\/2023\/05\/24\/salao-watches-wonders-espelho-de-um-setor-valorizado\/#primaryimage"},"thumbnailUrl":"https:\/\/automotiverevista.pt\/wp-content\/uploads\/2023\/05\/FotoAbertura-13.jpg","datePublished":"2023-05-24T08:00:00+00:00","breadcrumb":{"@id":"https:\/\/automotiverevista.pt\/index.php\/2023\/05\/24\/salao-watches-wonders-espelho-de-um-setor-valorizado\/#breadcrumb"},"inLanguage":"pt-PT","potentialAction":[{"@type":"ReadAction","target":["https:\/\/automotiverevista.pt\/index.php\/2023\/05\/24\/salao-watches-wonders-espelho-de-um-setor-valorizado\/"]}]},{"@type":"ImageObject","inLanguage":"pt-PT","@id":"https:\/\/automotiverevista.pt\/index.php\/2023\/05\/24\/salao-watches-wonders-espelho-de-um-setor-valorizado\/#primaryimage","url":"https:\/\/automotiverevista.pt\/wp-content\/uploads\/2023\/05\/FotoAbertura-13.jpg","contentUrl":"https:\/\/automotiverevista.pt\/wp-content\/uploads\/2023\/05\/FotoAbertura-13.jpg","width":889,"height":524},{"@type":"BreadcrumbList","@id":"https:\/\/automotiverevista.pt\/index.php\/2023\/05\/24\/salao-watches-wonders-espelho-de-um-setor-valorizado\/#breadcrumb","itemListElement":[{"@type":"ListItem","position":1,"name":"Home","item":"https:\/\/automotiverevista.pt\/"},{"@type":"ListItem","position":2,"name":"Sal\u00e3o Watches &amp; Wonders \u2013 espelho de um setor valorizado"}]},{"@type":"WebSite","@id":"https:\/\/automotiverevista.pt\/#website","url":"https:\/\/automotiverevista.pt\/","name":"Revista Automotive","description":"Revista Automotive Portugal","publisher":{"@id":"https:\/\/automotiverevista.pt\/#organization"},"potentialAction":[{"@type":"SearchAction","target":{"@type":"EntryPoint","urlTemplate":"https:\/\/automotiverevista.pt\/?s={search_term_string}"},"query-input":{"@type":"PropertyValueSpecification","valueRequired":true,"valueName":"search_term_string"}}],"inLanguage":"pt-PT"},{"@type":"Organization","@id":"https:\/\/automotiverevista.pt\/#organization","name":"Revista Automotive Portugal","url":"https:\/\/automotiverevista.pt\/","logo":{"@type":"ImageObject","inLanguage":"pt-PT","@id":"https:\/\/automotiverevista.pt\/#\/schema\/logo\/image\/","url":"https:\/\/automotiverevista.pt\/wp-content\/uploads\/2022\/07\/Logo-Automotive-2021_500-1.jpg","contentUrl":"https:\/\/automotiverevista.pt\/wp-content\/uploads\/2022\/07\/Logo-Automotive-2021_500-1.jpg","width":500,"height":160,"caption":"Revista Automotive Portugal"},"image":{"@id":"https:\/\/automotiverevista.pt\/#\/schema\/logo\/image\/"},"sameAs":["https:\/\/linkedin.com\/in\/automotiverevista"]},{"@type":"Person","@id":"https:\/\/automotiverevista.pt\/#\/schema\/person\/d705335f9c428a4a0cae3d11afb2e0ef","name":"MiguelMarques","image":{"@type":"ImageObject","inLanguage":"pt-PT","@id":"https:\/\/secure.gravatar.com\/avatar\/635d1f118671d87c579d5e4f6491bfc0081e3bbddd605eb321931e9c938270b5?s=96&d=mm&r=g","url":"https:\/\/secure.gravatar.com\/avatar\/635d1f118671d87c579d5e4f6491bfc0081e3bbddd605eb321931e9c938270b5?s=96&d=mm&r=g","contentUrl":"https:\/\/secure.gravatar.com\/avatar\/635d1f118671d87c579d5e4f6491bfc0081e3bbddd605eb321931e9c938270b5?s=96&d=mm&r=g","caption":"MiguelMarques"},"url":"https:\/\/automotiverevista.pt\/index.php\/author\/miguelmarques\/"}]}},"_links":{"self":[{"href":"https:\/\/automotiverevista.pt\/index.php\/wp-json\/wp\/v2\/posts\/3016","targetHints":{"allow":["GET"]}}],"collection":[{"href":"https:\/\/automotiverevista.pt\/index.php\/wp-json\/wp\/v2\/posts"}],"about":[{"href":"https:\/\/automotiverevista.pt\/index.php\/wp-json\/wp\/v2\/types\/post"}],"author":[{"embeddable":true,"href":"https:\/\/automotiverevista.pt\/index.php\/wp-json\/wp\/v2\/users\/3"}],"replies":[{"embeddable":true,"href":"https:\/\/automotiverevista.pt\/index.php\/wp-json\/wp\/v2\/comments?post=3016"}],"version-history":[{"count":2,"href":"https:\/\/automotiverevista.pt\/index.php\/wp-json\/wp\/v2\/posts\/3016\/revisions"}],"predecessor-version":[{"id":3029,"href":"https:\/\/automotiverevista.pt\/index.php\/wp-json\/wp\/v2\/posts\/3016\/revisions\/3029"}],"wp:featuredmedia":[{"embeddable":true,"href":"https:\/\/automotiverevista.pt\/index.php\/wp-json\/wp\/v2\/media\/3017"}],"wp:attachment":[{"href":"https:\/\/automotiverevista.pt\/index.php\/wp-json\/wp\/v2\/media?parent=3016"}],"wp:term":[{"taxonomy":"category","embeddable":true,"href":"https:\/\/automotiverevista.pt\/index.php\/wp-json\/wp\/v2\/categories?post=3016"},{"taxonomy":"post_tag","embeddable":true,"href":"https:\/\/automotiverevista.pt\/index.php\/wp-json\/wp\/v2\/tags?post=3016"}],"curies":[{"name":"wp","href":"https:\/\/api.w.org\/{rel}","templated":true}]}}