{"id":308,"date":"2022-06-18T09:55:00","date_gmt":"2022-06-18T09:55:00","guid":{"rendered":"https:\/\/automotiverevista.pt\/?p=308"},"modified":"2022-07-08T09:56:28","modified_gmt":"2022-07-08T09:56:28","slug":"mercado-schmitz-e-kogel-lideram-lecitrailer-investe-em-portugal","status":"publish","type":"post","link":"https:\/\/automotiverevista.pt\/index.php\/2022\/06\/18\/mercado-schmitz-e-kogel-lideram-lecitrailer-investe-em-portugal\/","title":{"rendered":"Mercado: Schmitz e K\u00f6gel lideram, Lecitrailer investe em Portugal"},"content":{"rendered":"\n<p>Numa an\u00e1lise revelada de forma in\u00e9dita pela Revista Automotive, a ACAP \u2013 Associa\u00e7\u00e3o Com\u00e9rcio Autom\u00f3vel de Portugal, apresentou as matricula\u00e7\u00f5es de semirreboques em Portugal, nos anos de 2020 e 2021.<\/p>\n\n\n\n<p>Em termos gerais, as matricula\u00e7\u00f5es aumentaram 33,5% de 2020 para 2021, n\u00fameros bastante positivos, tendo em conta tanto o contexto pand\u00e9mico como a falta de mat\u00e9rias-primas que tamb\u00e9m afetaram a produ\u00e7\u00e3o destes ve\u00edculos. No total, foram matriculados 1.782 semirreboques em 2020, para depois chegar \u00e0s 2.379 unidades em 2021.<\/p>\n\n\n\n<figure class=\"wp-block-image\"><img decoding=\"async\" src=\"https:\/\/automotiverevista.com\/wp-content\/uploads\/2022\/06\/eIMG_5706.jpg\" alt=\"\" class=\"wp-image-13505\"\/><\/figure>\n\n\n\n<p>Quanto \u00e0 lideran\u00e7a do mercado, esta manteve-se na Schmitz Cargobull, com um aumento de 60% de unidades matriculadas face a 2020. Passou de 440 semirreboques em 2020 para 706 em 2021, um aumento superior \u00e0 m\u00e9dia do mercado. Para esse aumento, contribuiu o sucesso da gest\u00e3o integrada da venda de semirreboques, desde o financiamento atrav\u00e9s da Cargobull Finance, passando pelo p\u00f3s-venda de proximidade, at\u00e9 \u00e0 revenda do semirreboque usado, entre outros aspetos.<\/p>\n\n\n\n<figure class=\"wp-block-image\"><img decoding=\"async\" src=\"https:\/\/automotiverevista.com\/wp-content\/uploads\/2022\/06\/IMG_6712.jpg\" alt=\"\" class=\"wp-image-13507\"\/><\/figure>\n\n\n\n<p><strong>K\u00f6gel e Lecitrailer<\/strong><\/p>\n\n\n\n<p>O segundo lugar foi conquistado pela K\u00f6gel, atrav\u00e9s de um crescimento de 26,6% face ao ano de 2020. As 233 unidades matriculadas em 2020 foram superadas pelas 295 em 2021. A consist\u00eancia da K\u00f6gel na sua atua\u00e7\u00e3o em Portugal deu os seus frutos, mantendo-a no topo das escolhas das frotas nacionais.<\/p>\n\n\n\n<p>Com representa\u00e7\u00e3o atrav\u00e9s da Total Trailer Services de Rui Tavares, a K\u00f6gel tem investido em diversas \u00e1reas, tal como apresentamos na edi\u00e7\u00e3o anterior da Automotive, atrav\u00e9s de uma entrevista a&nbsp;<a href=\"https:\/\/automotiverevista.com\/kogel-cresce-em-portugal-e-mantem-made-in-germany\/\">Christian Renners<\/a>, CEO da K\u00f6gel, e a&nbsp;<a href=\"https:\/\/automotiverevista.com\/kogel-cresce-em-portugal-e-mantem-made-in-germany\/\">Denis Valder Munir,<\/a>&nbsp;Head of Business &amp; Project Management Portugal da K\u00f6gel.<\/p>\n\n\n\n<p>Em terceiro lugar, mas quase que a primeira no crescimento, est\u00e1 a LeciTrailer. A marca de semirreboques com sede e produ\u00e7\u00e3o em Sarago\u00e7a, registou um impressionante aumento de 136,5% de matricula\u00e7\u00f5es face ao ano de 2020. Matriculou assim 201 unidades em 2021, contra as 116 em 2020.<\/p>\n\n\n\n<p>Este crescimento, est\u00e1 em linha com a estrat\u00e9gia da LeciTrailer de apostar fortemente em Portugal, onde acaba de inaugurar uma linha de montagem em Mangualde, atrav\u00e9s de um elevado investimento numa estrutura totalmente nova com 36.000m2 de \u00e1rea, equipada com a tecnologia mais avan\u00e7ada do mercado.<\/p>\n\n\n\n<figure class=\"wp-block-image\"><img decoding=\"async\" src=\"https:\/\/automotiverevista.com\/wp-content\/uploads\/2022\/06\/Lonas-Elite.jpg\" alt=\"\" class=\"wp-image-13462\"\/><\/figure>\n\n\n\n<p>Destaque tamb\u00e9m para a centen\u00e1ria produtora nacional, a&nbsp;<strong>Galucho<\/strong>. Esta empresa portuguesa est\u00e1 no quarto lugar da geral nas matricula\u00e7\u00f5es de semirreboques, mesmo quando n\u00e3o produz as unidades de maior volume no mercado nacional: os semirreboques de lona ou os frigor\u00edficos. Especializada em semirreboques e reboques para aplica\u00e7\u00f5es espec\u00edficas, como a constru\u00e7\u00e3o civil (entre outras), a Galucho consegue destacar-se por um aumento de 100% nas matricula\u00e7\u00f5es entre 2020 e 2021. Totalizou 196 unidades matriculadas em 2021.<\/p>\n\n\n\n<p>De real\u00e7ar tamb\u00e9m outras marcas que cresceram significativamente entre 2020 e 2021, como foi o caso da&nbsp;<strong>S\u00d4R Iberica<\/strong>&nbsp;(representada pela Assivepe) com 163% de crescimento, passando de 26 para 42 unidades matriculadas; e a&nbsp;<strong>Fliegl<\/strong>&nbsp;com 100% de crescimento (tamb\u00e9m representada pela Assivepe) passando de 16 para 32 unidades matriculadas em 2021.<\/p>\n\n\n\n<p>Apesar destes crescimentos, o mercado registou tamb\u00e9m algumas quedas. A&nbsp;<strong>Krone<\/strong>&nbsp;perdeu cerca de 15% de matricula\u00e7\u00f5es neste per\u00edodo em an\u00e1lise, bem como a&nbsp;<strong>Kassborher<\/strong>&nbsp;tamb\u00e9m perdeu 16% no mesmo per\u00edodo.<\/p>\n\n\n\n<p>Continuaremos a acompanhar a evolu\u00e7\u00e3o do mercado de semirreboques em Portugal e as novidades das marcas, sobretudo por ocasi\u00e3o do Sal\u00e3o IAA de Hannover deste ano, onde a Revista Automotive \u00e9 membro do j\u00fari do Pr\u00e9mio Internacional Trailer Innovation de 2023.<\/p>\n\n\n\n<figure class=\"wp-block-image\"><img decoding=\"async\" src=\"https:\/\/automotiverevista.com\/wp-content\/uploads\/2022\/06\/eIMG_6701.jpg\" alt=\"\" class=\"wp-image-13506\"\/><\/figure>\n","protected":false},"excerpt":{"rendered":"<p>Numa an\u00e1lise revelada de forma in\u00e9dita pela Revista Automotive, a ACAP \u2013 Associa\u00e7\u00e3o Com\u00e9rcio Autom\u00f3vel de Portugal, apresentou as matricula\u00e7\u00f5es de semirreboques em Portugal, nos anos de 2020 e 2021. Em termos gerais, as matricula\u00e7\u00f5es aumentaram 33,5% de 2020 para 2021, n\u00fameros bastante positivos, tendo em conta tanto o contexto pand\u00e9mico como a falta de [&hellip;]<\/p>\n","protected":false},"author":1,"featured_media":309,"comment_status":"closed","ping_status":"open","sticky":false,"template":"","format":"standard","meta":{"jnews-multi-image_gallery":[],"jnews_single_post":{"subtitle":"","format":"standard","video":"","gallery":"","source_name":"","source_url":"","via_name":"","via_url":"","override_template":"0","override":[{"template":"2","single_blog_custom":"","parallax":"1","fullscreen":"1","layout":"right-sidebar","sidebar":"default-sidebar","second_sidebar":"default-sidebar","sticky_sidebar":"1","share_position":"topbottom","share_float_style":"share-monocrhome","show_share_counter":"0","show_view_counter":"0","show_featured":"1","show_post_meta":"1","show_post_author":"0","show_post_author_image":"1","show_post_date":"1","post_date_format":"default","post_date_format_custom":"Y\/m\/d","show_post_category":"1","show_post_reading_time":"0","post_reading_time_wpm":"300","show_zoom_button":"0","zoom_button_out_step":"2","zoom_button_in_step":"3","show_post_tag":"1","show_prev_next_post":"0","show_popup_post":"1","number_popup_post":"1","show_author_box":"0","show_post_related":"1","show_inline_post_related":"1"}],"override_image_size":"0","image_override":[{"single_post_thumbnail_size":"crop-500","single_post_gallery_size":"crop-500"}],"trending_post":"0","trending_post_position":"meta","trending_post_label":"Trending","sponsored_post":"0","sponsored_post_label":"Sponsored by","sponsored_post_name":"","sponsored_post_url":"","sponsored_post_logo_enable":"0","sponsored_post_logo":"","sponsored_post_desc":"","disable_ad":"0"},"jnews_primary_category":{"id":""},"footnotes":""},"categories":[25],"tags":[49,52,67],"class_list":["post-308","post","type-post","status-publish","format-standard","has-post-thumbnail","hentry","category-pesados-e-maquinas","tag-camiao","tag-frota","tag-semirreboque"],"yoast_head":"<!-- This site is optimized with the Yoast SEO Premium plugin v27.5 (Yoast SEO v27.5) - https:\/\/yoast.com\/product\/yoast-seo-premium-wordpress\/ -->\n<title>Mercado: Schmitz e K\u00f6gel lideram, Lecitrailer investe em Portugal - Revista Automotive<\/title>\n<meta name=\"robots\" content=\"index, follow, max-snippet:-1, max-image-preview:large, max-video-preview:-1\" \/>\n<link rel=\"canonical\" href=\"https:\/\/automotiverevista.pt\/index.php\/2022\/06\/18\/mercado-schmitz-e-kogel-lideram-lecitrailer-investe-em-portugal\/\" \/>\n<meta property=\"og:locale\" content=\"pt_PT\" \/>\n<meta property=\"og:type\" content=\"article\" \/>\n<meta property=\"og:title\" content=\"Mercado: Schmitz e K\u00f6gel lideram, Lecitrailer investe em Portugal\" \/>\n<meta property=\"og:description\" content=\"Numa an\u00e1lise revelada de forma in\u00e9dita pela Revista Automotive, a ACAP \u2013 Associa\u00e7\u00e3o Com\u00e9rcio Autom\u00f3vel de Portugal, apresentou as matricula\u00e7\u00f5es de semirreboques em Portugal, nos anos de 2020 e 2021. Em termos gerais, as matricula\u00e7\u00f5es aumentaram 33,5% de 2020 para 2021, n\u00fameros bastante positivos, tendo em conta tanto o contexto pand\u00e9mico como a falta de [&hellip;]\" \/>\n<meta property=\"og:url\" content=\"https:\/\/automotiverevista.pt\/index.php\/2022\/06\/18\/mercado-schmitz-e-kogel-lideram-lecitrailer-investe-em-portugal\/\" \/>\n<meta property=\"og:site_name\" content=\"Revista Automotive\" \/>\n<meta property=\"article:published_time\" content=\"2022-06-18T09:55:00+00:00\" \/>\n<meta property=\"article:modified_time\" content=\"2022-07-08T09:56:28+00:00\" \/>\n<meta property=\"og:image\" content=\"https:\/\/automotiverevista.pt\/wp-content\/uploads\/2022\/07\/IMG_4616.jpg\" \/>\n\t<meta property=\"og:image:width\" content=\"1000\" \/>\n\t<meta property=\"og:image:height\" content=\"667\" \/>\n\t<meta property=\"og:image:type\" content=\"image\/jpeg\" \/>\n<meta name=\"author\" content=\"adminNovo\" \/>\n<meta name=\"twitter:card\" content=\"summary_large_image\" \/>\n<meta name=\"twitter:label1\" content=\"Escrito por\" \/>\n\t<meta name=\"twitter:data1\" content=\"adminNovo\" \/>\n\t<meta name=\"twitter:label2\" content=\"Tempo estimado de leitura\" \/>\n\t<meta name=\"twitter:data2\" content=\"3 minutos\" \/>\n<script type=\"application\/ld+json\" class=\"yoast-schema-graph\">{\"@context\":\"https:\\\/\\\/schema.org\",\"@graph\":[{\"@type\":\"Article\",\"@id\":\"https:\\\/\\\/automotiverevista.pt\\\/index.php\\\/2022\\\/06\\\/18\\\/mercado-schmitz-e-kogel-lideram-lecitrailer-investe-em-portugal\\\/#article\",\"isPartOf\":{\"@id\":\"https:\\\/\\\/automotiverevista.pt\\\/index.php\\\/2022\\\/06\\\/18\\\/mercado-schmitz-e-kogel-lideram-lecitrailer-investe-em-portugal\\\/\"},\"author\":{\"name\":\"adminNovo\",\"@id\":\"https:\\\/\\\/automotiverevista.pt\\\/#\\\/schema\\\/person\\\/1265858bc8c78a0f969de814da8be281\"},\"headline\":\"Mercado: Schmitz e K\u00f6gel lideram, Lecitrailer investe em Portugal\",\"datePublished\":\"2022-06-18T09:55:00+00:00\",\"dateModified\":\"2022-07-08T09:56:28+00:00\",\"mainEntityOfPage\":{\"@id\":\"https:\\\/\\\/automotiverevista.pt\\\/index.php\\\/2022\\\/06\\\/18\\\/mercado-schmitz-e-kogel-lideram-lecitrailer-investe-em-portugal\\\/\"},\"wordCount\":582,\"publisher\":{\"@id\":\"https:\\\/\\\/automotiverevista.pt\\\/#organization\"},\"image\":{\"@id\":\"https:\\\/\\\/automotiverevista.pt\\\/index.php\\\/2022\\\/06\\\/18\\\/mercado-schmitz-e-kogel-lideram-lecitrailer-investe-em-portugal\\\/#primaryimage\"},\"thumbnailUrl\":\"https:\\\/\\\/automotiverevista.pt\\\/wp-content\\\/uploads\\\/2022\\\/07\\\/IMG_4616.jpg\",\"keywords\":[\"cami\u00e3o\",\"Frota\",\"semirreboque\"],\"articleSection\":[\"Pesados e M\u00e1quinas\"],\"inLanguage\":\"pt-PT\"},{\"@type\":\"WebPage\",\"@id\":\"https:\\\/\\\/automotiverevista.pt\\\/index.php\\\/2022\\\/06\\\/18\\\/mercado-schmitz-e-kogel-lideram-lecitrailer-investe-em-portugal\\\/\",\"url\":\"https:\\\/\\\/automotiverevista.pt\\\/index.php\\\/2022\\\/06\\\/18\\\/mercado-schmitz-e-kogel-lideram-lecitrailer-investe-em-portugal\\\/\",\"name\":\"Mercado: Schmitz e K\u00f6gel lideram, Lecitrailer investe em Portugal - Revista Automotive\",\"isPartOf\":{\"@id\":\"https:\\\/\\\/automotiverevista.pt\\\/#website\"},\"primaryImageOfPage\":{\"@id\":\"https:\\\/\\\/automotiverevista.pt\\\/index.php\\\/2022\\\/06\\\/18\\\/mercado-schmitz-e-kogel-lideram-lecitrailer-investe-em-portugal\\\/#primaryimage\"},\"image\":{\"@id\":\"https:\\\/\\\/automotiverevista.pt\\\/index.php\\\/2022\\\/06\\\/18\\\/mercado-schmitz-e-kogel-lideram-lecitrailer-investe-em-portugal\\\/#primaryimage\"},\"thumbnailUrl\":\"https:\\\/\\\/automotiverevista.pt\\\/wp-content\\\/uploads\\\/2022\\\/07\\\/IMG_4616.jpg\",\"datePublished\":\"2022-06-18T09:55:00+00:00\",\"dateModified\":\"2022-07-08T09:56:28+00:00\",\"breadcrumb\":{\"@id\":\"https:\\\/\\\/automotiverevista.pt\\\/index.php\\\/2022\\\/06\\\/18\\\/mercado-schmitz-e-kogel-lideram-lecitrailer-investe-em-portugal\\\/#breadcrumb\"},\"inLanguage\":\"pt-PT\",\"potentialAction\":[{\"@type\":\"ReadAction\",\"target\":[\"https:\\\/\\\/automotiverevista.pt\\\/index.php\\\/2022\\\/06\\\/18\\\/mercado-schmitz-e-kogel-lideram-lecitrailer-investe-em-portugal\\\/\"]}]},{\"@type\":\"ImageObject\",\"inLanguage\":\"pt-PT\",\"@id\":\"https:\\\/\\\/automotiverevista.pt\\\/index.php\\\/2022\\\/06\\\/18\\\/mercado-schmitz-e-kogel-lideram-lecitrailer-investe-em-portugal\\\/#primaryimage\",\"url\":\"https:\\\/\\\/automotiverevista.pt\\\/wp-content\\\/uploads\\\/2022\\\/07\\\/IMG_4616.jpg\",\"contentUrl\":\"https:\\\/\\\/automotiverevista.pt\\\/wp-content\\\/uploads\\\/2022\\\/07\\\/IMG_4616.jpg\",\"width\":1000,\"height\":667},{\"@type\":\"BreadcrumbList\",\"@id\":\"https:\\\/\\\/automotiverevista.pt\\\/index.php\\\/2022\\\/06\\\/18\\\/mercado-schmitz-e-kogel-lideram-lecitrailer-investe-em-portugal\\\/#breadcrumb\",\"itemListElement\":[{\"@type\":\"ListItem\",\"position\":1,\"name\":\"Home\",\"item\":\"https:\\\/\\\/automotiverevista.pt\\\/\"},{\"@type\":\"ListItem\",\"position\":2,\"name\":\"Mercado: Schmitz e K\u00f6gel lideram, Lecitrailer investe em Portugal\"}]},{\"@type\":\"WebSite\",\"@id\":\"https:\\\/\\\/automotiverevista.pt\\\/#website\",\"url\":\"https:\\\/\\\/automotiverevista.pt\\\/\",\"name\":\"Revista Automotive\",\"description\":\"Revista Automotive Portugal\",\"publisher\":{\"@id\":\"https:\\\/\\\/automotiverevista.pt\\\/#organization\"},\"potentialAction\":[{\"@type\":\"SearchAction\",\"target\":{\"@type\":\"EntryPoint\",\"urlTemplate\":\"https:\\\/\\\/automotiverevista.pt\\\/?s={search_term_string}\"},\"query-input\":{\"@type\":\"PropertyValueSpecification\",\"valueRequired\":true,\"valueName\":\"search_term_string\"}}],\"inLanguage\":\"pt-PT\"},{\"@type\":\"Organization\",\"@id\":\"https:\\\/\\\/automotiverevista.pt\\\/#organization\",\"name\":\"Revista Automotive Portugal\",\"url\":\"https:\\\/\\\/automotiverevista.pt\\\/\",\"logo\":{\"@type\":\"ImageObject\",\"inLanguage\":\"pt-PT\",\"@id\":\"https:\\\/\\\/automotiverevista.pt\\\/#\\\/schema\\\/logo\\\/image\\\/\",\"url\":\"https:\\\/\\\/automotiverevista.pt\\\/wp-content\\\/uploads\\\/2022\\\/07\\\/Logo-Automotive-2021_500-1.jpg\",\"contentUrl\":\"https:\\\/\\\/automotiverevista.pt\\\/wp-content\\\/uploads\\\/2022\\\/07\\\/Logo-Automotive-2021_500-1.jpg\",\"width\":500,\"height\":160,\"caption\":\"Revista Automotive Portugal\"},\"image\":{\"@id\":\"https:\\\/\\\/automotiverevista.pt\\\/#\\\/schema\\\/logo\\\/image\\\/\"},\"sameAs\":[\"https:\\\/\\\/linkedin.com\\\/in\\\/automotiverevista\"]},{\"@type\":\"Person\",\"@id\":\"https:\\\/\\\/automotiverevista.pt\\\/#\\\/schema\\\/person\\\/1265858bc8c78a0f969de814da8be281\",\"name\":\"adminNovo\",\"image\":{\"@type\":\"ImageObject\",\"inLanguage\":\"pt-PT\",\"@id\":\"https:\\\/\\\/secure.gravatar.com\\\/avatar\\\/c606c1288dcc11eb4c709aa5136fdb962583c410f5c23c0b7bf6917c542be355?s=96&d=mm&r=g\",\"url\":\"https:\\\/\\\/secure.gravatar.com\\\/avatar\\\/c606c1288dcc11eb4c709aa5136fdb962583c410f5c23c0b7bf6917c542be355?s=96&d=mm&r=g\",\"contentUrl\":\"https:\\\/\\\/secure.gravatar.com\\\/avatar\\\/c606c1288dcc11eb4c709aa5136fdb962583c410f5c23c0b7bf6917c542be355?s=96&d=mm&r=g\",\"caption\":\"adminNovo\"},\"sameAs\":[\"https:\\\/\\\/automotiverevista.pt\"],\"url\":\"https:\\\/\\\/automotiverevista.pt\\\/index.php\\\/author\\\/adminnovo\\\/\"}]}<\/script>\n<!-- \/ Yoast SEO Premium plugin. -->","yoast_head_json":{"title":"Mercado: Schmitz e K\u00f6gel lideram, Lecitrailer investe em Portugal - Revista Automotive","robots":{"index":"index","follow":"follow","max-snippet":"max-snippet:-1","max-image-preview":"max-image-preview:large","max-video-preview":"max-video-preview:-1"},"canonical":"https:\/\/automotiverevista.pt\/index.php\/2022\/06\/18\/mercado-schmitz-e-kogel-lideram-lecitrailer-investe-em-portugal\/","og_locale":"pt_PT","og_type":"article","og_title":"Mercado: Schmitz e K\u00f6gel lideram, Lecitrailer investe em Portugal","og_description":"Numa an\u00e1lise revelada de forma in\u00e9dita pela Revista Automotive, a ACAP \u2013 Associa\u00e7\u00e3o Com\u00e9rcio Autom\u00f3vel de Portugal, apresentou as matricula\u00e7\u00f5es de semirreboques em Portugal, nos anos de 2020 e 2021. Em termos gerais, as matricula\u00e7\u00f5es aumentaram 33,5% de 2020 para 2021, n\u00fameros bastante positivos, tendo em conta tanto o contexto pand\u00e9mico como a falta de [&hellip;]","og_url":"https:\/\/automotiverevista.pt\/index.php\/2022\/06\/18\/mercado-schmitz-e-kogel-lideram-lecitrailer-investe-em-portugal\/","og_site_name":"Revista Automotive","article_published_time":"2022-06-18T09:55:00+00:00","article_modified_time":"2022-07-08T09:56:28+00:00","og_image":[{"width":1000,"height":667,"url":"https:\/\/automotiverevista.pt\/wp-content\/uploads\/2022\/07\/IMG_4616.jpg","type":"image\/jpeg"}],"author":"adminNovo","twitter_card":"summary_large_image","twitter_misc":{"Escrito por":"adminNovo","Tempo estimado de leitura":"3 minutos"},"schema":{"@context":"https:\/\/schema.org","@graph":[{"@type":"Article","@id":"https:\/\/automotiverevista.pt\/index.php\/2022\/06\/18\/mercado-schmitz-e-kogel-lideram-lecitrailer-investe-em-portugal\/#article","isPartOf":{"@id":"https:\/\/automotiverevista.pt\/index.php\/2022\/06\/18\/mercado-schmitz-e-kogel-lideram-lecitrailer-investe-em-portugal\/"},"author":{"name":"adminNovo","@id":"https:\/\/automotiverevista.pt\/#\/schema\/person\/1265858bc8c78a0f969de814da8be281"},"headline":"Mercado: Schmitz e K\u00f6gel lideram, Lecitrailer investe em Portugal","datePublished":"2022-06-18T09:55:00+00:00","dateModified":"2022-07-08T09:56:28+00:00","mainEntityOfPage":{"@id":"https:\/\/automotiverevista.pt\/index.php\/2022\/06\/18\/mercado-schmitz-e-kogel-lideram-lecitrailer-investe-em-portugal\/"},"wordCount":582,"publisher":{"@id":"https:\/\/automotiverevista.pt\/#organization"},"image":{"@id":"https:\/\/automotiverevista.pt\/index.php\/2022\/06\/18\/mercado-schmitz-e-kogel-lideram-lecitrailer-investe-em-portugal\/#primaryimage"},"thumbnailUrl":"https:\/\/automotiverevista.pt\/wp-content\/uploads\/2022\/07\/IMG_4616.jpg","keywords":["cami\u00e3o","Frota","semirreboque"],"articleSection":["Pesados e M\u00e1quinas"],"inLanguage":"pt-PT"},{"@type":"WebPage","@id":"https:\/\/automotiverevista.pt\/index.php\/2022\/06\/18\/mercado-schmitz-e-kogel-lideram-lecitrailer-investe-em-portugal\/","url":"https:\/\/automotiverevista.pt\/index.php\/2022\/06\/18\/mercado-schmitz-e-kogel-lideram-lecitrailer-investe-em-portugal\/","name":"Mercado: Schmitz e K\u00f6gel lideram, Lecitrailer investe em Portugal - Revista Automotive","isPartOf":{"@id":"https:\/\/automotiverevista.pt\/#website"},"primaryImageOfPage":{"@id":"https:\/\/automotiverevista.pt\/index.php\/2022\/06\/18\/mercado-schmitz-e-kogel-lideram-lecitrailer-investe-em-portugal\/#primaryimage"},"image":{"@id":"https:\/\/automotiverevista.pt\/index.php\/2022\/06\/18\/mercado-schmitz-e-kogel-lideram-lecitrailer-investe-em-portugal\/#primaryimage"},"thumbnailUrl":"https:\/\/automotiverevista.pt\/wp-content\/uploads\/2022\/07\/IMG_4616.jpg","datePublished":"2022-06-18T09:55:00+00:00","dateModified":"2022-07-08T09:56:28+00:00","breadcrumb":{"@id":"https:\/\/automotiverevista.pt\/index.php\/2022\/06\/18\/mercado-schmitz-e-kogel-lideram-lecitrailer-investe-em-portugal\/#breadcrumb"},"inLanguage":"pt-PT","potentialAction":[{"@type":"ReadAction","target":["https:\/\/automotiverevista.pt\/index.php\/2022\/06\/18\/mercado-schmitz-e-kogel-lideram-lecitrailer-investe-em-portugal\/"]}]},{"@type":"ImageObject","inLanguage":"pt-PT","@id":"https:\/\/automotiverevista.pt\/index.php\/2022\/06\/18\/mercado-schmitz-e-kogel-lideram-lecitrailer-investe-em-portugal\/#primaryimage","url":"https:\/\/automotiverevista.pt\/wp-content\/uploads\/2022\/07\/IMG_4616.jpg","contentUrl":"https:\/\/automotiverevista.pt\/wp-content\/uploads\/2022\/07\/IMG_4616.jpg","width":1000,"height":667},{"@type":"BreadcrumbList","@id":"https:\/\/automotiverevista.pt\/index.php\/2022\/06\/18\/mercado-schmitz-e-kogel-lideram-lecitrailer-investe-em-portugal\/#breadcrumb","itemListElement":[{"@type":"ListItem","position":1,"name":"Home","item":"https:\/\/automotiverevista.pt\/"},{"@type":"ListItem","position":2,"name":"Mercado: Schmitz e K\u00f6gel lideram, Lecitrailer investe em Portugal"}]},{"@type":"WebSite","@id":"https:\/\/automotiverevista.pt\/#website","url":"https:\/\/automotiverevista.pt\/","name":"Revista Automotive","description":"Revista Automotive Portugal","publisher":{"@id":"https:\/\/automotiverevista.pt\/#organization"},"potentialAction":[{"@type":"SearchAction","target":{"@type":"EntryPoint","urlTemplate":"https:\/\/automotiverevista.pt\/?s={search_term_string}"},"query-input":{"@type":"PropertyValueSpecification","valueRequired":true,"valueName":"search_term_string"}}],"inLanguage":"pt-PT"},{"@type":"Organization","@id":"https:\/\/automotiverevista.pt\/#organization","name":"Revista Automotive Portugal","url":"https:\/\/automotiverevista.pt\/","logo":{"@type":"ImageObject","inLanguage":"pt-PT","@id":"https:\/\/automotiverevista.pt\/#\/schema\/logo\/image\/","url":"https:\/\/automotiverevista.pt\/wp-content\/uploads\/2022\/07\/Logo-Automotive-2021_500-1.jpg","contentUrl":"https:\/\/automotiverevista.pt\/wp-content\/uploads\/2022\/07\/Logo-Automotive-2021_500-1.jpg","width":500,"height":160,"caption":"Revista Automotive Portugal"},"image":{"@id":"https:\/\/automotiverevista.pt\/#\/schema\/logo\/image\/"},"sameAs":["https:\/\/linkedin.com\/in\/automotiverevista"]},{"@type":"Person","@id":"https:\/\/automotiverevista.pt\/#\/schema\/person\/1265858bc8c78a0f969de814da8be281","name":"adminNovo","image":{"@type":"ImageObject","inLanguage":"pt-PT","@id":"https:\/\/secure.gravatar.com\/avatar\/c606c1288dcc11eb4c709aa5136fdb962583c410f5c23c0b7bf6917c542be355?s=96&d=mm&r=g","url":"https:\/\/secure.gravatar.com\/avatar\/c606c1288dcc11eb4c709aa5136fdb962583c410f5c23c0b7bf6917c542be355?s=96&d=mm&r=g","contentUrl":"https:\/\/secure.gravatar.com\/avatar\/c606c1288dcc11eb4c709aa5136fdb962583c410f5c23c0b7bf6917c542be355?s=96&d=mm&r=g","caption":"adminNovo"},"sameAs":["https:\/\/automotiverevista.pt"],"url":"https:\/\/automotiverevista.pt\/index.php\/author\/adminnovo\/"}]}},"_links":{"self":[{"href":"https:\/\/automotiverevista.pt\/index.php\/wp-json\/wp\/v2\/posts\/308","targetHints":{"allow":["GET"]}}],"collection":[{"href":"https:\/\/automotiverevista.pt\/index.php\/wp-json\/wp\/v2\/posts"}],"about":[{"href":"https:\/\/automotiverevista.pt\/index.php\/wp-json\/wp\/v2\/types\/post"}],"author":[{"embeddable":true,"href":"https:\/\/automotiverevista.pt\/index.php\/wp-json\/wp\/v2\/users\/1"}],"replies":[{"embeddable":true,"href":"https:\/\/automotiverevista.pt\/index.php\/wp-json\/wp\/v2\/comments?post=308"}],"version-history":[{"count":1,"href":"https:\/\/automotiverevista.pt\/index.php\/wp-json\/wp\/v2\/posts\/308\/revisions"}],"predecessor-version":[{"id":310,"href":"https:\/\/automotiverevista.pt\/index.php\/wp-json\/wp\/v2\/posts\/308\/revisions\/310"}],"wp:featuredmedia":[{"embeddable":true,"href":"https:\/\/automotiverevista.pt\/index.php\/wp-json\/wp\/v2\/media\/309"}],"wp:attachment":[{"href":"https:\/\/automotiverevista.pt\/index.php\/wp-json\/wp\/v2\/media?parent=308"}],"wp:term":[{"taxonomy":"category","embeddable":true,"href":"https:\/\/automotiverevista.pt\/index.php\/wp-json\/wp\/v2\/categories?post=308"},{"taxonomy":"post_tag","embeddable":true,"href":"https:\/\/automotiverevista.pt\/index.php\/wp-json\/wp\/v2\/tags?post=308"}],"curies":[{"name":"wp","href":"https:\/\/api.w.org\/{rel}","templated":true}]}}