{"id":3187,"date":"2023-06-22T08:00:00","date_gmt":"2023-06-22T08:00:00","guid":{"rendered":"https:\/\/automotiverevista.pt\/?p=3187"},"modified":"2023-06-12T18:25:28","modified_gmt":"2023-06-12T18:25:28","slug":"byd-entra-em-portugal-com-3-modelos-100-eletricos","status":"publish","type":"post","link":"https:\/\/automotiverevista.pt\/index.php\/2023\/06\/22\/byd-entra-em-portugal-com-3-modelos-100-eletricos\/","title":{"rendered":"BYD entra em Portugal com 3 modelos 100% el\u00e9tricos\u00a0"},"content":{"rendered":"\n<p>A BYD (Build your Dreams) n\u00e3o \u00e9 apenas uma marca especialista em mobilidade el\u00e9trica, \u00e9 tamb\u00e9m um fabricante de refer\u00eancia mundial de viaturas el\u00e9tricas (BEV e PHEV) que deu o primeiro passo dentro da Europa, em 1998. \u00c9, atualmente, a \u00fanica empresa no mundo a fornecer solu\u00e7\u00f5es de mobilidade el\u00e9trica para todo o mercado e o \u00fanico fabricante autom\u00f3vel do mundo a cessar a produ\u00e7\u00e3o e comercializa\u00e7\u00e3o de viaturas movidas a combust\u00e3o.<\/p>\n\n\n\n<p>Posicionada como sendo uma das maiores empresas na vanguarda da inova\u00e7\u00e3o sustent\u00e1vel, \u00e9 reconhecida globalmente pelo seu compromisso no desenvolvimento de tecnologias sustent\u00e1veis e amigas do ambiente, comprometendo-se em ajudar a&nbsp;&nbsp;\u201carrefecer o planeta em 1\u00baC\u201d.<\/p>\n\n\n\n<p>Chega, finalmente, a Portugal, pelas m\u00e3os do Grupo Salvador Caetano que j\u00e1 comercializada a marca e os seus modelos em Espanha (conforme notici\u00e1mos na edi\u00e7\u00e3o de abril da Automotive), trazendo consigo uma proposta \u00fanica, traduzida em 3 modelos 100% el\u00e9tricos de cortar a respira\u00e7\u00e3o. A Automotive teve a oportunidade de estar presente no lan\u00e7amento dos: BYD ATTO 3, BYD TANG e BYD HAN, realizado em Lisboa.<\/p>\n\n\n\n<figure class=\"wp-block-image size-full\"><img decoding=\"async\" width=\"1000\" height=\"451\" src=\"https:\/\/automotiverevista.pt\/wp-content\/uploads\/2023\/06\/20230509_111046.jpg\" alt=\"\" class=\"wp-image-3189\" srcset=\"https:\/\/automotiverevista.pt\/wp-content\/uploads\/2023\/06\/20230509_111046.jpg 1000w, https:\/\/automotiverevista.pt\/wp-content\/uploads\/2023\/06\/20230509_111046-300x135.jpg 300w, https:\/\/automotiverevista.pt\/wp-content\/uploads\/2023\/06\/20230509_111046-768x346.jpg 768w, https:\/\/automotiverevista.pt\/wp-content\/uploads\/2023\/06\/20230509_111046-750x338.jpg 750w\" sizes=\"(max-width: 1000px) 100vw, 1000px\" \/><\/figure>\n\n\n\n<p><strong>Novidades<\/strong><\/p>\n\n\n\n<p>O modelo BYD ATTO 3 \u00e9 o primeiro autom\u00f3vel da marca desenvolvido para o mercado europeu e que incorpora a e-Platform 3.0, tornando-se, assim, na sua mais recente novidade. Apresenta-se como um SUV compacto e uma linguagem de design &#8220;Dragon Face&#8221;, uma ponte entre a cultura chinesa milenar e os gostos europeus modernos. Foi desenvolvido para proporcionar um desempenho otimizado e uma experi\u00eancia de condu\u00e7\u00e3o \u00fanica.&nbsp;<\/p>\n\n\n\n<p>\u00c9 alimentado por um motor de 150 kW\/204 cv\/204 bhp, 310 Nm de bin\u00e1rio capaz de acelerar dos 0-100 km\/h em 7,3 segundos. A sua&nbsp;<em>Blade Battery<\/em>, fabricada em fosfato de ferro-l\u00edtio (LFP), que dispensa o cobalto, disponibiliza uma maior seguran\u00e7a, resist\u00eancia e durabilidade como n\u00edveis de consumo de combust\u00edvel que se nivelam por 15,6 kWh\/100 km em ciclo combinado, bem como, uma autonomia de at\u00e9 565 km em ciclo urbano e de 420 km em ciclo combinado (WLTP).&nbsp;<\/p>\n\n\n\n<figure class=\"wp-block-image size-full\"><img decoding=\"async\" width=\"1000\" height=\"667\" src=\"https:\/\/automotiverevista.pt\/wp-content\/uploads\/2023\/06\/ATTO-3-Estrada-8.jpg\" alt=\"\" class=\"wp-image-3190\" srcset=\"https:\/\/automotiverevista.pt\/wp-content\/uploads\/2023\/06\/ATTO-3-Estrada-8.jpg 1000w, https:\/\/automotiverevista.pt\/wp-content\/uploads\/2023\/06\/ATTO-3-Estrada-8-300x200.jpg 300w, https:\/\/automotiverevista.pt\/wp-content\/uploads\/2023\/06\/ATTO-3-Estrada-8-768x512.jpg 768w, https:\/\/automotiverevista.pt\/wp-content\/uploads\/2023\/06\/ATTO-3-Estrada-8-750x500.jpg 750w\" sizes=\"(max-width: 1000px) 100vw, 1000px\" \/><\/figure>\n\n\n\n<p>Esta plataforma integra a bateria no chassis, o que proporciona, n\u00e3o s\u00f3, uma maior rigidez estrutural e uma seguran\u00e7a de colis\u00e3o significativamente melhorada \u2013 comprovadas pela obten\u00e7\u00e3o da pontua\u00e7\u00e3o m\u00e1xima (5 estrelas) nos testes Euro NCAP -, como tamb\u00e9m melhora o centro de gravidade, aumentando a sua din\u00e2mica, com base em carro\u00e7arias mais baixas e com melhores taxas de penetra\u00e7\u00e3o aerodin\u00e2mica e sali\u00eancias mais curtas.<\/p>\n\n\n\n<p>Este modelo j\u00e1 est\u00e1 dispon\u00edvel em duas vers\u00f5es, ambas totalmente equipadas e com uma vasta gama de equipamento de s\u00e9rie. A vers\u00e3o Comfort disp\u00f5e de carregamento 1 WLTP (Worldwide Harmonized Procedure for the Test of Light Vehicles); teto de abrir panor\u00e2mico, sistema de navega\u00e7\u00e3o e um ecr\u00e3 t\u00e1ctil central rotativo de 12,8 polegadas. A vers\u00e3o Design topo de gama acrescenta a porta da bagageira el\u00e9trica, um sistema de purifica\u00e7\u00e3o do ar condicionado e um ecr\u00e3 de 15,6 polegadas.<\/p>\n\n\n\n<figure class=\"wp-block-image size-full\"><img decoding=\"async\" width=\"1000\" height=\"667\" src=\"https:\/\/automotiverevista.pt\/wp-content\/uploads\/2023\/06\/HAN-Detalhes-interiores-6.jpg\" alt=\"\" class=\"wp-image-3191\" srcset=\"https:\/\/automotiverevista.pt\/wp-content\/uploads\/2023\/06\/HAN-Detalhes-interiores-6.jpg 1000w, https:\/\/automotiverevista.pt\/wp-content\/uploads\/2023\/06\/HAN-Detalhes-interiores-6-300x200.jpg 300w, https:\/\/automotiverevista.pt\/wp-content\/uploads\/2023\/06\/HAN-Detalhes-interiores-6-768x512.jpg 768w, https:\/\/automotiverevista.pt\/wp-content\/uploads\/2023\/06\/HAN-Detalhes-interiores-6-750x500.jpg 750w\" sizes=\"(max-width: 1000px) 100vw, 1000px\" \/><\/figure>\n\n\n\n<p><strong>Espa\u00e7o SUV<\/strong><\/p>\n\n\n\n<p>O modelo BYD TANG, por sua vez, \u00e9 um SUV familiar que se destaca pelo seu espa\u00e7o e ambiente, proporcionando um habit\u00e1culo espa\u00e7oso com capacidade para 7 passageiros e um desempenho extraordin\u00e1rio. Com um design caracterizado por uma linha de tejadilho alongada e linhas caracter\u00edsticas, este modelo representa a combina\u00e7\u00e3o perfeita de eleg\u00e2ncia, sofistica\u00e7\u00e3o e dinamismo. A sua ess\u00eancia premium salta \u00e0 vista no interior, todo ele revestido de materiais e acabamentos de elevada qualidade e uma avan\u00e7ada tecnologia.&nbsp;<\/p>\n\n\n\n<p>No painel de bordo, o ecr\u00e3 multim\u00e9dia de 12,8 polegadas \u00e9 o centro do TANG. Beneficia tamb\u00e9m das vantagens da&nbsp;<em>Blade Battery<\/em>&nbsp;que, neste caso, proporciona uma capacidade de 86,4 kWh e, gra\u00e7as \u00e0 utiliza\u00e7\u00e3o de LFP (fosfato de ferro-l\u00edtio), disp\u00f5e de uma vida \u00fatil mais longa do que as baterias de l\u00edtio. Destaque tamb\u00e9m para a sua acelera\u00e7\u00e3o, alcan\u00e7ando os 100 km\/h em 4,6 segundos. O BYD TANG, na sua vers\u00e3o \u00fanica Flagship, tem uma gama completa de equipamento de s\u00e9rie que n\u00e3o passa despercebida.<\/p>\n\n\n\n<figure class=\"wp-block-image size-full\"><img decoding=\"async\" width=\"1000\" height=\"667\" src=\"https:\/\/automotiverevista.pt\/wp-content\/uploads\/2023\/06\/HAN-Detalhes-interiores-13.jpg\" alt=\"\" class=\"wp-image-3192\" srcset=\"https:\/\/automotiverevista.pt\/wp-content\/uploads\/2023\/06\/HAN-Detalhes-interiores-13.jpg 1000w, https:\/\/automotiverevista.pt\/wp-content\/uploads\/2023\/06\/HAN-Detalhes-interiores-13-300x200.jpg 300w, https:\/\/automotiverevista.pt\/wp-content\/uploads\/2023\/06\/HAN-Detalhes-interiores-13-768x512.jpg 768w, https:\/\/automotiverevista.pt\/wp-content\/uploads\/2023\/06\/HAN-Detalhes-interiores-13-750x500.jpg 750w\" sizes=\"(max-width: 1000px) 100vw, 1000px\" \/><\/figure>\n\n\n\n<p><strong>Eleg\u00e2ncia e performance<\/strong><\/p>\n\n\n\n<p>Como porta-estandarte da gama da BYD chega o BYD HAN, um ve\u00edculo que combina um conforto excecional com um desempenho de topo e equipamento de s\u00e9rie impressionante. O seu design premiado caracteriza-se por linhas elegantes e estreitas, com os puxadores das portas embutidos, permitindo alcan\u00e7ar uma efici\u00eancia aerodin\u00e2mica sem igual, cujo coeficiente de atrito fica na ordem dos 0,23. O seu interior oferece aos ocupantes estofos em couro&nbsp;<em>Nappa<\/em>&nbsp;perfurado e um painel de instrumentos revestido a couro preto.&nbsp;<\/p>\n\n\n\n<figure class=\"wp-block-image size-full\"><img decoding=\"async\" width=\"1000\" height=\"667\" src=\"https:\/\/automotiverevista.pt\/wp-content\/uploads\/2023\/06\/HAN-Estaticas-0.jpg\" alt=\"\" class=\"wp-image-3193\" srcset=\"https:\/\/automotiverevista.pt\/wp-content\/uploads\/2023\/06\/HAN-Estaticas-0.jpg 1000w, https:\/\/automotiverevista.pt\/wp-content\/uploads\/2023\/06\/HAN-Estaticas-0-300x200.jpg 300w, https:\/\/automotiverevista.pt\/wp-content\/uploads\/2023\/06\/HAN-Estaticas-0-768x512.jpg 768w, https:\/\/automotiverevista.pt\/wp-content\/uploads\/2023\/06\/HAN-Estaticas-0-750x500.jpg 750w\" sizes=\"(max-width: 1000px) 100vw, 1000px\" \/><\/figure>\n\n\n\n<p>J\u00e1 os passageiros dos bancos traseiros beneficiam de um ecr\u00e3 multim\u00e9dia de 7 polegadas integrado no apoio de cabe\u00e7a central que lhes permite controlar o sistema de climatiza\u00e7\u00e3o, acionar o teto de abrir panor\u00e2mico ou escolher entre 31 tonalidades de ilumina\u00e7\u00e3o ambiente dispon\u00edveis. Com uma autonomia de at\u00e9 662 km em ciclo urbano e 521 km em ciclo combinado, os dois motores el\u00e9tricos e o sistema AWD desenvolvem em conjunto uma pot\u00eancia m\u00e1xima de 380 kW\/517 cv e com uma acelera\u00e7\u00e3o que o leva dos 0 aos 100 km\/h em apenas 3,9 segundos.&nbsp;<\/p>\n\n\n\n<p>As boas not\u00edcias n\u00e3o se ficam por aqui. A abertura das primeiras instala\u00e7\u00f5es da BYD j\u00e1 aconteceram em Portugal, na Pioneer Store, em Lisboa e sucedem-se no Porto, Vila Nova de Gaia, Cascais e Set\u00fabal. E at\u00e9 j\u00e1 h\u00e1 um ve\u00edculo da BYD a circular no nosso pa\u00eds. O primeiro modelo vendido foi o BYD HAN \u2013 sedan premium 100% el\u00e9trico \u2013 que foi entregue no concession\u00e1rio da Caetano TEC, em Vila Nova de Gaia.<\/p>\n\n\n\n<figure class=\"wp-block-image size-full\"><img decoding=\"async\" width=\"1000\" height=\"667\" src=\"https:\/\/automotiverevista.pt\/wp-content\/uploads\/2023\/06\/HAN-Estaticas-1.jpg\" alt=\"\" class=\"wp-image-3194\" srcset=\"https:\/\/automotiverevista.pt\/wp-content\/uploads\/2023\/06\/HAN-Estaticas-1.jpg 1000w, https:\/\/automotiverevista.pt\/wp-content\/uploads\/2023\/06\/HAN-Estaticas-1-300x200.jpg 300w, https:\/\/automotiverevista.pt\/wp-content\/uploads\/2023\/06\/HAN-Estaticas-1-768x512.jpg 768w, https:\/\/automotiverevista.pt\/wp-content\/uploads\/2023\/06\/HAN-Estaticas-1-750x500.jpg 750w\" sizes=\"(max-width: 1000px) 100vw, 1000px\" \/><\/figure>\n","protected":false},"excerpt":{"rendered":"<p>A BYD (Build your Dreams) n\u00e3o \u00e9 apenas uma marca especialista em mobilidade el\u00e9trica, \u00e9 tamb\u00e9m um fabricante de refer\u00eancia mundial de viaturas el\u00e9tricas (BEV e PHEV) que deu o primeiro passo dentro da Europa, em 1998. \u00c9, atualmente, a \u00fanica empresa no mundo a fornecer solu\u00e7\u00f5es de mobilidade el\u00e9trica para todo o mercado e [&hellip;]<\/p>\n","protected":false},"author":3,"featured_media":3188,"comment_status":"closed","ping_status":"open","sticky":false,"template":"","format":"standard","meta":{"jnews-multi-image_gallery":[],"jnews_single_post":{"subtitle":"","format":"standard","video":"","gallery":"","source_name":"","source_url":"","via_name":"","via_url":"","override_template":"0","override":[{"template":"2","single_blog_custom":"","parallax":"1","fullscreen":"1","layout":"right-sidebar","sidebar":"default-sidebar","second_sidebar":"default-sidebar","sticky_sidebar":"1","share_position":"topbottom","share_float_style":"share-monocrhome","show_share_counter":"0","show_view_counter":"0","show_featured":"1","show_post_meta":"1","show_post_author":"0","show_post_author_image":"1","show_post_date":"1","post_date_format":"default","post_date_format_custom":"Y\/m\/d","show_post_category":"1","show_post_reading_time":"0","post_reading_time_wpm":"300","show_zoom_button":"0","zoom_button_out_step":"2","zoom_button_in_step":"3","show_post_tag":"1","show_prev_next_post":"0","show_popup_post":"1","number_popup_post":"1","show_author_box":"0","show_post_related":"1","show_inline_post_related":"1"}],"override_image_size":"0","image_override":[{"single_post_thumbnail_size":"crop-500","single_post_gallery_size":"crop-500"}],"trending_post":"0","trending_post_position":"meta","trending_post_label":"Trending","sponsored_post":"0","sponsored_post_label":"Sponsored by","sponsored_post_name":"","sponsored_post_url":"","sponsored_post_logo_enable":"0","sponsored_post_logo":"","sponsored_post_desc":"","disable_ad":"0"},"jnews_primary_category":{"id":"","hide":""},"footnotes":""},"categories":[23],"tags":[],"class_list":["post-3187","post","type-post","status-publish","format-standard","has-post-thumbnail","hentry","category-frotas"],"yoast_head":"<!-- This site is optimized with the Yoast SEO Premium plugin v27.2 (Yoast SEO v27.5) - https:\/\/yoast.com\/product\/yoast-seo-premium-wordpress\/ -->\n<title>BYD entra em Portugal com 3 modelos 100% el\u00e9tricos\u00a0 - Revista Automotive<\/title>\n<meta name=\"robots\" content=\"index, follow, max-snippet:-1, max-image-preview:large, max-video-preview:-1\" \/>\n<link rel=\"canonical\" href=\"https:\/\/automotiverevista.pt\/index.php\/2023\/06\/22\/byd-entra-em-portugal-com-3-modelos-100-eletricos\/\" \/>\n<meta property=\"og:locale\" content=\"pt_PT\" \/>\n<meta property=\"og:type\" content=\"article\" \/>\n<meta property=\"og:title\" content=\"BYD entra em Portugal com 3 modelos 100% el\u00e9tricos\u00a0\" \/>\n<meta property=\"og:description\" content=\"A BYD (Build your Dreams) n\u00e3o \u00e9 apenas uma marca especialista em mobilidade el\u00e9trica, \u00e9 tamb\u00e9m um fabricante de refer\u00eancia mundial de viaturas el\u00e9tricas (BEV e PHEV) que deu o primeiro passo dentro da Europa, em 1998. \u00c9, atualmente, a \u00fanica empresa no mundo a fornecer solu\u00e7\u00f5es de mobilidade el\u00e9trica para todo o mercado e [&hellip;]\" \/>\n<meta property=\"og:url\" content=\"https:\/\/automotiverevista.pt\/index.php\/2023\/06\/22\/byd-entra-em-portugal-com-3-modelos-100-eletricos\/\" \/>\n<meta property=\"og:site_name\" content=\"Revista Automotive\" \/>\n<meta property=\"article:published_time\" content=\"2023-06-22T08:00:00+00:00\" \/>\n<meta property=\"og:image\" content=\"https:\/\/automotiverevista.pt\/wp-content\/uploads\/2023\/06\/FotoAbertura-9.jpg\" \/>\n\t<meta property=\"og:image:width\" content=\"994\" \/>\n\t<meta property=\"og:image:height\" content=\"529\" \/>\n\t<meta property=\"og:image:type\" content=\"image\/jpeg\" \/>\n<meta name=\"author\" content=\"MiguelMarques\" \/>\n<meta name=\"twitter:card\" content=\"summary_large_image\" \/>\n<meta name=\"twitter:label1\" content=\"Escrito por\" \/>\n\t<meta name=\"twitter:data1\" content=\"MiguelMarques\" \/>\n\t<meta name=\"twitter:label2\" content=\"Tempo estimado de leitura\" \/>\n\t<meta name=\"twitter:data2\" content=\"7 minutos\" \/>\n<script type=\"application\/ld+json\" class=\"yoast-schema-graph\">{\"@context\":\"https:\\\/\\\/schema.org\",\"@graph\":[{\"@type\":\"Article\",\"@id\":\"https:\\\/\\\/automotiverevista.pt\\\/index.php\\\/2023\\\/06\\\/22\\\/byd-entra-em-portugal-com-3-modelos-100-eletricos\\\/#article\",\"isPartOf\":{\"@id\":\"https:\\\/\\\/automotiverevista.pt\\\/index.php\\\/2023\\\/06\\\/22\\\/byd-entra-em-portugal-com-3-modelos-100-eletricos\\\/\"},\"author\":{\"name\":\"MiguelMarques\",\"@id\":\"https:\\\/\\\/automotiverevista.pt\\\/#\\\/schema\\\/person\\\/d705335f9c428a4a0cae3d11afb2e0ef\"},\"headline\":\"BYD entra em Portugal com 3 modelos 100% el\u00e9tricos\u00a0\",\"datePublished\":\"2023-06-22T08:00:00+00:00\",\"mainEntityOfPage\":{\"@id\":\"https:\\\/\\\/automotiverevista.pt\\\/index.php\\\/2023\\\/06\\\/22\\\/byd-entra-em-portugal-com-3-modelos-100-eletricos\\\/\"},\"wordCount\":959,\"publisher\":{\"@id\":\"https:\\\/\\\/automotiverevista.pt\\\/#organization\"},\"image\":{\"@id\":\"https:\\\/\\\/automotiverevista.pt\\\/index.php\\\/2023\\\/06\\\/22\\\/byd-entra-em-portugal-com-3-modelos-100-eletricos\\\/#primaryimage\"},\"thumbnailUrl\":\"https:\\\/\\\/automotiverevista.pt\\\/wp-content\\\/uploads\\\/2023\\\/06\\\/FotoAbertura-9.jpg\",\"articleSection\":[\"Frotas\"],\"inLanguage\":\"pt-PT\"},{\"@type\":\"WebPage\",\"@id\":\"https:\\\/\\\/automotiverevista.pt\\\/index.php\\\/2023\\\/06\\\/22\\\/byd-entra-em-portugal-com-3-modelos-100-eletricos\\\/\",\"url\":\"https:\\\/\\\/automotiverevista.pt\\\/index.php\\\/2023\\\/06\\\/22\\\/byd-entra-em-portugal-com-3-modelos-100-eletricos\\\/\",\"name\":\"BYD entra em Portugal com 3 modelos 100% el\u00e9tricos\u00a0 - Revista Automotive\",\"isPartOf\":{\"@id\":\"https:\\\/\\\/automotiverevista.pt\\\/#website\"},\"primaryImageOfPage\":{\"@id\":\"https:\\\/\\\/automotiverevista.pt\\\/index.php\\\/2023\\\/06\\\/22\\\/byd-entra-em-portugal-com-3-modelos-100-eletricos\\\/#primaryimage\"},\"image\":{\"@id\":\"https:\\\/\\\/automotiverevista.pt\\\/index.php\\\/2023\\\/06\\\/22\\\/byd-entra-em-portugal-com-3-modelos-100-eletricos\\\/#primaryimage\"},\"thumbnailUrl\":\"https:\\\/\\\/automotiverevista.pt\\\/wp-content\\\/uploads\\\/2023\\\/06\\\/FotoAbertura-9.jpg\",\"datePublished\":\"2023-06-22T08:00:00+00:00\",\"breadcrumb\":{\"@id\":\"https:\\\/\\\/automotiverevista.pt\\\/index.php\\\/2023\\\/06\\\/22\\\/byd-entra-em-portugal-com-3-modelos-100-eletricos\\\/#breadcrumb\"},\"inLanguage\":\"pt-PT\",\"potentialAction\":[{\"@type\":\"ReadAction\",\"target\":[\"https:\\\/\\\/automotiverevista.pt\\\/index.php\\\/2023\\\/06\\\/22\\\/byd-entra-em-portugal-com-3-modelos-100-eletricos\\\/\"]}]},{\"@type\":\"ImageObject\",\"inLanguage\":\"pt-PT\",\"@id\":\"https:\\\/\\\/automotiverevista.pt\\\/index.php\\\/2023\\\/06\\\/22\\\/byd-entra-em-portugal-com-3-modelos-100-eletricos\\\/#primaryimage\",\"url\":\"https:\\\/\\\/automotiverevista.pt\\\/wp-content\\\/uploads\\\/2023\\\/06\\\/FotoAbertura-9.jpg\",\"contentUrl\":\"https:\\\/\\\/automotiverevista.pt\\\/wp-content\\\/uploads\\\/2023\\\/06\\\/FotoAbertura-9.jpg\",\"width\":994,\"height\":529},{\"@type\":\"BreadcrumbList\",\"@id\":\"https:\\\/\\\/automotiverevista.pt\\\/index.php\\\/2023\\\/06\\\/22\\\/byd-entra-em-portugal-com-3-modelos-100-eletricos\\\/#breadcrumb\",\"itemListElement\":[{\"@type\":\"ListItem\",\"position\":1,\"name\":\"Home\",\"item\":\"https:\\\/\\\/automotiverevista.pt\\\/\"},{\"@type\":\"ListItem\",\"position\":2,\"name\":\"BYD entra em Portugal com 3 modelos 100% el\u00e9tricos\u00a0\"}]},{\"@type\":\"WebSite\",\"@id\":\"https:\\\/\\\/automotiverevista.pt\\\/#website\",\"url\":\"https:\\\/\\\/automotiverevista.pt\\\/\",\"name\":\"Revista Automotive\",\"description\":\"Revista Automotive Portugal\",\"publisher\":{\"@id\":\"https:\\\/\\\/automotiverevista.pt\\\/#organization\"},\"potentialAction\":[{\"@type\":\"SearchAction\",\"target\":{\"@type\":\"EntryPoint\",\"urlTemplate\":\"https:\\\/\\\/automotiverevista.pt\\\/?s={search_term_string}\"},\"query-input\":{\"@type\":\"PropertyValueSpecification\",\"valueRequired\":true,\"valueName\":\"search_term_string\"}}],\"inLanguage\":\"pt-PT\"},{\"@type\":\"Organization\",\"@id\":\"https:\\\/\\\/automotiverevista.pt\\\/#organization\",\"name\":\"Revista Automotive Portugal\",\"url\":\"https:\\\/\\\/automotiverevista.pt\\\/\",\"logo\":{\"@type\":\"ImageObject\",\"inLanguage\":\"pt-PT\",\"@id\":\"https:\\\/\\\/automotiverevista.pt\\\/#\\\/schema\\\/logo\\\/image\\\/\",\"url\":\"https:\\\/\\\/automotiverevista.pt\\\/wp-content\\\/uploads\\\/2022\\\/07\\\/Logo-Automotive-2021_500-1.jpg\",\"contentUrl\":\"https:\\\/\\\/automotiverevista.pt\\\/wp-content\\\/uploads\\\/2022\\\/07\\\/Logo-Automotive-2021_500-1.jpg\",\"width\":500,\"height\":160,\"caption\":\"Revista Automotive Portugal\"},\"image\":{\"@id\":\"https:\\\/\\\/automotiverevista.pt\\\/#\\\/schema\\\/logo\\\/image\\\/\"},\"sameAs\":[\"https:\\\/\\\/linkedin.com\\\/in\\\/automotiverevista\"]},{\"@type\":\"Person\",\"@id\":\"https:\\\/\\\/automotiverevista.pt\\\/#\\\/schema\\\/person\\\/d705335f9c428a4a0cae3d11afb2e0ef\",\"name\":\"MiguelMarques\",\"image\":{\"@type\":\"ImageObject\",\"inLanguage\":\"pt-PT\",\"@id\":\"https:\\\/\\\/secure.gravatar.com\\\/avatar\\\/635d1f118671d87c579d5e4f6491bfc0081e3bbddd605eb321931e9c938270b5?s=96&d=mm&r=g\",\"url\":\"https:\\\/\\\/secure.gravatar.com\\\/avatar\\\/635d1f118671d87c579d5e4f6491bfc0081e3bbddd605eb321931e9c938270b5?s=96&d=mm&r=g\",\"contentUrl\":\"https:\\\/\\\/secure.gravatar.com\\\/avatar\\\/635d1f118671d87c579d5e4f6491bfc0081e3bbddd605eb321931e9c938270b5?s=96&d=mm&r=g\",\"caption\":\"MiguelMarques\"},\"url\":\"https:\\\/\\\/automotiverevista.pt\\\/index.php\\\/author\\\/miguelmarques\\\/\"}]}<\/script>\n<!-- \/ Yoast SEO Premium plugin. -->","yoast_head_json":{"title":"BYD entra em Portugal com 3 modelos 100% el\u00e9tricos\u00a0 - Revista Automotive","robots":{"index":"index","follow":"follow","max-snippet":"max-snippet:-1","max-image-preview":"max-image-preview:large","max-video-preview":"max-video-preview:-1"},"canonical":"https:\/\/automotiverevista.pt\/index.php\/2023\/06\/22\/byd-entra-em-portugal-com-3-modelos-100-eletricos\/","og_locale":"pt_PT","og_type":"article","og_title":"BYD entra em Portugal com 3 modelos 100% el\u00e9tricos\u00a0","og_description":"A BYD (Build your Dreams) n\u00e3o \u00e9 apenas uma marca especialista em mobilidade el\u00e9trica, \u00e9 tamb\u00e9m um fabricante de refer\u00eancia mundial de viaturas el\u00e9tricas (BEV e PHEV) que deu o primeiro passo dentro da Europa, em 1998. \u00c9, atualmente, a \u00fanica empresa no mundo a fornecer solu\u00e7\u00f5es de mobilidade el\u00e9trica para todo o mercado e [&hellip;]","og_url":"https:\/\/automotiverevista.pt\/index.php\/2023\/06\/22\/byd-entra-em-portugal-com-3-modelos-100-eletricos\/","og_site_name":"Revista Automotive","article_published_time":"2023-06-22T08:00:00+00:00","og_image":[{"width":994,"height":529,"url":"https:\/\/automotiverevista.pt\/wp-content\/uploads\/2023\/06\/FotoAbertura-9.jpg","type":"image\/jpeg"}],"author":"MiguelMarques","twitter_card":"summary_large_image","twitter_misc":{"Escrito por":"MiguelMarques","Tempo estimado de leitura":"7 minutos"},"schema":{"@context":"https:\/\/schema.org","@graph":[{"@type":"Article","@id":"https:\/\/automotiverevista.pt\/index.php\/2023\/06\/22\/byd-entra-em-portugal-com-3-modelos-100-eletricos\/#article","isPartOf":{"@id":"https:\/\/automotiverevista.pt\/index.php\/2023\/06\/22\/byd-entra-em-portugal-com-3-modelos-100-eletricos\/"},"author":{"name":"MiguelMarques","@id":"https:\/\/automotiverevista.pt\/#\/schema\/person\/d705335f9c428a4a0cae3d11afb2e0ef"},"headline":"BYD entra em Portugal com 3 modelos 100% el\u00e9tricos\u00a0","datePublished":"2023-06-22T08:00:00+00:00","mainEntityOfPage":{"@id":"https:\/\/automotiverevista.pt\/index.php\/2023\/06\/22\/byd-entra-em-portugal-com-3-modelos-100-eletricos\/"},"wordCount":959,"publisher":{"@id":"https:\/\/automotiverevista.pt\/#organization"},"image":{"@id":"https:\/\/automotiverevista.pt\/index.php\/2023\/06\/22\/byd-entra-em-portugal-com-3-modelos-100-eletricos\/#primaryimage"},"thumbnailUrl":"https:\/\/automotiverevista.pt\/wp-content\/uploads\/2023\/06\/FotoAbertura-9.jpg","articleSection":["Frotas"],"inLanguage":"pt-PT"},{"@type":"WebPage","@id":"https:\/\/automotiverevista.pt\/index.php\/2023\/06\/22\/byd-entra-em-portugal-com-3-modelos-100-eletricos\/","url":"https:\/\/automotiverevista.pt\/index.php\/2023\/06\/22\/byd-entra-em-portugal-com-3-modelos-100-eletricos\/","name":"BYD entra em Portugal com 3 modelos 100% el\u00e9tricos\u00a0 - Revista Automotive","isPartOf":{"@id":"https:\/\/automotiverevista.pt\/#website"},"primaryImageOfPage":{"@id":"https:\/\/automotiverevista.pt\/index.php\/2023\/06\/22\/byd-entra-em-portugal-com-3-modelos-100-eletricos\/#primaryimage"},"image":{"@id":"https:\/\/automotiverevista.pt\/index.php\/2023\/06\/22\/byd-entra-em-portugal-com-3-modelos-100-eletricos\/#primaryimage"},"thumbnailUrl":"https:\/\/automotiverevista.pt\/wp-content\/uploads\/2023\/06\/FotoAbertura-9.jpg","datePublished":"2023-06-22T08:00:00+00:00","breadcrumb":{"@id":"https:\/\/automotiverevista.pt\/index.php\/2023\/06\/22\/byd-entra-em-portugal-com-3-modelos-100-eletricos\/#breadcrumb"},"inLanguage":"pt-PT","potentialAction":[{"@type":"ReadAction","target":["https:\/\/automotiverevista.pt\/index.php\/2023\/06\/22\/byd-entra-em-portugal-com-3-modelos-100-eletricos\/"]}]},{"@type":"ImageObject","inLanguage":"pt-PT","@id":"https:\/\/automotiverevista.pt\/index.php\/2023\/06\/22\/byd-entra-em-portugal-com-3-modelos-100-eletricos\/#primaryimage","url":"https:\/\/automotiverevista.pt\/wp-content\/uploads\/2023\/06\/FotoAbertura-9.jpg","contentUrl":"https:\/\/automotiverevista.pt\/wp-content\/uploads\/2023\/06\/FotoAbertura-9.jpg","width":994,"height":529},{"@type":"BreadcrumbList","@id":"https:\/\/automotiverevista.pt\/index.php\/2023\/06\/22\/byd-entra-em-portugal-com-3-modelos-100-eletricos\/#breadcrumb","itemListElement":[{"@type":"ListItem","position":1,"name":"Home","item":"https:\/\/automotiverevista.pt\/"},{"@type":"ListItem","position":2,"name":"BYD entra em Portugal com 3 modelos 100% el\u00e9tricos\u00a0"}]},{"@type":"WebSite","@id":"https:\/\/automotiverevista.pt\/#website","url":"https:\/\/automotiverevista.pt\/","name":"Revista Automotive","description":"Revista Automotive Portugal","publisher":{"@id":"https:\/\/automotiverevista.pt\/#organization"},"potentialAction":[{"@type":"SearchAction","target":{"@type":"EntryPoint","urlTemplate":"https:\/\/automotiverevista.pt\/?s={search_term_string}"},"query-input":{"@type":"PropertyValueSpecification","valueRequired":true,"valueName":"search_term_string"}}],"inLanguage":"pt-PT"},{"@type":"Organization","@id":"https:\/\/automotiverevista.pt\/#organization","name":"Revista Automotive Portugal","url":"https:\/\/automotiverevista.pt\/","logo":{"@type":"ImageObject","inLanguage":"pt-PT","@id":"https:\/\/automotiverevista.pt\/#\/schema\/logo\/image\/","url":"https:\/\/automotiverevista.pt\/wp-content\/uploads\/2022\/07\/Logo-Automotive-2021_500-1.jpg","contentUrl":"https:\/\/automotiverevista.pt\/wp-content\/uploads\/2022\/07\/Logo-Automotive-2021_500-1.jpg","width":500,"height":160,"caption":"Revista Automotive Portugal"},"image":{"@id":"https:\/\/automotiverevista.pt\/#\/schema\/logo\/image\/"},"sameAs":["https:\/\/linkedin.com\/in\/automotiverevista"]},{"@type":"Person","@id":"https:\/\/automotiverevista.pt\/#\/schema\/person\/d705335f9c428a4a0cae3d11afb2e0ef","name":"MiguelMarques","image":{"@type":"ImageObject","inLanguage":"pt-PT","@id":"https:\/\/secure.gravatar.com\/avatar\/635d1f118671d87c579d5e4f6491bfc0081e3bbddd605eb321931e9c938270b5?s=96&d=mm&r=g","url":"https:\/\/secure.gravatar.com\/avatar\/635d1f118671d87c579d5e4f6491bfc0081e3bbddd605eb321931e9c938270b5?s=96&d=mm&r=g","contentUrl":"https:\/\/secure.gravatar.com\/avatar\/635d1f118671d87c579d5e4f6491bfc0081e3bbddd605eb321931e9c938270b5?s=96&d=mm&r=g","caption":"MiguelMarques"},"url":"https:\/\/automotiverevista.pt\/index.php\/author\/miguelmarques\/"}]}},"_links":{"self":[{"href":"https:\/\/automotiverevista.pt\/index.php\/wp-json\/wp\/v2\/posts\/3187","targetHints":{"allow":["GET"]}}],"collection":[{"href":"https:\/\/automotiverevista.pt\/index.php\/wp-json\/wp\/v2\/posts"}],"about":[{"href":"https:\/\/automotiverevista.pt\/index.php\/wp-json\/wp\/v2\/types\/post"}],"author":[{"embeddable":true,"href":"https:\/\/automotiverevista.pt\/index.php\/wp-json\/wp\/v2\/users\/3"}],"replies":[{"embeddable":true,"href":"https:\/\/automotiverevista.pt\/index.php\/wp-json\/wp\/v2\/comments?post=3187"}],"version-history":[{"count":1,"href":"https:\/\/automotiverevista.pt\/index.php\/wp-json\/wp\/v2\/posts\/3187\/revisions"}],"predecessor-version":[{"id":3195,"href":"https:\/\/automotiverevista.pt\/index.php\/wp-json\/wp\/v2\/posts\/3187\/revisions\/3195"}],"wp:featuredmedia":[{"embeddable":true,"href":"https:\/\/automotiverevista.pt\/index.php\/wp-json\/wp\/v2\/media\/3188"}],"wp:attachment":[{"href":"https:\/\/automotiverevista.pt\/index.php\/wp-json\/wp\/v2\/media?parent=3187"}],"wp:term":[{"taxonomy":"category","embeddable":true,"href":"https:\/\/automotiverevista.pt\/index.php\/wp-json\/wp\/v2\/categories?post=3187"},{"taxonomy":"post_tag","embeddable":true,"href":"https:\/\/automotiverevista.pt\/index.php\/wp-json\/wp\/v2\/tags?post=3187"}],"curies":[{"name":"wp","href":"https:\/\/api.w.org\/{rel}","templated":true}]}}